{"id":4414,"date":"2024-03-25T08:47:00","date_gmt":"2024-03-25T11:47:00","guid":{"rendered":"https:\/\/nuevodigitaldeescobar.com.ar\/?p=4414"},"modified":"2024-03-25T10:51:08","modified_gmt":"2024-03-25T13:51:08","slug":"ya-es-oficial-el-gobierno-fijo-por-decreto-la-nueva-formula-de-movilidad-jubilatoria","status":"publish","type":"post","link":"https:\/\/nuevodigitaldeescobar.com.ar\/?p=4414","title":{"rendered":"Ya es oficial: el Gobierno fij\u00f3 por decreto la nueva f\u00f3rmula de movilidad jubilatoria"},"content":{"rendered":"<p><span style=\"color: #003366;\"><strong><em>Los jubilados percibir\u00e1n un incremento extra del 12,5% en abril y a partir de julio las alzas se determinar\u00e1n en relaci\u00f3n al \u00cdndice de Precios al Consumidor.<\/em><\/strong><\/span><\/p>\n<p><!--more--><\/p>\n<hr \/>\n<p>El Gobierno dispuso modificar por Decreto de Necesidad y Urgencia (DNU) la f\u00f3rmula de movilidad jubilatoria, estableciendo que desde julio los haberes se actualizar\u00e1n por inflaci\u00f3n, y que, en los meses previos, los jubilados percibir\u00e1n adelantos a cuenta del cobro de junio, mientras que en abril se otorgar\u00e1 un incremento extraordinario del 12,5%.<\/p>\n<p>Los cambios en la movilidad jubilatoria quedaron oficializados a trav\u00e9s del <a href=\"https:\/\/www.boletinoficial.gob.ar\/detalleAviso\/primera\/305089\/20240325\">Decreto 274\/2024<\/a> publicado este lunes en el Bolet\u00edn Oficial, donde se argument\u00f3 que <em>\u201ccon el objeto de dar respuesta de forma r\u00e1pida y eficaz a la acuciante realidad que enfrentan los adultos mayores de la Rep\u00fablica Argentina, el Estado Nacional ha tomado la determinaci\u00f3n de modificar la actual f\u00f3rmula de movilidad a fin de garantizar que nunca m\u00e1s los haberes de los jubilados perder\u00e1n contra la inflaci\u00f3n\u201d<\/em>.<\/p>\n<p>A partir de dicha premisa, el Ejecutivo consider\u00f3 que <em>\u201ces necesario establecer una nueva pauta de movilidad basada en la actualizaci\u00f3n mensual de los haberes de acuerdo con las variaciones del Nivel General del \u00cdndice de Precios al Consumidor publicado por el Instituto Nacional de Estad\u00edstica y Censos (INDEC)\u201d<\/em>.<\/p>\n<p>Asimismo, sostuvo que <em>\u201cel cambio de componentes de la f\u00f3rmula y su actualizaci\u00f3n mensual permitir\u00e1n la implementaci\u00f3n de una pol\u00edtica eficiente de la seguridad social que considere el \u00edndice de costo de vida, logrando la plena efectividad de los derechos de la sociedad conforme el m\u00e1ximo de los recursos de que se disponga, de conformidad con las normas internacionales en la materia\u201d<\/em>.<\/p>\n<p>Al mismo tiempo, justific\u00f3 el cambio por DNU en que <em>\u201cla urgente necesidad de modificar la f\u00f3rmula jubilatoria a los efectos de lograr mantener el est\u00e1ndar de vida de los adultos mayores y evitar que contin\u00faen perdiendo poder adquisitivo y el inminente inicio del mes de abril, cuyo transcurso dificultar\u00eda el debido empalme de f\u00f3rmulas dan cuenta de las circunstancias excepcionales que exigen el dictado del presente decreto\u201d<\/em>.<\/p>\n<p>De esta manera, el decreto estableci\u00f3 que las prestaciones se actualizar\u00e1n mensualmente por inflaci\u00f3n a trav\u00e9s del IPC oficial y determin\u00f3 que <em>\u201cen ning\u00fan caso la aplicaci\u00f3n de dicho \u00edndice podr\u00e1 producir la disminuci\u00f3n del haber que percibe el beneficiario\u201d<\/em>.<\/p>\n<p>Al respecto de la entrada en vigencia de la nueva f\u00f3rmula, el Gobierno especific\u00f3 que la primera actualizaci\u00f3n en base a la movilidad dispuesta <em>\u201cse har\u00e1 efectiva a partir de las prestaciones previsionales correspondientes al mes de julio de 2024\u201d<\/em>.<\/p>\n<p>De cara a los meses que quedan hasta la aplicaci\u00f3n de la modificaci\u00f3n, el Ejecutivo dispuso que <em>\u201ca los fines de la transici\u00f3n, para la determinaci\u00f3n de la movilidad correspondiente al mes de junio de 2024, resultar\u00e1 aplicable la f\u00f3rmula vigente a la fecha de dictado del presente\u201d<\/em>.<\/p>\n<p>Teniendo en cuenta que la pr\u00f3xima actualizaci\u00f3n de haberes por ley corresponde a junio, y a ra\u00edz de que <em>\u201cla gravedad de la crisis que enfrentan los adultos mayores hace que ellos no puedan aguardar hasta el mes de junio del corriente a\u00f1o para ver incrementados sus haberes\u201d<\/em>, se dispuso que <em>\u201ca partir del mes de abril del corriente a\u00f1o se conceder\u00e1n adelantos incrementales, equivalentes al \u00cdndice de Precios al Consumidor, a cuenta del porcentaje que determine la aplicaci\u00f3n de la movilidad prevista por la Ley N\u00b0 27.609, de modo que la transici\u00f3n de uno a otro r\u00e9gimen de movilidad no implique padecimiento alguno para los adultos mayores\u201d<\/em>.<\/p>\n<p>En este sentido, la Administraci\u00f3n Nacional de la Seguridad Social (ANSES) otorgar\u00e1 en abril <em>\u201cun incremento extraordinario equivalente al 12,5 % sobre los haberes prestacionales correspondientes al mes de marzo de 2024\u201d<\/em> y adem\u00e1s <em>\u201cun adelanto de la movilidad correspondiente al mes de junio de 2024, calculado conforme a la pauta fijada en el art\u00edculo 32 de la Ley N\u00b0 24.241\u201d<\/em>.<\/p>\n<p>A su vez, los jubilados percibir\u00e1n <em>\u201cen mayo de 2024, un adelanto de la movilidad correspondiente al mes de junio del mismo a\u00f1o, calculado conforme a la pauta fijada en el art\u00edculo 32 de la Ley N\u00b0 24.241\u201d<\/em>, mientras que cobrar\u00e1n <em>\u201cen junio de 2024, un incremento, calculado conforme a la pauta fijada en el art\u00edculo 32 de la Ley N\u00b0 24.241\u201d<\/em>.<\/p>\n<p>En el decreto se aclar\u00f3 que los incrementos dispuestos <em>\u201cser\u00e1n a cuenta de la movilidad a pagar en junio de 2024 conforme el \u00edndice que se obtendr\u00e1 de acuerdo a la f\u00f3rmula de movilidad vigente a la fecha del dictado del presente\u201d<\/em>, precisando que <em>\u201cuna vez obtenido el porcentaje que surja de esta, se descontar\u00e1n los puntos porcentuales de los incrementos acumulados que la persona beneficiaria hubiera percibido\u201d<\/em>.<\/p>\n<p>Asimismo, el Ejecutivo expres\u00f3 que <em>\u201cen caso de que estos superen el aumento calculado seg\u00fan la f\u00f3rmula mencionada en el primer p\u00e1rrafo de este art\u00edculo, no se descontar\u00e1 la diferencia, la que se considerar\u00e1 incorporada al haber. Si fueran menores a dicho aumento, se abonar\u00e1 la diferencia resultante\u201d<\/em>.<\/p>\n<h3><span style=\"color: #003366;\"><strong>Cr\u00edticas a la f\u00f3rmula vigente<\/strong><\/span><\/h3>\n<p>El Gobierno apunt\u00f3 duramente a la f\u00f3rmula de movilidad vigente, que combina el crecimiento de la recaudaci\u00f3n con destino a la ANSES y el aumento de los salarios medido por el INDEC o de la Remuneraci\u00f3n Imponible Promedio de los Trabajadores Estables (RIPTE), asegurando que <em>\u201cha arrojado resultados desastrosos para los jubilados y pensionados del pa\u00eds, quienes han sufrido una notoria p\u00e9rdida del poder adquisitivo\u201d<\/em>.<\/p>\n<p>Profundizando en ese sentido, indic\u00f3 en el decreto que la f\u00f3rmula actual presenta graves y serios inconvenientes ya que <em>\u201cno cubre suficiente ni razonablemente el riesgo inflacionario que afecta los beneficios de los adultos mayores, pues no tiene en cuenta la variaci\u00f3n de los precios; presenta un gran desfasaje entre la evoluci\u00f3n de las variables econ\u00f3micas y su traslado a los haberes; se basa en datos que no son de f\u00e1cil acceso para el p\u00fablico, lo que dificulta su control por parte de la ciudadan\u00eda; y supedita el resultado de la movilidad al \u00e9xito que tenga el Estado con la recaudaci\u00f3n impositiva, cuya volatilidad e incertidumbre atentan contra la estabilidad y la previsibilidad que se espera de una f\u00f3rmula de movilidad jubilatoria\u201d<\/em>.<\/p>\n<h3><span style=\"color: #003366;\"><strong>En n\u00fameros<\/strong><\/span><\/h3>\n<p>En base a c\u00e1lculos del abogado previsionalista Adri\u00e1n Tr\u00f3ccoli, y siguiendo la l\u00f3gica detallada ayer por Caputo, se lleg\u00f3 a las siguientes cifras para los haberes de abril:<\/p>\n<ul>\n<li>La Pensi\u00f3n Universal por Adulto Mayor (PUAM) deber\u00eda llegar en abril a $136.972,87, tras haber estado en $107.556,63 en marzo.<\/li>\n<li>La jubilaci\u00f3n m\u00ednima estar\u00e1 en abril a $171.216,09, desde los $134.445,3 en los que estuvo este mes.<\/li>\n<li>Por \u00faltimo, la jubilaci\u00f3n m\u00e1xima (un concepto bastante judicializado, pero que tiene su existencia administrativa) llegar\u00e1 el mes que viene a $1.152.122,13 frente a los $904.689,54 que se abonaron en marzo.<\/li>\n<\/ul>\n<p>Pero estos no son todos los factores que van a influir en el monto que cobrar\u00e1n los jubilados el mes pr\u00f3ximo. Y eso es porque el Gobierno public\u00f3 la semana pasada un decreto que fija un nuevo bono de $70.000 para el mes que viene. Como siempre, aplica s\u00f3lo a las jubilaciones m\u00e1s bajas y no se suma linealmente al haber.<\/p>\n<h3><span style=\"color: #003366;\"><strong>C\u00f3mo se aplica el bono de 70.000 pesos<\/strong><\/span><\/h3>\n<p>El decreto que establece el bono fija que con el aumento del 27,18% que se otorg\u00f3 en marzo y el bono de hasta $70.000, las jubilaciones y pensiones de haberes m\u00ednimos estar\u00e1n cobrando $204.445 brutos. El total se desglosa en $134.445 de m\u00ednima m\u00e1s $70.000.<\/p>\n<p>Como el bono fijado por decreto se aplica sobre montos nominales, el aumento por el DNU de hoy que cambia la f\u00f3rmula de movilidad mueve el piso desde el que parte esa asignaci\u00f3n extra, pero no cambia el techo.<\/p>\n<p>Entonces, los jubilados que cobran la m\u00ednima percibir\u00e1n los $171.216,09 de la nueva f\u00f3rmula m\u00e1s $33.228,91 de bono para alcanzar un total de $204.445, lo mismo que cobraron en marzo.<\/p>\n<p>Los jubilados que cobren entre $171.217 y $204.444 percibir\u00e1n tambi\u00e9n un bono que lleve a su desembolso hasta el l\u00edmite de $204.445.<\/p>\n<p>Por \u00faltimo, los haberes m\u00e1s altos, que hayan cobrado m\u00e1s de $204.445 en marzo, terminar\u00e1n cobrando con una suba del 27,35% mensual.<\/p>\n<p><em>(NA-Infobae)<\/em><\/p>\n","protected":false},"excerpt":{"rendered":"<p>Los jubilados percibir\u00e1n un incremento extra del 12,5% en abril y a partir de julio las alzas se determinar\u00e1n en relaci\u00f3n al \u00cdndice de Precios [&hellip;]<\/p>\n","protected":false},"author":1,"featured_media":4367,"comment_status":"open","ping_status":"closed","sticky":false,"template":"","format":"standard","meta":{"footnotes":""},"categories":[10,15],"tags":[],"class_list":["post-4414","post","type-post","status-publish","format-standard","has-post-thumbnail","hentry","category-economia","category-sociedad"],"better_featured_image":{"id":4367,"alt_text":"","caption":"","description":"","media_type":"image","media_details":{"width":720,"height":563,"file":"2024\/03\/jubilados-e1711061164149.jpg","filesize":131816,"sizes":{"medium":{"file":"jubilados-300x235.jpg","width":300,"height":235,"mime-type":"image\/jpeg","filesize":16232,"source_url":"https:\/\/nuevodigitaldeescobar.com.ar\/wp-content\/uploads\/2024\/03\/jubilados-300x235.jpg"},"thumbnail":{"file":"jubilados-150x150.jpg","width":150,"height":150,"mime-type":"image\/jpeg","filesize":6892,"source_url":"https:\/\/nuevodigitaldeescobar.com.ar\/wp-content\/uploads\/2024\/03\/jubilados-150x150.jpg"},"medium_large":{"file":"jubilados-768x601.jpg","width":768,"height":601,"mime-type":"image\/jpeg","filesize":68612,"source_url":"https:\/\/nuevodigitaldeescobar.com.ar\/wp-content\/uploads\/2024\/03\/jubilados-768x601.jpg"}},"image_meta":{"aperture":"0","credit":"","camera":"","caption":"","created_timestamp":"0","copyright":"","focal_length":"0","iso":"0","shutter_speed":"0","title":"","orientation":"0","keywords":[]}},"post":4366,"source_url":"https:\/\/nuevodigitaldeescobar.com.ar\/wp-content\/uploads\/2024\/03\/jubilados-e1711061164149.jpg"},"yoast_head":"<!-- This site is optimized with the Yoast SEO plugin v26.1.1 - https:\/\/yoast.com\/wordpress\/plugins\/seo\/ -->\n<title>Ya es oficial: el Gobierno fij\u00f3 por decreto la nueva f\u00f3rmula de movilidad jubilatoria - Nuevo Digital de Escobar<\/title>\n<meta name=\"robots\" content=\"index, follow, max-snippet:-1, max-image-preview:large, max-video-preview:-1\" \/>\n<link rel=\"canonical\" href=\"https:\/\/nuevodigitaldeescobar.com.ar\/?p=4414\" \/>\n<meta property=\"og:locale\" content=\"es_ES\" \/>\n<meta property=\"og:type\" content=\"article\" \/>\n<meta property=\"og:title\" content=\"Ya es oficial: el Gobierno fij\u00f3 por decreto la nueva f\u00f3rmula de movilidad jubilatoria - Nuevo Digital de Escobar\" \/>\n<meta property=\"og:description\" content=\"Los jubilados percibir\u00e1n un incremento extra del 12,5% en abril y a partir de julio las alzas se determinar\u00e1n en relaci\u00f3n al \u00cdndice de Precios [&hellip;]\" \/>\n<meta property=\"og:url\" content=\"https:\/\/nuevodigitaldeescobar.com.ar\/?p=4414\" \/>\n<meta property=\"og:site_name\" content=\"Nuevo Digital de Escobar\" \/>\n<meta property=\"article:publisher\" content=\"https:\/\/www.facebook.com\/NUEVODigitalDeEscobar\" \/>\n<meta property=\"article:published_time\" content=\"2024-03-25T11:47:00+00:00\" \/>\n<meta property=\"article:modified_time\" content=\"2024-03-25T13:51:08+00:00\" \/>\n<meta property=\"og:image\" content=\"https:\/\/nuevodigitaldeescobar.com.ar\/wp-content\/uploads\/2024\/03\/jubilados-e1711061164149.jpg\" \/>\n\t<meta property=\"og:image:width\" content=\"720\" \/>\n\t<meta property=\"og:image:height\" content=\"563\" \/>\n\t<meta property=\"og:image:type\" content=\"image\/jpeg\" \/>\n<meta name=\"author\" content=\"Redacci\u00f3n\" \/>\n<meta name=\"twitter:card\" content=\"summary_large_image\" \/>\n<meta name=\"twitter:creator\" content=\"@nuevodigescobar\" \/>\n<meta name=\"twitter:site\" content=\"@nuevodigescobar\" \/>\n<meta name=\"twitter:label1\" content=\"Escrito por\" \/>\n\t<meta name=\"twitter:data1\" content=\"Redacci\u00f3n\" \/>\n\t<meta name=\"twitter:label2\" content=\"Tiempo de lectura\" \/>\n\t<meta name=\"twitter:data2\" content=\"7 minutos\" \/>\n<script type=\"application\/ld+json\" class=\"yoast-schema-graph\">{\"@context\":\"https:\/\/schema.org\",\"@graph\":[{\"@type\":\"Article\",\"@id\":\"https:\/\/nuevodigitaldeescobar.com.ar\/?p=4414#article\",\"isPartOf\":{\"@id\":\"https:\/\/nuevodigitaldeescobar.com.ar\/?p=4414\"},\"author\":{\"name\":\"Redacci\u00f3n\",\"@id\":\"https:\/\/nuevodigitaldeescobar.com.ar\/#\/schema\/person\/035e90a8efe9a80e6eec22656ad6ea4c\"},\"headline\":\"Ya es oficial: el Gobierno fij\u00f3 por decreto la nueva f\u00f3rmula de movilidad jubilatoria\",\"datePublished\":\"2024-03-25T11:47:00+00:00\",\"dateModified\":\"2024-03-25T13:51:08+00:00\",\"mainEntityOfPage\":{\"@id\":\"https:\/\/nuevodigitaldeescobar.com.ar\/?p=4414\"},\"wordCount\":1419,\"commentCount\":0,\"publisher\":{\"@id\":\"https:\/\/nuevodigitaldeescobar.com.ar\/#organization\"},\"image\":{\"@id\":\"https:\/\/nuevodigitaldeescobar.com.ar\/?p=4414#primaryimage\"},\"thumbnailUrl\":\"https:\/\/nuevodigitaldeescobar.com.ar\/wp-content\/uploads\/2024\/03\/jubilados-e1711061164149.jpg\",\"articleSection\":[\"Econom\u00eda\",\"Sociedad\"],\"inLanguage\":\"es\",\"potentialAction\":[{\"@type\":\"CommentAction\",\"name\":\"Comment\",\"target\":[\"https:\/\/nuevodigitaldeescobar.com.ar\/?p=4414#respond\"]}]},{\"@type\":\"WebPage\",\"@id\":\"https:\/\/nuevodigitaldeescobar.com.ar\/?p=4414\",\"url\":\"https:\/\/nuevodigitaldeescobar.com.ar\/?p=4414\",\"name\":\"Ya es oficial: el Gobierno fij\u00f3 por decreto la nueva f\u00f3rmula de movilidad jubilatoria - Nuevo Digital de Escobar\",\"isPartOf\":{\"@id\":\"https:\/\/nuevodigitaldeescobar.com.ar\/#website\"},\"primaryImageOfPage\":{\"@id\":\"https:\/\/nuevodigitaldeescobar.com.ar\/?p=4414#primaryimage\"},\"image\":{\"@id\":\"https:\/\/nuevodigitaldeescobar.com.ar\/?p=4414#primaryimage\"},\"thumbnailUrl\":\"https:\/\/nuevodigitaldeescobar.com.ar\/wp-content\/uploads\/2024\/03\/jubilados-e1711061164149.jpg\",\"datePublished\":\"2024-03-25T11:47:00+00:00\",\"dateModified\":\"2024-03-25T13:51:08+00:00\",\"breadcrumb\":{\"@id\":\"https:\/\/nuevodigitaldeescobar.com.ar\/?p=4414#breadcrumb\"},\"inLanguage\":\"es\",\"potentialAction\":[{\"@type\":\"ReadAction\",\"target\":[\"https:\/\/nuevodigitaldeescobar.com.ar\/?p=4414\"]}]},{\"@type\":\"ImageObject\",\"inLanguage\":\"es\",\"@id\":\"https:\/\/nuevodigitaldeescobar.com.ar\/?p=4414#primaryimage\",\"url\":\"https:\/\/nuevodigitaldeescobar.com.ar\/wp-content\/uploads\/2024\/03\/jubilados-e1711061164149.jpg\",\"contentUrl\":\"https:\/\/nuevodigitaldeescobar.com.ar\/wp-content\/uploads\/2024\/03\/jubilados-e1711061164149.jpg\",\"width\":720,\"height\":563},{\"@type\":\"BreadcrumbList\",\"@id\":\"https:\/\/nuevodigitaldeescobar.com.ar\/?p=4414#breadcrumb\",\"itemListElement\":[{\"@type\":\"ListItem\",\"position\":1,\"name\":\"Portada\",\"item\":\"https:\/\/nuevodigitaldeescobar.com.ar\/\"},{\"@type\":\"ListItem\",\"position\":2,\"name\":\"Ya es oficial: el Gobierno fij\u00f3 por decreto la nueva f\u00f3rmula de movilidad jubilatoria\"}]},{\"@type\":\"WebSite\",\"@id\":\"https:\/\/nuevodigitaldeescobar.com.ar\/#website\",\"url\":\"https:\/\/nuevodigitaldeescobar.com.ar\/\",\"name\":\"Nuevo Digital de Escobar\",\"description\":\"La vida escobarense. Directora: Rosana Brunner\",\"publisher\":{\"@id\":\"https:\/\/nuevodigitaldeescobar.com.ar\/#organization\"},\"potentialAction\":[{\"@type\":\"SearchAction\",\"target\":{\"@type\":\"EntryPoint\",\"urlTemplate\":\"https:\/\/nuevodigitaldeescobar.com.ar\/?s={search_term_string}\"},\"query-input\":{\"@type\":\"PropertyValueSpecification\",\"valueRequired\":true,\"valueName\":\"search_term_string\"}}],\"inLanguage\":\"es\"},{\"@type\":\"Organization\",\"@id\":\"https:\/\/nuevodigitaldeescobar.com.ar\/#organization\",\"name\":\"Nuevo Digital de Escobar\",\"url\":\"https:\/\/nuevodigitaldeescobar.com.ar\/\",\"logo\":{\"@type\":\"ImageObject\",\"inLanguage\":\"es\",\"@id\":\"https:\/\/nuevodigitaldeescobar.com.ar\/#\/schema\/logo\/image\/\",\"url\":\"https:\/\/nuevodigitaldeescobar.com.ar\/wp-content\/uploads\/2025\/05\/cropped-logo-nuevo2.jpg\",\"contentUrl\":\"https:\/\/nuevodigitaldeescobar.com.ar\/wp-content\/uploads\/2025\/05\/cropped-logo-nuevo2.jpg\",\"width\":305,\"height\":305,\"caption\":\"Nuevo Digital de Escobar\"},\"image\":{\"@id\":\"https:\/\/nuevodigitaldeescobar.com.ar\/#\/schema\/logo\/image\/\"},\"sameAs\":[\"https:\/\/www.facebook.com\/NUEVODigitalDeEscobar\",\"https:\/\/x.com\/nuevodigescobar\",\"https:\/\/www.instagram.com\/nuevodigitaldeescobar\"]},{\"@type\":\"Person\",\"@id\":\"https:\/\/nuevodigitaldeescobar.com.ar\/#\/schema\/person\/035e90a8efe9a80e6eec22656ad6ea4c\",\"name\":\"Redacci\u00f3n\",\"image\":{\"@type\":\"ImageObject\",\"inLanguage\":\"es\",\"@id\":\"https:\/\/nuevodigitaldeescobar.com.ar\/#\/schema\/person\/image\/\",\"url\":\"https:\/\/secure.gravatar.com\/avatar\/8af8f40000c24e9eef3034f2be5998a372bb1389e64b1a4a36b3a7979142220d?s=96&d=mm&r=g\",\"contentUrl\":\"https:\/\/secure.gravatar.com\/avatar\/8af8f40000c24e9eef3034f2be5998a372bb1389e64b1a4a36b3a7979142220d?s=96&d=mm&r=g\",\"caption\":\"Redacci\u00f3n\"},\"sameAs\":[\"http:\/\/nuevodigitaldeescobar.com.ar\"],\"url\":\"https:\/\/nuevodigitaldeescobar.com.ar\/?author=1\"}]}<\/script>\n<!-- \/ Yoast SEO plugin. -->","yoast_head_json":{"title":"Ya es oficial: el Gobierno fij\u00f3 por decreto la nueva f\u00f3rmula de movilidad jubilatoria - Nuevo Digital de Escobar","robots":{"index":"index","follow":"follow","max-snippet":"max-snippet:-1","max-image-preview":"max-image-preview:large","max-video-preview":"max-video-preview:-1"},"canonical":"https:\/\/nuevodigitaldeescobar.com.ar\/?p=4414","og_locale":"es_ES","og_type":"article","og_title":"Ya es oficial: el Gobierno fij\u00f3 por decreto la nueva f\u00f3rmula de movilidad jubilatoria - Nuevo Digital de Escobar","og_description":"Los jubilados percibir\u00e1n un incremento extra del 12,5% en abril y a partir de julio las alzas se determinar\u00e1n en relaci\u00f3n al \u00cdndice de Precios [&hellip;]","og_url":"https:\/\/nuevodigitaldeescobar.com.ar\/?p=4414","og_site_name":"Nuevo Digital de Escobar","article_publisher":"https:\/\/www.facebook.com\/NUEVODigitalDeEscobar","article_published_time":"2024-03-25T11:47:00+00:00","article_modified_time":"2024-03-25T13:51:08+00:00","og_image":[{"width":720,"height":563,"url":"https:\/\/nuevodigitaldeescobar.com.ar\/wp-content\/uploads\/2024\/03\/jubilados-e1711061164149.jpg","type":"image\/jpeg"}],"author":"Redacci\u00f3n","twitter_card":"summary_large_image","twitter_creator":"@nuevodigescobar","twitter_site":"@nuevodigescobar","twitter_misc":{"Escrito por":"Redacci\u00f3n","Tiempo de lectura":"7 minutos"},"schema":{"@context":"https:\/\/schema.org","@graph":[{"@type":"Article","@id":"https:\/\/nuevodigitaldeescobar.com.ar\/?p=4414#article","isPartOf":{"@id":"https:\/\/nuevodigitaldeescobar.com.ar\/?p=4414"},"author":{"name":"Redacci\u00f3n","@id":"https:\/\/nuevodigitaldeescobar.com.ar\/#\/schema\/person\/035e90a8efe9a80e6eec22656ad6ea4c"},"headline":"Ya es oficial: el Gobierno fij\u00f3 por decreto la nueva f\u00f3rmula de movilidad jubilatoria","datePublished":"2024-03-25T11:47:00+00:00","dateModified":"2024-03-25T13:51:08+00:00","mainEntityOfPage":{"@id":"https:\/\/nuevodigitaldeescobar.com.ar\/?p=4414"},"wordCount":1419,"commentCount":0,"publisher":{"@id":"https:\/\/nuevodigitaldeescobar.com.ar\/#organization"},"image":{"@id":"https:\/\/nuevodigitaldeescobar.com.ar\/?p=4414#primaryimage"},"thumbnailUrl":"https:\/\/nuevodigitaldeescobar.com.ar\/wp-content\/uploads\/2024\/03\/jubilados-e1711061164149.jpg","articleSection":["Econom\u00eda","Sociedad"],"inLanguage":"es","potentialAction":[{"@type":"CommentAction","name":"Comment","target":["https:\/\/nuevodigitaldeescobar.com.ar\/?p=4414#respond"]}]},{"@type":"WebPage","@id":"https:\/\/nuevodigitaldeescobar.com.ar\/?p=4414","url":"https:\/\/nuevodigitaldeescobar.com.ar\/?p=4414","name":"Ya es oficial: el Gobierno fij\u00f3 por decreto la nueva f\u00f3rmula de movilidad jubilatoria - Nuevo Digital de Escobar","isPartOf":{"@id":"https:\/\/nuevodigitaldeescobar.com.ar\/#website"},"primaryImageOfPage":{"@id":"https:\/\/nuevodigitaldeescobar.com.ar\/?p=4414#primaryimage"},"image":{"@id":"https:\/\/nuevodigitaldeescobar.com.ar\/?p=4414#primaryimage"},"thumbnailUrl":"https:\/\/nuevodigitaldeescobar.com.ar\/wp-content\/uploads\/2024\/03\/jubilados-e1711061164149.jpg","datePublished":"2024-03-25T11:47:00+00:00","dateModified":"2024-03-25T13:51:08+00:00","breadcrumb":{"@id":"https:\/\/nuevodigitaldeescobar.com.ar\/?p=4414#breadcrumb"},"inLanguage":"es","potentialAction":[{"@type":"ReadAction","target":["https:\/\/nuevodigitaldeescobar.com.ar\/?p=4414"]}]},{"@type":"ImageObject","inLanguage":"es","@id":"https:\/\/nuevodigitaldeescobar.com.ar\/?p=4414#primaryimage","url":"https:\/\/nuevodigitaldeescobar.com.ar\/wp-content\/uploads\/2024\/03\/jubilados-e1711061164149.jpg","contentUrl":"https:\/\/nuevodigitaldeescobar.com.ar\/wp-content\/uploads\/2024\/03\/jubilados-e1711061164149.jpg","width":720,"height":563},{"@type":"BreadcrumbList","@id":"https:\/\/nuevodigitaldeescobar.com.ar\/?p=4414#breadcrumb","itemListElement":[{"@type":"ListItem","position":1,"name":"Portada","item":"https:\/\/nuevodigitaldeescobar.com.ar\/"},{"@type":"ListItem","position":2,"name":"Ya es oficial: el Gobierno fij\u00f3 por decreto la nueva f\u00f3rmula de movilidad jubilatoria"}]},{"@type":"WebSite","@id":"https:\/\/nuevodigitaldeescobar.com.ar\/#website","url":"https:\/\/nuevodigitaldeescobar.com.ar\/","name":"Nuevo Digital de Escobar","description":"La vida escobarense. Directora: Rosana Brunner","publisher":{"@id":"https:\/\/nuevodigitaldeescobar.com.ar\/#organization"},"potentialAction":[{"@type":"SearchAction","target":{"@type":"EntryPoint","urlTemplate":"https:\/\/nuevodigitaldeescobar.com.ar\/?s={search_term_string}"},"query-input":{"@type":"PropertyValueSpecification","valueRequired":true,"valueName":"search_term_string"}}],"inLanguage":"es"},{"@type":"Organization","@id":"https:\/\/nuevodigitaldeescobar.com.ar\/#organization","name":"Nuevo Digital de Escobar","url":"https:\/\/nuevodigitaldeescobar.com.ar\/","logo":{"@type":"ImageObject","inLanguage":"es","@id":"https:\/\/nuevodigitaldeescobar.com.ar\/#\/schema\/logo\/image\/","url":"https:\/\/nuevodigitaldeescobar.com.ar\/wp-content\/uploads\/2025\/05\/cropped-logo-nuevo2.jpg","contentUrl":"https:\/\/nuevodigitaldeescobar.com.ar\/wp-content\/uploads\/2025\/05\/cropped-logo-nuevo2.jpg","width":305,"height":305,"caption":"Nuevo Digital de Escobar"},"image":{"@id":"https:\/\/nuevodigitaldeescobar.com.ar\/#\/schema\/logo\/image\/"},"sameAs":["https:\/\/www.facebook.com\/NUEVODigitalDeEscobar","https:\/\/x.com\/nuevodigescobar","https:\/\/www.instagram.com\/nuevodigitaldeescobar"]},{"@type":"Person","@id":"https:\/\/nuevodigitaldeescobar.com.ar\/#\/schema\/person\/035e90a8efe9a80e6eec22656ad6ea4c","name":"Redacci\u00f3n","image":{"@type":"ImageObject","inLanguage":"es","@id":"https:\/\/nuevodigitaldeescobar.com.ar\/#\/schema\/person\/image\/","url":"https:\/\/secure.gravatar.com\/avatar\/8af8f40000c24e9eef3034f2be5998a372bb1389e64b1a4a36b3a7979142220d?s=96&d=mm&r=g","contentUrl":"https:\/\/secure.gravatar.com\/avatar\/8af8f40000c24e9eef3034f2be5998a372bb1389e64b1a4a36b3a7979142220d?s=96&d=mm&r=g","caption":"Redacci\u00f3n"},"sameAs":["http:\/\/nuevodigitaldeescobar.com.ar"],"url":"https:\/\/nuevodigitaldeescobar.com.ar\/?author=1"}]}},"featured_image_urls":{"full":["https:\/\/nuevodigitaldeescobar.com.ar\/wp-content\/uploads\/2024\/03\/jubilados-e1711061164149.jpg",720,563,false],"thumbnail":["https:\/\/nuevodigitaldeescobar.com.ar\/wp-content\/uploads\/2024\/03\/jubilados-150x150.jpg",150,150,true],"medium":["https:\/\/nuevodigitaldeescobar.com.ar\/wp-content\/uploads\/2024\/03\/jubilados-300x235.jpg",300,235,true],"medium_large":["https:\/\/nuevodigitaldeescobar.com.ar\/wp-content\/uploads\/2024\/03\/jubilados-768x601.jpg",640,501,true],"large":["https:\/\/nuevodigitaldeescobar.com.ar\/wp-content\/uploads\/2024\/03\/jubilados-e1711061164149.jpg",640,500,false],"1536x1536":["https:\/\/nuevodigitaldeescobar.com.ar\/wp-content\/uploads\/2024\/03\/jubilados-e1711061164149.jpg",720,563,false],"2048x2048":["https:\/\/nuevodigitaldeescobar.com.ar\/wp-content\/uploads\/2024\/03\/jubilados-e1711061164149.jpg",720,563,false]},"author_info":{"display_name":"Redacci\u00f3n","author_link":"https:\/\/nuevodigitaldeescobar.com.ar\/?author=1"},"category_info":"<a href=\"https:\/\/nuevodigitaldeescobar.com.ar\/?cat=10\" rel=\"category\">Econom\u00eda<\/a> <a href=\"https:\/\/nuevodigitaldeescobar.com.ar\/?cat=15\" rel=\"category\">Sociedad<\/a>","tag_info":"Sociedad","comment_count":"0","_links":{"self":[{"href":"https:\/\/nuevodigitaldeescobar.com.ar\/index.php?rest_route=\/wp\/v2\/posts\/4414","targetHints":{"allow":["GET"]}}],"collection":[{"href":"https:\/\/nuevodigitaldeescobar.com.ar\/index.php?rest_route=\/wp\/v2\/posts"}],"about":[{"href":"https:\/\/nuevodigitaldeescobar.com.ar\/index.php?rest_route=\/wp\/v2\/types\/post"}],"author":[{"embeddable":true,"href":"https:\/\/nuevodigitaldeescobar.com.ar\/index.php?rest_route=\/wp\/v2\/users\/1"}],"replies":[{"embeddable":true,"href":"https:\/\/nuevodigitaldeescobar.com.ar\/index.php?rest_route=%2Fwp%2Fv2%2Fcomments&post=4414"}],"version-history":[{"count":1,"href":"https:\/\/nuevodigitaldeescobar.com.ar\/index.php?rest_route=\/wp\/v2\/posts\/4414\/revisions"}],"predecessor-version":[{"id":4415,"href":"https:\/\/nuevodigitaldeescobar.com.ar\/index.php?rest_route=\/wp\/v2\/posts\/4414\/revisions\/4415"}],"wp:featuredmedia":[{"embeddable":true,"href":"https:\/\/nuevodigitaldeescobar.com.ar\/index.php?rest_route=\/wp\/v2\/media\/4367"}],"wp:attachment":[{"href":"https:\/\/nuevodigitaldeescobar.com.ar\/index.php?rest_route=%2Fwp%2Fv2%2Fmedia&parent=4414"}],"wp:term":[{"taxonomy":"category","embeddable":true,"href":"https:\/\/nuevodigitaldeescobar.com.ar\/index.php?rest_route=%2Fwp%2Fv2%2Fcategories&post=4414"},{"taxonomy":"post_tag","embeddable":true,"href":"https:\/\/nuevodigitaldeescobar.com.ar\/index.php?rest_route=%2Fwp%2Fv2%2Ftags&post=4414"}],"curies":[{"name":"wp","href":"https:\/\/api.w.org\/{rel}","templated":true}]}}