{"id":4476,"date":"2024-03-27T18:09:05","date_gmt":"2024-03-27T21:09:05","guid":{"rendered":"https:\/\/nuevodigitaldeescobar.com.ar\/?p=4476"},"modified":"2024-03-27T18:09:17","modified_gmt":"2024-03-27T21:09:17","slug":"hcd-presentaran-un-libro-inedito-de-tilo-wenner-uno-de-los-detenidos-desaparecidos-en-escobar","status":"publish","type":"post","link":"https:\/\/nuevodigitaldeescobar.com.ar\/?p=4476","title":{"rendered":"HCD: Presentar\u00e1n un libro in\u00e9dito de Tilo Wenner, uno de los detenidos-desaparecidos en Escobar"},"content":{"rendered":"<p><span style=\"color: #003366;\"><strong><em>Este mi\u00e9rcoles 27 de marzo, se llevar\u00e1 a cabo una sesi\u00f3n especial por la Memoria, la Verdad y la Justicia en la que se expondr\u00e1 un libro, hasta ahora desconocido, con poes\u00edas de Tilo Wenner, uno de los 47 detenidos-desaparecidos en Escobar. El mismo incluye ilustraciones de Peter Sussmann, un artista -al igual que Wenner- comprometido con los derechos humanos.<\/em><\/strong><\/span><\/p>\n<p><!--more--><\/p>\n<hr \/>\n<p>La pieza fue hallada por Tom\u00e1s Sussman quien, tras la muerte de su padre Peter, tuvo que encargarse de limpiar el estudio donde \u00e9l pintaba. Ordenando entre muebles que hac\u00eda d\u00e9cadas no se abr\u00edan encontr\u00f3 unas copias de <em>\u201cEl pie del vac\u00edo\u201d<\/em> -ediciones Raya, 1960-. Tom\u00e1s, que aparte de ser hijo de Peter es el guitarrista del grupo Las Pelotas, le coment\u00f3 a un periodista amigo sobre este libro y a trav\u00e9s de \u00e9l fue que, a\u00f1os despu\u00e9s, este hist\u00f3rico ejemplar lleg\u00f3 a la Municipalidad de Escobar.<\/p>\n<p>Tilo Wenner fue periodista y poeta. A mediados de los a\u00f1os \u201860 se mud\u00f3 a Bel\u00e9n de Escobar donde se cas\u00f3 y fund\u00f3 <em>\u201cEl Actual\u201d<\/em>, un peri\u00f3dico de publicaci\u00f3n semanal, que se manten\u00eda por la publicidad de los comercios locales y que inclu\u00eda entre sus p\u00e1ginas una nota sobre la coyuntura pol\u00edtica y social de la regi\u00f3n.<\/p>\n<p><a href=\"https:\/\/nuevodigitaldeescobar.com.ar\/?attachment_id=4478\" rel=\"attachment wp-att-4478\"><img fetchpriority=\"high\" decoding=\"async\" class=\"alignnone size-full wp-image-4478\" src=\"http:\/\/nuevodigitaldeescobar.com.ar\/wp-content\/uploads\/2024\/03\/tilo-wenner.jpg\" alt=\"\" width=\"187\" height=\"269\" \/><\/a><\/p>\n<p>A partir de 1975, Luis Abelardo Patti, quien ya era oficial principal de la seccional de Escobar, acosaba a Tilo cada vez que una publicaci\u00f3n <em>\u201cpol\u00e9mica\u201d<\/em> de El Actual se distribu\u00eda por Escobar con su firma. El 26 de marzo de 1976, fue detenido y desaparecido por fuerzas policiales. En abril de 2009, en una tumba an\u00f3nima del cementerio municipal de Bel\u00e9n de Escobar, se identificaron sus restos luego de 33 a\u00f1os de b\u00fasqueda.<\/p>\n<p>Peter Ferdinand Sussman naci\u00f3 en una Berl\u00edn convulsionada en marzo de 1927. Su familia, de origen jud\u00edo, emigr\u00f3 a la Argentina huyendo de las atrocidades del nazismo poco antes del estallido de la guerra y encontr\u00f3 en el arte su lugar de refugio ante tanta angustia y dolor.<\/p>\n<p>Los horrores del autoritarismo volvieron a tocar a las puertas de Peter, esta vez siendo testigo de c\u00f3mo desaparec\u00edan, mataban u obligaban a emigrar a sus amigos, conocidos o compa\u00f1eros de trabajo. Su compromiso y solidaridad lo llevaron a dar refugio en su casa al hijo de Paco Urondo luego de que el famoso escritor, poeta y periodista fuera asesinado. <em>\u201cEl mundo tiene que aprender de las experiencias del nazismo, si no va a ir muy mal. Porque no era un problema alem\u00e1n, ni franc\u00e9s, ni de Hitler, era un problema humano. En todas partes del mundo esas cosas est\u00e1n pasando, han pasado y seguir\u00e1n pasando si no nos oponemos a eso\u201d<\/em>, declaraba el dibujante en una entrevista realizada en los a\u00f1os \u201890s, y conclu\u00eda: <em>\u201cEn ese sentido, no me siento ni alem\u00e1n, ni jud\u00edo, ni esto, ni lo otro, sino simplemente un ser humano que tiene que luchar contra este tipo de cosas\u201d<\/em>.<\/p>\n<h3><span style=\"color: #003366;\">Documental sobre Peter Sussmann y Tilo Wenner<\/span><\/h3>\n<p>El documental se puede ver ingresando en el siguiente link:<\/p>\n<p>https:\/\/www.dropbox.com\/scl\/fi\/jranfm0tomncgbalbbv4h\/07-11-2023-Documental-sobre-Peter-Sussmann-y-Tilo-Wenner.mp4?rlkey=kpoth9jkzltkna45y54wloge8&#038;dl=0<\/p>\n","protected":false},"excerpt":{"rendered":"<p>Este mi\u00e9rcoles 27 de marzo, se llevar\u00e1 a cabo una sesi\u00f3n especial por la Memoria, la Verdad y la Justicia en la que se expondr\u00e1 [&hellip;]<\/p>\n","protected":false},"author":1,"featured_media":4477,"comment_status":"open","ping_status":"closed","sticky":false,"template":"","format":"standard","meta":{"footnotes":""},"categories":[11],"tags":[],"class_list":["post-4476","post","type-post","status-publish","format-standard","has-post-thumbnail","hentry","category-cultura-arte-y-espectaculos"],"better_featured_image":{"id":4477,"alt_text":"","caption":"","description":"","media_type":"image","media_details":{"width":535,"height":720,"file":"2024\/03\/libro-e1711573679472.jpg","filesize":178324,"sizes":{"medium":{"file":"libro-223x300.jpg","width":223,"height":300,"mime-type":"image\/jpeg","filesize":8816,"source_url":"https:\/\/nuevodigitaldeescobar.com.ar\/wp-content\/uploads\/2024\/03\/libro-223x300.jpg"},"large":{"file":"libro-760x1024.jpg","width":760,"height":1024,"mime-type":"image\/jpeg","filesize":51549,"source_url":"https:\/\/nuevodigitaldeescobar.com.ar\/wp-content\/uploads\/2024\/03\/libro-760x1024.jpg"},"thumbnail":{"file":"libro-150x150.jpg","width":150,"height":150,"mime-type":"image\/jpeg","filesize":5634,"source_url":"https:\/\/nuevodigitaldeescobar.com.ar\/wp-content\/uploads\/2024\/03\/libro-150x150.jpg"},"medium_large":{"file":"libro-768x1034.jpg","width":768,"height":1034,"mime-type":"image\/jpeg","filesize":52817,"source_url":"https:\/\/nuevodigitaldeescobar.com.ar\/wp-content\/uploads\/2024\/03\/libro-768x1034.jpg"},"1536x1536":{"file":"libro-1140x1536.jpg","width":1140,"height":1536,"mime-type":"image\/jpeg","filesize":115863,"source_url":"https:\/\/nuevodigitaldeescobar.com.ar\/wp-content\/uploads\/2024\/03\/libro-1140x1536.jpg"}},"image_meta":{"aperture":"0","credit":"","camera":"","caption":"","created_timestamp":"0","copyright":"","focal_length":"0","iso":"0","shutter_speed":"0","title":"","orientation":"0","keywords":[]}},"post":4476,"source_url":"https:\/\/nuevodigitaldeescobar.com.ar\/wp-content\/uploads\/2024\/03\/libro-e1711573679472.jpg"},"yoast_head":"<!-- This site is optimized with the Yoast SEO plugin v26.1.1 - https:\/\/yoast.com\/wordpress\/plugins\/seo\/ -->\n<title>HCD: Presentar\u00e1n un libro in\u00e9dito de Tilo Wenner, uno de los detenidos-desaparecidos en Escobar - Nuevo Digital de Escobar<\/title>\n<meta name=\"robots\" content=\"index, follow, max-snippet:-1, max-image-preview:large, max-video-preview:-1\" \/>\n<link rel=\"canonical\" href=\"https:\/\/nuevodigitaldeescobar.com.ar\/?p=4476\" \/>\n<meta property=\"og:locale\" content=\"es_ES\" \/>\n<meta property=\"og:type\" content=\"article\" \/>\n<meta property=\"og:title\" content=\"HCD: Presentar\u00e1n un libro in\u00e9dito de Tilo Wenner, uno de los detenidos-desaparecidos en Escobar - Nuevo Digital de Escobar\" \/>\n<meta property=\"og:description\" content=\"Este mi\u00e9rcoles 27 de marzo, se llevar\u00e1 a cabo una sesi\u00f3n especial por la Memoria, la Verdad y la Justicia en la que se expondr\u00e1 [&hellip;]\" \/>\n<meta property=\"og:url\" content=\"https:\/\/nuevodigitaldeescobar.com.ar\/?p=4476\" \/>\n<meta property=\"og:site_name\" content=\"Nuevo Digital de Escobar\" \/>\n<meta property=\"article:publisher\" content=\"https:\/\/www.facebook.com\/NUEVODigitalDeEscobar\" \/>\n<meta property=\"article:published_time\" content=\"2024-03-27T21:09:05+00:00\" \/>\n<meta property=\"article:modified_time\" content=\"2024-03-27T21:09:17+00:00\" \/>\n<meta property=\"og:image\" content=\"https:\/\/nuevodigitaldeescobar.com.ar\/wp-content\/uploads\/2024\/03\/libro-e1711573679472.jpg\" \/>\n\t<meta property=\"og:image:width\" content=\"535\" \/>\n\t<meta property=\"og:image:height\" content=\"720\" \/>\n\t<meta property=\"og:image:type\" content=\"image\/jpeg\" \/>\n<meta name=\"author\" content=\"Redacci\u00f3n\" \/>\n<meta name=\"twitter:card\" content=\"summary_large_image\" \/>\n<meta name=\"twitter:creator\" content=\"@nuevodigescobar\" \/>\n<meta name=\"twitter:site\" content=\"@nuevodigescobar\" \/>\n<meta name=\"twitter:label1\" content=\"Escrito por\" \/>\n\t<meta name=\"twitter:data1\" content=\"Redacci\u00f3n\" \/>\n\t<meta name=\"twitter:label2\" content=\"Tiempo de lectura\" \/>\n\t<meta name=\"twitter:data2\" content=\"3 minutos\" \/>\n<script type=\"application\/ld+json\" class=\"yoast-schema-graph\">{\"@context\":\"https:\/\/schema.org\",\"@graph\":[{\"@type\":\"Article\",\"@id\":\"https:\/\/nuevodigitaldeescobar.com.ar\/?p=4476#article\",\"isPartOf\":{\"@id\":\"https:\/\/nuevodigitaldeescobar.com.ar\/?p=4476\"},\"author\":{\"name\":\"Redacci\u00f3n\",\"@id\":\"https:\/\/nuevodigitaldeescobar.com.ar\/#\/schema\/person\/035e90a8efe9a80e6eec22656ad6ea4c\"},\"headline\":\"HCD: Presentar\u00e1n un libro in\u00e9dito de Tilo Wenner, uno de los detenidos-desaparecidos en Escobar\",\"datePublished\":\"2024-03-27T21:09:05+00:00\",\"dateModified\":\"2024-03-27T21:09:17+00:00\",\"mainEntityOfPage\":{\"@id\":\"https:\/\/nuevodigitaldeescobar.com.ar\/?p=4476\"},\"wordCount\":566,\"commentCount\":0,\"publisher\":{\"@id\":\"https:\/\/nuevodigitaldeescobar.com.ar\/#organization\"},\"image\":{\"@id\":\"https:\/\/nuevodigitaldeescobar.com.ar\/?p=4476#primaryimage\"},\"thumbnailUrl\":\"https:\/\/nuevodigitaldeescobar.com.ar\/wp-content\/uploads\/2024\/03\/libro-e1711573679472.jpg\",\"articleSection\":[\"Cultura, Arte y Espect\u00e1culos\"],\"inLanguage\":\"es\",\"potentialAction\":[{\"@type\":\"CommentAction\",\"name\":\"Comment\",\"target\":[\"https:\/\/nuevodigitaldeescobar.com.ar\/?p=4476#respond\"]}]},{\"@type\":\"WebPage\",\"@id\":\"https:\/\/nuevodigitaldeescobar.com.ar\/?p=4476\",\"url\":\"https:\/\/nuevodigitaldeescobar.com.ar\/?p=4476\",\"name\":\"HCD: Presentar\u00e1n un libro in\u00e9dito de Tilo Wenner, uno de los detenidos-desaparecidos en Escobar - Nuevo Digital de Escobar\",\"isPartOf\":{\"@id\":\"https:\/\/nuevodigitaldeescobar.com.ar\/#website\"},\"primaryImageOfPage\":{\"@id\":\"https:\/\/nuevodigitaldeescobar.com.ar\/?p=4476#primaryimage\"},\"image\":{\"@id\":\"https:\/\/nuevodigitaldeescobar.com.ar\/?p=4476#primaryimage\"},\"thumbnailUrl\":\"https:\/\/nuevodigitaldeescobar.com.ar\/wp-content\/uploads\/2024\/03\/libro-e1711573679472.jpg\",\"datePublished\":\"2024-03-27T21:09:05+00:00\",\"dateModified\":\"2024-03-27T21:09:17+00:00\",\"breadcrumb\":{\"@id\":\"https:\/\/nuevodigitaldeescobar.com.ar\/?p=4476#breadcrumb\"},\"inLanguage\":\"es\",\"potentialAction\":[{\"@type\":\"ReadAction\",\"target\":[\"https:\/\/nuevodigitaldeescobar.com.ar\/?p=4476\"]}]},{\"@type\":\"ImageObject\",\"inLanguage\":\"es\",\"@id\":\"https:\/\/nuevodigitaldeescobar.com.ar\/?p=4476#primaryimage\",\"url\":\"https:\/\/nuevodigitaldeescobar.com.ar\/wp-content\/uploads\/2024\/03\/libro-e1711573679472.jpg\",\"contentUrl\":\"https:\/\/nuevodigitaldeescobar.com.ar\/wp-content\/uploads\/2024\/03\/libro-e1711573679472.jpg\",\"width\":535,\"height\":720},{\"@type\":\"BreadcrumbList\",\"@id\":\"https:\/\/nuevodigitaldeescobar.com.ar\/?p=4476#breadcrumb\",\"itemListElement\":[{\"@type\":\"ListItem\",\"position\":1,\"name\":\"Portada\",\"item\":\"https:\/\/nuevodigitaldeescobar.com.ar\/\"},{\"@type\":\"ListItem\",\"position\":2,\"name\":\"HCD: Presentar\u00e1n un libro in\u00e9dito de Tilo Wenner, uno de los detenidos-desaparecidos en Escobar\"}]},{\"@type\":\"WebSite\",\"@id\":\"https:\/\/nuevodigitaldeescobar.com.ar\/#website\",\"url\":\"https:\/\/nuevodigitaldeescobar.com.ar\/\",\"name\":\"Nuevo Digital de Escobar\",\"description\":\"La vida escobarense. Directora: Rosana Brunner\",\"publisher\":{\"@id\":\"https:\/\/nuevodigitaldeescobar.com.ar\/#organization\"},\"potentialAction\":[{\"@type\":\"SearchAction\",\"target\":{\"@type\":\"EntryPoint\",\"urlTemplate\":\"https:\/\/nuevodigitaldeescobar.com.ar\/?s={search_term_string}\"},\"query-input\":{\"@type\":\"PropertyValueSpecification\",\"valueRequired\":true,\"valueName\":\"search_term_string\"}}],\"inLanguage\":\"es\"},{\"@type\":\"Organization\",\"@id\":\"https:\/\/nuevodigitaldeescobar.com.ar\/#organization\",\"name\":\"Nuevo Digital de Escobar\",\"url\":\"https:\/\/nuevodigitaldeescobar.com.ar\/\",\"logo\":{\"@type\":\"ImageObject\",\"inLanguage\":\"es\",\"@id\":\"https:\/\/nuevodigitaldeescobar.com.ar\/#\/schema\/logo\/image\/\",\"url\":\"https:\/\/nuevodigitaldeescobar.com.ar\/wp-content\/uploads\/2025\/05\/cropped-logo-nuevo2.jpg\",\"contentUrl\":\"https:\/\/nuevodigitaldeescobar.com.ar\/wp-content\/uploads\/2025\/05\/cropped-logo-nuevo2.jpg\",\"width\":305,\"height\":305,\"caption\":\"Nuevo Digital de Escobar\"},\"image\":{\"@id\":\"https:\/\/nuevodigitaldeescobar.com.ar\/#\/schema\/logo\/image\/\"},\"sameAs\":[\"https:\/\/www.facebook.com\/NUEVODigitalDeEscobar\",\"https:\/\/x.com\/nuevodigescobar\",\"https:\/\/www.instagram.com\/nuevodigitaldeescobar\"]},{\"@type\":\"Person\",\"@id\":\"https:\/\/nuevodigitaldeescobar.com.ar\/#\/schema\/person\/035e90a8efe9a80e6eec22656ad6ea4c\",\"name\":\"Redacci\u00f3n\",\"image\":{\"@type\":\"ImageObject\",\"inLanguage\":\"es\",\"@id\":\"https:\/\/nuevodigitaldeescobar.com.ar\/#\/schema\/person\/image\/\",\"url\":\"https:\/\/secure.gravatar.com\/avatar\/8af8f40000c24e9eef3034f2be5998a372bb1389e64b1a4a36b3a7979142220d?s=96&d=mm&r=g\",\"contentUrl\":\"https:\/\/secure.gravatar.com\/avatar\/8af8f40000c24e9eef3034f2be5998a372bb1389e64b1a4a36b3a7979142220d?s=96&d=mm&r=g\",\"caption\":\"Redacci\u00f3n\"},\"sameAs\":[\"http:\/\/nuevodigitaldeescobar.com.ar\"],\"url\":\"https:\/\/nuevodigitaldeescobar.com.ar\/?author=1\"}]}<\/script>\n<!-- \/ Yoast SEO plugin. -->","yoast_head_json":{"title":"HCD: Presentar\u00e1n un libro in\u00e9dito de Tilo Wenner, uno de los detenidos-desaparecidos en Escobar - Nuevo Digital de Escobar","robots":{"index":"index","follow":"follow","max-snippet":"max-snippet:-1","max-image-preview":"max-image-preview:large","max-video-preview":"max-video-preview:-1"},"canonical":"https:\/\/nuevodigitaldeescobar.com.ar\/?p=4476","og_locale":"es_ES","og_type":"article","og_title":"HCD: Presentar\u00e1n un libro in\u00e9dito de Tilo Wenner, uno de los detenidos-desaparecidos en Escobar - Nuevo Digital de Escobar","og_description":"Este mi\u00e9rcoles 27 de marzo, se llevar\u00e1 a cabo una sesi\u00f3n especial por la Memoria, la Verdad y la Justicia en la que se expondr\u00e1 [&hellip;]","og_url":"https:\/\/nuevodigitaldeescobar.com.ar\/?p=4476","og_site_name":"Nuevo Digital de Escobar","article_publisher":"https:\/\/www.facebook.com\/NUEVODigitalDeEscobar","article_published_time":"2024-03-27T21:09:05+00:00","article_modified_time":"2024-03-27T21:09:17+00:00","og_image":[{"width":535,"height":720,"url":"https:\/\/nuevodigitaldeescobar.com.ar\/wp-content\/uploads\/2024\/03\/libro-e1711573679472.jpg","type":"image\/jpeg"}],"author":"Redacci\u00f3n","twitter_card":"summary_large_image","twitter_creator":"@nuevodigescobar","twitter_site":"@nuevodigescobar","twitter_misc":{"Escrito por":"Redacci\u00f3n","Tiempo de lectura":"3 minutos"},"schema":{"@context":"https:\/\/schema.org","@graph":[{"@type":"Article","@id":"https:\/\/nuevodigitaldeescobar.com.ar\/?p=4476#article","isPartOf":{"@id":"https:\/\/nuevodigitaldeescobar.com.ar\/?p=4476"},"author":{"name":"Redacci\u00f3n","@id":"https:\/\/nuevodigitaldeescobar.com.ar\/#\/schema\/person\/035e90a8efe9a80e6eec22656ad6ea4c"},"headline":"HCD: Presentar\u00e1n un libro in\u00e9dito de Tilo Wenner, uno de los detenidos-desaparecidos en Escobar","datePublished":"2024-03-27T21:09:05+00:00","dateModified":"2024-03-27T21:09:17+00:00","mainEntityOfPage":{"@id":"https:\/\/nuevodigitaldeescobar.com.ar\/?p=4476"},"wordCount":566,"commentCount":0,"publisher":{"@id":"https:\/\/nuevodigitaldeescobar.com.ar\/#organization"},"image":{"@id":"https:\/\/nuevodigitaldeescobar.com.ar\/?p=4476#primaryimage"},"thumbnailUrl":"https:\/\/nuevodigitaldeescobar.com.ar\/wp-content\/uploads\/2024\/03\/libro-e1711573679472.jpg","articleSection":["Cultura, Arte y Espect\u00e1culos"],"inLanguage":"es","potentialAction":[{"@type":"CommentAction","name":"Comment","target":["https:\/\/nuevodigitaldeescobar.com.ar\/?p=4476#respond"]}]},{"@type":"WebPage","@id":"https:\/\/nuevodigitaldeescobar.com.ar\/?p=4476","url":"https:\/\/nuevodigitaldeescobar.com.ar\/?p=4476","name":"HCD: Presentar\u00e1n un libro in\u00e9dito de Tilo Wenner, uno de los detenidos-desaparecidos en Escobar - Nuevo Digital de Escobar","isPartOf":{"@id":"https:\/\/nuevodigitaldeescobar.com.ar\/#website"},"primaryImageOfPage":{"@id":"https:\/\/nuevodigitaldeescobar.com.ar\/?p=4476#primaryimage"},"image":{"@id":"https:\/\/nuevodigitaldeescobar.com.ar\/?p=4476#primaryimage"},"thumbnailUrl":"https:\/\/nuevodigitaldeescobar.com.ar\/wp-content\/uploads\/2024\/03\/libro-e1711573679472.jpg","datePublished":"2024-03-27T21:09:05+00:00","dateModified":"2024-03-27T21:09:17+00:00","breadcrumb":{"@id":"https:\/\/nuevodigitaldeescobar.com.ar\/?p=4476#breadcrumb"},"inLanguage":"es","potentialAction":[{"@type":"ReadAction","target":["https:\/\/nuevodigitaldeescobar.com.ar\/?p=4476"]}]},{"@type":"ImageObject","inLanguage":"es","@id":"https:\/\/nuevodigitaldeescobar.com.ar\/?p=4476#primaryimage","url":"https:\/\/nuevodigitaldeescobar.com.ar\/wp-content\/uploads\/2024\/03\/libro-e1711573679472.jpg","contentUrl":"https:\/\/nuevodigitaldeescobar.com.ar\/wp-content\/uploads\/2024\/03\/libro-e1711573679472.jpg","width":535,"height":720},{"@type":"BreadcrumbList","@id":"https:\/\/nuevodigitaldeescobar.com.ar\/?p=4476#breadcrumb","itemListElement":[{"@type":"ListItem","position":1,"name":"Portada","item":"https:\/\/nuevodigitaldeescobar.com.ar\/"},{"@type":"ListItem","position":2,"name":"HCD: Presentar\u00e1n un libro in\u00e9dito de Tilo Wenner, uno de los detenidos-desaparecidos en Escobar"}]},{"@type":"WebSite","@id":"https:\/\/nuevodigitaldeescobar.com.ar\/#website","url":"https:\/\/nuevodigitaldeescobar.com.ar\/","name":"Nuevo Digital de Escobar","description":"La vida escobarense. Directora: Rosana Brunner","publisher":{"@id":"https:\/\/nuevodigitaldeescobar.com.ar\/#organization"},"potentialAction":[{"@type":"SearchAction","target":{"@type":"EntryPoint","urlTemplate":"https:\/\/nuevodigitaldeescobar.com.ar\/?s={search_term_string}"},"query-input":{"@type":"PropertyValueSpecification","valueRequired":true,"valueName":"search_term_string"}}],"inLanguage":"es"},{"@type":"Organization","@id":"https:\/\/nuevodigitaldeescobar.com.ar\/#organization","name":"Nuevo Digital de Escobar","url":"https:\/\/nuevodigitaldeescobar.com.ar\/","logo":{"@type":"ImageObject","inLanguage":"es","@id":"https:\/\/nuevodigitaldeescobar.com.ar\/#\/schema\/logo\/image\/","url":"https:\/\/nuevodigitaldeescobar.com.ar\/wp-content\/uploads\/2025\/05\/cropped-logo-nuevo2.jpg","contentUrl":"https:\/\/nuevodigitaldeescobar.com.ar\/wp-content\/uploads\/2025\/05\/cropped-logo-nuevo2.jpg","width":305,"height":305,"caption":"Nuevo Digital de Escobar"},"image":{"@id":"https:\/\/nuevodigitaldeescobar.com.ar\/#\/schema\/logo\/image\/"},"sameAs":["https:\/\/www.facebook.com\/NUEVODigitalDeEscobar","https:\/\/x.com\/nuevodigescobar","https:\/\/www.instagram.com\/nuevodigitaldeescobar"]},{"@type":"Person","@id":"https:\/\/nuevodigitaldeescobar.com.ar\/#\/schema\/person\/035e90a8efe9a80e6eec22656ad6ea4c","name":"Redacci\u00f3n","image":{"@type":"ImageObject","inLanguage":"es","@id":"https:\/\/nuevodigitaldeescobar.com.ar\/#\/schema\/person\/image\/","url":"https:\/\/secure.gravatar.com\/avatar\/8af8f40000c24e9eef3034f2be5998a372bb1389e64b1a4a36b3a7979142220d?s=96&d=mm&r=g","contentUrl":"https:\/\/secure.gravatar.com\/avatar\/8af8f40000c24e9eef3034f2be5998a372bb1389e64b1a4a36b3a7979142220d?s=96&d=mm&r=g","caption":"Redacci\u00f3n"},"sameAs":["http:\/\/nuevodigitaldeescobar.com.ar"],"url":"https:\/\/nuevodigitaldeescobar.com.ar\/?author=1"}]}},"featured_image_urls":{"full":["https:\/\/nuevodigitaldeescobar.com.ar\/wp-content\/uploads\/2024\/03\/libro-e1711573679472.jpg",535,720,false],"thumbnail":["https:\/\/nuevodigitaldeescobar.com.ar\/wp-content\/uploads\/2024\/03\/libro-150x150.jpg",150,150,true],"medium":["https:\/\/nuevodigitaldeescobar.com.ar\/wp-content\/uploads\/2024\/03\/libro-223x300.jpg",223,300,true],"medium_large":["https:\/\/nuevodigitaldeescobar.com.ar\/wp-content\/uploads\/2024\/03\/libro-768x1034.jpg",640,862,true],"large":["https:\/\/nuevodigitaldeescobar.com.ar\/wp-content\/uploads\/2024\/03\/libro-760x1024.jpg",640,862,true],"1536x1536":["https:\/\/nuevodigitaldeescobar.com.ar\/wp-content\/uploads\/2024\/03\/libro-1140x1536.jpg",1140,1536,true],"2048x2048":["https:\/\/nuevodigitaldeescobar.com.ar\/wp-content\/uploads\/2024\/03\/libro-e1711573679472.jpg",535,720,false]},"author_info":{"display_name":"Redacci\u00f3n","author_link":"https:\/\/nuevodigitaldeescobar.com.ar\/?author=1"},"category_info":"<a href=\"https:\/\/nuevodigitaldeescobar.com.ar\/?cat=11\" rel=\"category\">Cultura, Arte y Espect\u00e1culos<\/a>","tag_info":"Cultura, Arte y Espect\u00e1culos","comment_count":"0","_links":{"self":[{"href":"https:\/\/nuevodigitaldeescobar.com.ar\/index.php?rest_route=\/wp\/v2\/posts\/4476","targetHints":{"allow":["GET"]}}],"collection":[{"href":"https:\/\/nuevodigitaldeescobar.com.ar\/index.php?rest_route=\/wp\/v2\/posts"}],"about":[{"href":"https:\/\/nuevodigitaldeescobar.com.ar\/index.php?rest_route=\/wp\/v2\/types\/post"}],"author":[{"embeddable":true,"href":"https:\/\/nuevodigitaldeescobar.com.ar\/index.php?rest_route=\/wp\/v2\/users\/1"}],"replies":[{"embeddable":true,"href":"https:\/\/nuevodigitaldeescobar.com.ar\/index.php?rest_route=%2Fwp%2Fv2%2Fcomments&post=4476"}],"version-history":[{"count":1,"href":"https:\/\/nuevodigitaldeescobar.com.ar\/index.php?rest_route=\/wp\/v2\/posts\/4476\/revisions"}],"predecessor-version":[{"id":4479,"href":"https:\/\/nuevodigitaldeescobar.com.ar\/index.php?rest_route=\/wp\/v2\/posts\/4476\/revisions\/4479"}],"wp:featuredmedia":[{"embeddable":true,"href":"https:\/\/nuevodigitaldeescobar.com.ar\/index.php?rest_route=\/wp\/v2\/media\/4477"}],"wp:attachment":[{"href":"https:\/\/nuevodigitaldeescobar.com.ar\/index.php?rest_route=%2Fwp%2Fv2%2Fmedia&parent=4476"}],"wp:term":[{"taxonomy":"category","embeddable":true,"href":"https:\/\/nuevodigitaldeescobar.com.ar\/index.php?rest_route=%2Fwp%2Fv2%2Fcategories&post=4476"},{"taxonomy":"post_tag","embeddable":true,"href":"https:\/\/nuevodigitaldeescobar.com.ar\/index.php?rest_route=%2Fwp%2Fv2%2Ftags&post=4476"}],"curies":[{"name":"wp","href":"https:\/\/api.w.org\/{rel}","templated":true}]}}