{"id":4607,"date":"2024-04-03T16:13:54","date_gmt":"2024-04-03T19:13:54","guid":{"rendered":"https:\/\/nuevodigitaldeescobar.com.ar\/?p=4607"},"modified":"2024-04-03T16:14:39","modified_gmt":"2024-04-03T19:14:39","slug":"prefectura-se-encuentra-abierta-la-inscripcion-para-realizar-los-cursos-de-actualizacion-basicos-stcw-78-y-cursos-especificos","status":"publish","type":"post","link":"https:\/\/nuevodigitaldeescobar.com.ar\/?p=4607","title":{"rendered":"Prefectura abri\u00f3 la inscripci\u00f3n a los Cursos de \u201cActualizaci\u00f3n, B\u00e1sicos STCW 78, y cursos espec\u00edficos\u201d"},"content":{"rendered":"<p><span style=\"color: #003366;\"><strong><em>La Escuela de Suboficiales de Prefectura Naval Argentina \u201cCoronel Mart\u00edn Jacobo Thompson\u201d y la Escuela de Formaci\u00f3n y Capacitaci\u00f3n para el Personal Embarcado de la Marina Mercante de Z\u00e1rate, informaron ya est\u00e1n abiertas las inscripciones para diferentes capacitaciones.<\/em><\/strong><\/span><\/p>\n<p><!--more--><\/p>\n<hr \/>\n<p>Estos cursos est\u00e1n disponibles para todo el Personal Embarcado de la Marina Mercante, de ambos sexos, quienes pueden inscribirse para realizar los Cursos de: \u201cACTUALIZACI\u00d3N, BASICOS STCW 78, Y CURSOS ESPECIFICOS\u201d, conforme se establece en el C\u00f3digo de Formaci\u00f3n Titulaci\u00f3n y Guardia para la Gente de Mar (STCW-78 enmendado).<\/p>\n<p>Los cursos inician con el siguiente cronograma:<\/p>\n<h3><span style=\"color: #003366;\"><strong>CURSO ACTUALIZACION STCW 78 ENMENDADO <\/strong><\/span><\/h3>\n<ul>\n<li><strong>Mayo:<\/strong> Inicio 08 de mayo.<\/li>\n<li><strong>Junio:<\/strong> Inicio 05 de junio.<\/li>\n<li><strong>Julio:<\/strong> Inicio 03 de julio.<\/li>\n<li><strong>Agosto:<\/strong> Inicio 07 de agosto.<\/li>\n<li><strong>Septiembre:<\/strong> Inicio 04 de septiembre.<\/li>\n<li><strong>Octubre:<\/strong> Inicio 02 de octubre.<\/li>\n<li><strong>Noviembre:<\/strong> Inicio 06 de noviembre.<\/li>\n<li><strong>Diciembre:<\/strong> Inicio 11 de diciembre.<\/li>\n<\/ul>\n<h3><span style=\"color: #003366;\"><strong>CURSO BASICO STCW 78 ENMENDADO <\/strong><\/span><\/h3>\n<ul>\n<li><strong>Mayo:<\/strong> Inicio del 13 al 24 de mayo.<\/li>\n<li><strong>Junio:<\/strong> Inicio del 10 al 19 de junio.<\/li>\n<li><strong>Agosto:<\/strong> Inicio del 12 al 23 de agosto.<\/li>\n<li><strong>Septiembre:<\/strong> Inicio del 09 al 20 de septiembre.<\/li>\n<li><strong>Octubre:<\/strong> Inicio del 07 al 18 de octubre.<\/li>\n<li><strong>Noviembre:<\/strong> Inicio del 11 al 22 de noviembre.<\/li>\n<\/ul>\n<h3><span style=\"color: #003366;\"><strong>CURSOS FORMACION EN TOMA DE CONCIENCIA DE LA PROTECCION (FTCP) <\/strong><\/span><\/h3>\n<ul>\n<li><strong>Junio:<\/strong> Inicio del 18 al 19 de junio.<\/li>\n<li><strong>Agosto:<\/strong> Inicio del 22 al 23 de agosto.<\/li>\n<li><strong>Septiembre:<\/strong> Inicio del 19 al 20 de septiembre.<\/li>\n<li><strong>Octubre:<\/strong> Inicio del 17 al 18 de octubre.<\/li>\n<\/ul>\n<h3><span style=\"color: #003366;\"><strong>CURSO FORMACION EN SENSIBILIZACION SOBRE LA PROTECCION PARA LA GENTE DE MAR QUE TENGA ASIGNADA TAREAS DE PROTECCION (FTCP 2)<\/strong><\/span><\/h3>\n<ul>\n<li><strong>Abril:<\/strong> Inicio del 22 al 24 de abril.<\/li>\n<li><strong>Mayo:<\/strong> Inicio del 27 al 29 de mayo.<\/li>\n<li><strong>Septiembre:<\/strong> Inicio del 23 al 25 de septiembre.<\/li>\n<\/ul>\n<p>Para obtener mayor informaci\u00f3n se puede ingresar a la p\u00e1gina <a href=\"http:\/\/www.marinamercante.iusm.edu.ar\/cursos.php\">www.marinamercante.iusm.edu.ar\/cursos.php<\/a> y seleccionar <em>\u201cCURSOS CORTOS \u2013 CURSO ACTUALIZACION \u2013 CURSO BASICO \u2013 CURSO ESPECIFICO\u201d<\/em>.<\/p>\n<p>Los requisitos de inscripci\u00f3n se encuentran en la sede del Instituto, sito en la Calle Crucero Gral. Belgrano N\u00ba 302 de la localidad de Z\u00e1rate, y\/o a trav\u00e9s del correo electr\u00f3nico <a href=\"mailto:efocapemm.aesu@gmail.com\">efocapemm.aesu@gmail.com<\/a>.<\/p>\n<p>Para mayor informaci\u00f3n tambi\u00e9n se puede llamar al tel\u00e9fono 03487-434452\/422288 &#8211; Interno 204, de lunes a viernes de 8:00 a 12:30 horas.<\/p>\n","protected":false},"excerpt":{"rendered":"<p>La Escuela de Suboficiales de Prefectura Naval Argentina \u201cCoronel Mart\u00edn Jacobo Thompson\u201d y la Escuela de Formaci\u00f3n y Capacitaci\u00f3n para el Personal Embarcado de la [&hellip;]<\/p>\n","protected":false},"author":1,"featured_media":4061,"comment_status":"open","ping_status":"closed","sticky":false,"template":"","format":"standard","meta":{"footnotes":""},"categories":[4,13],"tags":[],"class_list":["post-4607","post","type-post","status-publish","format-standard","has-post-thumbnail","hentry","category-educacion","category-policiales"],"better_featured_image":{"id":4061,"alt_text":"","caption":"","description":"","media_type":"image","media_details":{"width":720,"height":540,"file":"2024\/03\/pna-3-e1709863889300.jpeg","filesize":244794,"sizes":{"medium":{"file":"pna-3-300x225.jpeg","width":300,"height":225,"mime-type":"image\/jpeg","filesize":14627,"source_url":"https:\/\/nuevodigitaldeescobar.com.ar\/wp-content\/uploads\/2024\/03\/pna-3-300x225.jpeg"},"large":{"file":"pna-3-1024x768.jpeg","width":1024,"height":768,"mime-type":"image\/jpeg","filesize":108565,"source_url":"https:\/\/nuevodigitaldeescobar.com.ar\/wp-content\/uploads\/2024\/03\/pna-3-1024x768.jpeg"},"thumbnail":{"file":"pna-3-150x150.jpeg","width":150,"height":150,"mime-type":"image\/jpeg","filesize":6572,"source_url":"https:\/\/nuevodigitaldeescobar.com.ar\/wp-content\/uploads\/2024\/03\/pna-3-150x150.jpeg"},"medium_large":{"file":"pna-3-768x576.jpeg","width":768,"height":576,"mime-type":"image\/jpeg","filesize":67728,"source_url":"https:\/\/nuevodigitaldeescobar.com.ar\/wp-content\/uploads\/2024\/03\/pna-3-768x576.jpeg"}},"image_meta":{"aperture":"0","credit":"","camera":"","caption":"","created_timestamp":"0","copyright":"","focal_length":"0","iso":"0","shutter_speed":"0","title":"","orientation":"0","keywords":[]}},"post":4058,"source_url":"https:\/\/nuevodigitaldeescobar.com.ar\/wp-content\/uploads\/2024\/03\/pna-3-e1709863889300.jpeg"},"yoast_head":"<!-- This site is optimized with the Yoast SEO plugin v26.1.1 - https:\/\/yoast.com\/wordpress\/plugins\/seo\/ -->\n<title>Prefectura abri\u00f3 la inscripci\u00f3n a los Cursos de \u201cActualizaci\u00f3n, B\u00e1sicos STCW 78, y cursos espec\u00edficos\u201d - Nuevo Digital de Escobar<\/title>\n<meta name=\"robots\" content=\"index, follow, max-snippet:-1, max-image-preview:large, max-video-preview:-1\" \/>\n<link rel=\"canonical\" href=\"https:\/\/nuevodigitaldeescobar.com.ar\/?p=4607\" \/>\n<meta property=\"og:locale\" content=\"es_ES\" \/>\n<meta property=\"og:type\" content=\"article\" \/>\n<meta property=\"og:title\" content=\"Prefectura abri\u00f3 la inscripci\u00f3n a los Cursos de \u201cActualizaci\u00f3n, B\u00e1sicos STCW 78, y cursos espec\u00edficos\u201d - Nuevo Digital de Escobar\" \/>\n<meta property=\"og:description\" content=\"La Escuela de Suboficiales de Prefectura Naval Argentina \u201cCoronel Mart\u00edn Jacobo Thompson\u201d y la Escuela de Formaci\u00f3n y Capacitaci\u00f3n para el Personal Embarcado de la [&hellip;]\" \/>\n<meta property=\"og:url\" content=\"https:\/\/nuevodigitaldeescobar.com.ar\/?p=4607\" \/>\n<meta property=\"og:site_name\" content=\"Nuevo Digital de Escobar\" \/>\n<meta property=\"article:publisher\" content=\"https:\/\/www.facebook.com\/NUEVODigitalDeEscobar\" \/>\n<meta property=\"article:published_time\" content=\"2024-04-03T19:13:54+00:00\" \/>\n<meta property=\"article:modified_time\" content=\"2024-04-03T19:14:39+00:00\" \/>\n<meta property=\"og:image\" content=\"https:\/\/nuevodigitaldeescobar.com.ar\/wp-content\/uploads\/2024\/03\/pna-3-e1709863889300.jpeg\" \/>\n\t<meta property=\"og:image:width\" content=\"720\" \/>\n\t<meta property=\"og:image:height\" content=\"540\" \/>\n\t<meta property=\"og:image:type\" content=\"image\/jpeg\" \/>\n<meta name=\"author\" content=\"Redacci\u00f3n\" \/>\n<meta name=\"twitter:card\" content=\"summary_large_image\" \/>\n<meta name=\"twitter:creator\" content=\"@nuevodigescobar\" \/>\n<meta name=\"twitter:site\" content=\"@nuevodigescobar\" \/>\n<meta name=\"twitter:label1\" content=\"Escrito por\" \/>\n\t<meta name=\"twitter:data1\" content=\"Redacci\u00f3n\" \/>\n\t<meta name=\"twitter:label2\" content=\"Tiempo de lectura\" \/>\n\t<meta name=\"twitter:data2\" content=\"2 minutos\" \/>\n<script type=\"application\/ld+json\" class=\"yoast-schema-graph\">{\"@context\":\"https:\/\/schema.org\",\"@graph\":[{\"@type\":\"Article\",\"@id\":\"https:\/\/nuevodigitaldeescobar.com.ar\/?p=4607#article\",\"isPartOf\":{\"@id\":\"https:\/\/nuevodigitaldeescobar.com.ar\/?p=4607\"},\"author\":{\"name\":\"Redacci\u00f3n\",\"@id\":\"https:\/\/nuevodigitaldeescobar.com.ar\/#\/schema\/person\/035e90a8efe9a80e6eec22656ad6ea4c\"},\"headline\":\"Prefectura abri\u00f3 la inscripci\u00f3n a los Cursos de \u201cActualizaci\u00f3n, B\u00e1sicos STCW 78, y cursos espec\u00edficos\u201d\",\"datePublished\":\"2024-04-03T19:13:54+00:00\",\"dateModified\":\"2024-04-03T19:14:39+00:00\",\"mainEntityOfPage\":{\"@id\":\"https:\/\/nuevodigitaldeescobar.com.ar\/?p=4607\"},\"wordCount\":358,\"commentCount\":0,\"publisher\":{\"@id\":\"https:\/\/nuevodigitaldeescobar.com.ar\/#organization\"},\"image\":{\"@id\":\"https:\/\/nuevodigitaldeescobar.com.ar\/?p=4607#primaryimage\"},\"thumbnailUrl\":\"https:\/\/nuevodigitaldeescobar.com.ar\/wp-content\/uploads\/2024\/03\/pna-3-e1709863889300.jpeg\",\"articleSection\":[\"Educaci\u00f3n\",\"Policiales\"],\"inLanguage\":\"es\",\"potentialAction\":[{\"@type\":\"CommentAction\",\"name\":\"Comment\",\"target\":[\"https:\/\/nuevodigitaldeescobar.com.ar\/?p=4607#respond\"]}]},{\"@type\":\"WebPage\",\"@id\":\"https:\/\/nuevodigitaldeescobar.com.ar\/?p=4607\",\"url\":\"https:\/\/nuevodigitaldeescobar.com.ar\/?p=4607\",\"name\":\"Prefectura abri\u00f3 la inscripci\u00f3n a los Cursos de \u201cActualizaci\u00f3n, B\u00e1sicos STCW 78, y cursos espec\u00edficos\u201d - Nuevo Digital de Escobar\",\"isPartOf\":{\"@id\":\"https:\/\/nuevodigitaldeescobar.com.ar\/#website\"},\"primaryImageOfPage\":{\"@id\":\"https:\/\/nuevodigitaldeescobar.com.ar\/?p=4607#primaryimage\"},\"image\":{\"@id\":\"https:\/\/nuevodigitaldeescobar.com.ar\/?p=4607#primaryimage\"},\"thumbnailUrl\":\"https:\/\/nuevodigitaldeescobar.com.ar\/wp-content\/uploads\/2024\/03\/pna-3-e1709863889300.jpeg\",\"datePublished\":\"2024-04-03T19:13:54+00:00\",\"dateModified\":\"2024-04-03T19:14:39+00:00\",\"breadcrumb\":{\"@id\":\"https:\/\/nuevodigitaldeescobar.com.ar\/?p=4607#breadcrumb\"},\"inLanguage\":\"es\",\"potentialAction\":[{\"@type\":\"ReadAction\",\"target\":[\"https:\/\/nuevodigitaldeescobar.com.ar\/?p=4607\"]}]},{\"@type\":\"ImageObject\",\"inLanguage\":\"es\",\"@id\":\"https:\/\/nuevodigitaldeescobar.com.ar\/?p=4607#primaryimage\",\"url\":\"https:\/\/nuevodigitaldeescobar.com.ar\/wp-content\/uploads\/2024\/03\/pna-3-e1709863889300.jpeg\",\"contentUrl\":\"https:\/\/nuevodigitaldeescobar.com.ar\/wp-content\/uploads\/2024\/03\/pna-3-e1709863889300.jpeg\",\"width\":720,\"height\":540},{\"@type\":\"BreadcrumbList\",\"@id\":\"https:\/\/nuevodigitaldeescobar.com.ar\/?p=4607#breadcrumb\",\"itemListElement\":[{\"@type\":\"ListItem\",\"position\":1,\"name\":\"Portada\",\"item\":\"https:\/\/nuevodigitaldeescobar.com.ar\/\"},{\"@type\":\"ListItem\",\"position\":2,\"name\":\"Prefectura abri\u00f3 la inscripci\u00f3n a los Cursos de \u201cActualizaci\u00f3n, B\u00e1sicos STCW 78, y cursos espec\u00edficos\u201d\"}]},{\"@type\":\"WebSite\",\"@id\":\"https:\/\/nuevodigitaldeescobar.com.ar\/#website\",\"url\":\"https:\/\/nuevodigitaldeescobar.com.ar\/\",\"name\":\"Nuevo Digital de Escobar\",\"description\":\"La vida escobarense. Directora: Rosana Brunner\",\"publisher\":{\"@id\":\"https:\/\/nuevodigitaldeescobar.com.ar\/#organization\"},\"potentialAction\":[{\"@type\":\"SearchAction\",\"target\":{\"@type\":\"EntryPoint\",\"urlTemplate\":\"https:\/\/nuevodigitaldeescobar.com.ar\/?s={search_term_string}\"},\"query-input\":{\"@type\":\"PropertyValueSpecification\",\"valueRequired\":true,\"valueName\":\"search_term_string\"}}],\"inLanguage\":\"es\"},{\"@type\":\"Organization\",\"@id\":\"https:\/\/nuevodigitaldeescobar.com.ar\/#organization\",\"name\":\"Nuevo Digital de Escobar\",\"url\":\"https:\/\/nuevodigitaldeescobar.com.ar\/\",\"logo\":{\"@type\":\"ImageObject\",\"inLanguage\":\"es\",\"@id\":\"https:\/\/nuevodigitaldeescobar.com.ar\/#\/schema\/logo\/image\/\",\"url\":\"https:\/\/nuevodigitaldeescobar.com.ar\/wp-content\/uploads\/2025\/05\/cropped-logo-nuevo2.jpg\",\"contentUrl\":\"https:\/\/nuevodigitaldeescobar.com.ar\/wp-content\/uploads\/2025\/05\/cropped-logo-nuevo2.jpg\",\"width\":305,\"height\":305,\"caption\":\"Nuevo Digital de Escobar\"},\"image\":{\"@id\":\"https:\/\/nuevodigitaldeescobar.com.ar\/#\/schema\/logo\/image\/\"},\"sameAs\":[\"https:\/\/www.facebook.com\/NUEVODigitalDeEscobar\",\"https:\/\/x.com\/nuevodigescobar\",\"https:\/\/www.instagram.com\/nuevodigitaldeescobar\"]},{\"@type\":\"Person\",\"@id\":\"https:\/\/nuevodigitaldeescobar.com.ar\/#\/schema\/person\/035e90a8efe9a80e6eec22656ad6ea4c\",\"name\":\"Redacci\u00f3n\",\"image\":{\"@type\":\"ImageObject\",\"inLanguage\":\"es\",\"@id\":\"https:\/\/nuevodigitaldeescobar.com.ar\/#\/schema\/person\/image\/\",\"url\":\"https:\/\/secure.gravatar.com\/avatar\/8af8f40000c24e9eef3034f2be5998a372bb1389e64b1a4a36b3a7979142220d?s=96&d=mm&r=g\",\"contentUrl\":\"https:\/\/secure.gravatar.com\/avatar\/8af8f40000c24e9eef3034f2be5998a372bb1389e64b1a4a36b3a7979142220d?s=96&d=mm&r=g\",\"caption\":\"Redacci\u00f3n\"},\"sameAs\":[\"http:\/\/nuevodigitaldeescobar.com.ar\"],\"url\":\"https:\/\/nuevodigitaldeescobar.com.ar\/?author=1\"}]}<\/script>\n<!-- \/ Yoast SEO plugin. -->","yoast_head_json":{"title":"Prefectura abri\u00f3 la inscripci\u00f3n a los Cursos de \u201cActualizaci\u00f3n, B\u00e1sicos STCW 78, y cursos espec\u00edficos\u201d - Nuevo Digital de Escobar","robots":{"index":"index","follow":"follow","max-snippet":"max-snippet:-1","max-image-preview":"max-image-preview:large","max-video-preview":"max-video-preview:-1"},"canonical":"https:\/\/nuevodigitaldeescobar.com.ar\/?p=4607","og_locale":"es_ES","og_type":"article","og_title":"Prefectura abri\u00f3 la inscripci\u00f3n a los Cursos de \u201cActualizaci\u00f3n, B\u00e1sicos STCW 78, y cursos espec\u00edficos\u201d - Nuevo Digital de Escobar","og_description":"La Escuela de Suboficiales de Prefectura Naval Argentina \u201cCoronel Mart\u00edn Jacobo Thompson\u201d y la Escuela de Formaci\u00f3n y Capacitaci\u00f3n para el Personal Embarcado de la [&hellip;]","og_url":"https:\/\/nuevodigitaldeescobar.com.ar\/?p=4607","og_site_name":"Nuevo Digital de Escobar","article_publisher":"https:\/\/www.facebook.com\/NUEVODigitalDeEscobar","article_published_time":"2024-04-03T19:13:54+00:00","article_modified_time":"2024-04-03T19:14:39+00:00","og_image":[{"width":720,"height":540,"url":"https:\/\/nuevodigitaldeescobar.com.ar\/wp-content\/uploads\/2024\/03\/pna-3-e1709863889300.jpeg","type":"image\/jpeg"}],"author":"Redacci\u00f3n","twitter_card":"summary_large_image","twitter_creator":"@nuevodigescobar","twitter_site":"@nuevodigescobar","twitter_misc":{"Escrito por":"Redacci\u00f3n","Tiempo de lectura":"2 minutos"},"schema":{"@context":"https:\/\/schema.org","@graph":[{"@type":"Article","@id":"https:\/\/nuevodigitaldeescobar.com.ar\/?p=4607#article","isPartOf":{"@id":"https:\/\/nuevodigitaldeescobar.com.ar\/?p=4607"},"author":{"name":"Redacci\u00f3n","@id":"https:\/\/nuevodigitaldeescobar.com.ar\/#\/schema\/person\/035e90a8efe9a80e6eec22656ad6ea4c"},"headline":"Prefectura abri\u00f3 la inscripci\u00f3n a los Cursos de \u201cActualizaci\u00f3n, B\u00e1sicos STCW 78, y cursos espec\u00edficos\u201d","datePublished":"2024-04-03T19:13:54+00:00","dateModified":"2024-04-03T19:14:39+00:00","mainEntityOfPage":{"@id":"https:\/\/nuevodigitaldeescobar.com.ar\/?p=4607"},"wordCount":358,"commentCount":0,"publisher":{"@id":"https:\/\/nuevodigitaldeescobar.com.ar\/#organization"},"image":{"@id":"https:\/\/nuevodigitaldeescobar.com.ar\/?p=4607#primaryimage"},"thumbnailUrl":"https:\/\/nuevodigitaldeescobar.com.ar\/wp-content\/uploads\/2024\/03\/pna-3-e1709863889300.jpeg","articleSection":["Educaci\u00f3n","Policiales"],"inLanguage":"es","potentialAction":[{"@type":"CommentAction","name":"Comment","target":["https:\/\/nuevodigitaldeescobar.com.ar\/?p=4607#respond"]}]},{"@type":"WebPage","@id":"https:\/\/nuevodigitaldeescobar.com.ar\/?p=4607","url":"https:\/\/nuevodigitaldeescobar.com.ar\/?p=4607","name":"Prefectura abri\u00f3 la inscripci\u00f3n a los Cursos de \u201cActualizaci\u00f3n, B\u00e1sicos STCW 78, y cursos espec\u00edficos\u201d - Nuevo Digital de Escobar","isPartOf":{"@id":"https:\/\/nuevodigitaldeescobar.com.ar\/#website"},"primaryImageOfPage":{"@id":"https:\/\/nuevodigitaldeescobar.com.ar\/?p=4607#primaryimage"},"image":{"@id":"https:\/\/nuevodigitaldeescobar.com.ar\/?p=4607#primaryimage"},"thumbnailUrl":"https:\/\/nuevodigitaldeescobar.com.ar\/wp-content\/uploads\/2024\/03\/pna-3-e1709863889300.jpeg","datePublished":"2024-04-03T19:13:54+00:00","dateModified":"2024-04-03T19:14:39+00:00","breadcrumb":{"@id":"https:\/\/nuevodigitaldeescobar.com.ar\/?p=4607#breadcrumb"},"inLanguage":"es","potentialAction":[{"@type":"ReadAction","target":["https:\/\/nuevodigitaldeescobar.com.ar\/?p=4607"]}]},{"@type":"ImageObject","inLanguage":"es","@id":"https:\/\/nuevodigitaldeescobar.com.ar\/?p=4607#primaryimage","url":"https:\/\/nuevodigitaldeescobar.com.ar\/wp-content\/uploads\/2024\/03\/pna-3-e1709863889300.jpeg","contentUrl":"https:\/\/nuevodigitaldeescobar.com.ar\/wp-content\/uploads\/2024\/03\/pna-3-e1709863889300.jpeg","width":720,"height":540},{"@type":"BreadcrumbList","@id":"https:\/\/nuevodigitaldeescobar.com.ar\/?p=4607#breadcrumb","itemListElement":[{"@type":"ListItem","position":1,"name":"Portada","item":"https:\/\/nuevodigitaldeescobar.com.ar\/"},{"@type":"ListItem","position":2,"name":"Prefectura abri\u00f3 la inscripci\u00f3n a los Cursos de \u201cActualizaci\u00f3n, B\u00e1sicos STCW 78, y cursos espec\u00edficos\u201d"}]},{"@type":"WebSite","@id":"https:\/\/nuevodigitaldeescobar.com.ar\/#website","url":"https:\/\/nuevodigitaldeescobar.com.ar\/","name":"Nuevo Digital de Escobar","description":"La vida escobarense. Directora: Rosana Brunner","publisher":{"@id":"https:\/\/nuevodigitaldeescobar.com.ar\/#organization"},"potentialAction":[{"@type":"SearchAction","target":{"@type":"EntryPoint","urlTemplate":"https:\/\/nuevodigitaldeescobar.com.ar\/?s={search_term_string}"},"query-input":{"@type":"PropertyValueSpecification","valueRequired":true,"valueName":"search_term_string"}}],"inLanguage":"es"},{"@type":"Organization","@id":"https:\/\/nuevodigitaldeescobar.com.ar\/#organization","name":"Nuevo Digital de Escobar","url":"https:\/\/nuevodigitaldeescobar.com.ar\/","logo":{"@type":"ImageObject","inLanguage":"es","@id":"https:\/\/nuevodigitaldeescobar.com.ar\/#\/schema\/logo\/image\/","url":"https:\/\/nuevodigitaldeescobar.com.ar\/wp-content\/uploads\/2025\/05\/cropped-logo-nuevo2.jpg","contentUrl":"https:\/\/nuevodigitaldeescobar.com.ar\/wp-content\/uploads\/2025\/05\/cropped-logo-nuevo2.jpg","width":305,"height":305,"caption":"Nuevo Digital de Escobar"},"image":{"@id":"https:\/\/nuevodigitaldeescobar.com.ar\/#\/schema\/logo\/image\/"},"sameAs":["https:\/\/www.facebook.com\/NUEVODigitalDeEscobar","https:\/\/x.com\/nuevodigescobar","https:\/\/www.instagram.com\/nuevodigitaldeescobar"]},{"@type":"Person","@id":"https:\/\/nuevodigitaldeescobar.com.ar\/#\/schema\/person\/035e90a8efe9a80e6eec22656ad6ea4c","name":"Redacci\u00f3n","image":{"@type":"ImageObject","inLanguage":"es","@id":"https:\/\/nuevodigitaldeescobar.com.ar\/#\/schema\/person\/image\/","url":"https:\/\/secure.gravatar.com\/avatar\/8af8f40000c24e9eef3034f2be5998a372bb1389e64b1a4a36b3a7979142220d?s=96&d=mm&r=g","contentUrl":"https:\/\/secure.gravatar.com\/avatar\/8af8f40000c24e9eef3034f2be5998a372bb1389e64b1a4a36b3a7979142220d?s=96&d=mm&r=g","caption":"Redacci\u00f3n"},"sameAs":["http:\/\/nuevodigitaldeescobar.com.ar"],"url":"https:\/\/nuevodigitaldeescobar.com.ar\/?author=1"}]}},"featured_image_urls":{"full":["https:\/\/nuevodigitaldeescobar.com.ar\/wp-content\/uploads\/2024\/03\/pna-3-e1709863889300.jpeg",720,540,false],"thumbnail":["https:\/\/nuevodigitaldeescobar.com.ar\/wp-content\/uploads\/2024\/03\/pna-3-150x150.jpeg",150,150,true],"medium":["https:\/\/nuevodigitaldeescobar.com.ar\/wp-content\/uploads\/2024\/03\/pna-3-300x225.jpeg",300,225,true],"medium_large":["https:\/\/nuevodigitaldeescobar.com.ar\/wp-content\/uploads\/2024\/03\/pna-3-768x576.jpeg",640,480,true],"large":["https:\/\/nuevodigitaldeescobar.com.ar\/wp-content\/uploads\/2024\/03\/pna-3-1024x768.jpeg",640,480,true],"1536x1536":["https:\/\/nuevodigitaldeescobar.com.ar\/wp-content\/uploads\/2024\/03\/pna-3-e1709863889300.jpeg",720,540,false],"2048x2048":["https:\/\/nuevodigitaldeescobar.com.ar\/wp-content\/uploads\/2024\/03\/pna-3-e1709863889300.jpeg",720,540,false]},"author_info":{"display_name":"Redacci\u00f3n","author_link":"https:\/\/nuevodigitaldeescobar.com.ar\/?author=1"},"category_info":"<a href=\"https:\/\/nuevodigitaldeescobar.com.ar\/?cat=4\" rel=\"category\">Educaci\u00f3n<\/a> <a href=\"https:\/\/nuevodigitaldeescobar.com.ar\/?cat=13\" rel=\"category\">Policiales<\/a>","tag_info":"Policiales","comment_count":"0","_links":{"self":[{"href":"https:\/\/nuevodigitaldeescobar.com.ar\/index.php?rest_route=\/wp\/v2\/posts\/4607","targetHints":{"allow":["GET"]}}],"collection":[{"href":"https:\/\/nuevodigitaldeescobar.com.ar\/index.php?rest_route=\/wp\/v2\/posts"}],"about":[{"href":"https:\/\/nuevodigitaldeescobar.com.ar\/index.php?rest_route=\/wp\/v2\/types\/post"}],"author":[{"embeddable":true,"href":"https:\/\/nuevodigitaldeescobar.com.ar\/index.php?rest_route=\/wp\/v2\/users\/1"}],"replies":[{"embeddable":true,"href":"https:\/\/nuevodigitaldeescobar.com.ar\/index.php?rest_route=%2Fwp%2Fv2%2Fcomments&post=4607"}],"version-history":[{"count":2,"href":"https:\/\/nuevodigitaldeescobar.com.ar\/index.php?rest_route=\/wp\/v2\/posts\/4607\/revisions"}],"predecessor-version":[{"id":4609,"href":"https:\/\/nuevodigitaldeescobar.com.ar\/index.php?rest_route=\/wp\/v2\/posts\/4607\/revisions\/4609"}],"wp:featuredmedia":[{"embeddable":true,"href":"https:\/\/nuevodigitaldeescobar.com.ar\/index.php?rest_route=\/wp\/v2\/media\/4061"}],"wp:attachment":[{"href":"https:\/\/nuevodigitaldeescobar.com.ar\/index.php?rest_route=%2Fwp%2Fv2%2Fmedia&parent=4607"}],"wp:term":[{"taxonomy":"category","embeddable":true,"href":"https:\/\/nuevodigitaldeescobar.com.ar\/index.php?rest_route=%2Fwp%2Fv2%2Fcategories&post=4607"},{"taxonomy":"post_tag","embeddable":true,"href":"https:\/\/nuevodigitaldeescobar.com.ar\/index.php?rest_route=%2Fwp%2Fv2%2Ftags&post=4607"}],"curies":[{"name":"wp","href":"https:\/\/api.w.org\/{rel}","templated":true}]}}