{"id":4613,"date":"2024-04-03T18:17:50","date_gmt":"2024-04-03T21:17:50","guid":{"rendered":"https:\/\/nuevodigitaldeescobar.com.ar\/?p=4613"},"modified":"2024-04-03T18:18:02","modified_gmt":"2024-04-03T21:18:02","slug":"comienzan-los-recorridos-del-mercado-popular-de-escobar","status":"publish","type":"post","link":"https:\/\/nuevodigitaldeescobar.com.ar\/?p=4613","title":{"rendered":"Comienzan los recorridos del Mercado Popular de Escobar"},"content":{"rendered":"<p><em><strong><span style=\"color: #003366;\">Unifica el Almac\u00e9n Comunitario y la Red Comunitaria, en un espacio itinerante con productos de calidad a precios accesibles.<\/span><\/strong><\/em><\/p>\n<p><!--more--><\/p>\n<hr \/>\n<p>La Municipalidad lanzar\u00e1 este viernes el Mercado Popular de Escobar, un espacio de comercio directo e itinerante con productos de calidad a precios accesibles. Esta iniciativa unifica programas municipales existentes como el Almac\u00e9n Comunitario y la Red Comunitaria, ofreciendo a los vecinos la oportunidad de encontrar en un mismo lugar insumos de primera necesidad elaborados por emprendedores y cooperativas locales, como productos de limpieza y almac\u00e9n, frutas y verduras, huevos, quesos y embutidos, pastas, l\u00e1cteos, miel y sus derivados, pescados, semillas y frutos secos, mermeladas y dulces, y garrafas.<\/p>\n<p>El mercado funcionar\u00e1 de lunes a s\u00e1bados en una localidad distinta cada d\u00eda. Adem\u00e1s de un espacio f\u00edsico con puestos de venta, habr\u00e1 un cami\u00f3n recorriendo los barrios para acercar a los vecinos y vecinas varios de estos productos, como garrafas y art\u00edculos de almac\u00e9n. Asimismo, tendr\u00e1n la opci\u00f3n de abonar con billeteras virtuales, transferencias o tarjetas de d\u00e9bito, adem\u00e1s de efectivo.<\/p>\n<p>Quienes quieran participar ofreciendo productos exclusivamente alimenticios, pueden acercarse a las oficinas de la Direcci\u00f3n General de Empleo y Econom\u00eda Social en Avenida 25 de Mayo 459, Bel\u00e9n de Escobar, el Centro C\u00edvico de Gar\u00edn (Boulevard Presidente Per\u00f3n 1163), o el Centro C\u00edvico de Matheu (Canesi al 300), de lunes a viernes de 8 a 15 horas. Es necesario estar inscripto en el Registro de Emprendedores de la Econom\u00eda Social (R.E.D.E.S.), de no estarlo, pueden gestionar la inscripci\u00f3n en las mismas oficinas o en la p\u00e1gina <a href=\"http:\/\/www.escobar360.gob.ar\">www.escobar360.gob.ar<\/a>, secci\u00f3n <em>\u201cEmpleo y emprendimientos\u201d<\/em>.<\/p>\n<p>La inauguraci\u00f3n del Mercado Popular Escobar tendr\u00e1 lugar el 5 de abril en Gar\u00edn (Lamberti y Belgrano), mientras que el cami\u00f3n recorrer\u00e1 distintos barrios de Bel\u00e9n de Escobar. El cronograma semanal de funcionamiento ser\u00e1 el siguiente, siempre de 9 a 14 horas:<\/p>\n<p><span style=\"color: #003366;\"><strong>LUNES <\/strong><\/span><\/p>\n<p>Matheu: Canesi 341<\/p>\n<p>Cada 14 d\u00edas:<\/p>\n<p>Recorrido por los barrios La Victoria, Philips, D`Accunto y El Mirador de Bel\u00e9n de Escobar<\/p>\n<p>Recorrido por los barrios San Luis, Stone, Villa Marconi, Villa Bourdet de Bel\u00e9n de Escobar<\/p>\n<p><span style=\"color: #003366;\"><strong>MARTES <\/strong><\/span><\/p>\n<p>24 de Febrero: Pablo Mar\u00edn e Islas Malvinas<\/p>\n<p>Ingeniero Maschwitz: Lambar\u00e9 y Carriego, Plaza de la Rotonda + Recorrido por los barrios San Miguel y San Lorenzo<\/p>\n<p><span style=\"color: #003366;\"><strong>MI\u00c9RCOLES <\/strong><\/span><\/p>\n<p>Maquinista Savio: Maip\u00fa y El Colibr\u00ed (frente a la Escuela 25) + Recorrido por el barrio Obejero<\/p>\n<p><span style=\"color: #003366;\"><strong>JUEVES<\/strong><\/span><\/p>\n<p>Matheu: Canesi 341<\/p>\n<p><span style=\"color: #003366;\"><strong>VIERNES <\/strong><\/span><\/p>\n<p>Gar\u00edn: Lamberti y Belgrano<\/p>\n<p>Recorrido por los barrios Villa Vallier, Villa Alegre y El Candil de Bel\u00e9n de Escobar<\/p>\n<p><span style=\"color: #003366;\"><strong>S\u00c1BADOS<\/strong><\/span><\/p>\n<p>Loma Verde: Los Cerros y Colectora Oeste.<\/p>\n<p>Cada 14 d\u00edas:<\/p>\n<p>San Javier y calle 14, Barrio Cabot, Gar\u00edn<\/p>\n<p>El Dorado y Villanueva, al lado del Polideportivo, Ingeniero Maschwitz<\/p>\n","protected":false},"excerpt":{"rendered":"<p>Unifica el Almac\u00e9n Comunitario y la Red Comunitaria, en un espacio itinerante con productos de calidad a precios accesibles.<\/p>\n","protected":false},"author":1,"featured_media":4614,"comment_status":"open","ping_status":"closed","sticky":false,"template":"","format":"standard","meta":{"footnotes":""},"categories":[10,7],"tags":[],"class_list":["post-4613","post","type-post","status-publish","format-standard","has-post-thumbnail","hentry","category-economia","category-interes-general"],"better_featured_image":{"id":4614,"alt_text":"","caption":"","description":"","media_type":"image","media_details":{"width":720,"height":411,"file":"2024\/04\/almacen-comunitario-e1712179064495.jpg","filesize":452752,"sizes":{"medium":{"file":"almacen-comunitario-e1712179064495-300x171.jpg","width":300,"height":171,"mime-type":"image\/jpeg","filesize":23782,"source_url":"https:\/\/nuevodigitaldeescobar.com.ar\/wp-content\/uploads\/2024\/04\/almacen-comunitario-e1712179064495-300x171.jpg"},"large":{"file":"almacen-comunitario-1024x682.jpg","width":1024,"height":682,"mime-type":"image\/jpeg","filesize":178274,"source_url":"https:\/\/nuevodigitaldeescobar.com.ar\/wp-content\/uploads\/2024\/04\/almacen-comunitario-1024x682.jpg"},"thumbnail":{"file":"almacen-comunitario-e1712179064495-150x150.jpg","width":150,"height":150,"mime-type":"image\/jpeg","filesize":13179,"source_url":"https:\/\/nuevodigitaldeescobar.com.ar\/wp-content\/uploads\/2024\/04\/almacen-comunitario-e1712179064495-150x150.jpg"},"medium_large":{"file":"almacen-comunitario-768x512.jpg","width":768,"height":512,"mime-type":"image\/jpeg","filesize":113993,"source_url":"https:\/\/nuevodigitaldeescobar.com.ar\/wp-content\/uploads\/2024\/04\/almacen-comunitario-768x512.jpg"},"1536x1536":{"file":"almacen-comunitario-1536x1023.jpg","width":1536,"height":1023,"mime-type":"image\/jpeg","filesize":331457,"source_url":"https:\/\/nuevodigitaldeescobar.com.ar\/wp-content\/uploads\/2024\/04\/almacen-comunitario-1536x1023.jpg"}},"image_meta":{"aperture":"0","credit":"","camera":"","caption":"","created_timestamp":"0","copyright":"","focal_length":"0","iso":"0","shutter_speed":"0","title":"","orientation":"0","keywords":[]}},"post":4613,"source_url":"https:\/\/nuevodigitaldeescobar.com.ar\/wp-content\/uploads\/2024\/04\/almacen-comunitario-e1712179064495.jpg"},"yoast_head":"<!-- This site is optimized with the Yoast SEO plugin v26.1.1 - https:\/\/yoast.com\/wordpress\/plugins\/seo\/ -->\n<title>Comienzan los recorridos del Mercado Popular de Escobar - Nuevo Digital de Escobar<\/title>\n<meta name=\"robots\" content=\"index, follow, max-snippet:-1, max-image-preview:large, max-video-preview:-1\" \/>\n<link rel=\"canonical\" href=\"https:\/\/nuevodigitaldeescobar.com.ar\/?p=4613\" \/>\n<meta property=\"og:locale\" content=\"es_ES\" \/>\n<meta property=\"og:type\" content=\"article\" \/>\n<meta property=\"og:title\" content=\"Comienzan los recorridos del Mercado Popular de Escobar - Nuevo Digital de Escobar\" \/>\n<meta property=\"og:description\" content=\"Unifica el Almac\u00e9n Comunitario y la Red Comunitaria, en un espacio itinerante con productos de calidad a precios accesibles.\" \/>\n<meta property=\"og:url\" content=\"https:\/\/nuevodigitaldeescobar.com.ar\/?p=4613\" \/>\n<meta property=\"og:site_name\" content=\"Nuevo Digital de Escobar\" \/>\n<meta property=\"article:publisher\" content=\"https:\/\/www.facebook.com\/NUEVODigitalDeEscobar\" \/>\n<meta property=\"article:published_time\" content=\"2024-04-03T21:17:50+00:00\" \/>\n<meta property=\"article:modified_time\" content=\"2024-04-03T21:18:02+00:00\" \/>\n<meta property=\"og:image\" content=\"https:\/\/nuevodigitaldeescobar.com.ar\/wp-content\/uploads\/2024\/04\/almacen-comunitario-e1712179064495.jpg\" \/>\n\t<meta property=\"og:image:width\" content=\"720\" \/>\n\t<meta property=\"og:image:height\" content=\"411\" \/>\n\t<meta property=\"og:image:type\" content=\"image\/jpeg\" \/>\n<meta name=\"author\" content=\"Redacci\u00f3n\" \/>\n<meta name=\"twitter:card\" content=\"summary_large_image\" \/>\n<meta name=\"twitter:creator\" content=\"@nuevodigescobar\" \/>\n<meta name=\"twitter:site\" content=\"@nuevodigescobar\" \/>\n<meta name=\"twitter:label1\" content=\"Escrito por\" \/>\n\t<meta name=\"twitter:data1\" content=\"Redacci\u00f3n\" \/>\n\t<meta name=\"twitter:label2\" content=\"Tiempo de lectura\" \/>\n\t<meta name=\"twitter:data2\" content=\"2 minutos\" \/>\n<script type=\"application\/ld+json\" class=\"yoast-schema-graph\">{\"@context\":\"https:\/\/schema.org\",\"@graph\":[{\"@type\":\"Article\",\"@id\":\"https:\/\/nuevodigitaldeescobar.com.ar\/?p=4613#article\",\"isPartOf\":{\"@id\":\"https:\/\/nuevodigitaldeescobar.com.ar\/?p=4613\"},\"author\":{\"name\":\"Redacci\u00f3n\",\"@id\":\"https:\/\/nuevodigitaldeescobar.com.ar\/#\/schema\/person\/035e90a8efe9a80e6eec22656ad6ea4c\"},\"headline\":\"Comienzan los recorridos del Mercado Popular de Escobar\",\"datePublished\":\"2024-04-03T21:17:50+00:00\",\"dateModified\":\"2024-04-03T21:18:02+00:00\",\"mainEntityOfPage\":{\"@id\":\"https:\/\/nuevodigitaldeescobar.com.ar\/?p=4613\"},\"wordCount\":477,\"commentCount\":0,\"publisher\":{\"@id\":\"https:\/\/nuevodigitaldeescobar.com.ar\/#organization\"},\"image\":{\"@id\":\"https:\/\/nuevodigitaldeescobar.com.ar\/?p=4613#primaryimage\"},\"thumbnailUrl\":\"https:\/\/nuevodigitaldeescobar.com.ar\/wp-content\/uploads\/2024\/04\/almacen-comunitario-e1712179064495.jpg\",\"articleSection\":[\"Econom\u00eda\",\"Inter\u00e9s general\"],\"inLanguage\":\"es\",\"potentialAction\":[{\"@type\":\"CommentAction\",\"name\":\"Comment\",\"target\":[\"https:\/\/nuevodigitaldeescobar.com.ar\/?p=4613#respond\"]}]},{\"@type\":\"WebPage\",\"@id\":\"https:\/\/nuevodigitaldeescobar.com.ar\/?p=4613\",\"url\":\"https:\/\/nuevodigitaldeescobar.com.ar\/?p=4613\",\"name\":\"Comienzan los recorridos del Mercado Popular de Escobar - Nuevo Digital de Escobar\",\"isPartOf\":{\"@id\":\"https:\/\/nuevodigitaldeescobar.com.ar\/#website\"},\"primaryImageOfPage\":{\"@id\":\"https:\/\/nuevodigitaldeescobar.com.ar\/?p=4613#primaryimage\"},\"image\":{\"@id\":\"https:\/\/nuevodigitaldeescobar.com.ar\/?p=4613#primaryimage\"},\"thumbnailUrl\":\"https:\/\/nuevodigitaldeescobar.com.ar\/wp-content\/uploads\/2024\/04\/almacen-comunitario-e1712179064495.jpg\",\"datePublished\":\"2024-04-03T21:17:50+00:00\",\"dateModified\":\"2024-04-03T21:18:02+00:00\",\"breadcrumb\":{\"@id\":\"https:\/\/nuevodigitaldeescobar.com.ar\/?p=4613#breadcrumb\"},\"inLanguage\":\"es\",\"potentialAction\":[{\"@type\":\"ReadAction\",\"target\":[\"https:\/\/nuevodigitaldeescobar.com.ar\/?p=4613\"]}]},{\"@type\":\"ImageObject\",\"inLanguage\":\"es\",\"@id\":\"https:\/\/nuevodigitaldeescobar.com.ar\/?p=4613#primaryimage\",\"url\":\"https:\/\/nuevodigitaldeescobar.com.ar\/wp-content\/uploads\/2024\/04\/almacen-comunitario-e1712179064495.jpg\",\"contentUrl\":\"https:\/\/nuevodigitaldeescobar.com.ar\/wp-content\/uploads\/2024\/04\/almacen-comunitario-e1712179064495.jpg\",\"width\":720,\"height\":411},{\"@type\":\"BreadcrumbList\",\"@id\":\"https:\/\/nuevodigitaldeescobar.com.ar\/?p=4613#breadcrumb\",\"itemListElement\":[{\"@type\":\"ListItem\",\"position\":1,\"name\":\"Portada\",\"item\":\"https:\/\/nuevodigitaldeescobar.com.ar\/\"},{\"@type\":\"ListItem\",\"position\":2,\"name\":\"Comienzan los recorridos del Mercado Popular de Escobar\"}]},{\"@type\":\"WebSite\",\"@id\":\"https:\/\/nuevodigitaldeescobar.com.ar\/#website\",\"url\":\"https:\/\/nuevodigitaldeescobar.com.ar\/\",\"name\":\"Nuevo Digital de Escobar\",\"description\":\"La vida escobarense. Directora: Rosana Brunner\",\"publisher\":{\"@id\":\"https:\/\/nuevodigitaldeescobar.com.ar\/#organization\"},\"potentialAction\":[{\"@type\":\"SearchAction\",\"target\":{\"@type\":\"EntryPoint\",\"urlTemplate\":\"https:\/\/nuevodigitaldeescobar.com.ar\/?s={search_term_string}\"},\"query-input\":{\"@type\":\"PropertyValueSpecification\",\"valueRequired\":true,\"valueName\":\"search_term_string\"}}],\"inLanguage\":\"es\"},{\"@type\":\"Organization\",\"@id\":\"https:\/\/nuevodigitaldeescobar.com.ar\/#organization\",\"name\":\"Nuevo Digital de Escobar\",\"url\":\"https:\/\/nuevodigitaldeescobar.com.ar\/\",\"logo\":{\"@type\":\"ImageObject\",\"inLanguage\":\"es\",\"@id\":\"https:\/\/nuevodigitaldeescobar.com.ar\/#\/schema\/logo\/image\/\",\"url\":\"https:\/\/nuevodigitaldeescobar.com.ar\/wp-content\/uploads\/2025\/05\/cropped-logo-nuevo2.jpg\",\"contentUrl\":\"https:\/\/nuevodigitaldeescobar.com.ar\/wp-content\/uploads\/2025\/05\/cropped-logo-nuevo2.jpg\",\"width\":305,\"height\":305,\"caption\":\"Nuevo Digital de Escobar\"},\"image\":{\"@id\":\"https:\/\/nuevodigitaldeescobar.com.ar\/#\/schema\/logo\/image\/\"},\"sameAs\":[\"https:\/\/www.facebook.com\/NUEVODigitalDeEscobar\",\"https:\/\/x.com\/nuevodigescobar\",\"https:\/\/www.instagram.com\/nuevodigitaldeescobar\"]},{\"@type\":\"Person\",\"@id\":\"https:\/\/nuevodigitaldeescobar.com.ar\/#\/schema\/person\/035e90a8efe9a80e6eec22656ad6ea4c\",\"name\":\"Redacci\u00f3n\",\"image\":{\"@type\":\"ImageObject\",\"inLanguage\":\"es\",\"@id\":\"https:\/\/nuevodigitaldeescobar.com.ar\/#\/schema\/person\/image\/\",\"url\":\"https:\/\/secure.gravatar.com\/avatar\/8af8f40000c24e9eef3034f2be5998a372bb1389e64b1a4a36b3a7979142220d?s=96&d=mm&r=g\",\"contentUrl\":\"https:\/\/secure.gravatar.com\/avatar\/8af8f40000c24e9eef3034f2be5998a372bb1389e64b1a4a36b3a7979142220d?s=96&d=mm&r=g\",\"caption\":\"Redacci\u00f3n\"},\"sameAs\":[\"http:\/\/nuevodigitaldeescobar.com.ar\"],\"url\":\"https:\/\/nuevodigitaldeescobar.com.ar\/?author=1\"}]}<\/script>\n<!-- \/ Yoast SEO plugin. -->","yoast_head_json":{"title":"Comienzan los recorridos del Mercado Popular de Escobar - Nuevo Digital de Escobar","robots":{"index":"index","follow":"follow","max-snippet":"max-snippet:-1","max-image-preview":"max-image-preview:large","max-video-preview":"max-video-preview:-1"},"canonical":"https:\/\/nuevodigitaldeescobar.com.ar\/?p=4613","og_locale":"es_ES","og_type":"article","og_title":"Comienzan los recorridos del Mercado Popular de Escobar - Nuevo Digital de Escobar","og_description":"Unifica el Almac\u00e9n Comunitario y la Red Comunitaria, en un espacio itinerante con productos de calidad a precios accesibles.","og_url":"https:\/\/nuevodigitaldeescobar.com.ar\/?p=4613","og_site_name":"Nuevo Digital de Escobar","article_publisher":"https:\/\/www.facebook.com\/NUEVODigitalDeEscobar","article_published_time":"2024-04-03T21:17:50+00:00","article_modified_time":"2024-04-03T21:18:02+00:00","og_image":[{"width":720,"height":411,"url":"https:\/\/nuevodigitaldeescobar.com.ar\/wp-content\/uploads\/2024\/04\/almacen-comunitario-e1712179064495.jpg","type":"image\/jpeg"}],"author":"Redacci\u00f3n","twitter_card":"summary_large_image","twitter_creator":"@nuevodigescobar","twitter_site":"@nuevodigescobar","twitter_misc":{"Escrito por":"Redacci\u00f3n","Tiempo de lectura":"2 minutos"},"schema":{"@context":"https:\/\/schema.org","@graph":[{"@type":"Article","@id":"https:\/\/nuevodigitaldeescobar.com.ar\/?p=4613#article","isPartOf":{"@id":"https:\/\/nuevodigitaldeescobar.com.ar\/?p=4613"},"author":{"name":"Redacci\u00f3n","@id":"https:\/\/nuevodigitaldeescobar.com.ar\/#\/schema\/person\/035e90a8efe9a80e6eec22656ad6ea4c"},"headline":"Comienzan los recorridos del Mercado Popular de Escobar","datePublished":"2024-04-03T21:17:50+00:00","dateModified":"2024-04-03T21:18:02+00:00","mainEntityOfPage":{"@id":"https:\/\/nuevodigitaldeescobar.com.ar\/?p=4613"},"wordCount":477,"commentCount":0,"publisher":{"@id":"https:\/\/nuevodigitaldeescobar.com.ar\/#organization"},"image":{"@id":"https:\/\/nuevodigitaldeescobar.com.ar\/?p=4613#primaryimage"},"thumbnailUrl":"https:\/\/nuevodigitaldeescobar.com.ar\/wp-content\/uploads\/2024\/04\/almacen-comunitario-e1712179064495.jpg","articleSection":["Econom\u00eda","Inter\u00e9s general"],"inLanguage":"es","potentialAction":[{"@type":"CommentAction","name":"Comment","target":["https:\/\/nuevodigitaldeescobar.com.ar\/?p=4613#respond"]}]},{"@type":"WebPage","@id":"https:\/\/nuevodigitaldeescobar.com.ar\/?p=4613","url":"https:\/\/nuevodigitaldeescobar.com.ar\/?p=4613","name":"Comienzan los recorridos del Mercado Popular de Escobar - Nuevo Digital de Escobar","isPartOf":{"@id":"https:\/\/nuevodigitaldeescobar.com.ar\/#website"},"primaryImageOfPage":{"@id":"https:\/\/nuevodigitaldeescobar.com.ar\/?p=4613#primaryimage"},"image":{"@id":"https:\/\/nuevodigitaldeescobar.com.ar\/?p=4613#primaryimage"},"thumbnailUrl":"https:\/\/nuevodigitaldeescobar.com.ar\/wp-content\/uploads\/2024\/04\/almacen-comunitario-e1712179064495.jpg","datePublished":"2024-04-03T21:17:50+00:00","dateModified":"2024-04-03T21:18:02+00:00","breadcrumb":{"@id":"https:\/\/nuevodigitaldeescobar.com.ar\/?p=4613#breadcrumb"},"inLanguage":"es","potentialAction":[{"@type":"ReadAction","target":["https:\/\/nuevodigitaldeescobar.com.ar\/?p=4613"]}]},{"@type":"ImageObject","inLanguage":"es","@id":"https:\/\/nuevodigitaldeescobar.com.ar\/?p=4613#primaryimage","url":"https:\/\/nuevodigitaldeescobar.com.ar\/wp-content\/uploads\/2024\/04\/almacen-comunitario-e1712179064495.jpg","contentUrl":"https:\/\/nuevodigitaldeescobar.com.ar\/wp-content\/uploads\/2024\/04\/almacen-comunitario-e1712179064495.jpg","width":720,"height":411},{"@type":"BreadcrumbList","@id":"https:\/\/nuevodigitaldeescobar.com.ar\/?p=4613#breadcrumb","itemListElement":[{"@type":"ListItem","position":1,"name":"Portada","item":"https:\/\/nuevodigitaldeescobar.com.ar\/"},{"@type":"ListItem","position":2,"name":"Comienzan los recorridos del Mercado Popular de Escobar"}]},{"@type":"WebSite","@id":"https:\/\/nuevodigitaldeescobar.com.ar\/#website","url":"https:\/\/nuevodigitaldeescobar.com.ar\/","name":"Nuevo Digital de Escobar","description":"La vida escobarense. Directora: Rosana Brunner","publisher":{"@id":"https:\/\/nuevodigitaldeescobar.com.ar\/#organization"},"potentialAction":[{"@type":"SearchAction","target":{"@type":"EntryPoint","urlTemplate":"https:\/\/nuevodigitaldeescobar.com.ar\/?s={search_term_string}"},"query-input":{"@type":"PropertyValueSpecification","valueRequired":true,"valueName":"search_term_string"}}],"inLanguage":"es"},{"@type":"Organization","@id":"https:\/\/nuevodigitaldeescobar.com.ar\/#organization","name":"Nuevo Digital de Escobar","url":"https:\/\/nuevodigitaldeescobar.com.ar\/","logo":{"@type":"ImageObject","inLanguage":"es","@id":"https:\/\/nuevodigitaldeescobar.com.ar\/#\/schema\/logo\/image\/","url":"https:\/\/nuevodigitaldeescobar.com.ar\/wp-content\/uploads\/2025\/05\/cropped-logo-nuevo2.jpg","contentUrl":"https:\/\/nuevodigitaldeescobar.com.ar\/wp-content\/uploads\/2025\/05\/cropped-logo-nuevo2.jpg","width":305,"height":305,"caption":"Nuevo Digital de Escobar"},"image":{"@id":"https:\/\/nuevodigitaldeescobar.com.ar\/#\/schema\/logo\/image\/"},"sameAs":["https:\/\/www.facebook.com\/NUEVODigitalDeEscobar","https:\/\/x.com\/nuevodigescobar","https:\/\/www.instagram.com\/nuevodigitaldeescobar"]},{"@type":"Person","@id":"https:\/\/nuevodigitaldeescobar.com.ar\/#\/schema\/person\/035e90a8efe9a80e6eec22656ad6ea4c","name":"Redacci\u00f3n","image":{"@type":"ImageObject","inLanguage":"es","@id":"https:\/\/nuevodigitaldeescobar.com.ar\/#\/schema\/person\/image\/","url":"https:\/\/secure.gravatar.com\/avatar\/8af8f40000c24e9eef3034f2be5998a372bb1389e64b1a4a36b3a7979142220d?s=96&d=mm&r=g","contentUrl":"https:\/\/secure.gravatar.com\/avatar\/8af8f40000c24e9eef3034f2be5998a372bb1389e64b1a4a36b3a7979142220d?s=96&d=mm&r=g","caption":"Redacci\u00f3n"},"sameAs":["http:\/\/nuevodigitaldeescobar.com.ar"],"url":"https:\/\/nuevodigitaldeescobar.com.ar\/?author=1"}]}},"featured_image_urls":{"full":["https:\/\/nuevodigitaldeescobar.com.ar\/wp-content\/uploads\/2024\/04\/almacen-comunitario-e1712179064495.jpg",720,411,false],"thumbnail":["https:\/\/nuevodigitaldeescobar.com.ar\/wp-content\/uploads\/2024\/04\/almacen-comunitario-e1712179064495-150x150.jpg",150,150,true],"medium":["https:\/\/nuevodigitaldeescobar.com.ar\/wp-content\/uploads\/2024\/04\/almacen-comunitario-e1712179064495-300x171.jpg",300,171,true],"medium_large":["https:\/\/nuevodigitaldeescobar.com.ar\/wp-content\/uploads\/2024\/04\/almacen-comunitario-768x512.jpg",640,427,true],"large":["https:\/\/nuevodigitaldeescobar.com.ar\/wp-content\/uploads\/2024\/04\/almacen-comunitario-1024x682.jpg",640,426,true],"1536x1536":["https:\/\/nuevodigitaldeescobar.com.ar\/wp-content\/uploads\/2024\/04\/almacen-comunitario-1536x1023.jpg",1536,1023,true],"2048x2048":["https:\/\/nuevodigitaldeescobar.com.ar\/wp-content\/uploads\/2024\/04\/almacen-comunitario-e1712179064495.jpg",720,411,false]},"author_info":{"display_name":"Redacci\u00f3n","author_link":"https:\/\/nuevodigitaldeescobar.com.ar\/?author=1"},"category_info":"<a href=\"https:\/\/nuevodigitaldeescobar.com.ar\/?cat=10\" rel=\"category\">Econom\u00eda<\/a> <a href=\"https:\/\/nuevodigitaldeescobar.com.ar\/?cat=7\" rel=\"category\">Inter\u00e9s general<\/a>","tag_info":"Inter\u00e9s general","comment_count":"0","_links":{"self":[{"href":"https:\/\/nuevodigitaldeescobar.com.ar\/index.php?rest_route=\/wp\/v2\/posts\/4613","targetHints":{"allow":["GET"]}}],"collection":[{"href":"https:\/\/nuevodigitaldeescobar.com.ar\/index.php?rest_route=\/wp\/v2\/posts"}],"about":[{"href":"https:\/\/nuevodigitaldeescobar.com.ar\/index.php?rest_route=\/wp\/v2\/types\/post"}],"author":[{"embeddable":true,"href":"https:\/\/nuevodigitaldeescobar.com.ar\/index.php?rest_route=\/wp\/v2\/users\/1"}],"replies":[{"embeddable":true,"href":"https:\/\/nuevodigitaldeescobar.com.ar\/index.php?rest_route=%2Fwp%2Fv2%2Fcomments&post=4613"}],"version-history":[{"count":1,"href":"https:\/\/nuevodigitaldeescobar.com.ar\/index.php?rest_route=\/wp\/v2\/posts\/4613\/revisions"}],"predecessor-version":[{"id":4615,"href":"https:\/\/nuevodigitaldeescobar.com.ar\/index.php?rest_route=\/wp\/v2\/posts\/4613\/revisions\/4615"}],"wp:featuredmedia":[{"embeddable":true,"href":"https:\/\/nuevodigitaldeescobar.com.ar\/index.php?rest_route=\/wp\/v2\/media\/4614"}],"wp:attachment":[{"href":"https:\/\/nuevodigitaldeescobar.com.ar\/index.php?rest_route=%2Fwp%2Fv2%2Fmedia&parent=4613"}],"wp:term":[{"taxonomy":"category","embeddable":true,"href":"https:\/\/nuevodigitaldeescobar.com.ar\/index.php?rest_route=%2Fwp%2Fv2%2Fcategories&post=4613"},{"taxonomy":"post_tag","embeddable":true,"href":"https:\/\/nuevodigitaldeescobar.com.ar\/index.php?rest_route=%2Fwp%2Fv2%2Ftags&post=4613"}],"curies":[{"name":"wp","href":"https:\/\/api.w.org\/{rel}","templated":true}]}}