{"id":4890,"date":"2024-04-17T07:00:00","date_gmt":"2024-04-17T10:00:00","guid":{"rendered":"https:\/\/nuevodigitaldeescobar.com.ar\/?p=4890"},"modified":"2024-04-16T19:34:28","modified_gmt":"2024-04-16T22:34:28","slug":"axel-kicillof-y-malena-galmarini-en-la-mira-por-cooperativas-millonarias-el-lado-b-de-otra-caja-negra-de-la-politica","status":"publish","type":"post","link":"https:\/\/nuevodigitaldeescobar.com.ar\/?p=4890","title":{"rendered":"Axel Kicillof y Malena Galmarini, en la mira por cooperativas millonarias: el lado B de otra \u00abcaja negra\u00bb de la pol\u00edtica"},"content":{"rendered":"<p><span style=\"color: #003366;\"><strong><em>Se trata de la cooperativa Las Termitas, que firm\u00f3 millonarios contratos con el Estado y con el Banco FonPlata, durante la gesti\u00f3n de Alberto Fern\u00e1ndez. Por: Luis Gasulla.<\/em><\/strong><\/span><\/p>\n<p><!--more--><\/p>\n<hr \/>\n<p>Durante la presidencia de Alberto Fern\u00e1ndez, AYSA se qued\u00f3 con un enorme presupuesto para obra p\u00fablica. Su titular era Malena Galmarini. La fuente de financiaci\u00f3n de algunas obras como las que forman parte de la presente investigaci\u00f3n, era FONPLATA, un banco de desarrollo conformado por cinco pa\u00edses de Am\u00e9rica Latina: Argentina, Brasil, Paraguay, Uruguay y Bolivia.<\/p>\n<p>Dec\u00eda Galmarini, en ese entonces: <em>\u00abTenemos un plan muy ambicioso, que es el de llevar agua y cloacas a cada vecina y vecino; esto es llevarles salud, cuidar el medio ambiente, es dar vida. Este plan consiste en acercar las obras a los barrios del conurbano, sobre todo a los que m\u00e1s necesitan. Se crear\u00e1n peque\u00f1as cooperativas de vecinas y vecinos que hoy est\u00e1n sin trabajo con un adicional que para m\u00ed es importante: buscar la perspectiva de g\u00e9nero y la paridad en la conformaci\u00f3n de los equipos de trabajo\u00bb<\/em>.<\/p>\n<h3><span style=\"color: #003366;\"><strong>Programas y financiamiento: AySA, en la mira por cooperativas millonarias<\/strong><\/span><\/h3>\n<p>El plan <em>\u00abArgentina Hace\u00bb<\/em> ten\u00eda nobles ideales. Sumaba al plan social la posibilidad de acceder a agua potable. De all\u00ed surge, en la g\u00e9nesis del kirchnerismo, el Instituto Tecnol\u00f3gico Leopoldo Marechal, conformado por AYSA y el sindicato de SGBATOS de Jos\u00e9 Luis Lingeri. El objetivo era, entre otros, dar cursos de capacitaci\u00f3n a las cooperativas que participaban de los planes de AYSA.<\/p>\n<p>El tiempo pas\u00f3 y luego de la pandemia, AYSA promocion\u00f3 otro plan inspirado en el anterior, llamado <em>\u00abm\u00e1s agua y trabajo\u00bb<\/em>. Principalmente financiaba proyectos en el conurbano bonaerense. El barrio azul en Quilmes fue una de las pruebas piloto. El proyecto beneficiar\u00eda a 4.416 personas, 1.104 conexiones nuevas de agua y 5.843 metros de ca\u00f1er\u00eda. La obra se le adjudic\u00f3 sin concurso a una cooperativa de 25 personas, que cumpl\u00eda con el cupo femenino: <em>\u00abLas Termitas\u00bb,<\/em> integrada por ex convictos sin experiencia previa en materia de construcci\u00f3n, que supuestamente eran capacitados por el Instituto Marechal de SGBATOS.<\/p>\n<figure id=\"attachment_4892\" aria-describedby=\"caption-attachment-4892\" style=\"width: 720px\" class=\"wp-caption alignnone\"><a href=\"https:\/\/nuevodigitaldeescobar.com.ar\/?attachment_id=4892\" rel=\"attachment wp-att-4892\"><img fetchpriority=\"high\" decoding=\"async\" class=\"wp-image-4892 size-full\" src=\"http:\/\/nuevodigitaldeescobar.com.ar\/wp-content\/uploads\/2024\/04\/aysa-epi-e1713306757462.jpg\" alt=\"\" width=\"720\" height=\"464\" \/><\/a><figcaption id=\"caption-attachment-4892\" class=\"wp-caption-text\">AYSA y el sindicato de SGBATOS de Jos\u00e9 Luis Lingeri se comprometieron a capacitar la cooperativa Las Termitas, compuesta por ex convictos.<\/figcaption><\/figure>\n<p>En los documentos internos de la provincia de Buenos Aires, se habla de que el programa al que pertenece el Barrio Azul supuestamente es financiado por el ya mencionado Fonplata con un pr\u00e9stamo firmado en febrero 2021 por un monto de u$s30 millones a ser aplicado al <em>\u201cPrograma Agua y Cloaca + Trabajo\u201d<\/em>.<\/p>\n<p>En la p\u00e1gina oficial del Banco de Desarrollo (FONPLATA) aparece una presentaci\u00f3n acerca de la labor de AYSA en la Argentina y c\u00f3mo utiliz\u00f3 el dinero del pr\u00e9stamo antes mencionado.<\/p>\n<p>No se habla de n\u00fameros.<\/p>\n<p>Tal vez, la responsable de la Cooperativa Las Termitas Barrio Azul, tenga alguna respuesta. Se llama Nora Cuevas.<\/p>\n<h3><span style=\"color: #003366;\"><strong>Kicillof y Mayra Mendoza, involucrados en el negocio de las cooperativas<\/strong><\/span><\/h3>\n<p>El Fonplata exige a sus miembros que se presenten los precios o balances de las obras. Aysa solo present\u00f3 el supuesto desembolso de 1.8 millones de d\u00f3lares para auditorias. Deben de ser las auditorias m\u00e1s caras del mundo.<\/p>\n<figure id=\"attachment_4891\" aria-describedby=\"caption-attachment-4891\" style=\"width: 720px\" class=\"wp-caption alignnone\"><a href=\"https:\/\/nuevodigitaldeescobar.com.ar\/?attachment_id=4891\" rel=\"attachment wp-att-4891\"><img decoding=\"async\" class=\"size-full wp-image-4891\" src=\"http:\/\/nuevodigitaldeescobar.com.ar\/wp-content\/uploads\/2024\/04\/mayra-mendoza-e1713306695404.jpg\" alt=\"\" width=\"720\" height=\"405\" \/><\/a><figcaption id=\"caption-attachment-4891\" class=\"wp-caption-text\">Mayra Mendoza pag\u00f3 casi 30 millones de pesos para contratar a la cooperativa \u00abLas Termitas\u00bb.<\/figcaption><\/figure>\n<p>Entonces \u00bfQui\u00e9n financi\u00f3 la obra en el Barrio Azul? Seg\u00fan los documentos tendr\u00eda que haber sido el dinero del Banco de Desarrollo. La Argentina recibi\u00f3 el cr\u00e9dito y fue formalmente comunicado. Pero Aysa en sus archivos lo computa como inversi\u00f3n propia o inversi\u00f3n SISU \u2013tel\u00e9fono Juan Grabois-, depende del a\u00f1o y el documento.<\/p>\n<p>Los montos pagados duplican lo presupuestado originalmente. A su vez, Mayra Mendoza desembols\u00f3 27 millones en concepto de contrataci\u00f3n de la cooperativa Las Termitas.<\/p>\n<p>Las obras no se concluyeron en los tiempos y en las formas como se hab\u00edan prometido.<\/p>\n<p>Otra vez, la plata no aparece.<\/p>\n<p><em>(Luis Gasulla &#8211; IProfesional)<\/em><\/p>\n","protected":false},"excerpt":{"rendered":"<p>Se trata de la cooperativa Las Termitas, que firm\u00f3 millonarios contratos con el Estado y con el Banco FonPlata, durante la gesti\u00f3n de Alberto Fern\u00e1ndez. [&hellip;]<\/p>\n","protected":false},"author":1,"featured_media":4893,"comment_status":"open","ping_status":"closed","sticky":false,"template":"","format":"standard","meta":{"footnotes":""},"categories":[48,6],"tags":[],"class_list":["post-4890","post","type-post","status-publish","format-standard","has-post-thumbnail","hentry","category-opinion","category-politica"],"better_featured_image":{"id":4893,"alt_text":"","caption":"","description":"","media_type":"image","media_details":{"width":720,"height":445,"file":"2024\/04\/galmarini-kicillof-e1713306859184.jpg","filesize":197227,"sizes":{"medium":{"file":"galmarini-kicillof-300x185.jpg","width":300,"height":185,"mime-type":"image\/jpeg","filesize":15146,"source_url":"https:\/\/nuevodigitaldeescobar.com.ar\/wp-content\/uploads\/2024\/04\/galmarini-kicillof-300x185.jpg"},"large":{"file":"galmarini-kicillof-1024x633.jpg","width":1024,"height":633,"mime-type":"image\/jpeg","filesize":98828,"source_url":"https:\/\/nuevodigitaldeescobar.com.ar\/wp-content\/uploads\/2024\/04\/galmarini-kicillof-1024x633.jpg"},"thumbnail":{"file":"galmarini-kicillof-150x150.jpg","width":150,"height":150,"mime-type":"image\/jpeg","filesize":6712,"source_url":"https:\/\/nuevodigitaldeescobar.com.ar\/wp-content\/uploads\/2024\/04\/galmarini-kicillof-150x150.jpg"},"medium_large":{"file":"galmarini-kicillof-768x475.jpg","width":768,"height":475,"mime-type":"image\/jpeg","filesize":65715,"source_url":"https:\/\/nuevodigitaldeescobar.com.ar\/wp-content\/uploads\/2024\/04\/galmarini-kicillof-768x475.jpg"}},"image_meta":{"aperture":"0","credit":"","camera":"","caption":"","created_timestamp":"0","copyright":"","focal_length":"0","iso":"0","shutter_speed":"0","title":"","orientation":"0","keywords":[]}},"post":4890,"source_url":"https:\/\/nuevodigitaldeescobar.com.ar\/wp-content\/uploads\/2024\/04\/galmarini-kicillof-e1713306859184.jpg"},"yoast_head":"<!-- This site is optimized with the Yoast SEO plugin v26.1.1 - https:\/\/yoast.com\/wordpress\/plugins\/seo\/ -->\n<title>Axel Kicillof y Malena Galmarini, en la mira por cooperativas millonarias: el lado B de otra &quot;caja negra&quot; de la pol\u00edtica - Nuevo Digital de Escobar<\/title>\n<meta name=\"robots\" content=\"index, follow, max-snippet:-1, max-image-preview:large, max-video-preview:-1\" \/>\n<link rel=\"canonical\" href=\"https:\/\/nuevodigitaldeescobar.com.ar\/?p=4890\" \/>\n<meta property=\"og:locale\" content=\"es_ES\" \/>\n<meta property=\"og:type\" content=\"article\" \/>\n<meta property=\"og:title\" content=\"Axel Kicillof y Malena Galmarini, en la mira por cooperativas millonarias: el lado B de otra &quot;caja negra&quot; de la pol\u00edtica - Nuevo Digital de Escobar\" \/>\n<meta property=\"og:description\" content=\"Se trata de la cooperativa Las Termitas, que firm\u00f3 millonarios contratos con el Estado y con el Banco FonPlata, durante la gesti\u00f3n de Alberto Fern\u00e1ndez. [&hellip;]\" \/>\n<meta property=\"og:url\" content=\"https:\/\/nuevodigitaldeescobar.com.ar\/?p=4890\" \/>\n<meta property=\"og:site_name\" content=\"Nuevo Digital de Escobar\" \/>\n<meta property=\"article:publisher\" content=\"https:\/\/www.facebook.com\/NUEVODigitalDeEscobar\" \/>\n<meta property=\"article:published_time\" content=\"2024-04-17T10:00:00+00:00\" \/>\n<meta property=\"og:image\" content=\"https:\/\/nuevodigitaldeescobar.com.ar\/wp-content\/uploads\/2024\/04\/galmarini-kicillof-e1713306859184.jpg\" \/>\n\t<meta property=\"og:image:width\" content=\"720\" \/>\n\t<meta property=\"og:image:height\" content=\"445\" \/>\n\t<meta property=\"og:image:type\" content=\"image\/jpeg\" \/>\n<meta name=\"author\" content=\"Redacci\u00f3n\" \/>\n<meta name=\"twitter:card\" content=\"summary_large_image\" \/>\n<meta name=\"twitter:creator\" content=\"@nuevodigescobar\" \/>\n<meta name=\"twitter:site\" content=\"@nuevodigescobar\" \/>\n<meta name=\"twitter:label1\" content=\"Escrito por\" \/>\n\t<meta name=\"twitter:data1\" content=\"Redacci\u00f3n\" \/>\n\t<meta name=\"twitter:label2\" content=\"Tiempo de lectura\" \/>\n\t<meta name=\"twitter:data2\" content=\"3 minutos\" \/>\n<script type=\"application\/ld+json\" class=\"yoast-schema-graph\">{\"@context\":\"https:\/\/schema.org\",\"@graph\":[{\"@type\":\"Article\",\"@id\":\"https:\/\/nuevodigitaldeescobar.com.ar\/?p=4890#article\",\"isPartOf\":{\"@id\":\"https:\/\/nuevodigitaldeescobar.com.ar\/?p=4890\"},\"author\":{\"name\":\"Redacci\u00f3n\",\"@id\":\"https:\/\/nuevodigitaldeescobar.com.ar\/#\/schema\/person\/035e90a8efe9a80e6eec22656ad6ea4c\"},\"headline\":\"Axel Kicillof y Malena Galmarini, en la mira por cooperativas millonarias: el lado B de otra \u00abcaja negra\u00bb de la pol\u00edtica\",\"datePublished\":\"2024-04-17T10:00:00+00:00\",\"mainEntityOfPage\":{\"@id\":\"https:\/\/nuevodigitaldeescobar.com.ar\/?p=4890\"},\"wordCount\":709,\"commentCount\":0,\"publisher\":{\"@id\":\"https:\/\/nuevodigitaldeescobar.com.ar\/#organization\"},\"image\":{\"@id\":\"https:\/\/nuevodigitaldeescobar.com.ar\/?p=4890#primaryimage\"},\"thumbnailUrl\":\"https:\/\/nuevodigitaldeescobar.com.ar\/wp-content\/uploads\/2024\/04\/galmarini-kicillof-e1713306859184.jpg\",\"articleSection\":[\"Opini\u00f3n\",\"Pol\u00edtica\"],\"inLanguage\":\"es\",\"potentialAction\":[{\"@type\":\"CommentAction\",\"name\":\"Comment\",\"target\":[\"https:\/\/nuevodigitaldeescobar.com.ar\/?p=4890#respond\"]}]},{\"@type\":\"WebPage\",\"@id\":\"https:\/\/nuevodigitaldeescobar.com.ar\/?p=4890\",\"url\":\"https:\/\/nuevodigitaldeescobar.com.ar\/?p=4890\",\"name\":\"Axel Kicillof y Malena Galmarini, en la mira por cooperativas millonarias: el lado B de otra \\\"caja negra\\\" de la pol\u00edtica - Nuevo Digital de Escobar\",\"isPartOf\":{\"@id\":\"https:\/\/nuevodigitaldeescobar.com.ar\/#website\"},\"primaryImageOfPage\":{\"@id\":\"https:\/\/nuevodigitaldeescobar.com.ar\/?p=4890#primaryimage\"},\"image\":{\"@id\":\"https:\/\/nuevodigitaldeescobar.com.ar\/?p=4890#primaryimage\"},\"thumbnailUrl\":\"https:\/\/nuevodigitaldeescobar.com.ar\/wp-content\/uploads\/2024\/04\/galmarini-kicillof-e1713306859184.jpg\",\"datePublished\":\"2024-04-17T10:00:00+00:00\",\"breadcrumb\":{\"@id\":\"https:\/\/nuevodigitaldeescobar.com.ar\/?p=4890#breadcrumb\"},\"inLanguage\":\"es\",\"potentialAction\":[{\"@type\":\"ReadAction\",\"target\":[\"https:\/\/nuevodigitaldeescobar.com.ar\/?p=4890\"]}]},{\"@type\":\"ImageObject\",\"inLanguage\":\"es\",\"@id\":\"https:\/\/nuevodigitaldeescobar.com.ar\/?p=4890#primaryimage\",\"url\":\"https:\/\/nuevodigitaldeescobar.com.ar\/wp-content\/uploads\/2024\/04\/galmarini-kicillof-e1713306859184.jpg\",\"contentUrl\":\"https:\/\/nuevodigitaldeescobar.com.ar\/wp-content\/uploads\/2024\/04\/galmarini-kicillof-e1713306859184.jpg\",\"width\":720,\"height\":445},{\"@type\":\"BreadcrumbList\",\"@id\":\"https:\/\/nuevodigitaldeescobar.com.ar\/?p=4890#breadcrumb\",\"itemListElement\":[{\"@type\":\"ListItem\",\"position\":1,\"name\":\"Portada\",\"item\":\"https:\/\/nuevodigitaldeescobar.com.ar\/\"},{\"@type\":\"ListItem\",\"position\":2,\"name\":\"Axel Kicillof y Malena Galmarini, en la mira por cooperativas millonarias: el lado B de otra &#8220;caja negra&#8221; de la pol\u00edtica\"}]},{\"@type\":\"WebSite\",\"@id\":\"https:\/\/nuevodigitaldeescobar.com.ar\/#website\",\"url\":\"https:\/\/nuevodigitaldeescobar.com.ar\/\",\"name\":\"Nuevo Digital de Escobar\",\"description\":\"La vida escobarense. Directora: Rosana Brunner\",\"publisher\":{\"@id\":\"https:\/\/nuevodigitaldeescobar.com.ar\/#organization\"},\"potentialAction\":[{\"@type\":\"SearchAction\",\"target\":{\"@type\":\"EntryPoint\",\"urlTemplate\":\"https:\/\/nuevodigitaldeescobar.com.ar\/?s={search_term_string}\"},\"query-input\":{\"@type\":\"PropertyValueSpecification\",\"valueRequired\":true,\"valueName\":\"search_term_string\"}}],\"inLanguage\":\"es\"},{\"@type\":\"Organization\",\"@id\":\"https:\/\/nuevodigitaldeescobar.com.ar\/#organization\",\"name\":\"Nuevo Digital de Escobar\",\"url\":\"https:\/\/nuevodigitaldeescobar.com.ar\/\",\"logo\":{\"@type\":\"ImageObject\",\"inLanguage\":\"es\",\"@id\":\"https:\/\/nuevodigitaldeescobar.com.ar\/#\/schema\/logo\/image\/\",\"url\":\"https:\/\/nuevodigitaldeescobar.com.ar\/wp-content\/uploads\/2025\/05\/cropped-logo-nuevo2.jpg\",\"contentUrl\":\"https:\/\/nuevodigitaldeescobar.com.ar\/wp-content\/uploads\/2025\/05\/cropped-logo-nuevo2.jpg\",\"width\":305,\"height\":305,\"caption\":\"Nuevo Digital de Escobar\"},\"image\":{\"@id\":\"https:\/\/nuevodigitaldeescobar.com.ar\/#\/schema\/logo\/image\/\"},\"sameAs\":[\"https:\/\/www.facebook.com\/NUEVODigitalDeEscobar\",\"https:\/\/x.com\/nuevodigescobar\",\"https:\/\/www.instagram.com\/nuevodigitaldeescobar\"]},{\"@type\":\"Person\",\"@id\":\"https:\/\/nuevodigitaldeescobar.com.ar\/#\/schema\/person\/035e90a8efe9a80e6eec22656ad6ea4c\",\"name\":\"Redacci\u00f3n\",\"image\":{\"@type\":\"ImageObject\",\"inLanguage\":\"es\",\"@id\":\"https:\/\/nuevodigitaldeescobar.com.ar\/#\/schema\/person\/image\/\",\"url\":\"https:\/\/secure.gravatar.com\/avatar\/8af8f40000c24e9eef3034f2be5998a372bb1389e64b1a4a36b3a7979142220d?s=96&d=mm&r=g\",\"contentUrl\":\"https:\/\/secure.gravatar.com\/avatar\/8af8f40000c24e9eef3034f2be5998a372bb1389e64b1a4a36b3a7979142220d?s=96&d=mm&r=g\",\"caption\":\"Redacci\u00f3n\"},\"sameAs\":[\"http:\/\/nuevodigitaldeescobar.com.ar\"],\"url\":\"https:\/\/nuevodigitaldeescobar.com.ar\/?author=1\"}]}<\/script>\n<!-- \/ Yoast SEO plugin. -->","yoast_head_json":{"title":"Axel Kicillof y Malena Galmarini, en la mira por cooperativas millonarias: el lado B de otra \"caja negra\" de la pol\u00edtica - Nuevo Digital de Escobar","robots":{"index":"index","follow":"follow","max-snippet":"max-snippet:-1","max-image-preview":"max-image-preview:large","max-video-preview":"max-video-preview:-1"},"canonical":"https:\/\/nuevodigitaldeescobar.com.ar\/?p=4890","og_locale":"es_ES","og_type":"article","og_title":"Axel Kicillof y Malena Galmarini, en la mira por cooperativas millonarias: el lado B de otra \"caja negra\" de la pol\u00edtica - Nuevo Digital de Escobar","og_description":"Se trata de la cooperativa Las Termitas, que firm\u00f3 millonarios contratos con el Estado y con el Banco FonPlata, durante la gesti\u00f3n de Alberto Fern\u00e1ndez. [&hellip;]","og_url":"https:\/\/nuevodigitaldeescobar.com.ar\/?p=4890","og_site_name":"Nuevo Digital de Escobar","article_publisher":"https:\/\/www.facebook.com\/NUEVODigitalDeEscobar","article_published_time":"2024-04-17T10:00:00+00:00","og_image":[{"width":720,"height":445,"url":"https:\/\/nuevodigitaldeescobar.com.ar\/wp-content\/uploads\/2024\/04\/galmarini-kicillof-e1713306859184.jpg","type":"image\/jpeg"}],"author":"Redacci\u00f3n","twitter_card":"summary_large_image","twitter_creator":"@nuevodigescobar","twitter_site":"@nuevodigescobar","twitter_misc":{"Escrito por":"Redacci\u00f3n","Tiempo de lectura":"3 minutos"},"schema":{"@context":"https:\/\/schema.org","@graph":[{"@type":"Article","@id":"https:\/\/nuevodigitaldeescobar.com.ar\/?p=4890#article","isPartOf":{"@id":"https:\/\/nuevodigitaldeescobar.com.ar\/?p=4890"},"author":{"name":"Redacci\u00f3n","@id":"https:\/\/nuevodigitaldeescobar.com.ar\/#\/schema\/person\/035e90a8efe9a80e6eec22656ad6ea4c"},"headline":"Axel Kicillof y Malena Galmarini, en la mira por cooperativas millonarias: el lado B de otra \u00abcaja negra\u00bb de la pol\u00edtica","datePublished":"2024-04-17T10:00:00+00:00","mainEntityOfPage":{"@id":"https:\/\/nuevodigitaldeescobar.com.ar\/?p=4890"},"wordCount":709,"commentCount":0,"publisher":{"@id":"https:\/\/nuevodigitaldeescobar.com.ar\/#organization"},"image":{"@id":"https:\/\/nuevodigitaldeescobar.com.ar\/?p=4890#primaryimage"},"thumbnailUrl":"https:\/\/nuevodigitaldeescobar.com.ar\/wp-content\/uploads\/2024\/04\/galmarini-kicillof-e1713306859184.jpg","articleSection":["Opini\u00f3n","Pol\u00edtica"],"inLanguage":"es","potentialAction":[{"@type":"CommentAction","name":"Comment","target":["https:\/\/nuevodigitaldeescobar.com.ar\/?p=4890#respond"]}]},{"@type":"WebPage","@id":"https:\/\/nuevodigitaldeescobar.com.ar\/?p=4890","url":"https:\/\/nuevodigitaldeescobar.com.ar\/?p=4890","name":"Axel Kicillof y Malena Galmarini, en la mira por cooperativas millonarias: el lado B de otra \"caja negra\" de la pol\u00edtica - Nuevo Digital de Escobar","isPartOf":{"@id":"https:\/\/nuevodigitaldeescobar.com.ar\/#website"},"primaryImageOfPage":{"@id":"https:\/\/nuevodigitaldeescobar.com.ar\/?p=4890#primaryimage"},"image":{"@id":"https:\/\/nuevodigitaldeescobar.com.ar\/?p=4890#primaryimage"},"thumbnailUrl":"https:\/\/nuevodigitaldeescobar.com.ar\/wp-content\/uploads\/2024\/04\/galmarini-kicillof-e1713306859184.jpg","datePublished":"2024-04-17T10:00:00+00:00","breadcrumb":{"@id":"https:\/\/nuevodigitaldeescobar.com.ar\/?p=4890#breadcrumb"},"inLanguage":"es","potentialAction":[{"@type":"ReadAction","target":["https:\/\/nuevodigitaldeescobar.com.ar\/?p=4890"]}]},{"@type":"ImageObject","inLanguage":"es","@id":"https:\/\/nuevodigitaldeescobar.com.ar\/?p=4890#primaryimage","url":"https:\/\/nuevodigitaldeescobar.com.ar\/wp-content\/uploads\/2024\/04\/galmarini-kicillof-e1713306859184.jpg","contentUrl":"https:\/\/nuevodigitaldeescobar.com.ar\/wp-content\/uploads\/2024\/04\/galmarini-kicillof-e1713306859184.jpg","width":720,"height":445},{"@type":"BreadcrumbList","@id":"https:\/\/nuevodigitaldeescobar.com.ar\/?p=4890#breadcrumb","itemListElement":[{"@type":"ListItem","position":1,"name":"Portada","item":"https:\/\/nuevodigitaldeescobar.com.ar\/"},{"@type":"ListItem","position":2,"name":"Axel Kicillof y Malena Galmarini, en la mira por cooperativas millonarias: el lado B de otra &#8220;caja negra&#8221; de la pol\u00edtica"}]},{"@type":"WebSite","@id":"https:\/\/nuevodigitaldeescobar.com.ar\/#website","url":"https:\/\/nuevodigitaldeescobar.com.ar\/","name":"Nuevo Digital de Escobar","description":"La vida escobarense. Directora: Rosana Brunner","publisher":{"@id":"https:\/\/nuevodigitaldeescobar.com.ar\/#organization"},"potentialAction":[{"@type":"SearchAction","target":{"@type":"EntryPoint","urlTemplate":"https:\/\/nuevodigitaldeescobar.com.ar\/?s={search_term_string}"},"query-input":{"@type":"PropertyValueSpecification","valueRequired":true,"valueName":"search_term_string"}}],"inLanguage":"es"},{"@type":"Organization","@id":"https:\/\/nuevodigitaldeescobar.com.ar\/#organization","name":"Nuevo Digital de Escobar","url":"https:\/\/nuevodigitaldeescobar.com.ar\/","logo":{"@type":"ImageObject","inLanguage":"es","@id":"https:\/\/nuevodigitaldeescobar.com.ar\/#\/schema\/logo\/image\/","url":"https:\/\/nuevodigitaldeescobar.com.ar\/wp-content\/uploads\/2025\/05\/cropped-logo-nuevo2.jpg","contentUrl":"https:\/\/nuevodigitaldeescobar.com.ar\/wp-content\/uploads\/2025\/05\/cropped-logo-nuevo2.jpg","width":305,"height":305,"caption":"Nuevo Digital de Escobar"},"image":{"@id":"https:\/\/nuevodigitaldeescobar.com.ar\/#\/schema\/logo\/image\/"},"sameAs":["https:\/\/www.facebook.com\/NUEVODigitalDeEscobar","https:\/\/x.com\/nuevodigescobar","https:\/\/www.instagram.com\/nuevodigitaldeescobar"]},{"@type":"Person","@id":"https:\/\/nuevodigitaldeescobar.com.ar\/#\/schema\/person\/035e90a8efe9a80e6eec22656ad6ea4c","name":"Redacci\u00f3n","image":{"@type":"ImageObject","inLanguage":"es","@id":"https:\/\/nuevodigitaldeescobar.com.ar\/#\/schema\/person\/image\/","url":"https:\/\/secure.gravatar.com\/avatar\/8af8f40000c24e9eef3034f2be5998a372bb1389e64b1a4a36b3a7979142220d?s=96&d=mm&r=g","contentUrl":"https:\/\/secure.gravatar.com\/avatar\/8af8f40000c24e9eef3034f2be5998a372bb1389e64b1a4a36b3a7979142220d?s=96&d=mm&r=g","caption":"Redacci\u00f3n"},"sameAs":["http:\/\/nuevodigitaldeescobar.com.ar"],"url":"https:\/\/nuevodigitaldeescobar.com.ar\/?author=1"}]}},"featured_image_urls":{"full":["https:\/\/nuevodigitaldeescobar.com.ar\/wp-content\/uploads\/2024\/04\/galmarini-kicillof-e1713306859184.jpg",720,445,false],"thumbnail":["https:\/\/nuevodigitaldeescobar.com.ar\/wp-content\/uploads\/2024\/04\/galmarini-kicillof-150x150.jpg",150,150,true],"medium":["https:\/\/nuevodigitaldeescobar.com.ar\/wp-content\/uploads\/2024\/04\/galmarini-kicillof-300x185.jpg",300,185,true],"medium_large":["https:\/\/nuevodigitaldeescobar.com.ar\/wp-content\/uploads\/2024\/04\/galmarini-kicillof-768x475.jpg",640,396,true],"large":["https:\/\/nuevodigitaldeescobar.com.ar\/wp-content\/uploads\/2024\/04\/galmarini-kicillof-1024x633.jpg",640,396,true],"1536x1536":["https:\/\/nuevodigitaldeescobar.com.ar\/wp-content\/uploads\/2024\/04\/galmarini-kicillof-e1713306859184.jpg",720,445,false],"2048x2048":["https:\/\/nuevodigitaldeescobar.com.ar\/wp-content\/uploads\/2024\/04\/galmarini-kicillof-e1713306859184.jpg",720,445,false]},"author_info":{"display_name":"Redacci\u00f3n","author_link":"https:\/\/nuevodigitaldeescobar.com.ar\/?author=1"},"category_info":"<a href=\"https:\/\/nuevodigitaldeescobar.com.ar\/?cat=48\" rel=\"category\">Opini\u00f3n<\/a> <a href=\"https:\/\/nuevodigitaldeescobar.com.ar\/?cat=6\" rel=\"category\">Pol\u00edtica<\/a>","tag_info":"Pol\u00edtica","comment_count":"0","_links":{"self":[{"href":"https:\/\/nuevodigitaldeescobar.com.ar\/index.php?rest_route=\/wp\/v2\/posts\/4890","targetHints":{"allow":["GET"]}}],"collection":[{"href":"https:\/\/nuevodigitaldeescobar.com.ar\/index.php?rest_route=\/wp\/v2\/posts"}],"about":[{"href":"https:\/\/nuevodigitaldeescobar.com.ar\/index.php?rest_route=\/wp\/v2\/types\/post"}],"author":[{"embeddable":true,"href":"https:\/\/nuevodigitaldeescobar.com.ar\/index.php?rest_route=\/wp\/v2\/users\/1"}],"replies":[{"embeddable":true,"href":"https:\/\/nuevodigitaldeescobar.com.ar\/index.php?rest_route=%2Fwp%2Fv2%2Fcomments&post=4890"}],"version-history":[{"count":1,"href":"https:\/\/nuevodigitaldeescobar.com.ar\/index.php?rest_route=\/wp\/v2\/posts\/4890\/revisions"}],"predecessor-version":[{"id":4894,"href":"https:\/\/nuevodigitaldeescobar.com.ar\/index.php?rest_route=\/wp\/v2\/posts\/4890\/revisions\/4894"}],"wp:featuredmedia":[{"embeddable":true,"href":"https:\/\/nuevodigitaldeescobar.com.ar\/index.php?rest_route=\/wp\/v2\/media\/4893"}],"wp:attachment":[{"href":"https:\/\/nuevodigitaldeescobar.com.ar\/index.php?rest_route=%2Fwp%2Fv2%2Fmedia&parent=4890"}],"wp:term":[{"taxonomy":"category","embeddable":true,"href":"https:\/\/nuevodigitaldeescobar.com.ar\/index.php?rest_route=%2Fwp%2Fv2%2Fcategories&post=4890"},{"taxonomy":"post_tag","embeddable":true,"href":"https:\/\/nuevodigitaldeescobar.com.ar\/index.php?rest_route=%2Fwp%2Fv2%2Ftags&post=4890"}],"curies":[{"name":"wp","href":"https:\/\/api.w.org\/{rel}","templated":true}]}}