{"id":4909,"date":"2024-04-17T13:11:35","date_gmt":"2024-04-17T16:11:35","guid":{"rendered":"https:\/\/nuevodigitaldeescobar.com.ar\/?p=4909"},"modified":"2024-04-17T13:11:46","modified_gmt":"2024-04-17T16:11:46","slug":"prepagas-los-aumentos-de-las-cuotas-se-calcularan-en-funcion-de-la-inflacion","status":"publish","type":"post","link":"https:\/\/nuevodigitaldeescobar.com.ar\/?p=4909","title":{"rendered":"Prepagas: los aumentos de las cuotas se calcular\u00e1n en funci\u00f3n de la inflaci\u00f3n"},"content":{"rendered":"<p><span style=\"color: #003366;\"><strong><em>El Gobierno decidi\u00f3 regular los precios de ese servicio, que se dispararon tras el DNU 70\/2023. Las empresas de medicina prepaga deber\u00e1n recalcular los aumentos de las cuotas de sus planes en funci\u00f3n de la variaci\u00f3n de la inflaci\u00f3n.<\/em><\/strong><\/span><\/p>\n<p><!--more--><\/p>\n<hr \/>\n<p>La Secretar\u00eda de Industria y Comercio inform\u00f3 este mi\u00e9rcoles que ha dictado una <em>\u00abmedida de tutela anticipada\u00bb<\/em> que obliga a un grupo de empresas de medicina prepaga -que representa el 75% de los afiliados- a reajustar a partir de la pr\u00f3xima facturaci\u00f3n los valores de las cuotas de sus planes de salud a diciembre de 2023, ajustado por el \u00cdndice de Precios al Consumidor (IPC).<\/p>\n<p>Seg\u00fan la informaci\u00f3n oficial, la Comisi\u00f3n Nacional de Defensa de la Competencia (CNDC) determin\u00f3, de forma preliminar, que <em>\u00abexisten indicios s\u00f3lidos de un acuerdo colusivo entre las empresas de medicina prepaga\u00bb<\/em>.<\/p>\n<p><em>\u00abLos efectos inmediatos de este supuesto accionar es el aumento cuasi uniforme en los precios de los planes\u00bb<\/em>, alert\u00f3 la CNCD, que emiti\u00f3 un dictamen aconsejando al Secretario de Industria y Comercio del Ministerio de Econom\u00eda la adopci\u00f3n de una medida cautelar, que faculta a esa Secretar\u00eda a <em>\u00abimponer el cumplimiento de condiciones u ordenar el cese de conductas con el objetivo de evitar que se produzca un da\u00f1o, o disminuir su magnitud, su continuaci\u00f3n o agravamiento\u00bb<\/em>.<\/p>\n<p>El dictamen sostiene que <em>\u00absiete empresas de medicina prepaga, la confederaci\u00f3n que las agrupa y la persona que preside la misma\u00bb<\/em>, deben cumplir con los siguientes requerimientos:<\/p>\n<ul>\n<li>Por el plazo de seis meses, los valores de las cuotas de los planes de salud m\u00e9dico-asistenciales a ser cobradas no podr\u00e1n superar al siguiente c\u00e1lculo: la cuota del plan de salud m\u00e9dico asistencial de diciembre de 2023 multiplicada por 1 + la variaci\u00f3n porcentual entre el \u00cdndice de Precios al Consumidor nivel general con cobertura nacional elaborado por el INDEC vigente al momento de la facturaci\u00f3n correspondiente.<\/li>\n<li>Cesar con cualquier tipo de intercambio de informaci\u00f3n, ya sea en el marco de las reuniones de la Confederaci\u00f3n Uni\u00f3n Argentina de Salud (UAS) o cualquier otro \u00e1mbito, que implique precios, servicios a proveer, costos y cualquier otra informaci\u00f3n comercial.<\/li>\n<li>La medida preventiva ordena adem\u00e1s a las compa\u00f1\u00edas de medicina prepaga a presentar informaci\u00f3n a la CNDC sobre precios nominales de cada plan de salud ofrecido, ingresos obtenidos por cada plan de salud y cantidad de afiliados en cada uno de los planes.<\/li>\n<\/ul>\n<p>El Gobierno detall\u00f3 adem\u00e1s que las personas investigadas por la CNDC y alcanzadas por la medida cautelar son las empresas de medicina prepaga Galeno Argentina, Hospital Brit\u00e1nico de Buenos Aires Asociaci\u00f3n Civil, Hospital Alem\u00e1n Asociaci\u00f3n Civil, Medif\u00e9 Asociaci\u00f3n Civil, Swiss Medical, Omint, OSDE Organizaci\u00f3n de Servicios Directos Empresarios; la Uni\u00f3n Argentina de Salud (UAS) y Claudio Belocopitt, <em>\u00aben su doble car\u00e1cter de presidente de la firma Swiss Medical y de la UAS\u00bb<\/em>.<\/p>\n<p>La investigaci\u00f3n en curso se realiz\u00f3 a partir de una denuncia por parte de legisladores de la Coalici\u00f3n C\u00edvica por cartelizaci\u00f3n en los t\u00e9rminos de la Ley de Defensa de la Competencia, en virtud del aumento coordinado de los precios de los planes de medicina prepaga de las empresas detalladas, desde la entrada en vigencia del Decreto de Necesidad y Urgencia 70\/2023.<\/p>\n<p><a href=\"https:\/\/nuevodigitaldeescobar.com.ar\/?attachment_id=4911\" rel=\"attachment wp-att-4911\"><img fetchpriority=\"high\" decoding=\"async\" class=\"alignnone size-full wp-image-4911\" src=\"http:\/\/nuevodigitaldeescobar.com.ar\/wp-content\/uploads\/2024\/04\/osde-galeno-swiss-medical-e1713370251882.jpg\" alt=\"\" width=\"720\" height=\"497\" \/><\/a><\/p>\n<h2><span style=\"color: #003366;\"><strong>Adorni: \u00abLa Argentina de la avivada se termin\u00f3\u00bb<\/strong><\/span><\/h2>\n<p>En su habitual conferencia de prensa, el vocero detall\u00f3 que, por disposici\u00f3n de la Secretar\u00eda de Industria y Comercio del Ministerio de Econom\u00eda siete empresas del sector tendr\u00e1n que aplicar el IPC para ajustar las cuotas por el plazo de 6 meses.<\/p>\n<p>El dictamen obliga adem\u00e1s a las compa\u00f1\u00edas a cesar cualquier intercambio de informaci\u00f3n y a aportar datos a la Comisi\u00f3n Nacional de Defensa de la Competencia sobre cantidad de afiliados y precios nominales de los planes de salud ofrecidos.<\/p>\n<p><em>\u00abLa Argentina de la avivada se termin\u00f3 el 10 de diciembre\u00bb<\/em>, remarc\u00f3 el portavoz del presidente Javier Milei, y agreg\u00f3: <em>\u00abEl Gobierno del Presidente Milei no va a convalidar maniobras especulativas desde ning\u00fan punto de vista\u201d<\/em>.<\/p>\n<p>A la disposici\u00f3n, se suma la medida cautelar que present\u00f3 la Superintendencia de Salud ante la Justicia, para obligar a las empresas que concentran el 90% del mercado de medicina prepaga a retrotraer el valor de las cuotas y a devolver a los afiliados el monto por encima de la inflaci\u00f3n que cobraron desde diciembre.<\/p>\n<p><em>\u201cEste organismo no controla m\u00e1s los precios, pero s\u00ed busca garantizar la libre competencia y la libertad de elegir en beneficio de los argentinos\u201d<\/em>, aclararon.<\/p>\n<p>De esta manera, el Gobierno conf\u00eda en poder resolver un reclamo que afectaba principalmente a la clase media y que hab\u00eda generado un importante cruce con el rubro.<\/p>\n<p>D\u00edas atr\u00e1s, el ministro de Econom\u00eda, Luis Caputo, hab\u00eda asegurado que <em>\u201clas prepagas le est\u00e1n declarando la guerra a la clase media\u201d<\/em> con los aumentos desmedidos, por lo que hab\u00eda se\u00f1alado que desde el Gobierno iban a hacer <em>\u201ctodo lo que est\u00e9 al alcance\u201d<\/em> para defender a ese sector de la poblaci\u00f3n: incluso, se desliz\u00f3 la posibilidad de recurrir a la Justicia.<\/p>\n<p>El encargado de dar la cara por las empresas de medicina prepaga fue Claudio Belocopitt, due\u00f1o de Swiss Medical y quien fue titular de la Uni\u00f3n Argentina de Salud (UAS) hasta el pasado lunes.<\/p>\n<p>El empresario rechaz\u00f3 las acusaciones que recibi\u00f3 y se mostr\u00f3 ofendido por el hecho de que se haya revelado la cantidad de dinero que recibi\u00f3 de parte del Estado en concepto de ATP durante la pandemia de coronavirus: afirm\u00f3 que el Gobierno del presidente Javier Milei le tir\u00f3 <em>\u201cun balde de mierda\u201d<\/em> para desprestigiarlo.<\/p>\n<p><em>(NA)<\/em><\/p>\n","protected":false},"excerpt":{"rendered":"<p>El Gobierno decidi\u00f3 regular los precios de ese servicio, que se dispararon tras el DNU 70\/2023. Las empresas de medicina prepaga deber\u00e1n recalcular los aumentos [&hellip;]<\/p>\n","protected":false},"author":1,"featured_media":4910,"comment_status":"open","ping_status":"closed","sticky":false,"template":"","format":"standard","meta":{"footnotes":""},"categories":[10,3],"tags":[],"class_list":["post-4909","post","type-post","status-publish","format-standard","has-post-thumbnail","hentry","category-economia","category-nutricion"],"better_featured_image":{"id":4910,"alt_text":"","caption":"","description":"","media_type":"image","media_details":{"width":720,"height":476,"file":"2024\/04\/osde-prepagas-e1713370171577.jpg","filesize":180702,"sizes":{"medium":{"file":"osde-prepagas-300x199.jpg","width":300,"height":199,"mime-type":"image\/jpeg","filesize":16208,"source_url":"https:\/\/nuevodigitaldeescobar.com.ar\/wp-content\/uploads\/2024\/04\/osde-prepagas-300x199.jpg"},"large":{"file":"osde-prepagas-1024x678.jpg","width":1024,"height":678,"mime-type":"image\/jpeg","filesize":111091,"source_url":"https:\/\/nuevodigitaldeescobar.com.ar\/wp-content\/uploads\/2024\/04\/osde-prepagas-1024x678.jpg"},"thumbnail":{"file":"osde-prepagas-150x150.jpg","width":150,"height":150,"mime-type":"image\/jpeg","filesize":7265,"source_url":"https:\/\/nuevodigitaldeescobar.com.ar\/wp-content\/uploads\/2024\/04\/osde-prepagas-150x150.jpg"},"medium_large":{"file":"osde-prepagas-768x508.jpg","width":768,"height":508,"mime-type":"image\/jpeg","filesize":71310,"source_url":"https:\/\/nuevodigitaldeescobar.com.ar\/wp-content\/uploads\/2024\/04\/osde-prepagas-768x508.jpg"}},"image_meta":{"aperture":"0","credit":"","camera":"","caption":"","created_timestamp":"0","copyright":"","focal_length":"0","iso":"0","shutter_speed":"0","title":"","orientation":"0","keywords":[]}},"post":4909,"source_url":"https:\/\/nuevodigitaldeescobar.com.ar\/wp-content\/uploads\/2024\/04\/osde-prepagas-e1713370171577.jpg"},"yoast_head":"<!-- This site is optimized with the Yoast SEO plugin v26.1.1 - https:\/\/yoast.com\/wordpress\/plugins\/seo\/ -->\n<title>Prepagas: los aumentos de las cuotas se calcular\u00e1n en funci\u00f3n de la inflaci\u00f3n - Nuevo Digital de Escobar<\/title>\n<meta name=\"robots\" content=\"index, follow, max-snippet:-1, max-image-preview:large, max-video-preview:-1\" \/>\n<link rel=\"canonical\" href=\"https:\/\/nuevodigitaldeescobar.com.ar\/?p=4909\" \/>\n<meta property=\"og:locale\" content=\"es_ES\" \/>\n<meta property=\"og:type\" content=\"article\" \/>\n<meta property=\"og:title\" content=\"Prepagas: los aumentos de las cuotas se calcular\u00e1n en funci\u00f3n de la inflaci\u00f3n - Nuevo Digital de Escobar\" \/>\n<meta property=\"og:description\" content=\"El Gobierno decidi\u00f3 regular los precios de ese servicio, que se dispararon tras el DNU 70\/2023. Las empresas de medicina prepaga deber\u00e1n recalcular los aumentos [&hellip;]\" \/>\n<meta property=\"og:url\" content=\"https:\/\/nuevodigitaldeescobar.com.ar\/?p=4909\" \/>\n<meta property=\"og:site_name\" content=\"Nuevo Digital de Escobar\" \/>\n<meta property=\"article:publisher\" content=\"https:\/\/www.facebook.com\/NUEVODigitalDeEscobar\" \/>\n<meta property=\"article:published_time\" content=\"2024-04-17T16:11:35+00:00\" \/>\n<meta property=\"article:modified_time\" content=\"2024-04-17T16:11:46+00:00\" \/>\n<meta property=\"og:image\" content=\"https:\/\/nuevodigitaldeescobar.com.ar\/wp-content\/uploads\/2024\/04\/osde-prepagas-e1713370171577.jpg\" \/>\n\t<meta property=\"og:image:width\" content=\"720\" \/>\n\t<meta property=\"og:image:height\" content=\"476\" \/>\n\t<meta property=\"og:image:type\" content=\"image\/jpeg\" \/>\n<meta name=\"author\" content=\"Redacci\u00f3n\" \/>\n<meta name=\"twitter:card\" content=\"summary_large_image\" \/>\n<meta name=\"twitter:creator\" content=\"@nuevodigescobar\" \/>\n<meta name=\"twitter:site\" content=\"@nuevodigescobar\" \/>\n<meta name=\"twitter:label1\" content=\"Escrito por\" \/>\n\t<meta name=\"twitter:data1\" content=\"Redacci\u00f3n\" \/>\n\t<meta name=\"twitter:label2\" content=\"Tiempo de lectura\" \/>\n\t<meta name=\"twitter:data2\" content=\"5 minutos\" \/>\n<script type=\"application\/ld+json\" class=\"yoast-schema-graph\">{\"@context\":\"https:\/\/schema.org\",\"@graph\":[{\"@type\":\"Article\",\"@id\":\"https:\/\/nuevodigitaldeescobar.com.ar\/?p=4909#article\",\"isPartOf\":{\"@id\":\"https:\/\/nuevodigitaldeescobar.com.ar\/?p=4909\"},\"author\":{\"name\":\"Redacci\u00f3n\",\"@id\":\"https:\/\/nuevodigitaldeescobar.com.ar\/#\/schema\/person\/035e90a8efe9a80e6eec22656ad6ea4c\"},\"headline\":\"Prepagas: los aumentos de las cuotas se calcular\u00e1n en funci\u00f3n de la inflaci\u00f3n\",\"datePublished\":\"2024-04-17T16:11:35+00:00\",\"dateModified\":\"2024-04-17T16:11:46+00:00\",\"mainEntityOfPage\":{\"@id\":\"https:\/\/nuevodigitaldeescobar.com.ar\/?p=4909\"},\"wordCount\":983,\"commentCount\":0,\"publisher\":{\"@id\":\"https:\/\/nuevodigitaldeescobar.com.ar\/#organization\"},\"image\":{\"@id\":\"https:\/\/nuevodigitaldeescobar.com.ar\/?p=4909#primaryimage\"},\"thumbnailUrl\":\"https:\/\/nuevodigitaldeescobar.com.ar\/wp-content\/uploads\/2024\/04\/osde-prepagas-e1713370171577.jpg\",\"articleSection\":[\"Econom\u00eda\",\"Salud y Nutrici\u00f3n\"],\"inLanguage\":\"es\",\"potentialAction\":[{\"@type\":\"CommentAction\",\"name\":\"Comment\",\"target\":[\"https:\/\/nuevodigitaldeescobar.com.ar\/?p=4909#respond\"]}]},{\"@type\":\"WebPage\",\"@id\":\"https:\/\/nuevodigitaldeescobar.com.ar\/?p=4909\",\"url\":\"https:\/\/nuevodigitaldeescobar.com.ar\/?p=4909\",\"name\":\"Prepagas: los aumentos de las cuotas se calcular\u00e1n en funci\u00f3n de la inflaci\u00f3n - Nuevo Digital de Escobar\",\"isPartOf\":{\"@id\":\"https:\/\/nuevodigitaldeescobar.com.ar\/#website\"},\"primaryImageOfPage\":{\"@id\":\"https:\/\/nuevodigitaldeescobar.com.ar\/?p=4909#primaryimage\"},\"image\":{\"@id\":\"https:\/\/nuevodigitaldeescobar.com.ar\/?p=4909#primaryimage\"},\"thumbnailUrl\":\"https:\/\/nuevodigitaldeescobar.com.ar\/wp-content\/uploads\/2024\/04\/osde-prepagas-e1713370171577.jpg\",\"datePublished\":\"2024-04-17T16:11:35+00:00\",\"dateModified\":\"2024-04-17T16:11:46+00:00\",\"breadcrumb\":{\"@id\":\"https:\/\/nuevodigitaldeescobar.com.ar\/?p=4909#breadcrumb\"},\"inLanguage\":\"es\",\"potentialAction\":[{\"@type\":\"ReadAction\",\"target\":[\"https:\/\/nuevodigitaldeescobar.com.ar\/?p=4909\"]}]},{\"@type\":\"ImageObject\",\"inLanguage\":\"es\",\"@id\":\"https:\/\/nuevodigitaldeescobar.com.ar\/?p=4909#primaryimage\",\"url\":\"https:\/\/nuevodigitaldeescobar.com.ar\/wp-content\/uploads\/2024\/04\/osde-prepagas-e1713370171577.jpg\",\"contentUrl\":\"https:\/\/nuevodigitaldeescobar.com.ar\/wp-content\/uploads\/2024\/04\/osde-prepagas-e1713370171577.jpg\",\"width\":720,\"height\":476},{\"@type\":\"BreadcrumbList\",\"@id\":\"https:\/\/nuevodigitaldeescobar.com.ar\/?p=4909#breadcrumb\",\"itemListElement\":[{\"@type\":\"ListItem\",\"position\":1,\"name\":\"Portada\",\"item\":\"https:\/\/nuevodigitaldeescobar.com.ar\/\"},{\"@type\":\"ListItem\",\"position\":2,\"name\":\"Prepagas: los aumentos de las cuotas se calcular\u00e1n en funci\u00f3n de la inflaci\u00f3n\"}]},{\"@type\":\"WebSite\",\"@id\":\"https:\/\/nuevodigitaldeescobar.com.ar\/#website\",\"url\":\"https:\/\/nuevodigitaldeescobar.com.ar\/\",\"name\":\"Nuevo Digital de Escobar\",\"description\":\"La vida escobarense. Directora: Rosana Brunner\",\"publisher\":{\"@id\":\"https:\/\/nuevodigitaldeescobar.com.ar\/#organization\"},\"potentialAction\":[{\"@type\":\"SearchAction\",\"target\":{\"@type\":\"EntryPoint\",\"urlTemplate\":\"https:\/\/nuevodigitaldeescobar.com.ar\/?s={search_term_string}\"},\"query-input\":{\"@type\":\"PropertyValueSpecification\",\"valueRequired\":true,\"valueName\":\"search_term_string\"}}],\"inLanguage\":\"es\"},{\"@type\":\"Organization\",\"@id\":\"https:\/\/nuevodigitaldeescobar.com.ar\/#organization\",\"name\":\"Nuevo Digital de Escobar\",\"url\":\"https:\/\/nuevodigitaldeescobar.com.ar\/\",\"logo\":{\"@type\":\"ImageObject\",\"inLanguage\":\"es\",\"@id\":\"https:\/\/nuevodigitaldeescobar.com.ar\/#\/schema\/logo\/image\/\",\"url\":\"https:\/\/nuevodigitaldeescobar.com.ar\/wp-content\/uploads\/2025\/05\/cropped-logo-nuevo2.jpg\",\"contentUrl\":\"https:\/\/nuevodigitaldeescobar.com.ar\/wp-content\/uploads\/2025\/05\/cropped-logo-nuevo2.jpg\",\"width\":305,\"height\":305,\"caption\":\"Nuevo Digital de Escobar\"},\"image\":{\"@id\":\"https:\/\/nuevodigitaldeescobar.com.ar\/#\/schema\/logo\/image\/\"},\"sameAs\":[\"https:\/\/www.facebook.com\/NUEVODigitalDeEscobar\",\"https:\/\/x.com\/nuevodigescobar\",\"https:\/\/www.instagram.com\/nuevodigitaldeescobar\"]},{\"@type\":\"Person\",\"@id\":\"https:\/\/nuevodigitaldeescobar.com.ar\/#\/schema\/person\/035e90a8efe9a80e6eec22656ad6ea4c\",\"name\":\"Redacci\u00f3n\",\"image\":{\"@type\":\"ImageObject\",\"inLanguage\":\"es\",\"@id\":\"https:\/\/nuevodigitaldeescobar.com.ar\/#\/schema\/person\/image\/\",\"url\":\"https:\/\/secure.gravatar.com\/avatar\/8af8f40000c24e9eef3034f2be5998a372bb1389e64b1a4a36b3a7979142220d?s=96&d=mm&r=g\",\"contentUrl\":\"https:\/\/secure.gravatar.com\/avatar\/8af8f40000c24e9eef3034f2be5998a372bb1389e64b1a4a36b3a7979142220d?s=96&d=mm&r=g\",\"caption\":\"Redacci\u00f3n\"},\"sameAs\":[\"http:\/\/nuevodigitaldeescobar.com.ar\"],\"url\":\"https:\/\/nuevodigitaldeescobar.com.ar\/?author=1\"}]}<\/script>\n<!-- \/ Yoast SEO plugin. -->","yoast_head_json":{"title":"Prepagas: los aumentos de las cuotas se calcular\u00e1n en funci\u00f3n de la inflaci\u00f3n - Nuevo Digital de Escobar","robots":{"index":"index","follow":"follow","max-snippet":"max-snippet:-1","max-image-preview":"max-image-preview:large","max-video-preview":"max-video-preview:-1"},"canonical":"https:\/\/nuevodigitaldeescobar.com.ar\/?p=4909","og_locale":"es_ES","og_type":"article","og_title":"Prepagas: los aumentos de las cuotas se calcular\u00e1n en funci\u00f3n de la inflaci\u00f3n - Nuevo Digital de Escobar","og_description":"El Gobierno decidi\u00f3 regular los precios de ese servicio, que se dispararon tras el DNU 70\/2023. Las empresas de medicina prepaga deber\u00e1n recalcular los aumentos [&hellip;]","og_url":"https:\/\/nuevodigitaldeescobar.com.ar\/?p=4909","og_site_name":"Nuevo Digital de Escobar","article_publisher":"https:\/\/www.facebook.com\/NUEVODigitalDeEscobar","article_published_time":"2024-04-17T16:11:35+00:00","article_modified_time":"2024-04-17T16:11:46+00:00","og_image":[{"width":720,"height":476,"url":"https:\/\/nuevodigitaldeescobar.com.ar\/wp-content\/uploads\/2024\/04\/osde-prepagas-e1713370171577.jpg","type":"image\/jpeg"}],"author":"Redacci\u00f3n","twitter_card":"summary_large_image","twitter_creator":"@nuevodigescobar","twitter_site":"@nuevodigescobar","twitter_misc":{"Escrito por":"Redacci\u00f3n","Tiempo de lectura":"5 minutos"},"schema":{"@context":"https:\/\/schema.org","@graph":[{"@type":"Article","@id":"https:\/\/nuevodigitaldeescobar.com.ar\/?p=4909#article","isPartOf":{"@id":"https:\/\/nuevodigitaldeescobar.com.ar\/?p=4909"},"author":{"name":"Redacci\u00f3n","@id":"https:\/\/nuevodigitaldeescobar.com.ar\/#\/schema\/person\/035e90a8efe9a80e6eec22656ad6ea4c"},"headline":"Prepagas: los aumentos de las cuotas se calcular\u00e1n en funci\u00f3n de la inflaci\u00f3n","datePublished":"2024-04-17T16:11:35+00:00","dateModified":"2024-04-17T16:11:46+00:00","mainEntityOfPage":{"@id":"https:\/\/nuevodigitaldeescobar.com.ar\/?p=4909"},"wordCount":983,"commentCount":0,"publisher":{"@id":"https:\/\/nuevodigitaldeescobar.com.ar\/#organization"},"image":{"@id":"https:\/\/nuevodigitaldeescobar.com.ar\/?p=4909#primaryimage"},"thumbnailUrl":"https:\/\/nuevodigitaldeescobar.com.ar\/wp-content\/uploads\/2024\/04\/osde-prepagas-e1713370171577.jpg","articleSection":["Econom\u00eda","Salud y Nutrici\u00f3n"],"inLanguage":"es","potentialAction":[{"@type":"CommentAction","name":"Comment","target":["https:\/\/nuevodigitaldeescobar.com.ar\/?p=4909#respond"]}]},{"@type":"WebPage","@id":"https:\/\/nuevodigitaldeescobar.com.ar\/?p=4909","url":"https:\/\/nuevodigitaldeescobar.com.ar\/?p=4909","name":"Prepagas: los aumentos de las cuotas se calcular\u00e1n en funci\u00f3n de la inflaci\u00f3n - Nuevo Digital de Escobar","isPartOf":{"@id":"https:\/\/nuevodigitaldeescobar.com.ar\/#website"},"primaryImageOfPage":{"@id":"https:\/\/nuevodigitaldeescobar.com.ar\/?p=4909#primaryimage"},"image":{"@id":"https:\/\/nuevodigitaldeescobar.com.ar\/?p=4909#primaryimage"},"thumbnailUrl":"https:\/\/nuevodigitaldeescobar.com.ar\/wp-content\/uploads\/2024\/04\/osde-prepagas-e1713370171577.jpg","datePublished":"2024-04-17T16:11:35+00:00","dateModified":"2024-04-17T16:11:46+00:00","breadcrumb":{"@id":"https:\/\/nuevodigitaldeescobar.com.ar\/?p=4909#breadcrumb"},"inLanguage":"es","potentialAction":[{"@type":"ReadAction","target":["https:\/\/nuevodigitaldeescobar.com.ar\/?p=4909"]}]},{"@type":"ImageObject","inLanguage":"es","@id":"https:\/\/nuevodigitaldeescobar.com.ar\/?p=4909#primaryimage","url":"https:\/\/nuevodigitaldeescobar.com.ar\/wp-content\/uploads\/2024\/04\/osde-prepagas-e1713370171577.jpg","contentUrl":"https:\/\/nuevodigitaldeescobar.com.ar\/wp-content\/uploads\/2024\/04\/osde-prepagas-e1713370171577.jpg","width":720,"height":476},{"@type":"BreadcrumbList","@id":"https:\/\/nuevodigitaldeescobar.com.ar\/?p=4909#breadcrumb","itemListElement":[{"@type":"ListItem","position":1,"name":"Portada","item":"https:\/\/nuevodigitaldeescobar.com.ar\/"},{"@type":"ListItem","position":2,"name":"Prepagas: los aumentos de las cuotas se calcular\u00e1n en funci\u00f3n de la inflaci\u00f3n"}]},{"@type":"WebSite","@id":"https:\/\/nuevodigitaldeescobar.com.ar\/#website","url":"https:\/\/nuevodigitaldeescobar.com.ar\/","name":"Nuevo Digital de Escobar","description":"La vida escobarense. Directora: Rosana Brunner","publisher":{"@id":"https:\/\/nuevodigitaldeescobar.com.ar\/#organization"},"potentialAction":[{"@type":"SearchAction","target":{"@type":"EntryPoint","urlTemplate":"https:\/\/nuevodigitaldeescobar.com.ar\/?s={search_term_string}"},"query-input":{"@type":"PropertyValueSpecification","valueRequired":true,"valueName":"search_term_string"}}],"inLanguage":"es"},{"@type":"Organization","@id":"https:\/\/nuevodigitaldeescobar.com.ar\/#organization","name":"Nuevo Digital de Escobar","url":"https:\/\/nuevodigitaldeescobar.com.ar\/","logo":{"@type":"ImageObject","inLanguage":"es","@id":"https:\/\/nuevodigitaldeescobar.com.ar\/#\/schema\/logo\/image\/","url":"https:\/\/nuevodigitaldeescobar.com.ar\/wp-content\/uploads\/2025\/05\/cropped-logo-nuevo2.jpg","contentUrl":"https:\/\/nuevodigitaldeescobar.com.ar\/wp-content\/uploads\/2025\/05\/cropped-logo-nuevo2.jpg","width":305,"height":305,"caption":"Nuevo Digital de Escobar"},"image":{"@id":"https:\/\/nuevodigitaldeescobar.com.ar\/#\/schema\/logo\/image\/"},"sameAs":["https:\/\/www.facebook.com\/NUEVODigitalDeEscobar","https:\/\/x.com\/nuevodigescobar","https:\/\/www.instagram.com\/nuevodigitaldeescobar"]},{"@type":"Person","@id":"https:\/\/nuevodigitaldeescobar.com.ar\/#\/schema\/person\/035e90a8efe9a80e6eec22656ad6ea4c","name":"Redacci\u00f3n","image":{"@type":"ImageObject","inLanguage":"es","@id":"https:\/\/nuevodigitaldeescobar.com.ar\/#\/schema\/person\/image\/","url":"https:\/\/secure.gravatar.com\/avatar\/8af8f40000c24e9eef3034f2be5998a372bb1389e64b1a4a36b3a7979142220d?s=96&d=mm&r=g","contentUrl":"https:\/\/secure.gravatar.com\/avatar\/8af8f40000c24e9eef3034f2be5998a372bb1389e64b1a4a36b3a7979142220d?s=96&d=mm&r=g","caption":"Redacci\u00f3n"},"sameAs":["http:\/\/nuevodigitaldeescobar.com.ar"],"url":"https:\/\/nuevodigitaldeescobar.com.ar\/?author=1"}]}},"featured_image_urls":{"full":["https:\/\/nuevodigitaldeescobar.com.ar\/wp-content\/uploads\/2024\/04\/osde-prepagas-e1713370171577.jpg",720,476,false],"thumbnail":["https:\/\/nuevodigitaldeescobar.com.ar\/wp-content\/uploads\/2024\/04\/osde-prepagas-150x150.jpg",150,150,true],"medium":["https:\/\/nuevodigitaldeescobar.com.ar\/wp-content\/uploads\/2024\/04\/osde-prepagas-300x199.jpg",300,199,true],"medium_large":["https:\/\/nuevodigitaldeescobar.com.ar\/wp-content\/uploads\/2024\/04\/osde-prepagas-768x508.jpg",640,423,true],"large":["https:\/\/nuevodigitaldeescobar.com.ar\/wp-content\/uploads\/2024\/04\/osde-prepagas-1024x678.jpg",640,424,true],"1536x1536":["https:\/\/nuevodigitaldeescobar.com.ar\/wp-content\/uploads\/2024\/04\/osde-prepagas-e1713370171577.jpg",720,476,false],"2048x2048":["https:\/\/nuevodigitaldeescobar.com.ar\/wp-content\/uploads\/2024\/04\/osde-prepagas-e1713370171577.jpg",720,476,false]},"author_info":{"display_name":"Redacci\u00f3n","author_link":"https:\/\/nuevodigitaldeescobar.com.ar\/?author=1"},"category_info":"<a href=\"https:\/\/nuevodigitaldeescobar.com.ar\/?cat=10\" rel=\"category\">Econom\u00eda<\/a> <a href=\"https:\/\/nuevodigitaldeescobar.com.ar\/?cat=3\" rel=\"category\">Salud y Nutrici\u00f3n<\/a>","tag_info":"Salud y Nutrici\u00f3n","comment_count":"0","_links":{"self":[{"href":"https:\/\/nuevodigitaldeescobar.com.ar\/index.php?rest_route=\/wp\/v2\/posts\/4909","targetHints":{"allow":["GET"]}}],"collection":[{"href":"https:\/\/nuevodigitaldeescobar.com.ar\/index.php?rest_route=\/wp\/v2\/posts"}],"about":[{"href":"https:\/\/nuevodigitaldeescobar.com.ar\/index.php?rest_route=\/wp\/v2\/types\/post"}],"author":[{"embeddable":true,"href":"https:\/\/nuevodigitaldeescobar.com.ar\/index.php?rest_route=\/wp\/v2\/users\/1"}],"replies":[{"embeddable":true,"href":"https:\/\/nuevodigitaldeescobar.com.ar\/index.php?rest_route=%2Fwp%2Fv2%2Fcomments&post=4909"}],"version-history":[{"count":1,"href":"https:\/\/nuevodigitaldeescobar.com.ar\/index.php?rest_route=\/wp\/v2\/posts\/4909\/revisions"}],"predecessor-version":[{"id":4912,"href":"https:\/\/nuevodigitaldeescobar.com.ar\/index.php?rest_route=\/wp\/v2\/posts\/4909\/revisions\/4912"}],"wp:featuredmedia":[{"embeddable":true,"href":"https:\/\/nuevodigitaldeescobar.com.ar\/index.php?rest_route=\/wp\/v2\/media\/4910"}],"wp:attachment":[{"href":"https:\/\/nuevodigitaldeescobar.com.ar\/index.php?rest_route=%2Fwp%2Fv2%2Fmedia&parent=4909"}],"wp:term":[{"taxonomy":"category","embeddable":true,"href":"https:\/\/nuevodigitaldeescobar.com.ar\/index.php?rest_route=%2Fwp%2Fv2%2Fcategories&post=4909"},{"taxonomy":"post_tag","embeddable":true,"href":"https:\/\/nuevodigitaldeescobar.com.ar\/index.php?rest_route=%2Fwp%2Fv2%2Ftags&post=4909"}],"curies":[{"name":"wp","href":"https:\/\/api.w.org\/{rel}","templated":true}]}}