{"id":4941,"date":"2024-04-20T07:00:00","date_gmt":"2024-04-20T10:00:00","guid":{"rendered":"https:\/\/nuevodigitaldeescobar.com.ar\/?p=4941"},"modified":"2024-04-18T20:43:47","modified_gmt":"2024-04-18T23:43:47","slug":"la-familia-de-lola-chomnalez-tras-la-condena-al-femicida-ahora-empieza-el-duelo-real","status":"publish","type":"post","link":"https:\/\/nuevodigitaldeescobar.com.ar\/?p=4941","title":{"rendered":"La familia de Lola Chomnalez tras la condena al femicida: \u201cAhora empieza el duelo real\u201d"},"content":{"rendered":"<p><span style=\"color: #003366;\"><strong><em>Leonardo David Sena fue sentenciado a 27 a\u00f1os de c\u00e1rcel por el crimen de diciembre de 2014 en la playa de Barra de Balizas, en Uruguay. C\u00f3mo sigue el proceso.<\/em><\/strong><\/span><\/p>\n<p><!--more--><\/p>\n<hr \/>\n<p>Este mi\u00e9rcoles, la Justicia uruguaya conden\u00f3 a 27 a\u00f1os y 6 meses de prisi\u00f3n a Leonardo David Sena por el femicidio de Lola Chomnalez, la adolescente argentina asesinada en diciembre de 2014 en una playa de Barra de Valizas. La sentencia, que llega despu\u00e9s de casi una d\u00e9cada, trajo alivio a los padres de la v\u00edctima porque en alg\u00fan punto temieron que el caso quedara impune: <em>\u201cEstamos dejando atr\u00e1s esa carga y ahora se empieza el duelo real, que ya no es sufrir, tratar de aceptar la p\u00e9rdida. El dolor estar\u00e1 para toda nuestra vida, pero sabiendo que hicimos todo, no nos quedamos con ning\u00fan lugar sin pedir auxilio\u201d<\/em>, se\u00f1al\u00f3 Adriana, la mam\u00e1 de Lola.<\/p>\n<p>Desde su casa en Caballito y acompa\u00f1ada por Diego, el pap\u00e1 de Lola, dijo que los sorprendi\u00f3 la noticia de la condena y confes\u00f3 que ahora se siente <em>\u201cmejor persona y con mucha energ\u00eda\u201d<\/em>. <em>\u201cEstamos impactados desde que nos dieron la noticia y emocionados. No paramos de llorar ayer\u201d<\/em>, se\u00f1al\u00f3 Diego.<\/p>\n<p>Al ser consultados acerca de Sena, las opiniones de ambos fueron muy diferentes. El padre de la adolescente, por un lado, se mostr\u00f3 a favor de aplicarle una pena m\u00e1s dura al asesino, mientras que la mujer pidi\u00f3 que la condena quede firme: <em>\u201cYo estoy a favor de la pena de muerte, porque a mi hija se la aplicaron, y estos monstruos tienen derecho a todo, a no decir qu\u00e9 pas\u00f3, tienen derecho a tener un abogado\u201d<\/em>, dijo Diego.<\/p>\n<p>La mam\u00e1 de Lola, m\u00e1s tranquila, dijo que no lo perdona porque eso <em>\u201cle corresponde a Dios\u201d<\/em>, y le hizo un pedido a la Justicia: <em>\u201cEspero que la sentencia quede firme, que no vuelva a salir, y que los magistrados entiendan que con la liberaci\u00f3n hasta puede haber m\u00e1s v\u00edctimas\u201d<\/em>, insisti\u00f3.<\/p>\n<h3><span style=\"color: #003366;\"><strong>C\u00f3mo vivieron el proceso y qu\u00e9 puede pasar ahora<\/strong><\/span><\/h3>\n<p><em>\u201cFueron muchos a\u00f1os de impunidad pura, pero se hizo justicia\u201d<\/em>, dijo Juan Ra\u00fal Williman, uno de los abogados de la familia de la joven asesinada. <em>\u201cLa familia tuvo que esperar diez a\u00f1os para tener en realidad sentencias de esta naturaleza. Primero se obtuvo la condena de Miguel \u00c1ngel \u201cCachila\u201d Moreira por encubrimiento, que ya fue ratificada por la Corte, y faltaba el imputado principal\u201d<\/em>, agreg\u00f3 el letrado.<\/p>\n<p>En ese sentido, destac\u00f3 la lucha de la familia desde que ocurri\u00f3 el hecho, aun cuando todo se encaminaba a que jam\u00e1s se sabr\u00eda qui\u00e9n la mat\u00f3.<\/p>\n<p>Williman indic\u00f3 que, tanto para la familia como para los abogados, el fallo representa <em>\u201cuna sensaci\u00f3n de paz importante\u201d<\/em> por tener ya dos personas condenadas. <em>\u201cLa diferencia es que la situaci\u00f3n de Moreira ya no la cambia nadie. La situaci\u00f3n de Sena es distinta porque todav\u00eda es posible una apelaci\u00f3n\u201d<\/em>, advirti\u00f3 el abogado.<\/p>\n<figure id=\"attachment_4943\" aria-describedby=\"caption-attachment-4943\" style=\"width: 720px\" class=\"wp-caption alignnone\"><a href=\"https:\/\/nuevodigitaldeescobar.com.ar\/?attachment_id=4943\" rel=\"attachment wp-att-4943\"><img fetchpriority=\"high\" decoding=\"async\" class=\"size-full wp-image-4943\" src=\"http:\/\/nuevodigitaldeescobar.com.ar\/wp-content\/uploads\/2024\/04\/lola-epi-1-e1713483723326.jpg\" alt=\"\" width=\"720\" height=\"405\" \/><\/a><figcaption id=\"caption-attachment-4943\" class=\"wp-caption-text\">Lola Chomnalez ten\u00eda 15 a\u00f1os cuando fue asesinada. (NA)<\/figcaption><\/figure>\n<p>Sin embargo, el abogado aclar\u00f3 que las pruebas cient\u00edficas en su contra son muy s\u00f3lidas y asegur\u00f3 que no cree que la Justicia uruguaya, en las dos siguientes instancias -Tribunal de Apelaciones y Corte Suprema- modifique el fallo o revoque la sentencia.<\/p>\n<p><em>\u201cTiene una prueba cient\u00edfica muy potente en su contra que lo ubica en la escena de los hechos y lo ubica en un enfrentamiento f\u00edsico con Lola. Estimo que no hay forma de revertir esa situaci\u00f3n\u201d<\/em>, a\u00f1adi\u00f3 Williman. Finalmente, dijo que la familia est\u00e1 tranquila y sabe que el proceso puede continuar si Sena decide apelar. Sin embargo -sostiene- <em>\u201cla sensaci\u00f3n hoy ya es otra\u201d<\/em>.<\/p>\n<p><em>\u201cPor supuesto no van a poder modificar esta realidad de no tenerla a Lola, pero s\u00ed por lo menos el dolor de la impunidad, que ese s\u00ed es el que est\u00e1n intentando mitigar\u201d<\/em>, concluy\u00f3 el letrado en su entrevista con este medio.<\/p>\n<h3><span style=\"color: #003366;\"><strong>El caso<\/strong><\/span><\/h3>\n<p>Lola viaj\u00f3 a Barra de Valizas el s\u00e1bado 27 de diciembre de 2014 y se aloj\u00f3 en la casa de su madrina. Al d\u00eda siguiente, la adolescente desapareci\u00f3 cuando sali\u00f3 a caminar por la playa y dos d\u00edas despu\u00e9s fue encontrada asesinada a unos cuatro kil\u00f3metros de la casa, en una zona de m\u00e9danos.<\/p>\n<p>La autopsia determin\u00f3 que Lola muri\u00f3 por asfixia por sofocaci\u00f3n y que presentaba varios cortes hechos con un arma blanca en distintas partes del cuerpo.<\/p>\n<p>Durante la investigaci\u00f3n del crimen de Lola se encontr\u00f3 en la mochila y en el DNI de la adolescente un perfil de ADN que correspond\u00eda a un hombre. Desde el crimen, los peritos de la Polic\u00eda Cient\u00edfica uruguaya hicieron cotejos de material gen\u00e9tico con cada uno de los presos y de los nuevos ingresados al sistema carcelario por otras causas, y as\u00ed llegaron al familiar de Sena.<\/p>\n<p>La genetista Natalia Sandberg no ces\u00f3 hasta encontrar el v\u00ednculo. A la profesional se le ocurri\u00f3 una idea que destrabar\u00eda la causa: hacer un an\u00e1lisis de ese ADN por separado.<\/p>\n<p>Es decir, discriminar la l\u00ednea paterna de la materna de su composici\u00f3n.<\/p>\n<figure id=\"attachment_4942\" aria-describedby=\"caption-attachment-4942\" style=\"width: 720px\" class=\"wp-caption alignnone\"><a href=\"https:\/\/nuevodigitaldeescobar.com.ar\/?attachment_id=4942\" rel=\"attachment wp-att-4942\"><img decoding=\"async\" class=\"size-full wp-image-4942\" src=\"http:\/\/nuevodigitaldeescobar.com.ar\/wp-content\/uploads\/2024\/04\/lola-epi-2-e1713483679885.jpg\" alt=\"\" width=\"720\" height=\"405\" \/><\/a><figcaption id=\"caption-attachment-4942\" class=\"wp-caption-text\">\u00abCachila\u00bb Moreira, condenado por encubrir el crimen de Lola.<\/figcaption><\/figure>\n<p>As\u00ed, cuando cotej\u00f3 la muestra con la l\u00ednea paterna, el resultado otra vez no fue el esperado. Entonces, propuso avanzar por el lado materno y descubri\u00f3, luego de compararlo con todo el banco de datos, que el ADN del supuesto agresor de Lola coincid\u00eda con el de un hombre que estaba preso por otra causa, pero s\u00f3lo ten\u00eda v\u00ednculo por su madre.<\/p>\n<p>Ese hombre era medio hermano del hoy condenado. La madre de ambos declar\u00f3 ante la Polic\u00eda que hab\u00eda tenido 11 hijos, y entre ellos aport\u00f3 el nombre de Leonardo David Sena. Ya con una identidad y un lugar algo delimitado, el cerco comenz\u00f3 a hacerse m\u00e1s peque\u00f1o.<\/p>\n<p>Sena ten\u00eda antecedentes por violaci\u00f3n y violencia, pero no estaba en el sistema su ADN porque este registro se cre\u00f3 en 2012, y los delitos los hab\u00eda cometido en 2003 y 2009. La Justicia lo allan\u00f3 y se neg\u00f3 a realizar la prueba gen\u00e9tica. Con orden del juez, los polic\u00edas se llevaron un cepillo de dientes y as\u00ed lo cotejaron con las muestras del crimen de Lola. El resultado fue positivo. Fue en 2022.<\/p>\n<p><em>(Infobae)<\/em><\/p>\n","protected":false},"excerpt":{"rendered":"<p>Leonardo David Sena fue sentenciado a 27 a\u00f1os de c\u00e1rcel por el crimen de diciembre de 2014 en la playa de Barra de Balizas, en [&hellip;]<\/p>\n","protected":false},"author":1,"featured_media":4944,"comment_status":"open","ping_status":"closed","sticky":false,"template":"","format":"standard","meta":{"footnotes":""},"categories":[61,15],"tags":[],"class_list":["post-4941","post","type-post","status-publish","format-standard","has-post-thumbnail","hentry","category-nacionales","category-sociedad"],"better_featured_image":{"id":4944,"alt_text":"","caption":"","description":"","media_type":"image","media_details":{"width":720,"height":405,"file":"2024\/04\/lola1-e1713483820486.jpg","filesize":65179,"sizes":{"medium":{"file":"lola1-300x169.jpg","width":300,"height":169,"mime-type":"image\/jpeg","filesize":11858,"source_url":"https:\/\/nuevodigitaldeescobar.com.ar\/wp-content\/uploads\/2024\/04\/lola1-300x169.jpg"},"thumbnail":{"file":"lola1-150x150.jpg","width":150,"height":150,"mime-type":"image\/jpeg","filesize":5892,"source_url":"https:\/\/nuevodigitaldeescobar.com.ar\/wp-content\/uploads\/2024\/04\/lola1-150x150.jpg"}},"image_meta":{"aperture":"0","credit":"","camera":"","caption":"","created_timestamp":"0","copyright":"","focal_length":"0","iso":"0","shutter_speed":"0","title":"","orientation":"0","keywords":[]}},"post":4941,"source_url":"https:\/\/nuevodigitaldeescobar.com.ar\/wp-content\/uploads\/2024\/04\/lola1-e1713483820486.jpg"},"yoast_head":"<!-- This site is optimized with the Yoast SEO plugin v26.1.1 - https:\/\/yoast.com\/wordpress\/plugins\/seo\/ -->\n<title>La familia de Lola Chomnalez tras la condena al femicida: \u201cAhora empieza el duelo real\u201d - Nuevo Digital de Escobar<\/title>\n<meta name=\"robots\" content=\"index, follow, max-snippet:-1, max-image-preview:large, max-video-preview:-1\" \/>\n<link rel=\"canonical\" href=\"https:\/\/nuevodigitaldeescobar.com.ar\/?p=4941\" \/>\n<meta property=\"og:locale\" content=\"es_ES\" \/>\n<meta property=\"og:type\" content=\"article\" \/>\n<meta property=\"og:title\" content=\"La familia de Lola Chomnalez tras la condena al femicida: \u201cAhora empieza el duelo real\u201d - Nuevo Digital de Escobar\" \/>\n<meta property=\"og:description\" content=\"Leonardo David Sena fue sentenciado a 27 a\u00f1os de c\u00e1rcel por el crimen de diciembre de 2014 en la playa de Barra de Balizas, en [&hellip;]\" \/>\n<meta property=\"og:url\" content=\"https:\/\/nuevodigitaldeescobar.com.ar\/?p=4941\" \/>\n<meta property=\"og:site_name\" content=\"Nuevo Digital de Escobar\" \/>\n<meta property=\"article:publisher\" content=\"https:\/\/www.facebook.com\/NUEVODigitalDeEscobar\" \/>\n<meta property=\"article:published_time\" content=\"2024-04-20T10:00:00+00:00\" \/>\n<meta property=\"og:image\" content=\"https:\/\/nuevodigitaldeescobar.com.ar\/wp-content\/uploads\/2024\/04\/lola1-e1713483820486.jpg\" \/>\n\t<meta property=\"og:image:width\" content=\"720\" \/>\n\t<meta property=\"og:image:height\" content=\"405\" \/>\n\t<meta property=\"og:image:type\" content=\"image\/jpeg\" \/>\n<meta name=\"author\" content=\"Redacci\u00f3n\" \/>\n<meta name=\"twitter:card\" content=\"summary_large_image\" \/>\n<meta name=\"twitter:creator\" content=\"@nuevodigescobar\" \/>\n<meta name=\"twitter:site\" content=\"@nuevodigescobar\" \/>\n<meta name=\"twitter:label1\" content=\"Escrito por\" \/>\n\t<meta name=\"twitter:data1\" content=\"Redacci\u00f3n\" \/>\n\t<meta name=\"twitter:label2\" content=\"Tiempo de lectura\" \/>\n\t<meta name=\"twitter:data2\" content=\"5 minutos\" \/>\n<script type=\"application\/ld+json\" class=\"yoast-schema-graph\">{\"@context\":\"https:\/\/schema.org\",\"@graph\":[{\"@type\":\"Article\",\"@id\":\"https:\/\/nuevodigitaldeescobar.com.ar\/?p=4941#article\",\"isPartOf\":{\"@id\":\"https:\/\/nuevodigitaldeescobar.com.ar\/?p=4941\"},\"author\":{\"name\":\"Redacci\u00f3n\",\"@id\":\"https:\/\/nuevodigitaldeescobar.com.ar\/#\/schema\/person\/035e90a8efe9a80e6eec22656ad6ea4c\"},\"headline\":\"La familia de Lola Chomnalez tras la condena al femicida: \u201cAhora empieza el duelo real\u201d\",\"datePublished\":\"2024-04-20T10:00:00+00:00\",\"mainEntityOfPage\":{\"@id\":\"https:\/\/nuevodigitaldeescobar.com.ar\/?p=4941\"},\"wordCount\":1114,\"commentCount\":0,\"publisher\":{\"@id\":\"https:\/\/nuevodigitaldeescobar.com.ar\/#organization\"},\"image\":{\"@id\":\"https:\/\/nuevodigitaldeescobar.com.ar\/?p=4941#primaryimage\"},\"thumbnailUrl\":\"https:\/\/nuevodigitaldeescobar.com.ar\/wp-content\/uploads\/2024\/04\/lola1-e1713483820486.jpg\",\"articleSection\":[\"Nacionales\",\"Sociedad\"],\"inLanguage\":\"es\",\"potentialAction\":[{\"@type\":\"CommentAction\",\"name\":\"Comment\",\"target\":[\"https:\/\/nuevodigitaldeescobar.com.ar\/?p=4941#respond\"]}]},{\"@type\":\"WebPage\",\"@id\":\"https:\/\/nuevodigitaldeescobar.com.ar\/?p=4941\",\"url\":\"https:\/\/nuevodigitaldeescobar.com.ar\/?p=4941\",\"name\":\"La familia de Lola Chomnalez tras la condena al femicida: \u201cAhora empieza el duelo real\u201d - Nuevo Digital de Escobar\",\"isPartOf\":{\"@id\":\"https:\/\/nuevodigitaldeescobar.com.ar\/#website\"},\"primaryImageOfPage\":{\"@id\":\"https:\/\/nuevodigitaldeescobar.com.ar\/?p=4941#primaryimage\"},\"image\":{\"@id\":\"https:\/\/nuevodigitaldeescobar.com.ar\/?p=4941#primaryimage\"},\"thumbnailUrl\":\"https:\/\/nuevodigitaldeescobar.com.ar\/wp-content\/uploads\/2024\/04\/lola1-e1713483820486.jpg\",\"datePublished\":\"2024-04-20T10:00:00+00:00\",\"breadcrumb\":{\"@id\":\"https:\/\/nuevodigitaldeescobar.com.ar\/?p=4941#breadcrumb\"},\"inLanguage\":\"es\",\"potentialAction\":[{\"@type\":\"ReadAction\",\"target\":[\"https:\/\/nuevodigitaldeescobar.com.ar\/?p=4941\"]}]},{\"@type\":\"ImageObject\",\"inLanguage\":\"es\",\"@id\":\"https:\/\/nuevodigitaldeescobar.com.ar\/?p=4941#primaryimage\",\"url\":\"https:\/\/nuevodigitaldeescobar.com.ar\/wp-content\/uploads\/2024\/04\/lola1-e1713483820486.jpg\",\"contentUrl\":\"https:\/\/nuevodigitaldeescobar.com.ar\/wp-content\/uploads\/2024\/04\/lola1-e1713483820486.jpg\",\"width\":720,\"height\":405},{\"@type\":\"BreadcrumbList\",\"@id\":\"https:\/\/nuevodigitaldeescobar.com.ar\/?p=4941#breadcrumb\",\"itemListElement\":[{\"@type\":\"ListItem\",\"position\":1,\"name\":\"Portada\",\"item\":\"https:\/\/nuevodigitaldeescobar.com.ar\/\"},{\"@type\":\"ListItem\",\"position\":2,\"name\":\"La familia de Lola Chomnalez tras la condena al femicida: \u201cAhora empieza el duelo real\u201d\"}]},{\"@type\":\"WebSite\",\"@id\":\"https:\/\/nuevodigitaldeescobar.com.ar\/#website\",\"url\":\"https:\/\/nuevodigitaldeescobar.com.ar\/\",\"name\":\"Nuevo Digital de Escobar\",\"description\":\"La vida escobarense. Directora: Rosana Brunner\",\"publisher\":{\"@id\":\"https:\/\/nuevodigitaldeescobar.com.ar\/#organization\"},\"potentialAction\":[{\"@type\":\"SearchAction\",\"target\":{\"@type\":\"EntryPoint\",\"urlTemplate\":\"https:\/\/nuevodigitaldeescobar.com.ar\/?s={search_term_string}\"},\"query-input\":{\"@type\":\"PropertyValueSpecification\",\"valueRequired\":true,\"valueName\":\"search_term_string\"}}],\"inLanguage\":\"es\"},{\"@type\":\"Organization\",\"@id\":\"https:\/\/nuevodigitaldeescobar.com.ar\/#organization\",\"name\":\"Nuevo Digital de Escobar\",\"url\":\"https:\/\/nuevodigitaldeescobar.com.ar\/\",\"logo\":{\"@type\":\"ImageObject\",\"inLanguage\":\"es\",\"@id\":\"https:\/\/nuevodigitaldeescobar.com.ar\/#\/schema\/logo\/image\/\",\"url\":\"https:\/\/nuevodigitaldeescobar.com.ar\/wp-content\/uploads\/2025\/05\/cropped-logo-nuevo2.jpg\",\"contentUrl\":\"https:\/\/nuevodigitaldeescobar.com.ar\/wp-content\/uploads\/2025\/05\/cropped-logo-nuevo2.jpg\",\"width\":305,\"height\":305,\"caption\":\"Nuevo Digital de Escobar\"},\"image\":{\"@id\":\"https:\/\/nuevodigitaldeescobar.com.ar\/#\/schema\/logo\/image\/\"},\"sameAs\":[\"https:\/\/www.facebook.com\/NUEVODigitalDeEscobar\",\"https:\/\/x.com\/nuevodigescobar\",\"https:\/\/www.instagram.com\/nuevodigitaldeescobar\"]},{\"@type\":\"Person\",\"@id\":\"https:\/\/nuevodigitaldeescobar.com.ar\/#\/schema\/person\/035e90a8efe9a80e6eec22656ad6ea4c\",\"name\":\"Redacci\u00f3n\",\"image\":{\"@type\":\"ImageObject\",\"inLanguage\":\"es\",\"@id\":\"https:\/\/nuevodigitaldeescobar.com.ar\/#\/schema\/person\/image\/\",\"url\":\"https:\/\/secure.gravatar.com\/avatar\/8af8f40000c24e9eef3034f2be5998a372bb1389e64b1a4a36b3a7979142220d?s=96&d=mm&r=g\",\"contentUrl\":\"https:\/\/secure.gravatar.com\/avatar\/8af8f40000c24e9eef3034f2be5998a372bb1389e64b1a4a36b3a7979142220d?s=96&d=mm&r=g\",\"caption\":\"Redacci\u00f3n\"},\"sameAs\":[\"http:\/\/nuevodigitaldeescobar.com.ar\"],\"url\":\"https:\/\/nuevodigitaldeescobar.com.ar\/?author=1\"}]}<\/script>\n<!-- \/ Yoast SEO plugin. -->","yoast_head_json":{"title":"La familia de Lola Chomnalez tras la condena al femicida: \u201cAhora empieza el duelo real\u201d - Nuevo Digital de Escobar","robots":{"index":"index","follow":"follow","max-snippet":"max-snippet:-1","max-image-preview":"max-image-preview:large","max-video-preview":"max-video-preview:-1"},"canonical":"https:\/\/nuevodigitaldeescobar.com.ar\/?p=4941","og_locale":"es_ES","og_type":"article","og_title":"La familia de Lola Chomnalez tras la condena al femicida: \u201cAhora empieza el duelo real\u201d - Nuevo Digital de Escobar","og_description":"Leonardo David Sena fue sentenciado a 27 a\u00f1os de c\u00e1rcel por el crimen de diciembre de 2014 en la playa de Barra de Balizas, en [&hellip;]","og_url":"https:\/\/nuevodigitaldeescobar.com.ar\/?p=4941","og_site_name":"Nuevo Digital de Escobar","article_publisher":"https:\/\/www.facebook.com\/NUEVODigitalDeEscobar","article_published_time":"2024-04-20T10:00:00+00:00","og_image":[{"width":720,"height":405,"url":"https:\/\/nuevodigitaldeescobar.com.ar\/wp-content\/uploads\/2024\/04\/lola1-e1713483820486.jpg","type":"image\/jpeg"}],"author":"Redacci\u00f3n","twitter_card":"summary_large_image","twitter_creator":"@nuevodigescobar","twitter_site":"@nuevodigescobar","twitter_misc":{"Escrito por":"Redacci\u00f3n","Tiempo de lectura":"5 minutos"},"schema":{"@context":"https:\/\/schema.org","@graph":[{"@type":"Article","@id":"https:\/\/nuevodigitaldeescobar.com.ar\/?p=4941#article","isPartOf":{"@id":"https:\/\/nuevodigitaldeescobar.com.ar\/?p=4941"},"author":{"name":"Redacci\u00f3n","@id":"https:\/\/nuevodigitaldeescobar.com.ar\/#\/schema\/person\/035e90a8efe9a80e6eec22656ad6ea4c"},"headline":"La familia de Lola Chomnalez tras la condena al femicida: \u201cAhora empieza el duelo real\u201d","datePublished":"2024-04-20T10:00:00+00:00","mainEntityOfPage":{"@id":"https:\/\/nuevodigitaldeescobar.com.ar\/?p=4941"},"wordCount":1114,"commentCount":0,"publisher":{"@id":"https:\/\/nuevodigitaldeescobar.com.ar\/#organization"},"image":{"@id":"https:\/\/nuevodigitaldeescobar.com.ar\/?p=4941#primaryimage"},"thumbnailUrl":"https:\/\/nuevodigitaldeescobar.com.ar\/wp-content\/uploads\/2024\/04\/lola1-e1713483820486.jpg","articleSection":["Nacionales","Sociedad"],"inLanguage":"es","potentialAction":[{"@type":"CommentAction","name":"Comment","target":["https:\/\/nuevodigitaldeescobar.com.ar\/?p=4941#respond"]}]},{"@type":"WebPage","@id":"https:\/\/nuevodigitaldeescobar.com.ar\/?p=4941","url":"https:\/\/nuevodigitaldeescobar.com.ar\/?p=4941","name":"La familia de Lola Chomnalez tras la condena al femicida: \u201cAhora empieza el duelo real\u201d - Nuevo Digital de Escobar","isPartOf":{"@id":"https:\/\/nuevodigitaldeescobar.com.ar\/#website"},"primaryImageOfPage":{"@id":"https:\/\/nuevodigitaldeescobar.com.ar\/?p=4941#primaryimage"},"image":{"@id":"https:\/\/nuevodigitaldeescobar.com.ar\/?p=4941#primaryimage"},"thumbnailUrl":"https:\/\/nuevodigitaldeescobar.com.ar\/wp-content\/uploads\/2024\/04\/lola1-e1713483820486.jpg","datePublished":"2024-04-20T10:00:00+00:00","breadcrumb":{"@id":"https:\/\/nuevodigitaldeescobar.com.ar\/?p=4941#breadcrumb"},"inLanguage":"es","potentialAction":[{"@type":"ReadAction","target":["https:\/\/nuevodigitaldeescobar.com.ar\/?p=4941"]}]},{"@type":"ImageObject","inLanguage":"es","@id":"https:\/\/nuevodigitaldeescobar.com.ar\/?p=4941#primaryimage","url":"https:\/\/nuevodigitaldeescobar.com.ar\/wp-content\/uploads\/2024\/04\/lola1-e1713483820486.jpg","contentUrl":"https:\/\/nuevodigitaldeescobar.com.ar\/wp-content\/uploads\/2024\/04\/lola1-e1713483820486.jpg","width":720,"height":405},{"@type":"BreadcrumbList","@id":"https:\/\/nuevodigitaldeescobar.com.ar\/?p=4941#breadcrumb","itemListElement":[{"@type":"ListItem","position":1,"name":"Portada","item":"https:\/\/nuevodigitaldeescobar.com.ar\/"},{"@type":"ListItem","position":2,"name":"La familia de Lola Chomnalez tras la condena al femicida: \u201cAhora empieza el duelo real\u201d"}]},{"@type":"WebSite","@id":"https:\/\/nuevodigitaldeescobar.com.ar\/#website","url":"https:\/\/nuevodigitaldeescobar.com.ar\/","name":"Nuevo Digital de Escobar","description":"La vida escobarense. Directora: Rosana Brunner","publisher":{"@id":"https:\/\/nuevodigitaldeescobar.com.ar\/#organization"},"potentialAction":[{"@type":"SearchAction","target":{"@type":"EntryPoint","urlTemplate":"https:\/\/nuevodigitaldeescobar.com.ar\/?s={search_term_string}"},"query-input":{"@type":"PropertyValueSpecification","valueRequired":true,"valueName":"search_term_string"}}],"inLanguage":"es"},{"@type":"Organization","@id":"https:\/\/nuevodigitaldeescobar.com.ar\/#organization","name":"Nuevo Digital de Escobar","url":"https:\/\/nuevodigitaldeescobar.com.ar\/","logo":{"@type":"ImageObject","inLanguage":"es","@id":"https:\/\/nuevodigitaldeescobar.com.ar\/#\/schema\/logo\/image\/","url":"https:\/\/nuevodigitaldeescobar.com.ar\/wp-content\/uploads\/2025\/05\/cropped-logo-nuevo2.jpg","contentUrl":"https:\/\/nuevodigitaldeescobar.com.ar\/wp-content\/uploads\/2025\/05\/cropped-logo-nuevo2.jpg","width":305,"height":305,"caption":"Nuevo Digital de Escobar"},"image":{"@id":"https:\/\/nuevodigitaldeescobar.com.ar\/#\/schema\/logo\/image\/"},"sameAs":["https:\/\/www.facebook.com\/NUEVODigitalDeEscobar","https:\/\/x.com\/nuevodigescobar","https:\/\/www.instagram.com\/nuevodigitaldeescobar"]},{"@type":"Person","@id":"https:\/\/nuevodigitaldeescobar.com.ar\/#\/schema\/person\/035e90a8efe9a80e6eec22656ad6ea4c","name":"Redacci\u00f3n","image":{"@type":"ImageObject","inLanguage":"es","@id":"https:\/\/nuevodigitaldeescobar.com.ar\/#\/schema\/person\/image\/","url":"https:\/\/secure.gravatar.com\/avatar\/8af8f40000c24e9eef3034f2be5998a372bb1389e64b1a4a36b3a7979142220d?s=96&d=mm&r=g","contentUrl":"https:\/\/secure.gravatar.com\/avatar\/8af8f40000c24e9eef3034f2be5998a372bb1389e64b1a4a36b3a7979142220d?s=96&d=mm&r=g","caption":"Redacci\u00f3n"},"sameAs":["http:\/\/nuevodigitaldeescobar.com.ar"],"url":"https:\/\/nuevodigitaldeescobar.com.ar\/?author=1"}]}},"featured_image_urls":{"full":["https:\/\/nuevodigitaldeescobar.com.ar\/wp-content\/uploads\/2024\/04\/lola1-e1713483820486.jpg",720,405,false],"thumbnail":["https:\/\/nuevodigitaldeescobar.com.ar\/wp-content\/uploads\/2024\/04\/lola1-150x150.jpg",150,150,true],"medium":["https:\/\/nuevodigitaldeescobar.com.ar\/wp-content\/uploads\/2024\/04\/lola1-300x169.jpg",300,169,true],"medium_large":["https:\/\/nuevodigitaldeescobar.com.ar\/wp-content\/uploads\/2024\/04\/lola1-e1713483820486.jpg",640,360,false],"large":["https:\/\/nuevodigitaldeescobar.com.ar\/wp-content\/uploads\/2024\/04\/lola1-e1713483820486.jpg",640,360,false],"1536x1536":["https:\/\/nuevodigitaldeescobar.com.ar\/wp-content\/uploads\/2024\/04\/lola1-e1713483820486.jpg",720,405,false],"2048x2048":["https:\/\/nuevodigitaldeescobar.com.ar\/wp-content\/uploads\/2024\/04\/lola1-e1713483820486.jpg",720,405,false]},"author_info":{"display_name":"Redacci\u00f3n","author_link":"https:\/\/nuevodigitaldeescobar.com.ar\/?author=1"},"category_info":"<a href=\"https:\/\/nuevodigitaldeescobar.com.ar\/?cat=61\" rel=\"category\">Nacionales<\/a> <a href=\"https:\/\/nuevodigitaldeescobar.com.ar\/?cat=15\" rel=\"category\">Sociedad<\/a>","tag_info":"Sociedad","comment_count":"0","_links":{"self":[{"href":"https:\/\/nuevodigitaldeescobar.com.ar\/index.php?rest_route=\/wp\/v2\/posts\/4941","targetHints":{"allow":["GET"]}}],"collection":[{"href":"https:\/\/nuevodigitaldeescobar.com.ar\/index.php?rest_route=\/wp\/v2\/posts"}],"about":[{"href":"https:\/\/nuevodigitaldeescobar.com.ar\/index.php?rest_route=\/wp\/v2\/types\/post"}],"author":[{"embeddable":true,"href":"https:\/\/nuevodigitaldeescobar.com.ar\/index.php?rest_route=\/wp\/v2\/users\/1"}],"replies":[{"embeddable":true,"href":"https:\/\/nuevodigitaldeescobar.com.ar\/index.php?rest_route=%2Fwp%2Fv2%2Fcomments&post=4941"}],"version-history":[{"count":1,"href":"https:\/\/nuevodigitaldeescobar.com.ar\/index.php?rest_route=\/wp\/v2\/posts\/4941\/revisions"}],"predecessor-version":[{"id":4945,"href":"https:\/\/nuevodigitaldeescobar.com.ar\/index.php?rest_route=\/wp\/v2\/posts\/4941\/revisions\/4945"}],"wp:featuredmedia":[{"embeddable":true,"href":"https:\/\/nuevodigitaldeescobar.com.ar\/index.php?rest_route=\/wp\/v2\/media\/4944"}],"wp:attachment":[{"href":"https:\/\/nuevodigitaldeescobar.com.ar\/index.php?rest_route=%2Fwp%2Fv2%2Fmedia&parent=4941"}],"wp:term":[{"taxonomy":"category","embeddable":true,"href":"https:\/\/nuevodigitaldeescobar.com.ar\/index.php?rest_route=%2Fwp%2Fv2%2Fcategories&post=4941"},{"taxonomy":"post_tag","embeddable":true,"href":"https:\/\/nuevodigitaldeescobar.com.ar\/index.php?rest_route=%2Fwp%2Fv2%2Ftags&post=4941"}],"curies":[{"name":"wp","href":"https:\/\/api.w.org\/{rel}","templated":true}]}}