{"id":506,"date":"2023-10-29T07:00:00","date_gmt":"2023-10-29T10:00:00","guid":{"rendered":"https:\/\/nuevodigitaldeescobar.com.ar\/?p=506"},"modified":"2023-10-27T16:42:48","modified_gmt":"2023-10-27T19:42:48","slug":"educacion-aprender-emprendedurismo-desde-la-infancia-es-el-cambio-cultural-que-necesita-america-latina","status":"publish","type":"post","link":"https:\/\/nuevodigitaldeescobar.com.ar\/?p=506","title":{"rendered":"Educaci\u00f3n: \u00bfaprender emprendedurismo desde la infancia es el cambio cultural que necesita Am\u00e9rica Latina?"},"content":{"rendered":"<p><span style=\"color: #ff6600;\"><strong><em>En una regi\u00f3n con la mitad de la poblaci\u00f3n activa sostenida en la educaci\u00f3n informal, Alejandro Llovet, director de estrategia de Virtual Educa, destaca la importancia de la educaci\u00f3n en emprendedorismo en la regi\u00f3n. \u201cEmprender significa aprender a fallar\u201d, dice.<\/em><\/strong><\/span><\/p>\n<p><!--more--><\/p>\n<p><em>\u201cAlrededor de la mitad de la poblaci\u00f3n econ\u00f3micamente activa de Am\u00e9rica latina trabaja en la econom\u00eda informal\u201d<\/em>, dice el mexicano Alejandro Llovet, director de estrategia de Virtual Educa. Y sigue: <em>\u201cSi hacemos un acercamiento, veremos que todas esas personas normalmente trabajan para alg\u00fan familiar o en autoempleo\u201d<\/em>. Si la mitad de nuestro mundo est\u00e1 involucrada en trabajos de baja calificaci\u00f3n -como la venta ambulante de alimentos o la producci\u00f3n de artesan\u00edas en una feria comunitaria-, llama la atenci\u00f3n que no exista una educaci\u00f3n formal asociada al mundo del emprendimiento para estas personas.<\/p>\n<p><em>\u201cHay algunos programas en universidades\u201d<\/em>, dice Llovet, <em>\u201calgunas escuelas, algunas incubadoras de negocio, pero los resultados son muy pobres\u201d<\/em>. La raz\u00f3n de esa exig\u00fcidad es que no hay programas que provengan de la educaci\u00f3n b\u00e1sica: <em>\u201cMi planteamiento es el siguiente:\u201d<\/em>, dice, <em>\u201cdado que el emprendimiento es tan importante para la econom\u00eda y el desarrollo social de las personas, su educaci\u00f3n tendr\u00eda que ser parte de la agenda b\u00e1sica\u201d<\/em>.<\/p>\n<p>Ante el lugar com\u00fan y el prejuicio, Llovet aclara que el latinoamericano es esencialmente una persona que se dedica a emprender, pero, como no aprende a emprender, fracasa muchas veces. <em>\u201cHasta que, a lo mejor, en el quinto intento logra algo muy peque\u00f1o\u201d<\/em>. Por supuesto no as\u00ed en todos los casos, pero habitualmente los que tienen \u00e9xito son aquellos que s\u00ed han tenido educaci\u00f3n. Y muchas veces fuera de Am\u00e9rica latina.<\/p>\n<p><img fetchpriority=\"high\" decoding=\"async\" class=\"alignnone size-full wp-image-507\" src=\"http:\/\/nuevodigitaldeescobar.com.ar\/wp-content\/uploads\/2023\/10\/emprendedurismo.jpg\" alt=\"\" width=\"720\" height=\"480\" srcset=\"https:\/\/nuevodigitaldeescobar.com.ar\/wp-content\/uploads\/2023\/10\/emprendedurismo.jpg 720w, https:\/\/nuevodigitaldeescobar.com.ar\/wp-content\/uploads\/2023\/10\/emprendedurismo-300x200.jpg 300w\" sizes=\"(max-width: 720px) 100vw, 720px\" \/><\/p>\n<p><strong>\u2014\u00bfC\u00f3mo se enfrenta a esta situaci\u00f3n?<\/strong><\/p>\n<p><em>\u2014Pues, por una parte, es necesario voltear a ver el mundo de la empresa y reconocer que va demandando distintas habilidades, para tratar de conectar todos los programas educativos hacia esas habilidades demandadas. Y \u201cempresa\u201d no necesariamente significa la \u201cgran empresa\u201d o la \u201cmultinacional\u201d: tambi\u00e9n puede ser el emprendimiento personal. En la medida que una persona de cualquier edad tenga la capacidad para emprender, va a poder desarrollarse exitosamente.<\/em><\/p>\n<p><strong>\u2014\u00bfEn qu\u00e9 momento se deber\u00eda empezar a ense\u00f1ar emprendedurismo?<\/strong><\/p>\n<p>\u2014Desde que el ni\u00f1o aprende a hablar.<\/p>\n<p><strong>\u2014\u00bfDe verdad?<\/strong><\/p>\n<p>\u2014\u00a1Claro! Porque son capacidades que le van a servir para toda la vida. Son habilidades como liderazgo, el autoconocimiento, el trabajo en equipo, el compa\u00f1erismo, la seguridad en uno mismo. Son habilidades que le van a servir para otras cosas. Si es h\u00e1bil para emprender, va a ser h\u00e1bil para comunicarse, va a ser h\u00e1bil para hacer un pitch, va a ser h\u00e1bil para hacer abstracci\u00f3n num\u00e9rica y una proyecci\u00f3n, para desarrollar un feeling que le permita llenar la necesidad de un mercado, de un cliente interno o externo.<\/p>\n<p><strong>\u2014En la escuela \u00bfqui\u00e9n puede ser el cliente interno?<\/strong><\/p>\n<p>\u2014Mi cliente interno puede ser otro compa\u00f1ero. Y mi cliente externo puede ser la abuelita y qu\u00e9 le voy a regalar en el d\u00eda de su cumplea\u00f1os. El emprendedurismo no necesariamente significa crear una empresa.<\/p>\n<p><strong>\u2014No es educaci\u00f3n financiera.<\/strong><\/p>\n<p>\u2014No es educaci\u00f3n financiera. La educaci\u00f3n financiera forma parte del emprendedurismo, como forma parte de muchas otras habilidades. Al menos son ocho habilidades las que se tienen que desarrollar para el emprendedurismo. Como dec\u00eda antes, algunas son el trabajo en equipo, el liderazgo y el self-confidence, la autoestima.<\/p>\n<p><strong>\u2014\u00bfQu\u00e9 significa emprender?<\/strong><\/p>\n<p>\u2014Aprender a fallar. No solo aprender a fallar, sino generar el fallo, generar el error. Generar el error forma parte de aprender a emprender. Todos aprendemos de nuestros errores. Es m\u00e1s, nuestros aprendizajes m\u00e1s profundos y que duran para toda la vida, suelen estar asociados a nuestros fallos m\u00e1s fuertes. Pero si le tenemos terror al error, si el error se maneja dentro de las escuelas como lo que se hizo mal, lo que estamos generando en los ni\u00f1os es una aversi\u00f3n al error. El error es fuente de conocimiento y de aprendizaje. Tendr\u00eda que estar presente a lo largo de toda la vida escolar.<\/p>\n<p><strong>\u2014\u00bfLa escuela acepta el error?<\/strong><\/p>\n<p>\u2014El error es una nota en rojo, pero \u00bfqu\u00e9 haces con la nota en rojo? Si no hay un proceso de retroalimentaci\u00f3n ni de reaprendizaje\u2026 Si cometo un error, lo primero que tengo que hacer es desaprender aquello que me llev\u00f3 al error, y despu\u00e9s reaprender. El problema es que nos quedamos con el error nada m\u00e1s.<\/p>\n<p><img decoding=\"async\" class=\"alignnone wp-image-509 size-full\" src=\"http:\/\/nuevodigitaldeescobar.com.ar\/wp-content\/uploads\/2023\/10\/emprendedurismo-1.jpg\" alt=\"\" width=\"720\" height=\"471\" srcset=\"https:\/\/nuevodigitaldeescobar.com.ar\/wp-content\/uploads\/2023\/10\/emprendedurismo-1.jpg 720w, https:\/\/nuevodigitaldeescobar.com.ar\/wp-content\/uploads\/2023\/10\/emprendedurismo-1-300x196.jpg 300w\" sizes=\"(max-width: 720px) 100vw, 720px\" \/><\/p>\n<p><strong>\u2014Muchos empresarios exitosos terminan y\u00e9ndose a Estados Unidos y Europa. Hoy, uno de los grandes desaf\u00edos de Am\u00e9rica Latina es que pueda alimentarse de, por ejemplo, la materia prima de la econom\u00eda del conocimiento. \u00bfDe qu\u00e9 manera se las acompa\u00f1a a esas personas para que no migren?<\/strong><\/p>\n<p>\u2014Sin duda que, sobre todo, si hablamos de conocimiento t\u00e9cnico y de las habilidades STEM, esos conocimientos, en su gran mayor\u00eda, pueden ser prove\u00eddos de manera remota. Entonces, las c\u00e1maras, asociaciones y el mundo laboral tienen que saber conectar mejor con las empresas contratantes. En Estados Unidos hay una carencia tremenda de talento. Es mucha m\u00e1s la oferta de talento que lo que realmente se logra entregar en las empresas. Entonces, \u00bfqu\u00e9 acaba sucediendo en Estados Unidos? Contratan empleados de la India, de China, cuando lo tienen en Am\u00e9rica Latina, en el mismo huso horario, y les podr\u00eda salir mucho m\u00e1s barato. Y esas personas, a su vez, no tendr\u00edan que alejarse de su familia. Podr\u00edan estar tranquilamente ganando en d\u00f3lares desde su pa\u00eds de origen. Pero, por supuesto, es necesario que desarrollen otros skills, como el del idioma ingl\u00e9s, que contin\u00faa siendo una gran barrera.<\/p>\n<p><strong>\u2014En una conferencia en la que estuve a comienzos de a\u00f1o, Freddy Vega, de Platzi, dijo que cuando empez\u00f3 a pensar su compa\u00f1\u00eda, alguien en la universidad le dijo: \u201cLos latinoamericanos siempre piensan en peque\u00f1o\u201d. Quer\u00eda preguntarle qu\u00e9 opina de esa frase.<\/strong><\/p>\n<p>\u2014Yo creo que culturalmente estamos dise\u00f1ados para pensar en peque\u00f1o. Coincido con esa visi\u00f3n. Pero no coincido necesariamente con que pensar en grande significa pensar para todo el mundo o pensar para Estados Unidos. Si tan s\u00f3lo pens\u00e1ramos en la erradicaci\u00f3n de los problemas asociados a las ODS en nuestra regi\u00f3n, eso ya es pensar en grande. Si erradicamos en alg\u00fan lugar la pobreza o la falta de educaci\u00f3n y conseguimos empleo para miles o millones de latinoamericanos y despu\u00e9s eso que puede generar en una herencia transgeneracional, pues eso ya es pensar en grande. \u00bfQu\u00e9 pasar\u00eda si de este 50% de la poblaci\u00f3n econ\u00f3micamente activa que est\u00e1 en la econom\u00eda informal, el 10% recibiera educaci\u00f3n en emprendimiento? \u00bfQu\u00e9 impacto social generar\u00eda, qu\u00e9 impacto econ\u00f3mico generar\u00eda, qu\u00e9 impacto en la educaci\u00f3n y en la calidad de vida de las personas?<\/p>\n<p><strong>\u2014\u00bfC\u00f3mo se llega a ellos? La gente que est\u00e1 en la econom\u00eda informal es gente de pocos recursos.<\/strong><\/p>\n<p>\u2014Ese es un tema que est\u00e1 por descubrirse. He estado participando en diversos pilotos en distintos lugares y estamos tratando de descubrir cu\u00e1l es la f\u00f3rmula. Normalmente, cuando me enfrento a instituciones educativas, al principio las escuelas acogen este tipo de proyectos muy bien. Pero en cuanto entienden lo que implica implementar estas ideas, ya no prosperan porque hay una barrera natural por parte de los docentes a la exploraci\u00f3n de cosas diferentes. Y, como el beneficio no se ve en el corto plazo, ah\u00ed tambi\u00e9n hay otra limitaci\u00f3n cultural. Por eso, creo que, sin dudas, para saltar esas barreras, una forma de implementar este tipo de proyectos es haciendo comunidad.<\/p>\n<p><em>(Infobae)<\/em><\/p>\n","protected":false},"excerpt":{"rendered":"<p>En una regi\u00f3n con la mitad de la poblaci\u00f3n activa sostenida en la educaci\u00f3n informal, Alejandro Llovet, director de estrategia de Virtual Educa, destaca la [&hellip;]<\/p>\n","protected":false},"author":1,"featured_media":508,"comment_status":"open","ping_status":"closed","sticky":false,"template":"","format":"standard","meta":{"footnotes":""},"categories":[4,15],"tags":[],"class_list":["post-506","post","type-post","status-publish","format-standard","has-post-thumbnail","hentry","category-educacion","category-sociedad"],"better_featured_image":{"id":508,"alt_text":"","caption":"","description":"","media_type":"image","media_details":{"width":720,"height":520,"file":"2023\/10\/ninos-emprendedores.jpg","filesize":65278,"sizes":{"medium":{"file":"ninos-emprendedores-300x217.jpg","width":300,"height":217,"mime-type":"image\/jpeg","filesize":20048,"source_url":"https:\/\/nuevodigitaldeescobar.com.ar\/wp-content\/uploads\/2023\/10\/ninos-emprendedores-300x217.jpg"},"thumbnail":{"file":"ninos-emprendedores-150x150.jpg","width":150,"height":150,"mime-type":"image\/jpeg","filesize":12854,"source_url":"https:\/\/nuevodigitaldeescobar.com.ar\/wp-content\/uploads\/2023\/10\/ninos-emprendedores-150x150.jpg"},"covernews-slider-center":{"file":"ninos-emprendedores-720x500.jpg","width":720,"height":500,"mime-type":"image\/jpeg","filesize":68650,"source_url":"https:\/\/nuevodigitaldeescobar.com.ar\/wp-content\/uploads\/2023\/10\/ninos-emprendedores-720x500.jpg"},"covernews-medium":{"file":"ninos-emprendedores-540x340.jpg","width":540,"height":340,"mime-type":"image\/jpeg","filesize":39338,"source_url":"https:\/\/nuevodigitaldeescobar.com.ar\/wp-content\/uploads\/2023\/10\/ninos-emprendedores-540x340.jpg"},"covernews-medium-square":{"file":"ninos-emprendedores-400x250.jpg","width":400,"height":250,"mime-type":"image\/jpeg","filesize":26512,"source_url":"https:\/\/nuevodigitaldeescobar.com.ar\/wp-content\/uploads\/2023\/10\/ninos-emprendedores-400x250.jpg"}},"image_meta":{"aperture":"5.6","credit":"","camera":"Canon EOS 6D Mark II","caption":"","created_timestamp":"1647686692","copyright":"","focal_length":"35","iso":"640","shutter_speed":"0.005","title":"","orientation":"1","keywords":[]}},"post":506,"source_url":"https:\/\/nuevodigitaldeescobar.com.ar\/wp-content\/uploads\/2023\/10\/ninos-emprendedores.jpg"},"yoast_head":"<!-- This site is optimized with the Yoast SEO plugin v26.1.1 - https:\/\/yoast.com\/wordpress\/plugins\/seo\/ -->\n<title>Educaci\u00f3n: \u00bfaprender emprendedurismo desde la infancia es el cambio cultural que necesita Am\u00e9rica Latina? - Nuevo Digital de Escobar<\/title>\n<meta name=\"robots\" content=\"index, follow, max-snippet:-1, max-image-preview:large, max-video-preview:-1\" \/>\n<link rel=\"canonical\" href=\"https:\/\/nuevodigitaldeescobar.com.ar\/?p=506\" \/>\n<meta property=\"og:locale\" content=\"es_ES\" \/>\n<meta property=\"og:type\" content=\"article\" \/>\n<meta property=\"og:title\" content=\"Educaci\u00f3n: \u00bfaprender emprendedurismo desde la infancia es el cambio cultural que necesita Am\u00e9rica Latina? - Nuevo Digital de Escobar\" \/>\n<meta property=\"og:description\" content=\"En una regi\u00f3n con la mitad de la poblaci\u00f3n activa sostenida en la educaci\u00f3n informal, Alejandro Llovet, director de estrategia de Virtual Educa, destaca la [&hellip;]\" \/>\n<meta property=\"og:url\" content=\"https:\/\/nuevodigitaldeescobar.com.ar\/?p=506\" \/>\n<meta property=\"og:site_name\" content=\"Nuevo Digital de Escobar\" \/>\n<meta property=\"article:publisher\" content=\"https:\/\/www.facebook.com\/NUEVODigitalDeEscobar\" \/>\n<meta property=\"article:published_time\" content=\"2023-10-29T10:00:00+00:00\" \/>\n<meta property=\"og:image\" content=\"https:\/\/nuevodigitaldeescobar.com.ar\/wp-content\/uploads\/2023\/10\/ninos-emprendedores.jpg\" \/>\n\t<meta property=\"og:image:width\" content=\"720\" \/>\n\t<meta property=\"og:image:height\" content=\"520\" \/>\n\t<meta property=\"og:image:type\" content=\"image\/jpeg\" \/>\n<meta name=\"author\" content=\"Redacci\u00f3n\" \/>\n<meta name=\"twitter:card\" content=\"summary_large_image\" \/>\n<meta name=\"twitter:creator\" content=\"@nuevodigescobar\" \/>\n<meta name=\"twitter:site\" content=\"@nuevodigescobar\" \/>\n<meta name=\"twitter:label1\" content=\"Escrito por\" \/>\n\t<meta name=\"twitter:data1\" content=\"Redacci\u00f3n\" \/>\n\t<meta name=\"twitter:label2\" content=\"Tiempo de lectura\" \/>\n\t<meta name=\"twitter:data2\" content=\"7 minutos\" \/>\n<script type=\"application\/ld+json\" class=\"yoast-schema-graph\">{\"@context\":\"https:\/\/schema.org\",\"@graph\":[{\"@type\":\"Article\",\"@id\":\"https:\/\/nuevodigitaldeescobar.com.ar\/?p=506#article\",\"isPartOf\":{\"@id\":\"https:\/\/nuevodigitaldeescobar.com.ar\/?p=506\"},\"author\":{\"name\":\"Redacci\u00f3n\",\"@id\":\"https:\/\/nuevodigitaldeescobar.com.ar\/#\/schema\/person\/035e90a8efe9a80e6eec22656ad6ea4c\"},\"headline\":\"Educaci\u00f3n: \u00bfaprender emprendedurismo desde la infancia es el cambio cultural que necesita Am\u00e9rica Latina?\",\"datePublished\":\"2023-10-29T10:00:00+00:00\",\"mainEntityOfPage\":{\"@id\":\"https:\/\/nuevodigitaldeescobar.com.ar\/?p=506\"},\"wordCount\":1345,\"commentCount\":0,\"publisher\":{\"@id\":\"https:\/\/nuevodigitaldeescobar.com.ar\/#organization\"},\"image\":{\"@id\":\"https:\/\/nuevodigitaldeescobar.com.ar\/?p=506#primaryimage\"},\"thumbnailUrl\":\"https:\/\/nuevodigitaldeescobar.com.ar\/wp-content\/uploads\/2023\/10\/ninos-emprendedores.jpg\",\"articleSection\":[\"Educaci\u00f3n\",\"Sociedad\"],\"inLanguage\":\"es\",\"potentialAction\":[{\"@type\":\"CommentAction\",\"name\":\"Comment\",\"target\":[\"https:\/\/nuevodigitaldeescobar.com.ar\/?p=506#respond\"]}]},{\"@type\":\"WebPage\",\"@id\":\"https:\/\/nuevodigitaldeescobar.com.ar\/?p=506\",\"url\":\"https:\/\/nuevodigitaldeescobar.com.ar\/?p=506\",\"name\":\"Educaci\u00f3n: \u00bfaprender emprendedurismo desde la infancia es el cambio cultural que necesita Am\u00e9rica Latina? - Nuevo Digital de Escobar\",\"isPartOf\":{\"@id\":\"https:\/\/nuevodigitaldeescobar.com.ar\/#website\"},\"primaryImageOfPage\":{\"@id\":\"https:\/\/nuevodigitaldeescobar.com.ar\/?p=506#primaryimage\"},\"image\":{\"@id\":\"https:\/\/nuevodigitaldeescobar.com.ar\/?p=506#primaryimage\"},\"thumbnailUrl\":\"https:\/\/nuevodigitaldeescobar.com.ar\/wp-content\/uploads\/2023\/10\/ninos-emprendedores.jpg\",\"datePublished\":\"2023-10-29T10:00:00+00:00\",\"breadcrumb\":{\"@id\":\"https:\/\/nuevodigitaldeescobar.com.ar\/?p=506#breadcrumb\"},\"inLanguage\":\"es\",\"potentialAction\":[{\"@type\":\"ReadAction\",\"target\":[\"https:\/\/nuevodigitaldeescobar.com.ar\/?p=506\"]}]},{\"@type\":\"ImageObject\",\"inLanguage\":\"es\",\"@id\":\"https:\/\/nuevodigitaldeescobar.com.ar\/?p=506#primaryimage\",\"url\":\"https:\/\/nuevodigitaldeescobar.com.ar\/wp-content\/uploads\/2023\/10\/ninos-emprendedores.jpg\",\"contentUrl\":\"https:\/\/nuevodigitaldeescobar.com.ar\/wp-content\/uploads\/2023\/10\/ninos-emprendedores.jpg\",\"width\":720,\"height\":520},{\"@type\":\"BreadcrumbList\",\"@id\":\"https:\/\/nuevodigitaldeescobar.com.ar\/?p=506#breadcrumb\",\"itemListElement\":[{\"@type\":\"ListItem\",\"position\":1,\"name\":\"Portada\",\"item\":\"https:\/\/nuevodigitaldeescobar.com.ar\/\"},{\"@type\":\"ListItem\",\"position\":2,\"name\":\"Educaci\u00f3n: \u00bfaprender emprendedurismo desde la infancia es el cambio cultural que necesita Am\u00e9rica Latina?\"}]},{\"@type\":\"WebSite\",\"@id\":\"https:\/\/nuevodigitaldeescobar.com.ar\/#website\",\"url\":\"https:\/\/nuevodigitaldeescobar.com.ar\/\",\"name\":\"Nuevo Digital de Escobar\",\"description\":\"La vida escobarense. Directora: Rosana Brunner\",\"publisher\":{\"@id\":\"https:\/\/nuevodigitaldeescobar.com.ar\/#organization\"},\"potentialAction\":[{\"@type\":\"SearchAction\",\"target\":{\"@type\":\"EntryPoint\",\"urlTemplate\":\"https:\/\/nuevodigitaldeescobar.com.ar\/?s={search_term_string}\"},\"query-input\":{\"@type\":\"PropertyValueSpecification\",\"valueRequired\":true,\"valueName\":\"search_term_string\"}}],\"inLanguage\":\"es\"},{\"@type\":\"Organization\",\"@id\":\"https:\/\/nuevodigitaldeescobar.com.ar\/#organization\",\"name\":\"Nuevo Digital de Escobar\",\"url\":\"https:\/\/nuevodigitaldeescobar.com.ar\/\",\"logo\":{\"@type\":\"ImageObject\",\"inLanguage\":\"es\",\"@id\":\"https:\/\/nuevodigitaldeescobar.com.ar\/#\/schema\/logo\/image\/\",\"url\":\"https:\/\/nuevodigitaldeescobar.com.ar\/wp-content\/uploads\/2025\/05\/cropped-logo-nuevo2.jpg\",\"contentUrl\":\"https:\/\/nuevodigitaldeescobar.com.ar\/wp-content\/uploads\/2025\/05\/cropped-logo-nuevo2.jpg\",\"width\":305,\"height\":305,\"caption\":\"Nuevo Digital de Escobar\"},\"image\":{\"@id\":\"https:\/\/nuevodigitaldeescobar.com.ar\/#\/schema\/logo\/image\/\"},\"sameAs\":[\"https:\/\/www.facebook.com\/NUEVODigitalDeEscobar\",\"https:\/\/x.com\/nuevodigescobar\",\"https:\/\/www.instagram.com\/nuevodigitaldeescobar\"]},{\"@type\":\"Person\",\"@id\":\"https:\/\/nuevodigitaldeescobar.com.ar\/#\/schema\/person\/035e90a8efe9a80e6eec22656ad6ea4c\",\"name\":\"Redacci\u00f3n\",\"image\":{\"@type\":\"ImageObject\",\"inLanguage\":\"es\",\"@id\":\"https:\/\/nuevodigitaldeescobar.com.ar\/#\/schema\/person\/image\/\",\"url\":\"https:\/\/secure.gravatar.com\/avatar\/8af8f40000c24e9eef3034f2be5998a372bb1389e64b1a4a36b3a7979142220d?s=96&d=mm&r=g\",\"contentUrl\":\"https:\/\/secure.gravatar.com\/avatar\/8af8f40000c24e9eef3034f2be5998a372bb1389e64b1a4a36b3a7979142220d?s=96&d=mm&r=g\",\"caption\":\"Redacci\u00f3n\"},\"sameAs\":[\"http:\/\/nuevodigitaldeescobar.com.ar\"],\"url\":\"https:\/\/nuevodigitaldeescobar.com.ar\/?author=1\"}]}<\/script>\n<!-- \/ Yoast SEO plugin. -->","yoast_head_json":{"title":"Educaci\u00f3n: \u00bfaprender emprendedurismo desde la infancia es el cambio cultural que necesita Am\u00e9rica Latina? - Nuevo Digital de Escobar","robots":{"index":"index","follow":"follow","max-snippet":"max-snippet:-1","max-image-preview":"max-image-preview:large","max-video-preview":"max-video-preview:-1"},"canonical":"https:\/\/nuevodigitaldeescobar.com.ar\/?p=506","og_locale":"es_ES","og_type":"article","og_title":"Educaci\u00f3n: \u00bfaprender emprendedurismo desde la infancia es el cambio cultural que necesita Am\u00e9rica Latina? - Nuevo Digital de Escobar","og_description":"En una regi\u00f3n con la mitad de la poblaci\u00f3n activa sostenida en la educaci\u00f3n informal, Alejandro Llovet, director de estrategia de Virtual Educa, destaca la [&hellip;]","og_url":"https:\/\/nuevodigitaldeescobar.com.ar\/?p=506","og_site_name":"Nuevo Digital de Escobar","article_publisher":"https:\/\/www.facebook.com\/NUEVODigitalDeEscobar","article_published_time":"2023-10-29T10:00:00+00:00","og_image":[{"width":720,"height":520,"url":"https:\/\/nuevodigitaldeescobar.com.ar\/wp-content\/uploads\/2023\/10\/ninos-emprendedores.jpg","type":"image\/jpeg"}],"author":"Redacci\u00f3n","twitter_card":"summary_large_image","twitter_creator":"@nuevodigescobar","twitter_site":"@nuevodigescobar","twitter_misc":{"Escrito por":"Redacci\u00f3n","Tiempo de lectura":"7 minutos"},"schema":{"@context":"https:\/\/schema.org","@graph":[{"@type":"Article","@id":"https:\/\/nuevodigitaldeescobar.com.ar\/?p=506#article","isPartOf":{"@id":"https:\/\/nuevodigitaldeescobar.com.ar\/?p=506"},"author":{"name":"Redacci\u00f3n","@id":"https:\/\/nuevodigitaldeescobar.com.ar\/#\/schema\/person\/035e90a8efe9a80e6eec22656ad6ea4c"},"headline":"Educaci\u00f3n: \u00bfaprender emprendedurismo desde la infancia es el cambio cultural que necesita Am\u00e9rica Latina?","datePublished":"2023-10-29T10:00:00+00:00","mainEntityOfPage":{"@id":"https:\/\/nuevodigitaldeescobar.com.ar\/?p=506"},"wordCount":1345,"commentCount":0,"publisher":{"@id":"https:\/\/nuevodigitaldeescobar.com.ar\/#organization"},"image":{"@id":"https:\/\/nuevodigitaldeescobar.com.ar\/?p=506#primaryimage"},"thumbnailUrl":"https:\/\/nuevodigitaldeescobar.com.ar\/wp-content\/uploads\/2023\/10\/ninos-emprendedores.jpg","articleSection":["Educaci\u00f3n","Sociedad"],"inLanguage":"es","potentialAction":[{"@type":"CommentAction","name":"Comment","target":["https:\/\/nuevodigitaldeescobar.com.ar\/?p=506#respond"]}]},{"@type":"WebPage","@id":"https:\/\/nuevodigitaldeescobar.com.ar\/?p=506","url":"https:\/\/nuevodigitaldeescobar.com.ar\/?p=506","name":"Educaci\u00f3n: \u00bfaprender emprendedurismo desde la infancia es el cambio cultural que necesita Am\u00e9rica Latina? - Nuevo Digital de Escobar","isPartOf":{"@id":"https:\/\/nuevodigitaldeescobar.com.ar\/#website"},"primaryImageOfPage":{"@id":"https:\/\/nuevodigitaldeescobar.com.ar\/?p=506#primaryimage"},"image":{"@id":"https:\/\/nuevodigitaldeescobar.com.ar\/?p=506#primaryimage"},"thumbnailUrl":"https:\/\/nuevodigitaldeescobar.com.ar\/wp-content\/uploads\/2023\/10\/ninos-emprendedores.jpg","datePublished":"2023-10-29T10:00:00+00:00","breadcrumb":{"@id":"https:\/\/nuevodigitaldeescobar.com.ar\/?p=506#breadcrumb"},"inLanguage":"es","potentialAction":[{"@type":"ReadAction","target":["https:\/\/nuevodigitaldeescobar.com.ar\/?p=506"]}]},{"@type":"ImageObject","inLanguage":"es","@id":"https:\/\/nuevodigitaldeescobar.com.ar\/?p=506#primaryimage","url":"https:\/\/nuevodigitaldeescobar.com.ar\/wp-content\/uploads\/2023\/10\/ninos-emprendedores.jpg","contentUrl":"https:\/\/nuevodigitaldeescobar.com.ar\/wp-content\/uploads\/2023\/10\/ninos-emprendedores.jpg","width":720,"height":520},{"@type":"BreadcrumbList","@id":"https:\/\/nuevodigitaldeescobar.com.ar\/?p=506#breadcrumb","itemListElement":[{"@type":"ListItem","position":1,"name":"Portada","item":"https:\/\/nuevodigitaldeescobar.com.ar\/"},{"@type":"ListItem","position":2,"name":"Educaci\u00f3n: \u00bfaprender emprendedurismo desde la infancia es el cambio cultural que necesita Am\u00e9rica Latina?"}]},{"@type":"WebSite","@id":"https:\/\/nuevodigitaldeescobar.com.ar\/#website","url":"https:\/\/nuevodigitaldeescobar.com.ar\/","name":"Nuevo Digital de Escobar","description":"La vida escobarense. Directora: Rosana Brunner","publisher":{"@id":"https:\/\/nuevodigitaldeescobar.com.ar\/#organization"},"potentialAction":[{"@type":"SearchAction","target":{"@type":"EntryPoint","urlTemplate":"https:\/\/nuevodigitaldeescobar.com.ar\/?s={search_term_string}"},"query-input":{"@type":"PropertyValueSpecification","valueRequired":true,"valueName":"search_term_string"}}],"inLanguage":"es"},{"@type":"Organization","@id":"https:\/\/nuevodigitaldeescobar.com.ar\/#organization","name":"Nuevo Digital de Escobar","url":"https:\/\/nuevodigitaldeescobar.com.ar\/","logo":{"@type":"ImageObject","inLanguage":"es","@id":"https:\/\/nuevodigitaldeescobar.com.ar\/#\/schema\/logo\/image\/","url":"https:\/\/nuevodigitaldeescobar.com.ar\/wp-content\/uploads\/2025\/05\/cropped-logo-nuevo2.jpg","contentUrl":"https:\/\/nuevodigitaldeescobar.com.ar\/wp-content\/uploads\/2025\/05\/cropped-logo-nuevo2.jpg","width":305,"height":305,"caption":"Nuevo Digital de Escobar"},"image":{"@id":"https:\/\/nuevodigitaldeescobar.com.ar\/#\/schema\/logo\/image\/"},"sameAs":["https:\/\/www.facebook.com\/NUEVODigitalDeEscobar","https:\/\/x.com\/nuevodigescobar","https:\/\/www.instagram.com\/nuevodigitaldeescobar"]},{"@type":"Person","@id":"https:\/\/nuevodigitaldeescobar.com.ar\/#\/schema\/person\/035e90a8efe9a80e6eec22656ad6ea4c","name":"Redacci\u00f3n","image":{"@type":"ImageObject","inLanguage":"es","@id":"https:\/\/nuevodigitaldeescobar.com.ar\/#\/schema\/person\/image\/","url":"https:\/\/secure.gravatar.com\/avatar\/8af8f40000c24e9eef3034f2be5998a372bb1389e64b1a4a36b3a7979142220d?s=96&d=mm&r=g","contentUrl":"https:\/\/secure.gravatar.com\/avatar\/8af8f40000c24e9eef3034f2be5998a372bb1389e64b1a4a36b3a7979142220d?s=96&d=mm&r=g","caption":"Redacci\u00f3n"},"sameAs":["http:\/\/nuevodigitaldeescobar.com.ar"],"url":"https:\/\/nuevodigitaldeescobar.com.ar\/?author=1"}]}},"featured_image_urls":{"full":["https:\/\/nuevodigitaldeescobar.com.ar\/wp-content\/uploads\/2023\/10\/ninos-emprendedores.jpg",720,520,false],"thumbnail":["https:\/\/nuevodigitaldeescobar.com.ar\/wp-content\/uploads\/2023\/10\/ninos-emprendedores-150x150.jpg",150,150,true],"medium":["https:\/\/nuevodigitaldeescobar.com.ar\/wp-content\/uploads\/2023\/10\/ninos-emprendedores-300x217.jpg",300,217,true],"medium_large":["https:\/\/nuevodigitaldeescobar.com.ar\/wp-content\/uploads\/2023\/10\/ninos-emprendedores.jpg",640,462,false],"large":["https:\/\/nuevodigitaldeescobar.com.ar\/wp-content\/uploads\/2023\/10\/ninos-emprendedores.jpg",640,462,false],"1536x1536":["https:\/\/nuevodigitaldeescobar.com.ar\/wp-content\/uploads\/2023\/10\/ninos-emprendedores.jpg",720,520,false],"2048x2048":["https:\/\/nuevodigitaldeescobar.com.ar\/wp-content\/uploads\/2023\/10\/ninos-emprendedores.jpg",720,520,false]},"author_info":{"display_name":"Redacci\u00f3n","author_link":"https:\/\/nuevodigitaldeescobar.com.ar\/?author=1"},"category_info":"<a href=\"https:\/\/nuevodigitaldeescobar.com.ar\/?cat=4\" rel=\"category\">Educaci\u00f3n<\/a> <a href=\"https:\/\/nuevodigitaldeescobar.com.ar\/?cat=15\" rel=\"category\">Sociedad<\/a>","tag_info":"Sociedad","comment_count":"0","_links":{"self":[{"href":"https:\/\/nuevodigitaldeescobar.com.ar\/index.php?rest_route=\/wp\/v2\/posts\/506","targetHints":{"allow":["GET"]}}],"collection":[{"href":"https:\/\/nuevodigitaldeescobar.com.ar\/index.php?rest_route=\/wp\/v2\/posts"}],"about":[{"href":"https:\/\/nuevodigitaldeescobar.com.ar\/index.php?rest_route=\/wp\/v2\/types\/post"}],"author":[{"embeddable":true,"href":"https:\/\/nuevodigitaldeescobar.com.ar\/index.php?rest_route=\/wp\/v2\/users\/1"}],"replies":[{"embeddable":true,"href":"https:\/\/nuevodigitaldeescobar.com.ar\/index.php?rest_route=%2Fwp%2Fv2%2Fcomments&post=506"}],"version-history":[{"count":1,"href":"https:\/\/nuevodigitaldeescobar.com.ar\/index.php?rest_route=\/wp\/v2\/posts\/506\/revisions"}],"predecessor-version":[{"id":510,"href":"https:\/\/nuevodigitaldeescobar.com.ar\/index.php?rest_route=\/wp\/v2\/posts\/506\/revisions\/510"}],"wp:featuredmedia":[{"embeddable":true,"href":"https:\/\/nuevodigitaldeescobar.com.ar\/index.php?rest_route=\/wp\/v2\/media\/508"}],"wp:attachment":[{"href":"https:\/\/nuevodigitaldeescobar.com.ar\/index.php?rest_route=%2Fwp%2Fv2%2Fmedia&parent=506"}],"wp:term":[{"taxonomy":"category","embeddable":true,"href":"https:\/\/nuevodigitaldeescobar.com.ar\/index.php?rest_route=%2Fwp%2Fv2%2Fcategories&post=506"},{"taxonomy":"post_tag","embeddable":true,"href":"https:\/\/nuevodigitaldeescobar.com.ar\/index.php?rest_route=%2Fwp%2Fv2%2Ftags&post=506"}],"curies":[{"name":"wp","href":"https:\/\/api.w.org\/{rel}","templated":true}]}}