{"id":5093,"date":"2024-04-28T07:00:00","date_gmt":"2024-04-28T10:00:00","guid":{"rendered":"https:\/\/nuevodigitaldeescobar.com.ar\/?p=5093"},"modified":"2024-04-26T01:17:14","modified_gmt":"2024-04-26T04:17:14","slug":"toda-enfermedad-empieza-en-el-intestino-cientificos-argentinos-confirman-los-alcances-del-segundo-cerebro","status":"publish","type":"post","link":"https:\/\/nuevodigitaldeescobar.com.ar\/?p=5093","title":{"rendered":"\u00bfToda enfermedad empieza en el intestino? Cient\u00edficos argentinos confirman los alcances del \u201csegundo cerebro\u201d"},"content":{"rendered":"<p><span style=\"color: #003366;\"><strong><em>La investigaci\u00f3n analiza los s\u00edntomas extra digestivos en pacientes con S\u00edndrome de Intestino Irritable y fue publicada en la revista \u201cNeurogastroenterology and Motility\u201d.<\/em><\/strong><\/span><\/p>\n<p><!--more--><\/p>\n<hr \/>\n<p>Cuando en temas de salud una idea simple cala hondo entre las personas, es porque tiene verdad en su definici\u00f3n. Algo de esto pasa con la noci\u00f3n de llamar al intestino, <em>\u201csegundo cerebro\u201d<\/em>. Hay que saber que el intestino tiene m\u00e1s neuronas que la espina dorsal y act\u00faa independientemente del sistema nervioso central.<\/p>\n<p>Ese otro cerebro <em>\u201cindependiente\u201d<\/em> en nuestras entra\u00f1as y su compleja comunidad microbiana, influyen definitivamente en nuestro bienestar general.<\/p>\n<p>Un grupo de investigadores argentinos, liderados por el doctor Facundo Pereyra, publicaron un nuevo estudio en la prestigiosa revista <em>\u201cNeurogastroenterology and Motility\u201d<\/em> que arroja luz sobre la naturaleza compleja de los trastornos intestinales y sus ramificaciones en s\u00edntomas extra-digestivos.<\/p>\n<p>Los hallazgos suman evidencia al nuevo paradigma que propone que aquello que altera o equilibra nuestra microbiota -el ecosistema de microorganismos que habitan en el intestino humano- tiene una estrecha relaci\u00f3n con el sistema nervioso y el cerebro.<\/p>\n<figure id=\"attachment_5094\" aria-describedby=\"caption-attachment-5094\" style=\"width: 640px\" class=\"wp-caption alignnone\"><a href=\"https:\/\/nuevodigitaldeescobar.com.ar\/?attachment_id=5094\" rel=\"attachment wp-att-5094\"><img fetchpriority=\"high\" decoding=\"async\" class=\"size-full wp-image-5094\" src=\"http:\/\/nuevodigitaldeescobar.com.ar\/wp-content\/uploads\/2024\/04\/microbiota-epi-1-e1714104628102.jpg\" alt=\"\" width=\"640\" height=\"427\" \/><\/a><figcaption id=\"caption-attachment-5094\" class=\"wp-caption-text\">El nuevo paradigma propone que aquello que altera o equilibra nuestra microbiota -el ecosistema de microorganismos que habitan en el intestino humano- tiene una estrecha relaci\u00f3n con el sistema nervioso y el cerebro. (FLICKR \/ PROCURAMED SA\u00daDE)<\/figcaption><\/figure>\n<p>El m\u00e9dico gastroenter\u00f3logo Pereyra se desempe\u00f1a en el Servicio de Gastroenterolog\u00eda del Hospital Cipolletti en R\u00edo Negro, ciudad de la que es oriundo. Est\u00e1 formado en su especialidad en la Universidad del Salvador, el Hospital de Cl\u00ednicas y el Hospital Udaondo, y, con el transcurso de los a\u00f1os la experiencia en la pr\u00e1ctica cl\u00ednica lo llev\u00f3 a adoptar un enfoque integral del paciente ya sea en estado de salud o enfermedad.<\/p>\n<p>Este abordaje se inscribe en la denominada medicina funcional, una perspectiva m\u00e9dica incipiente, que ya cuenta, nada m\u00e1s ni nada menos, que con un departamento de investigaci\u00f3n y abordaje cl\u00ednico en la prestigiosa Cleveland Clinic, de Estados Unidos.<\/p>\n<p>En una entrevista, el doctor Pereyra, autor principal del estudio, y el doctor Luis Bustos Fern\u00e1ndez, ex presidente de la Sociedad Argentina de Gastroenterolog\u00eda (SAGE), y participante de la investigaci\u00f3n <em>\u201cPrevalencia de s\u00edntomas extra-intestinales seg\u00fan subtipo de s\u00edndrome del intestino irritable\u201d<\/em>, analizaron los detalles del nuevo estudio.<\/p>\n<figure id=\"attachment_5095\" aria-describedby=\"caption-attachment-5095\" style=\"width: 640px\" class=\"wp-caption alignnone\"><a href=\"https:\/\/nuevodigitaldeescobar.com.ar\/?attachment_id=5095\" rel=\"attachment wp-att-5095\"><img decoding=\"async\" class=\"size-full wp-image-5095\" src=\"http:\/\/nuevodigitaldeescobar.com.ar\/wp-content\/uploads\/2024\/04\/microbiota-epi-2-e1714104666788.jpg\" alt=\"\" width=\"640\" height=\"391\" \/><\/a><figcaption id=\"caption-attachment-5095\" class=\"wp-caption-text\">El eje cerebro-intestino y sistema inmune, como sostiene Pereyra es fundamental para entender los problemas de salud.<\/figcaption><\/figure>\n<h3><span style=\"color: #003366;\"><strong>El eje cerebro-intestino<\/strong><\/span><\/h3>\n<p><em>\u201cEste es el primer gran trabajo cient\u00edfico que describe las manifestaciones extra-digestivas asociadas al S\u00edndrome de Intestino Irritable (SII), un aspecto que a\u00fan no est\u00e1 tratado en profundidad por la comunidad m\u00e9dica\u201d<\/em>, dijo Pereyra.<\/p>\n<p>El estudio se realiz\u00f3 en 4.862 personas y revel\u00f3 que m\u00e1s del 70% de los pacientes con SII experimentan s\u00edntomas no digestivos, como dolor de articulaciones y de cabeza, hormigueos en manos y pies, dermatitis at\u00f3pica, as\u00ed como s\u00edntomas de depresi\u00f3n.<\/p>\n<p>Estos hallazgos, confirman que el eje cerebro-intestino y sistema inmune, como sostiene el doctor Pereyra, es fundamental para entender los problemas de salud: <em>\u201cEl paciente que tiene s\u00edntomas digestivos y extra-digestivos asociados es una persona que presenta una activaci\u00f3n del sistema inmunol\u00f3gico y digestivo, lo que genera malestar general y enfermedades\u201d<\/em>, se\u00f1al\u00f3 el gastroenter\u00f3logo. Por eso, enfatiza en que el tratamiento adecuado debe estar dirigido a <em>\u201caplacar la respuesta inmunol\u00f3gica\u201d<\/em>.<\/p>\n<p>Desde la perspectiva de Pereyra, considerar que el aparato digestivo incuba el <em>\u201cgermen\u201d<\/em> de otros trastornos que impactan en el resto de los sistemas del organismo, abre <em>\u201cesperanzas de tratamiento\u201d<\/em> para personas afectadas por una larga lista de enfermedades consideradas, en principio, <em>\u201cno digestivas\u201d<\/em>. Y esto abarca desde la ansiedad, depresi\u00f3n, migra\u00f1a, fatiga, infertilidad, problemas autoinmunes, problemas articulares o en la piel, como alergias.<\/p>\n<figure id=\"attachment_5096\" aria-describedby=\"caption-attachment-5096\" style=\"width: 640px\" class=\"wp-caption alignnone\"><a href=\"https:\/\/nuevodigitaldeescobar.com.ar\/?attachment_id=5096\" rel=\"attachment wp-att-5096\"><img decoding=\"async\" class=\"size-full wp-image-5096\" src=\"http:\/\/nuevodigitaldeescobar.com.ar\/wp-content\/uploads\/2024\/04\/microbiota-epi-3-e1714104771435.jpg\" alt=\"\" width=\"640\" height=\"360\" \/><\/a><figcaption id=\"caption-attachment-5096\" class=\"wp-caption-text\">El doctor Facundo Pereyra es m\u00e9dico gastroenter\u00f3logo formado en la Universidad del Salvador, el Hospital de Cl\u00ednicas y el Hospital Udaondo. Cree y practica en su consultorio la llamada medicina funcional, que reversiona acorde a este tiempo, la medicina tradicional.<\/figcaption><\/figure>\n<p><em>\u201cEntender el intestino como un \u00f3rgano que puede enfermar al resto del cuerpo es el primer paso de un nuevo enfoque que ya desde hace a\u00f1os trata la medicina funcional de Estados Unidos. Ya lo dijo Hip\u00f3crates hace m\u00e1s de 2500 a\u00f1os: \u00b4Toda enfermedad empieza en el intestino\u00b4\u201d<\/em>, explica.<\/p>\n<p>El m\u00e9dico gastroenter\u00f3logo Bustos Fern\u00e1ndez es uno de los autores del estudio y consider\u00f3 que esta investigaci\u00f3n dio evidencia cient\u00edfica a una realidad que los m\u00e9dicos ya observaban en el consultorio: <em>\u201cLa sintomatolog\u00eda de tipo intestino irritable se acompa\u00f1a de una gran cantidad de s\u00edntomas extra-digestivos, que no deben ser tratados de forma individual, sino que se debe plantear un tratamiento m\u00e1s integrador y generalizado\u201d<\/em>.<\/p>\n<p>Bustos consider\u00f3 que los hallazgos est\u00e1n en sinton\u00eda con un abordaje que gana terreno en gastroenterolog\u00eda y otras disciplinas: <strong>el equilibrio en el eje cerebro-intestino-microbiota es garante del buen estado de salud<\/strong>. Esto implica que el equilibrio (o la alteraci\u00f3n) de los microorganismos de nuestra microbiota intestinal tiene una relaci\u00f3n estrecha con la estabilidad dentro de nuestro sistema nervioso central.<\/p>\n<figure id=\"attachment_5097\" aria-describedby=\"caption-attachment-5097\" style=\"width: 640px\" class=\"wp-caption alignnone\"><a href=\"https:\/\/nuevodigitaldeescobar.com.ar\/?attachment_id=5097\" rel=\"attachment wp-att-5097\"><img loading=\"lazy\" decoding=\"async\" class=\"size-full wp-image-5097\" src=\"http:\/\/nuevodigitaldeescobar.com.ar\/wp-content\/uploads\/2024\/04\/microbiota-epi-4-e1714104836299.jpg\" alt=\"\" width=\"640\" height=\"480\" \/><\/a><figcaption id=\"caption-attachment-5097\" class=\"wp-caption-text\">El estudio publicado en Neurogastroenterology and Motility.<\/figcaption><\/figure>\n<h3><span style=\"color: #003366;\"><strong>Los hallazgos del estudio<\/strong><\/span><\/h3>\n<p>La investigaci\u00f3n indag\u00f3 en la prevalencia de s\u00edntomas extra-intestinales en pacientes con el S\u00edndrome del Intestino Irritable (SII), y evidenci\u00f3 diferencias significativas seg\u00fan el subtipo de este trastorno. Seg\u00fan los criterios de Roma IV (que se aplican para evaluar los trastornos funcionales intestinales), los participantes fueron clasificados en SII con predominio de diarrea (SII-D), estre\u00f1imiento (SII-E) y h\u00e1bitos intestinales mixtos (SII-M). Los datos fueron relevados entre julio de 2022 y abril de 2023.<\/p>\n<p>Los hallazgos mostraron que los pacientes con estre\u00f1imiento presentan una menor gravedad en los s\u00edntomas del SII y una menor prevalencia de obesidad en comparaci\u00f3n con los otros subtipos. Por otro lado, aquellos con predominio de s\u00edntomas diarreicos mostraron una mayor incidencia de intolerancia alimentaria, antecedentes de colecistectom\u00eda e incontinencia fecal.<\/p>\n<p>En tanto, los pacientes con SII y h\u00e1bitos intestinales mixtos -que alternan entre per\u00edodos de diarrea y constipaci\u00f3n- registraron la mayor prevalencia de s\u00edntomas extraintestinales, con mayor frecuencia de artralgias, dolores de cabeza, hormigueos en extremidades y dermatitis at\u00f3pica. Adem\u00e1s, este grupo evidenci\u00f3 mayor prevalencia de s\u00edntomas de depresi\u00f3n en comparaci\u00f3n con otros pacientes con enfermedades digestivas.<\/p>\n<p>Las conclusiones de la investigaci\u00f3n subrayaron la importancia de una comprensi\u00f3n detallada de los distintos subtipos de SII para el desarrollo de estrategias terap\u00e9uticas m\u00e1s personalizadas y efectivas, destacando la necesidad de m\u00e1s investigaciones al respecto.<\/p>\n<figure id=\"attachment_5098\" aria-describedby=\"caption-attachment-5098\" style=\"width: 640px\" class=\"wp-caption alignnone\"><a href=\"https:\/\/nuevodigitaldeescobar.com.ar\/?attachment_id=5098\" rel=\"attachment wp-att-5098\"><img loading=\"lazy\" decoding=\"async\" class=\"size-full wp-image-5098\" src=\"http:\/\/nuevodigitaldeescobar.com.ar\/wp-content\/uploads\/2024\/04\/microbiota-epi-5-e1714104889804.jpg\" alt=\"\" width=\"640\" height=\"360\" \/><\/a><figcaption id=\"caption-attachment-5098\" class=\"wp-caption-text\">La investigaci\u00f3n subray\u00f3 el impacto de distintos subtipos de SII en la gravedad de los s\u00edntomas y la relaci\u00f3n con otras condiciones como la obesidad e intolerancia alimentaria, destacando la variedad de experiencias entre los pacientes.<\/figcaption><\/figure>\n<h3><span style=\"color: #003366;\"><strong>El v\u00ednculo de la microbiota y el sistema nervioso<\/strong><\/span><\/h3>\n<p><span style=\"color: #003366;\"><strong>\u2014 \u00bfCu\u00e1les son las razones detr\u00e1s de la alta prevalencia de s\u00edntomas extra-digestivos en los pacientes con problemas intestinales?<\/strong><\/span><\/p>\n<p><span style=\"color: #003366;\"><strong>\u2014 Doctor Pereyra:<\/strong><\/span> <em>\u201cExisten distintas hip\u00f3tesis. La primera, refiere a las alteraciones de la permeabilidad del intestino, las filtraciones de toxinas y alimentos mal digeridos que impactan el sistema inmunol\u00f3gico enfermando el resto del cuerpo.<\/em><\/p>\n<p><em>Por otro lado, se manifiesta una activaci\u00f3n del sistema nervioso central a trav\u00e9s de la activaci\u00f3n del eje cerebro-intestinal, esto significa que se activan ciertos neurotransmisores que generan informaci\u00f3n en el cerebro. Tambi\u00e9n las intolerancias alimentarias por fen\u00f3menos inmunol\u00f3gicos generan impacto a distancia tambi\u00e9n. Esos son las tres principales razones\u201d<\/em>.<\/p>\n<p><span style=\"color: #003366;\"><strong>\u2014 Doctor Bustos Fern\u00e1ndez:<\/strong> <\/span><em>\u201cEl organismo vive en un estado de salud o de enfermedad que se basa en lo que llamamos estado inflamatorio, no en el sentido de \u201cse me hinch\u00f3 la panza\u201d, sino en la liberaci\u00f3n de distintos marcadores pro-inflamatorios o antiinflamatorios. Y la principal puerta de estos marcadores inflamatorios en el organismo es el tubo digestivo, a trav\u00e9s de su relaci\u00f3n con la microbiota intestinal.<\/em><\/p>\n<p><em>Cuando por distintas razones nos empezamos a llevar mal con nuestra microbiota, empieza a producirse una liberaci\u00f3n de estos neurotransmisores que van a producir este estado pro-inflamatorio y un estado de enfermedad. Pero de la misma manera, una correcta microbiota intestinal puede producir microorganismos que son antiinflamatorios y nos van a proteger.<\/em><\/p>\n<p><em>Esto significa que distintos tipos de enfermedades, no solamente del tubo digestivo, sino enfermedades de todo el organismo, van a depender en forma absoluta del estado de nuestra microbiota intestinal\u201d<\/em>.<\/p>\n<p>Epi 6 El gastroenter\u00f3logo Pereyra considera que el abordaje terap\u00e9utico debe iniciarse con un programa de descanso digestivo o \u201creseteo intestinal\u201d. (Getty Images)<\/p>\n<h3><span style=\"color: #003366;\"><strong>\u201cReseteo del intestino\u201d<\/strong><\/span><\/h3>\n<p>Dadas estas conclusiones, uno de los objetivos del tratamiento que propone el doctor Pereyra para los pacientes que presentan s\u00edntomas digestivos y no digestivos vinculados al intestino irritable consiste justamente en aplacar la respuesta inmunol\u00f3gica relacionada a estos malestares. El gastroenter\u00f3logo considera que el abordaje terap\u00e9utico debe iniciarse con un programa de descanso digestivo o <em>\u201creseteo intestinal\u201d.<\/em><\/p>\n<p>Este proceso consiste en una <em>\u201cdieta de eliminaci\u00f3n\u201d<\/em> sin trigo, sin l\u00e1cteos, sin az\u00facar y sin <strong><a href=\"https:\/\/medlineplus.gov\/spanish\/ency\/patientinstructions\/000984.htm\">FODMAP<\/a><\/strong> durante 7 d\u00edas para darle espacio al intestino a que se recupere, con el objetivo de brindar un escenario ideal para que el sistema inmunol\u00f3gico pueda descansar.<\/p>\n<p><em>\u201cAl poner a reposar el intestino, revertimos todos estos mecanismos posibles, que van desde la intolerancia alimentaria, la activaci\u00f3n del eje intestinal y la alteraci\u00f3n de la permeabilidad intestinal\u201d<\/em>, se\u00f1ala Pereyra.<\/p>\n<p>En ese mismo sentido, el doctor Bustos Fern\u00e1ndez postula que el enfoque m\u00e9dico debe <em>\u201cbuscar una modulaci\u00f3n correcta de la microbiota intestinal para crear este estado de salud en el organismo, que es un estado antiinflamatorio. Y la mejor forma de hacerlo es a trav\u00e9s de la dieta o modulando a veces en forma terap\u00e9utica, con alg\u00fan antibi\u00f3tico o los llamados probi\u00f3ticos y prebi\u00f3ticos\u201d<\/em>.<\/p>\n<h3><span style=\"color: #003366;\"><strong>C\u00f3mo se recopilaron los datos<\/strong><\/span><\/h3>\n<figure id=\"attachment_5099\" aria-describedby=\"caption-attachment-5099\" style=\"width: 480px\" class=\"wp-caption alignnone\"><a href=\"https:\/\/nuevodigitaldeescobar.com.ar\/?attachment_id=5099\" rel=\"attachment wp-att-5099\"><img loading=\"lazy\" decoding=\"async\" class=\"size-full wp-image-5099\" src=\"http:\/\/nuevodigitaldeescobar.com.ar\/wp-content\/uploads\/2024\/04\/microbiota-epi-7-e1714104991810.jpg\" alt=\"\" width=\"480\" height=\"640\" \/><\/a><figcaption id=\"caption-attachment-5099\" class=\"wp-caption-text\">La app utlizada para evaluar la prevalencia de s\u00edntomas en pacientes con S\u00edndrome de Intestino Irritable.<\/figcaption><\/figure>\n<p>Lo que distingue a este estudio es su innovador m\u00e9todo de recolecci\u00f3n de datos. A trav\u00e9s de una aplicaci\u00f3n m\u00f3vil dise\u00f1ada espec\u00edficamente para este prop\u00f3sito, los pacientes pudieron registrar sus s\u00edntomas en tiempo real, y proporcionaron as\u00ed una base de datos detallada y precisa sobre su estado de salud.<\/p>\n<p><em>\u201cEste estudio se llev\u00f3 a cabo mediante un cuestionario proporcionado a todos los pacientes que entraron en nuestro programa b15 a trav\u00e9s de la web. El cuestionario fue administrado al inicio y al final del programa para evaluar la evoluci\u00f3n de cada paciente. Se utilizaron escalas validadas para patolog\u00eda digestiva funcional. Asimismo, se examin\u00f3 la esfera an\u00edmica y se indagaron s\u00edntomas extra digestivos, tales como dolores de cabeza, hormigueos, dermatitis at\u00f3pica, s\u00edndrome de piernas inquietas, fatiga cr\u00f3nica, ansiedad, depresi\u00f3n, entre otros problemas articulares\u201d<\/em>, detall\u00f3 Pereyra.<\/p>\n<p>Esta metodolog\u00eda permiti\u00f3 una mejor comprensi\u00f3n de las experiencias cotidianas de los pacientes con afecciones digestivas.<\/p>\n<p>El doctor Pereyra propone que uno de los caminos a seguir por los profesionales de la salud deber\u00eda orientarse a un enfoque m\u00e1s inclusivo en el tratamiento de los trastornos digestivos, al considerar no solo los s\u00edntomas digestivos sino tambi\u00e9n las manifestaciones sist\u00e9micas de estas condiciones.<\/p>\n<p>Los autores del estudio destacaron que la colaboraci\u00f3n entre expertos en estad\u00edstica, gastroenterolog\u00eda y epidemiolog\u00eda fue crucial para el an\u00e1lisis de los datos, Y postularon que focalizar y prestar atenci\u00f3n a las experiencias integrales de los pacientes, permite avanzar hacia terapias m\u00e1s efectivas y personalizadas, mejorando significativamente la calidad de vida de aquellos afectados por estos trastornos.<\/p>\n<p>El estudio <em>\u201cPrevalencia de s\u00edntomas extra-intestinales seg\u00fan subtipo de s\u00edndrome del intestino irritable\u201d<\/em> fue publicado en la revista <em>\u201cNeurogastroenterology and Motility\u201d<\/em>. Participaron de la investigaci\u00f3n los doctores Facundo Pereyra, Luis Mar\u00eda Bustos Fern\u00e1ndez., Francisco Schlottman, Rafael Zamora, Agustina Marconi, Leandro Steinberg y Lisandro Pereyra.<\/p>\n<p><em>(Infobae)<\/em><\/p>\n","protected":false},"excerpt":{"rendered":"<p>La investigaci\u00f3n analiza los s\u00edntomas extra digestivos en pacientes con S\u00edndrome de Intestino Irritable y fue publicada en la revista \u201cNeurogastroenterology and Motility\u201d.<\/p>\n","protected":false},"author":1,"featured_media":5100,"comment_status":"open","ping_status":"closed","sticky":false,"template":"","format":"standard","meta":{"footnotes":""},"categories":[3],"tags":[],"class_list":["post-5093","post","type-post","status-publish","format-standard","has-post-thumbnail","hentry","category-nutricion"],"better_featured_image":{"id":5100,"alt_text":"","caption":"","description":"","media_type":"image","media_details":{"width":640,"height":360,"file":"2024\/04\/microbiota-1-e1714105025146.jpg","filesize":82155,"sizes":{"medium":{"file":"microbiota-1-300x169.jpg","width":300,"height":169,"mime-type":"image\/jpeg","filesize":13201,"source_url":"https:\/\/nuevodigitaldeescobar.com.ar\/wp-content\/uploads\/2024\/04\/microbiota-1-300x169.jpg"},"thumbnail":{"file":"microbiota-1-150x150.jpg","width":150,"height":150,"mime-type":"image\/jpeg","filesize":7079,"source_url":"https:\/\/nuevodigitaldeescobar.com.ar\/wp-content\/uploads\/2024\/04\/microbiota-1-150x150.jpg"}},"image_meta":{"aperture":"0","credit":"","camera":"","caption":"","created_timestamp":"0","copyright":"","focal_length":"0","iso":"0","shutter_speed":"0","title":"","orientation":"0","keywords":[]}},"post":5093,"source_url":"https:\/\/nuevodigitaldeescobar.com.ar\/wp-content\/uploads\/2024\/04\/microbiota-1-e1714105025146.jpg"},"yoast_head":"<!-- This site is optimized with the Yoast SEO plugin v26.1.1 - https:\/\/yoast.com\/wordpress\/plugins\/seo\/ -->\n<title>\u00bfToda enfermedad empieza en el intestino? Cient\u00edficos argentinos confirman los alcances del \u201csegundo cerebro\u201d - Nuevo Digital de Escobar<\/title>\n<meta name=\"robots\" content=\"index, follow, max-snippet:-1, max-image-preview:large, max-video-preview:-1\" \/>\n<link rel=\"canonical\" href=\"https:\/\/nuevodigitaldeescobar.com.ar\/?p=5093\" \/>\n<meta property=\"og:locale\" content=\"es_ES\" \/>\n<meta property=\"og:type\" content=\"article\" \/>\n<meta property=\"og:title\" content=\"\u00bfToda enfermedad empieza en el intestino? Cient\u00edficos argentinos confirman los alcances del \u201csegundo cerebro\u201d - Nuevo Digital de Escobar\" \/>\n<meta property=\"og:description\" content=\"La investigaci\u00f3n analiza los s\u00edntomas extra digestivos en pacientes con S\u00edndrome de Intestino Irritable y fue publicada en la revista \u201cNeurogastroenterology and Motility\u201d.\" \/>\n<meta property=\"og:url\" content=\"https:\/\/nuevodigitaldeescobar.com.ar\/?p=5093\" \/>\n<meta property=\"og:site_name\" content=\"Nuevo Digital de Escobar\" \/>\n<meta property=\"article:publisher\" content=\"https:\/\/www.facebook.com\/NUEVODigitalDeEscobar\" \/>\n<meta property=\"article:published_time\" content=\"2024-04-28T10:00:00+00:00\" \/>\n<meta property=\"og:image\" content=\"https:\/\/nuevodigitaldeescobar.com.ar\/wp-content\/uploads\/2024\/04\/microbiota-1-e1714105025146.jpg\" \/>\n\t<meta property=\"og:image:width\" content=\"640\" \/>\n\t<meta property=\"og:image:height\" content=\"360\" \/>\n\t<meta property=\"og:image:type\" content=\"image\/jpeg\" \/>\n<meta name=\"author\" content=\"Redacci\u00f3n\" \/>\n<meta name=\"twitter:card\" content=\"summary_large_image\" \/>\n<meta name=\"twitter:creator\" content=\"@nuevodigescobar\" \/>\n<meta name=\"twitter:site\" content=\"@nuevodigescobar\" \/>\n<meta name=\"twitter:label1\" content=\"Escrito por\" \/>\n\t<meta name=\"twitter:data1\" content=\"Redacci\u00f3n\" \/>\n\t<meta name=\"twitter:label2\" content=\"Tiempo de lectura\" \/>\n\t<meta name=\"twitter:data2\" content=\"10 minutos\" \/>\n<script type=\"application\/ld+json\" class=\"yoast-schema-graph\">{\"@context\":\"https:\/\/schema.org\",\"@graph\":[{\"@type\":\"Article\",\"@id\":\"https:\/\/nuevodigitaldeescobar.com.ar\/?p=5093#article\",\"isPartOf\":{\"@id\":\"https:\/\/nuevodigitaldeescobar.com.ar\/?p=5093\"},\"author\":{\"name\":\"Redacci\u00f3n\",\"@id\":\"https:\/\/nuevodigitaldeescobar.com.ar\/#\/schema\/person\/035e90a8efe9a80e6eec22656ad6ea4c\"},\"headline\":\"\u00bfToda enfermedad empieza en el intestino? Cient\u00edficos argentinos confirman los alcances del \u201csegundo cerebro\u201d\",\"datePublished\":\"2024-04-28T10:00:00+00:00\",\"mainEntityOfPage\":{\"@id\":\"https:\/\/nuevodigitaldeescobar.com.ar\/?p=5093\"},\"wordCount\":2103,\"commentCount\":0,\"publisher\":{\"@id\":\"https:\/\/nuevodigitaldeescobar.com.ar\/#organization\"},\"image\":{\"@id\":\"https:\/\/nuevodigitaldeescobar.com.ar\/?p=5093#primaryimage\"},\"thumbnailUrl\":\"https:\/\/nuevodigitaldeescobar.com.ar\/wp-content\/uploads\/2024\/04\/microbiota-1-e1714105025146.jpg\",\"articleSection\":[\"Salud y Nutrici\u00f3n\"],\"inLanguage\":\"es\",\"potentialAction\":[{\"@type\":\"CommentAction\",\"name\":\"Comment\",\"target\":[\"https:\/\/nuevodigitaldeescobar.com.ar\/?p=5093#respond\"]}]},{\"@type\":\"WebPage\",\"@id\":\"https:\/\/nuevodigitaldeescobar.com.ar\/?p=5093\",\"url\":\"https:\/\/nuevodigitaldeescobar.com.ar\/?p=5093\",\"name\":\"\u00bfToda enfermedad empieza en el intestino? Cient\u00edficos argentinos confirman los alcances del \u201csegundo cerebro\u201d - Nuevo Digital de Escobar\",\"isPartOf\":{\"@id\":\"https:\/\/nuevodigitaldeescobar.com.ar\/#website\"},\"primaryImageOfPage\":{\"@id\":\"https:\/\/nuevodigitaldeescobar.com.ar\/?p=5093#primaryimage\"},\"image\":{\"@id\":\"https:\/\/nuevodigitaldeescobar.com.ar\/?p=5093#primaryimage\"},\"thumbnailUrl\":\"https:\/\/nuevodigitaldeescobar.com.ar\/wp-content\/uploads\/2024\/04\/microbiota-1-e1714105025146.jpg\",\"datePublished\":\"2024-04-28T10:00:00+00:00\",\"breadcrumb\":{\"@id\":\"https:\/\/nuevodigitaldeescobar.com.ar\/?p=5093#breadcrumb\"},\"inLanguage\":\"es\",\"potentialAction\":[{\"@type\":\"ReadAction\",\"target\":[\"https:\/\/nuevodigitaldeescobar.com.ar\/?p=5093\"]}]},{\"@type\":\"ImageObject\",\"inLanguage\":\"es\",\"@id\":\"https:\/\/nuevodigitaldeescobar.com.ar\/?p=5093#primaryimage\",\"url\":\"https:\/\/nuevodigitaldeescobar.com.ar\/wp-content\/uploads\/2024\/04\/microbiota-1-e1714105025146.jpg\",\"contentUrl\":\"https:\/\/nuevodigitaldeescobar.com.ar\/wp-content\/uploads\/2024\/04\/microbiota-1-e1714105025146.jpg\",\"width\":640,\"height\":360},{\"@type\":\"BreadcrumbList\",\"@id\":\"https:\/\/nuevodigitaldeescobar.com.ar\/?p=5093#breadcrumb\",\"itemListElement\":[{\"@type\":\"ListItem\",\"position\":1,\"name\":\"Portada\",\"item\":\"https:\/\/nuevodigitaldeescobar.com.ar\/\"},{\"@type\":\"ListItem\",\"position\":2,\"name\":\"\u00bfToda enfermedad empieza en el intestino? Cient\u00edficos argentinos confirman los alcances del \u201csegundo cerebro\u201d\"}]},{\"@type\":\"WebSite\",\"@id\":\"https:\/\/nuevodigitaldeescobar.com.ar\/#website\",\"url\":\"https:\/\/nuevodigitaldeescobar.com.ar\/\",\"name\":\"Nuevo Digital de Escobar\",\"description\":\"La vida escobarense. Directora: Rosana Brunner\",\"publisher\":{\"@id\":\"https:\/\/nuevodigitaldeescobar.com.ar\/#organization\"},\"potentialAction\":[{\"@type\":\"SearchAction\",\"target\":{\"@type\":\"EntryPoint\",\"urlTemplate\":\"https:\/\/nuevodigitaldeescobar.com.ar\/?s={search_term_string}\"},\"query-input\":{\"@type\":\"PropertyValueSpecification\",\"valueRequired\":true,\"valueName\":\"search_term_string\"}}],\"inLanguage\":\"es\"},{\"@type\":\"Organization\",\"@id\":\"https:\/\/nuevodigitaldeescobar.com.ar\/#organization\",\"name\":\"Nuevo Digital de Escobar\",\"url\":\"https:\/\/nuevodigitaldeescobar.com.ar\/\",\"logo\":{\"@type\":\"ImageObject\",\"inLanguage\":\"es\",\"@id\":\"https:\/\/nuevodigitaldeescobar.com.ar\/#\/schema\/logo\/image\/\",\"url\":\"https:\/\/nuevodigitaldeescobar.com.ar\/wp-content\/uploads\/2025\/05\/cropped-logo-nuevo2.jpg\",\"contentUrl\":\"https:\/\/nuevodigitaldeescobar.com.ar\/wp-content\/uploads\/2025\/05\/cropped-logo-nuevo2.jpg\",\"width\":305,\"height\":305,\"caption\":\"Nuevo Digital de Escobar\"},\"image\":{\"@id\":\"https:\/\/nuevodigitaldeescobar.com.ar\/#\/schema\/logo\/image\/\"},\"sameAs\":[\"https:\/\/www.facebook.com\/NUEVODigitalDeEscobar\",\"https:\/\/x.com\/nuevodigescobar\",\"https:\/\/www.instagram.com\/nuevodigitaldeescobar\"]},{\"@type\":\"Person\",\"@id\":\"https:\/\/nuevodigitaldeescobar.com.ar\/#\/schema\/person\/035e90a8efe9a80e6eec22656ad6ea4c\",\"name\":\"Redacci\u00f3n\",\"image\":{\"@type\":\"ImageObject\",\"inLanguage\":\"es\",\"@id\":\"https:\/\/nuevodigitaldeescobar.com.ar\/#\/schema\/person\/image\/\",\"url\":\"https:\/\/secure.gravatar.com\/avatar\/8af8f40000c24e9eef3034f2be5998a372bb1389e64b1a4a36b3a7979142220d?s=96&d=mm&r=g\",\"contentUrl\":\"https:\/\/secure.gravatar.com\/avatar\/8af8f40000c24e9eef3034f2be5998a372bb1389e64b1a4a36b3a7979142220d?s=96&d=mm&r=g\",\"caption\":\"Redacci\u00f3n\"},\"sameAs\":[\"http:\/\/nuevodigitaldeescobar.com.ar\"],\"url\":\"https:\/\/nuevodigitaldeescobar.com.ar\/?author=1\"}]}<\/script>\n<!-- \/ Yoast SEO plugin. -->","yoast_head_json":{"title":"\u00bfToda enfermedad empieza en el intestino? Cient\u00edficos argentinos confirman los alcances del \u201csegundo cerebro\u201d - Nuevo Digital de Escobar","robots":{"index":"index","follow":"follow","max-snippet":"max-snippet:-1","max-image-preview":"max-image-preview:large","max-video-preview":"max-video-preview:-1"},"canonical":"https:\/\/nuevodigitaldeescobar.com.ar\/?p=5093","og_locale":"es_ES","og_type":"article","og_title":"\u00bfToda enfermedad empieza en el intestino? Cient\u00edficos argentinos confirman los alcances del \u201csegundo cerebro\u201d - Nuevo Digital de Escobar","og_description":"La investigaci\u00f3n analiza los s\u00edntomas extra digestivos en pacientes con S\u00edndrome de Intestino Irritable y fue publicada en la revista \u201cNeurogastroenterology and Motility\u201d.","og_url":"https:\/\/nuevodigitaldeescobar.com.ar\/?p=5093","og_site_name":"Nuevo Digital de Escobar","article_publisher":"https:\/\/www.facebook.com\/NUEVODigitalDeEscobar","article_published_time":"2024-04-28T10:00:00+00:00","og_image":[{"width":640,"height":360,"url":"https:\/\/nuevodigitaldeescobar.com.ar\/wp-content\/uploads\/2024\/04\/microbiota-1-e1714105025146.jpg","type":"image\/jpeg"}],"author":"Redacci\u00f3n","twitter_card":"summary_large_image","twitter_creator":"@nuevodigescobar","twitter_site":"@nuevodigescobar","twitter_misc":{"Escrito por":"Redacci\u00f3n","Tiempo de lectura":"10 minutos"},"schema":{"@context":"https:\/\/schema.org","@graph":[{"@type":"Article","@id":"https:\/\/nuevodigitaldeescobar.com.ar\/?p=5093#article","isPartOf":{"@id":"https:\/\/nuevodigitaldeescobar.com.ar\/?p=5093"},"author":{"name":"Redacci\u00f3n","@id":"https:\/\/nuevodigitaldeescobar.com.ar\/#\/schema\/person\/035e90a8efe9a80e6eec22656ad6ea4c"},"headline":"\u00bfToda enfermedad empieza en el intestino? Cient\u00edficos argentinos confirman los alcances del \u201csegundo cerebro\u201d","datePublished":"2024-04-28T10:00:00+00:00","mainEntityOfPage":{"@id":"https:\/\/nuevodigitaldeescobar.com.ar\/?p=5093"},"wordCount":2103,"commentCount":0,"publisher":{"@id":"https:\/\/nuevodigitaldeescobar.com.ar\/#organization"},"image":{"@id":"https:\/\/nuevodigitaldeescobar.com.ar\/?p=5093#primaryimage"},"thumbnailUrl":"https:\/\/nuevodigitaldeescobar.com.ar\/wp-content\/uploads\/2024\/04\/microbiota-1-e1714105025146.jpg","articleSection":["Salud y Nutrici\u00f3n"],"inLanguage":"es","potentialAction":[{"@type":"CommentAction","name":"Comment","target":["https:\/\/nuevodigitaldeescobar.com.ar\/?p=5093#respond"]}]},{"@type":"WebPage","@id":"https:\/\/nuevodigitaldeescobar.com.ar\/?p=5093","url":"https:\/\/nuevodigitaldeescobar.com.ar\/?p=5093","name":"\u00bfToda enfermedad empieza en el intestino? Cient\u00edficos argentinos confirman los alcances del \u201csegundo cerebro\u201d - Nuevo Digital de Escobar","isPartOf":{"@id":"https:\/\/nuevodigitaldeescobar.com.ar\/#website"},"primaryImageOfPage":{"@id":"https:\/\/nuevodigitaldeescobar.com.ar\/?p=5093#primaryimage"},"image":{"@id":"https:\/\/nuevodigitaldeescobar.com.ar\/?p=5093#primaryimage"},"thumbnailUrl":"https:\/\/nuevodigitaldeescobar.com.ar\/wp-content\/uploads\/2024\/04\/microbiota-1-e1714105025146.jpg","datePublished":"2024-04-28T10:00:00+00:00","breadcrumb":{"@id":"https:\/\/nuevodigitaldeescobar.com.ar\/?p=5093#breadcrumb"},"inLanguage":"es","potentialAction":[{"@type":"ReadAction","target":["https:\/\/nuevodigitaldeescobar.com.ar\/?p=5093"]}]},{"@type":"ImageObject","inLanguage":"es","@id":"https:\/\/nuevodigitaldeescobar.com.ar\/?p=5093#primaryimage","url":"https:\/\/nuevodigitaldeescobar.com.ar\/wp-content\/uploads\/2024\/04\/microbiota-1-e1714105025146.jpg","contentUrl":"https:\/\/nuevodigitaldeescobar.com.ar\/wp-content\/uploads\/2024\/04\/microbiota-1-e1714105025146.jpg","width":640,"height":360},{"@type":"BreadcrumbList","@id":"https:\/\/nuevodigitaldeescobar.com.ar\/?p=5093#breadcrumb","itemListElement":[{"@type":"ListItem","position":1,"name":"Portada","item":"https:\/\/nuevodigitaldeescobar.com.ar\/"},{"@type":"ListItem","position":2,"name":"\u00bfToda enfermedad empieza en el intestino? Cient\u00edficos argentinos confirman los alcances del \u201csegundo cerebro\u201d"}]},{"@type":"WebSite","@id":"https:\/\/nuevodigitaldeescobar.com.ar\/#website","url":"https:\/\/nuevodigitaldeescobar.com.ar\/","name":"Nuevo Digital de Escobar","description":"La vida escobarense. Directora: Rosana Brunner","publisher":{"@id":"https:\/\/nuevodigitaldeescobar.com.ar\/#organization"},"potentialAction":[{"@type":"SearchAction","target":{"@type":"EntryPoint","urlTemplate":"https:\/\/nuevodigitaldeescobar.com.ar\/?s={search_term_string}"},"query-input":{"@type":"PropertyValueSpecification","valueRequired":true,"valueName":"search_term_string"}}],"inLanguage":"es"},{"@type":"Organization","@id":"https:\/\/nuevodigitaldeescobar.com.ar\/#organization","name":"Nuevo Digital de Escobar","url":"https:\/\/nuevodigitaldeescobar.com.ar\/","logo":{"@type":"ImageObject","inLanguage":"es","@id":"https:\/\/nuevodigitaldeescobar.com.ar\/#\/schema\/logo\/image\/","url":"https:\/\/nuevodigitaldeescobar.com.ar\/wp-content\/uploads\/2025\/05\/cropped-logo-nuevo2.jpg","contentUrl":"https:\/\/nuevodigitaldeescobar.com.ar\/wp-content\/uploads\/2025\/05\/cropped-logo-nuevo2.jpg","width":305,"height":305,"caption":"Nuevo Digital de Escobar"},"image":{"@id":"https:\/\/nuevodigitaldeescobar.com.ar\/#\/schema\/logo\/image\/"},"sameAs":["https:\/\/www.facebook.com\/NUEVODigitalDeEscobar","https:\/\/x.com\/nuevodigescobar","https:\/\/www.instagram.com\/nuevodigitaldeescobar"]},{"@type":"Person","@id":"https:\/\/nuevodigitaldeescobar.com.ar\/#\/schema\/person\/035e90a8efe9a80e6eec22656ad6ea4c","name":"Redacci\u00f3n","image":{"@type":"ImageObject","inLanguage":"es","@id":"https:\/\/nuevodigitaldeescobar.com.ar\/#\/schema\/person\/image\/","url":"https:\/\/secure.gravatar.com\/avatar\/8af8f40000c24e9eef3034f2be5998a372bb1389e64b1a4a36b3a7979142220d?s=96&d=mm&r=g","contentUrl":"https:\/\/secure.gravatar.com\/avatar\/8af8f40000c24e9eef3034f2be5998a372bb1389e64b1a4a36b3a7979142220d?s=96&d=mm&r=g","caption":"Redacci\u00f3n"},"sameAs":["http:\/\/nuevodigitaldeescobar.com.ar"],"url":"https:\/\/nuevodigitaldeescobar.com.ar\/?author=1"}]}},"featured_image_urls":{"full":["https:\/\/nuevodigitaldeescobar.com.ar\/wp-content\/uploads\/2024\/04\/microbiota-1-e1714105025146.jpg",640,360,false],"thumbnail":["https:\/\/nuevodigitaldeescobar.com.ar\/wp-content\/uploads\/2024\/04\/microbiota-1-150x150.jpg",150,150,true],"medium":["https:\/\/nuevodigitaldeescobar.com.ar\/wp-content\/uploads\/2024\/04\/microbiota-1-300x169.jpg",300,169,true],"medium_large":["https:\/\/nuevodigitaldeescobar.com.ar\/wp-content\/uploads\/2024\/04\/microbiota-1-e1714105025146.jpg",640,360,false],"large":["https:\/\/nuevodigitaldeescobar.com.ar\/wp-content\/uploads\/2024\/04\/microbiota-1-e1714105025146.jpg",640,360,false],"1536x1536":["https:\/\/nuevodigitaldeescobar.com.ar\/wp-content\/uploads\/2024\/04\/microbiota-1-e1714105025146.jpg",640,360,false],"2048x2048":["https:\/\/nuevodigitaldeescobar.com.ar\/wp-content\/uploads\/2024\/04\/microbiota-1-e1714105025146.jpg",640,360,false]},"author_info":{"display_name":"Redacci\u00f3n","author_link":"https:\/\/nuevodigitaldeescobar.com.ar\/?author=1"},"category_info":"<a href=\"https:\/\/nuevodigitaldeescobar.com.ar\/?cat=3\" rel=\"category\">Salud y Nutrici\u00f3n<\/a>","tag_info":"Salud y Nutrici\u00f3n","comment_count":"0","_links":{"self":[{"href":"https:\/\/nuevodigitaldeescobar.com.ar\/index.php?rest_route=\/wp\/v2\/posts\/5093","targetHints":{"allow":["GET"]}}],"collection":[{"href":"https:\/\/nuevodigitaldeescobar.com.ar\/index.php?rest_route=\/wp\/v2\/posts"}],"about":[{"href":"https:\/\/nuevodigitaldeescobar.com.ar\/index.php?rest_route=\/wp\/v2\/types\/post"}],"author":[{"embeddable":true,"href":"https:\/\/nuevodigitaldeescobar.com.ar\/index.php?rest_route=\/wp\/v2\/users\/1"}],"replies":[{"embeddable":true,"href":"https:\/\/nuevodigitaldeescobar.com.ar\/index.php?rest_route=%2Fwp%2Fv2%2Fcomments&post=5093"}],"version-history":[{"count":1,"href":"https:\/\/nuevodigitaldeescobar.com.ar\/index.php?rest_route=\/wp\/v2\/posts\/5093\/revisions"}],"predecessor-version":[{"id":5101,"href":"https:\/\/nuevodigitaldeescobar.com.ar\/index.php?rest_route=\/wp\/v2\/posts\/5093\/revisions\/5101"}],"wp:featuredmedia":[{"embeddable":true,"href":"https:\/\/nuevodigitaldeescobar.com.ar\/index.php?rest_route=\/wp\/v2\/media\/5100"}],"wp:attachment":[{"href":"https:\/\/nuevodigitaldeescobar.com.ar\/index.php?rest_route=%2Fwp%2Fv2%2Fmedia&parent=5093"}],"wp:term":[{"taxonomy":"category","embeddable":true,"href":"https:\/\/nuevodigitaldeescobar.com.ar\/index.php?rest_route=%2Fwp%2Fv2%2Fcategories&post=5093"},{"taxonomy":"post_tag","embeddable":true,"href":"https:\/\/nuevodigitaldeescobar.com.ar\/index.php?rest_route=%2Fwp%2Fv2%2Ftags&post=5093"}],"curies":[{"name":"wp","href":"https:\/\/api.w.org\/{rel}","templated":true}]}}