{"id":5179,"date":"2024-05-02T07:35:07","date_gmt":"2024-05-02T10:35:07","guid":{"rendered":"https:\/\/nuevodigitaldeescobar.com.ar\/?p=5179"},"modified":"2024-05-02T07:35:12","modified_gmt":"2024-05-02T10:35:12","slug":"ampliaran-el-hogar-de-proteccion-integral-para-la-mujer","status":"publish","type":"post","link":"https:\/\/nuevodigitaldeescobar.com.ar\/?p=5179","title":{"rendered":"Ampliar\u00e1n el Hogar de Protecci\u00f3n Integral para la Mujer"},"content":{"rendered":"<p><span style=\"color: #003366;\"><strong><em>El intendente Sujarchuk y la ministra del ministerio Mujeres y Diversidad de la provincia de Buenos Aires, Estela D\u00edaz, firmaron un convenio que permitir\u00e1 ampliar el Hogar de Protecci\u00f3n Integral para la Mujer a trav\u00e9s del programa \u201cMunicipios por la Igualdad\u201d, cuyo objetivo es fortalecer y acompa\u00f1ar proyectos en pos de la reducci\u00f3n de las desigualdades de g\u00e9nero en cada territorio.<\/em><\/strong><\/span><\/p>\n<p><!--more--><\/p>\n<hr \/>\n<p>Con una inversi\u00f3n provincial de 10 millones de pesos, el convenio permitir\u00e1 ampliar el sector de cocina y sal\u00f3n de usos m\u00faltiples (SUM) del hogar, para la creaci\u00f3n de un espacio de desarrollo de proyectos para trabajar el egreso de mujeres y diversidades, talleres de formaci\u00f3n en manufactura de alimentos saludables y la conformaci\u00f3n de una entidad de bien p\u00fablico para la organizaci\u00f3n de un emprendimiento a cargo de la Secretar\u00eda de Desarrollo Social y su registro en el programa REDES, que tambi\u00e9n acompa\u00f1ar\u00e1 los talleres de formaci\u00f3n y capacitaci\u00f3n a desarrollarse.<\/p>\n<p>Durante el encuentro, que tuvo lugar en el Teatro Seminari, tambi\u00e9n particip\u00f3 la Mesa de Pol\u00edticas de G\u00e9nero y Diversidad que cont\u00f3 con la presencia de referentes del Poder Judicial, Comisaria de la Mujer, organizaciones sociales, sindicales y funcionarias del Ejecutivo Municipal.\u00a0 All\u00ed, la ministra D\u00edaz expres\u00f3: <em>\u201cTenemos un fuerte compromiso en fortalecer las pol\u00edticas que se impulsan desde el gobierno local y en ese sentido es que firmamos este convenio para transversalizar la perspectiva de g\u00e9nero y formar a las mujeres que sufrieron violencia en la salida laboral\u201d<\/em>.<\/p>\n<p>El Hogar de Protecci\u00f3n Integral de Bel\u00e9n de Escobar, inaugurado en 2017, constituye un espacio de asistencia, protecci\u00f3n y seguridad donde se garantiza el acompa\u00f1amiento profesional y cuidado de las mujeres y diversidades v\u00edctimas de violencia de g\u00e9nero para la superaci\u00f3n de las situaciones que motivaron su ingreso<\/p>\n","protected":false},"excerpt":{"rendered":"<p>El intendente Sujarchuk y la ministra del ministerio Mujeres y Diversidad de la provincia de Buenos Aires, Estela D\u00edaz, firmaron un convenio que permitir\u00e1 ampliar [&hellip;]<\/p>\n","protected":false},"author":1,"featured_media":5180,"comment_status":"open","ping_status":"closed","sticky":false,"template":"","format":"standard","meta":{"footnotes":""},"categories":[7],"tags":[],"class_list":["post-5179","post","type-post","status-publish","format-standard","has-post-thumbnail","hentry","category-interes-general"],"better_featured_image":{"id":5180,"alt_text":"","caption":"","description":"","media_type":"image","media_details":{"width":720,"height":414,"file":"2024\/05\/Hogar-de-Proteccion-Integral-para-la-Mujer-e1714646099329.jpg","filesize":174870,"sizes":{"medium":{"file":"Hogar-de-Proteccion-Integral-para-la-Mujer-e1714646099329-300x173.jpg","width":300,"height":173,"mime-type":"image\/jpeg","filesize":19878,"source_url":"https:\/\/nuevodigitaldeescobar.com.ar\/wp-content\/uploads\/2024\/05\/Hogar-de-Proteccion-Integral-para-la-Mujer-e1714646099329-300x173.jpg"},"thumbnail":{"file":"Hogar-de-Proteccion-Integral-para-la-Mujer-e1714646099329-150x150.jpg","width":150,"height":150,"mime-type":"image\/jpeg","filesize":9750,"source_url":"https:\/\/nuevodigitaldeescobar.com.ar\/wp-content\/uploads\/2024\/05\/Hogar-de-Proteccion-Integral-para-la-Mujer-e1714646099329-150x150.jpg"},"medium_large":{"file":"Hogar-de-Proteccion-Integral-para-la-Mujer-768x512.jpg","width":768,"height":512,"mime-type":"image\/jpeg","filesize":105622,"source_url":"https:\/\/nuevodigitaldeescobar.com.ar\/wp-content\/uploads\/2024\/05\/Hogar-de-Proteccion-Integral-para-la-Mujer-768x512.jpg"}},"image_meta":{"aperture":"0","credit":"","camera":"","caption":"","created_timestamp":"0","copyright":"","focal_length":"0","iso":"0","shutter_speed":"0","title":"","orientation":"0","keywords":[]}},"post":5179,"source_url":"https:\/\/nuevodigitaldeescobar.com.ar\/wp-content\/uploads\/2024\/05\/Hogar-de-Proteccion-Integral-para-la-Mujer-e1714646099329.jpg"},"yoast_head":"<!-- This site is optimized with the Yoast SEO plugin v26.1.1 - https:\/\/yoast.com\/wordpress\/plugins\/seo\/ -->\n<title>Ampliar\u00e1n el Hogar de Protecci\u00f3n Integral para la Mujer - Nuevo Digital de Escobar<\/title>\n<meta name=\"robots\" content=\"index, follow, max-snippet:-1, max-image-preview:large, max-video-preview:-1\" \/>\n<link rel=\"canonical\" href=\"https:\/\/nuevodigitaldeescobar.com.ar\/?p=5179\" \/>\n<meta property=\"og:locale\" content=\"es_ES\" \/>\n<meta property=\"og:type\" content=\"article\" \/>\n<meta property=\"og:title\" content=\"Ampliar\u00e1n el Hogar de Protecci\u00f3n Integral para la Mujer - Nuevo Digital de Escobar\" \/>\n<meta property=\"og:description\" content=\"El intendente Sujarchuk y la ministra del ministerio Mujeres y Diversidad de la provincia de Buenos Aires, Estela D\u00edaz, firmaron un convenio que permitir\u00e1 ampliar [&hellip;]\" \/>\n<meta property=\"og:url\" content=\"https:\/\/nuevodigitaldeescobar.com.ar\/?p=5179\" \/>\n<meta property=\"og:site_name\" content=\"Nuevo Digital de Escobar\" \/>\n<meta property=\"article:publisher\" content=\"https:\/\/www.facebook.com\/NUEVODigitalDeEscobar\" \/>\n<meta property=\"article:published_time\" content=\"2024-05-02T10:35:07+00:00\" \/>\n<meta property=\"article:modified_time\" content=\"2024-05-02T10:35:12+00:00\" \/>\n<meta property=\"og:image\" content=\"https:\/\/nuevodigitaldeescobar.com.ar\/wp-content\/uploads\/2024\/05\/Hogar-de-Proteccion-Integral-para-la-Mujer-e1714646099329.jpg\" \/>\n\t<meta property=\"og:image:width\" content=\"720\" \/>\n\t<meta property=\"og:image:height\" content=\"414\" \/>\n\t<meta property=\"og:image:type\" content=\"image\/jpeg\" \/>\n<meta name=\"author\" content=\"Redacci\u00f3n\" \/>\n<meta name=\"twitter:card\" content=\"summary_large_image\" \/>\n<meta name=\"twitter:creator\" content=\"@nuevodigescobar\" \/>\n<meta name=\"twitter:site\" content=\"@nuevodigescobar\" \/>\n<meta name=\"twitter:label1\" content=\"Escrito por\" \/>\n\t<meta name=\"twitter:data1\" content=\"Redacci\u00f3n\" \/>\n\t<meta name=\"twitter:label2\" content=\"Tiempo de lectura\" \/>\n\t<meta name=\"twitter:data2\" content=\"2 minutos\" \/>\n<script type=\"application\/ld+json\" class=\"yoast-schema-graph\">{\"@context\":\"https:\/\/schema.org\",\"@graph\":[{\"@type\":\"Article\",\"@id\":\"https:\/\/nuevodigitaldeescobar.com.ar\/?p=5179#article\",\"isPartOf\":{\"@id\":\"https:\/\/nuevodigitaldeescobar.com.ar\/?p=5179\"},\"author\":{\"name\":\"Redacci\u00f3n\",\"@id\":\"https:\/\/nuevodigitaldeescobar.com.ar\/#\/schema\/person\/035e90a8efe9a80e6eec22656ad6ea4c\"},\"headline\":\"Ampliar\u00e1n el Hogar de Protecci\u00f3n Integral para la Mujer\",\"datePublished\":\"2024-05-02T10:35:07+00:00\",\"dateModified\":\"2024-05-02T10:35:12+00:00\",\"mainEntityOfPage\":{\"@id\":\"https:\/\/nuevodigitaldeescobar.com.ar\/?p=5179\"},\"wordCount\":331,\"commentCount\":0,\"publisher\":{\"@id\":\"https:\/\/nuevodigitaldeescobar.com.ar\/#organization\"},\"image\":{\"@id\":\"https:\/\/nuevodigitaldeescobar.com.ar\/?p=5179#primaryimage\"},\"thumbnailUrl\":\"https:\/\/nuevodigitaldeescobar.com.ar\/wp-content\/uploads\/2024\/05\/Hogar-de-Proteccion-Integral-para-la-Mujer-e1714646099329.jpg\",\"articleSection\":[\"Inter\u00e9s general\"],\"inLanguage\":\"es\",\"potentialAction\":[{\"@type\":\"CommentAction\",\"name\":\"Comment\",\"target\":[\"https:\/\/nuevodigitaldeescobar.com.ar\/?p=5179#respond\"]}]},{\"@type\":\"WebPage\",\"@id\":\"https:\/\/nuevodigitaldeescobar.com.ar\/?p=5179\",\"url\":\"https:\/\/nuevodigitaldeescobar.com.ar\/?p=5179\",\"name\":\"Ampliar\u00e1n el Hogar de Protecci\u00f3n Integral para la Mujer - Nuevo Digital de Escobar\",\"isPartOf\":{\"@id\":\"https:\/\/nuevodigitaldeescobar.com.ar\/#website\"},\"primaryImageOfPage\":{\"@id\":\"https:\/\/nuevodigitaldeescobar.com.ar\/?p=5179#primaryimage\"},\"image\":{\"@id\":\"https:\/\/nuevodigitaldeescobar.com.ar\/?p=5179#primaryimage\"},\"thumbnailUrl\":\"https:\/\/nuevodigitaldeescobar.com.ar\/wp-content\/uploads\/2024\/05\/Hogar-de-Proteccion-Integral-para-la-Mujer-e1714646099329.jpg\",\"datePublished\":\"2024-05-02T10:35:07+00:00\",\"dateModified\":\"2024-05-02T10:35:12+00:00\",\"breadcrumb\":{\"@id\":\"https:\/\/nuevodigitaldeescobar.com.ar\/?p=5179#breadcrumb\"},\"inLanguage\":\"es\",\"potentialAction\":[{\"@type\":\"ReadAction\",\"target\":[\"https:\/\/nuevodigitaldeescobar.com.ar\/?p=5179\"]}]},{\"@type\":\"ImageObject\",\"inLanguage\":\"es\",\"@id\":\"https:\/\/nuevodigitaldeescobar.com.ar\/?p=5179#primaryimage\",\"url\":\"https:\/\/nuevodigitaldeescobar.com.ar\/wp-content\/uploads\/2024\/05\/Hogar-de-Proteccion-Integral-para-la-Mujer-e1714646099329.jpg\",\"contentUrl\":\"https:\/\/nuevodigitaldeescobar.com.ar\/wp-content\/uploads\/2024\/05\/Hogar-de-Proteccion-Integral-para-la-Mujer-e1714646099329.jpg\",\"width\":720,\"height\":414},{\"@type\":\"BreadcrumbList\",\"@id\":\"https:\/\/nuevodigitaldeescobar.com.ar\/?p=5179#breadcrumb\",\"itemListElement\":[{\"@type\":\"ListItem\",\"position\":1,\"name\":\"Portada\",\"item\":\"https:\/\/nuevodigitaldeescobar.com.ar\/\"},{\"@type\":\"ListItem\",\"position\":2,\"name\":\"Ampliar\u00e1n el Hogar de Protecci\u00f3n Integral para la Mujer\"}]},{\"@type\":\"WebSite\",\"@id\":\"https:\/\/nuevodigitaldeescobar.com.ar\/#website\",\"url\":\"https:\/\/nuevodigitaldeescobar.com.ar\/\",\"name\":\"Nuevo Digital de Escobar\",\"description\":\"La vida escobarense. Directora: Rosana Brunner\",\"publisher\":{\"@id\":\"https:\/\/nuevodigitaldeescobar.com.ar\/#organization\"},\"potentialAction\":[{\"@type\":\"SearchAction\",\"target\":{\"@type\":\"EntryPoint\",\"urlTemplate\":\"https:\/\/nuevodigitaldeescobar.com.ar\/?s={search_term_string}\"},\"query-input\":{\"@type\":\"PropertyValueSpecification\",\"valueRequired\":true,\"valueName\":\"search_term_string\"}}],\"inLanguage\":\"es\"},{\"@type\":\"Organization\",\"@id\":\"https:\/\/nuevodigitaldeescobar.com.ar\/#organization\",\"name\":\"Nuevo Digital de Escobar\",\"url\":\"https:\/\/nuevodigitaldeescobar.com.ar\/\",\"logo\":{\"@type\":\"ImageObject\",\"inLanguage\":\"es\",\"@id\":\"https:\/\/nuevodigitaldeescobar.com.ar\/#\/schema\/logo\/image\/\",\"url\":\"https:\/\/nuevodigitaldeescobar.com.ar\/wp-content\/uploads\/2025\/05\/cropped-logo-nuevo2.jpg\",\"contentUrl\":\"https:\/\/nuevodigitaldeescobar.com.ar\/wp-content\/uploads\/2025\/05\/cropped-logo-nuevo2.jpg\",\"width\":305,\"height\":305,\"caption\":\"Nuevo Digital de Escobar\"},\"image\":{\"@id\":\"https:\/\/nuevodigitaldeescobar.com.ar\/#\/schema\/logo\/image\/\"},\"sameAs\":[\"https:\/\/www.facebook.com\/NUEVODigitalDeEscobar\",\"https:\/\/x.com\/nuevodigescobar\",\"https:\/\/www.instagram.com\/nuevodigitaldeescobar\"]},{\"@type\":\"Person\",\"@id\":\"https:\/\/nuevodigitaldeescobar.com.ar\/#\/schema\/person\/035e90a8efe9a80e6eec22656ad6ea4c\",\"name\":\"Redacci\u00f3n\",\"image\":{\"@type\":\"ImageObject\",\"inLanguage\":\"es\",\"@id\":\"https:\/\/nuevodigitaldeescobar.com.ar\/#\/schema\/person\/image\/\",\"url\":\"https:\/\/secure.gravatar.com\/avatar\/8af8f40000c24e9eef3034f2be5998a372bb1389e64b1a4a36b3a7979142220d?s=96&d=mm&r=g\",\"contentUrl\":\"https:\/\/secure.gravatar.com\/avatar\/8af8f40000c24e9eef3034f2be5998a372bb1389e64b1a4a36b3a7979142220d?s=96&d=mm&r=g\",\"caption\":\"Redacci\u00f3n\"},\"sameAs\":[\"http:\/\/nuevodigitaldeescobar.com.ar\"],\"url\":\"https:\/\/nuevodigitaldeescobar.com.ar\/?author=1\"}]}<\/script>\n<!-- \/ Yoast SEO plugin. -->","yoast_head_json":{"title":"Ampliar\u00e1n el Hogar de Protecci\u00f3n Integral para la Mujer - Nuevo Digital de Escobar","robots":{"index":"index","follow":"follow","max-snippet":"max-snippet:-1","max-image-preview":"max-image-preview:large","max-video-preview":"max-video-preview:-1"},"canonical":"https:\/\/nuevodigitaldeescobar.com.ar\/?p=5179","og_locale":"es_ES","og_type":"article","og_title":"Ampliar\u00e1n el Hogar de Protecci\u00f3n Integral para la Mujer - Nuevo Digital de Escobar","og_description":"El intendente Sujarchuk y la ministra del ministerio Mujeres y Diversidad de la provincia de Buenos Aires, Estela D\u00edaz, firmaron un convenio que permitir\u00e1 ampliar [&hellip;]","og_url":"https:\/\/nuevodigitaldeescobar.com.ar\/?p=5179","og_site_name":"Nuevo Digital de Escobar","article_publisher":"https:\/\/www.facebook.com\/NUEVODigitalDeEscobar","article_published_time":"2024-05-02T10:35:07+00:00","article_modified_time":"2024-05-02T10:35:12+00:00","og_image":[{"width":720,"height":414,"url":"https:\/\/nuevodigitaldeescobar.com.ar\/wp-content\/uploads\/2024\/05\/Hogar-de-Proteccion-Integral-para-la-Mujer-e1714646099329.jpg","type":"image\/jpeg"}],"author":"Redacci\u00f3n","twitter_card":"summary_large_image","twitter_creator":"@nuevodigescobar","twitter_site":"@nuevodigescobar","twitter_misc":{"Escrito por":"Redacci\u00f3n","Tiempo de lectura":"2 minutos"},"schema":{"@context":"https:\/\/schema.org","@graph":[{"@type":"Article","@id":"https:\/\/nuevodigitaldeescobar.com.ar\/?p=5179#article","isPartOf":{"@id":"https:\/\/nuevodigitaldeescobar.com.ar\/?p=5179"},"author":{"name":"Redacci\u00f3n","@id":"https:\/\/nuevodigitaldeescobar.com.ar\/#\/schema\/person\/035e90a8efe9a80e6eec22656ad6ea4c"},"headline":"Ampliar\u00e1n el Hogar de Protecci\u00f3n Integral para la Mujer","datePublished":"2024-05-02T10:35:07+00:00","dateModified":"2024-05-02T10:35:12+00:00","mainEntityOfPage":{"@id":"https:\/\/nuevodigitaldeescobar.com.ar\/?p=5179"},"wordCount":331,"commentCount":0,"publisher":{"@id":"https:\/\/nuevodigitaldeescobar.com.ar\/#organization"},"image":{"@id":"https:\/\/nuevodigitaldeescobar.com.ar\/?p=5179#primaryimage"},"thumbnailUrl":"https:\/\/nuevodigitaldeescobar.com.ar\/wp-content\/uploads\/2024\/05\/Hogar-de-Proteccion-Integral-para-la-Mujer-e1714646099329.jpg","articleSection":["Inter\u00e9s general"],"inLanguage":"es","potentialAction":[{"@type":"CommentAction","name":"Comment","target":["https:\/\/nuevodigitaldeescobar.com.ar\/?p=5179#respond"]}]},{"@type":"WebPage","@id":"https:\/\/nuevodigitaldeescobar.com.ar\/?p=5179","url":"https:\/\/nuevodigitaldeescobar.com.ar\/?p=5179","name":"Ampliar\u00e1n el Hogar de Protecci\u00f3n Integral para la Mujer - Nuevo Digital de Escobar","isPartOf":{"@id":"https:\/\/nuevodigitaldeescobar.com.ar\/#website"},"primaryImageOfPage":{"@id":"https:\/\/nuevodigitaldeescobar.com.ar\/?p=5179#primaryimage"},"image":{"@id":"https:\/\/nuevodigitaldeescobar.com.ar\/?p=5179#primaryimage"},"thumbnailUrl":"https:\/\/nuevodigitaldeescobar.com.ar\/wp-content\/uploads\/2024\/05\/Hogar-de-Proteccion-Integral-para-la-Mujer-e1714646099329.jpg","datePublished":"2024-05-02T10:35:07+00:00","dateModified":"2024-05-02T10:35:12+00:00","breadcrumb":{"@id":"https:\/\/nuevodigitaldeescobar.com.ar\/?p=5179#breadcrumb"},"inLanguage":"es","potentialAction":[{"@type":"ReadAction","target":["https:\/\/nuevodigitaldeescobar.com.ar\/?p=5179"]}]},{"@type":"ImageObject","inLanguage":"es","@id":"https:\/\/nuevodigitaldeescobar.com.ar\/?p=5179#primaryimage","url":"https:\/\/nuevodigitaldeescobar.com.ar\/wp-content\/uploads\/2024\/05\/Hogar-de-Proteccion-Integral-para-la-Mujer-e1714646099329.jpg","contentUrl":"https:\/\/nuevodigitaldeescobar.com.ar\/wp-content\/uploads\/2024\/05\/Hogar-de-Proteccion-Integral-para-la-Mujer-e1714646099329.jpg","width":720,"height":414},{"@type":"BreadcrumbList","@id":"https:\/\/nuevodigitaldeescobar.com.ar\/?p=5179#breadcrumb","itemListElement":[{"@type":"ListItem","position":1,"name":"Portada","item":"https:\/\/nuevodigitaldeescobar.com.ar\/"},{"@type":"ListItem","position":2,"name":"Ampliar\u00e1n el Hogar de Protecci\u00f3n Integral para la Mujer"}]},{"@type":"WebSite","@id":"https:\/\/nuevodigitaldeescobar.com.ar\/#website","url":"https:\/\/nuevodigitaldeescobar.com.ar\/","name":"Nuevo Digital de Escobar","description":"La vida escobarense. Directora: Rosana Brunner","publisher":{"@id":"https:\/\/nuevodigitaldeescobar.com.ar\/#organization"},"potentialAction":[{"@type":"SearchAction","target":{"@type":"EntryPoint","urlTemplate":"https:\/\/nuevodigitaldeescobar.com.ar\/?s={search_term_string}"},"query-input":{"@type":"PropertyValueSpecification","valueRequired":true,"valueName":"search_term_string"}}],"inLanguage":"es"},{"@type":"Organization","@id":"https:\/\/nuevodigitaldeescobar.com.ar\/#organization","name":"Nuevo Digital de Escobar","url":"https:\/\/nuevodigitaldeescobar.com.ar\/","logo":{"@type":"ImageObject","inLanguage":"es","@id":"https:\/\/nuevodigitaldeescobar.com.ar\/#\/schema\/logo\/image\/","url":"https:\/\/nuevodigitaldeescobar.com.ar\/wp-content\/uploads\/2025\/05\/cropped-logo-nuevo2.jpg","contentUrl":"https:\/\/nuevodigitaldeescobar.com.ar\/wp-content\/uploads\/2025\/05\/cropped-logo-nuevo2.jpg","width":305,"height":305,"caption":"Nuevo Digital de Escobar"},"image":{"@id":"https:\/\/nuevodigitaldeescobar.com.ar\/#\/schema\/logo\/image\/"},"sameAs":["https:\/\/www.facebook.com\/NUEVODigitalDeEscobar","https:\/\/x.com\/nuevodigescobar","https:\/\/www.instagram.com\/nuevodigitaldeescobar"]},{"@type":"Person","@id":"https:\/\/nuevodigitaldeescobar.com.ar\/#\/schema\/person\/035e90a8efe9a80e6eec22656ad6ea4c","name":"Redacci\u00f3n","image":{"@type":"ImageObject","inLanguage":"es","@id":"https:\/\/nuevodigitaldeescobar.com.ar\/#\/schema\/person\/image\/","url":"https:\/\/secure.gravatar.com\/avatar\/8af8f40000c24e9eef3034f2be5998a372bb1389e64b1a4a36b3a7979142220d?s=96&d=mm&r=g","contentUrl":"https:\/\/secure.gravatar.com\/avatar\/8af8f40000c24e9eef3034f2be5998a372bb1389e64b1a4a36b3a7979142220d?s=96&d=mm&r=g","caption":"Redacci\u00f3n"},"sameAs":["http:\/\/nuevodigitaldeescobar.com.ar"],"url":"https:\/\/nuevodigitaldeescobar.com.ar\/?author=1"}]}},"featured_image_urls":{"full":["https:\/\/nuevodigitaldeescobar.com.ar\/wp-content\/uploads\/2024\/05\/Hogar-de-Proteccion-Integral-para-la-Mujer-e1714646099329.jpg",720,414,false],"thumbnail":["https:\/\/nuevodigitaldeescobar.com.ar\/wp-content\/uploads\/2024\/05\/Hogar-de-Proteccion-Integral-para-la-Mujer-e1714646099329-150x150.jpg",150,150,true],"medium":["https:\/\/nuevodigitaldeescobar.com.ar\/wp-content\/uploads\/2024\/05\/Hogar-de-Proteccion-Integral-para-la-Mujer-e1714646099329-300x173.jpg",300,173,true],"medium_large":["https:\/\/nuevodigitaldeescobar.com.ar\/wp-content\/uploads\/2024\/05\/Hogar-de-Proteccion-Integral-para-la-Mujer-768x512.jpg",640,427,true],"large":["https:\/\/nuevodigitaldeescobar.com.ar\/wp-content\/uploads\/2024\/05\/Hogar-de-Proteccion-Integral-para-la-Mujer-e1714646099329.jpg",640,368,false],"1536x1536":["https:\/\/nuevodigitaldeescobar.com.ar\/wp-content\/uploads\/2024\/05\/Hogar-de-Proteccion-Integral-para-la-Mujer-e1714646099329.jpg",720,414,false],"2048x2048":["https:\/\/nuevodigitaldeescobar.com.ar\/wp-content\/uploads\/2024\/05\/Hogar-de-Proteccion-Integral-para-la-Mujer-e1714646099329.jpg",720,414,false]},"author_info":{"display_name":"Redacci\u00f3n","author_link":"https:\/\/nuevodigitaldeescobar.com.ar\/?author=1"},"category_info":"<a href=\"https:\/\/nuevodigitaldeescobar.com.ar\/?cat=7\" rel=\"category\">Inter\u00e9s general<\/a>","tag_info":"Inter\u00e9s general","comment_count":"0","_links":{"self":[{"href":"https:\/\/nuevodigitaldeescobar.com.ar\/index.php?rest_route=\/wp\/v2\/posts\/5179","targetHints":{"allow":["GET"]}}],"collection":[{"href":"https:\/\/nuevodigitaldeescobar.com.ar\/index.php?rest_route=\/wp\/v2\/posts"}],"about":[{"href":"https:\/\/nuevodigitaldeescobar.com.ar\/index.php?rest_route=\/wp\/v2\/types\/post"}],"author":[{"embeddable":true,"href":"https:\/\/nuevodigitaldeescobar.com.ar\/index.php?rest_route=\/wp\/v2\/users\/1"}],"replies":[{"embeddable":true,"href":"https:\/\/nuevodigitaldeescobar.com.ar\/index.php?rest_route=%2Fwp%2Fv2%2Fcomments&post=5179"}],"version-history":[{"count":1,"href":"https:\/\/nuevodigitaldeescobar.com.ar\/index.php?rest_route=\/wp\/v2\/posts\/5179\/revisions"}],"predecessor-version":[{"id":5181,"href":"https:\/\/nuevodigitaldeescobar.com.ar\/index.php?rest_route=\/wp\/v2\/posts\/5179\/revisions\/5181"}],"wp:featuredmedia":[{"embeddable":true,"href":"https:\/\/nuevodigitaldeescobar.com.ar\/index.php?rest_route=\/wp\/v2\/media\/5180"}],"wp:attachment":[{"href":"https:\/\/nuevodigitaldeescobar.com.ar\/index.php?rest_route=%2Fwp%2Fv2%2Fmedia&parent=5179"}],"wp:term":[{"taxonomy":"category","embeddable":true,"href":"https:\/\/nuevodigitaldeescobar.com.ar\/index.php?rest_route=%2Fwp%2Fv2%2Fcategories&post=5179"},{"taxonomy":"post_tag","embeddable":true,"href":"https:\/\/nuevodigitaldeescobar.com.ar\/index.php?rest_route=%2Fwp%2Fv2%2Ftags&post=5179"}],"curies":[{"name":"wp","href":"https:\/\/api.w.org\/{rel}","templated":true}]}}