{"id":5536,"date":"2024-05-16T10:47:00","date_gmt":"2024-05-16T13:47:00","guid":{"rendered":"https:\/\/nuevodigitaldeescobar.com.ar\/?p=5536"},"modified":"2024-05-16T13:50:07","modified_gmt":"2024-05-16T16:50:07","slug":"juan-zabaleta-lo-que-aparecio-ahora-es-el-comun-denominador-de-muchos-anos","status":"publish","type":"post","link":"https:\/\/nuevodigitaldeescobar.com.ar\/?p=5536","title":{"rendered":"Juan Zabaleta: \u201cLo que apareci\u00f3 ahora es el com\u00fan denominador de muchos a\u00f1os\u201d"},"content":{"rendered":"<p><span style=\"color: #003366;\"><strong><em>Quien fuera ministro de Desarrollo Social entre 2021 y 2022, cont\u00f3 que durante su gesti\u00f3n realizaron auditor\u00edas por ese tipo de maniobras. Le envi\u00f3 un mensaje al presidente Javier Milei.<\/em><\/strong><\/span><\/p>\n<p><!--more--><\/p>\n<hr \/>\n<p>Mientras crece el esc\u00e1ndalo por las denuncias contra organizaciones piqueteras por supuestas extorsiones a beneficiarios de planes sociales, Juan Zabaleta, quien fuera ministro de Desarrollo Social durante el Gobierno de Alberto Fern\u00e1ndez, admiti\u00f3 que durante sus casi dos a\u00f1os de gesti\u00f3n ya hab\u00eda detectado ese tipo de maniobras y que recogieron testimonios que confirmaban el pedido de dinero y las presiones para participar de movilizaciones.<\/p>\n<p>Zabaleta revel\u00f3 que el 21 de agosto de 2021, 10 d\u00edas despu\u00e9s de asumir su cargo, hubo una primera marcha piquetera en la que empezaron a registrar ese tipo de denuncias.<\/p>\n<p><em>\u201cNosotros tomamos la decisi\u00f3n en la gesti\u00f3n cuando lo ve\u00edamos. A nosotros nos pasaban estas cosas. Nosotros asumimos el 11 de agosto de 2021, el 21 tuvimos la primera marcha, y ah\u00ed empezamos a ver este tipo de situaciones con un movimiento social de la zona de Grand Bourg y San Miguel, donde nos contaba la gente que les ped\u00edan plata todos los meses del Plan Potenciar y los obligaban al colectivo. Autom\u00e1ticamente hicimos una auditor\u00eda de esa organizaci\u00f3n social y termin\u00f3 casi desapareciendo de la calle\u201d<\/em>, afirm\u00f3.<\/p>\n<p>Durante una entrevista radial, el ex intendente de Hurlingham calific\u00f3 como <em>\u201cun hijo de puta\u201d<\/em> y <em>\u201cun tipo que no es normal\u201d<\/em> a quien <em>\u201cle vende mercader\u00eda al pobre que necesita comer o el que le saca plata al que necesita un programa como el Potenciar\u201d<\/em>. Asimismo, cont\u00f3 que, en su momento, abrieron la posibilidad de que los beneficiarios del plan Potenciar Trabajo pudieran elegir d\u00f3nde cumplir con las horas laborales que exig\u00eda. <em>\u201cTuvimos casi 200.000 pedidos de traslado de titulares a otros lugares, empezamos a ordenar y cuidar a los que recib\u00edan la ayuda del Estado que se sent\u00edan estafados y apretados\u201d<\/em>, afirm\u00f3.<\/p>\n<p><em>\u201cLa mayor\u00eda eleg\u00eda sus municipios, algunos cambiaban de organizaci\u00f3n social porque no se puede generalizar, no son todos lo mismo. Y estos hijos de puta hoy salen a la luz, pero deben haber denuncias en Comodoro Py por doquier, por todos lados\u201d<\/em>, agreg\u00f3 Zabaleta.<\/p>\n<p>Esta semana se activ\u00f3 la causa judicial que lleva adelante el juez federal Sebasti\u00e1n Casanello y que tiene en vilo a los principales grupos piqueteros con una serie de allanamientos, que se realizaron a partir de la denuncia de beneficiarios de planes sociales que afirman haber sufrido presiones y extorsiones de dirigentes piqueteros.<\/p>\n<p>Sin embargo, no es la \u00fanica que tramita en los tribunales de Comodoro Py. Ariel Lijo tiene a cargo otra mega causa por los mismos delitos. En ese expediente hay m\u00e1s de mil denuncias ingresadas a trav\u00e9s del call center de la l\u00ednea 134.<\/p>\n<p>La causa que tramita en el juzgado de Lijo -uno de los dos candidatos propuestos por el Gobierno para integrar la Corte Suprema- incluye denuncias sobre al menos nueve marchas organizadas por los grupos sociales desde la asunci\u00f3n de Javier Milei. Una de las protestas fue el 22 de diciembre del a\u00f1o pasado, cuando varias organizaciones se movilizaron en rechazo al decreto de necesidad y urgencia que desregulaba la econom\u00eda. Ese d\u00eda marcharon la Uni\u00f3n de Trabajadores y Trabajadoras de la Econom\u00eda Popular (UTEP), el FENAT, de CTA Aut\u00f3noma, la organizaci\u00f3n Libres del Sur, el Frente de Organizaciones en Lucha (FOL), entre otras organizaciones.<\/p>\n<p>En ese marco, Zabaleta tambi\u00e9n revel\u00f3 que cuando inici\u00f3 auditor\u00edas sobre el manejo de planes sociales, ayudado por universidades p\u00fablicas, sufri\u00f3 <em>\u201cpresiones internas\u201d<\/em> dentro del ministerio. All\u00ed, ratific\u00f3 que lo que se investiga actualmente viene de a\u00f1os: <em>\u201cLo que apareci\u00f3 ahora es el com\u00fan denominador de muchos a\u00f1os. Hay que empezar a generar pol\u00edticas de asistencia del Estado sin intermediarios, que no aparezca nadie m\u00e1s en el medio\u201d<\/em>.<\/p>\n<p>Por \u00faltimo, el exministro, quien fue sucedido en su cargo por Victoria Tolosa Paz y termin\u00f3 siendo muy cr\u00edtico del Gobierno de Alberto Fern\u00e1ndez, le dej\u00f3 un mensaje al presidente Javier Milei: <em>\u201cAhora est\u00e1 la Justicia actuando y lo debe llevar adelante, sin tanto show. Hay que auditar, pero no dejen de asistir. Que esto no sea una excusa para dejar de asistir. En Argentina hay millones de personas que son pobres, que est\u00e1n en situaci\u00f3n de calle. Excusas no\u201d<\/em>, subray\u00f3.<\/p>\n<p><em>(Infobae)<\/em><\/p>\n","protected":false},"excerpt":{"rendered":"<p>Quien fuera ministro de Desarrollo Social entre 2021 y 2022, cont\u00f3 que durante su gesti\u00f3n realizaron auditor\u00edas por ese tipo de maniobras. Le envi\u00f3 un [&hellip;]<\/p>\n","protected":false},"author":1,"featured_media":5537,"comment_status":"open","ping_status":"closed","sticky":false,"template":"","format":"standard","meta":{"footnotes":""},"categories":[7,6],"tags":[],"class_list":["post-5536","post","type-post","status-publish","format-standard","has-post-thumbnail","hentry","category-interes-general","category-politica"],"better_featured_image":{"id":5537,"alt_text":"","caption":"","description":"","media_type":"image","media_details":{"width":720,"height":399,"file":"2024\/05\/juan-zabaleta-e1715878197117.jpg","filesize":132918,"sizes":{"medium":{"file":"juan-zabaleta-e1715878184179-300x166.jpg","width":300,"height":166,"mime-type":"image\/jpeg","filesize":6700,"source_url":"https:\/\/nuevodigitaldeescobar.com.ar\/wp-content\/uploads\/2024\/05\/juan-zabaleta-e1715878184179-300x166.jpg"},"large":{"file":"juan-zabaleta-e1715878184179-1024x567.jpg","width":1024,"height":567,"mime-type":"image\/jpeg","filesize":48928,"source_url":"https:\/\/nuevodigitaldeescobar.com.ar\/wp-content\/uploads\/2024\/05\/juan-zabaleta-e1715878184179-1024x567.jpg"},"thumbnail":{"file":"juan-zabaleta-e1715878184179-150x150.jpg","width":150,"height":150,"mime-type":"image\/jpeg","filesize":3914,"source_url":"https:\/\/nuevodigitaldeescobar.com.ar\/wp-content\/uploads\/2024\/05\/juan-zabaleta-e1715878184179-150x150.jpg"},"medium_large":{"file":"juan-zabaleta-e1715878184179-768x425.jpg","width":768,"height":425,"mime-type":"image\/jpeg","filesize":30774,"source_url":"https:\/\/nuevodigitaldeescobar.com.ar\/wp-content\/uploads\/2024\/05\/juan-zabaleta-e1715878184179-768x425.jpg"}},"image_meta":{"aperture":"0","credit":"","camera":"","caption":"","created_timestamp":"0","copyright":"","focal_length":"0","iso":"0","shutter_speed":"0","title":"","orientation":"0","keywords":[]}},"post":5536,"source_url":"https:\/\/nuevodigitaldeescobar.com.ar\/wp-content\/uploads\/2024\/05\/juan-zabaleta-e1715878197117.jpg"},"yoast_head":"<!-- This site is optimized with the Yoast SEO plugin v26.1.1 - https:\/\/yoast.com\/wordpress\/plugins\/seo\/ -->\n<title>Juan Zabaleta: \u201cLo que apareci\u00f3 ahora es el com\u00fan denominador de muchos a\u00f1os\u201d - Nuevo Digital de Escobar<\/title>\n<meta name=\"robots\" content=\"index, follow, max-snippet:-1, max-image-preview:large, max-video-preview:-1\" \/>\n<link rel=\"canonical\" href=\"https:\/\/nuevodigitaldeescobar.com.ar\/?p=5536\" \/>\n<meta property=\"og:locale\" content=\"es_ES\" \/>\n<meta property=\"og:type\" content=\"article\" \/>\n<meta property=\"og:title\" content=\"Juan Zabaleta: \u201cLo que apareci\u00f3 ahora es el com\u00fan denominador de muchos a\u00f1os\u201d - Nuevo Digital de Escobar\" \/>\n<meta property=\"og:description\" content=\"Quien fuera ministro de Desarrollo Social entre 2021 y 2022, cont\u00f3 que durante su gesti\u00f3n realizaron auditor\u00edas por ese tipo de maniobras. Le envi\u00f3 un [&hellip;]\" \/>\n<meta property=\"og:url\" content=\"https:\/\/nuevodigitaldeescobar.com.ar\/?p=5536\" \/>\n<meta property=\"og:site_name\" content=\"Nuevo Digital de Escobar\" \/>\n<meta property=\"article:publisher\" content=\"https:\/\/www.facebook.com\/NUEVODigitalDeEscobar\" \/>\n<meta property=\"article:published_time\" content=\"2024-05-16T13:47:00+00:00\" \/>\n<meta property=\"article:modified_time\" content=\"2024-05-16T16:50:07+00:00\" \/>\n<meta property=\"og:image\" content=\"https:\/\/nuevodigitaldeescobar.com.ar\/wp-content\/uploads\/2024\/05\/juan-zabaleta-e1715878197117.jpg\" \/>\n\t<meta property=\"og:image:width\" content=\"720\" \/>\n\t<meta property=\"og:image:height\" content=\"399\" \/>\n\t<meta property=\"og:image:type\" content=\"image\/jpeg\" \/>\n<meta name=\"author\" content=\"Redacci\u00f3n\" \/>\n<meta name=\"twitter:card\" content=\"summary_large_image\" \/>\n<meta name=\"twitter:creator\" content=\"@nuevodigescobar\" \/>\n<meta name=\"twitter:site\" content=\"@nuevodigescobar\" \/>\n<meta name=\"twitter:label1\" content=\"Escrito por\" \/>\n\t<meta name=\"twitter:data1\" content=\"Redacci\u00f3n\" \/>\n\t<meta name=\"twitter:label2\" content=\"Tiempo de lectura\" \/>\n\t<meta name=\"twitter:data2\" content=\"4 minutos\" \/>\n<script type=\"application\/ld+json\" class=\"yoast-schema-graph\">{\"@context\":\"https:\/\/schema.org\",\"@graph\":[{\"@type\":\"Article\",\"@id\":\"https:\/\/nuevodigitaldeescobar.com.ar\/?p=5536#article\",\"isPartOf\":{\"@id\":\"https:\/\/nuevodigitaldeescobar.com.ar\/?p=5536\"},\"author\":{\"name\":\"Redacci\u00f3n\",\"@id\":\"https:\/\/nuevodigitaldeescobar.com.ar\/#\/schema\/person\/035e90a8efe9a80e6eec22656ad6ea4c\"},\"headline\":\"Juan Zabaleta: \u201cLo que apareci\u00f3 ahora es el com\u00fan denominador de muchos a\u00f1os\u201d\",\"datePublished\":\"2024-05-16T13:47:00+00:00\",\"dateModified\":\"2024-05-16T16:50:07+00:00\",\"mainEntityOfPage\":{\"@id\":\"https:\/\/nuevodigitaldeescobar.com.ar\/?p=5536\"},\"wordCount\":765,\"commentCount\":0,\"publisher\":{\"@id\":\"https:\/\/nuevodigitaldeescobar.com.ar\/#organization\"},\"image\":{\"@id\":\"https:\/\/nuevodigitaldeescobar.com.ar\/?p=5536#primaryimage\"},\"thumbnailUrl\":\"https:\/\/nuevodigitaldeescobar.com.ar\/wp-content\/uploads\/2024\/05\/juan-zabaleta-e1715878197117.jpg\",\"articleSection\":[\"Inter\u00e9s general\",\"Pol\u00edtica\"],\"inLanguage\":\"es\",\"potentialAction\":[{\"@type\":\"CommentAction\",\"name\":\"Comment\",\"target\":[\"https:\/\/nuevodigitaldeescobar.com.ar\/?p=5536#respond\"]}]},{\"@type\":\"WebPage\",\"@id\":\"https:\/\/nuevodigitaldeescobar.com.ar\/?p=5536\",\"url\":\"https:\/\/nuevodigitaldeescobar.com.ar\/?p=5536\",\"name\":\"Juan Zabaleta: \u201cLo que apareci\u00f3 ahora es el com\u00fan denominador de muchos a\u00f1os\u201d - Nuevo Digital de Escobar\",\"isPartOf\":{\"@id\":\"https:\/\/nuevodigitaldeescobar.com.ar\/#website\"},\"primaryImageOfPage\":{\"@id\":\"https:\/\/nuevodigitaldeescobar.com.ar\/?p=5536#primaryimage\"},\"image\":{\"@id\":\"https:\/\/nuevodigitaldeescobar.com.ar\/?p=5536#primaryimage\"},\"thumbnailUrl\":\"https:\/\/nuevodigitaldeescobar.com.ar\/wp-content\/uploads\/2024\/05\/juan-zabaleta-e1715878197117.jpg\",\"datePublished\":\"2024-05-16T13:47:00+00:00\",\"dateModified\":\"2024-05-16T16:50:07+00:00\",\"breadcrumb\":{\"@id\":\"https:\/\/nuevodigitaldeescobar.com.ar\/?p=5536#breadcrumb\"},\"inLanguage\":\"es\",\"potentialAction\":[{\"@type\":\"ReadAction\",\"target\":[\"https:\/\/nuevodigitaldeescobar.com.ar\/?p=5536\"]}]},{\"@type\":\"ImageObject\",\"inLanguage\":\"es\",\"@id\":\"https:\/\/nuevodigitaldeescobar.com.ar\/?p=5536#primaryimage\",\"url\":\"https:\/\/nuevodigitaldeescobar.com.ar\/wp-content\/uploads\/2024\/05\/juan-zabaleta-e1715878197117.jpg\",\"contentUrl\":\"https:\/\/nuevodigitaldeescobar.com.ar\/wp-content\/uploads\/2024\/05\/juan-zabaleta-e1715878197117.jpg\",\"width\":720,\"height\":399},{\"@type\":\"BreadcrumbList\",\"@id\":\"https:\/\/nuevodigitaldeescobar.com.ar\/?p=5536#breadcrumb\",\"itemListElement\":[{\"@type\":\"ListItem\",\"position\":1,\"name\":\"Portada\",\"item\":\"https:\/\/nuevodigitaldeescobar.com.ar\/\"},{\"@type\":\"ListItem\",\"position\":2,\"name\":\"Juan Zabaleta: \u201cLo que apareci\u00f3 ahora es el com\u00fan denominador de muchos a\u00f1os\u201d\"}]},{\"@type\":\"WebSite\",\"@id\":\"https:\/\/nuevodigitaldeescobar.com.ar\/#website\",\"url\":\"https:\/\/nuevodigitaldeescobar.com.ar\/\",\"name\":\"Nuevo Digital de Escobar\",\"description\":\"La vida escobarense. Directora: Rosana Brunner\",\"publisher\":{\"@id\":\"https:\/\/nuevodigitaldeescobar.com.ar\/#organization\"},\"potentialAction\":[{\"@type\":\"SearchAction\",\"target\":{\"@type\":\"EntryPoint\",\"urlTemplate\":\"https:\/\/nuevodigitaldeescobar.com.ar\/?s={search_term_string}\"},\"query-input\":{\"@type\":\"PropertyValueSpecification\",\"valueRequired\":true,\"valueName\":\"search_term_string\"}}],\"inLanguage\":\"es\"},{\"@type\":\"Organization\",\"@id\":\"https:\/\/nuevodigitaldeescobar.com.ar\/#organization\",\"name\":\"Nuevo Digital de Escobar\",\"url\":\"https:\/\/nuevodigitaldeescobar.com.ar\/\",\"logo\":{\"@type\":\"ImageObject\",\"inLanguage\":\"es\",\"@id\":\"https:\/\/nuevodigitaldeescobar.com.ar\/#\/schema\/logo\/image\/\",\"url\":\"https:\/\/nuevodigitaldeescobar.com.ar\/wp-content\/uploads\/2025\/05\/cropped-logo-nuevo2.jpg\",\"contentUrl\":\"https:\/\/nuevodigitaldeescobar.com.ar\/wp-content\/uploads\/2025\/05\/cropped-logo-nuevo2.jpg\",\"width\":305,\"height\":305,\"caption\":\"Nuevo Digital de Escobar\"},\"image\":{\"@id\":\"https:\/\/nuevodigitaldeescobar.com.ar\/#\/schema\/logo\/image\/\"},\"sameAs\":[\"https:\/\/www.facebook.com\/NUEVODigitalDeEscobar\",\"https:\/\/x.com\/nuevodigescobar\",\"https:\/\/www.instagram.com\/nuevodigitaldeescobar\"]},{\"@type\":\"Person\",\"@id\":\"https:\/\/nuevodigitaldeescobar.com.ar\/#\/schema\/person\/035e90a8efe9a80e6eec22656ad6ea4c\",\"name\":\"Redacci\u00f3n\",\"image\":{\"@type\":\"ImageObject\",\"inLanguage\":\"es\",\"@id\":\"https:\/\/nuevodigitaldeescobar.com.ar\/#\/schema\/person\/image\/\",\"url\":\"https:\/\/secure.gravatar.com\/avatar\/8af8f40000c24e9eef3034f2be5998a372bb1389e64b1a4a36b3a7979142220d?s=96&d=mm&r=g\",\"contentUrl\":\"https:\/\/secure.gravatar.com\/avatar\/8af8f40000c24e9eef3034f2be5998a372bb1389e64b1a4a36b3a7979142220d?s=96&d=mm&r=g\",\"caption\":\"Redacci\u00f3n\"},\"sameAs\":[\"http:\/\/nuevodigitaldeescobar.com.ar\"],\"url\":\"https:\/\/nuevodigitaldeescobar.com.ar\/?author=1\"}]}<\/script>\n<!-- \/ Yoast SEO plugin. -->","yoast_head_json":{"title":"Juan Zabaleta: \u201cLo que apareci\u00f3 ahora es el com\u00fan denominador de muchos a\u00f1os\u201d - Nuevo Digital de Escobar","robots":{"index":"index","follow":"follow","max-snippet":"max-snippet:-1","max-image-preview":"max-image-preview:large","max-video-preview":"max-video-preview:-1"},"canonical":"https:\/\/nuevodigitaldeescobar.com.ar\/?p=5536","og_locale":"es_ES","og_type":"article","og_title":"Juan Zabaleta: \u201cLo que apareci\u00f3 ahora es el com\u00fan denominador de muchos a\u00f1os\u201d - Nuevo Digital de Escobar","og_description":"Quien fuera ministro de Desarrollo Social entre 2021 y 2022, cont\u00f3 que durante su gesti\u00f3n realizaron auditor\u00edas por ese tipo de maniobras. Le envi\u00f3 un [&hellip;]","og_url":"https:\/\/nuevodigitaldeescobar.com.ar\/?p=5536","og_site_name":"Nuevo Digital de Escobar","article_publisher":"https:\/\/www.facebook.com\/NUEVODigitalDeEscobar","article_published_time":"2024-05-16T13:47:00+00:00","article_modified_time":"2024-05-16T16:50:07+00:00","og_image":[{"width":720,"height":399,"url":"https:\/\/nuevodigitaldeescobar.com.ar\/wp-content\/uploads\/2024\/05\/juan-zabaleta-e1715878197117.jpg","type":"image\/jpeg"}],"author":"Redacci\u00f3n","twitter_card":"summary_large_image","twitter_creator":"@nuevodigescobar","twitter_site":"@nuevodigescobar","twitter_misc":{"Escrito por":"Redacci\u00f3n","Tiempo de lectura":"4 minutos"},"schema":{"@context":"https:\/\/schema.org","@graph":[{"@type":"Article","@id":"https:\/\/nuevodigitaldeescobar.com.ar\/?p=5536#article","isPartOf":{"@id":"https:\/\/nuevodigitaldeescobar.com.ar\/?p=5536"},"author":{"name":"Redacci\u00f3n","@id":"https:\/\/nuevodigitaldeescobar.com.ar\/#\/schema\/person\/035e90a8efe9a80e6eec22656ad6ea4c"},"headline":"Juan Zabaleta: \u201cLo que apareci\u00f3 ahora es el com\u00fan denominador de muchos a\u00f1os\u201d","datePublished":"2024-05-16T13:47:00+00:00","dateModified":"2024-05-16T16:50:07+00:00","mainEntityOfPage":{"@id":"https:\/\/nuevodigitaldeescobar.com.ar\/?p=5536"},"wordCount":765,"commentCount":0,"publisher":{"@id":"https:\/\/nuevodigitaldeescobar.com.ar\/#organization"},"image":{"@id":"https:\/\/nuevodigitaldeescobar.com.ar\/?p=5536#primaryimage"},"thumbnailUrl":"https:\/\/nuevodigitaldeescobar.com.ar\/wp-content\/uploads\/2024\/05\/juan-zabaleta-e1715878197117.jpg","articleSection":["Inter\u00e9s general","Pol\u00edtica"],"inLanguage":"es","potentialAction":[{"@type":"CommentAction","name":"Comment","target":["https:\/\/nuevodigitaldeescobar.com.ar\/?p=5536#respond"]}]},{"@type":"WebPage","@id":"https:\/\/nuevodigitaldeescobar.com.ar\/?p=5536","url":"https:\/\/nuevodigitaldeescobar.com.ar\/?p=5536","name":"Juan Zabaleta: \u201cLo que apareci\u00f3 ahora es el com\u00fan denominador de muchos a\u00f1os\u201d - Nuevo Digital de Escobar","isPartOf":{"@id":"https:\/\/nuevodigitaldeescobar.com.ar\/#website"},"primaryImageOfPage":{"@id":"https:\/\/nuevodigitaldeescobar.com.ar\/?p=5536#primaryimage"},"image":{"@id":"https:\/\/nuevodigitaldeescobar.com.ar\/?p=5536#primaryimage"},"thumbnailUrl":"https:\/\/nuevodigitaldeescobar.com.ar\/wp-content\/uploads\/2024\/05\/juan-zabaleta-e1715878197117.jpg","datePublished":"2024-05-16T13:47:00+00:00","dateModified":"2024-05-16T16:50:07+00:00","breadcrumb":{"@id":"https:\/\/nuevodigitaldeescobar.com.ar\/?p=5536#breadcrumb"},"inLanguage":"es","potentialAction":[{"@type":"ReadAction","target":["https:\/\/nuevodigitaldeescobar.com.ar\/?p=5536"]}]},{"@type":"ImageObject","inLanguage":"es","@id":"https:\/\/nuevodigitaldeescobar.com.ar\/?p=5536#primaryimage","url":"https:\/\/nuevodigitaldeescobar.com.ar\/wp-content\/uploads\/2024\/05\/juan-zabaleta-e1715878197117.jpg","contentUrl":"https:\/\/nuevodigitaldeescobar.com.ar\/wp-content\/uploads\/2024\/05\/juan-zabaleta-e1715878197117.jpg","width":720,"height":399},{"@type":"BreadcrumbList","@id":"https:\/\/nuevodigitaldeescobar.com.ar\/?p=5536#breadcrumb","itemListElement":[{"@type":"ListItem","position":1,"name":"Portada","item":"https:\/\/nuevodigitaldeescobar.com.ar\/"},{"@type":"ListItem","position":2,"name":"Juan Zabaleta: \u201cLo que apareci\u00f3 ahora es el com\u00fan denominador de muchos a\u00f1os\u201d"}]},{"@type":"WebSite","@id":"https:\/\/nuevodigitaldeescobar.com.ar\/#website","url":"https:\/\/nuevodigitaldeescobar.com.ar\/","name":"Nuevo Digital de Escobar","description":"La vida escobarense. Directora: Rosana Brunner","publisher":{"@id":"https:\/\/nuevodigitaldeescobar.com.ar\/#organization"},"potentialAction":[{"@type":"SearchAction","target":{"@type":"EntryPoint","urlTemplate":"https:\/\/nuevodigitaldeescobar.com.ar\/?s={search_term_string}"},"query-input":{"@type":"PropertyValueSpecification","valueRequired":true,"valueName":"search_term_string"}}],"inLanguage":"es"},{"@type":"Organization","@id":"https:\/\/nuevodigitaldeescobar.com.ar\/#organization","name":"Nuevo Digital de Escobar","url":"https:\/\/nuevodigitaldeescobar.com.ar\/","logo":{"@type":"ImageObject","inLanguage":"es","@id":"https:\/\/nuevodigitaldeescobar.com.ar\/#\/schema\/logo\/image\/","url":"https:\/\/nuevodigitaldeescobar.com.ar\/wp-content\/uploads\/2025\/05\/cropped-logo-nuevo2.jpg","contentUrl":"https:\/\/nuevodigitaldeescobar.com.ar\/wp-content\/uploads\/2025\/05\/cropped-logo-nuevo2.jpg","width":305,"height":305,"caption":"Nuevo Digital de Escobar"},"image":{"@id":"https:\/\/nuevodigitaldeescobar.com.ar\/#\/schema\/logo\/image\/"},"sameAs":["https:\/\/www.facebook.com\/NUEVODigitalDeEscobar","https:\/\/x.com\/nuevodigescobar","https:\/\/www.instagram.com\/nuevodigitaldeescobar"]},{"@type":"Person","@id":"https:\/\/nuevodigitaldeescobar.com.ar\/#\/schema\/person\/035e90a8efe9a80e6eec22656ad6ea4c","name":"Redacci\u00f3n","image":{"@type":"ImageObject","inLanguage":"es","@id":"https:\/\/nuevodigitaldeescobar.com.ar\/#\/schema\/person\/image\/","url":"https:\/\/secure.gravatar.com\/avatar\/8af8f40000c24e9eef3034f2be5998a372bb1389e64b1a4a36b3a7979142220d?s=96&d=mm&r=g","contentUrl":"https:\/\/secure.gravatar.com\/avatar\/8af8f40000c24e9eef3034f2be5998a372bb1389e64b1a4a36b3a7979142220d?s=96&d=mm&r=g","caption":"Redacci\u00f3n"},"sameAs":["http:\/\/nuevodigitaldeescobar.com.ar"],"url":"https:\/\/nuevodigitaldeescobar.com.ar\/?author=1"}]}},"featured_image_urls":{"full":["https:\/\/nuevodigitaldeescobar.com.ar\/wp-content\/uploads\/2024\/05\/juan-zabaleta-e1715878197117.jpg",720,399,false],"thumbnail":["https:\/\/nuevodigitaldeescobar.com.ar\/wp-content\/uploads\/2024\/05\/juan-zabaleta-e1715878184179-150x150.jpg",150,150,true],"medium":["https:\/\/nuevodigitaldeescobar.com.ar\/wp-content\/uploads\/2024\/05\/juan-zabaleta-e1715878184179-300x166.jpg",300,166,true],"medium_large":["https:\/\/nuevodigitaldeescobar.com.ar\/wp-content\/uploads\/2024\/05\/juan-zabaleta-e1715878184179-768x425.jpg",640,354,true],"large":["https:\/\/nuevodigitaldeescobar.com.ar\/wp-content\/uploads\/2024\/05\/juan-zabaleta-e1715878184179-1024x567.jpg",640,354,true],"1536x1536":["https:\/\/nuevodigitaldeescobar.com.ar\/wp-content\/uploads\/2024\/05\/juan-zabaleta-e1715878197117.jpg",720,399,false],"2048x2048":["https:\/\/nuevodigitaldeescobar.com.ar\/wp-content\/uploads\/2024\/05\/juan-zabaleta-e1715878197117.jpg",720,399,false]},"author_info":{"display_name":"Redacci\u00f3n","author_link":"https:\/\/nuevodigitaldeescobar.com.ar\/?author=1"},"category_info":"<a href=\"https:\/\/nuevodigitaldeescobar.com.ar\/?cat=7\" rel=\"category\">Inter\u00e9s general<\/a> <a href=\"https:\/\/nuevodigitaldeescobar.com.ar\/?cat=6\" rel=\"category\">Pol\u00edtica<\/a>","tag_info":"Pol\u00edtica","comment_count":"0","_links":{"self":[{"href":"https:\/\/nuevodigitaldeescobar.com.ar\/index.php?rest_route=\/wp\/v2\/posts\/5536","targetHints":{"allow":["GET"]}}],"collection":[{"href":"https:\/\/nuevodigitaldeescobar.com.ar\/index.php?rest_route=\/wp\/v2\/posts"}],"about":[{"href":"https:\/\/nuevodigitaldeescobar.com.ar\/index.php?rest_route=\/wp\/v2\/types\/post"}],"author":[{"embeddable":true,"href":"https:\/\/nuevodigitaldeescobar.com.ar\/index.php?rest_route=\/wp\/v2\/users\/1"}],"replies":[{"embeddable":true,"href":"https:\/\/nuevodigitaldeescobar.com.ar\/index.php?rest_route=%2Fwp%2Fv2%2Fcomments&post=5536"}],"version-history":[{"count":1,"href":"https:\/\/nuevodigitaldeescobar.com.ar\/index.php?rest_route=\/wp\/v2\/posts\/5536\/revisions"}],"predecessor-version":[{"id":5538,"href":"https:\/\/nuevodigitaldeescobar.com.ar\/index.php?rest_route=\/wp\/v2\/posts\/5536\/revisions\/5538"}],"wp:featuredmedia":[{"embeddable":true,"href":"https:\/\/nuevodigitaldeescobar.com.ar\/index.php?rest_route=\/wp\/v2\/media\/5537"}],"wp:attachment":[{"href":"https:\/\/nuevodigitaldeescobar.com.ar\/index.php?rest_route=%2Fwp%2Fv2%2Fmedia&parent=5536"}],"wp:term":[{"taxonomy":"category","embeddable":true,"href":"https:\/\/nuevodigitaldeescobar.com.ar\/index.php?rest_route=%2Fwp%2Fv2%2Fcategories&post=5536"},{"taxonomy":"post_tag","embeddable":true,"href":"https:\/\/nuevodigitaldeescobar.com.ar\/index.php?rest_route=%2Fwp%2Fv2%2Ftags&post=5536"}],"curies":[{"name":"wp","href":"https:\/\/api.w.org\/{rel}","templated":true}]}}