{"id":558,"date":"2023-10-30T14:03:44","date_gmt":"2023-10-30T17:03:44","guid":{"rendered":"https:\/\/nuevodigitaldeescobar.com.ar\/?p=558"},"modified":"2023-10-30T14:03:55","modified_gmt":"2023-10-30T17:03:55","slug":"anses-difundio-el-calendario-de-pagos-de-noviembre","status":"publish","type":"post","link":"https:\/\/nuevodigitaldeescobar.com.ar\/?p=558","title":{"rendered":"ANSES difundi\u00f3 el calendario de pagos de noviembre"},"content":{"rendered":"<p><span style=\"color: #ff6600;\"><strong><em>El organismo comunic\u00f3 los calendarios de pagos de noviembre para jubiladas, jubilados, pensionadas, pensionados, Pensiones No Contributivas y titulares de la Asignaci\u00f3n Universal por Hijo, Asignaci\u00f3n por Embarazo, Asignaciones Familiares, de Pago \u00danico (Matrimonio, Nacimiento y Adopci\u00f3n) y Prestaci\u00f3n por Desempleo.<\/em><\/strong><\/span><\/p>\n<p><!--more--><\/p>\n<p>En tanto, todos los jubilados y pensionados que perciben el haber m\u00ednimo recibir\u00e1n la tercera cuota del refuerzo de 37 mil pesos, por lo que ninguno de ellos cobrar\u00e1 menos de 124.460 pesos.<\/p>\n<p><strong>Jubilaciones y pensiones que no superen un haber m\u00ednimo<\/strong><\/p>\n<ul>\n<li>DNI terminados en 0: 9 de noviembre<\/li>\n<li>DNI terminados en 1: 10 de noviembre<\/li>\n<li>DNI terminados en 2: 13 de noviembre<\/li>\n<li>DNI terminados en 3: 14 de noviembre<\/li>\n<li>DNI terminados en 4: 15 de noviembre<\/li>\n<li>DNI terminados en 5: 16 de noviembre<\/li>\n<li>DNI terminados en 6: 17 de noviembre<\/li>\n<li>DNI terminados en 7: 21 de noviembre<\/li>\n<li>DNI terminados en 8: 22 de noviembre<\/li>\n<li>DNI terminados en 9: 23 de noviembre<\/li>\n<\/ul>\n<p><strong>Jubilaciones y pensiones que superen un haber m\u00ednimo<\/strong><\/p>\n<ul>\n<li>DNI terminados en 0 y 1: 24 de noviembre<\/li>\n<li>DNI terminados en 2 y 3: 27 de noviembre<\/li>\n<li>DNI terminados en 4 y 5: 28 de noviembre<\/li>\n<li>DNI terminados en 6 y 7: 29 de noviembre<\/li>\n<li>DNI terminados en 8 y 9: 30 de noviembre<\/li>\n<\/ul>\n<p><strong>Asignaci\u00f3n Universal por Hijo y Asignaci\u00f3n Familiar por Hijo<\/strong><\/p>\n<ul>\n<li>DNI terminados en 0: 9 de noviembre<\/li>\n<li>DNI terminados en 1: 10 de noviembre<\/li>\n<li>DNI terminados en 2: 13 de noviembre<\/li>\n<li>DNI terminados en 3: 14 de noviembre<\/li>\n<li>DNI terminados en 4: 15 de noviembre<\/li>\n<li>DNI terminados en 5: 16 de noviembre<\/li>\n<li>DNI terminados en 7: 21 de noviembre<\/li>\n<li>DNI terminados en 8: 22 de noviembre<\/li>\n<li>DNI terminados en 9: 23 de noviembre<\/li>\n<\/ul>\n<p><strong>Asignaci\u00f3n por Embarazo<\/strong><\/p>\n<ul>\n<li>DNI terminados en 0: 10 de noviembre<\/li>\n<li>DNI terminados en 1: 13 de noviembre<\/li>\n<li>DNI terminados en 2: 14 de noviembre<\/li>\n<li>DNI terminados en 3: 15 de noviembre<\/li>\n<li>DNI terminados en 4: 16 de noviembre<\/li>\n<li>DNI terminados en 5: 17 de noviembre<\/li>\n<li>DNI terminados en 6: 21 de noviembre<\/li>\n<li>DNI terminados en 7: 22 de noviembre<\/li>\n<li>DNI terminados en 8: 23 de noviembre<\/li>\n<li>DNI terminados en 9: 24 de noviembre<\/li>\n<\/ul>\n<p><strong>Asignaci\u00f3n por Prenatal y Maternidad<\/strong><\/p>\n<ul>\n<li>DNI terminados en 0 y 1: 9 de noviembre<\/li>\n<li>DNI terminados en 2 y 3: 10 de noviembre<\/li>\n<li>DNI terminados en 4 y 5: 13 de noviembre<\/li>\n<li>DNI terminados en 6 y 7: 14 de noviembre<\/li>\n<li>DNI terminados en 8 y 9: 15 de noviembre<\/li>\n<\/ul>\n<p><strong>Asignaciones Pago \u00danico<\/strong><\/p>\n<ul>\n<li>Todas las terminaciones de documentos: 6 de noviembre al 12 de diciembre<\/li>\n<\/ul>\n<p><strong>Pensiones No Contributivas<\/strong><\/p>\n<ul>\n<li>DNI terminados en 0 y 1: 1 de noviembre<\/li>\n<li>DNI terminados en 2 y 3: 2 de noviembre<\/li>\n<li>DNI terminados en 4 y 5: 3 de noviembre<\/li>\n<li>DNI terminados en 6 y 7: 7 de noviembre<\/li>\n<li>DNI terminados en 8 y 9: 8 de noviembre<\/li>\n<\/ul>\n<p><strong>Asignaciones Familiares de Pensiones No Contributivas<\/strong><\/p>\n<ul>\n<li>Todas las terminaciones de documentos: 9 de noviembre al 12 de diciembre<\/li>\n<\/ul>\n<p><strong>Desempleo<\/strong><\/p>\n<ul>\n<li>DNI terminados en 0 y 1: 23 de noviembre<\/li>\n<li>DNI terminados en 2 y 3: 24 de noviembre<\/li>\n<li>DNI terminados en 4 y 5: 28 de noviembre<\/li>\n<li>DNI terminados en 6 y 7: 29 de noviembre<\/li>\n<li>DNI terminados en 8 y 9: 30 de noviembre<\/li>\n<\/ul>\n","protected":false},"excerpt":{"rendered":"<p>El organismo comunic\u00f3 los calendarios de pagos de noviembre para jubiladas, jubilados, pensionadas, pensionados, Pensiones No Contributivas y titulares de la Asignaci\u00f3n Universal por Hijo, [&hellip;]<\/p>\n","protected":false},"author":1,"featured_media":559,"comment_status":"open","ping_status":"closed","sticky":false,"template":"","format":"standard","meta":{"footnotes":""},"categories":[10,15],"tags":[],"class_list":["post-558","post","type-post","status-publish","format-standard","has-post-thumbnail","hentry","category-economia","category-sociedad"],"better_featured_image":{"id":559,"alt_text":"","caption":"","description":"","media_type":"image","media_details":{"width":720,"height":469,"file":"2023\/10\/anses.jpg","filesize":58233,"sizes":{"medium":{"file":"anses-300x195.jpg","width":300,"height":195,"mime-type":"image\/jpeg","filesize":23330,"source_url":"https:\/\/nuevodigitaldeescobar.com.ar\/wp-content\/uploads\/2023\/10\/anses-300x195.jpg"},"thumbnail":{"file":"anses-150x150.jpg","width":150,"height":150,"mime-type":"image\/jpeg","filesize":16240,"source_url":"https:\/\/nuevodigitaldeescobar.com.ar\/wp-content\/uploads\/2023\/10\/anses-150x150.jpg"},"covernews-medium":{"file":"anses-540x340.jpg","width":540,"height":340,"mime-type":"image\/jpeg","filesize":40719,"source_url":"https:\/\/nuevodigitaldeescobar.com.ar\/wp-content\/uploads\/2023\/10\/anses-540x340.jpg"},"covernews-medium-square":{"file":"anses-400x250.jpg","width":400,"height":250,"mime-type":"image\/jpeg","filesize":29568,"source_url":"https:\/\/nuevodigitaldeescobar.com.ar\/wp-content\/uploads\/2023\/10\/anses-400x250.jpg"}},"image_meta":{"aperture":"2.8","credit":"Leandro Garcia","camera":"NIKON D800","caption":"","created_timestamp":"1652027731","copyright":"Leandro Garcia","focal_length":"38","iso":"100","shutter_speed":"0.004","title":"","orientation":"1","keywords":[]}},"post":558,"source_url":"https:\/\/nuevodigitaldeescobar.com.ar\/wp-content\/uploads\/2023\/10\/anses.jpg"},"yoast_head":"<!-- This site is optimized with the Yoast SEO plugin v26.1.1 - https:\/\/yoast.com\/wordpress\/plugins\/seo\/ -->\n<title>ANSES difundi\u00f3 el calendario de pagos de noviembre - Nuevo Digital de Escobar<\/title>\n<meta name=\"robots\" content=\"index, follow, max-snippet:-1, max-image-preview:large, max-video-preview:-1\" \/>\n<link rel=\"canonical\" href=\"https:\/\/nuevodigitaldeescobar.com.ar\/?p=558\" \/>\n<meta property=\"og:locale\" content=\"es_ES\" \/>\n<meta property=\"og:type\" content=\"article\" \/>\n<meta property=\"og:title\" content=\"ANSES difundi\u00f3 el calendario de pagos de noviembre - Nuevo Digital de Escobar\" \/>\n<meta property=\"og:description\" content=\"El organismo comunic\u00f3 los calendarios de pagos de noviembre para jubiladas, jubilados, pensionadas, pensionados, Pensiones No Contributivas y titulares de la Asignaci\u00f3n Universal por Hijo, [&hellip;]\" \/>\n<meta property=\"og:url\" content=\"https:\/\/nuevodigitaldeescobar.com.ar\/?p=558\" \/>\n<meta property=\"og:site_name\" content=\"Nuevo Digital de Escobar\" \/>\n<meta property=\"article:publisher\" content=\"https:\/\/www.facebook.com\/NUEVODigitalDeEscobar\" \/>\n<meta property=\"article:published_time\" content=\"2023-10-30T17:03:44+00:00\" \/>\n<meta property=\"article:modified_time\" content=\"2023-10-30T17:03:55+00:00\" \/>\n<meta property=\"og:image\" content=\"https:\/\/nuevodigitaldeescobar.com.ar\/wp-content\/uploads\/2023\/10\/anses.jpg\" \/>\n\t<meta property=\"og:image:width\" content=\"720\" \/>\n\t<meta property=\"og:image:height\" content=\"469\" \/>\n\t<meta property=\"og:image:type\" content=\"image\/jpeg\" \/>\n<meta name=\"author\" content=\"Redacci\u00f3n\" \/>\n<meta name=\"twitter:card\" content=\"summary_large_image\" \/>\n<meta name=\"twitter:creator\" content=\"@nuevodigescobar\" \/>\n<meta name=\"twitter:site\" content=\"@nuevodigescobar\" \/>\n<meta name=\"twitter:label1\" content=\"Escrito por\" \/>\n\t<meta name=\"twitter:data1\" content=\"Redacci\u00f3n\" \/>\n\t<meta name=\"twitter:label2\" content=\"Tiempo de lectura\" \/>\n\t<meta name=\"twitter:data2\" content=\"2 minutos\" \/>\n<script type=\"application\/ld+json\" class=\"yoast-schema-graph\">{\"@context\":\"https:\/\/schema.org\",\"@graph\":[{\"@type\":\"Article\",\"@id\":\"https:\/\/nuevodigitaldeescobar.com.ar\/?p=558#article\",\"isPartOf\":{\"@id\":\"https:\/\/nuevodigitaldeescobar.com.ar\/?p=558\"},\"author\":{\"name\":\"Redacci\u00f3n\",\"@id\":\"https:\/\/nuevodigitaldeescobar.com.ar\/#\/schema\/person\/035e90a8efe9a80e6eec22656ad6ea4c\"},\"headline\":\"ANSES difundi\u00f3 el calendario de pagos de noviembre\",\"datePublished\":\"2023-10-30T17:03:44+00:00\",\"dateModified\":\"2023-10-30T17:03:55+00:00\",\"mainEntityOfPage\":{\"@id\":\"https:\/\/nuevodigitaldeescobar.com.ar\/?p=558\"},\"wordCount\":424,\"commentCount\":0,\"publisher\":{\"@id\":\"https:\/\/nuevodigitaldeescobar.com.ar\/#organization\"},\"image\":{\"@id\":\"https:\/\/nuevodigitaldeescobar.com.ar\/?p=558#primaryimage\"},\"thumbnailUrl\":\"https:\/\/nuevodigitaldeescobar.com.ar\/wp-content\/uploads\/2023\/10\/anses.jpg\",\"articleSection\":[\"Econom\u00eda\",\"Sociedad\"],\"inLanguage\":\"es\",\"potentialAction\":[{\"@type\":\"CommentAction\",\"name\":\"Comment\",\"target\":[\"https:\/\/nuevodigitaldeescobar.com.ar\/?p=558#respond\"]}]},{\"@type\":\"WebPage\",\"@id\":\"https:\/\/nuevodigitaldeescobar.com.ar\/?p=558\",\"url\":\"https:\/\/nuevodigitaldeescobar.com.ar\/?p=558\",\"name\":\"ANSES difundi\u00f3 el calendario de pagos de noviembre - Nuevo Digital de Escobar\",\"isPartOf\":{\"@id\":\"https:\/\/nuevodigitaldeescobar.com.ar\/#website\"},\"primaryImageOfPage\":{\"@id\":\"https:\/\/nuevodigitaldeescobar.com.ar\/?p=558#primaryimage\"},\"image\":{\"@id\":\"https:\/\/nuevodigitaldeescobar.com.ar\/?p=558#primaryimage\"},\"thumbnailUrl\":\"https:\/\/nuevodigitaldeescobar.com.ar\/wp-content\/uploads\/2023\/10\/anses.jpg\",\"datePublished\":\"2023-10-30T17:03:44+00:00\",\"dateModified\":\"2023-10-30T17:03:55+00:00\",\"breadcrumb\":{\"@id\":\"https:\/\/nuevodigitaldeescobar.com.ar\/?p=558#breadcrumb\"},\"inLanguage\":\"es\",\"potentialAction\":[{\"@type\":\"ReadAction\",\"target\":[\"https:\/\/nuevodigitaldeescobar.com.ar\/?p=558\"]}]},{\"@type\":\"ImageObject\",\"inLanguage\":\"es\",\"@id\":\"https:\/\/nuevodigitaldeescobar.com.ar\/?p=558#primaryimage\",\"url\":\"https:\/\/nuevodigitaldeescobar.com.ar\/wp-content\/uploads\/2023\/10\/anses.jpg\",\"contentUrl\":\"https:\/\/nuevodigitaldeescobar.com.ar\/wp-content\/uploads\/2023\/10\/anses.jpg\",\"width\":720,\"height\":469},{\"@type\":\"BreadcrumbList\",\"@id\":\"https:\/\/nuevodigitaldeescobar.com.ar\/?p=558#breadcrumb\",\"itemListElement\":[{\"@type\":\"ListItem\",\"position\":1,\"name\":\"Portada\",\"item\":\"https:\/\/nuevodigitaldeescobar.com.ar\/\"},{\"@type\":\"ListItem\",\"position\":2,\"name\":\"ANSES difundi\u00f3 el calendario de pagos de noviembre\"}]},{\"@type\":\"WebSite\",\"@id\":\"https:\/\/nuevodigitaldeescobar.com.ar\/#website\",\"url\":\"https:\/\/nuevodigitaldeescobar.com.ar\/\",\"name\":\"Nuevo Digital de Escobar\",\"description\":\"La vida escobarense. Directora: Rosana Brunner\",\"publisher\":{\"@id\":\"https:\/\/nuevodigitaldeescobar.com.ar\/#organization\"},\"potentialAction\":[{\"@type\":\"SearchAction\",\"target\":{\"@type\":\"EntryPoint\",\"urlTemplate\":\"https:\/\/nuevodigitaldeescobar.com.ar\/?s={search_term_string}\"},\"query-input\":{\"@type\":\"PropertyValueSpecification\",\"valueRequired\":true,\"valueName\":\"search_term_string\"}}],\"inLanguage\":\"es\"},{\"@type\":\"Organization\",\"@id\":\"https:\/\/nuevodigitaldeescobar.com.ar\/#organization\",\"name\":\"Nuevo Digital de Escobar\",\"url\":\"https:\/\/nuevodigitaldeescobar.com.ar\/\",\"logo\":{\"@type\":\"ImageObject\",\"inLanguage\":\"es\",\"@id\":\"https:\/\/nuevodigitaldeescobar.com.ar\/#\/schema\/logo\/image\/\",\"url\":\"https:\/\/nuevodigitaldeescobar.com.ar\/wp-content\/uploads\/2025\/05\/cropped-logo-nuevo2.jpg\",\"contentUrl\":\"https:\/\/nuevodigitaldeescobar.com.ar\/wp-content\/uploads\/2025\/05\/cropped-logo-nuevo2.jpg\",\"width\":305,\"height\":305,\"caption\":\"Nuevo Digital de Escobar\"},\"image\":{\"@id\":\"https:\/\/nuevodigitaldeescobar.com.ar\/#\/schema\/logo\/image\/\"},\"sameAs\":[\"https:\/\/www.facebook.com\/NUEVODigitalDeEscobar\",\"https:\/\/x.com\/nuevodigescobar\",\"https:\/\/www.instagram.com\/nuevodigitaldeescobar\"]},{\"@type\":\"Person\",\"@id\":\"https:\/\/nuevodigitaldeescobar.com.ar\/#\/schema\/person\/035e90a8efe9a80e6eec22656ad6ea4c\",\"name\":\"Redacci\u00f3n\",\"image\":{\"@type\":\"ImageObject\",\"inLanguage\":\"es\",\"@id\":\"https:\/\/nuevodigitaldeescobar.com.ar\/#\/schema\/person\/image\/\",\"url\":\"https:\/\/secure.gravatar.com\/avatar\/8af8f40000c24e9eef3034f2be5998a372bb1389e64b1a4a36b3a7979142220d?s=96&d=mm&r=g\",\"contentUrl\":\"https:\/\/secure.gravatar.com\/avatar\/8af8f40000c24e9eef3034f2be5998a372bb1389e64b1a4a36b3a7979142220d?s=96&d=mm&r=g\",\"caption\":\"Redacci\u00f3n\"},\"sameAs\":[\"http:\/\/nuevodigitaldeescobar.com.ar\"],\"url\":\"https:\/\/nuevodigitaldeescobar.com.ar\/?author=1\"}]}<\/script>\n<!-- \/ Yoast SEO plugin. -->","yoast_head_json":{"title":"ANSES difundi\u00f3 el calendario de pagos de noviembre - Nuevo Digital de Escobar","robots":{"index":"index","follow":"follow","max-snippet":"max-snippet:-1","max-image-preview":"max-image-preview:large","max-video-preview":"max-video-preview:-1"},"canonical":"https:\/\/nuevodigitaldeescobar.com.ar\/?p=558","og_locale":"es_ES","og_type":"article","og_title":"ANSES difundi\u00f3 el calendario de pagos de noviembre - Nuevo Digital de Escobar","og_description":"El organismo comunic\u00f3 los calendarios de pagos de noviembre para jubiladas, jubilados, pensionadas, pensionados, Pensiones No Contributivas y titulares de la Asignaci\u00f3n Universal por Hijo, [&hellip;]","og_url":"https:\/\/nuevodigitaldeescobar.com.ar\/?p=558","og_site_name":"Nuevo Digital de Escobar","article_publisher":"https:\/\/www.facebook.com\/NUEVODigitalDeEscobar","article_published_time":"2023-10-30T17:03:44+00:00","article_modified_time":"2023-10-30T17:03:55+00:00","og_image":[{"width":720,"height":469,"url":"https:\/\/nuevodigitaldeescobar.com.ar\/wp-content\/uploads\/2023\/10\/anses.jpg","type":"image\/jpeg"}],"author":"Redacci\u00f3n","twitter_card":"summary_large_image","twitter_creator":"@nuevodigescobar","twitter_site":"@nuevodigescobar","twitter_misc":{"Escrito por":"Redacci\u00f3n","Tiempo de lectura":"2 minutos"},"schema":{"@context":"https:\/\/schema.org","@graph":[{"@type":"Article","@id":"https:\/\/nuevodigitaldeescobar.com.ar\/?p=558#article","isPartOf":{"@id":"https:\/\/nuevodigitaldeescobar.com.ar\/?p=558"},"author":{"name":"Redacci\u00f3n","@id":"https:\/\/nuevodigitaldeescobar.com.ar\/#\/schema\/person\/035e90a8efe9a80e6eec22656ad6ea4c"},"headline":"ANSES difundi\u00f3 el calendario de pagos de noviembre","datePublished":"2023-10-30T17:03:44+00:00","dateModified":"2023-10-30T17:03:55+00:00","mainEntityOfPage":{"@id":"https:\/\/nuevodigitaldeescobar.com.ar\/?p=558"},"wordCount":424,"commentCount":0,"publisher":{"@id":"https:\/\/nuevodigitaldeescobar.com.ar\/#organization"},"image":{"@id":"https:\/\/nuevodigitaldeescobar.com.ar\/?p=558#primaryimage"},"thumbnailUrl":"https:\/\/nuevodigitaldeescobar.com.ar\/wp-content\/uploads\/2023\/10\/anses.jpg","articleSection":["Econom\u00eda","Sociedad"],"inLanguage":"es","potentialAction":[{"@type":"CommentAction","name":"Comment","target":["https:\/\/nuevodigitaldeescobar.com.ar\/?p=558#respond"]}]},{"@type":"WebPage","@id":"https:\/\/nuevodigitaldeescobar.com.ar\/?p=558","url":"https:\/\/nuevodigitaldeescobar.com.ar\/?p=558","name":"ANSES difundi\u00f3 el calendario de pagos de noviembre - Nuevo Digital de Escobar","isPartOf":{"@id":"https:\/\/nuevodigitaldeescobar.com.ar\/#website"},"primaryImageOfPage":{"@id":"https:\/\/nuevodigitaldeescobar.com.ar\/?p=558#primaryimage"},"image":{"@id":"https:\/\/nuevodigitaldeescobar.com.ar\/?p=558#primaryimage"},"thumbnailUrl":"https:\/\/nuevodigitaldeescobar.com.ar\/wp-content\/uploads\/2023\/10\/anses.jpg","datePublished":"2023-10-30T17:03:44+00:00","dateModified":"2023-10-30T17:03:55+00:00","breadcrumb":{"@id":"https:\/\/nuevodigitaldeescobar.com.ar\/?p=558#breadcrumb"},"inLanguage":"es","potentialAction":[{"@type":"ReadAction","target":["https:\/\/nuevodigitaldeescobar.com.ar\/?p=558"]}]},{"@type":"ImageObject","inLanguage":"es","@id":"https:\/\/nuevodigitaldeescobar.com.ar\/?p=558#primaryimage","url":"https:\/\/nuevodigitaldeescobar.com.ar\/wp-content\/uploads\/2023\/10\/anses.jpg","contentUrl":"https:\/\/nuevodigitaldeescobar.com.ar\/wp-content\/uploads\/2023\/10\/anses.jpg","width":720,"height":469},{"@type":"BreadcrumbList","@id":"https:\/\/nuevodigitaldeescobar.com.ar\/?p=558#breadcrumb","itemListElement":[{"@type":"ListItem","position":1,"name":"Portada","item":"https:\/\/nuevodigitaldeescobar.com.ar\/"},{"@type":"ListItem","position":2,"name":"ANSES difundi\u00f3 el calendario de pagos de noviembre"}]},{"@type":"WebSite","@id":"https:\/\/nuevodigitaldeescobar.com.ar\/#website","url":"https:\/\/nuevodigitaldeescobar.com.ar\/","name":"Nuevo Digital de Escobar","description":"La vida escobarense. Directora: Rosana Brunner","publisher":{"@id":"https:\/\/nuevodigitaldeescobar.com.ar\/#organization"},"potentialAction":[{"@type":"SearchAction","target":{"@type":"EntryPoint","urlTemplate":"https:\/\/nuevodigitaldeescobar.com.ar\/?s={search_term_string}"},"query-input":{"@type":"PropertyValueSpecification","valueRequired":true,"valueName":"search_term_string"}}],"inLanguage":"es"},{"@type":"Organization","@id":"https:\/\/nuevodigitaldeescobar.com.ar\/#organization","name":"Nuevo Digital de Escobar","url":"https:\/\/nuevodigitaldeescobar.com.ar\/","logo":{"@type":"ImageObject","inLanguage":"es","@id":"https:\/\/nuevodigitaldeescobar.com.ar\/#\/schema\/logo\/image\/","url":"https:\/\/nuevodigitaldeescobar.com.ar\/wp-content\/uploads\/2025\/05\/cropped-logo-nuevo2.jpg","contentUrl":"https:\/\/nuevodigitaldeescobar.com.ar\/wp-content\/uploads\/2025\/05\/cropped-logo-nuevo2.jpg","width":305,"height":305,"caption":"Nuevo Digital de Escobar"},"image":{"@id":"https:\/\/nuevodigitaldeescobar.com.ar\/#\/schema\/logo\/image\/"},"sameAs":["https:\/\/www.facebook.com\/NUEVODigitalDeEscobar","https:\/\/x.com\/nuevodigescobar","https:\/\/www.instagram.com\/nuevodigitaldeescobar"]},{"@type":"Person","@id":"https:\/\/nuevodigitaldeescobar.com.ar\/#\/schema\/person\/035e90a8efe9a80e6eec22656ad6ea4c","name":"Redacci\u00f3n","image":{"@type":"ImageObject","inLanguage":"es","@id":"https:\/\/nuevodigitaldeescobar.com.ar\/#\/schema\/person\/image\/","url":"https:\/\/secure.gravatar.com\/avatar\/8af8f40000c24e9eef3034f2be5998a372bb1389e64b1a4a36b3a7979142220d?s=96&d=mm&r=g","contentUrl":"https:\/\/secure.gravatar.com\/avatar\/8af8f40000c24e9eef3034f2be5998a372bb1389e64b1a4a36b3a7979142220d?s=96&d=mm&r=g","caption":"Redacci\u00f3n"},"sameAs":["http:\/\/nuevodigitaldeescobar.com.ar"],"url":"https:\/\/nuevodigitaldeescobar.com.ar\/?author=1"}]}},"featured_image_urls":{"full":["https:\/\/nuevodigitaldeescobar.com.ar\/wp-content\/uploads\/2023\/10\/anses.jpg",720,469,false],"thumbnail":["https:\/\/nuevodigitaldeescobar.com.ar\/wp-content\/uploads\/2023\/10\/anses-150x150.jpg",150,150,true],"medium":["https:\/\/nuevodigitaldeescobar.com.ar\/wp-content\/uploads\/2023\/10\/anses-300x195.jpg",300,195,true],"medium_large":["https:\/\/nuevodigitaldeescobar.com.ar\/wp-content\/uploads\/2023\/10\/anses.jpg",640,417,false],"large":["https:\/\/nuevodigitaldeescobar.com.ar\/wp-content\/uploads\/2023\/10\/anses.jpg",640,417,false],"1536x1536":["https:\/\/nuevodigitaldeescobar.com.ar\/wp-content\/uploads\/2023\/10\/anses.jpg",720,469,false],"2048x2048":["https:\/\/nuevodigitaldeescobar.com.ar\/wp-content\/uploads\/2023\/10\/anses.jpg",720,469,false]},"author_info":{"display_name":"Redacci\u00f3n","author_link":"https:\/\/nuevodigitaldeescobar.com.ar\/?author=1"},"category_info":"<a href=\"https:\/\/nuevodigitaldeescobar.com.ar\/?cat=10\" rel=\"category\">Econom\u00eda<\/a> <a href=\"https:\/\/nuevodigitaldeescobar.com.ar\/?cat=15\" rel=\"category\">Sociedad<\/a>","tag_info":"Sociedad","comment_count":"0","_links":{"self":[{"href":"https:\/\/nuevodigitaldeescobar.com.ar\/index.php?rest_route=\/wp\/v2\/posts\/558","targetHints":{"allow":["GET"]}}],"collection":[{"href":"https:\/\/nuevodigitaldeescobar.com.ar\/index.php?rest_route=\/wp\/v2\/posts"}],"about":[{"href":"https:\/\/nuevodigitaldeescobar.com.ar\/index.php?rest_route=\/wp\/v2\/types\/post"}],"author":[{"embeddable":true,"href":"https:\/\/nuevodigitaldeescobar.com.ar\/index.php?rest_route=\/wp\/v2\/users\/1"}],"replies":[{"embeddable":true,"href":"https:\/\/nuevodigitaldeescobar.com.ar\/index.php?rest_route=%2Fwp%2Fv2%2Fcomments&post=558"}],"version-history":[{"count":1,"href":"https:\/\/nuevodigitaldeescobar.com.ar\/index.php?rest_route=\/wp\/v2\/posts\/558\/revisions"}],"predecessor-version":[{"id":560,"href":"https:\/\/nuevodigitaldeescobar.com.ar\/index.php?rest_route=\/wp\/v2\/posts\/558\/revisions\/560"}],"wp:featuredmedia":[{"embeddable":true,"href":"https:\/\/nuevodigitaldeescobar.com.ar\/index.php?rest_route=\/wp\/v2\/media\/559"}],"wp:attachment":[{"href":"https:\/\/nuevodigitaldeescobar.com.ar\/index.php?rest_route=%2Fwp%2Fv2%2Fmedia&parent=558"}],"wp:term":[{"taxonomy":"category","embeddable":true,"href":"https:\/\/nuevodigitaldeescobar.com.ar\/index.php?rest_route=%2Fwp%2Fv2%2Fcategories&post=558"},{"taxonomy":"post_tag","embeddable":true,"href":"https:\/\/nuevodigitaldeescobar.com.ar\/index.php?rest_route=%2Fwp%2Fv2%2Ftags&post=558"}],"curies":[{"name":"wp","href":"https:\/\/api.w.org\/{rel}","templated":true}]}}