{"id":5643,"date":"2024-05-22T07:00:00","date_gmt":"2024-05-22T10:00:00","guid":{"rendered":"https:\/\/nuevodigitaldeescobar.com.ar\/?p=5643"},"modified":"2024-05-21T20:19:47","modified_gmt":"2024-05-21T23:19:47","slug":"la-justicia-pidio-nuevamente-la-detencion-del-intendente-de-san-martin","status":"publish","type":"post","link":"https:\/\/nuevodigitaldeescobar.com.ar\/?p=5643","title":{"rendered":"La Justicia pidi\u00f3 nuevamente la detenci\u00f3n del intendente de San Mart\u00edn"},"content":{"rendered":"<p><span style=\"color: #003366;\"><strong><em>Despu\u00e9s de allanar la municipalidad, la Justicia avanza en el caso contra Moreira.<\/em><\/strong><\/span><\/p>\n<p><!--more--><\/p>\n<hr \/>\n<p>La Fiscal\u00eda Federal en lo Criminal y Correccional de Tres de Febrero, a cargo de Paul Star, volvi\u00f3 a pedir la detenci\u00f3n del intendente municipal de San Mart\u00edn, Fernando Moreira, y otros cuatro acusados por el delito de falsificaci\u00f3n de documentos p\u00fablicos y defraudaci\u00f3n contra la administraci\u00f3n p\u00fablica.<\/p>\n<p>El pasado s\u00e1bado, la Polic\u00eda Federal Argentina realiz\u00f3 allanamientos en la Municipalidad de San Mart\u00edn, Buenos Aires, para poner en la mira las \u00e1reas de Tesorer\u00eda y Recursos Humanos de la casa local.<\/p>\n<h3><span style=\"color: #003366;\">Otro \u00abChocolate\u00bb Rigau<\/span><\/h3>\n<p>La Fiscal\u00eda hizo el pedido en una nueva presentaci\u00f3n ante la C\u00e1mara Federal de San Mart\u00edn. La causa investiga la contrataci\u00f3n de presuntos empleados fantasmas en la Municipalidad y el uso de las tarjetas de d\u00e9bito, un caso similar al de <em>\u201cChocolate\u201d<\/em> Rigau en la Legislatura bonaerense.<\/p>\n<p>Moreira, que responde pol\u00edticamente a Uni\u00f3n por la Patria, es la mano derecha de Gabriel Katopodis, a quien sucedi\u00f3 en la intendencia cuando este fue designado como Ministro de Obras P\u00fablicas en la gesti\u00f3n de Alberto Fern\u00e1ndez.<\/p>\n<p>La causa se inici\u00f3 en diciembre pasado cuando un hombre denunci\u00f3 que cobraba un plan social del Ministerio de Desarrollo Social y le fue interrumpido.<\/p>\n<p>El motivo fue porque cobraba como empleado municipal unos 300 mil pesos por parte de San Mart\u00edn y le era incompatible la percepci\u00f3n de un plan social.<\/p>\n<p>Ese fue el puntapi\u00e9 de la investigaci\u00f3n que deriv\u00f3 en descubrir que una persona del municipio de San Mart\u00edn ten\u00eda varias tarjetas de d\u00e9bito y retiraba el dinero de los empleados en un cajero cercano al Concejo Deliberante.<\/p>\n<p>As\u00ed es que personas, con desconocimiento total, figuraban como empleados del municipio y en nombre de ellos se cobraban salarios como supuestos trabajares del mismo.<\/p>\n<p>As\u00ed la jueza federal Alicia Vence encamin\u00f3 una investigaci\u00f3n en la cual ya impuso la prohibici\u00f3n de salida del pa\u00eds para cinco personas entre ellas al intendente. Este martes la Fiscal\u00eda Federal en lo Criminal y Correccional de Tres de Febrero, a cargo de Paul Star, volvi\u00f3 a pedir la detenci\u00f3n.<\/p>\n<p><em>(BorderPeriodismo)<\/em><\/p>\n","protected":false},"excerpt":{"rendered":"<p>Despu\u00e9s de allanar la municipalidad, la Justicia avanza en el caso contra Moreira.<\/p>\n","protected":false},"author":1,"featured_media":5644,"comment_status":"open","ping_status":"closed","sticky":false,"template":"","format":"standard","meta":{"footnotes":""},"categories":[6],"tags":[],"class_list":["post-5643","post","type-post","status-publish","format-standard","has-post-thumbnail","hentry","category-politica"],"better_featured_image":{"id":5644,"alt_text":"","caption":"","description":"","media_type":"image","media_details":{"width":764,"height":574,"file":"2024\/05\/moreira-san-martin-e1716333581784.jpg","filesize":118507,"sizes":{"thumbnail":{"file":"moreira-san-martin-e1716333581784-150x150.jpg","width":150,"height":150,"mime-type":"image\/jpeg","filesize":6637,"source_url":"https:\/\/nuevodigitaldeescobar.com.ar\/wp-content\/uploads\/2024\/05\/moreira-san-martin-e1716333581784-150x150.jpg"},"medium":{"file":"moreira-san-martin-e1716333581784-300x225.jpg","width":300,"height":225,"mime-type":"image\/jpeg","filesize":16426,"source_url":"https:\/\/nuevodigitaldeescobar.com.ar\/wp-content\/uploads\/2024\/05\/moreira-san-martin-e1716333581784-300x225.jpg"}},"image_meta":{"aperture":"0","credit":"","camera":"","caption":"","created_timestamp":"0","copyright":"","focal_length":"0","iso":"0","shutter_speed":"0","title":"","orientation":"0","keywords":[]}},"post":5643,"source_url":"https:\/\/nuevodigitaldeescobar.com.ar\/wp-content\/uploads\/2024\/05\/moreira-san-martin-e1716333581784.jpg"},"yoast_head":"<!-- This site is optimized with the Yoast SEO plugin v26.1.1 - https:\/\/yoast.com\/wordpress\/plugins\/seo\/ -->\n<title>La Justicia pidi\u00f3 nuevamente la detenci\u00f3n del intendente de San Mart\u00edn - Nuevo Digital de Escobar<\/title>\n<meta name=\"robots\" content=\"index, follow, max-snippet:-1, max-image-preview:large, max-video-preview:-1\" \/>\n<link rel=\"canonical\" href=\"https:\/\/nuevodigitaldeescobar.com.ar\/?p=5643\" \/>\n<meta property=\"og:locale\" content=\"es_ES\" \/>\n<meta property=\"og:type\" content=\"article\" \/>\n<meta property=\"og:title\" content=\"La Justicia pidi\u00f3 nuevamente la detenci\u00f3n del intendente de San Mart\u00edn - Nuevo Digital de Escobar\" \/>\n<meta property=\"og:description\" content=\"Despu\u00e9s de allanar la municipalidad, la Justicia avanza en el caso contra Moreira.\" \/>\n<meta property=\"og:url\" content=\"https:\/\/nuevodigitaldeescobar.com.ar\/?p=5643\" \/>\n<meta property=\"og:site_name\" content=\"Nuevo Digital de Escobar\" \/>\n<meta property=\"article:publisher\" content=\"https:\/\/www.facebook.com\/NUEVODigitalDeEscobar\" \/>\n<meta property=\"article:published_time\" content=\"2024-05-22T10:00:00+00:00\" \/>\n<meta property=\"og:image\" content=\"https:\/\/nuevodigitaldeescobar.com.ar\/wp-content\/uploads\/2024\/05\/moreira-san-martin-e1716333581784.jpg\" \/>\n\t<meta property=\"og:image:width\" content=\"764\" \/>\n\t<meta property=\"og:image:height\" content=\"574\" \/>\n\t<meta property=\"og:image:type\" content=\"image\/jpeg\" \/>\n<meta name=\"author\" content=\"Redacci\u00f3n\" \/>\n<meta name=\"twitter:card\" content=\"summary_large_image\" \/>\n<meta name=\"twitter:creator\" content=\"@nuevodigescobar\" \/>\n<meta name=\"twitter:site\" content=\"@nuevodigescobar\" \/>\n<meta name=\"twitter:label1\" content=\"Escrito por\" \/>\n\t<meta name=\"twitter:data1\" content=\"Redacci\u00f3n\" \/>\n\t<meta name=\"twitter:label2\" content=\"Tiempo de lectura\" \/>\n\t<meta name=\"twitter:data2\" content=\"2 minutos\" \/>\n<script type=\"application\/ld+json\" class=\"yoast-schema-graph\">{\"@context\":\"https:\/\/schema.org\",\"@graph\":[{\"@type\":\"Article\",\"@id\":\"https:\/\/nuevodigitaldeescobar.com.ar\/?p=5643#article\",\"isPartOf\":{\"@id\":\"https:\/\/nuevodigitaldeescobar.com.ar\/?p=5643\"},\"author\":{\"name\":\"Redacci\u00f3n\",\"@id\":\"https:\/\/nuevodigitaldeescobar.com.ar\/#\/schema\/person\/035e90a8efe9a80e6eec22656ad6ea4c\"},\"headline\":\"La Justicia pidi\u00f3 nuevamente la detenci\u00f3n del intendente de San Mart\u00edn\",\"datePublished\":\"2024-05-22T10:00:00+00:00\",\"mainEntityOfPage\":{\"@id\":\"https:\/\/nuevodigitaldeescobar.com.ar\/?p=5643\"},\"wordCount\":395,\"commentCount\":0,\"publisher\":{\"@id\":\"https:\/\/nuevodigitaldeescobar.com.ar\/#organization\"},\"image\":{\"@id\":\"https:\/\/nuevodigitaldeescobar.com.ar\/?p=5643#primaryimage\"},\"thumbnailUrl\":\"https:\/\/nuevodigitaldeescobar.com.ar\/wp-content\/uploads\/2024\/05\/moreira-san-martin-e1716333581784.jpg\",\"articleSection\":[\"Pol\u00edtica\"],\"inLanguage\":\"es\",\"potentialAction\":[{\"@type\":\"CommentAction\",\"name\":\"Comment\",\"target\":[\"https:\/\/nuevodigitaldeescobar.com.ar\/?p=5643#respond\"]}]},{\"@type\":\"WebPage\",\"@id\":\"https:\/\/nuevodigitaldeescobar.com.ar\/?p=5643\",\"url\":\"https:\/\/nuevodigitaldeescobar.com.ar\/?p=5643\",\"name\":\"La Justicia pidi\u00f3 nuevamente la detenci\u00f3n del intendente de San Mart\u00edn - Nuevo Digital de Escobar\",\"isPartOf\":{\"@id\":\"https:\/\/nuevodigitaldeescobar.com.ar\/#website\"},\"primaryImageOfPage\":{\"@id\":\"https:\/\/nuevodigitaldeescobar.com.ar\/?p=5643#primaryimage\"},\"image\":{\"@id\":\"https:\/\/nuevodigitaldeescobar.com.ar\/?p=5643#primaryimage\"},\"thumbnailUrl\":\"https:\/\/nuevodigitaldeescobar.com.ar\/wp-content\/uploads\/2024\/05\/moreira-san-martin-e1716333581784.jpg\",\"datePublished\":\"2024-05-22T10:00:00+00:00\",\"breadcrumb\":{\"@id\":\"https:\/\/nuevodigitaldeescobar.com.ar\/?p=5643#breadcrumb\"},\"inLanguage\":\"es\",\"potentialAction\":[{\"@type\":\"ReadAction\",\"target\":[\"https:\/\/nuevodigitaldeescobar.com.ar\/?p=5643\"]}]},{\"@type\":\"ImageObject\",\"inLanguage\":\"es\",\"@id\":\"https:\/\/nuevodigitaldeescobar.com.ar\/?p=5643#primaryimage\",\"url\":\"https:\/\/nuevodigitaldeescobar.com.ar\/wp-content\/uploads\/2024\/05\/moreira-san-martin-e1716333581784.jpg\",\"contentUrl\":\"https:\/\/nuevodigitaldeescobar.com.ar\/wp-content\/uploads\/2024\/05\/moreira-san-martin-e1716333581784.jpg\",\"width\":764,\"height\":574},{\"@type\":\"BreadcrumbList\",\"@id\":\"https:\/\/nuevodigitaldeescobar.com.ar\/?p=5643#breadcrumb\",\"itemListElement\":[{\"@type\":\"ListItem\",\"position\":1,\"name\":\"Portada\",\"item\":\"https:\/\/nuevodigitaldeescobar.com.ar\/\"},{\"@type\":\"ListItem\",\"position\":2,\"name\":\"La Justicia pidi\u00f3 nuevamente la detenci\u00f3n del intendente de San Mart\u00edn\"}]},{\"@type\":\"WebSite\",\"@id\":\"https:\/\/nuevodigitaldeescobar.com.ar\/#website\",\"url\":\"https:\/\/nuevodigitaldeescobar.com.ar\/\",\"name\":\"Nuevo Digital de Escobar\",\"description\":\"La vida escobarense. Directora: Rosana Brunner\",\"publisher\":{\"@id\":\"https:\/\/nuevodigitaldeescobar.com.ar\/#organization\"},\"potentialAction\":[{\"@type\":\"SearchAction\",\"target\":{\"@type\":\"EntryPoint\",\"urlTemplate\":\"https:\/\/nuevodigitaldeescobar.com.ar\/?s={search_term_string}\"},\"query-input\":{\"@type\":\"PropertyValueSpecification\",\"valueRequired\":true,\"valueName\":\"search_term_string\"}}],\"inLanguage\":\"es\"},{\"@type\":\"Organization\",\"@id\":\"https:\/\/nuevodigitaldeescobar.com.ar\/#organization\",\"name\":\"Nuevo Digital de Escobar\",\"url\":\"https:\/\/nuevodigitaldeescobar.com.ar\/\",\"logo\":{\"@type\":\"ImageObject\",\"inLanguage\":\"es\",\"@id\":\"https:\/\/nuevodigitaldeescobar.com.ar\/#\/schema\/logo\/image\/\",\"url\":\"https:\/\/nuevodigitaldeescobar.com.ar\/wp-content\/uploads\/2025\/05\/cropped-logo-nuevo2.jpg\",\"contentUrl\":\"https:\/\/nuevodigitaldeescobar.com.ar\/wp-content\/uploads\/2025\/05\/cropped-logo-nuevo2.jpg\",\"width\":305,\"height\":305,\"caption\":\"Nuevo Digital de Escobar\"},\"image\":{\"@id\":\"https:\/\/nuevodigitaldeescobar.com.ar\/#\/schema\/logo\/image\/\"},\"sameAs\":[\"https:\/\/www.facebook.com\/NUEVODigitalDeEscobar\",\"https:\/\/x.com\/nuevodigescobar\",\"https:\/\/www.instagram.com\/nuevodigitaldeescobar\"]},{\"@type\":\"Person\",\"@id\":\"https:\/\/nuevodigitaldeescobar.com.ar\/#\/schema\/person\/035e90a8efe9a80e6eec22656ad6ea4c\",\"name\":\"Redacci\u00f3n\",\"image\":{\"@type\":\"ImageObject\",\"inLanguage\":\"es\",\"@id\":\"https:\/\/nuevodigitaldeescobar.com.ar\/#\/schema\/person\/image\/\",\"url\":\"https:\/\/secure.gravatar.com\/avatar\/8af8f40000c24e9eef3034f2be5998a372bb1389e64b1a4a36b3a7979142220d?s=96&d=mm&r=g\",\"contentUrl\":\"https:\/\/secure.gravatar.com\/avatar\/8af8f40000c24e9eef3034f2be5998a372bb1389e64b1a4a36b3a7979142220d?s=96&d=mm&r=g\",\"caption\":\"Redacci\u00f3n\"},\"sameAs\":[\"http:\/\/nuevodigitaldeescobar.com.ar\"],\"url\":\"https:\/\/nuevodigitaldeescobar.com.ar\/?author=1\"}]}<\/script>\n<!-- \/ Yoast SEO plugin. -->","yoast_head_json":{"title":"La Justicia pidi\u00f3 nuevamente la detenci\u00f3n del intendente de San Mart\u00edn - Nuevo Digital de Escobar","robots":{"index":"index","follow":"follow","max-snippet":"max-snippet:-1","max-image-preview":"max-image-preview:large","max-video-preview":"max-video-preview:-1"},"canonical":"https:\/\/nuevodigitaldeescobar.com.ar\/?p=5643","og_locale":"es_ES","og_type":"article","og_title":"La Justicia pidi\u00f3 nuevamente la detenci\u00f3n del intendente de San Mart\u00edn - Nuevo Digital de Escobar","og_description":"Despu\u00e9s de allanar la municipalidad, la Justicia avanza en el caso contra Moreira.","og_url":"https:\/\/nuevodigitaldeescobar.com.ar\/?p=5643","og_site_name":"Nuevo Digital de Escobar","article_publisher":"https:\/\/www.facebook.com\/NUEVODigitalDeEscobar","article_published_time":"2024-05-22T10:00:00+00:00","og_image":[{"width":764,"height":574,"url":"https:\/\/nuevodigitaldeescobar.com.ar\/wp-content\/uploads\/2024\/05\/moreira-san-martin-e1716333581784.jpg","type":"image\/jpeg"}],"author":"Redacci\u00f3n","twitter_card":"summary_large_image","twitter_creator":"@nuevodigescobar","twitter_site":"@nuevodigescobar","twitter_misc":{"Escrito por":"Redacci\u00f3n","Tiempo de lectura":"2 minutos"},"schema":{"@context":"https:\/\/schema.org","@graph":[{"@type":"Article","@id":"https:\/\/nuevodigitaldeescobar.com.ar\/?p=5643#article","isPartOf":{"@id":"https:\/\/nuevodigitaldeescobar.com.ar\/?p=5643"},"author":{"name":"Redacci\u00f3n","@id":"https:\/\/nuevodigitaldeescobar.com.ar\/#\/schema\/person\/035e90a8efe9a80e6eec22656ad6ea4c"},"headline":"La Justicia pidi\u00f3 nuevamente la detenci\u00f3n del intendente de San Mart\u00edn","datePublished":"2024-05-22T10:00:00+00:00","mainEntityOfPage":{"@id":"https:\/\/nuevodigitaldeescobar.com.ar\/?p=5643"},"wordCount":395,"commentCount":0,"publisher":{"@id":"https:\/\/nuevodigitaldeescobar.com.ar\/#organization"},"image":{"@id":"https:\/\/nuevodigitaldeescobar.com.ar\/?p=5643#primaryimage"},"thumbnailUrl":"https:\/\/nuevodigitaldeescobar.com.ar\/wp-content\/uploads\/2024\/05\/moreira-san-martin-e1716333581784.jpg","articleSection":["Pol\u00edtica"],"inLanguage":"es","potentialAction":[{"@type":"CommentAction","name":"Comment","target":["https:\/\/nuevodigitaldeescobar.com.ar\/?p=5643#respond"]}]},{"@type":"WebPage","@id":"https:\/\/nuevodigitaldeescobar.com.ar\/?p=5643","url":"https:\/\/nuevodigitaldeescobar.com.ar\/?p=5643","name":"La Justicia pidi\u00f3 nuevamente la detenci\u00f3n del intendente de San Mart\u00edn - Nuevo Digital de Escobar","isPartOf":{"@id":"https:\/\/nuevodigitaldeescobar.com.ar\/#website"},"primaryImageOfPage":{"@id":"https:\/\/nuevodigitaldeescobar.com.ar\/?p=5643#primaryimage"},"image":{"@id":"https:\/\/nuevodigitaldeescobar.com.ar\/?p=5643#primaryimage"},"thumbnailUrl":"https:\/\/nuevodigitaldeescobar.com.ar\/wp-content\/uploads\/2024\/05\/moreira-san-martin-e1716333581784.jpg","datePublished":"2024-05-22T10:00:00+00:00","breadcrumb":{"@id":"https:\/\/nuevodigitaldeescobar.com.ar\/?p=5643#breadcrumb"},"inLanguage":"es","potentialAction":[{"@type":"ReadAction","target":["https:\/\/nuevodigitaldeescobar.com.ar\/?p=5643"]}]},{"@type":"ImageObject","inLanguage":"es","@id":"https:\/\/nuevodigitaldeescobar.com.ar\/?p=5643#primaryimage","url":"https:\/\/nuevodigitaldeescobar.com.ar\/wp-content\/uploads\/2024\/05\/moreira-san-martin-e1716333581784.jpg","contentUrl":"https:\/\/nuevodigitaldeescobar.com.ar\/wp-content\/uploads\/2024\/05\/moreira-san-martin-e1716333581784.jpg","width":764,"height":574},{"@type":"BreadcrumbList","@id":"https:\/\/nuevodigitaldeescobar.com.ar\/?p=5643#breadcrumb","itemListElement":[{"@type":"ListItem","position":1,"name":"Portada","item":"https:\/\/nuevodigitaldeescobar.com.ar\/"},{"@type":"ListItem","position":2,"name":"La Justicia pidi\u00f3 nuevamente la detenci\u00f3n del intendente de San Mart\u00edn"}]},{"@type":"WebSite","@id":"https:\/\/nuevodigitaldeescobar.com.ar\/#website","url":"https:\/\/nuevodigitaldeescobar.com.ar\/","name":"Nuevo Digital de Escobar","description":"La vida escobarense. Directora: Rosana Brunner","publisher":{"@id":"https:\/\/nuevodigitaldeescobar.com.ar\/#organization"},"potentialAction":[{"@type":"SearchAction","target":{"@type":"EntryPoint","urlTemplate":"https:\/\/nuevodigitaldeescobar.com.ar\/?s={search_term_string}"},"query-input":{"@type":"PropertyValueSpecification","valueRequired":true,"valueName":"search_term_string"}}],"inLanguage":"es"},{"@type":"Organization","@id":"https:\/\/nuevodigitaldeescobar.com.ar\/#organization","name":"Nuevo Digital de Escobar","url":"https:\/\/nuevodigitaldeescobar.com.ar\/","logo":{"@type":"ImageObject","inLanguage":"es","@id":"https:\/\/nuevodigitaldeescobar.com.ar\/#\/schema\/logo\/image\/","url":"https:\/\/nuevodigitaldeescobar.com.ar\/wp-content\/uploads\/2025\/05\/cropped-logo-nuevo2.jpg","contentUrl":"https:\/\/nuevodigitaldeescobar.com.ar\/wp-content\/uploads\/2025\/05\/cropped-logo-nuevo2.jpg","width":305,"height":305,"caption":"Nuevo Digital de Escobar"},"image":{"@id":"https:\/\/nuevodigitaldeescobar.com.ar\/#\/schema\/logo\/image\/"},"sameAs":["https:\/\/www.facebook.com\/NUEVODigitalDeEscobar","https:\/\/x.com\/nuevodigescobar","https:\/\/www.instagram.com\/nuevodigitaldeescobar"]},{"@type":"Person","@id":"https:\/\/nuevodigitaldeescobar.com.ar\/#\/schema\/person\/035e90a8efe9a80e6eec22656ad6ea4c","name":"Redacci\u00f3n","image":{"@type":"ImageObject","inLanguage":"es","@id":"https:\/\/nuevodigitaldeescobar.com.ar\/#\/schema\/person\/image\/","url":"https:\/\/secure.gravatar.com\/avatar\/8af8f40000c24e9eef3034f2be5998a372bb1389e64b1a4a36b3a7979142220d?s=96&d=mm&r=g","contentUrl":"https:\/\/secure.gravatar.com\/avatar\/8af8f40000c24e9eef3034f2be5998a372bb1389e64b1a4a36b3a7979142220d?s=96&d=mm&r=g","caption":"Redacci\u00f3n"},"sameAs":["http:\/\/nuevodigitaldeescobar.com.ar"],"url":"https:\/\/nuevodigitaldeescobar.com.ar\/?author=1"}]}},"featured_image_urls":{"full":["https:\/\/nuevodigitaldeescobar.com.ar\/wp-content\/uploads\/2024\/05\/moreira-san-martin-e1716333581784.jpg",764,574,false],"thumbnail":["https:\/\/nuevodigitaldeescobar.com.ar\/wp-content\/uploads\/2024\/05\/moreira-san-martin-e1716333581784-150x150.jpg",150,150,true],"medium":["https:\/\/nuevodigitaldeescobar.com.ar\/wp-content\/uploads\/2024\/05\/moreira-san-martin-e1716333581784-300x225.jpg",300,225,true],"medium_large":["https:\/\/nuevodigitaldeescobar.com.ar\/wp-content\/uploads\/2024\/05\/moreira-san-martin-e1716333581784.jpg",640,481,false],"large":["https:\/\/nuevodigitaldeescobar.com.ar\/wp-content\/uploads\/2024\/05\/moreira-san-martin-e1716333581784.jpg",640,481,false],"1536x1536":["https:\/\/nuevodigitaldeescobar.com.ar\/wp-content\/uploads\/2024\/05\/moreira-san-martin-e1716333581784.jpg",764,574,false],"2048x2048":["https:\/\/nuevodigitaldeescobar.com.ar\/wp-content\/uploads\/2024\/05\/moreira-san-martin-e1716333581784.jpg",764,574,false]},"author_info":{"display_name":"Redacci\u00f3n","author_link":"https:\/\/nuevodigitaldeescobar.com.ar\/?author=1"},"category_info":"<a href=\"https:\/\/nuevodigitaldeescobar.com.ar\/?cat=6\" rel=\"category\">Pol\u00edtica<\/a>","tag_info":"Pol\u00edtica","comment_count":"0","_links":{"self":[{"href":"https:\/\/nuevodigitaldeescobar.com.ar\/index.php?rest_route=\/wp\/v2\/posts\/5643","targetHints":{"allow":["GET"]}}],"collection":[{"href":"https:\/\/nuevodigitaldeescobar.com.ar\/index.php?rest_route=\/wp\/v2\/posts"}],"about":[{"href":"https:\/\/nuevodigitaldeescobar.com.ar\/index.php?rest_route=\/wp\/v2\/types\/post"}],"author":[{"embeddable":true,"href":"https:\/\/nuevodigitaldeescobar.com.ar\/index.php?rest_route=\/wp\/v2\/users\/1"}],"replies":[{"embeddable":true,"href":"https:\/\/nuevodigitaldeescobar.com.ar\/index.php?rest_route=%2Fwp%2Fv2%2Fcomments&post=5643"}],"version-history":[{"count":1,"href":"https:\/\/nuevodigitaldeescobar.com.ar\/index.php?rest_route=\/wp\/v2\/posts\/5643\/revisions"}],"predecessor-version":[{"id":5645,"href":"https:\/\/nuevodigitaldeescobar.com.ar\/index.php?rest_route=\/wp\/v2\/posts\/5643\/revisions\/5645"}],"wp:featuredmedia":[{"embeddable":true,"href":"https:\/\/nuevodigitaldeescobar.com.ar\/index.php?rest_route=\/wp\/v2\/media\/5644"}],"wp:attachment":[{"href":"https:\/\/nuevodigitaldeescobar.com.ar\/index.php?rest_route=%2Fwp%2Fv2%2Fmedia&parent=5643"}],"wp:term":[{"taxonomy":"category","embeddable":true,"href":"https:\/\/nuevodigitaldeescobar.com.ar\/index.php?rest_route=%2Fwp%2Fv2%2Fcategories&post=5643"},{"taxonomy":"post_tag","embeddable":true,"href":"https:\/\/nuevodigitaldeescobar.com.ar\/index.php?rest_route=%2Fwp%2Fv2%2Ftags&post=5643"}],"curies":[{"name":"wp","href":"https:\/\/api.w.org\/{rel}","templated":true}]}}