{"id":5716,"date":"2024-05-26T07:00:00","date_gmt":"2024-05-26T10:00:00","guid":{"rendered":"https:\/\/nuevodigitaldeescobar.com.ar\/?p=5716"},"modified":"2024-05-24T19:53:36","modified_gmt":"2024-05-24T22:53:36","slug":"melanoma-se-diagnostican-mas-de-1-600-casos-cada-ano-en-argentina","status":"publish","type":"post","link":"https:\/\/nuevodigitaldeescobar.com.ar\/?p=5716","title":{"rendered":"Melanoma: se diagnostican m\u00e1s de 1.600 casos cada a\u00f1o en Argentina"},"content":{"rendered":"<p><span style=\"color: #003366;\"><strong><em>Argentina muestra m\u00e1s de 200 casos de c\u00e1ncer cada 100 mil, lo que se considera una incidencia media-alta a nivel mundial.<\/em><\/strong><\/span><\/p>\n<p><!--more--><\/p>\n<hr \/>\n<p>El melanoma es un tipo de c\u00e1ncer detectable a simple vista, menos frecuente que otros tipos, pero m\u00e1s agresivo y que puede invadir otras partes del cuerpo si no hay un diagn\u00f3stico temprano. La Liga Argentina de Lucha contra el C\u00e1ncer (LALCEC) invita a la comunidad a tomar conciencia sobre la importancia de la prevenci\u00f3n, la visita regular al m\u00e9dico y la realizaci\u00f3n de estudios de rutina.<\/p>\n<p>A nivel global, de acuerdo a la Agencia Internacional para Investigaci\u00f3n del C\u00e1ncer (IARC), se diagnosticaron 331.722 nuevos casos en 2022, de los cuales 20.117 correspondieron a Latinoam\u00e9rica y m\u00e1s de 1.600 a la Argentina. El 40% de los casos se diagnostican antes de los 55 a\u00f1os y, de acuerdo a las proyecciones de la Organizaci\u00f3n Mundial de la Salud (OMS), se estima que para 2025 el n\u00famero de fallecimientos por melanoma podr\u00eda aumentar un 20 por ciento.<\/p>\n<p>Seg\u00fan estudios realizados por la Agencia Internacional de Investigaci\u00f3n sobre C\u00e1ncer (IARC) Argentina, el c\u00e1ncer presenta una tasa de incidencia de 212 casos por 100 mil, cifra que la posiciona dentro de los pa\u00edses del mundo con incidencia de c\u00e1ncer media-alta.<\/p>\n<p>El Dr. Carlos Silva, coordinador m\u00e9dico de LALCEC, explic\u00f3 que: <em>\u201cEl melanoma es un tumor maligno. Uno de los tipos de c\u00e1ncer de piel, no el m\u00e1s com\u00fan, pero s\u00ed el m\u00e1s agresivo. Se manifiesta por la aparici\u00f3n de un \u00e1rea pigmentada sobre la piel sana o por la modificaci\u00f3n del color o el tama\u00f1o de un lunar. Se originan a partir de melanocitos, c\u00e9lulas que producen el pigmento (melanina) de la piel, en zonas adyacentes a un lunar o directamente sobre un lunar preexistente. Se encuentra muy relacionado con la exposici\u00f3n solar por el efecto cancer\u00edgeno de la radiaci\u00f3n ultravioleta\u201d<\/em>.<\/p>\n<p><em>\u201cEs necesario prestar mucha atenci\u00f3n a los lunares que tenemos y acudir a un dermat\u00f3logo que pueda controlarlos anualmente haciendo un control de rutina siguiendo la regla ABCDE\u201d<\/em>, prosigui\u00f3 Silva, y agreg\u00f3: <em>\u201cEsta sigla significa Asimetr\u00eda, Bordes, Color, Di\u00e1metro, Evoluci\u00f3n. El diagn\u00f3stico temprano mejora ampliamente el pron\u00f3stico y la sobrevida de los\/as pacientes afectados, ya que la mayor\u00eda de los estad\u00edos iniciales pueden tratarse. El control dermatol\u00f3gico es fundamental. Se debe visitar al dermat\u00f3logo una vez al a\u00f1o preferentemente antes de vacacionar si se va a exponer al sol. Algunas personas con numerosas lesiones pigmentadas benignas (nevus) el dermat\u00f3logo podr\u00e1 realizar otros estudios para registrar las lesiones y vigilar si hay cambios en su aspecto o aparici\u00f3n de nuevas lesiones\u201d<\/em>.<\/p>\n<p>Quienes tienen mayor riesgo de padecer un melanoma son aquellas personas muy blancas de piel, que siempre se enrojecen al sol y nunca se broncean; las personas con gran n\u00famero de lunares; quienes presentan lunares at\u00edpicos; inmunodepresi\u00f3n de distintas causas y familiares directos de personas que han padecido melanoma.<\/p>\n<p>El factor prevenible m\u00e1s importante es la exposici\u00f3n solar repetida. Las personas que m\u00e1s se exponen a los rayos ultravioletas (rayos UV) tienen m\u00e1s probabilidades de padecer c\u00e1ncer de piel.<\/p>\n<p><em>\u201cFrente a esto, los cuidados frente a la exposici\u00f3n solar deben mantenerse durante todo el a\u00f1o. Hablamos de no exponerse al sol entre las 10 y las 16 horas, protegerse en la sombra, cubrirse con ropa, sombreros y anteojos de sol, utilizar colores claros y prendas holgadas, usar protector solar de m\u00e1s de 30 FPS (Factor de Protecci\u00f3n Solar) y proteger, especialmente, a los ni\u00f1os del sol. Los beb\u00e9s menores de 1 a\u00f1o deben evitar completamente la exposici\u00f3n\u201d<\/em>, agreg\u00f3 Silva.<\/p>\n<p>En este sentido, LALCEC junto con Bristol Myers Squibb presentan #MelaNOm\u00e1s, una campa\u00f1a de concientizaci\u00f3n sobre prevenci\u00f3n y diagn\u00f3stico oportuno del c\u00e1ncer de piel y el melanoma. Esta campa\u00f1a propone un mensaje directo que apela a la acci\u00f3n, con el objetivo de concientizar sobre la importancia de cuidar la piel y controlar los lunares de forma anual para fomentar la prevenci\u00f3n y la detecci\u00f3n temprana de este tipo de c\u00e1ncer. Bajo el lema <em>\u201cUna mirada atenta tiene el poder de cambiarlo todo\u201d<\/em>, se convoc\u00f3 a tatuadores para que se sumen a la iniciativa brind\u00e1ndole herramientas para que aprendan a observar los lunares, a fin de identificar se\u00f1ales habituales de melanoma y, a la vez, promover la visita anual al dermat\u00f3logo.<\/p>\n<p>#MelaNOm\u00e1s pone \u00e9nfasis en generar conciencia acerca de las medidas de prevenci\u00f3n sugeridas a tener en cuenta al realizarse un tatuaje:<\/p>\n<ul>\n<li>Recurrir a estudios establecidos y con tatuadores profesionales que usen productos y tintas seguras.<\/li>\n<li>Revisar manchas, lunares o cicatrices al elegir la zona a tatuar. Es recomendable agendar una visita al dermat\u00f3logo antes de tatuarse, para hacer un chequeo de lunares.<\/li>\n<li>Evitar tatuarse cerca o por encima de un lunar, mancha o cicatriz, porque la tinta puede esconder alg\u00fan cambio en su forma, simetr\u00eda, color, tama\u00f1o y textura. Esto puede retrasar la detecci\u00f3n del melanoma.<\/li>\n<li>Si ya se tiene alg\u00fan tatuaje sobre esas zonas, es importante vigilarlas regularmente y, en caso de presentar cualquier anomal\u00eda, visitar al m\u00e9dico dermat\u00f3logo.<\/li>\n<\/ul>\n<p>La campa\u00f1a brinda herramientas e informaci\u00f3n para quienes tienen tatuajes o est\u00e1n pensando en hac\u00e9rselos, a trav\u00e9s de su sitio web: <a href=\"http:\/\/www.vivirconcancer.net\/melanomas\">www.vivirconcancer.net\/melanomas<\/a>.<\/p>\n<p><em>(NA)<\/em><\/p>\n","protected":false},"excerpt":{"rendered":"<p>Argentina muestra m\u00e1s de 200 casos de c\u00e1ncer cada 100 mil, lo que se considera una incidencia media-alta a nivel mundial.<\/p>\n","protected":false},"author":1,"featured_media":5717,"comment_status":"open","ping_status":"closed","sticky":false,"template":"","format":"standard","meta":{"footnotes":""},"categories":[3],"tags":[],"class_list":["post-5716","post","type-post","status-publish","format-standard","has-post-thumbnail","hentry","category-nutricion"],"better_featured_image":{"id":5717,"alt_text":"","caption":"","description":"","media_type":"image","media_details":{"width":720,"height":405,"file":"2024\/05\/melanoma-e1716591206636.jpg","filesize":108487,"sizes":{"medium":{"file":"melanoma-300x169.jpg","width":300,"height":169,"mime-type":"image\/jpeg","filesize":7748,"source_url":"https:\/\/nuevodigitaldeescobar.com.ar\/wp-content\/uploads\/2024\/05\/melanoma-300x169.jpg"},"large":{"file":"melanoma-1024x576.jpg","width":1024,"height":576,"mime-type":"image\/jpeg","filesize":55119,"source_url":"https:\/\/nuevodigitaldeescobar.com.ar\/wp-content\/uploads\/2024\/05\/melanoma-1024x576.jpg"},"thumbnail":{"file":"melanoma-150x150.jpg","width":150,"height":150,"mime-type":"image\/jpeg","filesize":4168,"source_url":"https:\/\/nuevodigitaldeescobar.com.ar\/wp-content\/uploads\/2024\/05\/melanoma-150x150.jpg"},"medium_large":{"file":"melanoma-768x432.jpg","width":768,"height":432,"mime-type":"image\/jpeg","filesize":34617,"source_url":"https:\/\/nuevodigitaldeescobar.com.ar\/wp-content\/uploads\/2024\/05\/melanoma-768x432.jpg"}},"image_meta":{"aperture":"0","credit":"","camera":"","caption":"","created_timestamp":"0","copyright":"","focal_length":"0","iso":"0","shutter_speed":"0","title":"","orientation":"0","keywords":[]}},"post":5716,"source_url":"https:\/\/nuevodigitaldeescobar.com.ar\/wp-content\/uploads\/2024\/05\/melanoma-e1716591206636.jpg"},"yoast_head":"<!-- This site is optimized with the Yoast SEO plugin v26.1.1 - https:\/\/yoast.com\/wordpress\/plugins\/seo\/ -->\n<title>Melanoma: se diagnostican m\u00e1s de 1.600 casos cada a\u00f1o en Argentina - Nuevo Digital de Escobar<\/title>\n<meta name=\"robots\" content=\"index, follow, max-snippet:-1, max-image-preview:large, max-video-preview:-1\" \/>\n<link rel=\"canonical\" href=\"https:\/\/nuevodigitaldeescobar.com.ar\/?p=5716\" \/>\n<meta property=\"og:locale\" content=\"es_ES\" \/>\n<meta property=\"og:type\" content=\"article\" \/>\n<meta property=\"og:title\" content=\"Melanoma: se diagnostican m\u00e1s de 1.600 casos cada a\u00f1o en Argentina - Nuevo Digital de Escobar\" \/>\n<meta property=\"og:description\" content=\"Argentina muestra m\u00e1s de 200 casos de c\u00e1ncer cada 100 mil, lo que se considera una incidencia media-alta a nivel mundial.\" \/>\n<meta property=\"og:url\" content=\"https:\/\/nuevodigitaldeescobar.com.ar\/?p=5716\" \/>\n<meta property=\"og:site_name\" content=\"Nuevo Digital de Escobar\" \/>\n<meta property=\"article:publisher\" content=\"https:\/\/www.facebook.com\/NUEVODigitalDeEscobar\" \/>\n<meta property=\"article:published_time\" content=\"2024-05-26T10:00:00+00:00\" \/>\n<meta property=\"og:image\" content=\"https:\/\/nuevodigitaldeescobar.com.ar\/wp-content\/uploads\/2024\/05\/melanoma-e1716591206636.jpg\" \/>\n\t<meta property=\"og:image:width\" content=\"720\" \/>\n\t<meta property=\"og:image:height\" content=\"405\" \/>\n\t<meta property=\"og:image:type\" content=\"image\/jpeg\" \/>\n<meta name=\"author\" content=\"Redacci\u00f3n\" \/>\n<meta name=\"twitter:card\" content=\"summary_large_image\" \/>\n<meta name=\"twitter:creator\" content=\"@nuevodigescobar\" \/>\n<meta name=\"twitter:site\" content=\"@nuevodigescobar\" \/>\n<meta name=\"twitter:label1\" content=\"Escrito por\" \/>\n\t<meta name=\"twitter:data1\" content=\"Redacci\u00f3n\" \/>\n\t<meta name=\"twitter:label2\" content=\"Tiempo de lectura\" \/>\n\t<meta name=\"twitter:data2\" content=\"5 minutos\" \/>\n<script type=\"application\/ld+json\" class=\"yoast-schema-graph\">{\"@context\":\"https:\/\/schema.org\",\"@graph\":[{\"@type\":\"Article\",\"@id\":\"https:\/\/nuevodigitaldeescobar.com.ar\/?p=5716#article\",\"isPartOf\":{\"@id\":\"https:\/\/nuevodigitaldeescobar.com.ar\/?p=5716\"},\"author\":{\"name\":\"Redacci\u00f3n\",\"@id\":\"https:\/\/nuevodigitaldeescobar.com.ar\/#\/schema\/person\/035e90a8efe9a80e6eec22656ad6ea4c\"},\"headline\":\"Melanoma: se diagnostican m\u00e1s de 1.600 casos cada a\u00f1o en Argentina\",\"datePublished\":\"2024-05-26T10:00:00+00:00\",\"mainEntityOfPage\":{\"@id\":\"https:\/\/nuevodigitaldeescobar.com.ar\/?p=5716\"},\"wordCount\":945,\"commentCount\":0,\"publisher\":{\"@id\":\"https:\/\/nuevodigitaldeescobar.com.ar\/#organization\"},\"image\":{\"@id\":\"https:\/\/nuevodigitaldeescobar.com.ar\/?p=5716#primaryimage\"},\"thumbnailUrl\":\"https:\/\/nuevodigitaldeescobar.com.ar\/wp-content\/uploads\/2024\/05\/melanoma-e1716591206636.jpg\",\"articleSection\":[\"Salud y Nutrici\u00f3n\"],\"inLanguage\":\"es\",\"potentialAction\":[{\"@type\":\"CommentAction\",\"name\":\"Comment\",\"target\":[\"https:\/\/nuevodigitaldeescobar.com.ar\/?p=5716#respond\"]}]},{\"@type\":\"WebPage\",\"@id\":\"https:\/\/nuevodigitaldeescobar.com.ar\/?p=5716\",\"url\":\"https:\/\/nuevodigitaldeescobar.com.ar\/?p=5716\",\"name\":\"Melanoma: se diagnostican m\u00e1s de 1.600 casos cada a\u00f1o en Argentina - Nuevo Digital de Escobar\",\"isPartOf\":{\"@id\":\"https:\/\/nuevodigitaldeescobar.com.ar\/#website\"},\"primaryImageOfPage\":{\"@id\":\"https:\/\/nuevodigitaldeescobar.com.ar\/?p=5716#primaryimage\"},\"image\":{\"@id\":\"https:\/\/nuevodigitaldeescobar.com.ar\/?p=5716#primaryimage\"},\"thumbnailUrl\":\"https:\/\/nuevodigitaldeescobar.com.ar\/wp-content\/uploads\/2024\/05\/melanoma-e1716591206636.jpg\",\"datePublished\":\"2024-05-26T10:00:00+00:00\",\"breadcrumb\":{\"@id\":\"https:\/\/nuevodigitaldeescobar.com.ar\/?p=5716#breadcrumb\"},\"inLanguage\":\"es\",\"potentialAction\":[{\"@type\":\"ReadAction\",\"target\":[\"https:\/\/nuevodigitaldeescobar.com.ar\/?p=5716\"]}]},{\"@type\":\"ImageObject\",\"inLanguage\":\"es\",\"@id\":\"https:\/\/nuevodigitaldeescobar.com.ar\/?p=5716#primaryimage\",\"url\":\"https:\/\/nuevodigitaldeescobar.com.ar\/wp-content\/uploads\/2024\/05\/melanoma-e1716591206636.jpg\",\"contentUrl\":\"https:\/\/nuevodigitaldeescobar.com.ar\/wp-content\/uploads\/2024\/05\/melanoma-e1716591206636.jpg\",\"width\":720,\"height\":405},{\"@type\":\"BreadcrumbList\",\"@id\":\"https:\/\/nuevodigitaldeescobar.com.ar\/?p=5716#breadcrumb\",\"itemListElement\":[{\"@type\":\"ListItem\",\"position\":1,\"name\":\"Portada\",\"item\":\"https:\/\/nuevodigitaldeescobar.com.ar\/\"},{\"@type\":\"ListItem\",\"position\":2,\"name\":\"Melanoma: se diagnostican m\u00e1s de 1.600 casos cada a\u00f1o en Argentina\"}]},{\"@type\":\"WebSite\",\"@id\":\"https:\/\/nuevodigitaldeescobar.com.ar\/#website\",\"url\":\"https:\/\/nuevodigitaldeescobar.com.ar\/\",\"name\":\"Nuevo Digital de Escobar\",\"description\":\"La vida escobarense. Directora: Rosana Brunner\",\"publisher\":{\"@id\":\"https:\/\/nuevodigitaldeescobar.com.ar\/#organization\"},\"potentialAction\":[{\"@type\":\"SearchAction\",\"target\":{\"@type\":\"EntryPoint\",\"urlTemplate\":\"https:\/\/nuevodigitaldeescobar.com.ar\/?s={search_term_string}\"},\"query-input\":{\"@type\":\"PropertyValueSpecification\",\"valueRequired\":true,\"valueName\":\"search_term_string\"}}],\"inLanguage\":\"es\"},{\"@type\":\"Organization\",\"@id\":\"https:\/\/nuevodigitaldeescobar.com.ar\/#organization\",\"name\":\"Nuevo Digital de Escobar\",\"url\":\"https:\/\/nuevodigitaldeescobar.com.ar\/\",\"logo\":{\"@type\":\"ImageObject\",\"inLanguage\":\"es\",\"@id\":\"https:\/\/nuevodigitaldeescobar.com.ar\/#\/schema\/logo\/image\/\",\"url\":\"https:\/\/nuevodigitaldeescobar.com.ar\/wp-content\/uploads\/2025\/05\/cropped-logo-nuevo2.jpg\",\"contentUrl\":\"https:\/\/nuevodigitaldeescobar.com.ar\/wp-content\/uploads\/2025\/05\/cropped-logo-nuevo2.jpg\",\"width\":305,\"height\":305,\"caption\":\"Nuevo Digital de Escobar\"},\"image\":{\"@id\":\"https:\/\/nuevodigitaldeescobar.com.ar\/#\/schema\/logo\/image\/\"},\"sameAs\":[\"https:\/\/www.facebook.com\/NUEVODigitalDeEscobar\",\"https:\/\/x.com\/nuevodigescobar\",\"https:\/\/www.instagram.com\/nuevodigitaldeescobar\"]},{\"@type\":\"Person\",\"@id\":\"https:\/\/nuevodigitaldeescobar.com.ar\/#\/schema\/person\/035e90a8efe9a80e6eec22656ad6ea4c\",\"name\":\"Redacci\u00f3n\",\"image\":{\"@type\":\"ImageObject\",\"inLanguage\":\"es\",\"@id\":\"https:\/\/nuevodigitaldeescobar.com.ar\/#\/schema\/person\/image\/\",\"url\":\"https:\/\/secure.gravatar.com\/avatar\/8af8f40000c24e9eef3034f2be5998a372bb1389e64b1a4a36b3a7979142220d?s=96&d=mm&r=g\",\"contentUrl\":\"https:\/\/secure.gravatar.com\/avatar\/8af8f40000c24e9eef3034f2be5998a372bb1389e64b1a4a36b3a7979142220d?s=96&d=mm&r=g\",\"caption\":\"Redacci\u00f3n\"},\"sameAs\":[\"http:\/\/nuevodigitaldeescobar.com.ar\"],\"url\":\"https:\/\/nuevodigitaldeescobar.com.ar\/?author=1\"}]}<\/script>\n<!-- \/ Yoast SEO plugin. -->","yoast_head_json":{"title":"Melanoma: se diagnostican m\u00e1s de 1.600 casos cada a\u00f1o en Argentina - Nuevo Digital de Escobar","robots":{"index":"index","follow":"follow","max-snippet":"max-snippet:-1","max-image-preview":"max-image-preview:large","max-video-preview":"max-video-preview:-1"},"canonical":"https:\/\/nuevodigitaldeescobar.com.ar\/?p=5716","og_locale":"es_ES","og_type":"article","og_title":"Melanoma: se diagnostican m\u00e1s de 1.600 casos cada a\u00f1o en Argentina - Nuevo Digital de Escobar","og_description":"Argentina muestra m\u00e1s de 200 casos de c\u00e1ncer cada 100 mil, lo que se considera una incidencia media-alta a nivel mundial.","og_url":"https:\/\/nuevodigitaldeescobar.com.ar\/?p=5716","og_site_name":"Nuevo Digital de Escobar","article_publisher":"https:\/\/www.facebook.com\/NUEVODigitalDeEscobar","article_published_time":"2024-05-26T10:00:00+00:00","og_image":[{"width":720,"height":405,"url":"https:\/\/nuevodigitaldeescobar.com.ar\/wp-content\/uploads\/2024\/05\/melanoma-e1716591206636.jpg","type":"image\/jpeg"}],"author":"Redacci\u00f3n","twitter_card":"summary_large_image","twitter_creator":"@nuevodigescobar","twitter_site":"@nuevodigescobar","twitter_misc":{"Escrito por":"Redacci\u00f3n","Tiempo de lectura":"5 minutos"},"schema":{"@context":"https:\/\/schema.org","@graph":[{"@type":"Article","@id":"https:\/\/nuevodigitaldeescobar.com.ar\/?p=5716#article","isPartOf":{"@id":"https:\/\/nuevodigitaldeescobar.com.ar\/?p=5716"},"author":{"name":"Redacci\u00f3n","@id":"https:\/\/nuevodigitaldeescobar.com.ar\/#\/schema\/person\/035e90a8efe9a80e6eec22656ad6ea4c"},"headline":"Melanoma: se diagnostican m\u00e1s de 1.600 casos cada a\u00f1o en Argentina","datePublished":"2024-05-26T10:00:00+00:00","mainEntityOfPage":{"@id":"https:\/\/nuevodigitaldeescobar.com.ar\/?p=5716"},"wordCount":945,"commentCount":0,"publisher":{"@id":"https:\/\/nuevodigitaldeescobar.com.ar\/#organization"},"image":{"@id":"https:\/\/nuevodigitaldeescobar.com.ar\/?p=5716#primaryimage"},"thumbnailUrl":"https:\/\/nuevodigitaldeescobar.com.ar\/wp-content\/uploads\/2024\/05\/melanoma-e1716591206636.jpg","articleSection":["Salud y Nutrici\u00f3n"],"inLanguage":"es","potentialAction":[{"@type":"CommentAction","name":"Comment","target":["https:\/\/nuevodigitaldeescobar.com.ar\/?p=5716#respond"]}]},{"@type":"WebPage","@id":"https:\/\/nuevodigitaldeescobar.com.ar\/?p=5716","url":"https:\/\/nuevodigitaldeescobar.com.ar\/?p=5716","name":"Melanoma: se diagnostican m\u00e1s de 1.600 casos cada a\u00f1o en Argentina - Nuevo Digital de Escobar","isPartOf":{"@id":"https:\/\/nuevodigitaldeescobar.com.ar\/#website"},"primaryImageOfPage":{"@id":"https:\/\/nuevodigitaldeescobar.com.ar\/?p=5716#primaryimage"},"image":{"@id":"https:\/\/nuevodigitaldeescobar.com.ar\/?p=5716#primaryimage"},"thumbnailUrl":"https:\/\/nuevodigitaldeescobar.com.ar\/wp-content\/uploads\/2024\/05\/melanoma-e1716591206636.jpg","datePublished":"2024-05-26T10:00:00+00:00","breadcrumb":{"@id":"https:\/\/nuevodigitaldeescobar.com.ar\/?p=5716#breadcrumb"},"inLanguage":"es","potentialAction":[{"@type":"ReadAction","target":["https:\/\/nuevodigitaldeescobar.com.ar\/?p=5716"]}]},{"@type":"ImageObject","inLanguage":"es","@id":"https:\/\/nuevodigitaldeescobar.com.ar\/?p=5716#primaryimage","url":"https:\/\/nuevodigitaldeescobar.com.ar\/wp-content\/uploads\/2024\/05\/melanoma-e1716591206636.jpg","contentUrl":"https:\/\/nuevodigitaldeescobar.com.ar\/wp-content\/uploads\/2024\/05\/melanoma-e1716591206636.jpg","width":720,"height":405},{"@type":"BreadcrumbList","@id":"https:\/\/nuevodigitaldeescobar.com.ar\/?p=5716#breadcrumb","itemListElement":[{"@type":"ListItem","position":1,"name":"Portada","item":"https:\/\/nuevodigitaldeescobar.com.ar\/"},{"@type":"ListItem","position":2,"name":"Melanoma: se diagnostican m\u00e1s de 1.600 casos cada a\u00f1o en Argentina"}]},{"@type":"WebSite","@id":"https:\/\/nuevodigitaldeescobar.com.ar\/#website","url":"https:\/\/nuevodigitaldeescobar.com.ar\/","name":"Nuevo Digital de Escobar","description":"La vida escobarense. Directora: Rosana Brunner","publisher":{"@id":"https:\/\/nuevodigitaldeescobar.com.ar\/#organization"},"potentialAction":[{"@type":"SearchAction","target":{"@type":"EntryPoint","urlTemplate":"https:\/\/nuevodigitaldeescobar.com.ar\/?s={search_term_string}"},"query-input":{"@type":"PropertyValueSpecification","valueRequired":true,"valueName":"search_term_string"}}],"inLanguage":"es"},{"@type":"Organization","@id":"https:\/\/nuevodigitaldeescobar.com.ar\/#organization","name":"Nuevo Digital de Escobar","url":"https:\/\/nuevodigitaldeescobar.com.ar\/","logo":{"@type":"ImageObject","inLanguage":"es","@id":"https:\/\/nuevodigitaldeescobar.com.ar\/#\/schema\/logo\/image\/","url":"https:\/\/nuevodigitaldeescobar.com.ar\/wp-content\/uploads\/2025\/05\/cropped-logo-nuevo2.jpg","contentUrl":"https:\/\/nuevodigitaldeescobar.com.ar\/wp-content\/uploads\/2025\/05\/cropped-logo-nuevo2.jpg","width":305,"height":305,"caption":"Nuevo Digital de Escobar"},"image":{"@id":"https:\/\/nuevodigitaldeescobar.com.ar\/#\/schema\/logo\/image\/"},"sameAs":["https:\/\/www.facebook.com\/NUEVODigitalDeEscobar","https:\/\/x.com\/nuevodigescobar","https:\/\/www.instagram.com\/nuevodigitaldeescobar"]},{"@type":"Person","@id":"https:\/\/nuevodigitaldeescobar.com.ar\/#\/schema\/person\/035e90a8efe9a80e6eec22656ad6ea4c","name":"Redacci\u00f3n","image":{"@type":"ImageObject","inLanguage":"es","@id":"https:\/\/nuevodigitaldeescobar.com.ar\/#\/schema\/person\/image\/","url":"https:\/\/secure.gravatar.com\/avatar\/8af8f40000c24e9eef3034f2be5998a372bb1389e64b1a4a36b3a7979142220d?s=96&d=mm&r=g","contentUrl":"https:\/\/secure.gravatar.com\/avatar\/8af8f40000c24e9eef3034f2be5998a372bb1389e64b1a4a36b3a7979142220d?s=96&d=mm&r=g","caption":"Redacci\u00f3n"},"sameAs":["http:\/\/nuevodigitaldeescobar.com.ar"],"url":"https:\/\/nuevodigitaldeescobar.com.ar\/?author=1"}]}},"featured_image_urls":{"full":["https:\/\/nuevodigitaldeescobar.com.ar\/wp-content\/uploads\/2024\/05\/melanoma-e1716591206636.jpg",720,405,false],"thumbnail":["https:\/\/nuevodigitaldeescobar.com.ar\/wp-content\/uploads\/2024\/05\/melanoma-150x150.jpg",150,150,true],"medium":["https:\/\/nuevodigitaldeescobar.com.ar\/wp-content\/uploads\/2024\/05\/melanoma-300x169.jpg",300,169,true],"medium_large":["https:\/\/nuevodigitaldeescobar.com.ar\/wp-content\/uploads\/2024\/05\/melanoma-768x432.jpg",640,360,true],"large":["https:\/\/nuevodigitaldeescobar.com.ar\/wp-content\/uploads\/2024\/05\/melanoma-1024x576.jpg",640,360,true],"1536x1536":["https:\/\/nuevodigitaldeescobar.com.ar\/wp-content\/uploads\/2024\/05\/melanoma-e1716591206636.jpg",720,405,false],"2048x2048":["https:\/\/nuevodigitaldeescobar.com.ar\/wp-content\/uploads\/2024\/05\/melanoma-e1716591206636.jpg",720,405,false]},"author_info":{"display_name":"Redacci\u00f3n","author_link":"https:\/\/nuevodigitaldeescobar.com.ar\/?author=1"},"category_info":"<a href=\"https:\/\/nuevodigitaldeescobar.com.ar\/?cat=3\" rel=\"category\">Salud y Nutrici\u00f3n<\/a>","tag_info":"Salud y Nutrici\u00f3n","comment_count":"0","_links":{"self":[{"href":"https:\/\/nuevodigitaldeescobar.com.ar\/index.php?rest_route=\/wp\/v2\/posts\/5716","targetHints":{"allow":["GET"]}}],"collection":[{"href":"https:\/\/nuevodigitaldeescobar.com.ar\/index.php?rest_route=\/wp\/v2\/posts"}],"about":[{"href":"https:\/\/nuevodigitaldeescobar.com.ar\/index.php?rest_route=\/wp\/v2\/types\/post"}],"author":[{"embeddable":true,"href":"https:\/\/nuevodigitaldeescobar.com.ar\/index.php?rest_route=\/wp\/v2\/users\/1"}],"replies":[{"embeddable":true,"href":"https:\/\/nuevodigitaldeescobar.com.ar\/index.php?rest_route=%2Fwp%2Fv2%2Fcomments&post=5716"}],"version-history":[{"count":1,"href":"https:\/\/nuevodigitaldeescobar.com.ar\/index.php?rest_route=\/wp\/v2\/posts\/5716\/revisions"}],"predecessor-version":[{"id":5718,"href":"https:\/\/nuevodigitaldeescobar.com.ar\/index.php?rest_route=\/wp\/v2\/posts\/5716\/revisions\/5718"}],"wp:featuredmedia":[{"embeddable":true,"href":"https:\/\/nuevodigitaldeescobar.com.ar\/index.php?rest_route=\/wp\/v2\/media\/5717"}],"wp:attachment":[{"href":"https:\/\/nuevodigitaldeescobar.com.ar\/index.php?rest_route=%2Fwp%2Fv2%2Fmedia&parent=5716"}],"wp:term":[{"taxonomy":"category","embeddable":true,"href":"https:\/\/nuevodigitaldeescobar.com.ar\/index.php?rest_route=%2Fwp%2Fv2%2Fcategories&post=5716"},{"taxonomy":"post_tag","embeddable":true,"href":"https:\/\/nuevodigitaldeescobar.com.ar\/index.php?rest_route=%2Fwp%2Fv2%2Ftags&post=5716"}],"curies":[{"name":"wp","href":"https:\/\/api.w.org\/{rel}","templated":true}]}}