{"id":578,"date":"2023-10-31T18:54:15","date_gmt":"2023-10-31T21:54:15","guid":{"rendered":"https:\/\/nuevodigitaldeescobar.com.ar\/?p=578"},"modified":"2023-10-31T18:54:27","modified_gmt":"2023-10-31T21:54:27","slug":"caso-cecilia-strzyzowski-cesar-sena-y-otros-cuatro-acusados-seguiran-detenidos","status":"publish","type":"post","link":"https:\/\/nuevodigitaldeescobar.com.ar\/?p=578","title":{"rendered":"Caso Cecilia Strzyzowski: C\u00e9sar Sena y otros cuatro acusados seguir\u00e1n detenidos"},"content":{"rendered":"<p><span style=\"color: #ff6600;\"><strong><em>El Superior Tribunal de Justicia (STJ) de Chaco confirm\u00f3 las prisiones preventivas para el principal sospechoso del femicidio, y tambi\u00e9n para Fabiana Gonz\u00e1lez, Jos\u00e9 Gustavo Obreg\u00f3n, Griselda Reinoso y Gustavo Melgarejo.<\/em><\/strong><\/span><\/p>\n<p><!--more--><\/p>\n<p>Las prisiones preventivas dictadas por el Equipo Fiscal Especial (EFE) conformado para intervenir en el caso y ratificadas por la C\u00e1mara de Apelaciones Criminal y Correccional, quedaron confirmadas ahora por la Sala Segunda del STJ, que rechaz\u00f3 las apelaciones presentadas por las defesas de C\u00e9sar Sena, Fabiana Gonz\u00e1lez, Jos\u00e9 Gustavo Obreg\u00f3n, Griselda Reinoso y Gustavo Melgarejo.<\/p>\n<p>Al momento de rechazar los recursos, los magistrados consideraron que existen en esta instancia procesal elementos para considerar que el menor del clan Sena fue coautor del femicidio de su esposa -junto a sus padres, Marcela Acu\u00f1a y Emerenciano Sena-, mientras que los tres restantes actuaron como encubridores.<\/p>\n<p>Los integrantes del STJ avalaron adem\u00e1s la decisi\u00f3n de que todos ellos permanezcan en prisi\u00f3n, al creer que existe riesgo de fuga y de entorpecimiento de la investigaci\u00f3n.<\/p>\n<p><em>\u00abDentro de este contexto, no se aprecia que el decisorio atacado y en el estadio procesal en que se dicta, haya aplicado o interpretado incorrectamente la ley procesal ni que pueda ser catalogado de arbitrario, puesto que expone adecuadamente los fundamentos en que se basa y los mismos no aparecen como desprovistos de contenido, no habi\u00e9ndose demostrado la inexactitud de sus argumentos, por lo cual el recurso articulado debe ser considerado como una mera discrepancia de las y los recurrentes con lo resuelto, la cual carece de aptitud para provocar su nulificaci\u00f3n\u00bb<\/em>, escribieron los jueces al rechazar los recursos de las defensas.<\/p>\n<p>Acu\u00f1a y su marido, Emerenciano Sena, fueron procesados con prisi\u00f3n preventiva el 4 de agosto \u00faltimo por el juez de Garant\u00edas H\u00e9ctor Sandoval, mientras que el 22 de agosto, la C\u00e1mara de Apelaciones en lo Criminal y Correccional de Chaco confirm\u00f3 la prisi\u00f3n preventiva para Sena hijo, todos acusados por el femicidio de Cecilia.<\/p>\n<p>La semana pasada, en un nuevo rastrillaje dispuesto por el EFE en un campo de la familia Sena en la localidad de Puerto Tirol, se hallaron posibles restos \u00f3seos para ser analizados.<\/p>\n<p>Se trata de trece trozos que podr\u00edan tratarse de huesos y que estaban en la superficie de la zona conocida como <em>\u00abquemaz\u00f3n\u00bb<\/em>. Adem\u00e1s, en el lugar encontraron cuatro elementos met\u00e1licos similares a <em>\u00abtachuelas\u00bb<\/em>, tres de tama\u00f1o peque\u00f1o y uno m\u00e1s grande.<\/p>\n<p>Todo lo secuestrado fue colocado en dos sobres y remitidos al Instituto de Ciencias y Medicina Forense (IMCiF) de Resistencia para que sean peritados. A\u00fan la fiscal\u00eda aguarda una serie de informes y en las pr\u00f3ximas semanas la causa por el femicidio de Cecilia podr\u00eda ser elevada a juicio.<\/p>\n<p>La semana pasada, el Equipo Argentino de Antropolog\u00eda Forense (EAAF) les respondi\u00f3 a los investigadores que es <em>\u00abaltamente improbable la recuperaci\u00f3n de informaci\u00f3n gen\u00e9tica\u00bb<\/em> de los restos \u00f3seos hallados meses atr\u00e1s en el r\u00edo Tragadero, luego de que se evalu\u00f3 la posibilidad de que sean enviados al exterior para que sean peritados.<\/p>\n<p>La mujer fue vista por \u00faltima vez a las 9:16 del 2 de junio \u00faltimo, cuando una c\u00e1mara de seguridad registr\u00f3 su ingreso, en compa\u00f1\u00eda de su marido, a la casa de sus suegros, en la calle Santa Mar\u00eda de Oro 1460, de Resistencia.<\/p>\n<figure id=\"attachment_579\" aria-describedby=\"caption-attachment-579\" style=\"width: 745px\" class=\"wp-caption alignnone\"><img fetchpriority=\"high\" decoding=\"async\" class=\"wp-image-579 size-full\" src=\"http:\/\/nuevodigitaldeescobar.com.ar\/wp-content\/uploads\/2023\/10\/cecilia-chaco.jpg\" alt=\"\" width=\"745\" height=\"355\" srcset=\"https:\/\/nuevodigitaldeescobar.com.ar\/wp-content\/uploads\/2023\/10\/cecilia-chaco.jpg 745w, https:\/\/nuevodigitaldeescobar.com.ar\/wp-content\/uploads\/2023\/10\/cecilia-chaco-300x143.jpg 300w\" sizes=\"(max-width: 745px) 100vw, 745px\" \/><figcaption id=\"caption-attachment-579\" class=\"wp-caption-text\">Cecilia fue vista por \u00faltima vez el pasado 2 de junio.<\/figcaption><\/figure>\n<p>Seg\u00fan la acusaci\u00f3n de los fiscales, la joven fue asesinada entre las 12:13 y las 13:01 de ese d\u00eda en una de las habitaciones de la casa, aparentemente por estrangulamiento, en momentos en que se hallaba junto a C\u00e9sar, Emerenciano y Acu\u00f1a.<\/p>\n<p>De acuerdo con la causa, su cuerpo habr\u00eda sido trasladado por Obreg\u00f3n -colaborador de la familia Sena- y C\u00e9sar Sena, envuelto en una frazada a bordo de una camioneta Toyota Hilux hasta la chancher\u00eda propiedad de los principales imputados, donde habr\u00eda sido calcinado.<\/p>\n<p>Luego, sus restos habr\u00edan sido esparcidos en distintos sectores, entre ellos junto a una de las m\u00e1rgenes del R\u00edo Tragadero, que linda con la chancher\u00eda.<\/p>\n<p><em>(Cr\u00f3nica)<\/em><\/p>\n","protected":false},"excerpt":{"rendered":"<p>El Superior Tribunal de Justicia (STJ) de Chaco confirm\u00f3 las prisiones preventivas para el principal sospechoso del femicidio, y tambi\u00e9n para Fabiana Gonz\u00e1lez, Jos\u00e9 Gustavo [&hellip;]<\/p>\n","protected":false},"author":1,"featured_media":581,"comment_status":"open","ping_status":"closed","sticky":false,"template":"","format":"standard","meta":{"footnotes":""},"categories":[13],"tags":[],"class_list":["post-578","post","type-post","status-publish","format-standard","has-post-thumbnail","hentry","category-policiales"],"better_featured_image":{"id":581,"alt_text":"","caption":"","description":"","media_type":"image","media_details":{"width":720,"height":406,"file":"2023\/10\/clan-sena.jpg","filesize":38801,"sizes":{"medium":{"file":"clan-sena-300x169.jpg","width":300,"height":169,"mime-type":"image\/jpeg","filesize":14301,"source_url":"https:\/\/nuevodigitaldeescobar.com.ar\/wp-content\/uploads\/2023\/10\/clan-sena-300x169.jpg"},"thumbnail":{"file":"clan-sena-150x150.jpg","width":150,"height":150,"mime-type":"image\/jpeg","filesize":8459,"source_url":"https:\/\/nuevodigitaldeescobar.com.ar\/wp-content\/uploads\/2023\/10\/clan-sena-150x150.jpg"},"covernews-medium":{"file":"clan-sena-540x340.jpg","width":540,"height":340,"mime-type":"image\/jpeg","filesize":29704,"source_url":"https:\/\/nuevodigitaldeescobar.com.ar\/wp-content\/uploads\/2023\/10\/clan-sena-540x340.jpg"},"covernews-medium-square":{"file":"clan-sena-400x250.jpg","width":400,"height":250,"mime-type":"image\/jpeg","filesize":20765,"source_url":"https:\/\/nuevodigitaldeescobar.com.ar\/wp-content\/uploads\/2023\/10\/clan-sena-400x250.jpg"}},"image_meta":{"aperture":"0","credit":"","camera":"","caption":"","created_timestamp":"0","copyright":"","focal_length":"0","iso":"0","shutter_speed":"0","title":"","orientation":"0","keywords":[]}},"post":578,"source_url":"https:\/\/nuevodigitaldeescobar.com.ar\/wp-content\/uploads\/2023\/10\/clan-sena.jpg"},"yoast_head":"<!-- This site is optimized with the Yoast SEO plugin v26.1.1 - https:\/\/yoast.com\/wordpress\/plugins\/seo\/ -->\n<title>Caso Cecilia Strzyzowski: C\u00e9sar Sena y otros cuatro acusados seguir\u00e1n detenidos - Nuevo Digital de Escobar<\/title>\n<meta name=\"robots\" content=\"index, follow, max-snippet:-1, max-image-preview:large, max-video-preview:-1\" \/>\n<link rel=\"canonical\" href=\"https:\/\/nuevodigitaldeescobar.com.ar\/?p=578\" \/>\n<meta property=\"og:locale\" content=\"es_ES\" \/>\n<meta property=\"og:type\" content=\"article\" \/>\n<meta property=\"og:title\" content=\"Caso Cecilia Strzyzowski: C\u00e9sar Sena y otros cuatro acusados seguir\u00e1n detenidos - Nuevo Digital de Escobar\" \/>\n<meta property=\"og:description\" content=\"El Superior Tribunal de Justicia (STJ) de Chaco confirm\u00f3 las prisiones preventivas para el principal sospechoso del femicidio, y tambi\u00e9n para Fabiana Gonz\u00e1lez, Jos\u00e9 Gustavo [&hellip;]\" \/>\n<meta property=\"og:url\" content=\"https:\/\/nuevodigitaldeescobar.com.ar\/?p=578\" \/>\n<meta property=\"og:site_name\" content=\"Nuevo Digital de Escobar\" \/>\n<meta property=\"article:publisher\" content=\"https:\/\/www.facebook.com\/NUEVODigitalDeEscobar\" \/>\n<meta property=\"article:published_time\" content=\"2023-10-31T21:54:15+00:00\" \/>\n<meta property=\"article:modified_time\" content=\"2023-10-31T21:54:27+00:00\" \/>\n<meta property=\"og:image\" content=\"https:\/\/nuevodigitaldeescobar.com.ar\/wp-content\/uploads\/2023\/10\/clan-sena.jpg\" \/>\n\t<meta property=\"og:image:width\" content=\"720\" \/>\n\t<meta property=\"og:image:height\" content=\"406\" \/>\n\t<meta property=\"og:image:type\" content=\"image\/jpeg\" \/>\n<meta name=\"author\" content=\"Redacci\u00f3n\" \/>\n<meta name=\"twitter:card\" content=\"summary_large_image\" \/>\n<meta name=\"twitter:creator\" content=\"@nuevodigescobar\" \/>\n<meta name=\"twitter:site\" content=\"@nuevodigescobar\" \/>\n<meta name=\"twitter:label1\" content=\"Escrito por\" \/>\n\t<meta name=\"twitter:data1\" content=\"Redacci\u00f3n\" \/>\n\t<meta name=\"twitter:label2\" content=\"Tiempo de lectura\" \/>\n\t<meta name=\"twitter:data2\" content=\"4 minutos\" \/>\n<script type=\"application\/ld+json\" class=\"yoast-schema-graph\">{\"@context\":\"https:\/\/schema.org\",\"@graph\":[{\"@type\":\"Article\",\"@id\":\"https:\/\/nuevodigitaldeescobar.com.ar\/?p=578#article\",\"isPartOf\":{\"@id\":\"https:\/\/nuevodigitaldeescobar.com.ar\/?p=578\"},\"author\":{\"name\":\"Redacci\u00f3n\",\"@id\":\"https:\/\/nuevodigitaldeescobar.com.ar\/#\/schema\/person\/035e90a8efe9a80e6eec22656ad6ea4c\"},\"headline\":\"Caso Cecilia Strzyzowski: C\u00e9sar Sena y otros cuatro acusados seguir\u00e1n detenidos\",\"datePublished\":\"2023-10-31T21:54:15+00:00\",\"dateModified\":\"2023-10-31T21:54:27+00:00\",\"mainEntityOfPage\":{\"@id\":\"https:\/\/nuevodigitaldeescobar.com.ar\/?p=578\"},\"wordCount\":726,\"commentCount\":0,\"publisher\":{\"@id\":\"https:\/\/nuevodigitaldeescobar.com.ar\/#organization\"},\"image\":{\"@id\":\"https:\/\/nuevodigitaldeescobar.com.ar\/?p=578#primaryimage\"},\"thumbnailUrl\":\"https:\/\/nuevodigitaldeescobar.com.ar\/wp-content\/uploads\/2023\/10\/clan-sena.jpg\",\"articleSection\":[\"Policiales\"],\"inLanguage\":\"es\",\"potentialAction\":[{\"@type\":\"CommentAction\",\"name\":\"Comment\",\"target\":[\"https:\/\/nuevodigitaldeescobar.com.ar\/?p=578#respond\"]}]},{\"@type\":\"WebPage\",\"@id\":\"https:\/\/nuevodigitaldeescobar.com.ar\/?p=578\",\"url\":\"https:\/\/nuevodigitaldeescobar.com.ar\/?p=578\",\"name\":\"Caso Cecilia Strzyzowski: C\u00e9sar Sena y otros cuatro acusados seguir\u00e1n detenidos - Nuevo Digital de Escobar\",\"isPartOf\":{\"@id\":\"https:\/\/nuevodigitaldeescobar.com.ar\/#website\"},\"primaryImageOfPage\":{\"@id\":\"https:\/\/nuevodigitaldeescobar.com.ar\/?p=578#primaryimage\"},\"image\":{\"@id\":\"https:\/\/nuevodigitaldeescobar.com.ar\/?p=578#primaryimage\"},\"thumbnailUrl\":\"https:\/\/nuevodigitaldeescobar.com.ar\/wp-content\/uploads\/2023\/10\/clan-sena.jpg\",\"datePublished\":\"2023-10-31T21:54:15+00:00\",\"dateModified\":\"2023-10-31T21:54:27+00:00\",\"breadcrumb\":{\"@id\":\"https:\/\/nuevodigitaldeescobar.com.ar\/?p=578#breadcrumb\"},\"inLanguage\":\"es\",\"potentialAction\":[{\"@type\":\"ReadAction\",\"target\":[\"https:\/\/nuevodigitaldeescobar.com.ar\/?p=578\"]}]},{\"@type\":\"ImageObject\",\"inLanguage\":\"es\",\"@id\":\"https:\/\/nuevodigitaldeescobar.com.ar\/?p=578#primaryimage\",\"url\":\"https:\/\/nuevodigitaldeescobar.com.ar\/wp-content\/uploads\/2023\/10\/clan-sena.jpg\",\"contentUrl\":\"https:\/\/nuevodigitaldeescobar.com.ar\/wp-content\/uploads\/2023\/10\/clan-sena.jpg\",\"width\":720,\"height\":406},{\"@type\":\"BreadcrumbList\",\"@id\":\"https:\/\/nuevodigitaldeescobar.com.ar\/?p=578#breadcrumb\",\"itemListElement\":[{\"@type\":\"ListItem\",\"position\":1,\"name\":\"Portada\",\"item\":\"https:\/\/nuevodigitaldeescobar.com.ar\/\"},{\"@type\":\"ListItem\",\"position\":2,\"name\":\"Caso Cecilia Strzyzowski: C\u00e9sar Sena y otros cuatro acusados seguir\u00e1n detenidos\"}]},{\"@type\":\"WebSite\",\"@id\":\"https:\/\/nuevodigitaldeescobar.com.ar\/#website\",\"url\":\"https:\/\/nuevodigitaldeescobar.com.ar\/\",\"name\":\"Nuevo Digital de Escobar\",\"description\":\"La vida escobarense. Directora: Rosana Brunner\",\"publisher\":{\"@id\":\"https:\/\/nuevodigitaldeescobar.com.ar\/#organization\"},\"potentialAction\":[{\"@type\":\"SearchAction\",\"target\":{\"@type\":\"EntryPoint\",\"urlTemplate\":\"https:\/\/nuevodigitaldeescobar.com.ar\/?s={search_term_string}\"},\"query-input\":{\"@type\":\"PropertyValueSpecification\",\"valueRequired\":true,\"valueName\":\"search_term_string\"}}],\"inLanguage\":\"es\"},{\"@type\":\"Organization\",\"@id\":\"https:\/\/nuevodigitaldeescobar.com.ar\/#organization\",\"name\":\"Nuevo Digital de Escobar\",\"url\":\"https:\/\/nuevodigitaldeescobar.com.ar\/\",\"logo\":{\"@type\":\"ImageObject\",\"inLanguage\":\"es\",\"@id\":\"https:\/\/nuevodigitaldeescobar.com.ar\/#\/schema\/logo\/image\/\",\"url\":\"https:\/\/nuevodigitaldeescobar.com.ar\/wp-content\/uploads\/2025\/05\/cropped-logo-nuevo2.jpg\",\"contentUrl\":\"https:\/\/nuevodigitaldeescobar.com.ar\/wp-content\/uploads\/2025\/05\/cropped-logo-nuevo2.jpg\",\"width\":305,\"height\":305,\"caption\":\"Nuevo Digital de Escobar\"},\"image\":{\"@id\":\"https:\/\/nuevodigitaldeescobar.com.ar\/#\/schema\/logo\/image\/\"},\"sameAs\":[\"https:\/\/www.facebook.com\/NUEVODigitalDeEscobar\",\"https:\/\/x.com\/nuevodigescobar\",\"https:\/\/www.instagram.com\/nuevodigitaldeescobar\"]},{\"@type\":\"Person\",\"@id\":\"https:\/\/nuevodigitaldeescobar.com.ar\/#\/schema\/person\/035e90a8efe9a80e6eec22656ad6ea4c\",\"name\":\"Redacci\u00f3n\",\"image\":{\"@type\":\"ImageObject\",\"inLanguage\":\"es\",\"@id\":\"https:\/\/nuevodigitaldeescobar.com.ar\/#\/schema\/person\/image\/\",\"url\":\"https:\/\/secure.gravatar.com\/avatar\/8af8f40000c24e9eef3034f2be5998a372bb1389e64b1a4a36b3a7979142220d?s=96&d=mm&r=g\",\"contentUrl\":\"https:\/\/secure.gravatar.com\/avatar\/8af8f40000c24e9eef3034f2be5998a372bb1389e64b1a4a36b3a7979142220d?s=96&d=mm&r=g\",\"caption\":\"Redacci\u00f3n\"},\"sameAs\":[\"http:\/\/nuevodigitaldeescobar.com.ar\"],\"url\":\"https:\/\/nuevodigitaldeescobar.com.ar\/?author=1\"}]}<\/script>\n<!-- \/ Yoast SEO plugin. -->","yoast_head_json":{"title":"Caso Cecilia Strzyzowski: C\u00e9sar Sena y otros cuatro acusados seguir\u00e1n detenidos - Nuevo Digital de Escobar","robots":{"index":"index","follow":"follow","max-snippet":"max-snippet:-1","max-image-preview":"max-image-preview:large","max-video-preview":"max-video-preview:-1"},"canonical":"https:\/\/nuevodigitaldeescobar.com.ar\/?p=578","og_locale":"es_ES","og_type":"article","og_title":"Caso Cecilia Strzyzowski: C\u00e9sar Sena y otros cuatro acusados seguir\u00e1n detenidos - Nuevo Digital de Escobar","og_description":"El Superior Tribunal de Justicia (STJ) de Chaco confirm\u00f3 las prisiones preventivas para el principal sospechoso del femicidio, y tambi\u00e9n para Fabiana Gonz\u00e1lez, Jos\u00e9 Gustavo [&hellip;]","og_url":"https:\/\/nuevodigitaldeescobar.com.ar\/?p=578","og_site_name":"Nuevo Digital de Escobar","article_publisher":"https:\/\/www.facebook.com\/NUEVODigitalDeEscobar","article_published_time":"2023-10-31T21:54:15+00:00","article_modified_time":"2023-10-31T21:54:27+00:00","og_image":[{"width":720,"height":406,"url":"https:\/\/nuevodigitaldeescobar.com.ar\/wp-content\/uploads\/2023\/10\/clan-sena.jpg","type":"image\/jpeg"}],"author":"Redacci\u00f3n","twitter_card":"summary_large_image","twitter_creator":"@nuevodigescobar","twitter_site":"@nuevodigescobar","twitter_misc":{"Escrito por":"Redacci\u00f3n","Tiempo de lectura":"4 minutos"},"schema":{"@context":"https:\/\/schema.org","@graph":[{"@type":"Article","@id":"https:\/\/nuevodigitaldeescobar.com.ar\/?p=578#article","isPartOf":{"@id":"https:\/\/nuevodigitaldeescobar.com.ar\/?p=578"},"author":{"name":"Redacci\u00f3n","@id":"https:\/\/nuevodigitaldeescobar.com.ar\/#\/schema\/person\/035e90a8efe9a80e6eec22656ad6ea4c"},"headline":"Caso Cecilia Strzyzowski: C\u00e9sar Sena y otros cuatro acusados seguir\u00e1n detenidos","datePublished":"2023-10-31T21:54:15+00:00","dateModified":"2023-10-31T21:54:27+00:00","mainEntityOfPage":{"@id":"https:\/\/nuevodigitaldeescobar.com.ar\/?p=578"},"wordCount":726,"commentCount":0,"publisher":{"@id":"https:\/\/nuevodigitaldeescobar.com.ar\/#organization"},"image":{"@id":"https:\/\/nuevodigitaldeescobar.com.ar\/?p=578#primaryimage"},"thumbnailUrl":"https:\/\/nuevodigitaldeescobar.com.ar\/wp-content\/uploads\/2023\/10\/clan-sena.jpg","articleSection":["Policiales"],"inLanguage":"es","potentialAction":[{"@type":"CommentAction","name":"Comment","target":["https:\/\/nuevodigitaldeescobar.com.ar\/?p=578#respond"]}]},{"@type":"WebPage","@id":"https:\/\/nuevodigitaldeescobar.com.ar\/?p=578","url":"https:\/\/nuevodigitaldeescobar.com.ar\/?p=578","name":"Caso Cecilia Strzyzowski: C\u00e9sar Sena y otros cuatro acusados seguir\u00e1n detenidos - Nuevo Digital de Escobar","isPartOf":{"@id":"https:\/\/nuevodigitaldeescobar.com.ar\/#website"},"primaryImageOfPage":{"@id":"https:\/\/nuevodigitaldeescobar.com.ar\/?p=578#primaryimage"},"image":{"@id":"https:\/\/nuevodigitaldeescobar.com.ar\/?p=578#primaryimage"},"thumbnailUrl":"https:\/\/nuevodigitaldeescobar.com.ar\/wp-content\/uploads\/2023\/10\/clan-sena.jpg","datePublished":"2023-10-31T21:54:15+00:00","dateModified":"2023-10-31T21:54:27+00:00","breadcrumb":{"@id":"https:\/\/nuevodigitaldeescobar.com.ar\/?p=578#breadcrumb"},"inLanguage":"es","potentialAction":[{"@type":"ReadAction","target":["https:\/\/nuevodigitaldeescobar.com.ar\/?p=578"]}]},{"@type":"ImageObject","inLanguage":"es","@id":"https:\/\/nuevodigitaldeescobar.com.ar\/?p=578#primaryimage","url":"https:\/\/nuevodigitaldeescobar.com.ar\/wp-content\/uploads\/2023\/10\/clan-sena.jpg","contentUrl":"https:\/\/nuevodigitaldeescobar.com.ar\/wp-content\/uploads\/2023\/10\/clan-sena.jpg","width":720,"height":406},{"@type":"BreadcrumbList","@id":"https:\/\/nuevodigitaldeescobar.com.ar\/?p=578#breadcrumb","itemListElement":[{"@type":"ListItem","position":1,"name":"Portada","item":"https:\/\/nuevodigitaldeescobar.com.ar\/"},{"@type":"ListItem","position":2,"name":"Caso Cecilia Strzyzowski: C\u00e9sar Sena y otros cuatro acusados seguir\u00e1n detenidos"}]},{"@type":"WebSite","@id":"https:\/\/nuevodigitaldeescobar.com.ar\/#website","url":"https:\/\/nuevodigitaldeescobar.com.ar\/","name":"Nuevo Digital de Escobar","description":"La vida escobarense. Directora: Rosana Brunner","publisher":{"@id":"https:\/\/nuevodigitaldeescobar.com.ar\/#organization"},"potentialAction":[{"@type":"SearchAction","target":{"@type":"EntryPoint","urlTemplate":"https:\/\/nuevodigitaldeescobar.com.ar\/?s={search_term_string}"},"query-input":{"@type":"PropertyValueSpecification","valueRequired":true,"valueName":"search_term_string"}}],"inLanguage":"es"},{"@type":"Organization","@id":"https:\/\/nuevodigitaldeescobar.com.ar\/#organization","name":"Nuevo Digital de Escobar","url":"https:\/\/nuevodigitaldeescobar.com.ar\/","logo":{"@type":"ImageObject","inLanguage":"es","@id":"https:\/\/nuevodigitaldeescobar.com.ar\/#\/schema\/logo\/image\/","url":"https:\/\/nuevodigitaldeescobar.com.ar\/wp-content\/uploads\/2025\/05\/cropped-logo-nuevo2.jpg","contentUrl":"https:\/\/nuevodigitaldeescobar.com.ar\/wp-content\/uploads\/2025\/05\/cropped-logo-nuevo2.jpg","width":305,"height":305,"caption":"Nuevo Digital de Escobar"},"image":{"@id":"https:\/\/nuevodigitaldeescobar.com.ar\/#\/schema\/logo\/image\/"},"sameAs":["https:\/\/www.facebook.com\/NUEVODigitalDeEscobar","https:\/\/x.com\/nuevodigescobar","https:\/\/www.instagram.com\/nuevodigitaldeescobar"]},{"@type":"Person","@id":"https:\/\/nuevodigitaldeescobar.com.ar\/#\/schema\/person\/035e90a8efe9a80e6eec22656ad6ea4c","name":"Redacci\u00f3n","image":{"@type":"ImageObject","inLanguage":"es","@id":"https:\/\/nuevodigitaldeescobar.com.ar\/#\/schema\/person\/image\/","url":"https:\/\/secure.gravatar.com\/avatar\/8af8f40000c24e9eef3034f2be5998a372bb1389e64b1a4a36b3a7979142220d?s=96&d=mm&r=g","contentUrl":"https:\/\/secure.gravatar.com\/avatar\/8af8f40000c24e9eef3034f2be5998a372bb1389e64b1a4a36b3a7979142220d?s=96&d=mm&r=g","caption":"Redacci\u00f3n"},"sameAs":["http:\/\/nuevodigitaldeescobar.com.ar"],"url":"https:\/\/nuevodigitaldeescobar.com.ar\/?author=1"}]}},"featured_image_urls":{"full":["https:\/\/nuevodigitaldeescobar.com.ar\/wp-content\/uploads\/2023\/10\/clan-sena.jpg",720,406,false],"thumbnail":["https:\/\/nuevodigitaldeescobar.com.ar\/wp-content\/uploads\/2023\/10\/clan-sena-150x150.jpg",150,150,true],"medium":["https:\/\/nuevodigitaldeescobar.com.ar\/wp-content\/uploads\/2023\/10\/clan-sena-300x169.jpg",300,169,true],"medium_large":["https:\/\/nuevodigitaldeescobar.com.ar\/wp-content\/uploads\/2023\/10\/clan-sena.jpg",640,361,false],"large":["https:\/\/nuevodigitaldeescobar.com.ar\/wp-content\/uploads\/2023\/10\/clan-sena.jpg",640,361,false],"1536x1536":["https:\/\/nuevodigitaldeescobar.com.ar\/wp-content\/uploads\/2023\/10\/clan-sena.jpg",720,406,false],"2048x2048":["https:\/\/nuevodigitaldeescobar.com.ar\/wp-content\/uploads\/2023\/10\/clan-sena.jpg",720,406,false]},"author_info":{"display_name":"Redacci\u00f3n","author_link":"https:\/\/nuevodigitaldeescobar.com.ar\/?author=1"},"category_info":"<a href=\"https:\/\/nuevodigitaldeescobar.com.ar\/?cat=13\" rel=\"category\">Policiales<\/a>","tag_info":"Policiales","comment_count":"0","_links":{"self":[{"href":"https:\/\/nuevodigitaldeescobar.com.ar\/index.php?rest_route=\/wp\/v2\/posts\/578","targetHints":{"allow":["GET"]}}],"collection":[{"href":"https:\/\/nuevodigitaldeescobar.com.ar\/index.php?rest_route=\/wp\/v2\/posts"}],"about":[{"href":"https:\/\/nuevodigitaldeescobar.com.ar\/index.php?rest_route=\/wp\/v2\/types\/post"}],"author":[{"embeddable":true,"href":"https:\/\/nuevodigitaldeescobar.com.ar\/index.php?rest_route=\/wp\/v2\/users\/1"}],"replies":[{"embeddable":true,"href":"https:\/\/nuevodigitaldeescobar.com.ar\/index.php?rest_route=%2Fwp%2Fv2%2Fcomments&post=578"}],"version-history":[{"count":1,"href":"https:\/\/nuevodigitaldeescobar.com.ar\/index.php?rest_route=\/wp\/v2\/posts\/578\/revisions"}],"predecessor-version":[{"id":582,"href":"https:\/\/nuevodigitaldeescobar.com.ar\/index.php?rest_route=\/wp\/v2\/posts\/578\/revisions\/582"}],"wp:featuredmedia":[{"embeddable":true,"href":"https:\/\/nuevodigitaldeescobar.com.ar\/index.php?rest_route=\/wp\/v2\/media\/581"}],"wp:attachment":[{"href":"https:\/\/nuevodigitaldeescobar.com.ar\/index.php?rest_route=%2Fwp%2Fv2%2Fmedia&parent=578"}],"wp:term":[{"taxonomy":"category","embeddable":true,"href":"https:\/\/nuevodigitaldeescobar.com.ar\/index.php?rest_route=%2Fwp%2Fv2%2Fcategories&post=578"},{"taxonomy":"post_tag","embeddable":true,"href":"https:\/\/nuevodigitaldeescobar.com.ar\/index.php?rest_route=%2Fwp%2Fv2%2Ftags&post=578"}],"curies":[{"name":"wp","href":"https:\/\/api.w.org\/{rel}","templated":true}]}}