{"id":5812,"date":"2024-05-30T07:00:36","date_gmt":"2024-05-30T10:00:36","guid":{"rendered":"https:\/\/nuevodigitaldeescobar.com.ar\/?p=5812"},"modified":"2024-05-30T08:23:19","modified_gmt":"2024-05-30T11:23:19","slug":"detuvieron-en-moreno-al-asesino-del-peluquero-en-recoleta","status":"publish","type":"post","link":"https:\/\/nuevodigitaldeescobar.com.ar\/?p=5812","title":{"rendered":"Detuvieron en Moreno al asesino del peluquero de Recoleta"},"content":{"rendered":"<p><span style=\"color: #003366;\"><strong><em>Sobre la cabeza de Abel Guzm\u00e1n pesaba una recompensa de $5.000.000 para quien brindara datos \u00fatiles que permitieran lograr la captura del homicida de Germ\u00e1n Medina. Hoy fue trasladado a indagatoria.<\/em><\/strong><\/span><\/p>\n<p><!--more--><\/p>\n<hr \/>\n<p>Ten\u00eda pedido de captura desde el 21 de marzo de 2024 y sobre \u00e9l pesaba una recompensa de $5.000.000. Su cara circul\u00f3 por todas las redes sociales y medios de comunicaci\u00f3n. Aun as\u00ed, Abel Guzm\u00e1n (43), el homicida que qued\u00f3 filmado cuando asesinaba de un tiro en la cabeza al colorista Germ\u00e1n Medina en una peluquer\u00eda de Recoleta, logr\u00f3 evadir a la justicia durante 10 semanas. Hasta este mi\u00e9rcoles.<\/p>\n<p>Fuentes oficiales confirmaron que los investigadores de la Divisi\u00f3n Capturas de la Polic\u00eda de la Ciudad dieron con Guzm\u00e1n en una casaquinta del partido bonaerense de Moreno de la calle Miserere, entre Roma y Leonardo da Vinci, donde se escond\u00eda. All\u00ed lo apresaron.<\/p>\n<p>El aviso de una vecina que lo identific\u00f3 y el rastro de los IP, que lo ubicaban en la zona de Moreno, fueron la clave, aunque los investigadores no ten\u00edan la ubicaci\u00f3n precisa.<\/p>\n<p><em>\u201cLo vieron, lo reconocieron, fueron a hacer tareas y lo agarraron\u201d<\/em>, explicaron fuentes del caso.<\/p>\n<figure id=\"attachment_5816\" aria-describedby=\"caption-attachment-5816\" style=\"width: 719px\" class=\"wp-caption alignnone\"><a href=\"https:\/\/nuevodigitaldeescobar.com.ar\/?attachment_id=5816\" rel=\"attachment wp-att-5816\"><img fetchpriority=\"high\" decoding=\"async\" class=\"size-full wp-image-5816\" src=\"http:\/\/nuevodigitaldeescobar.com.ar\/wp-content\/uploads\/2024\/05\/asesino-1-e1717068053861.jpg\" alt=\"\" width=\"719\" height=\"482\" srcset=\"https:\/\/nuevodigitaldeescobar.com.ar\/wp-content\/uploads\/2024\/05\/asesino-1-e1717068053861.jpg 719w, https:\/\/nuevodigitaldeescobar.com.ar\/wp-content\/uploads\/2024\/05\/asesino-1-e1717068053861-300x201.jpg 300w\" sizes=\"(max-width: 719px) 100vw, 719px\" \/><\/a><figcaption id=\"caption-attachment-5816\" class=\"wp-caption-text\">Guzm\u00e1n fue detenido 10 semanas despu\u00e9s del crimen.<\/figcaption><\/figure>\n<p>Un vecino de la cuadra de Moreno donde se escond\u00eda el homicida dijo a los medios en el lugar: <em>\u201cSal\u00ed y lo ten\u00edan dos polic\u00edas sac\u00e1ndole fotos. Cuando lo vi pens\u00e9: \u2018Este tiene cara conocida\u2019\u201d<\/em>. Y agreg\u00f3: <em>\u201cSe ve que estaba viviendo hace poco ah\u00ed, en esa casa donde vive una se\u00f1ora grande. Nunca lo hab\u00eda visto. Lo not\u00e9 tranquilo\u201d<\/em>.<\/p>\n<p>Otra vecina cont\u00f3 a un canal de noticias que el ahora detenido trabajaba para una se\u00f1ora mayor, de unos 80 a\u00f1os: <em>\u201cElla pobrecita no sab\u00eda nada, sali\u00f3 a preguntar qu\u00e9 hab\u00eda pasado. Vive ah\u00ed con el hijo\u201d<\/em>.<\/p>\n<p>El cruel asesinato de Medina ocurri\u00f3 el 20 de marzo pasado por la noche en la peluquer\u00eda Verdini de la calle Beruti, un sal\u00f3n de belleza frecuentado por diversos famosos.<\/p>\n<figure id=\"attachment_5814\" aria-describedby=\"caption-attachment-5814\" style=\"width: 720px\" class=\"wp-caption alignnone\"><a href=\"https:\/\/nuevodigitaldeescobar.com.ar\/?attachment_id=5814\" rel=\"attachment wp-att-5814\"><img decoding=\"async\" class=\"wp-image-5814 size-full\" src=\"http:\/\/nuevodigitaldeescobar.com.ar\/wp-content\/uploads\/2024\/05\/asesino-epi-2-e1717067931893.jpg\" alt=\"\" width=\"720\" height=\"405\" \/><\/a><figcaption id=\"caption-attachment-5814\" class=\"wp-caption-text\">Germ\u00e1n Medina, colorista asesinado en una peluquer\u00eda de Recoleta.<\/figcaption><\/figure>\n<p>Mientras un grupo de empleados estaba sentado en ronda, el peluquero Guzm\u00e1n los increp\u00f3 y dispar\u00f3 contra el colorista. Medina, de 33 a\u00f1os y una larga trayectoria en su rubro, tal como Guzm\u00e1n, fue trasladado todav\u00eda con signos de vida por personal del SAME al Hospital Fern\u00e1ndez, pero muri\u00f3 a los pocos minutos.<\/p>\n<p>En paralelo, el homicida logr\u00f3 huir por una ventana y desde entonces nada m\u00e1s se supo de \u00e9l. As\u00ed, desde el Juzgado N\u00b048, a cargo del juez Javier S\u00e1nchez Sarmiento, se firm\u00f3 el pedido de captura al otro d\u00eda del crimen. La labor de encontrar a Guzm\u00e1n fue de Homicidios de la Polic\u00eda de la Ciudad.<\/p>\n<p>El pasado 22 de abril, el Gobierno de la Naci\u00f3n oficializ\u00f3 la recompensa para quien brindare informaci\u00f3n concreta sobre el paradero de Guzm\u00e1n. Fue de $5.000.000.<\/p>\n<figure id=\"attachment_5813\" aria-describedby=\"caption-attachment-5813\" style=\"width: 720px\" class=\"wp-caption alignnone\"><a href=\"https:\/\/nuevodigitaldeescobar.com.ar\/?attachment_id=5813\" rel=\"attachment wp-att-5813\"><img decoding=\"async\" class=\"size-full wp-image-5813\" src=\"http:\/\/nuevodigitaldeescobar.com.ar\/wp-content\/uploads\/2024\/05\/asesino-epi-3-e1717067873119.jpg\" alt=\"\" width=\"720\" height=\"405\" \/><\/a><figcaption id=\"caption-attachment-5813\" class=\"wp-caption-text\">La cuadra donde apresaron al pr\u00f3fugo.<\/figcaption><\/figure>\n<p>La recompensa hab\u00eda sido propuesta por la Unidad de Captura de Pr\u00f3fugos de la Unidad Fiscal Especializada en Investigaci\u00f3n Criminal Compleja (UFECRI), a cargo del fiscal Jos\u00e9 Mar\u00eda Campagnoli.<\/p>\n<p>Antes de la detenci\u00f3n, los detectives siguieron todos los llamados an\u00f3nimos que recibieron por el caso. <em>\u201cLo hab\u00edan visto desde B\u00e9ccar hasta Santiago del Estero\u201d<\/em>, puntualizaron.<\/p>\n<p>Este mi\u00e9rcoles, desde el lugar donde atraparon a Guzm\u00e1n, Alejandro Cipolla, abogado del due\u00f1o de la peluquer\u00eda, acot\u00f3: <em>\u201cPudo haber complicidad por parte de la familia para que continuara pr\u00f3fugo\u201d<\/em>. Y agreg\u00f3: <em>\u201cAparentemente, cada dos o tres d\u00edas se mov\u00eda de lugar. Lleg\u00f3 a este domicilio por recomendaci\u00f3n de un amigo. Voy a solicitar la detenci\u00f3n de esta persona, porque ser\u00eda un encubrimiento\u201d<\/em>.<\/p>\n<p>Guzm\u00e1n, de 43 a\u00f1os y con domicilio en la calle Agrelo, en la localidad bonaerense de Merlo; trabajaba desde hac\u00eda al menos siete a\u00f1os en la peluquer\u00eda de Recoleta donde mat\u00f3 al colorista, que llevaba el mismo tiempo que \u00e9l en el local.<\/p>\n<p>De acuerdo con registros previsionales, Guzm\u00e1n cuenta con una larga trayectoria en el mundo de los salones de belleza, donde trabaj\u00f3 para reconocidos empresarios.<\/p>\n<p><em>(Infobae)<\/em><\/p>\n","protected":false},"excerpt":{"rendered":"<p>Sobre la cabeza de Abel Guzm\u00e1n pesaba una recompensa de $5.000.000 para quien brindara datos \u00fatiles que permitieran lograr la captura del homicida de Germ\u00e1n [&hellip;]<\/p>\n","protected":false},"author":1,"featured_media":5815,"comment_status":"open","ping_status":"closed","sticky":false,"template":"","format":"standard","meta":{"footnotes":""},"categories":[13],"tags":[],"class_list":["post-5812","post","type-post","status-publish","format-standard","has-post-thumbnail","hentry","category-policiales"],"better_featured_image":{"id":5815,"alt_text":"","caption":"","description":"","media_type":"image","media_details":{"width":720,"height":405,"file":"2024\/05\/asesino-epi-1-e1717067993253.jpg","filesize":62440,"sizes":{"medium":{"file":"asesino-epi-1-300x169.jpg","width":300,"height":169,"mime-type":"image\/jpeg","filesize":10986,"source_url":"https:\/\/nuevodigitaldeescobar.com.ar\/wp-content\/uploads\/2024\/05\/asesino-epi-1-300x169.jpg"},"thumbnail":{"file":"asesino-epi-1-150x150.jpg","width":150,"height":150,"mime-type":"image\/jpeg","filesize":6442,"source_url":"https:\/\/nuevodigitaldeescobar.com.ar\/wp-content\/uploads\/2024\/05\/asesino-epi-1-150x150.jpg"}},"image_meta":{"aperture":"0","credit":"","camera":"","caption":"","created_timestamp":"0","copyright":"","focal_length":"0","iso":"0","shutter_speed":"0","title":"","orientation":"0","keywords":[]}},"post":5812,"source_url":"https:\/\/nuevodigitaldeescobar.com.ar\/wp-content\/uploads\/2024\/05\/asesino-epi-1-e1717067993253.jpg"},"yoast_head":"<!-- This site is optimized with the Yoast SEO plugin v26.1.1 - https:\/\/yoast.com\/wordpress\/plugins\/seo\/ -->\n<title>Detuvieron en Moreno al asesino del peluquero de Recoleta - Nuevo Digital de Escobar<\/title>\n<meta name=\"robots\" content=\"index, follow, max-snippet:-1, max-image-preview:large, max-video-preview:-1\" \/>\n<link rel=\"canonical\" href=\"https:\/\/nuevodigitaldeescobar.com.ar\/?p=5812\" \/>\n<meta property=\"og:locale\" content=\"es_ES\" \/>\n<meta property=\"og:type\" content=\"article\" \/>\n<meta property=\"og:title\" content=\"Detuvieron en Moreno al asesino del peluquero de Recoleta - Nuevo Digital de Escobar\" \/>\n<meta property=\"og:description\" content=\"Sobre la cabeza de Abel Guzm\u00e1n pesaba una recompensa de $5.000.000 para quien brindara datos \u00fatiles que permitieran lograr la captura del homicida de Germ\u00e1n [&hellip;]\" \/>\n<meta property=\"og:url\" content=\"https:\/\/nuevodigitaldeescobar.com.ar\/?p=5812\" \/>\n<meta property=\"og:site_name\" content=\"Nuevo Digital de Escobar\" \/>\n<meta property=\"article:publisher\" content=\"https:\/\/www.facebook.com\/NUEVODigitalDeEscobar\" \/>\n<meta property=\"article:published_time\" content=\"2024-05-30T10:00:36+00:00\" \/>\n<meta property=\"article:modified_time\" content=\"2024-05-30T11:23:19+00:00\" \/>\n<meta property=\"og:image\" content=\"https:\/\/nuevodigitaldeescobar.com.ar\/wp-content\/uploads\/2024\/05\/asesino-epi-1-e1717067993253.jpg\" \/>\n\t<meta property=\"og:image:width\" content=\"720\" \/>\n\t<meta property=\"og:image:height\" content=\"405\" \/>\n\t<meta property=\"og:image:type\" content=\"image\/jpeg\" \/>\n<meta name=\"author\" content=\"Redacci\u00f3n\" \/>\n<meta name=\"twitter:card\" content=\"summary_large_image\" \/>\n<meta name=\"twitter:creator\" content=\"@nuevodigescobar\" \/>\n<meta name=\"twitter:site\" content=\"@nuevodigescobar\" \/>\n<meta name=\"twitter:label1\" content=\"Escrito por\" \/>\n\t<meta name=\"twitter:data1\" content=\"Redacci\u00f3n\" \/>\n\t<meta name=\"twitter:label2\" content=\"Tiempo de lectura\" \/>\n\t<meta name=\"twitter:data2\" content=\"4 minutos\" \/>\n<script type=\"application\/ld+json\" class=\"yoast-schema-graph\">{\"@context\":\"https:\/\/schema.org\",\"@graph\":[{\"@type\":\"Article\",\"@id\":\"https:\/\/nuevodigitaldeescobar.com.ar\/?p=5812#article\",\"isPartOf\":{\"@id\":\"https:\/\/nuevodigitaldeescobar.com.ar\/?p=5812\"},\"author\":{\"name\":\"Redacci\u00f3n\",\"@id\":\"https:\/\/nuevodigitaldeescobar.com.ar\/#\/schema\/person\/035e90a8efe9a80e6eec22656ad6ea4c\"},\"headline\":\"Detuvieron en Moreno al asesino del peluquero de Recoleta\",\"datePublished\":\"2024-05-30T10:00:36+00:00\",\"dateModified\":\"2024-05-30T11:23:19+00:00\",\"mainEntityOfPage\":{\"@id\":\"https:\/\/nuevodigitaldeescobar.com.ar\/?p=5812\"},\"wordCount\":747,\"commentCount\":0,\"publisher\":{\"@id\":\"https:\/\/nuevodigitaldeescobar.com.ar\/#organization\"},\"image\":{\"@id\":\"https:\/\/nuevodigitaldeescobar.com.ar\/?p=5812#primaryimage\"},\"thumbnailUrl\":\"https:\/\/nuevodigitaldeescobar.com.ar\/wp-content\/uploads\/2024\/05\/asesino-epi-1-e1717067993253.jpg\",\"articleSection\":[\"Policiales\"],\"inLanguage\":\"es\",\"potentialAction\":[{\"@type\":\"CommentAction\",\"name\":\"Comment\",\"target\":[\"https:\/\/nuevodigitaldeescobar.com.ar\/?p=5812#respond\"]}]},{\"@type\":\"WebPage\",\"@id\":\"https:\/\/nuevodigitaldeescobar.com.ar\/?p=5812\",\"url\":\"https:\/\/nuevodigitaldeescobar.com.ar\/?p=5812\",\"name\":\"Detuvieron en Moreno al asesino del peluquero de Recoleta - Nuevo Digital de Escobar\",\"isPartOf\":{\"@id\":\"https:\/\/nuevodigitaldeescobar.com.ar\/#website\"},\"primaryImageOfPage\":{\"@id\":\"https:\/\/nuevodigitaldeescobar.com.ar\/?p=5812#primaryimage\"},\"image\":{\"@id\":\"https:\/\/nuevodigitaldeescobar.com.ar\/?p=5812#primaryimage\"},\"thumbnailUrl\":\"https:\/\/nuevodigitaldeescobar.com.ar\/wp-content\/uploads\/2024\/05\/asesino-epi-1-e1717067993253.jpg\",\"datePublished\":\"2024-05-30T10:00:36+00:00\",\"dateModified\":\"2024-05-30T11:23:19+00:00\",\"breadcrumb\":{\"@id\":\"https:\/\/nuevodigitaldeescobar.com.ar\/?p=5812#breadcrumb\"},\"inLanguage\":\"es\",\"potentialAction\":[{\"@type\":\"ReadAction\",\"target\":[\"https:\/\/nuevodigitaldeescobar.com.ar\/?p=5812\"]}]},{\"@type\":\"ImageObject\",\"inLanguage\":\"es\",\"@id\":\"https:\/\/nuevodigitaldeescobar.com.ar\/?p=5812#primaryimage\",\"url\":\"https:\/\/nuevodigitaldeescobar.com.ar\/wp-content\/uploads\/2024\/05\/asesino-epi-1-e1717067993253.jpg\",\"contentUrl\":\"https:\/\/nuevodigitaldeescobar.com.ar\/wp-content\/uploads\/2024\/05\/asesino-epi-1-e1717067993253.jpg\",\"width\":720,\"height\":405},{\"@type\":\"BreadcrumbList\",\"@id\":\"https:\/\/nuevodigitaldeescobar.com.ar\/?p=5812#breadcrumb\",\"itemListElement\":[{\"@type\":\"ListItem\",\"position\":1,\"name\":\"Portada\",\"item\":\"https:\/\/nuevodigitaldeescobar.com.ar\/\"},{\"@type\":\"ListItem\",\"position\":2,\"name\":\"Detuvieron en Moreno al asesino del peluquero de Recoleta\"}]},{\"@type\":\"WebSite\",\"@id\":\"https:\/\/nuevodigitaldeescobar.com.ar\/#website\",\"url\":\"https:\/\/nuevodigitaldeescobar.com.ar\/\",\"name\":\"Nuevo Digital de Escobar\",\"description\":\"La vida escobarense. Directora: Rosana Brunner\",\"publisher\":{\"@id\":\"https:\/\/nuevodigitaldeescobar.com.ar\/#organization\"},\"potentialAction\":[{\"@type\":\"SearchAction\",\"target\":{\"@type\":\"EntryPoint\",\"urlTemplate\":\"https:\/\/nuevodigitaldeescobar.com.ar\/?s={search_term_string}\"},\"query-input\":{\"@type\":\"PropertyValueSpecification\",\"valueRequired\":true,\"valueName\":\"search_term_string\"}}],\"inLanguage\":\"es\"},{\"@type\":\"Organization\",\"@id\":\"https:\/\/nuevodigitaldeescobar.com.ar\/#organization\",\"name\":\"Nuevo Digital de Escobar\",\"url\":\"https:\/\/nuevodigitaldeescobar.com.ar\/\",\"logo\":{\"@type\":\"ImageObject\",\"inLanguage\":\"es\",\"@id\":\"https:\/\/nuevodigitaldeescobar.com.ar\/#\/schema\/logo\/image\/\",\"url\":\"https:\/\/nuevodigitaldeescobar.com.ar\/wp-content\/uploads\/2025\/05\/cropped-logo-nuevo2.jpg\",\"contentUrl\":\"https:\/\/nuevodigitaldeescobar.com.ar\/wp-content\/uploads\/2025\/05\/cropped-logo-nuevo2.jpg\",\"width\":305,\"height\":305,\"caption\":\"Nuevo Digital de Escobar\"},\"image\":{\"@id\":\"https:\/\/nuevodigitaldeescobar.com.ar\/#\/schema\/logo\/image\/\"},\"sameAs\":[\"https:\/\/www.facebook.com\/NUEVODigitalDeEscobar\",\"https:\/\/x.com\/nuevodigescobar\",\"https:\/\/www.instagram.com\/nuevodigitaldeescobar\"]},{\"@type\":\"Person\",\"@id\":\"https:\/\/nuevodigitaldeescobar.com.ar\/#\/schema\/person\/035e90a8efe9a80e6eec22656ad6ea4c\",\"name\":\"Redacci\u00f3n\",\"image\":{\"@type\":\"ImageObject\",\"inLanguage\":\"es\",\"@id\":\"https:\/\/nuevodigitaldeescobar.com.ar\/#\/schema\/person\/image\/\",\"url\":\"https:\/\/secure.gravatar.com\/avatar\/8af8f40000c24e9eef3034f2be5998a372bb1389e64b1a4a36b3a7979142220d?s=96&d=mm&r=g\",\"contentUrl\":\"https:\/\/secure.gravatar.com\/avatar\/8af8f40000c24e9eef3034f2be5998a372bb1389e64b1a4a36b3a7979142220d?s=96&d=mm&r=g\",\"caption\":\"Redacci\u00f3n\"},\"sameAs\":[\"http:\/\/nuevodigitaldeescobar.com.ar\"],\"url\":\"https:\/\/nuevodigitaldeescobar.com.ar\/?author=1\"}]}<\/script>\n<!-- \/ Yoast SEO plugin. -->","yoast_head_json":{"title":"Detuvieron en Moreno al asesino del peluquero de Recoleta - Nuevo Digital de Escobar","robots":{"index":"index","follow":"follow","max-snippet":"max-snippet:-1","max-image-preview":"max-image-preview:large","max-video-preview":"max-video-preview:-1"},"canonical":"https:\/\/nuevodigitaldeescobar.com.ar\/?p=5812","og_locale":"es_ES","og_type":"article","og_title":"Detuvieron en Moreno al asesino del peluquero de Recoleta - Nuevo Digital de Escobar","og_description":"Sobre la cabeza de Abel Guzm\u00e1n pesaba una recompensa de $5.000.000 para quien brindara datos \u00fatiles que permitieran lograr la captura del homicida de Germ\u00e1n [&hellip;]","og_url":"https:\/\/nuevodigitaldeescobar.com.ar\/?p=5812","og_site_name":"Nuevo Digital de Escobar","article_publisher":"https:\/\/www.facebook.com\/NUEVODigitalDeEscobar","article_published_time":"2024-05-30T10:00:36+00:00","article_modified_time":"2024-05-30T11:23:19+00:00","og_image":[{"width":720,"height":405,"url":"https:\/\/nuevodigitaldeescobar.com.ar\/wp-content\/uploads\/2024\/05\/asesino-epi-1-e1717067993253.jpg","type":"image\/jpeg"}],"author":"Redacci\u00f3n","twitter_card":"summary_large_image","twitter_creator":"@nuevodigescobar","twitter_site":"@nuevodigescobar","twitter_misc":{"Escrito por":"Redacci\u00f3n","Tiempo de lectura":"4 minutos"},"schema":{"@context":"https:\/\/schema.org","@graph":[{"@type":"Article","@id":"https:\/\/nuevodigitaldeescobar.com.ar\/?p=5812#article","isPartOf":{"@id":"https:\/\/nuevodigitaldeescobar.com.ar\/?p=5812"},"author":{"name":"Redacci\u00f3n","@id":"https:\/\/nuevodigitaldeescobar.com.ar\/#\/schema\/person\/035e90a8efe9a80e6eec22656ad6ea4c"},"headline":"Detuvieron en Moreno al asesino del peluquero de Recoleta","datePublished":"2024-05-30T10:00:36+00:00","dateModified":"2024-05-30T11:23:19+00:00","mainEntityOfPage":{"@id":"https:\/\/nuevodigitaldeescobar.com.ar\/?p=5812"},"wordCount":747,"commentCount":0,"publisher":{"@id":"https:\/\/nuevodigitaldeescobar.com.ar\/#organization"},"image":{"@id":"https:\/\/nuevodigitaldeescobar.com.ar\/?p=5812#primaryimage"},"thumbnailUrl":"https:\/\/nuevodigitaldeescobar.com.ar\/wp-content\/uploads\/2024\/05\/asesino-epi-1-e1717067993253.jpg","articleSection":["Policiales"],"inLanguage":"es","potentialAction":[{"@type":"CommentAction","name":"Comment","target":["https:\/\/nuevodigitaldeescobar.com.ar\/?p=5812#respond"]}]},{"@type":"WebPage","@id":"https:\/\/nuevodigitaldeescobar.com.ar\/?p=5812","url":"https:\/\/nuevodigitaldeescobar.com.ar\/?p=5812","name":"Detuvieron en Moreno al asesino del peluquero de Recoleta - Nuevo Digital de Escobar","isPartOf":{"@id":"https:\/\/nuevodigitaldeescobar.com.ar\/#website"},"primaryImageOfPage":{"@id":"https:\/\/nuevodigitaldeescobar.com.ar\/?p=5812#primaryimage"},"image":{"@id":"https:\/\/nuevodigitaldeescobar.com.ar\/?p=5812#primaryimage"},"thumbnailUrl":"https:\/\/nuevodigitaldeescobar.com.ar\/wp-content\/uploads\/2024\/05\/asesino-epi-1-e1717067993253.jpg","datePublished":"2024-05-30T10:00:36+00:00","dateModified":"2024-05-30T11:23:19+00:00","breadcrumb":{"@id":"https:\/\/nuevodigitaldeescobar.com.ar\/?p=5812#breadcrumb"},"inLanguage":"es","potentialAction":[{"@type":"ReadAction","target":["https:\/\/nuevodigitaldeescobar.com.ar\/?p=5812"]}]},{"@type":"ImageObject","inLanguage":"es","@id":"https:\/\/nuevodigitaldeescobar.com.ar\/?p=5812#primaryimage","url":"https:\/\/nuevodigitaldeescobar.com.ar\/wp-content\/uploads\/2024\/05\/asesino-epi-1-e1717067993253.jpg","contentUrl":"https:\/\/nuevodigitaldeescobar.com.ar\/wp-content\/uploads\/2024\/05\/asesino-epi-1-e1717067993253.jpg","width":720,"height":405},{"@type":"BreadcrumbList","@id":"https:\/\/nuevodigitaldeescobar.com.ar\/?p=5812#breadcrumb","itemListElement":[{"@type":"ListItem","position":1,"name":"Portada","item":"https:\/\/nuevodigitaldeescobar.com.ar\/"},{"@type":"ListItem","position":2,"name":"Detuvieron en Moreno al asesino del peluquero de Recoleta"}]},{"@type":"WebSite","@id":"https:\/\/nuevodigitaldeescobar.com.ar\/#website","url":"https:\/\/nuevodigitaldeescobar.com.ar\/","name":"Nuevo Digital de Escobar","description":"La vida escobarense. Directora: Rosana Brunner","publisher":{"@id":"https:\/\/nuevodigitaldeescobar.com.ar\/#organization"},"potentialAction":[{"@type":"SearchAction","target":{"@type":"EntryPoint","urlTemplate":"https:\/\/nuevodigitaldeescobar.com.ar\/?s={search_term_string}"},"query-input":{"@type":"PropertyValueSpecification","valueRequired":true,"valueName":"search_term_string"}}],"inLanguage":"es"},{"@type":"Organization","@id":"https:\/\/nuevodigitaldeescobar.com.ar\/#organization","name":"Nuevo Digital de Escobar","url":"https:\/\/nuevodigitaldeescobar.com.ar\/","logo":{"@type":"ImageObject","inLanguage":"es","@id":"https:\/\/nuevodigitaldeescobar.com.ar\/#\/schema\/logo\/image\/","url":"https:\/\/nuevodigitaldeescobar.com.ar\/wp-content\/uploads\/2025\/05\/cropped-logo-nuevo2.jpg","contentUrl":"https:\/\/nuevodigitaldeescobar.com.ar\/wp-content\/uploads\/2025\/05\/cropped-logo-nuevo2.jpg","width":305,"height":305,"caption":"Nuevo Digital de Escobar"},"image":{"@id":"https:\/\/nuevodigitaldeescobar.com.ar\/#\/schema\/logo\/image\/"},"sameAs":["https:\/\/www.facebook.com\/NUEVODigitalDeEscobar","https:\/\/x.com\/nuevodigescobar","https:\/\/www.instagram.com\/nuevodigitaldeescobar"]},{"@type":"Person","@id":"https:\/\/nuevodigitaldeescobar.com.ar\/#\/schema\/person\/035e90a8efe9a80e6eec22656ad6ea4c","name":"Redacci\u00f3n","image":{"@type":"ImageObject","inLanguage":"es","@id":"https:\/\/nuevodigitaldeescobar.com.ar\/#\/schema\/person\/image\/","url":"https:\/\/secure.gravatar.com\/avatar\/8af8f40000c24e9eef3034f2be5998a372bb1389e64b1a4a36b3a7979142220d?s=96&d=mm&r=g","contentUrl":"https:\/\/secure.gravatar.com\/avatar\/8af8f40000c24e9eef3034f2be5998a372bb1389e64b1a4a36b3a7979142220d?s=96&d=mm&r=g","caption":"Redacci\u00f3n"},"sameAs":["http:\/\/nuevodigitaldeescobar.com.ar"],"url":"https:\/\/nuevodigitaldeescobar.com.ar\/?author=1"}]}},"featured_image_urls":{"full":["https:\/\/nuevodigitaldeescobar.com.ar\/wp-content\/uploads\/2024\/05\/asesino-epi-1-e1717067993253.jpg",720,405,false],"thumbnail":["https:\/\/nuevodigitaldeescobar.com.ar\/wp-content\/uploads\/2024\/05\/asesino-epi-1-150x150.jpg",150,150,true],"medium":["https:\/\/nuevodigitaldeescobar.com.ar\/wp-content\/uploads\/2024\/05\/asesino-epi-1-300x169.jpg",300,169,true],"medium_large":["https:\/\/nuevodigitaldeescobar.com.ar\/wp-content\/uploads\/2024\/05\/asesino-epi-1-e1717067993253.jpg",640,360,false],"large":["https:\/\/nuevodigitaldeescobar.com.ar\/wp-content\/uploads\/2024\/05\/asesino-epi-1-e1717067993253.jpg",640,360,false],"1536x1536":["https:\/\/nuevodigitaldeescobar.com.ar\/wp-content\/uploads\/2024\/05\/asesino-epi-1-e1717067993253.jpg",720,405,false],"2048x2048":["https:\/\/nuevodigitaldeescobar.com.ar\/wp-content\/uploads\/2024\/05\/asesino-epi-1-e1717067993253.jpg",720,405,false]},"author_info":{"display_name":"Redacci\u00f3n","author_link":"https:\/\/nuevodigitaldeescobar.com.ar\/?author=1"},"category_info":"<a href=\"https:\/\/nuevodigitaldeescobar.com.ar\/?cat=13\" rel=\"category\">Policiales<\/a>","tag_info":"Policiales","comment_count":"0","_links":{"self":[{"href":"https:\/\/nuevodigitaldeescobar.com.ar\/index.php?rest_route=\/wp\/v2\/posts\/5812","targetHints":{"allow":["GET"]}}],"collection":[{"href":"https:\/\/nuevodigitaldeescobar.com.ar\/index.php?rest_route=\/wp\/v2\/posts"}],"about":[{"href":"https:\/\/nuevodigitaldeescobar.com.ar\/index.php?rest_route=\/wp\/v2\/types\/post"}],"author":[{"embeddable":true,"href":"https:\/\/nuevodigitaldeescobar.com.ar\/index.php?rest_route=\/wp\/v2\/users\/1"}],"replies":[{"embeddable":true,"href":"https:\/\/nuevodigitaldeescobar.com.ar\/index.php?rest_route=%2Fwp%2Fv2%2Fcomments&post=5812"}],"version-history":[{"count":2,"href":"https:\/\/nuevodigitaldeescobar.com.ar\/index.php?rest_route=\/wp\/v2\/posts\/5812\/revisions"}],"predecessor-version":[{"id":5818,"href":"https:\/\/nuevodigitaldeescobar.com.ar\/index.php?rest_route=\/wp\/v2\/posts\/5812\/revisions\/5818"}],"wp:featuredmedia":[{"embeddable":true,"href":"https:\/\/nuevodigitaldeescobar.com.ar\/index.php?rest_route=\/wp\/v2\/media\/5815"}],"wp:attachment":[{"href":"https:\/\/nuevodigitaldeescobar.com.ar\/index.php?rest_route=%2Fwp%2Fv2%2Fmedia&parent=5812"}],"wp:term":[{"taxonomy":"category","embeddable":true,"href":"https:\/\/nuevodigitaldeescobar.com.ar\/index.php?rest_route=%2Fwp%2Fv2%2Fcategories&post=5812"},{"taxonomy":"post_tag","embeddable":true,"href":"https:\/\/nuevodigitaldeescobar.com.ar\/index.php?rest_route=%2Fwp%2Fv2%2Ftags&post=5812"}],"curies":[{"name":"wp","href":"https:\/\/api.w.org\/{rel}","templated":true}]}}