{"id":6012,"date":"2024-06-07T07:00:00","date_gmt":"2024-06-07T10:00:00","guid":{"rendered":"https:\/\/nuevodigitaldeescobar.com.ar\/?p=6012"},"modified":"2024-06-06T19:37:24","modified_gmt":"2024-06-06T22:37:24","slug":"kicillof-hablo-de-asfixia-economica-y-salio-a-gastar-112-millones-en-bicicletas","status":"publish","type":"post","link":"https:\/\/nuevodigitaldeescobar.com.ar\/?p=6012","title":{"rendered":"Kicillof habl\u00f3 de \u201casfixia econ\u00f3mica\u201d y sali\u00f3 a gastar 112 millones en bicicletas"},"content":{"rendered":"<p><span style=\"color: #003366;\"><strong><em>El gobernador dio luz verde para la costosa iniciativa. Aseguran que servir\u00e1 para disminuir el impacto ambiental, pero expertos en la materia conf\u00edan en que \u201cs\u00f3lo son 450 bicicletas, en una provincia como Buenos Aires el impacto es igual a cero\u201d.<\/em><\/strong><\/span><\/p>\n<p><!--more--><\/p>\n<hr \/>\n<p>El ministro de gobierno de la provincia de Buenos Aires, Carlos Bianco, se lanz\u00f3 a dar una conferencia de prensa en la que habl\u00f3 de la situaci\u00f3n econ\u00f3mica de la gesti\u00f3n Kicillof. En la misma, asegur\u00f3 que el gobierno nacional implement\u00f3 un <em>\u201cplan deliberado y sistem\u00e1tico de asfixia financiera y econ\u00f3mica contra el pueblo bonaerense\u201d<\/em>.<\/p>\n<p>El ministro estuvo acompa\u00f1ado por su par de Desarrollo de la Comunidad, Andr\u00e9s <em>\u201cCuervo\u201d<\/em> Larroque, y el titular de la cartera de Desarrollo Agrario, Javier Rodr\u00edguez. Durante la conferencia, sac\u00f3 a relucir un detallado resumen al tiempo que destac\u00f3 que <em>\u201cel problema no es con el gobernador Axel Kicillof, sino con las y los bonaerenses, que necesitan esos fondos para poder tener un mejor acceso a la salud y a la educaci\u00f3n, para que exista mayor empleo y para la generaci\u00f3n de obras p\u00fablicas que son totalmente necesarias y estrat\u00e9gicas para la provincia de Buenos Aires\u201d<\/em>.<\/p>\n<p><a href=\"https:\/\/nuevodigitaldeescobar.com.ar\/?attachment_id=6014\" rel=\"attachment wp-att-6014\"><img fetchpriority=\"high\" decoding=\"async\" class=\"alignnone size-full wp-image-6014\" src=\"http:\/\/nuevodigitaldeescobar.com.ar\/wp-content\/uploads\/2024\/06\/kicillof-bicicletas-2-e1717713373910.jpg\" alt=\"\" width=\"720\" height=\"324\" \/><\/a><\/p>\n<p>De acuerdo al informe elaborado por el gabinete de Kicillof, la deuda que el gobierno nacional mantiene con el bonaerense es de 5.8 billones de pesos. Sin embargo, Manuel Adorni respondi\u00f3 a la acusaci\u00f3n de <em>\u201casfixia econ\u00f3mica\u201d<\/em> del gobernador bonaerense, afirmando que es mentira y que se les debe <em>\u201ccero pesos\u201d<\/em>.<\/p>\n<p><em>\u201cRespecto a lo que expresaron funcionarios de la provincia de Buenos Aires, dentro de la l\u00f3gica de decir absolutamente cualquier cosa, vale la aclaraci\u00f3n. Con la provincia no hay ninguna deuda en cuanto a los flujos normales y habituales, cero pesos se les debe\u201d<\/em>, afirm\u00f3.<\/p>\n<p>En este escenario negativo y recesivo, en el que la provincia de Buenos Aires se acerca peligrosamente a batir sus r\u00e9cords hist\u00f3ricos de pobreza y desempleo, desde el gobierno nacional aconsejaron el ejercicio de la austeridad, para enfrentar el momento. No obstante, desde el c\u00edrculo rojo de Axel Kicillof parecieran no pensar lo mismo.<\/p>\n<p>En efecto, el gobierno bonaerense decidi\u00f3 darse algunos lujos. De acuerdo al proceso de compra Nro. 594-0072-CME24, el gobierno de Kicillof saldr\u00e1 al mercado a comprar unas 450 bicicletas.<\/p>\n<p><a href=\"https:\/\/nuevodigitaldeescobar.com.ar\/?attachment_id=6013\" rel=\"attachment wp-att-6013\"><img decoding=\"async\" class=\"alignnone size-full wp-image-6013\" src=\"http:\/\/nuevodigitaldeescobar.com.ar\/wp-content\/uploads\/2024\/06\/kicillof-bicicletas-3-e1717713342231.jpg\" alt=\"\" width=\"720\" height=\"464\" \/><\/a><\/p>\n<p>Lejos de los gastos de extrema necesidad que supone un gobierno en plena <em>\u201casfixia econ\u00f3mica\u201d<\/em>, el gobernador continuar\u00e1 con una pol\u00edtica de escaso impacto, relacionada con promover estrategias de movilidad sustentable. Sin embargo, expertos en la materia explicaron que <em>\u201cse trata de un gasto inentendible. Son s\u00f3lo 450 bicicletas distribuidas en una provincia enorme. B\u00e1sicamente el impacto en el medio ambiente es igual a cero\u201d<\/em>.<\/p>\n<p>La maniobra de Kicillof tendr\u00e1 un impacto de 112 millones de pesos en el ya castigado presupuesto bonaerense, a un costo promedio de 250 mil pesos por bicicleta, que ser\u00e1n de rodado 26 y sin cambios. Seg\u00fan el gobierno provincial, se trata de una estrategia para nuevos modelos de traslados que disminuyan el impacto ambiental, sean eficientes, accesibles y equitativas.<\/p>\n<p><em>(www.REALPOLITIK.com.ar)<\/em><\/p>\n","protected":false},"excerpt":{"rendered":"<p>El gobernador dio luz verde para la costosa iniciativa. Aseguran que servir\u00e1 para disminuir el impacto ambiental, pero expertos en la materia conf\u00edan en que [&hellip;]<\/p>\n","protected":false},"author":1,"featured_media":6015,"comment_status":"open","ping_status":"closed","sticky":false,"template":"","format":"standard","meta":{"footnotes":""},"categories":[6],"tags":[],"class_list":["post-6012","post","type-post","status-publish","format-standard","has-post-thumbnail","hentry","category-politica"],"better_featured_image":{"id":6015,"alt_text":"","caption":"","description":"","media_type":"image","media_details":{"width":720,"height":405,"file":"2024\/06\/kicillof-bicicletas-1-e1717713435441.jpg","filesize":107617,"sizes":{"medium":{"file":"kicillof-bicicletas-1-300x169.jpg","width":300,"height":169,"mime-type":"image\/jpeg","filesize":14754,"source_url":"https:\/\/nuevodigitaldeescobar.com.ar\/wp-content\/uploads\/2024\/06\/kicillof-bicicletas-1-300x169.jpg"},"thumbnail":{"file":"kicillof-bicicletas-1-150x150.jpg","width":150,"height":150,"mime-type":"image\/jpeg","filesize":6876,"source_url":"https:\/\/nuevodigitaldeescobar.com.ar\/wp-content\/uploads\/2024\/06\/kicillof-bicicletas-1-150x150.jpg"},"medium_large":{"file":"kicillof-bicicletas-1-768x432.jpg","width":768,"height":432,"mime-type":"image\/jpeg","filesize":61506,"source_url":"https:\/\/nuevodigitaldeescobar.com.ar\/wp-content\/uploads\/2024\/06\/kicillof-bicicletas-1-768x432.jpg"}},"image_meta":{"aperture":"0","credit":"","camera":"","caption":"","created_timestamp":"0","copyright":"","focal_length":"0","iso":"0","shutter_speed":"0","title":"","orientation":"0","keywords":[]}},"post":6012,"source_url":"https:\/\/nuevodigitaldeescobar.com.ar\/wp-content\/uploads\/2024\/06\/kicillof-bicicletas-1-e1717713435441.jpg"},"yoast_head":"<!-- This site is optimized with the Yoast SEO plugin v26.1.1 - https:\/\/yoast.com\/wordpress\/plugins\/seo\/ -->\n<title>Kicillof habl\u00f3 de \u201casfixia econ\u00f3mica\u201d y sali\u00f3 a gastar 112 millones en bicicletas - Nuevo Digital de Escobar<\/title>\n<meta name=\"robots\" content=\"index, follow, max-snippet:-1, max-image-preview:large, max-video-preview:-1\" \/>\n<link rel=\"canonical\" href=\"https:\/\/nuevodigitaldeescobar.com.ar\/?p=6012\" \/>\n<meta property=\"og:locale\" content=\"es_ES\" \/>\n<meta property=\"og:type\" content=\"article\" \/>\n<meta property=\"og:title\" content=\"Kicillof habl\u00f3 de \u201casfixia econ\u00f3mica\u201d y sali\u00f3 a gastar 112 millones en bicicletas - Nuevo Digital de Escobar\" \/>\n<meta property=\"og:description\" content=\"El gobernador dio luz verde para la costosa iniciativa. Aseguran que servir\u00e1 para disminuir el impacto ambiental, pero expertos en la materia conf\u00edan en que [&hellip;]\" \/>\n<meta property=\"og:url\" content=\"https:\/\/nuevodigitaldeescobar.com.ar\/?p=6012\" \/>\n<meta property=\"og:site_name\" content=\"Nuevo Digital de Escobar\" \/>\n<meta property=\"article:publisher\" content=\"https:\/\/www.facebook.com\/NUEVODigitalDeEscobar\" \/>\n<meta property=\"article:published_time\" content=\"2024-06-07T10:00:00+00:00\" \/>\n<meta property=\"og:image\" content=\"https:\/\/nuevodigitaldeescobar.com.ar\/wp-content\/uploads\/2024\/06\/kicillof-bicicletas-1-e1717713435441.jpg\" \/>\n\t<meta property=\"og:image:width\" content=\"720\" \/>\n\t<meta property=\"og:image:height\" content=\"405\" \/>\n\t<meta property=\"og:image:type\" content=\"image\/jpeg\" \/>\n<meta name=\"author\" content=\"Redacci\u00f3n\" \/>\n<meta name=\"twitter:card\" content=\"summary_large_image\" \/>\n<meta name=\"twitter:creator\" content=\"@nuevodigescobar\" \/>\n<meta name=\"twitter:site\" content=\"@nuevodigescobar\" \/>\n<meta name=\"twitter:label1\" content=\"Escrito por\" \/>\n\t<meta name=\"twitter:data1\" content=\"Redacci\u00f3n\" \/>\n\t<meta name=\"twitter:label2\" content=\"Tiempo de lectura\" \/>\n\t<meta name=\"twitter:data2\" content=\"3 minutos\" \/>\n<script type=\"application\/ld+json\" class=\"yoast-schema-graph\">{\"@context\":\"https:\/\/schema.org\",\"@graph\":[{\"@type\":\"Article\",\"@id\":\"https:\/\/nuevodigitaldeescobar.com.ar\/?p=6012#article\",\"isPartOf\":{\"@id\":\"https:\/\/nuevodigitaldeescobar.com.ar\/?p=6012\"},\"author\":{\"name\":\"Redacci\u00f3n\",\"@id\":\"https:\/\/nuevodigitaldeescobar.com.ar\/#\/schema\/person\/035e90a8efe9a80e6eec22656ad6ea4c\"},\"headline\":\"Kicillof habl\u00f3 de \u201casfixia econ\u00f3mica\u201d y sali\u00f3 a gastar 112 millones en bicicletas\",\"datePublished\":\"2024-06-07T10:00:00+00:00\",\"mainEntityOfPage\":{\"@id\":\"https:\/\/nuevodigitaldeescobar.com.ar\/?p=6012\"},\"wordCount\":534,\"commentCount\":0,\"publisher\":{\"@id\":\"https:\/\/nuevodigitaldeescobar.com.ar\/#organization\"},\"image\":{\"@id\":\"https:\/\/nuevodigitaldeescobar.com.ar\/?p=6012#primaryimage\"},\"thumbnailUrl\":\"https:\/\/nuevodigitaldeescobar.com.ar\/wp-content\/uploads\/2024\/06\/kicillof-bicicletas-1-e1717713435441.jpg\",\"articleSection\":[\"Pol\u00edtica\"],\"inLanguage\":\"es\",\"potentialAction\":[{\"@type\":\"CommentAction\",\"name\":\"Comment\",\"target\":[\"https:\/\/nuevodigitaldeescobar.com.ar\/?p=6012#respond\"]}]},{\"@type\":\"WebPage\",\"@id\":\"https:\/\/nuevodigitaldeescobar.com.ar\/?p=6012\",\"url\":\"https:\/\/nuevodigitaldeescobar.com.ar\/?p=6012\",\"name\":\"Kicillof habl\u00f3 de \u201casfixia econ\u00f3mica\u201d y sali\u00f3 a gastar 112 millones en bicicletas - Nuevo Digital de Escobar\",\"isPartOf\":{\"@id\":\"https:\/\/nuevodigitaldeescobar.com.ar\/#website\"},\"primaryImageOfPage\":{\"@id\":\"https:\/\/nuevodigitaldeescobar.com.ar\/?p=6012#primaryimage\"},\"image\":{\"@id\":\"https:\/\/nuevodigitaldeescobar.com.ar\/?p=6012#primaryimage\"},\"thumbnailUrl\":\"https:\/\/nuevodigitaldeescobar.com.ar\/wp-content\/uploads\/2024\/06\/kicillof-bicicletas-1-e1717713435441.jpg\",\"datePublished\":\"2024-06-07T10:00:00+00:00\",\"breadcrumb\":{\"@id\":\"https:\/\/nuevodigitaldeescobar.com.ar\/?p=6012#breadcrumb\"},\"inLanguage\":\"es\",\"potentialAction\":[{\"@type\":\"ReadAction\",\"target\":[\"https:\/\/nuevodigitaldeescobar.com.ar\/?p=6012\"]}]},{\"@type\":\"ImageObject\",\"inLanguage\":\"es\",\"@id\":\"https:\/\/nuevodigitaldeescobar.com.ar\/?p=6012#primaryimage\",\"url\":\"https:\/\/nuevodigitaldeescobar.com.ar\/wp-content\/uploads\/2024\/06\/kicillof-bicicletas-1-e1717713435441.jpg\",\"contentUrl\":\"https:\/\/nuevodigitaldeescobar.com.ar\/wp-content\/uploads\/2024\/06\/kicillof-bicicletas-1-e1717713435441.jpg\",\"width\":720,\"height\":405},{\"@type\":\"BreadcrumbList\",\"@id\":\"https:\/\/nuevodigitaldeescobar.com.ar\/?p=6012#breadcrumb\",\"itemListElement\":[{\"@type\":\"ListItem\",\"position\":1,\"name\":\"Portada\",\"item\":\"https:\/\/nuevodigitaldeescobar.com.ar\/\"},{\"@type\":\"ListItem\",\"position\":2,\"name\":\"Kicillof habl\u00f3 de \u201casfixia econ\u00f3mica\u201d y sali\u00f3 a gastar 112 millones en bicicletas\"}]},{\"@type\":\"WebSite\",\"@id\":\"https:\/\/nuevodigitaldeescobar.com.ar\/#website\",\"url\":\"https:\/\/nuevodigitaldeescobar.com.ar\/\",\"name\":\"Nuevo Digital de Escobar\",\"description\":\"La vida escobarense. Directora: Rosana Brunner\",\"publisher\":{\"@id\":\"https:\/\/nuevodigitaldeescobar.com.ar\/#organization\"},\"potentialAction\":[{\"@type\":\"SearchAction\",\"target\":{\"@type\":\"EntryPoint\",\"urlTemplate\":\"https:\/\/nuevodigitaldeescobar.com.ar\/?s={search_term_string}\"},\"query-input\":{\"@type\":\"PropertyValueSpecification\",\"valueRequired\":true,\"valueName\":\"search_term_string\"}}],\"inLanguage\":\"es\"},{\"@type\":\"Organization\",\"@id\":\"https:\/\/nuevodigitaldeescobar.com.ar\/#organization\",\"name\":\"Nuevo Digital de Escobar\",\"url\":\"https:\/\/nuevodigitaldeescobar.com.ar\/\",\"logo\":{\"@type\":\"ImageObject\",\"inLanguage\":\"es\",\"@id\":\"https:\/\/nuevodigitaldeescobar.com.ar\/#\/schema\/logo\/image\/\",\"url\":\"https:\/\/nuevodigitaldeescobar.com.ar\/wp-content\/uploads\/2025\/05\/cropped-logo-nuevo2.jpg\",\"contentUrl\":\"https:\/\/nuevodigitaldeescobar.com.ar\/wp-content\/uploads\/2025\/05\/cropped-logo-nuevo2.jpg\",\"width\":305,\"height\":305,\"caption\":\"Nuevo Digital de Escobar\"},\"image\":{\"@id\":\"https:\/\/nuevodigitaldeescobar.com.ar\/#\/schema\/logo\/image\/\"},\"sameAs\":[\"https:\/\/www.facebook.com\/NUEVODigitalDeEscobar\",\"https:\/\/x.com\/nuevodigescobar\",\"https:\/\/www.instagram.com\/nuevodigitaldeescobar\"]},{\"@type\":\"Person\",\"@id\":\"https:\/\/nuevodigitaldeescobar.com.ar\/#\/schema\/person\/035e90a8efe9a80e6eec22656ad6ea4c\",\"name\":\"Redacci\u00f3n\",\"image\":{\"@type\":\"ImageObject\",\"inLanguage\":\"es\",\"@id\":\"https:\/\/nuevodigitaldeescobar.com.ar\/#\/schema\/person\/image\/\",\"url\":\"https:\/\/secure.gravatar.com\/avatar\/8af8f40000c24e9eef3034f2be5998a372bb1389e64b1a4a36b3a7979142220d?s=96&d=mm&r=g\",\"contentUrl\":\"https:\/\/secure.gravatar.com\/avatar\/8af8f40000c24e9eef3034f2be5998a372bb1389e64b1a4a36b3a7979142220d?s=96&d=mm&r=g\",\"caption\":\"Redacci\u00f3n\"},\"sameAs\":[\"http:\/\/nuevodigitaldeescobar.com.ar\"],\"url\":\"https:\/\/nuevodigitaldeescobar.com.ar\/?author=1\"}]}<\/script>\n<!-- \/ Yoast SEO plugin. -->","yoast_head_json":{"title":"Kicillof habl\u00f3 de \u201casfixia econ\u00f3mica\u201d y sali\u00f3 a gastar 112 millones en bicicletas - Nuevo Digital de Escobar","robots":{"index":"index","follow":"follow","max-snippet":"max-snippet:-1","max-image-preview":"max-image-preview:large","max-video-preview":"max-video-preview:-1"},"canonical":"https:\/\/nuevodigitaldeescobar.com.ar\/?p=6012","og_locale":"es_ES","og_type":"article","og_title":"Kicillof habl\u00f3 de \u201casfixia econ\u00f3mica\u201d y sali\u00f3 a gastar 112 millones en bicicletas - Nuevo Digital de Escobar","og_description":"El gobernador dio luz verde para la costosa iniciativa. Aseguran que servir\u00e1 para disminuir el impacto ambiental, pero expertos en la materia conf\u00edan en que [&hellip;]","og_url":"https:\/\/nuevodigitaldeescobar.com.ar\/?p=6012","og_site_name":"Nuevo Digital de Escobar","article_publisher":"https:\/\/www.facebook.com\/NUEVODigitalDeEscobar","article_published_time":"2024-06-07T10:00:00+00:00","og_image":[{"width":720,"height":405,"url":"https:\/\/nuevodigitaldeescobar.com.ar\/wp-content\/uploads\/2024\/06\/kicillof-bicicletas-1-e1717713435441.jpg","type":"image\/jpeg"}],"author":"Redacci\u00f3n","twitter_card":"summary_large_image","twitter_creator":"@nuevodigescobar","twitter_site":"@nuevodigescobar","twitter_misc":{"Escrito por":"Redacci\u00f3n","Tiempo de lectura":"3 minutos"},"schema":{"@context":"https:\/\/schema.org","@graph":[{"@type":"Article","@id":"https:\/\/nuevodigitaldeescobar.com.ar\/?p=6012#article","isPartOf":{"@id":"https:\/\/nuevodigitaldeescobar.com.ar\/?p=6012"},"author":{"name":"Redacci\u00f3n","@id":"https:\/\/nuevodigitaldeescobar.com.ar\/#\/schema\/person\/035e90a8efe9a80e6eec22656ad6ea4c"},"headline":"Kicillof habl\u00f3 de \u201casfixia econ\u00f3mica\u201d y sali\u00f3 a gastar 112 millones en bicicletas","datePublished":"2024-06-07T10:00:00+00:00","mainEntityOfPage":{"@id":"https:\/\/nuevodigitaldeescobar.com.ar\/?p=6012"},"wordCount":534,"commentCount":0,"publisher":{"@id":"https:\/\/nuevodigitaldeescobar.com.ar\/#organization"},"image":{"@id":"https:\/\/nuevodigitaldeescobar.com.ar\/?p=6012#primaryimage"},"thumbnailUrl":"https:\/\/nuevodigitaldeescobar.com.ar\/wp-content\/uploads\/2024\/06\/kicillof-bicicletas-1-e1717713435441.jpg","articleSection":["Pol\u00edtica"],"inLanguage":"es","potentialAction":[{"@type":"CommentAction","name":"Comment","target":["https:\/\/nuevodigitaldeescobar.com.ar\/?p=6012#respond"]}]},{"@type":"WebPage","@id":"https:\/\/nuevodigitaldeescobar.com.ar\/?p=6012","url":"https:\/\/nuevodigitaldeescobar.com.ar\/?p=6012","name":"Kicillof habl\u00f3 de \u201casfixia econ\u00f3mica\u201d y sali\u00f3 a gastar 112 millones en bicicletas - Nuevo Digital de Escobar","isPartOf":{"@id":"https:\/\/nuevodigitaldeescobar.com.ar\/#website"},"primaryImageOfPage":{"@id":"https:\/\/nuevodigitaldeescobar.com.ar\/?p=6012#primaryimage"},"image":{"@id":"https:\/\/nuevodigitaldeescobar.com.ar\/?p=6012#primaryimage"},"thumbnailUrl":"https:\/\/nuevodigitaldeescobar.com.ar\/wp-content\/uploads\/2024\/06\/kicillof-bicicletas-1-e1717713435441.jpg","datePublished":"2024-06-07T10:00:00+00:00","breadcrumb":{"@id":"https:\/\/nuevodigitaldeescobar.com.ar\/?p=6012#breadcrumb"},"inLanguage":"es","potentialAction":[{"@type":"ReadAction","target":["https:\/\/nuevodigitaldeescobar.com.ar\/?p=6012"]}]},{"@type":"ImageObject","inLanguage":"es","@id":"https:\/\/nuevodigitaldeescobar.com.ar\/?p=6012#primaryimage","url":"https:\/\/nuevodigitaldeescobar.com.ar\/wp-content\/uploads\/2024\/06\/kicillof-bicicletas-1-e1717713435441.jpg","contentUrl":"https:\/\/nuevodigitaldeescobar.com.ar\/wp-content\/uploads\/2024\/06\/kicillof-bicicletas-1-e1717713435441.jpg","width":720,"height":405},{"@type":"BreadcrumbList","@id":"https:\/\/nuevodigitaldeescobar.com.ar\/?p=6012#breadcrumb","itemListElement":[{"@type":"ListItem","position":1,"name":"Portada","item":"https:\/\/nuevodigitaldeescobar.com.ar\/"},{"@type":"ListItem","position":2,"name":"Kicillof habl\u00f3 de \u201casfixia econ\u00f3mica\u201d y sali\u00f3 a gastar 112 millones en bicicletas"}]},{"@type":"WebSite","@id":"https:\/\/nuevodigitaldeescobar.com.ar\/#website","url":"https:\/\/nuevodigitaldeescobar.com.ar\/","name":"Nuevo Digital de Escobar","description":"La vida escobarense. Directora: Rosana Brunner","publisher":{"@id":"https:\/\/nuevodigitaldeescobar.com.ar\/#organization"},"potentialAction":[{"@type":"SearchAction","target":{"@type":"EntryPoint","urlTemplate":"https:\/\/nuevodigitaldeescobar.com.ar\/?s={search_term_string}"},"query-input":{"@type":"PropertyValueSpecification","valueRequired":true,"valueName":"search_term_string"}}],"inLanguage":"es"},{"@type":"Organization","@id":"https:\/\/nuevodigitaldeescobar.com.ar\/#organization","name":"Nuevo Digital de Escobar","url":"https:\/\/nuevodigitaldeescobar.com.ar\/","logo":{"@type":"ImageObject","inLanguage":"es","@id":"https:\/\/nuevodigitaldeescobar.com.ar\/#\/schema\/logo\/image\/","url":"https:\/\/nuevodigitaldeescobar.com.ar\/wp-content\/uploads\/2025\/05\/cropped-logo-nuevo2.jpg","contentUrl":"https:\/\/nuevodigitaldeescobar.com.ar\/wp-content\/uploads\/2025\/05\/cropped-logo-nuevo2.jpg","width":305,"height":305,"caption":"Nuevo Digital de Escobar"},"image":{"@id":"https:\/\/nuevodigitaldeescobar.com.ar\/#\/schema\/logo\/image\/"},"sameAs":["https:\/\/www.facebook.com\/NUEVODigitalDeEscobar","https:\/\/x.com\/nuevodigescobar","https:\/\/www.instagram.com\/nuevodigitaldeescobar"]},{"@type":"Person","@id":"https:\/\/nuevodigitaldeescobar.com.ar\/#\/schema\/person\/035e90a8efe9a80e6eec22656ad6ea4c","name":"Redacci\u00f3n","image":{"@type":"ImageObject","inLanguage":"es","@id":"https:\/\/nuevodigitaldeescobar.com.ar\/#\/schema\/person\/image\/","url":"https:\/\/secure.gravatar.com\/avatar\/8af8f40000c24e9eef3034f2be5998a372bb1389e64b1a4a36b3a7979142220d?s=96&d=mm&r=g","contentUrl":"https:\/\/secure.gravatar.com\/avatar\/8af8f40000c24e9eef3034f2be5998a372bb1389e64b1a4a36b3a7979142220d?s=96&d=mm&r=g","caption":"Redacci\u00f3n"},"sameAs":["http:\/\/nuevodigitaldeescobar.com.ar"],"url":"https:\/\/nuevodigitaldeescobar.com.ar\/?author=1"}]}},"featured_image_urls":{"full":["https:\/\/nuevodigitaldeescobar.com.ar\/wp-content\/uploads\/2024\/06\/kicillof-bicicletas-1-e1717713435441.jpg",720,405,false],"thumbnail":["https:\/\/nuevodigitaldeescobar.com.ar\/wp-content\/uploads\/2024\/06\/kicillof-bicicletas-1-150x150.jpg",150,150,true],"medium":["https:\/\/nuevodigitaldeescobar.com.ar\/wp-content\/uploads\/2024\/06\/kicillof-bicicletas-1-300x169.jpg",300,169,true],"medium_large":["https:\/\/nuevodigitaldeescobar.com.ar\/wp-content\/uploads\/2024\/06\/kicillof-bicicletas-1-768x432.jpg",640,360,true],"large":["https:\/\/nuevodigitaldeescobar.com.ar\/wp-content\/uploads\/2024\/06\/kicillof-bicicletas-1-e1717713435441.jpg",640,360,false],"1536x1536":["https:\/\/nuevodigitaldeescobar.com.ar\/wp-content\/uploads\/2024\/06\/kicillof-bicicletas-1-e1717713435441.jpg",720,405,false],"2048x2048":["https:\/\/nuevodigitaldeescobar.com.ar\/wp-content\/uploads\/2024\/06\/kicillof-bicicletas-1-e1717713435441.jpg",720,405,false]},"author_info":{"display_name":"Redacci\u00f3n","author_link":"https:\/\/nuevodigitaldeescobar.com.ar\/?author=1"},"category_info":"<a href=\"https:\/\/nuevodigitaldeescobar.com.ar\/?cat=6\" rel=\"category\">Pol\u00edtica<\/a>","tag_info":"Pol\u00edtica","comment_count":"0","_links":{"self":[{"href":"https:\/\/nuevodigitaldeescobar.com.ar\/index.php?rest_route=\/wp\/v2\/posts\/6012","targetHints":{"allow":["GET"]}}],"collection":[{"href":"https:\/\/nuevodigitaldeescobar.com.ar\/index.php?rest_route=\/wp\/v2\/posts"}],"about":[{"href":"https:\/\/nuevodigitaldeescobar.com.ar\/index.php?rest_route=\/wp\/v2\/types\/post"}],"author":[{"embeddable":true,"href":"https:\/\/nuevodigitaldeescobar.com.ar\/index.php?rest_route=\/wp\/v2\/users\/1"}],"replies":[{"embeddable":true,"href":"https:\/\/nuevodigitaldeescobar.com.ar\/index.php?rest_route=%2Fwp%2Fv2%2Fcomments&post=6012"}],"version-history":[{"count":1,"href":"https:\/\/nuevodigitaldeescobar.com.ar\/index.php?rest_route=\/wp\/v2\/posts\/6012\/revisions"}],"predecessor-version":[{"id":6016,"href":"https:\/\/nuevodigitaldeescobar.com.ar\/index.php?rest_route=\/wp\/v2\/posts\/6012\/revisions\/6016"}],"wp:featuredmedia":[{"embeddable":true,"href":"https:\/\/nuevodigitaldeescobar.com.ar\/index.php?rest_route=\/wp\/v2\/media\/6015"}],"wp:attachment":[{"href":"https:\/\/nuevodigitaldeescobar.com.ar\/index.php?rest_route=%2Fwp%2Fv2%2Fmedia&parent=6012"}],"wp:term":[{"taxonomy":"category","embeddable":true,"href":"https:\/\/nuevodigitaldeescobar.com.ar\/index.php?rest_route=%2Fwp%2Fv2%2Fcategories&post=6012"},{"taxonomy":"post_tag","embeddable":true,"href":"https:\/\/nuevodigitaldeescobar.com.ar\/index.php?rest_route=%2Fwp%2Fv2%2Ftags&post=6012"}],"curies":[{"name":"wp","href":"https:\/\/api.w.org\/{rel}","templated":true}]}}