{"id":6098,"date":"2024-06-11T15:09:37","date_gmt":"2024-06-11T18:09:37","guid":{"rendered":"https:\/\/nuevodigitaldeescobar.com.ar\/?p=6098"},"modified":"2024-06-11T15:09:40","modified_gmt":"2024-06-11T18:09:40","slug":"cambian-el-sentido-de-circulacion-en-calles-del-paseo-gastronomico-de-maschwitz","status":"publish","type":"post","link":"https:\/\/nuevodigitaldeescobar.com.ar\/?p=6098","title":{"rendered":"Cambian el sentido de circulaci\u00f3n en calles del paseo gastron\u00f3mico de Maschwitz"},"content":{"rendered":"<p><span style=\"color: #003366;\"><strong><em>A partir de este jueves, las calles que cruzan Mendoza desde colectora este hasta El Dorado, en el paseo gastron\u00f3mico de Ingeniero Maschwitz, tendr\u00e1n un nuevo sentido de circulaci\u00f3n, con el objetivo de lograr un reordenamiento integral del tr\u00e1nsito en el distrito para lograr una mayor fluidez vehicular en los principales accesos.<\/em><\/strong><\/span><\/p>\n<p><!--more--><\/p>\n<hr \/>\n<p>A ra\u00edz de demandas de vecinos y comerciantes de la zona, y de la aprobaci\u00f3n un\u00e1nime del proyecto por parte del Concejo Deliberante, la Secretar\u00eda de Planificaci\u00f3n Territorial y Espacio P\u00fablico en conjunto con la Secretar\u00eda de Planificaci\u00f3n e Infraestructura realizar\u00e1n los cambios de sentido en las siguientes calles: Los Rosales, entre Chacho Pe\u00f1aloza y Mendoza tendr\u00e1 sentido norte a sur; Santiago del Estero, entre Mendoza y Patricios (norte a sur); Entre R\u00edos, entre Mendoza y Patricios (norte a sur); Los Jazmines, entre Mendoza y Chacho Pe\u00f1aloza (sur a norte); Los Andes, entre Patricios y Mendoza, (sur a norte); Italia, desde Entre R\u00edos hasta Ricardo Fern\u00e1ndez (oeste a este) y Garibaldi, entre Santiago del Estero y El Dorado, (oeste a este).<\/p>\n<p><a href=\"https:\/\/nuevodigitaldeescobar.com.ar\/?attachment_id=6099\" rel=\"attachment wp-att-6099\"><img fetchpriority=\"high\" decoding=\"async\" class=\"alignnone size-full wp-image-6099\" src=\"http:\/\/nuevodigitaldeescobar.com.ar\/wp-content\/uploads\/2024\/06\/calles-maschwitz-e1718129368231.jpg\" alt=\"\" width=\"719\" height=\"702\" srcset=\"https:\/\/nuevodigitaldeescobar.com.ar\/wp-content\/uploads\/2024\/06\/calles-maschwitz-e1718129368231.jpg 719w, https:\/\/nuevodigitaldeescobar.com.ar\/wp-content\/uploads\/2024\/06\/calles-maschwitz-e1718129368231-300x293.jpg 300w\" sizes=\"(max-width: 719px) 100vw, 719px\" \/><\/a><\/p>\n<p>Esta medida mejorar\u00eda las condiciones de seguridad vial y generar\u00eda una grilla m\u00e1s ordenada y c\u00f3moda para la circulaci\u00f3n de veh\u00edculos particulares y de transporte de carga. Durante el pr\u00f3ximo fin de semana, personal de la Subsecretar\u00eda de Tr\u00e1nsito y orientadores municipales recorrer\u00e1n la zona para brindar asistencia a quienes circulen por el lugar y responder\u00e1n a las consultas de los vecinos y comerciantes.<\/p>\n<h3><span style=\"color: #003366;\">Se habilit\u00f3 el tr\u00e1nsito de la calle Independencia<\/span><\/h3>\n<p>Finaliz\u00f3 la obra integral de la calle Independencia, en Ingeniero Maschwitz, y ya se encuentra habilitado el tr\u00e1nsito en dicha calle, entre Ruta 26 y el nuevo puente sobre el Arroyo Gar\u00edn.<\/p>\n<p>En tanto, durante los pr\u00f3ximos d\u00edas se realizar\u00e1n las \u00faltimas tareas de limpieza y zanjeo para mejorar el escurrimiento superficial y la seguridad vial de la zona, ya que Independencia es una calle con gran flujo de tr\u00e1nsito por ser la arteria principal del barrio San Lorenzo y un nexo entre los municipios de Escobar y Tigre.<\/p>\n<h3><span style=\"color: #003366;\">Ruta 26: cortes de calles en horario nocturno por obras<\/span><\/h3>\n<p>Avanza la repavimentaci\u00f3n y puesta en valor de la Ruta 26 que abarca las localidades de Ingeniero Maschwitz y Maquinista Savio. Es por eso que, desde el mi\u00e9rcoles 12 al jueves 13 de junio desde las 21 horas hasta las 6 de la ma\u00f1ana y del jueves 13 al viernes 14 en el mismo horario, se realizar\u00e1n cortes viales y desv\u00edos debido a la construcci\u00f3n de cruces de ca\u00f1er\u00edas de hormig\u00f3n sobre las intersecciones de la Ruta 26 con las calles Echeverr\u00eda, Casteran, Bariloche y Belgrano.<\/p>\n<p>Durante esos d\u00edas y horarios, el tr\u00e1nsito pesado no podr\u00e1 circular por la Ruta 26 en el tramo entre Patricias Argentinas y la Colectora Este siendo desviado hacia Gar\u00edn. Lo mismo ocurrir\u00e1 con el transporte p\u00fablico sobre la ruta que ser\u00e1 desviado entre las calles Almafuerte y Azurduy, dejando operativos en ese tramo solo los refugios de esas intersecciones. Por su parte, los veh\u00edculos particulares ser\u00e1n desviados entre las calles Arroyo y Jos\u00e9 Hern\u00e1ndez.<\/p>\n","protected":false},"excerpt":{"rendered":"<p>A partir de este jueves, las calles que cruzan Mendoza desde colectora este hasta El Dorado, en el paseo gastron\u00f3mico de Ingeniero Maschwitz, tendr\u00e1n un [&hellip;]<\/p>\n","protected":false},"author":1,"featured_media":6100,"comment_status":"open","ping_status":"open","sticky":false,"template":"","format":"standard","meta":{"footnotes":""},"categories":[7],"tags":[],"class_list":["post-6098","post","type-post","status-publish","format-standard","has-post-thumbnail","hentry","category-interes-general"],"better_featured_image":{"id":6100,"alt_text":"","caption":"","description":"","media_type":"image","media_details":{"width":720,"height":480,"file":"2024\/06\/paseo-mendoza-e1718129311284.jpg","filesize":1210288,"sizes":{"medium":{"file":"paseo-mendoza-300x200.jpg","width":300,"height":200,"mime-type":"image\/jpeg","filesize":25419,"source_url":"https:\/\/nuevodigitaldeescobar.com.ar\/wp-content\/uploads\/2024\/06\/paseo-mendoza-300x200.jpg"},"large":{"file":"paseo-mendoza-1024x682.jpg","width":1024,"height":682,"mime-type":"image\/jpeg","filesize":197071,"source_url":"https:\/\/nuevodigitaldeescobar.com.ar\/wp-content\/uploads\/2024\/06\/paseo-mendoza-1024x682.jpg"},"thumbnail":{"file":"paseo-mendoza-150x150.jpg","width":150,"height":150,"mime-type":"image\/jpeg","filesize":12328,"source_url":"https:\/\/nuevodigitaldeescobar.com.ar\/wp-content\/uploads\/2024\/06\/paseo-mendoza-150x150.jpg"},"medium_large":{"file":"paseo-mendoza-768x512.jpg","width":768,"height":512,"mime-type":"image\/jpeg","filesize":119661,"source_url":"https:\/\/nuevodigitaldeescobar.com.ar\/wp-content\/uploads\/2024\/06\/paseo-mendoza-768x512.jpg"},"1536x1536":{"file":"paseo-mendoza-1536x1024.jpg","width":1536,"height":1024,"mime-type":"image\/jpeg","filesize":393805,"source_url":"https:\/\/nuevodigitaldeescobar.com.ar\/wp-content\/uploads\/2024\/06\/paseo-mendoza-1536x1024.jpg"},"2048x2048":{"file":"paseo-mendoza-2048x1365.jpg","width":2048,"height":1365,"mime-type":"image\/jpeg","filesize":634502,"source_url":"https:\/\/nuevodigitaldeescobar.com.ar\/wp-content\/uploads\/2024\/06\/paseo-mendoza-2048x1365.jpg"}},"image_meta":{"aperture":"0","credit":"","camera":"","caption":"","created_timestamp":"0","copyright":"","focal_length":"0","iso":"0","shutter_speed":"0","title":"","orientation":"0","keywords":[]}},"post":6098,"source_url":"https:\/\/nuevodigitaldeescobar.com.ar\/wp-content\/uploads\/2024\/06\/paseo-mendoza-e1718129311284.jpg"},"yoast_head":"<!-- This site is optimized with the Yoast SEO plugin v26.1.1 - https:\/\/yoast.com\/wordpress\/plugins\/seo\/ -->\n<title>Cambian el sentido de circulaci\u00f3n en calles del paseo gastron\u00f3mico de Maschwitz - Nuevo Digital de Escobar<\/title>\n<meta name=\"robots\" content=\"index, follow, max-snippet:-1, max-image-preview:large, max-video-preview:-1\" \/>\n<link rel=\"canonical\" href=\"https:\/\/nuevodigitaldeescobar.com.ar\/?p=6098\" \/>\n<meta property=\"og:locale\" content=\"es_ES\" \/>\n<meta property=\"og:type\" content=\"article\" \/>\n<meta property=\"og:title\" content=\"Cambian el sentido de circulaci\u00f3n en calles del paseo gastron\u00f3mico de Maschwitz - Nuevo Digital de Escobar\" \/>\n<meta property=\"og:description\" content=\"A partir de este jueves, las calles que cruzan Mendoza desde colectora este hasta El Dorado, en el paseo gastron\u00f3mico de Ingeniero Maschwitz, tendr\u00e1n un [&hellip;]\" \/>\n<meta property=\"og:url\" content=\"https:\/\/nuevodigitaldeescobar.com.ar\/?p=6098\" \/>\n<meta property=\"og:site_name\" content=\"Nuevo Digital de Escobar\" \/>\n<meta property=\"article:publisher\" content=\"https:\/\/www.facebook.com\/NUEVODigitalDeEscobar\" \/>\n<meta property=\"article:published_time\" content=\"2024-06-11T18:09:37+00:00\" \/>\n<meta property=\"article:modified_time\" content=\"2024-06-11T18:09:40+00:00\" \/>\n<meta property=\"og:image\" content=\"https:\/\/nuevodigitaldeescobar.com.ar\/wp-content\/uploads\/2024\/06\/paseo-mendoza-e1718129311284.jpg\" \/>\n\t<meta property=\"og:image:width\" content=\"720\" \/>\n\t<meta property=\"og:image:height\" content=\"480\" \/>\n\t<meta property=\"og:image:type\" content=\"image\/jpeg\" \/>\n<meta name=\"author\" content=\"Redacci\u00f3n\" \/>\n<meta name=\"twitter:card\" content=\"summary_large_image\" \/>\n<meta name=\"twitter:creator\" content=\"@nuevodigescobar\" \/>\n<meta name=\"twitter:site\" content=\"@nuevodigescobar\" \/>\n<meta name=\"twitter:label1\" content=\"Escrito por\" \/>\n\t<meta name=\"twitter:data1\" content=\"Redacci\u00f3n\" \/>\n\t<meta name=\"twitter:label2\" content=\"Tiempo de lectura\" \/>\n\t<meta name=\"twitter:data2\" content=\"3 minutos\" \/>\n<script type=\"application\/ld+json\" class=\"yoast-schema-graph\">{\"@context\":\"https:\/\/schema.org\",\"@graph\":[{\"@type\":\"Article\",\"@id\":\"https:\/\/nuevodigitaldeescobar.com.ar\/?p=6098#article\",\"isPartOf\":{\"@id\":\"https:\/\/nuevodigitaldeescobar.com.ar\/?p=6098\"},\"author\":{\"name\":\"Redacci\u00f3n\",\"@id\":\"https:\/\/nuevodigitaldeescobar.com.ar\/#\/schema\/person\/035e90a8efe9a80e6eec22656ad6ea4c\"},\"headline\":\"Cambian el sentido de circulaci\u00f3n en calles del paseo gastron\u00f3mico de Maschwitz\",\"datePublished\":\"2024-06-11T18:09:37+00:00\",\"dateModified\":\"2024-06-11T18:09:40+00:00\",\"mainEntityOfPage\":{\"@id\":\"https:\/\/nuevodigitaldeescobar.com.ar\/?p=6098\"},\"wordCount\":560,\"commentCount\":0,\"publisher\":{\"@id\":\"https:\/\/nuevodigitaldeescobar.com.ar\/#organization\"},\"image\":{\"@id\":\"https:\/\/nuevodigitaldeescobar.com.ar\/?p=6098#primaryimage\"},\"thumbnailUrl\":\"https:\/\/nuevodigitaldeescobar.com.ar\/wp-content\/uploads\/2024\/06\/paseo-mendoza-e1718129311284.jpg\",\"articleSection\":[\"Inter\u00e9s general\"],\"inLanguage\":\"es\",\"potentialAction\":[{\"@type\":\"CommentAction\",\"name\":\"Comment\",\"target\":[\"https:\/\/nuevodigitaldeescobar.com.ar\/?p=6098#respond\"]}]},{\"@type\":\"WebPage\",\"@id\":\"https:\/\/nuevodigitaldeescobar.com.ar\/?p=6098\",\"url\":\"https:\/\/nuevodigitaldeescobar.com.ar\/?p=6098\",\"name\":\"Cambian el sentido de circulaci\u00f3n en calles del paseo gastron\u00f3mico de Maschwitz - Nuevo Digital de Escobar\",\"isPartOf\":{\"@id\":\"https:\/\/nuevodigitaldeescobar.com.ar\/#website\"},\"primaryImageOfPage\":{\"@id\":\"https:\/\/nuevodigitaldeescobar.com.ar\/?p=6098#primaryimage\"},\"image\":{\"@id\":\"https:\/\/nuevodigitaldeescobar.com.ar\/?p=6098#primaryimage\"},\"thumbnailUrl\":\"https:\/\/nuevodigitaldeescobar.com.ar\/wp-content\/uploads\/2024\/06\/paseo-mendoza-e1718129311284.jpg\",\"datePublished\":\"2024-06-11T18:09:37+00:00\",\"dateModified\":\"2024-06-11T18:09:40+00:00\",\"breadcrumb\":{\"@id\":\"https:\/\/nuevodigitaldeescobar.com.ar\/?p=6098#breadcrumb\"},\"inLanguage\":\"es\",\"potentialAction\":[{\"@type\":\"ReadAction\",\"target\":[\"https:\/\/nuevodigitaldeescobar.com.ar\/?p=6098\"]}]},{\"@type\":\"ImageObject\",\"inLanguage\":\"es\",\"@id\":\"https:\/\/nuevodigitaldeescobar.com.ar\/?p=6098#primaryimage\",\"url\":\"https:\/\/nuevodigitaldeescobar.com.ar\/wp-content\/uploads\/2024\/06\/paseo-mendoza-e1718129311284.jpg\",\"contentUrl\":\"https:\/\/nuevodigitaldeescobar.com.ar\/wp-content\/uploads\/2024\/06\/paseo-mendoza-e1718129311284.jpg\",\"width\":720,\"height\":480},{\"@type\":\"BreadcrumbList\",\"@id\":\"https:\/\/nuevodigitaldeescobar.com.ar\/?p=6098#breadcrumb\",\"itemListElement\":[{\"@type\":\"ListItem\",\"position\":1,\"name\":\"Portada\",\"item\":\"https:\/\/nuevodigitaldeescobar.com.ar\/\"},{\"@type\":\"ListItem\",\"position\":2,\"name\":\"Cambian el sentido de circulaci\u00f3n en calles del paseo gastron\u00f3mico de Maschwitz\"}]},{\"@type\":\"WebSite\",\"@id\":\"https:\/\/nuevodigitaldeescobar.com.ar\/#website\",\"url\":\"https:\/\/nuevodigitaldeescobar.com.ar\/\",\"name\":\"Nuevo Digital de Escobar\",\"description\":\"La vida escobarense. Directora: Rosana Brunner\",\"publisher\":{\"@id\":\"https:\/\/nuevodigitaldeescobar.com.ar\/#organization\"},\"potentialAction\":[{\"@type\":\"SearchAction\",\"target\":{\"@type\":\"EntryPoint\",\"urlTemplate\":\"https:\/\/nuevodigitaldeescobar.com.ar\/?s={search_term_string}\"},\"query-input\":{\"@type\":\"PropertyValueSpecification\",\"valueRequired\":true,\"valueName\":\"search_term_string\"}}],\"inLanguage\":\"es\"},{\"@type\":\"Organization\",\"@id\":\"https:\/\/nuevodigitaldeescobar.com.ar\/#organization\",\"name\":\"Nuevo Digital de Escobar\",\"url\":\"https:\/\/nuevodigitaldeescobar.com.ar\/\",\"logo\":{\"@type\":\"ImageObject\",\"inLanguage\":\"es\",\"@id\":\"https:\/\/nuevodigitaldeescobar.com.ar\/#\/schema\/logo\/image\/\",\"url\":\"https:\/\/nuevodigitaldeescobar.com.ar\/wp-content\/uploads\/2025\/05\/cropped-logo-nuevo2.jpg\",\"contentUrl\":\"https:\/\/nuevodigitaldeescobar.com.ar\/wp-content\/uploads\/2025\/05\/cropped-logo-nuevo2.jpg\",\"width\":305,\"height\":305,\"caption\":\"Nuevo Digital de Escobar\"},\"image\":{\"@id\":\"https:\/\/nuevodigitaldeescobar.com.ar\/#\/schema\/logo\/image\/\"},\"sameAs\":[\"https:\/\/www.facebook.com\/NUEVODigitalDeEscobar\",\"https:\/\/x.com\/nuevodigescobar\",\"https:\/\/www.instagram.com\/nuevodigitaldeescobar\"]},{\"@type\":\"Person\",\"@id\":\"https:\/\/nuevodigitaldeescobar.com.ar\/#\/schema\/person\/035e90a8efe9a80e6eec22656ad6ea4c\",\"name\":\"Redacci\u00f3n\",\"image\":{\"@type\":\"ImageObject\",\"inLanguage\":\"es\",\"@id\":\"https:\/\/nuevodigitaldeescobar.com.ar\/#\/schema\/person\/image\/\",\"url\":\"https:\/\/secure.gravatar.com\/avatar\/8af8f40000c24e9eef3034f2be5998a372bb1389e64b1a4a36b3a7979142220d?s=96&d=mm&r=g\",\"contentUrl\":\"https:\/\/secure.gravatar.com\/avatar\/8af8f40000c24e9eef3034f2be5998a372bb1389e64b1a4a36b3a7979142220d?s=96&d=mm&r=g\",\"caption\":\"Redacci\u00f3n\"},\"sameAs\":[\"http:\/\/nuevodigitaldeescobar.com.ar\"],\"url\":\"https:\/\/nuevodigitaldeescobar.com.ar\/?author=1\"}]}<\/script>\n<!-- \/ Yoast SEO plugin. -->","yoast_head_json":{"title":"Cambian el sentido de circulaci\u00f3n en calles del paseo gastron\u00f3mico de Maschwitz - Nuevo Digital de Escobar","robots":{"index":"index","follow":"follow","max-snippet":"max-snippet:-1","max-image-preview":"max-image-preview:large","max-video-preview":"max-video-preview:-1"},"canonical":"https:\/\/nuevodigitaldeescobar.com.ar\/?p=6098","og_locale":"es_ES","og_type":"article","og_title":"Cambian el sentido de circulaci\u00f3n en calles del paseo gastron\u00f3mico de Maschwitz - Nuevo Digital de Escobar","og_description":"A partir de este jueves, las calles que cruzan Mendoza desde colectora este hasta El Dorado, en el paseo gastron\u00f3mico de Ingeniero Maschwitz, tendr\u00e1n un [&hellip;]","og_url":"https:\/\/nuevodigitaldeescobar.com.ar\/?p=6098","og_site_name":"Nuevo Digital de Escobar","article_publisher":"https:\/\/www.facebook.com\/NUEVODigitalDeEscobar","article_published_time":"2024-06-11T18:09:37+00:00","article_modified_time":"2024-06-11T18:09:40+00:00","og_image":[{"width":720,"height":480,"url":"https:\/\/nuevodigitaldeescobar.com.ar\/wp-content\/uploads\/2024\/06\/paseo-mendoza-e1718129311284.jpg","type":"image\/jpeg"}],"author":"Redacci\u00f3n","twitter_card":"summary_large_image","twitter_creator":"@nuevodigescobar","twitter_site":"@nuevodigescobar","twitter_misc":{"Escrito por":"Redacci\u00f3n","Tiempo de lectura":"3 minutos"},"schema":{"@context":"https:\/\/schema.org","@graph":[{"@type":"Article","@id":"https:\/\/nuevodigitaldeescobar.com.ar\/?p=6098#article","isPartOf":{"@id":"https:\/\/nuevodigitaldeescobar.com.ar\/?p=6098"},"author":{"name":"Redacci\u00f3n","@id":"https:\/\/nuevodigitaldeescobar.com.ar\/#\/schema\/person\/035e90a8efe9a80e6eec22656ad6ea4c"},"headline":"Cambian el sentido de circulaci\u00f3n en calles del paseo gastron\u00f3mico de Maschwitz","datePublished":"2024-06-11T18:09:37+00:00","dateModified":"2024-06-11T18:09:40+00:00","mainEntityOfPage":{"@id":"https:\/\/nuevodigitaldeescobar.com.ar\/?p=6098"},"wordCount":560,"commentCount":0,"publisher":{"@id":"https:\/\/nuevodigitaldeescobar.com.ar\/#organization"},"image":{"@id":"https:\/\/nuevodigitaldeescobar.com.ar\/?p=6098#primaryimage"},"thumbnailUrl":"https:\/\/nuevodigitaldeescobar.com.ar\/wp-content\/uploads\/2024\/06\/paseo-mendoza-e1718129311284.jpg","articleSection":["Inter\u00e9s general"],"inLanguage":"es","potentialAction":[{"@type":"CommentAction","name":"Comment","target":["https:\/\/nuevodigitaldeescobar.com.ar\/?p=6098#respond"]}]},{"@type":"WebPage","@id":"https:\/\/nuevodigitaldeescobar.com.ar\/?p=6098","url":"https:\/\/nuevodigitaldeescobar.com.ar\/?p=6098","name":"Cambian el sentido de circulaci\u00f3n en calles del paseo gastron\u00f3mico de Maschwitz - Nuevo Digital de Escobar","isPartOf":{"@id":"https:\/\/nuevodigitaldeescobar.com.ar\/#website"},"primaryImageOfPage":{"@id":"https:\/\/nuevodigitaldeescobar.com.ar\/?p=6098#primaryimage"},"image":{"@id":"https:\/\/nuevodigitaldeescobar.com.ar\/?p=6098#primaryimage"},"thumbnailUrl":"https:\/\/nuevodigitaldeescobar.com.ar\/wp-content\/uploads\/2024\/06\/paseo-mendoza-e1718129311284.jpg","datePublished":"2024-06-11T18:09:37+00:00","dateModified":"2024-06-11T18:09:40+00:00","breadcrumb":{"@id":"https:\/\/nuevodigitaldeescobar.com.ar\/?p=6098#breadcrumb"},"inLanguage":"es","potentialAction":[{"@type":"ReadAction","target":["https:\/\/nuevodigitaldeescobar.com.ar\/?p=6098"]}]},{"@type":"ImageObject","inLanguage":"es","@id":"https:\/\/nuevodigitaldeescobar.com.ar\/?p=6098#primaryimage","url":"https:\/\/nuevodigitaldeescobar.com.ar\/wp-content\/uploads\/2024\/06\/paseo-mendoza-e1718129311284.jpg","contentUrl":"https:\/\/nuevodigitaldeescobar.com.ar\/wp-content\/uploads\/2024\/06\/paseo-mendoza-e1718129311284.jpg","width":720,"height":480},{"@type":"BreadcrumbList","@id":"https:\/\/nuevodigitaldeescobar.com.ar\/?p=6098#breadcrumb","itemListElement":[{"@type":"ListItem","position":1,"name":"Portada","item":"https:\/\/nuevodigitaldeescobar.com.ar\/"},{"@type":"ListItem","position":2,"name":"Cambian el sentido de circulaci\u00f3n en calles del paseo gastron\u00f3mico de Maschwitz"}]},{"@type":"WebSite","@id":"https:\/\/nuevodigitaldeescobar.com.ar\/#website","url":"https:\/\/nuevodigitaldeescobar.com.ar\/","name":"Nuevo Digital de Escobar","description":"La vida escobarense. Directora: Rosana Brunner","publisher":{"@id":"https:\/\/nuevodigitaldeescobar.com.ar\/#organization"},"potentialAction":[{"@type":"SearchAction","target":{"@type":"EntryPoint","urlTemplate":"https:\/\/nuevodigitaldeescobar.com.ar\/?s={search_term_string}"},"query-input":{"@type":"PropertyValueSpecification","valueRequired":true,"valueName":"search_term_string"}}],"inLanguage":"es"},{"@type":"Organization","@id":"https:\/\/nuevodigitaldeescobar.com.ar\/#organization","name":"Nuevo Digital de Escobar","url":"https:\/\/nuevodigitaldeescobar.com.ar\/","logo":{"@type":"ImageObject","inLanguage":"es","@id":"https:\/\/nuevodigitaldeescobar.com.ar\/#\/schema\/logo\/image\/","url":"https:\/\/nuevodigitaldeescobar.com.ar\/wp-content\/uploads\/2025\/05\/cropped-logo-nuevo2.jpg","contentUrl":"https:\/\/nuevodigitaldeescobar.com.ar\/wp-content\/uploads\/2025\/05\/cropped-logo-nuevo2.jpg","width":305,"height":305,"caption":"Nuevo Digital de Escobar"},"image":{"@id":"https:\/\/nuevodigitaldeescobar.com.ar\/#\/schema\/logo\/image\/"},"sameAs":["https:\/\/www.facebook.com\/NUEVODigitalDeEscobar","https:\/\/x.com\/nuevodigescobar","https:\/\/www.instagram.com\/nuevodigitaldeescobar"]},{"@type":"Person","@id":"https:\/\/nuevodigitaldeescobar.com.ar\/#\/schema\/person\/035e90a8efe9a80e6eec22656ad6ea4c","name":"Redacci\u00f3n","image":{"@type":"ImageObject","inLanguage":"es","@id":"https:\/\/nuevodigitaldeescobar.com.ar\/#\/schema\/person\/image\/","url":"https:\/\/secure.gravatar.com\/avatar\/8af8f40000c24e9eef3034f2be5998a372bb1389e64b1a4a36b3a7979142220d?s=96&d=mm&r=g","contentUrl":"https:\/\/secure.gravatar.com\/avatar\/8af8f40000c24e9eef3034f2be5998a372bb1389e64b1a4a36b3a7979142220d?s=96&d=mm&r=g","caption":"Redacci\u00f3n"},"sameAs":["http:\/\/nuevodigitaldeescobar.com.ar"],"url":"https:\/\/nuevodigitaldeescobar.com.ar\/?author=1"}]}},"featured_image_urls":{"full":["https:\/\/nuevodigitaldeescobar.com.ar\/wp-content\/uploads\/2024\/06\/paseo-mendoza-e1718129311284.jpg",720,480,false],"thumbnail":["https:\/\/nuevodigitaldeescobar.com.ar\/wp-content\/uploads\/2024\/06\/paseo-mendoza-150x150.jpg",150,150,true],"medium":["https:\/\/nuevodigitaldeescobar.com.ar\/wp-content\/uploads\/2024\/06\/paseo-mendoza-300x200.jpg",300,200,true],"medium_large":["https:\/\/nuevodigitaldeescobar.com.ar\/wp-content\/uploads\/2024\/06\/paseo-mendoza-768x512.jpg",640,427,true],"large":["https:\/\/nuevodigitaldeescobar.com.ar\/wp-content\/uploads\/2024\/06\/paseo-mendoza-1024x682.jpg",640,426,true],"1536x1536":["https:\/\/nuevodigitaldeescobar.com.ar\/wp-content\/uploads\/2024\/06\/paseo-mendoza-1536x1024.jpg",1536,1024,true],"2048x2048":["https:\/\/nuevodigitaldeescobar.com.ar\/wp-content\/uploads\/2024\/06\/paseo-mendoza-2048x1365.jpg",2048,1365,true]},"author_info":{"display_name":"Redacci\u00f3n","author_link":"https:\/\/nuevodigitaldeescobar.com.ar\/?author=1"},"category_info":"<a href=\"https:\/\/nuevodigitaldeescobar.com.ar\/?cat=7\" rel=\"category\">Inter\u00e9s general<\/a>","tag_info":"Inter\u00e9s general","comment_count":"0","_links":{"self":[{"href":"https:\/\/nuevodigitaldeescobar.com.ar\/index.php?rest_route=\/wp\/v2\/posts\/6098","targetHints":{"allow":["GET"]}}],"collection":[{"href":"https:\/\/nuevodigitaldeescobar.com.ar\/index.php?rest_route=\/wp\/v2\/posts"}],"about":[{"href":"https:\/\/nuevodigitaldeescobar.com.ar\/index.php?rest_route=\/wp\/v2\/types\/post"}],"author":[{"embeddable":true,"href":"https:\/\/nuevodigitaldeescobar.com.ar\/index.php?rest_route=\/wp\/v2\/users\/1"}],"replies":[{"embeddable":true,"href":"https:\/\/nuevodigitaldeescobar.com.ar\/index.php?rest_route=%2Fwp%2Fv2%2Fcomments&post=6098"}],"version-history":[{"count":1,"href":"https:\/\/nuevodigitaldeescobar.com.ar\/index.php?rest_route=\/wp\/v2\/posts\/6098\/revisions"}],"predecessor-version":[{"id":6101,"href":"https:\/\/nuevodigitaldeescobar.com.ar\/index.php?rest_route=\/wp\/v2\/posts\/6098\/revisions\/6101"}],"wp:featuredmedia":[{"embeddable":true,"href":"https:\/\/nuevodigitaldeescobar.com.ar\/index.php?rest_route=\/wp\/v2\/media\/6100"}],"wp:attachment":[{"href":"https:\/\/nuevodigitaldeescobar.com.ar\/index.php?rest_route=%2Fwp%2Fv2%2Fmedia&parent=6098"}],"wp:term":[{"taxonomy":"category","embeddable":true,"href":"https:\/\/nuevodigitaldeescobar.com.ar\/index.php?rest_route=%2Fwp%2Fv2%2Fcategories&post=6098"},{"taxonomy":"post_tag","embeddable":true,"href":"https:\/\/nuevodigitaldeescobar.com.ar\/index.php?rest_route=%2Fwp%2Fv2%2Ftags&post=6098"}],"curies":[{"name":"wp","href":"https:\/\/api.w.org\/{rel}","templated":true}]}}