{"id":6158,"date":"2024-06-15T07:00:00","date_gmt":"2024-06-15T10:00:00","guid":{"rendered":"https:\/\/nuevodigitaldeescobar.com.ar\/?p=6158"},"modified":"2024-06-13T15:03:57","modified_gmt":"2024-06-13T18:03:57","slug":"argentinos-por-la-educacion-uno-de-cada-tres-alumnos-de-tercer-grado-no-entiende-lo-que-lee","status":"publish","type":"post","link":"https:\/\/nuevodigitaldeescobar.com.ar\/?p=6158","title":{"rendered":"Argentinos por la Educaci\u00f3n: uno de cada tres alumnos de tercer grado no entiende lo que lee"},"content":{"rendered":"<p><span style=\"color: #003366;\"><strong><em>La reconocida ONG realiz\u00f3 un monitoreo para analizar los planes de alfabetizaci\u00f3n presentados por la Naci\u00f3n y las provincias y volvi\u00f3 a advertir sobre el preocupante panorama que hay en las dificultades en la lectura y la escritura.<\/em><\/strong><\/span><\/p>\n<p><!--more--><\/p>\n<hr \/>\n<p>Las pruebas Aprender 2023 y el Estudio Regional Comparativo y Explicativo de la Organizaci\u00f3n de las Naciones Unidas para la Educaci\u00f3n, la Ciencia y la Cultura (ERCE-Unesco) arrojaron resultados que advirtieron las debilidades de los alumnos en distintas \u00e1reas.<\/p>\n<p>Frente a esta situaci\u00f3n, 190 organizaciones de todo el pa\u00eds lanzaron en abril del a\u00f1o pasado la Campa\u00f1a Nacional por la Alfabetizaci\u00f3n para lograr que todos los chicos del pa\u00eds mejoren su comprensi\u00f3n lectora.<\/p>\n<p>La iniciativa tiene como meta que el Gobierno nacional y las autoridades provinciales formalicen su compromiso para mejorar el aprendizaje de los alumnos en el nivel inicial y en el primario.<\/p>\n<p>Este jueves, Argentinos por la Educaci\u00f3n difundi\u00f3 su primer informe de monitoreo de los planes presentados por las distintas jurisdicciones.<\/p>\n<p>El a\u00f1o pasado se hab\u00eda lanzado el <em>\u00abCompromiso por la Alfabetizaci\u00f3n\u00bb<\/em> al que hab\u00edan adherido en campa\u00f1a los entonces candidatos presidenciales Javier Milei, Sergio Massa, Juan Schiaretti, Juan Grabois, Horacio Rodr\u00edguez Larreta y Patricia Bullrich.<\/p>\n<p>El documento apostaba a desarrollar un plan para priorizar las pol\u00edticas de alfabetizaci\u00f3n, dar apoyo t\u00e9cnico a las provincias, hacer la transferencia de recursos que se requiera, e implementar peri\u00f3dicamente las Pruebas Aprender en tercer grado para poder evaluar la comprensi\u00f3n lectora.<\/p>\n<p>Hasta el momento, 17 gobernadores suscribieron el Compromiso por la Alfabetizaci\u00f3n: el porte\u00f1o Jorge Macri; el catamarque\u00f1o Ra\u00fal Jalil; el correntino Gustavo Vald\u00e9s; el chaque\u00f1o Leandro Zdero; el chubutense Ignacio Torres; el cordob\u00e9s Mart\u00edn Llaryora; el entrerriano Rogelio Frigerio; el riojano Ricardo Quintela; el mendocino Alfredo Cornejo; el misionero Hugo Passalacqua; el neuquino Rolando Figueroa; el rionegrino Alberto Weretilneck; el santacruce\u00f1o Claudio Vidal; el sanjuanino Marcelo Orrego; el sanluise\u00f1o Claudio Poggi; el santafesino Maximiliano Pullaro; y el fueguino Gustavo Melella;<\/p>\n<p>En tanto, las autoridades de Buenos Aires, Formosa, Jujuy, La Pampa, Santiago del Estero, Salta y Tucum\u00e1n se encuentran en conversaciones con los responsables de la campa\u00f1a.<\/p>\n<p>Los temas relativos al financiamiento nacional de los planes provinciales demoraron la aprobaci\u00f3n del documento, aunque luego fue suscripto de manera un\u00e1nime en el Consejo Federal de Educaci\u00f3n.<\/p>\n<p>Adem\u00e1s, se defini\u00f3 que la evaluaci\u00f3n y consecuente reformulaci\u00f3n de los planes se har\u00e1 con una periodicidad anual, durante el cuarto trimestre del a\u00f1o.<\/p>\n<p><em>\u00abLuego del posicionamiento del tema y la solicitud de compromiso a los diferentes niveles de gobierno empezamos ahora la etapa de monitoreo\u00bb<\/em>, afirm\u00f3 la coordinadora de Relaciones Gubernamentales de Argentinos por la Educaci\u00f3n, Agustina Lenzi.<\/p>\n<p>Y agreg\u00f3: <em>\u00abAfortunadamente, tanto la Naci\u00f3n como las provincias presentaron sus planes sobre alfabetizaci\u00f3n y vamos a seguir de cerca la implementaci\u00f3n\u00bb<\/em>.<\/p>\n<p>Para la reconocida ONG, el principal indicador de \u00e9xito de esta campa\u00f1a ser\u00e1 la mejora del aprendizaje. El foco estar\u00e1 puesto en los vinculados a la alfabetizaci\u00f3n inicial en todo el pa\u00eds, concretamente en la comprensi\u00f3n lectora: <strong>actualmente uno de cada dos chicos de 3er grado no entiende lo que lee<\/strong>.<\/p>\n<p><em>\u00abHoy ya es un logro que el tema est\u00e1 en agenda y los gobiernos se est\u00e9n ocupando\u00bb<\/em>, se\u00f1al\u00f3 Lenzi. Para Argentinos por la Educaci\u00f3n es importante que Naci\u00f3n y provincias desarrollen estrategias de monitoreo y evaluaci\u00f3n y que publiquen los resultados.<\/p>\n<p><em>\u00abPuntualmente esperamos este a\u00f1o la implementaci\u00f3n de las pruebas nacionales Aprender en tercer grado en lengua, una herramienta fundamental para terminar de entender d\u00f3nde estamos y qu\u00e9 necesitamos\u00bb<\/em>, finaliz\u00f3.<\/p>\n<p><em>(NA)<\/em><\/p>\n","protected":false},"excerpt":{"rendered":"<p>La reconocida ONG realiz\u00f3 un monitoreo para analizar los planes de alfabetizaci\u00f3n presentados por la Naci\u00f3n y las provincias y volvi\u00f3 a advertir sobre el [&hellip;]<\/p>\n","protected":false},"author":1,"featured_media":6159,"comment_status":"open","ping_status":"open","sticky":false,"template":"","format":"standard","meta":{"footnotes":""},"categories":[4,61],"tags":[],"class_list":["post-6158","post","type-post","status-publish","format-standard","has-post-thumbnail","hentry","category-educacion","category-nacionales"],"better_featured_image":{"id":6159,"alt_text":"","caption":"","description":"","media_type":"image","media_details":{"width":720,"height":527,"file":"2024\/06\/educacion-escuela-alumnos-e1718301828306.jpg","filesize":193621,"sizes":{"medium":{"file":"educacion-escuela-alumnos-300x220.jpg","width":300,"height":220,"mime-type":"image\/jpeg","filesize":17813,"source_url":"https:\/\/nuevodigitaldeescobar.com.ar\/wp-content\/uploads\/2024\/06\/educacion-escuela-alumnos-300x220.jpg"},"thumbnail":{"file":"educacion-escuela-alumnos-150x150.jpg","width":150,"height":150,"mime-type":"image\/jpeg","filesize":7206,"source_url":"https:\/\/nuevodigitaldeescobar.com.ar\/wp-content\/uploads\/2024\/06\/educacion-escuela-alumnos-150x150.jpg"},"medium_large":{"file":"educacion-escuela-alumnos-768x562.jpg","width":768,"height":562,"mime-type":"image\/jpeg","filesize":82338,"source_url":"https:\/\/nuevodigitaldeescobar.com.ar\/wp-content\/uploads\/2024\/06\/educacion-escuela-alumnos-768x562.jpg"}},"image_meta":{"aperture":"0","credit":"","camera":"","caption":"","created_timestamp":"0","copyright":"","focal_length":"0","iso":"0","shutter_speed":"0","title":"","orientation":"0","keywords":[]}},"post":6158,"source_url":"https:\/\/nuevodigitaldeescobar.com.ar\/wp-content\/uploads\/2024\/06\/educacion-escuela-alumnos-e1718301828306.jpg"},"yoast_head":"<!-- This site is optimized with the Yoast SEO plugin v26.1.1 - https:\/\/yoast.com\/wordpress\/plugins\/seo\/ -->\n<title>Argentinos por la Educaci\u00f3n: uno de cada tres alumnos de tercer grado no entiende lo que lee - Nuevo Digital de Escobar<\/title>\n<meta name=\"robots\" content=\"index, follow, max-snippet:-1, max-image-preview:large, max-video-preview:-1\" \/>\n<link rel=\"canonical\" href=\"https:\/\/nuevodigitaldeescobar.com.ar\/?p=6158\" \/>\n<meta property=\"og:locale\" content=\"es_ES\" \/>\n<meta property=\"og:type\" content=\"article\" \/>\n<meta property=\"og:title\" content=\"Argentinos por la Educaci\u00f3n: uno de cada tres alumnos de tercer grado no entiende lo que lee - Nuevo Digital de Escobar\" \/>\n<meta property=\"og:description\" content=\"La reconocida ONG realiz\u00f3 un monitoreo para analizar los planes de alfabetizaci\u00f3n presentados por la Naci\u00f3n y las provincias y volvi\u00f3 a advertir sobre el [&hellip;]\" \/>\n<meta property=\"og:url\" content=\"https:\/\/nuevodigitaldeescobar.com.ar\/?p=6158\" \/>\n<meta property=\"og:site_name\" content=\"Nuevo Digital de Escobar\" \/>\n<meta property=\"article:publisher\" content=\"https:\/\/www.facebook.com\/NUEVODigitalDeEscobar\" \/>\n<meta property=\"article:published_time\" content=\"2024-06-15T10:00:00+00:00\" \/>\n<meta property=\"og:image\" content=\"https:\/\/nuevodigitaldeescobar.com.ar\/wp-content\/uploads\/2024\/06\/educacion-escuela-alumnos-e1718301828306.jpg\" \/>\n\t<meta property=\"og:image:width\" content=\"720\" \/>\n\t<meta property=\"og:image:height\" content=\"527\" \/>\n\t<meta property=\"og:image:type\" content=\"image\/jpeg\" \/>\n<meta name=\"author\" content=\"Redacci\u00f3n\" \/>\n<meta name=\"twitter:card\" content=\"summary_large_image\" \/>\n<meta name=\"twitter:creator\" content=\"@nuevodigescobar\" \/>\n<meta name=\"twitter:site\" content=\"@nuevodigescobar\" \/>\n<meta name=\"twitter:label1\" content=\"Escrito por\" \/>\n\t<meta name=\"twitter:data1\" content=\"Redacci\u00f3n\" \/>\n\t<meta name=\"twitter:label2\" content=\"Tiempo de lectura\" \/>\n\t<meta name=\"twitter:data2\" content=\"3 minutos\" \/>\n<script type=\"application\/ld+json\" class=\"yoast-schema-graph\">{\"@context\":\"https:\/\/schema.org\",\"@graph\":[{\"@type\":\"Article\",\"@id\":\"https:\/\/nuevodigitaldeescobar.com.ar\/?p=6158#article\",\"isPartOf\":{\"@id\":\"https:\/\/nuevodigitaldeescobar.com.ar\/?p=6158\"},\"author\":{\"name\":\"Redacci\u00f3n\",\"@id\":\"https:\/\/nuevodigitaldeescobar.com.ar\/#\/schema\/person\/035e90a8efe9a80e6eec22656ad6ea4c\"},\"headline\":\"Argentinos por la Educaci\u00f3n: uno de cada tres alumnos de tercer grado no entiende lo que lee\",\"datePublished\":\"2024-06-15T10:00:00+00:00\",\"mainEntityOfPage\":{\"@id\":\"https:\/\/nuevodigitaldeescobar.com.ar\/?p=6158\"},\"wordCount\":650,\"commentCount\":0,\"publisher\":{\"@id\":\"https:\/\/nuevodigitaldeescobar.com.ar\/#organization\"},\"image\":{\"@id\":\"https:\/\/nuevodigitaldeescobar.com.ar\/?p=6158#primaryimage\"},\"thumbnailUrl\":\"https:\/\/nuevodigitaldeescobar.com.ar\/wp-content\/uploads\/2024\/06\/educacion-escuela-alumnos-e1718301828306.jpg\",\"articleSection\":[\"Educaci\u00f3n\",\"Nacionales\"],\"inLanguage\":\"es\",\"potentialAction\":[{\"@type\":\"CommentAction\",\"name\":\"Comment\",\"target\":[\"https:\/\/nuevodigitaldeescobar.com.ar\/?p=6158#respond\"]}]},{\"@type\":\"WebPage\",\"@id\":\"https:\/\/nuevodigitaldeescobar.com.ar\/?p=6158\",\"url\":\"https:\/\/nuevodigitaldeescobar.com.ar\/?p=6158\",\"name\":\"Argentinos por la Educaci\u00f3n: uno de cada tres alumnos de tercer grado no entiende lo que lee - Nuevo Digital de Escobar\",\"isPartOf\":{\"@id\":\"https:\/\/nuevodigitaldeescobar.com.ar\/#website\"},\"primaryImageOfPage\":{\"@id\":\"https:\/\/nuevodigitaldeescobar.com.ar\/?p=6158#primaryimage\"},\"image\":{\"@id\":\"https:\/\/nuevodigitaldeescobar.com.ar\/?p=6158#primaryimage\"},\"thumbnailUrl\":\"https:\/\/nuevodigitaldeescobar.com.ar\/wp-content\/uploads\/2024\/06\/educacion-escuela-alumnos-e1718301828306.jpg\",\"datePublished\":\"2024-06-15T10:00:00+00:00\",\"breadcrumb\":{\"@id\":\"https:\/\/nuevodigitaldeescobar.com.ar\/?p=6158#breadcrumb\"},\"inLanguage\":\"es\",\"potentialAction\":[{\"@type\":\"ReadAction\",\"target\":[\"https:\/\/nuevodigitaldeescobar.com.ar\/?p=6158\"]}]},{\"@type\":\"ImageObject\",\"inLanguage\":\"es\",\"@id\":\"https:\/\/nuevodigitaldeescobar.com.ar\/?p=6158#primaryimage\",\"url\":\"https:\/\/nuevodigitaldeescobar.com.ar\/wp-content\/uploads\/2024\/06\/educacion-escuela-alumnos-e1718301828306.jpg\",\"contentUrl\":\"https:\/\/nuevodigitaldeescobar.com.ar\/wp-content\/uploads\/2024\/06\/educacion-escuela-alumnos-e1718301828306.jpg\",\"width\":720,\"height\":527},{\"@type\":\"BreadcrumbList\",\"@id\":\"https:\/\/nuevodigitaldeescobar.com.ar\/?p=6158#breadcrumb\",\"itemListElement\":[{\"@type\":\"ListItem\",\"position\":1,\"name\":\"Portada\",\"item\":\"https:\/\/nuevodigitaldeescobar.com.ar\/\"},{\"@type\":\"ListItem\",\"position\":2,\"name\":\"Argentinos por la Educaci\u00f3n: uno de cada tres alumnos de tercer grado no entiende lo que lee\"}]},{\"@type\":\"WebSite\",\"@id\":\"https:\/\/nuevodigitaldeescobar.com.ar\/#website\",\"url\":\"https:\/\/nuevodigitaldeescobar.com.ar\/\",\"name\":\"Nuevo Digital de Escobar\",\"description\":\"La vida escobarense. Directora: Rosana Brunner\",\"publisher\":{\"@id\":\"https:\/\/nuevodigitaldeescobar.com.ar\/#organization\"},\"potentialAction\":[{\"@type\":\"SearchAction\",\"target\":{\"@type\":\"EntryPoint\",\"urlTemplate\":\"https:\/\/nuevodigitaldeescobar.com.ar\/?s={search_term_string}\"},\"query-input\":{\"@type\":\"PropertyValueSpecification\",\"valueRequired\":true,\"valueName\":\"search_term_string\"}}],\"inLanguage\":\"es\"},{\"@type\":\"Organization\",\"@id\":\"https:\/\/nuevodigitaldeescobar.com.ar\/#organization\",\"name\":\"Nuevo Digital de Escobar\",\"url\":\"https:\/\/nuevodigitaldeescobar.com.ar\/\",\"logo\":{\"@type\":\"ImageObject\",\"inLanguage\":\"es\",\"@id\":\"https:\/\/nuevodigitaldeescobar.com.ar\/#\/schema\/logo\/image\/\",\"url\":\"https:\/\/nuevodigitaldeescobar.com.ar\/wp-content\/uploads\/2025\/05\/cropped-logo-nuevo2.jpg\",\"contentUrl\":\"https:\/\/nuevodigitaldeescobar.com.ar\/wp-content\/uploads\/2025\/05\/cropped-logo-nuevo2.jpg\",\"width\":305,\"height\":305,\"caption\":\"Nuevo Digital de Escobar\"},\"image\":{\"@id\":\"https:\/\/nuevodigitaldeescobar.com.ar\/#\/schema\/logo\/image\/\"},\"sameAs\":[\"https:\/\/www.facebook.com\/NUEVODigitalDeEscobar\",\"https:\/\/x.com\/nuevodigescobar\",\"https:\/\/www.instagram.com\/nuevodigitaldeescobar\"]},{\"@type\":\"Person\",\"@id\":\"https:\/\/nuevodigitaldeescobar.com.ar\/#\/schema\/person\/035e90a8efe9a80e6eec22656ad6ea4c\",\"name\":\"Redacci\u00f3n\",\"image\":{\"@type\":\"ImageObject\",\"inLanguage\":\"es\",\"@id\":\"https:\/\/nuevodigitaldeescobar.com.ar\/#\/schema\/person\/image\/\",\"url\":\"https:\/\/secure.gravatar.com\/avatar\/8af8f40000c24e9eef3034f2be5998a372bb1389e64b1a4a36b3a7979142220d?s=96&d=mm&r=g\",\"contentUrl\":\"https:\/\/secure.gravatar.com\/avatar\/8af8f40000c24e9eef3034f2be5998a372bb1389e64b1a4a36b3a7979142220d?s=96&d=mm&r=g\",\"caption\":\"Redacci\u00f3n\"},\"sameAs\":[\"http:\/\/nuevodigitaldeescobar.com.ar\"],\"url\":\"https:\/\/nuevodigitaldeescobar.com.ar\/?author=1\"}]}<\/script>\n<!-- \/ Yoast SEO plugin. -->","yoast_head_json":{"title":"Argentinos por la Educaci\u00f3n: uno de cada tres alumnos de tercer grado no entiende lo que lee - Nuevo Digital de Escobar","robots":{"index":"index","follow":"follow","max-snippet":"max-snippet:-1","max-image-preview":"max-image-preview:large","max-video-preview":"max-video-preview:-1"},"canonical":"https:\/\/nuevodigitaldeescobar.com.ar\/?p=6158","og_locale":"es_ES","og_type":"article","og_title":"Argentinos por la Educaci\u00f3n: uno de cada tres alumnos de tercer grado no entiende lo que lee - Nuevo Digital de Escobar","og_description":"La reconocida ONG realiz\u00f3 un monitoreo para analizar los planes de alfabetizaci\u00f3n presentados por la Naci\u00f3n y las provincias y volvi\u00f3 a advertir sobre el [&hellip;]","og_url":"https:\/\/nuevodigitaldeescobar.com.ar\/?p=6158","og_site_name":"Nuevo Digital de Escobar","article_publisher":"https:\/\/www.facebook.com\/NUEVODigitalDeEscobar","article_published_time":"2024-06-15T10:00:00+00:00","og_image":[{"width":720,"height":527,"url":"https:\/\/nuevodigitaldeescobar.com.ar\/wp-content\/uploads\/2024\/06\/educacion-escuela-alumnos-e1718301828306.jpg","type":"image\/jpeg"}],"author":"Redacci\u00f3n","twitter_card":"summary_large_image","twitter_creator":"@nuevodigescobar","twitter_site":"@nuevodigescobar","twitter_misc":{"Escrito por":"Redacci\u00f3n","Tiempo de lectura":"3 minutos"},"schema":{"@context":"https:\/\/schema.org","@graph":[{"@type":"Article","@id":"https:\/\/nuevodigitaldeescobar.com.ar\/?p=6158#article","isPartOf":{"@id":"https:\/\/nuevodigitaldeescobar.com.ar\/?p=6158"},"author":{"name":"Redacci\u00f3n","@id":"https:\/\/nuevodigitaldeescobar.com.ar\/#\/schema\/person\/035e90a8efe9a80e6eec22656ad6ea4c"},"headline":"Argentinos por la Educaci\u00f3n: uno de cada tres alumnos de tercer grado no entiende lo que lee","datePublished":"2024-06-15T10:00:00+00:00","mainEntityOfPage":{"@id":"https:\/\/nuevodigitaldeescobar.com.ar\/?p=6158"},"wordCount":650,"commentCount":0,"publisher":{"@id":"https:\/\/nuevodigitaldeescobar.com.ar\/#organization"},"image":{"@id":"https:\/\/nuevodigitaldeescobar.com.ar\/?p=6158#primaryimage"},"thumbnailUrl":"https:\/\/nuevodigitaldeescobar.com.ar\/wp-content\/uploads\/2024\/06\/educacion-escuela-alumnos-e1718301828306.jpg","articleSection":["Educaci\u00f3n","Nacionales"],"inLanguage":"es","potentialAction":[{"@type":"CommentAction","name":"Comment","target":["https:\/\/nuevodigitaldeescobar.com.ar\/?p=6158#respond"]}]},{"@type":"WebPage","@id":"https:\/\/nuevodigitaldeescobar.com.ar\/?p=6158","url":"https:\/\/nuevodigitaldeescobar.com.ar\/?p=6158","name":"Argentinos por la Educaci\u00f3n: uno de cada tres alumnos de tercer grado no entiende lo que lee - Nuevo Digital de Escobar","isPartOf":{"@id":"https:\/\/nuevodigitaldeescobar.com.ar\/#website"},"primaryImageOfPage":{"@id":"https:\/\/nuevodigitaldeescobar.com.ar\/?p=6158#primaryimage"},"image":{"@id":"https:\/\/nuevodigitaldeescobar.com.ar\/?p=6158#primaryimage"},"thumbnailUrl":"https:\/\/nuevodigitaldeescobar.com.ar\/wp-content\/uploads\/2024\/06\/educacion-escuela-alumnos-e1718301828306.jpg","datePublished":"2024-06-15T10:00:00+00:00","breadcrumb":{"@id":"https:\/\/nuevodigitaldeescobar.com.ar\/?p=6158#breadcrumb"},"inLanguage":"es","potentialAction":[{"@type":"ReadAction","target":["https:\/\/nuevodigitaldeescobar.com.ar\/?p=6158"]}]},{"@type":"ImageObject","inLanguage":"es","@id":"https:\/\/nuevodigitaldeescobar.com.ar\/?p=6158#primaryimage","url":"https:\/\/nuevodigitaldeescobar.com.ar\/wp-content\/uploads\/2024\/06\/educacion-escuela-alumnos-e1718301828306.jpg","contentUrl":"https:\/\/nuevodigitaldeescobar.com.ar\/wp-content\/uploads\/2024\/06\/educacion-escuela-alumnos-e1718301828306.jpg","width":720,"height":527},{"@type":"BreadcrumbList","@id":"https:\/\/nuevodigitaldeescobar.com.ar\/?p=6158#breadcrumb","itemListElement":[{"@type":"ListItem","position":1,"name":"Portada","item":"https:\/\/nuevodigitaldeescobar.com.ar\/"},{"@type":"ListItem","position":2,"name":"Argentinos por la Educaci\u00f3n: uno de cada tres alumnos de tercer grado no entiende lo que lee"}]},{"@type":"WebSite","@id":"https:\/\/nuevodigitaldeescobar.com.ar\/#website","url":"https:\/\/nuevodigitaldeescobar.com.ar\/","name":"Nuevo Digital de Escobar","description":"La vida escobarense. Directora: Rosana Brunner","publisher":{"@id":"https:\/\/nuevodigitaldeescobar.com.ar\/#organization"},"potentialAction":[{"@type":"SearchAction","target":{"@type":"EntryPoint","urlTemplate":"https:\/\/nuevodigitaldeescobar.com.ar\/?s={search_term_string}"},"query-input":{"@type":"PropertyValueSpecification","valueRequired":true,"valueName":"search_term_string"}}],"inLanguage":"es"},{"@type":"Organization","@id":"https:\/\/nuevodigitaldeescobar.com.ar\/#organization","name":"Nuevo Digital de Escobar","url":"https:\/\/nuevodigitaldeescobar.com.ar\/","logo":{"@type":"ImageObject","inLanguage":"es","@id":"https:\/\/nuevodigitaldeescobar.com.ar\/#\/schema\/logo\/image\/","url":"https:\/\/nuevodigitaldeescobar.com.ar\/wp-content\/uploads\/2025\/05\/cropped-logo-nuevo2.jpg","contentUrl":"https:\/\/nuevodigitaldeescobar.com.ar\/wp-content\/uploads\/2025\/05\/cropped-logo-nuevo2.jpg","width":305,"height":305,"caption":"Nuevo Digital de Escobar"},"image":{"@id":"https:\/\/nuevodigitaldeescobar.com.ar\/#\/schema\/logo\/image\/"},"sameAs":["https:\/\/www.facebook.com\/NUEVODigitalDeEscobar","https:\/\/x.com\/nuevodigescobar","https:\/\/www.instagram.com\/nuevodigitaldeescobar"]},{"@type":"Person","@id":"https:\/\/nuevodigitaldeescobar.com.ar\/#\/schema\/person\/035e90a8efe9a80e6eec22656ad6ea4c","name":"Redacci\u00f3n","image":{"@type":"ImageObject","inLanguage":"es","@id":"https:\/\/nuevodigitaldeescobar.com.ar\/#\/schema\/person\/image\/","url":"https:\/\/secure.gravatar.com\/avatar\/8af8f40000c24e9eef3034f2be5998a372bb1389e64b1a4a36b3a7979142220d?s=96&d=mm&r=g","contentUrl":"https:\/\/secure.gravatar.com\/avatar\/8af8f40000c24e9eef3034f2be5998a372bb1389e64b1a4a36b3a7979142220d?s=96&d=mm&r=g","caption":"Redacci\u00f3n"},"sameAs":["http:\/\/nuevodigitaldeescobar.com.ar"],"url":"https:\/\/nuevodigitaldeescobar.com.ar\/?author=1"}]}},"featured_image_urls":{"full":["https:\/\/nuevodigitaldeescobar.com.ar\/wp-content\/uploads\/2024\/06\/educacion-escuela-alumnos-e1718301828306.jpg",720,527,false],"thumbnail":["https:\/\/nuevodigitaldeescobar.com.ar\/wp-content\/uploads\/2024\/06\/educacion-escuela-alumnos-150x150.jpg",150,150,true],"medium":["https:\/\/nuevodigitaldeescobar.com.ar\/wp-content\/uploads\/2024\/06\/educacion-escuela-alumnos-300x220.jpg",300,220,true],"medium_large":["https:\/\/nuevodigitaldeescobar.com.ar\/wp-content\/uploads\/2024\/06\/educacion-escuela-alumnos-768x562.jpg",640,468,true],"large":["https:\/\/nuevodigitaldeescobar.com.ar\/wp-content\/uploads\/2024\/06\/educacion-escuela-alumnos-e1718301828306.jpg",640,468,false],"1536x1536":["https:\/\/nuevodigitaldeescobar.com.ar\/wp-content\/uploads\/2024\/06\/educacion-escuela-alumnos-e1718301828306.jpg",720,527,false],"2048x2048":["https:\/\/nuevodigitaldeescobar.com.ar\/wp-content\/uploads\/2024\/06\/educacion-escuela-alumnos-e1718301828306.jpg",720,527,false]},"author_info":{"display_name":"Redacci\u00f3n","author_link":"https:\/\/nuevodigitaldeescobar.com.ar\/?author=1"},"category_info":"<a href=\"https:\/\/nuevodigitaldeescobar.com.ar\/?cat=4\" rel=\"category\">Educaci\u00f3n<\/a> <a href=\"https:\/\/nuevodigitaldeescobar.com.ar\/?cat=61\" rel=\"category\">Nacionales<\/a>","tag_info":"Nacionales","comment_count":"0","_links":{"self":[{"href":"https:\/\/nuevodigitaldeescobar.com.ar\/index.php?rest_route=\/wp\/v2\/posts\/6158","targetHints":{"allow":["GET"]}}],"collection":[{"href":"https:\/\/nuevodigitaldeescobar.com.ar\/index.php?rest_route=\/wp\/v2\/posts"}],"about":[{"href":"https:\/\/nuevodigitaldeescobar.com.ar\/index.php?rest_route=\/wp\/v2\/types\/post"}],"author":[{"embeddable":true,"href":"https:\/\/nuevodigitaldeescobar.com.ar\/index.php?rest_route=\/wp\/v2\/users\/1"}],"replies":[{"embeddable":true,"href":"https:\/\/nuevodigitaldeescobar.com.ar\/index.php?rest_route=%2Fwp%2Fv2%2Fcomments&post=6158"}],"version-history":[{"count":1,"href":"https:\/\/nuevodigitaldeescobar.com.ar\/index.php?rest_route=\/wp\/v2\/posts\/6158\/revisions"}],"predecessor-version":[{"id":6160,"href":"https:\/\/nuevodigitaldeescobar.com.ar\/index.php?rest_route=\/wp\/v2\/posts\/6158\/revisions\/6160"}],"wp:featuredmedia":[{"embeddable":true,"href":"https:\/\/nuevodigitaldeescobar.com.ar\/index.php?rest_route=\/wp\/v2\/media\/6159"}],"wp:attachment":[{"href":"https:\/\/nuevodigitaldeescobar.com.ar\/index.php?rest_route=%2Fwp%2Fv2%2Fmedia&parent=6158"}],"wp:term":[{"taxonomy":"category","embeddable":true,"href":"https:\/\/nuevodigitaldeescobar.com.ar\/index.php?rest_route=%2Fwp%2Fv2%2Fcategories&post=6158"},{"taxonomy":"post_tag","embeddable":true,"href":"https:\/\/nuevodigitaldeescobar.com.ar\/index.php?rest_route=%2Fwp%2Fv2%2Ftags&post=6158"}],"curies":[{"name":"wp","href":"https:\/\/api.w.org\/{rel}","templated":true}]}}