{"id":6187,"date":"2024-06-15T07:00:00","date_gmt":"2024-06-15T10:00:00","guid":{"rendered":"https:\/\/nuevodigitaldeescobar.com.ar\/?p=6187"},"modified":"2024-06-14T21:44:36","modified_gmt":"2024-06-15T00:44:36","slug":"diputados-aprueban-un-dictamen-para-declarar-servicio-esencial-a-la-educacion","status":"publish","type":"post","link":"https:\/\/nuevodigitaldeescobar.com.ar\/?p=6187","title":{"rendered":"Diputados aprueban un dictamen para declarar servicio esencial a la educaci\u00f3n"},"content":{"rendered":"<p><span style=\"color: #003366;\"><strong><em>Los bloques dialoguistas y La Libertad Avanza lograron imponer su mayor\u00eda para emitir un dictamen en la comisi\u00f3n de Educaci\u00f3n de la C\u00e1mara de Diputados que declara a la educaci\u00f3n como \u201cServicio Estrat\u00e9gico Esencial\u201d, con el fin de garantizar 180 d\u00edas de clases en las escuelas p\u00fablicas del pa\u00eds y evitar que los alumnos pierdan d\u00edas de clases por los paros docentes.<\/em><\/strong><\/span><\/p>\n<p><!--more--><\/p>\n<hr \/>\n<p>La decisi\u00f3n se adopt\u00f3 en una reuni\u00f3n de comisi\u00f3n que tuvo momentos de tensi\u00f3n por las acusaciones cruzadas entre diputados del macrismo, La Libertad Avanza y Uni\u00f3n por la Patria que rozaron el esc\u00e1ndalo y por el cual el presidente de la comisi\u00f3n, Alejandro Finocchiaro amenaz\u00f3 en varias oportunidades con suspender el encuentro.<\/p>\n<p>El dictamen de comisi\u00f3n -que reuni\u00f3 18 firmas- se elabor\u00f3 en base a las iniciativas impulsadas por Finocchiaro, Carla Carrizo (UCR-Caba); Maximiliano Ferraro (Coalici\u00f3n C\u00edvica-Caba) y ahora deber\u00e1 ser analizada por la comisi\u00f3n de Legislaci\u00f3n del Trabajo.<\/p>\n<p>La iniciativa declara a la Educaci\u00f3n como Servicio Estrat\u00e9gico Esencial en todos los niveles y modalidades comprendidas en la obligatoriedad escolar, para garantizar la protecci\u00f3n y promoci\u00f3n integral de los derechos de ni\u00f1os, ni\u00f1as y adolescentes en el cumplimiento efectivo del ciclo lectivo completo.<\/p>\n<p>En ese sentido, se\u00f1ala que el Estado Nacional y las provincias deber\u00e1n garantizar el ejercicio del derecho a la educaci\u00f3n en todo el ciclo lectivo escolar durante los d\u00edas de clases afectados por medidas de acci\u00f3n directa, indirecta, paro o huelga docente y no docente y deber\u00e1n establecer un sistema de guardias m\u00ednimas obligatorias.<\/p>\n<p>Finocchiaro dijo que <em>\u201cla educaci\u00f3n debe proveer a nuestros chicos de libertad y por eso nuestro proyecto declara a la educaci\u00f3n como servicio estrat\u00e9gico esencial\u201d<\/em>, y se\u00f1al\u00f3 que <em>\u00abel Estado tiene la responsabilidad principal e indelegable de proveer los medios para garantizar una educaci\u00f3n integral, permanente, gratuita y de calidad\u201d<\/em>.<\/p>\n<p>El diputado Santiago Santurio (LLA-Buenos Aires) dijo que <em>\u00aben los \u00faltimos a\u00f1os la educaci\u00f3n se ha degradado, venimos retrocediendo en alfabetizaci\u00f3n. Es importante que el dictamen sea tratado para que la educaci\u00f3n sea un servicio esencial\u201d.<\/em><\/p>\n<p><iframe title=\"COMISI\u00d3N COMPLETA: EDUCACI\u00d3N - 13 de junio de 2024 - Diputados Argentina\" width=\"640\" height=\"360\" src=\"https:\/\/www.youtube.com\/embed\/WlOgFCL4VAM?feature=oembed\" frameborder=\"0\" allow=\"accelerometer; autoplay; clipboard-write; encrypted-media; gyroscope; picture-in-picture; web-share\" referrerpolicy=\"strict-origin-when-cross-origin\" allowfullscreen><\/iframe><\/p>\n<p>Desde la Coalici\u00f3n C\u00edvica, Maximiliano Ferraro, se\u00f1al\u00f3 que <em>\u00abla propuesta del dictamen es un equilibrio que intenta resolver esa tensi\u00f3n de dos derechos que est\u00e1n en pugna, no hay en nuestro encuadre constitucional, normativo ning\u00fan tipo de derecho absoluto. Entonces nosotros buscamos y encontramos una redacci\u00f3n que equilibra y, de alguna manera, quita la tensi\u00f3n de dos derechos en pugna, pero que un derecho, que nosotros queremos poner en valor: el derecho del inter\u00e9s superior de los ni\u00f1os y ni\u00f1as y adolescentes en nuestro pa\u00eds\u201d<\/em>.<\/p>\n<p>El jefe del bloque de Uni\u00f3n por la Patria, Germ\u00e1n Mart\u00ednez, se quej\u00f3 de que no se hayan realizado reuniones informativas y denunci\u00f3 que <em>\u201cest\u00e1n pasando cosas raras con los giros a las comisiones, y algunos son innecesarios principalmente con los que somos opositores al Gobierno\u201d<\/em>.<\/p>\n<p>La legisladora Carla Carrizo (UCR-Caba) asegur\u00f3 que el proyecto <em>\u201ctiene su enfoque en los derechos de la infancia, no tiene que ver con el derecho laboral. No hay nada en contra de ning\u00fan docente ni del derecho de huelga, queremos docentes bien pagos y chicos estudiando. Es un enfoque avalado internacionalmente por los derechos de la Convenci\u00f3n Internacional del Ni\u00f1o\u201d<\/em>.<\/p>\n<p>En cambio, la diputada Romina del Pla (FIT-Buenos Aires) expres\u00f3 que <em>\u201cel objeto de estos proyectos es un enga\u00f1o gigante porque si quieren garantizar la educaci\u00f3n tiene que asegurar su financiamiento\u201d<\/em> y asever\u00f3 que <em>\u201clas familias padecen las pol\u00edticas de los distintos gobiernos, no los paros docentes\u201d<\/em>.<\/p>\n<p>Por su parte, la diputada Blanca Osuna (Uni\u00f3n por la Patria-Buenos Aires) lament\u00f3 que <em>\u201cen un contexto de desfinanciamiento de la educaci\u00f3n, y de un presidente que declara que viene a destruir el Estado, y la escuela es el Estado, el oficialismo dictamin\u00f3 desde una mirada restringida de esencialidad que impide el derecho a huelga de los docentes\u201d<\/em>.<\/p>\n<p><em>\u00abLa pregunta es inevitable: \u00bfC\u00f3mo pueden definir esencial aquello que quieren destruir? La esencialidad, tal como lo plantea el dictamen del oficialismo, restringe la posibilidad de pedir por mejoras de la calidad educativa que necesita de mejores condiciones tambi\u00e9n laborales\u00bb<\/em>, plante\u00f3.<\/p>\n<p><em>(NA)<\/em><\/p>\n","protected":false},"excerpt":{"rendered":"<p>Los bloques dialoguistas y La Libertad Avanza lograron imponer su mayor\u00eda para emitir un dictamen en la comisi\u00f3n de Educaci\u00f3n de la C\u00e1mara de Diputados [&hellip;]<\/p>\n","protected":false},"author":1,"featured_media":6188,"comment_status":"open","ping_status":"open","sticky":false,"template":"","format":"standard","meta":{"footnotes":""},"categories":[4,61,6],"tags":[],"class_list":["post-6187","post","type-post","status-publish","format-standard","has-post-thumbnail","hentry","category-educacion","category-nacionales","category-politica"],"better_featured_image":{"id":6188,"alt_text":"","caption":"","description":"","media_type":"image","media_details":{"width":720,"height":382,"file":"2024\/06\/camara-de-diputados-e1718412269846.jpg","filesize":188497,"sizes":{"medium":{"file":"camara-de-diputados-e1718412269846-300x159.jpg","width":300,"height":159,"mime-type":"image\/jpeg","filesize":13952,"source_url":"https:\/\/nuevodigitaldeescobar.com.ar\/wp-content\/uploads\/2024\/06\/camara-de-diputados-e1718412269846-300x159.jpg"},"large":{"file":"camara-de-diputados-1024x683.jpg","width":1024,"height":683,"mime-type":"image\/jpeg","filesize":117493,"source_url":"https:\/\/nuevodigitaldeescobar.com.ar\/wp-content\/uploads\/2024\/06\/camara-de-diputados-1024x683.jpg"},"thumbnail":{"file":"camara-de-diputados-e1718412269846-150x150.jpg","width":150,"height":150,"mime-type":"image\/jpeg","filesize":7249,"source_url":"https:\/\/nuevodigitaldeescobar.com.ar\/wp-content\/uploads\/2024\/06\/camara-de-diputados-e1718412269846-150x150.jpg"},"medium_large":{"file":"camara-de-diputados-768x512.jpg","width":768,"height":512,"mime-type":"image\/jpeg","filesize":74590,"source_url":"https:\/\/nuevodigitaldeescobar.com.ar\/wp-content\/uploads\/2024\/06\/camara-de-diputados-768x512.jpg"}},"image_meta":{"aperture":"0","credit":"","camera":"","caption":"","created_timestamp":"0","copyright":"","focal_length":"0","iso":"0","shutter_speed":"0","title":"","orientation":"0","keywords":[]}},"post":6187,"source_url":"https:\/\/nuevodigitaldeescobar.com.ar\/wp-content\/uploads\/2024\/06\/camara-de-diputados-e1718412269846.jpg"},"yoast_head":"<!-- This site is optimized with the Yoast SEO plugin v26.1.1 - https:\/\/yoast.com\/wordpress\/plugins\/seo\/ -->\n<title>Diputados aprueban un dictamen para declarar servicio esencial a la educaci\u00f3n - Nuevo Digital de Escobar<\/title>\n<meta name=\"robots\" content=\"index, follow, max-snippet:-1, max-image-preview:large, max-video-preview:-1\" \/>\n<link rel=\"canonical\" href=\"https:\/\/nuevodigitaldeescobar.com.ar\/?p=6187\" \/>\n<meta property=\"og:locale\" content=\"es_ES\" \/>\n<meta property=\"og:type\" content=\"article\" \/>\n<meta property=\"og:title\" content=\"Diputados aprueban un dictamen para declarar servicio esencial a la educaci\u00f3n - Nuevo Digital de Escobar\" \/>\n<meta property=\"og:description\" content=\"Los bloques dialoguistas y La Libertad Avanza lograron imponer su mayor\u00eda para emitir un dictamen en la comisi\u00f3n de Educaci\u00f3n de la C\u00e1mara de Diputados [&hellip;]\" \/>\n<meta property=\"og:url\" content=\"https:\/\/nuevodigitaldeescobar.com.ar\/?p=6187\" \/>\n<meta property=\"og:site_name\" content=\"Nuevo Digital de Escobar\" \/>\n<meta property=\"article:publisher\" content=\"https:\/\/www.facebook.com\/NUEVODigitalDeEscobar\" \/>\n<meta property=\"article:published_time\" content=\"2024-06-15T10:00:00+00:00\" \/>\n<meta property=\"og:image\" content=\"https:\/\/nuevodigitaldeescobar.com.ar\/wp-content\/uploads\/2024\/06\/camara-de-diputados-e1718412269846.jpg\" \/>\n\t<meta property=\"og:image:width\" content=\"720\" \/>\n\t<meta property=\"og:image:height\" content=\"382\" \/>\n\t<meta property=\"og:image:type\" content=\"image\/jpeg\" \/>\n<meta name=\"author\" content=\"Redacci\u00f3n\" \/>\n<meta name=\"twitter:card\" content=\"summary_large_image\" \/>\n<meta name=\"twitter:creator\" content=\"@nuevodigescobar\" \/>\n<meta name=\"twitter:site\" content=\"@nuevodigescobar\" \/>\n<meta name=\"twitter:label1\" content=\"Escrito por\" \/>\n\t<meta name=\"twitter:data1\" content=\"Redacci\u00f3n\" \/>\n\t<meta name=\"twitter:label2\" content=\"Tiempo de lectura\" \/>\n\t<meta name=\"twitter:data2\" content=\"4 minutos\" \/>\n<script type=\"application\/ld+json\" class=\"yoast-schema-graph\">{\"@context\":\"https:\/\/schema.org\",\"@graph\":[{\"@type\":\"Article\",\"@id\":\"https:\/\/nuevodigitaldeescobar.com.ar\/?p=6187#article\",\"isPartOf\":{\"@id\":\"https:\/\/nuevodigitaldeescobar.com.ar\/?p=6187\"},\"author\":{\"name\":\"Redacci\u00f3n\",\"@id\":\"https:\/\/nuevodigitaldeescobar.com.ar\/#\/schema\/person\/035e90a8efe9a80e6eec22656ad6ea4c\"},\"headline\":\"Diputados aprueban un dictamen para declarar servicio esencial a la educaci\u00f3n\",\"datePublished\":\"2024-06-15T10:00:00+00:00\",\"mainEntityOfPage\":{\"@id\":\"https:\/\/nuevodigitaldeescobar.com.ar\/?p=6187\"},\"wordCount\":772,\"commentCount\":0,\"publisher\":{\"@id\":\"https:\/\/nuevodigitaldeescobar.com.ar\/#organization\"},\"image\":{\"@id\":\"https:\/\/nuevodigitaldeescobar.com.ar\/?p=6187#primaryimage\"},\"thumbnailUrl\":\"https:\/\/nuevodigitaldeescobar.com.ar\/wp-content\/uploads\/2024\/06\/camara-de-diputados-e1718412269846.jpg\",\"articleSection\":[\"Educaci\u00f3n\",\"Nacionales\",\"Pol\u00edtica\"],\"inLanguage\":\"es\",\"potentialAction\":[{\"@type\":\"CommentAction\",\"name\":\"Comment\",\"target\":[\"https:\/\/nuevodigitaldeescobar.com.ar\/?p=6187#respond\"]}]},{\"@type\":\"WebPage\",\"@id\":\"https:\/\/nuevodigitaldeescobar.com.ar\/?p=6187\",\"url\":\"https:\/\/nuevodigitaldeescobar.com.ar\/?p=6187\",\"name\":\"Diputados aprueban un dictamen para declarar servicio esencial a la educaci\u00f3n - Nuevo Digital de Escobar\",\"isPartOf\":{\"@id\":\"https:\/\/nuevodigitaldeescobar.com.ar\/#website\"},\"primaryImageOfPage\":{\"@id\":\"https:\/\/nuevodigitaldeescobar.com.ar\/?p=6187#primaryimage\"},\"image\":{\"@id\":\"https:\/\/nuevodigitaldeescobar.com.ar\/?p=6187#primaryimage\"},\"thumbnailUrl\":\"https:\/\/nuevodigitaldeescobar.com.ar\/wp-content\/uploads\/2024\/06\/camara-de-diputados-e1718412269846.jpg\",\"datePublished\":\"2024-06-15T10:00:00+00:00\",\"breadcrumb\":{\"@id\":\"https:\/\/nuevodigitaldeescobar.com.ar\/?p=6187#breadcrumb\"},\"inLanguage\":\"es\",\"potentialAction\":[{\"@type\":\"ReadAction\",\"target\":[\"https:\/\/nuevodigitaldeescobar.com.ar\/?p=6187\"]}]},{\"@type\":\"ImageObject\",\"inLanguage\":\"es\",\"@id\":\"https:\/\/nuevodigitaldeescobar.com.ar\/?p=6187#primaryimage\",\"url\":\"https:\/\/nuevodigitaldeescobar.com.ar\/wp-content\/uploads\/2024\/06\/camara-de-diputados-e1718412269846.jpg\",\"contentUrl\":\"https:\/\/nuevodigitaldeescobar.com.ar\/wp-content\/uploads\/2024\/06\/camara-de-diputados-e1718412269846.jpg\",\"width\":720,\"height\":382},{\"@type\":\"BreadcrumbList\",\"@id\":\"https:\/\/nuevodigitaldeescobar.com.ar\/?p=6187#breadcrumb\",\"itemListElement\":[{\"@type\":\"ListItem\",\"position\":1,\"name\":\"Portada\",\"item\":\"https:\/\/nuevodigitaldeescobar.com.ar\/\"},{\"@type\":\"ListItem\",\"position\":2,\"name\":\"Diputados aprueban un dictamen para declarar servicio esencial a la educaci\u00f3n\"}]},{\"@type\":\"WebSite\",\"@id\":\"https:\/\/nuevodigitaldeescobar.com.ar\/#website\",\"url\":\"https:\/\/nuevodigitaldeescobar.com.ar\/\",\"name\":\"Nuevo Digital de Escobar\",\"description\":\"La vida escobarense. Directora: Rosana Brunner\",\"publisher\":{\"@id\":\"https:\/\/nuevodigitaldeescobar.com.ar\/#organization\"},\"potentialAction\":[{\"@type\":\"SearchAction\",\"target\":{\"@type\":\"EntryPoint\",\"urlTemplate\":\"https:\/\/nuevodigitaldeescobar.com.ar\/?s={search_term_string}\"},\"query-input\":{\"@type\":\"PropertyValueSpecification\",\"valueRequired\":true,\"valueName\":\"search_term_string\"}}],\"inLanguage\":\"es\"},{\"@type\":\"Organization\",\"@id\":\"https:\/\/nuevodigitaldeescobar.com.ar\/#organization\",\"name\":\"Nuevo Digital de Escobar\",\"url\":\"https:\/\/nuevodigitaldeescobar.com.ar\/\",\"logo\":{\"@type\":\"ImageObject\",\"inLanguage\":\"es\",\"@id\":\"https:\/\/nuevodigitaldeescobar.com.ar\/#\/schema\/logo\/image\/\",\"url\":\"https:\/\/nuevodigitaldeescobar.com.ar\/wp-content\/uploads\/2025\/05\/cropped-logo-nuevo2.jpg\",\"contentUrl\":\"https:\/\/nuevodigitaldeescobar.com.ar\/wp-content\/uploads\/2025\/05\/cropped-logo-nuevo2.jpg\",\"width\":305,\"height\":305,\"caption\":\"Nuevo Digital de Escobar\"},\"image\":{\"@id\":\"https:\/\/nuevodigitaldeescobar.com.ar\/#\/schema\/logo\/image\/\"},\"sameAs\":[\"https:\/\/www.facebook.com\/NUEVODigitalDeEscobar\",\"https:\/\/x.com\/nuevodigescobar\",\"https:\/\/www.instagram.com\/nuevodigitaldeescobar\"]},{\"@type\":\"Person\",\"@id\":\"https:\/\/nuevodigitaldeescobar.com.ar\/#\/schema\/person\/035e90a8efe9a80e6eec22656ad6ea4c\",\"name\":\"Redacci\u00f3n\",\"image\":{\"@type\":\"ImageObject\",\"inLanguage\":\"es\",\"@id\":\"https:\/\/nuevodigitaldeescobar.com.ar\/#\/schema\/person\/image\/\",\"url\":\"https:\/\/secure.gravatar.com\/avatar\/8af8f40000c24e9eef3034f2be5998a372bb1389e64b1a4a36b3a7979142220d?s=96&d=mm&r=g\",\"contentUrl\":\"https:\/\/secure.gravatar.com\/avatar\/8af8f40000c24e9eef3034f2be5998a372bb1389e64b1a4a36b3a7979142220d?s=96&d=mm&r=g\",\"caption\":\"Redacci\u00f3n\"},\"sameAs\":[\"http:\/\/nuevodigitaldeescobar.com.ar\"],\"url\":\"https:\/\/nuevodigitaldeescobar.com.ar\/?author=1\"}]}<\/script>\n<!-- \/ Yoast SEO plugin. -->","yoast_head_json":{"title":"Diputados aprueban un dictamen para declarar servicio esencial a la educaci\u00f3n - Nuevo Digital de Escobar","robots":{"index":"index","follow":"follow","max-snippet":"max-snippet:-1","max-image-preview":"max-image-preview:large","max-video-preview":"max-video-preview:-1"},"canonical":"https:\/\/nuevodigitaldeescobar.com.ar\/?p=6187","og_locale":"es_ES","og_type":"article","og_title":"Diputados aprueban un dictamen para declarar servicio esencial a la educaci\u00f3n - Nuevo Digital de Escobar","og_description":"Los bloques dialoguistas y La Libertad Avanza lograron imponer su mayor\u00eda para emitir un dictamen en la comisi\u00f3n de Educaci\u00f3n de la C\u00e1mara de Diputados [&hellip;]","og_url":"https:\/\/nuevodigitaldeescobar.com.ar\/?p=6187","og_site_name":"Nuevo Digital de Escobar","article_publisher":"https:\/\/www.facebook.com\/NUEVODigitalDeEscobar","article_published_time":"2024-06-15T10:00:00+00:00","og_image":[{"width":720,"height":382,"url":"https:\/\/nuevodigitaldeescobar.com.ar\/wp-content\/uploads\/2024\/06\/camara-de-diputados-e1718412269846.jpg","type":"image\/jpeg"}],"author":"Redacci\u00f3n","twitter_card":"summary_large_image","twitter_creator":"@nuevodigescobar","twitter_site":"@nuevodigescobar","twitter_misc":{"Escrito por":"Redacci\u00f3n","Tiempo de lectura":"4 minutos"},"schema":{"@context":"https:\/\/schema.org","@graph":[{"@type":"Article","@id":"https:\/\/nuevodigitaldeescobar.com.ar\/?p=6187#article","isPartOf":{"@id":"https:\/\/nuevodigitaldeescobar.com.ar\/?p=6187"},"author":{"name":"Redacci\u00f3n","@id":"https:\/\/nuevodigitaldeescobar.com.ar\/#\/schema\/person\/035e90a8efe9a80e6eec22656ad6ea4c"},"headline":"Diputados aprueban un dictamen para declarar servicio esencial a la educaci\u00f3n","datePublished":"2024-06-15T10:00:00+00:00","mainEntityOfPage":{"@id":"https:\/\/nuevodigitaldeescobar.com.ar\/?p=6187"},"wordCount":772,"commentCount":0,"publisher":{"@id":"https:\/\/nuevodigitaldeescobar.com.ar\/#organization"},"image":{"@id":"https:\/\/nuevodigitaldeescobar.com.ar\/?p=6187#primaryimage"},"thumbnailUrl":"https:\/\/nuevodigitaldeescobar.com.ar\/wp-content\/uploads\/2024\/06\/camara-de-diputados-e1718412269846.jpg","articleSection":["Educaci\u00f3n","Nacionales","Pol\u00edtica"],"inLanguage":"es","potentialAction":[{"@type":"CommentAction","name":"Comment","target":["https:\/\/nuevodigitaldeescobar.com.ar\/?p=6187#respond"]}]},{"@type":"WebPage","@id":"https:\/\/nuevodigitaldeescobar.com.ar\/?p=6187","url":"https:\/\/nuevodigitaldeescobar.com.ar\/?p=6187","name":"Diputados aprueban un dictamen para declarar servicio esencial a la educaci\u00f3n - Nuevo Digital de Escobar","isPartOf":{"@id":"https:\/\/nuevodigitaldeescobar.com.ar\/#website"},"primaryImageOfPage":{"@id":"https:\/\/nuevodigitaldeescobar.com.ar\/?p=6187#primaryimage"},"image":{"@id":"https:\/\/nuevodigitaldeescobar.com.ar\/?p=6187#primaryimage"},"thumbnailUrl":"https:\/\/nuevodigitaldeescobar.com.ar\/wp-content\/uploads\/2024\/06\/camara-de-diputados-e1718412269846.jpg","datePublished":"2024-06-15T10:00:00+00:00","breadcrumb":{"@id":"https:\/\/nuevodigitaldeescobar.com.ar\/?p=6187#breadcrumb"},"inLanguage":"es","potentialAction":[{"@type":"ReadAction","target":["https:\/\/nuevodigitaldeescobar.com.ar\/?p=6187"]}]},{"@type":"ImageObject","inLanguage":"es","@id":"https:\/\/nuevodigitaldeescobar.com.ar\/?p=6187#primaryimage","url":"https:\/\/nuevodigitaldeescobar.com.ar\/wp-content\/uploads\/2024\/06\/camara-de-diputados-e1718412269846.jpg","contentUrl":"https:\/\/nuevodigitaldeescobar.com.ar\/wp-content\/uploads\/2024\/06\/camara-de-diputados-e1718412269846.jpg","width":720,"height":382},{"@type":"BreadcrumbList","@id":"https:\/\/nuevodigitaldeescobar.com.ar\/?p=6187#breadcrumb","itemListElement":[{"@type":"ListItem","position":1,"name":"Portada","item":"https:\/\/nuevodigitaldeescobar.com.ar\/"},{"@type":"ListItem","position":2,"name":"Diputados aprueban un dictamen para declarar servicio esencial a la educaci\u00f3n"}]},{"@type":"WebSite","@id":"https:\/\/nuevodigitaldeescobar.com.ar\/#website","url":"https:\/\/nuevodigitaldeescobar.com.ar\/","name":"Nuevo Digital de Escobar","description":"La vida escobarense. Directora: Rosana Brunner","publisher":{"@id":"https:\/\/nuevodigitaldeescobar.com.ar\/#organization"},"potentialAction":[{"@type":"SearchAction","target":{"@type":"EntryPoint","urlTemplate":"https:\/\/nuevodigitaldeescobar.com.ar\/?s={search_term_string}"},"query-input":{"@type":"PropertyValueSpecification","valueRequired":true,"valueName":"search_term_string"}}],"inLanguage":"es"},{"@type":"Organization","@id":"https:\/\/nuevodigitaldeescobar.com.ar\/#organization","name":"Nuevo Digital de Escobar","url":"https:\/\/nuevodigitaldeescobar.com.ar\/","logo":{"@type":"ImageObject","inLanguage":"es","@id":"https:\/\/nuevodigitaldeescobar.com.ar\/#\/schema\/logo\/image\/","url":"https:\/\/nuevodigitaldeescobar.com.ar\/wp-content\/uploads\/2025\/05\/cropped-logo-nuevo2.jpg","contentUrl":"https:\/\/nuevodigitaldeescobar.com.ar\/wp-content\/uploads\/2025\/05\/cropped-logo-nuevo2.jpg","width":305,"height":305,"caption":"Nuevo Digital de Escobar"},"image":{"@id":"https:\/\/nuevodigitaldeescobar.com.ar\/#\/schema\/logo\/image\/"},"sameAs":["https:\/\/www.facebook.com\/NUEVODigitalDeEscobar","https:\/\/x.com\/nuevodigescobar","https:\/\/www.instagram.com\/nuevodigitaldeescobar"]},{"@type":"Person","@id":"https:\/\/nuevodigitaldeescobar.com.ar\/#\/schema\/person\/035e90a8efe9a80e6eec22656ad6ea4c","name":"Redacci\u00f3n","image":{"@type":"ImageObject","inLanguage":"es","@id":"https:\/\/nuevodigitaldeescobar.com.ar\/#\/schema\/person\/image\/","url":"https:\/\/secure.gravatar.com\/avatar\/8af8f40000c24e9eef3034f2be5998a372bb1389e64b1a4a36b3a7979142220d?s=96&d=mm&r=g","contentUrl":"https:\/\/secure.gravatar.com\/avatar\/8af8f40000c24e9eef3034f2be5998a372bb1389e64b1a4a36b3a7979142220d?s=96&d=mm&r=g","caption":"Redacci\u00f3n"},"sameAs":["http:\/\/nuevodigitaldeescobar.com.ar"],"url":"https:\/\/nuevodigitaldeescobar.com.ar\/?author=1"}]}},"featured_image_urls":{"full":["https:\/\/nuevodigitaldeescobar.com.ar\/wp-content\/uploads\/2024\/06\/camara-de-diputados-e1718412269846.jpg",720,382,false],"thumbnail":["https:\/\/nuevodigitaldeescobar.com.ar\/wp-content\/uploads\/2024\/06\/camara-de-diputados-e1718412269846-150x150.jpg",150,150,true],"medium":["https:\/\/nuevodigitaldeescobar.com.ar\/wp-content\/uploads\/2024\/06\/camara-de-diputados-e1718412269846-300x159.jpg",300,159,true],"medium_large":["https:\/\/nuevodigitaldeescobar.com.ar\/wp-content\/uploads\/2024\/06\/camara-de-diputados-768x512.jpg",640,427,true],"large":["https:\/\/nuevodigitaldeescobar.com.ar\/wp-content\/uploads\/2024\/06\/camara-de-diputados-1024x683.jpg",640,427,true],"1536x1536":["https:\/\/nuevodigitaldeescobar.com.ar\/wp-content\/uploads\/2024\/06\/camara-de-diputados-e1718412269846.jpg",720,382,false],"2048x2048":["https:\/\/nuevodigitaldeescobar.com.ar\/wp-content\/uploads\/2024\/06\/camara-de-diputados-e1718412269846.jpg",720,382,false]},"author_info":{"display_name":"Redacci\u00f3n","author_link":"https:\/\/nuevodigitaldeescobar.com.ar\/?author=1"},"category_info":"<a href=\"https:\/\/nuevodigitaldeescobar.com.ar\/?cat=4\" rel=\"category\">Educaci\u00f3n<\/a> <a href=\"https:\/\/nuevodigitaldeescobar.com.ar\/?cat=61\" rel=\"category\">Nacionales<\/a> <a href=\"https:\/\/nuevodigitaldeescobar.com.ar\/?cat=6\" rel=\"category\">Pol\u00edtica<\/a>","tag_info":"Pol\u00edtica","comment_count":"0","_links":{"self":[{"href":"https:\/\/nuevodigitaldeescobar.com.ar\/index.php?rest_route=\/wp\/v2\/posts\/6187","targetHints":{"allow":["GET"]}}],"collection":[{"href":"https:\/\/nuevodigitaldeescobar.com.ar\/index.php?rest_route=\/wp\/v2\/posts"}],"about":[{"href":"https:\/\/nuevodigitaldeescobar.com.ar\/index.php?rest_route=\/wp\/v2\/types\/post"}],"author":[{"embeddable":true,"href":"https:\/\/nuevodigitaldeescobar.com.ar\/index.php?rest_route=\/wp\/v2\/users\/1"}],"replies":[{"embeddable":true,"href":"https:\/\/nuevodigitaldeescobar.com.ar\/index.php?rest_route=%2Fwp%2Fv2%2Fcomments&post=6187"}],"version-history":[{"count":1,"href":"https:\/\/nuevodigitaldeescobar.com.ar\/index.php?rest_route=\/wp\/v2\/posts\/6187\/revisions"}],"predecessor-version":[{"id":6189,"href":"https:\/\/nuevodigitaldeescobar.com.ar\/index.php?rest_route=\/wp\/v2\/posts\/6187\/revisions\/6189"}],"wp:featuredmedia":[{"embeddable":true,"href":"https:\/\/nuevodigitaldeescobar.com.ar\/index.php?rest_route=\/wp\/v2\/media\/6188"}],"wp:attachment":[{"href":"https:\/\/nuevodigitaldeescobar.com.ar\/index.php?rest_route=%2Fwp%2Fv2%2Fmedia&parent=6187"}],"wp:term":[{"taxonomy":"category","embeddable":true,"href":"https:\/\/nuevodigitaldeescobar.com.ar\/index.php?rest_route=%2Fwp%2Fv2%2Fcategories&post=6187"},{"taxonomy":"post_tag","embeddable":true,"href":"https:\/\/nuevodigitaldeescobar.com.ar\/index.php?rest_route=%2Fwp%2Fv2%2Ftags&post=6187"}],"curies":[{"name":"wp","href":"https:\/\/api.w.org\/{rel}","templated":true}]}}