{"id":6214,"date":"2024-06-18T09:19:00","date_gmt":"2024-06-18T12:19:00","guid":{"rendered":"https:\/\/nuevodigitaldeescobar.com.ar\/?p=6214"},"modified":"2024-06-18T13:21:23","modified_gmt":"2024-06-18T16:21:23","slug":"marijuan-denuncio-a-alberto-fernandez-por-el-aumento-desproporcionado-de-las-pensiones-por-invalidez","status":"publish","type":"post","link":"https:\/\/nuevodigitaldeescobar.com.ar\/?p=6214","title":{"rendered":"Mariju\u00e1n denunci\u00f3 a Alberto Fern\u00e1ndez por el aumento desproporcionado de las pensiones por invalidez"},"content":{"rendered":"<p><span style=\"color: #003366;\"><strong><em>Tambi\u00e9n fueron acusados los ex directores de la Agencia Nacional de Discapacidad. Los acusan de \u201cflexibilizar el proceso de otorgamiento\u201d de las pensiones. Entre 2020 y 2023 se otorgaron casi 300 mil beneficios.<\/em><\/strong><\/span><\/p>\n<p><!--more--><\/p>\n<hr \/>\n<p>El fiscal federal Guillermo Mariju\u00e1n denunci\u00f3 hoy al ex presidente Alberto Fern\u00e1ndez y a otros ex funcionarios por el aumento desproporcionado de las pensiones por invalidez entre 2020 y 2023.<\/p>\n<p>La denuncia enumera decretos y resoluciones mediante los cuales se habr\u00edan flexibilizado los criterios para otorgar esos beneficios, pero tambi\u00e9n expone una maniobra para hacer <em>\u201cfavores pol\u00edticos\u201d<\/em> a intendentes y gobernadores. En ese caso, dice la presentaci\u00f3n, se detectaron <em>\u201cpersonas que no solo no ten\u00edan la condici\u00f3n de invalidez laboral, sino que en muchos casos ni siquiera ten\u00edan una condici\u00f3n m\u00e9dica de discapacidad\u201d<\/em>. Adem\u00e1s, se estableci\u00f3 que el proceso de otorgamiento, que pod\u00eda tardar dos o tres a\u00f1os, se reduc\u00eda hasta a tres meses.<\/p>\n<p>Adem\u00e1s de Alberto Fern\u00e1ndez, el fiscal denunci\u00f3 a los ex Directores Ejecutivos de la Agencia Nacional de Discapacidad, Claudio Flavio Augusto Esposito y Fernando Gasto\u0301n Galarraga, y la ex Directora Nacional de Apoyo y Asignaciones Econo\u0301micas, Paula Marti\u0301nez.<\/p>\n<p>En concreto, Mariju\u00e1n habla de <em>\u201cun plan sistema\u0301tico desplegado en el periodo comprendido entre los an\u0303os 2020 y 2023, consistente en el dictado de normas tendientes a flexibilizar el proceso de otorgamiento de las Pensiones No Contributivas por Invalidez para permitir la entrega masiva e irregular de tales beneficios destina\u0301ndolo especialmente a cuestiones poli\u0301ticas de favores con gobernadores e intendentes\u201d<\/em>.<\/p>\n<p>Seg\u00fan la investigaci\u00f3n de Mariju\u00e1n, en ese periodo se otorgaron casi 300 mil nuevos beneficios <em>\u201clo cual reflejo\u0301 un crecimiento exponencial en la concesio\u0301n de aquellos de ma\u0301s del 1500%, pues de 79.581 casos asignados en el an\u0303o 2003 se habri\u0301a ascendido a 1.222.882 prestaciones conferidas en la actualidad\u201d<\/em>.<\/p>\n<p>La primera norma apuntada es la <a href=\"https:\/\/www.boletinoficial.gob.ar\/detalleAviso\/primera\/227322\/20200331#:~:text=Resoluci%C3%B3n%208%2F2020,-RESOL%2D2020%2D8&amp;text=Que%20por%20el%20Decreto%20N,efectos%20del%20Coronavirus%20COVID%2D19.\">Resolucio\u0301n 8\/2020<\/a>, publicada el 30 de enero de 2020, que <em>\u201cavalo\u0301 el inicio del tra\u0301mite para acceder al beneficio en cuestio\u0301n aun cuando no se acompan\u0303e el Certificado Me\u0301dico Oficial y modifico\u0301 los para\u0301metros para la determinacio\u0301n del estado socio-econo\u0301mico y de vulnerabilidad de las peticiones atinentes para el otorgamiento, denegacio\u0301n, suspensio\u0301n y caducidad de las pensiones sen\u0303aladas\u201d<\/em>.<\/p>\n<p>Hasta ese momento, el beneficiario no ten\u00eda que ser propietario de un inmueble cuyo valor supere el equivalente a ma\u0301s de 400 jubilaciones mi\u0301nimas o un auto de ma\u0301s de 30 jubilaciones mi\u0301nimas. La resoluci\u00f3n de 2020 quit\u00f3 el tope m\u00e1ximo de los inmuebles y permiti\u00f3 que el solicitante sea considerado vulnerable si ten\u00eda un veh\u00edculo con una antigu\u0308edad de m\u00e1s de diez an\u0303os.<\/p>\n<p>La denuncia tambi\u00e9n apunta a la <a href=\"https:\/\/www.boletinoficial.gob.ar\/detalleAviso\/primera\/229434\/20200518\">Resolucio\u0301n 134\/2020<\/a>, que dispuso que, en los casos menores de 18 an\u0303os, el Certificado Me\u0301dico Oficial no sea evaluado por la Coordinacio\u0301n de Fiscalizacio\u0301n Me\u0301dica. Y especialmente el <a href=\"https:\/\/www.boletinoficial.gob.ar\/detalleAviso\/primera\/279166\/20230106\">Decreto 7\/2023<\/a>, que estableci\u00f3 la posibilidad de acceder a las prestaciones a quienes se encuentren <em>\u201cimposibilitados o imposibilitadas, en virtud de su condicio\u0301n de salud y vulnerabilidad social, para la plena inclusio\u0301n; no posean un vi\u0301nculo laboral formal; sean argentinos nativos, naturalizados o residente en el pai\u0301s, o bien extranjeros con una residencia mi\u0301nima continuada en el pai\u0301s de 10 an\u0303os; y no posean bienes, ingresos ni recursos suficientes, entre otros\u201d<\/em>.<\/p>\n<p>No es todo. Mariju\u00e1n tambi\u00e9n objet\u00f3 el <a href=\"https:\/\/www.boletinoficial.gob.ar\/detalleAviso\/primera\/297485\/20231101\">Decreto 566\/2023<\/a>, publicado en noviembre de ese a\u00f1o, que establecio\u0301 que las personas con discapacidad y en situacio\u0301n de vulnerabilidad pueden trabajar y cobrar la pensio\u0301n en forma simulta\u0301nea.<\/p>\n<p>Al final, la denuncia enumera cada una de las concesiones que se hicieron en esos cuatro a\u00f1os para obtener la pensi\u00f3n: se quit\u00f3 el requisito de 76% de incapacidad laboral (<a href=\"https:\/\/www.boletinoficial.gob.ar\/detalleAviso\/primera\/279166\/20230106\">Decreto 7\/2023<\/a>, <a href=\"https:\/\/www.boletinoficial.gob.ar\/detalleAviso\/primera\/279990\/20230120\">Resolucio\u0301n 70\/2023<\/a>), la imposibilidad de trabajar (<a href=\"https:\/\/www.boletinoficial.gob.ar\/detalleAviso\/primera\/225697\/20200219\">Resolucio\u0301n 34\/2020<\/a>, <a href=\"https:\/\/www.boletinoficial.gob.ar\/detalleAviso\/primera\/297485\/20231101\">Decreto 566\/2023<\/a> y <a href=\"https:\/\/www.boletinoficial.gob.ar\/detalleAviso\/primera\/299687\/20231204\">Resolucio\u0301n 1786\/2023<\/a>), se redujo la cantidad mi\u0301nima de residencia de extranjeros de 20 an\u0303os a 10 an\u0303os, se quit\u00f3 el chequeo nacionalidad y de residencia mi\u0301nima contra datos fiables de migraciones, el limitante de sustento de grupo familiar, y se cambi\u00f3 la definicio\u0301n de vulnerabilidad para permitir poder darle la pensio\u0301n no contributiva a ma\u0301s personas, inclusive no vulnerable (Resoluciones <a href=\"https:\/\/www.boletinoficial.gob.ar\/detalleAviso\/primera\/249030\/20210903\">1377\/2021<\/a>, <a href=\"https:\/\/www.boletinoficial.gob.ar\/detalleAviso\/primera\/229434\/20200518\">134\/2020<\/a>, <a href=\"https:\/\/www.boletinoficial.gob.ar\/detalleAviso\/primera\/279990\/20230120\">70\/2023<\/a>, <a href=\"https:\/\/www.boletinoficial.gob.ar\/detalleAviso\/primera\/299687\/20231204\">1786\/2023<\/a>).<\/p>\n<p>El segundo tramo de la denuncia apunta a los <em>\u201cfavores pol\u00edticos\u201d<\/em>. En ese punto, Mariju\u00e1n destaca 259 operativos de alta masiva de pensiones que se hicieron en las provincias. Las m\u00e1s beneficiadas habr\u00edan sido las que estaban gobernadas por el peronismo como Chaco (Jorge Capitanich), Formosa (Gildo Insfra\u0301n), Santiago del Estero (Gerardo Zamora), Tucuma\u0301n (Juan Luis Manzur), Misiones (Oscar Herrera Ahuad) y Buenos Aires (Axel Kicillof). <em>\u201cEn las provincias en las que el Gobernador no era \u201camigo\u201d, por ejemplo, Corrientes (Gobernador Gustavo Valde\u0301s), posiblemente acordaban sus planes con los intendentes\u201d<\/em>, dice la presentaci\u00f3n.<\/p>\n<p>Alberto Fern\u00e1ndez encabeza la lista de funcionarios denunciados por esa maniobra, encuadrada bajo el delito de defraudacio\u0301n a la administracio\u0301n pu\u0301blica. <em>\u201cEl ex Presidente de la Nacio\u0301n y los sucesivos funcionarios a cargo del ANDIS dictaron normas que inexplicablemente llevaron a eliminar la condicio\u0301n de inva\u0301lido como requisito de este beneficio que justamente es la pensio\u0301n por invalidez, de este modo se obsequiaron prestaciones con dinero pu\u0301blico para llegar a manos de personas que no reuni\u0301an los requisitos legales. Con este acomodamiento normativo solo se busco\u0301 una gratuidad popular\u201d<\/em>, sostuvo Mariju\u00e1n.<\/p>\n<p>No solo aument\u00f3 el n\u00famero de pensiones, sino que se detectaron irregularidades graves como certificados acompan\u0303ados por radiografi\u0301as de animales o poemas como estudios complementarios.<\/p>\n<p><em>(Infobae)<\/em><\/p>\n","protected":false},"excerpt":{"rendered":"<p>Tambi\u00e9n fueron acusados los ex directores de la Agencia Nacional de Discapacidad. Los acusan de \u201cflexibilizar el proceso de otorgamiento\u201d de las pensiones. Entre 2020 [&hellip;]<\/p>\n","protected":false},"author":1,"featured_media":6215,"comment_status":"open","ping_status":"open","sticky":false,"template":"","format":"standard","meta":{"footnotes":""},"categories":[235,6],"tags":[],"class_list":["post-6214","post","type-post","status-publish","format-standard","has-post-thumbnail","hentry","category-judiciales","category-politica"],"better_featured_image":{"id":6215,"alt_text":"","caption":"","description":"","media_type":"image","media_details":{"width":720,"height":480,"file":"2024\/06\/fernandez-a-e1718727675313.jpg","filesize":62728,"sizes":{"medium":{"file":"fernandez-a-300x200.jpg","width":300,"height":200,"mime-type":"image\/jpeg","filesize":11894,"source_url":"https:\/\/nuevodigitaldeescobar.com.ar\/wp-content\/uploads\/2024\/06\/fernandez-a-300x200.jpg"},"thumbnail":{"file":"fernandez-a-150x150.jpg","width":150,"height":150,"mime-type":"image\/jpeg","filesize":5752,"source_url":"https:\/\/nuevodigitaldeescobar.com.ar\/wp-content\/uploads\/2024\/06\/fernandez-a-150x150.jpg"}},"image_meta":{"aperture":"0","credit":"","camera":"","caption":"","created_timestamp":"0","copyright":"","focal_length":"0","iso":"0","shutter_speed":"0","title":"","orientation":"0","keywords":[]}},"post":6214,"source_url":"https:\/\/nuevodigitaldeescobar.com.ar\/wp-content\/uploads\/2024\/06\/fernandez-a-e1718727675313.jpg"},"yoast_head":"<!-- This site is optimized with the Yoast SEO plugin v26.1.1 - https:\/\/yoast.com\/wordpress\/plugins\/seo\/ -->\n<title>Mariju\u00e1n denunci\u00f3 a Alberto Fern\u00e1ndez por el aumento desproporcionado de las pensiones por invalidez - Nuevo Digital de Escobar<\/title>\n<meta name=\"robots\" content=\"index, follow, max-snippet:-1, max-image-preview:large, max-video-preview:-1\" \/>\n<link rel=\"canonical\" href=\"https:\/\/nuevodigitaldeescobar.com.ar\/?p=6214\" \/>\n<meta property=\"og:locale\" content=\"es_ES\" \/>\n<meta property=\"og:type\" content=\"article\" \/>\n<meta property=\"og:title\" content=\"Mariju\u00e1n denunci\u00f3 a Alberto Fern\u00e1ndez por el aumento desproporcionado de las pensiones por invalidez - Nuevo Digital de Escobar\" \/>\n<meta property=\"og:description\" content=\"Tambi\u00e9n fueron acusados los ex directores de la Agencia Nacional de Discapacidad. Los acusan de \u201cflexibilizar el proceso de otorgamiento\u201d de las pensiones. Entre 2020 [&hellip;]\" \/>\n<meta property=\"og:url\" content=\"https:\/\/nuevodigitaldeescobar.com.ar\/?p=6214\" \/>\n<meta property=\"og:site_name\" content=\"Nuevo Digital de Escobar\" \/>\n<meta property=\"article:publisher\" content=\"https:\/\/www.facebook.com\/NUEVODigitalDeEscobar\" \/>\n<meta property=\"article:published_time\" content=\"2024-06-18T12:19:00+00:00\" \/>\n<meta property=\"article:modified_time\" content=\"2024-06-18T16:21:23+00:00\" \/>\n<meta property=\"og:image\" content=\"https:\/\/nuevodigitaldeescobar.com.ar\/wp-content\/uploads\/2024\/06\/fernandez-a-e1718727675313.jpg\" \/>\n\t<meta property=\"og:image:width\" content=\"720\" \/>\n\t<meta property=\"og:image:height\" content=\"480\" \/>\n\t<meta property=\"og:image:type\" content=\"image\/jpeg\" \/>\n<meta name=\"author\" content=\"Redacci\u00f3n\" \/>\n<meta name=\"twitter:card\" content=\"summary_large_image\" \/>\n<meta name=\"twitter:creator\" content=\"@nuevodigescobar\" \/>\n<meta name=\"twitter:site\" content=\"@nuevodigescobar\" \/>\n<meta name=\"twitter:label1\" content=\"Escrito por\" \/>\n\t<meta name=\"twitter:data1\" content=\"Redacci\u00f3n\" \/>\n\t<meta name=\"twitter:label2\" content=\"Tiempo de lectura\" \/>\n\t<meta name=\"twitter:data2\" content=\"5 minutos\" \/>\n<script type=\"application\/ld+json\" class=\"yoast-schema-graph\">{\"@context\":\"https:\/\/schema.org\",\"@graph\":[{\"@type\":\"Article\",\"@id\":\"https:\/\/nuevodigitaldeescobar.com.ar\/?p=6214#article\",\"isPartOf\":{\"@id\":\"https:\/\/nuevodigitaldeescobar.com.ar\/?p=6214\"},\"author\":{\"name\":\"Redacci\u00f3n\",\"@id\":\"https:\/\/nuevodigitaldeescobar.com.ar\/#\/schema\/person\/035e90a8efe9a80e6eec22656ad6ea4c\"},\"headline\":\"Mariju\u00e1n denunci\u00f3 a Alberto Fern\u00e1ndez por el aumento desproporcionado de las pensiones por invalidez\",\"datePublished\":\"2024-06-18T12:19:00+00:00\",\"dateModified\":\"2024-06-18T16:21:23+00:00\",\"mainEntityOfPage\":{\"@id\":\"https:\/\/nuevodigitaldeescobar.com.ar\/?p=6214\"},\"wordCount\":970,\"commentCount\":0,\"publisher\":{\"@id\":\"https:\/\/nuevodigitaldeescobar.com.ar\/#organization\"},\"image\":{\"@id\":\"https:\/\/nuevodigitaldeescobar.com.ar\/?p=6214#primaryimage\"},\"thumbnailUrl\":\"https:\/\/nuevodigitaldeescobar.com.ar\/wp-content\/uploads\/2024\/06\/fernandez-a-e1718727675313.jpg\",\"articleSection\":[\"Judiciales\",\"Pol\u00edtica\"],\"inLanguage\":\"es\",\"potentialAction\":[{\"@type\":\"CommentAction\",\"name\":\"Comment\",\"target\":[\"https:\/\/nuevodigitaldeescobar.com.ar\/?p=6214#respond\"]}]},{\"@type\":\"WebPage\",\"@id\":\"https:\/\/nuevodigitaldeescobar.com.ar\/?p=6214\",\"url\":\"https:\/\/nuevodigitaldeescobar.com.ar\/?p=6214\",\"name\":\"Mariju\u00e1n denunci\u00f3 a Alberto Fern\u00e1ndez por el aumento desproporcionado de las pensiones por invalidez - Nuevo Digital de Escobar\",\"isPartOf\":{\"@id\":\"https:\/\/nuevodigitaldeescobar.com.ar\/#website\"},\"primaryImageOfPage\":{\"@id\":\"https:\/\/nuevodigitaldeescobar.com.ar\/?p=6214#primaryimage\"},\"image\":{\"@id\":\"https:\/\/nuevodigitaldeescobar.com.ar\/?p=6214#primaryimage\"},\"thumbnailUrl\":\"https:\/\/nuevodigitaldeescobar.com.ar\/wp-content\/uploads\/2024\/06\/fernandez-a-e1718727675313.jpg\",\"datePublished\":\"2024-06-18T12:19:00+00:00\",\"dateModified\":\"2024-06-18T16:21:23+00:00\",\"breadcrumb\":{\"@id\":\"https:\/\/nuevodigitaldeescobar.com.ar\/?p=6214#breadcrumb\"},\"inLanguage\":\"es\",\"potentialAction\":[{\"@type\":\"ReadAction\",\"target\":[\"https:\/\/nuevodigitaldeescobar.com.ar\/?p=6214\"]}]},{\"@type\":\"ImageObject\",\"inLanguage\":\"es\",\"@id\":\"https:\/\/nuevodigitaldeescobar.com.ar\/?p=6214#primaryimage\",\"url\":\"https:\/\/nuevodigitaldeescobar.com.ar\/wp-content\/uploads\/2024\/06\/fernandez-a-e1718727675313.jpg\",\"contentUrl\":\"https:\/\/nuevodigitaldeescobar.com.ar\/wp-content\/uploads\/2024\/06\/fernandez-a-e1718727675313.jpg\",\"width\":720,\"height\":480},{\"@type\":\"BreadcrumbList\",\"@id\":\"https:\/\/nuevodigitaldeescobar.com.ar\/?p=6214#breadcrumb\",\"itemListElement\":[{\"@type\":\"ListItem\",\"position\":1,\"name\":\"Portada\",\"item\":\"https:\/\/nuevodigitaldeescobar.com.ar\/\"},{\"@type\":\"ListItem\",\"position\":2,\"name\":\"Mariju\u00e1n denunci\u00f3 a Alberto Fern\u00e1ndez por el aumento desproporcionado de las pensiones por invalidez\"}]},{\"@type\":\"WebSite\",\"@id\":\"https:\/\/nuevodigitaldeescobar.com.ar\/#website\",\"url\":\"https:\/\/nuevodigitaldeescobar.com.ar\/\",\"name\":\"Nuevo Digital de Escobar\",\"description\":\"La vida escobarense. Directora: Rosana Brunner\",\"publisher\":{\"@id\":\"https:\/\/nuevodigitaldeescobar.com.ar\/#organization\"},\"potentialAction\":[{\"@type\":\"SearchAction\",\"target\":{\"@type\":\"EntryPoint\",\"urlTemplate\":\"https:\/\/nuevodigitaldeescobar.com.ar\/?s={search_term_string}\"},\"query-input\":{\"@type\":\"PropertyValueSpecification\",\"valueRequired\":true,\"valueName\":\"search_term_string\"}}],\"inLanguage\":\"es\"},{\"@type\":\"Organization\",\"@id\":\"https:\/\/nuevodigitaldeescobar.com.ar\/#organization\",\"name\":\"Nuevo Digital de Escobar\",\"url\":\"https:\/\/nuevodigitaldeescobar.com.ar\/\",\"logo\":{\"@type\":\"ImageObject\",\"inLanguage\":\"es\",\"@id\":\"https:\/\/nuevodigitaldeescobar.com.ar\/#\/schema\/logo\/image\/\",\"url\":\"https:\/\/nuevodigitaldeescobar.com.ar\/wp-content\/uploads\/2025\/05\/cropped-logo-nuevo2.jpg\",\"contentUrl\":\"https:\/\/nuevodigitaldeescobar.com.ar\/wp-content\/uploads\/2025\/05\/cropped-logo-nuevo2.jpg\",\"width\":305,\"height\":305,\"caption\":\"Nuevo Digital de Escobar\"},\"image\":{\"@id\":\"https:\/\/nuevodigitaldeescobar.com.ar\/#\/schema\/logo\/image\/\"},\"sameAs\":[\"https:\/\/www.facebook.com\/NUEVODigitalDeEscobar\",\"https:\/\/x.com\/nuevodigescobar\",\"https:\/\/www.instagram.com\/nuevodigitaldeescobar\"]},{\"@type\":\"Person\",\"@id\":\"https:\/\/nuevodigitaldeescobar.com.ar\/#\/schema\/person\/035e90a8efe9a80e6eec22656ad6ea4c\",\"name\":\"Redacci\u00f3n\",\"image\":{\"@type\":\"ImageObject\",\"inLanguage\":\"es\",\"@id\":\"https:\/\/nuevodigitaldeescobar.com.ar\/#\/schema\/person\/image\/\",\"url\":\"https:\/\/secure.gravatar.com\/avatar\/8af8f40000c24e9eef3034f2be5998a372bb1389e64b1a4a36b3a7979142220d?s=96&d=mm&r=g\",\"contentUrl\":\"https:\/\/secure.gravatar.com\/avatar\/8af8f40000c24e9eef3034f2be5998a372bb1389e64b1a4a36b3a7979142220d?s=96&d=mm&r=g\",\"caption\":\"Redacci\u00f3n\"},\"sameAs\":[\"http:\/\/nuevodigitaldeescobar.com.ar\"],\"url\":\"https:\/\/nuevodigitaldeescobar.com.ar\/?author=1\"}]}<\/script>\n<!-- \/ Yoast SEO plugin. -->","yoast_head_json":{"title":"Mariju\u00e1n denunci\u00f3 a Alberto Fern\u00e1ndez por el aumento desproporcionado de las pensiones por invalidez - Nuevo Digital de Escobar","robots":{"index":"index","follow":"follow","max-snippet":"max-snippet:-1","max-image-preview":"max-image-preview:large","max-video-preview":"max-video-preview:-1"},"canonical":"https:\/\/nuevodigitaldeescobar.com.ar\/?p=6214","og_locale":"es_ES","og_type":"article","og_title":"Mariju\u00e1n denunci\u00f3 a Alberto Fern\u00e1ndez por el aumento desproporcionado de las pensiones por invalidez - Nuevo Digital de Escobar","og_description":"Tambi\u00e9n fueron acusados los ex directores de la Agencia Nacional de Discapacidad. Los acusan de \u201cflexibilizar el proceso de otorgamiento\u201d de las pensiones. Entre 2020 [&hellip;]","og_url":"https:\/\/nuevodigitaldeescobar.com.ar\/?p=6214","og_site_name":"Nuevo Digital de Escobar","article_publisher":"https:\/\/www.facebook.com\/NUEVODigitalDeEscobar","article_published_time":"2024-06-18T12:19:00+00:00","article_modified_time":"2024-06-18T16:21:23+00:00","og_image":[{"width":720,"height":480,"url":"https:\/\/nuevodigitaldeescobar.com.ar\/wp-content\/uploads\/2024\/06\/fernandez-a-e1718727675313.jpg","type":"image\/jpeg"}],"author":"Redacci\u00f3n","twitter_card":"summary_large_image","twitter_creator":"@nuevodigescobar","twitter_site":"@nuevodigescobar","twitter_misc":{"Escrito por":"Redacci\u00f3n","Tiempo de lectura":"5 minutos"},"schema":{"@context":"https:\/\/schema.org","@graph":[{"@type":"Article","@id":"https:\/\/nuevodigitaldeescobar.com.ar\/?p=6214#article","isPartOf":{"@id":"https:\/\/nuevodigitaldeescobar.com.ar\/?p=6214"},"author":{"name":"Redacci\u00f3n","@id":"https:\/\/nuevodigitaldeescobar.com.ar\/#\/schema\/person\/035e90a8efe9a80e6eec22656ad6ea4c"},"headline":"Mariju\u00e1n denunci\u00f3 a Alberto Fern\u00e1ndez por el aumento desproporcionado de las pensiones por invalidez","datePublished":"2024-06-18T12:19:00+00:00","dateModified":"2024-06-18T16:21:23+00:00","mainEntityOfPage":{"@id":"https:\/\/nuevodigitaldeescobar.com.ar\/?p=6214"},"wordCount":970,"commentCount":0,"publisher":{"@id":"https:\/\/nuevodigitaldeescobar.com.ar\/#organization"},"image":{"@id":"https:\/\/nuevodigitaldeescobar.com.ar\/?p=6214#primaryimage"},"thumbnailUrl":"https:\/\/nuevodigitaldeescobar.com.ar\/wp-content\/uploads\/2024\/06\/fernandez-a-e1718727675313.jpg","articleSection":["Judiciales","Pol\u00edtica"],"inLanguage":"es","potentialAction":[{"@type":"CommentAction","name":"Comment","target":["https:\/\/nuevodigitaldeescobar.com.ar\/?p=6214#respond"]}]},{"@type":"WebPage","@id":"https:\/\/nuevodigitaldeescobar.com.ar\/?p=6214","url":"https:\/\/nuevodigitaldeescobar.com.ar\/?p=6214","name":"Mariju\u00e1n denunci\u00f3 a Alberto Fern\u00e1ndez por el aumento desproporcionado de las pensiones por invalidez - Nuevo Digital de Escobar","isPartOf":{"@id":"https:\/\/nuevodigitaldeescobar.com.ar\/#website"},"primaryImageOfPage":{"@id":"https:\/\/nuevodigitaldeescobar.com.ar\/?p=6214#primaryimage"},"image":{"@id":"https:\/\/nuevodigitaldeescobar.com.ar\/?p=6214#primaryimage"},"thumbnailUrl":"https:\/\/nuevodigitaldeescobar.com.ar\/wp-content\/uploads\/2024\/06\/fernandez-a-e1718727675313.jpg","datePublished":"2024-06-18T12:19:00+00:00","dateModified":"2024-06-18T16:21:23+00:00","breadcrumb":{"@id":"https:\/\/nuevodigitaldeescobar.com.ar\/?p=6214#breadcrumb"},"inLanguage":"es","potentialAction":[{"@type":"ReadAction","target":["https:\/\/nuevodigitaldeescobar.com.ar\/?p=6214"]}]},{"@type":"ImageObject","inLanguage":"es","@id":"https:\/\/nuevodigitaldeescobar.com.ar\/?p=6214#primaryimage","url":"https:\/\/nuevodigitaldeescobar.com.ar\/wp-content\/uploads\/2024\/06\/fernandez-a-e1718727675313.jpg","contentUrl":"https:\/\/nuevodigitaldeescobar.com.ar\/wp-content\/uploads\/2024\/06\/fernandez-a-e1718727675313.jpg","width":720,"height":480},{"@type":"BreadcrumbList","@id":"https:\/\/nuevodigitaldeescobar.com.ar\/?p=6214#breadcrumb","itemListElement":[{"@type":"ListItem","position":1,"name":"Portada","item":"https:\/\/nuevodigitaldeescobar.com.ar\/"},{"@type":"ListItem","position":2,"name":"Mariju\u00e1n denunci\u00f3 a Alberto Fern\u00e1ndez por el aumento desproporcionado de las pensiones por invalidez"}]},{"@type":"WebSite","@id":"https:\/\/nuevodigitaldeescobar.com.ar\/#website","url":"https:\/\/nuevodigitaldeescobar.com.ar\/","name":"Nuevo Digital de Escobar","description":"La vida escobarense. Directora: Rosana Brunner","publisher":{"@id":"https:\/\/nuevodigitaldeescobar.com.ar\/#organization"},"potentialAction":[{"@type":"SearchAction","target":{"@type":"EntryPoint","urlTemplate":"https:\/\/nuevodigitaldeescobar.com.ar\/?s={search_term_string}"},"query-input":{"@type":"PropertyValueSpecification","valueRequired":true,"valueName":"search_term_string"}}],"inLanguage":"es"},{"@type":"Organization","@id":"https:\/\/nuevodigitaldeescobar.com.ar\/#organization","name":"Nuevo Digital de Escobar","url":"https:\/\/nuevodigitaldeescobar.com.ar\/","logo":{"@type":"ImageObject","inLanguage":"es","@id":"https:\/\/nuevodigitaldeescobar.com.ar\/#\/schema\/logo\/image\/","url":"https:\/\/nuevodigitaldeescobar.com.ar\/wp-content\/uploads\/2025\/05\/cropped-logo-nuevo2.jpg","contentUrl":"https:\/\/nuevodigitaldeescobar.com.ar\/wp-content\/uploads\/2025\/05\/cropped-logo-nuevo2.jpg","width":305,"height":305,"caption":"Nuevo Digital de Escobar"},"image":{"@id":"https:\/\/nuevodigitaldeescobar.com.ar\/#\/schema\/logo\/image\/"},"sameAs":["https:\/\/www.facebook.com\/NUEVODigitalDeEscobar","https:\/\/x.com\/nuevodigescobar","https:\/\/www.instagram.com\/nuevodigitaldeescobar"]},{"@type":"Person","@id":"https:\/\/nuevodigitaldeescobar.com.ar\/#\/schema\/person\/035e90a8efe9a80e6eec22656ad6ea4c","name":"Redacci\u00f3n","image":{"@type":"ImageObject","inLanguage":"es","@id":"https:\/\/nuevodigitaldeescobar.com.ar\/#\/schema\/person\/image\/","url":"https:\/\/secure.gravatar.com\/avatar\/8af8f40000c24e9eef3034f2be5998a372bb1389e64b1a4a36b3a7979142220d?s=96&d=mm&r=g","contentUrl":"https:\/\/secure.gravatar.com\/avatar\/8af8f40000c24e9eef3034f2be5998a372bb1389e64b1a4a36b3a7979142220d?s=96&d=mm&r=g","caption":"Redacci\u00f3n"},"sameAs":["http:\/\/nuevodigitaldeescobar.com.ar"],"url":"https:\/\/nuevodigitaldeescobar.com.ar\/?author=1"}]}},"featured_image_urls":{"full":["https:\/\/nuevodigitaldeescobar.com.ar\/wp-content\/uploads\/2024\/06\/fernandez-a-e1718727675313.jpg",720,480,false],"thumbnail":["https:\/\/nuevodigitaldeescobar.com.ar\/wp-content\/uploads\/2024\/06\/fernandez-a-150x150.jpg",150,150,true],"medium":["https:\/\/nuevodigitaldeescobar.com.ar\/wp-content\/uploads\/2024\/06\/fernandez-a-300x200.jpg",300,200,true],"medium_large":["https:\/\/nuevodigitaldeescobar.com.ar\/wp-content\/uploads\/2024\/06\/fernandez-a-e1718727675313.jpg",640,427,false],"large":["https:\/\/nuevodigitaldeescobar.com.ar\/wp-content\/uploads\/2024\/06\/fernandez-a-e1718727675313.jpg",640,427,false],"1536x1536":["https:\/\/nuevodigitaldeescobar.com.ar\/wp-content\/uploads\/2024\/06\/fernandez-a-e1718727675313.jpg",720,480,false],"2048x2048":["https:\/\/nuevodigitaldeescobar.com.ar\/wp-content\/uploads\/2024\/06\/fernandez-a-e1718727675313.jpg",720,480,false]},"author_info":{"display_name":"Redacci\u00f3n","author_link":"https:\/\/nuevodigitaldeescobar.com.ar\/?author=1"},"category_info":"<a href=\"https:\/\/nuevodigitaldeescobar.com.ar\/?cat=235\" rel=\"category\">Judiciales<\/a> <a href=\"https:\/\/nuevodigitaldeescobar.com.ar\/?cat=6\" rel=\"category\">Pol\u00edtica<\/a>","tag_info":"Pol\u00edtica","comment_count":"0","_links":{"self":[{"href":"https:\/\/nuevodigitaldeescobar.com.ar\/index.php?rest_route=\/wp\/v2\/posts\/6214","targetHints":{"allow":["GET"]}}],"collection":[{"href":"https:\/\/nuevodigitaldeescobar.com.ar\/index.php?rest_route=\/wp\/v2\/posts"}],"about":[{"href":"https:\/\/nuevodigitaldeescobar.com.ar\/index.php?rest_route=\/wp\/v2\/types\/post"}],"author":[{"embeddable":true,"href":"https:\/\/nuevodigitaldeescobar.com.ar\/index.php?rest_route=\/wp\/v2\/users\/1"}],"replies":[{"embeddable":true,"href":"https:\/\/nuevodigitaldeescobar.com.ar\/index.php?rest_route=%2Fwp%2Fv2%2Fcomments&post=6214"}],"version-history":[{"count":1,"href":"https:\/\/nuevodigitaldeescobar.com.ar\/index.php?rest_route=\/wp\/v2\/posts\/6214\/revisions"}],"predecessor-version":[{"id":6216,"href":"https:\/\/nuevodigitaldeescobar.com.ar\/index.php?rest_route=\/wp\/v2\/posts\/6214\/revisions\/6216"}],"wp:featuredmedia":[{"embeddable":true,"href":"https:\/\/nuevodigitaldeescobar.com.ar\/index.php?rest_route=\/wp\/v2\/media\/6215"}],"wp:attachment":[{"href":"https:\/\/nuevodigitaldeescobar.com.ar\/index.php?rest_route=%2Fwp%2Fv2%2Fmedia&parent=6214"}],"wp:term":[{"taxonomy":"category","embeddable":true,"href":"https:\/\/nuevodigitaldeescobar.com.ar\/index.php?rest_route=%2Fwp%2Fv2%2Fcategories&post=6214"},{"taxonomy":"post_tag","embeddable":true,"href":"https:\/\/nuevodigitaldeescobar.com.ar\/index.php?rest_route=%2Fwp%2Fv2%2Ftags&post=6214"}],"curies":[{"name":"wp","href":"https:\/\/api.w.org\/{rel}","templated":true}]}}