{"id":6248,"date":"2024-06-19T08:13:00","date_gmt":"2024-06-19T11:13:00","guid":{"rendered":"https:\/\/nuevodigitaldeescobar.com.ar\/?p=6248"},"modified":"2024-06-19T13:24:40","modified_gmt":"2024-06-19T16:24:40","slug":"condenaron-con-16-anos-de-prision-a-jose-alperovich-por-abuso-sexual","status":"publish","type":"post","link":"https:\/\/nuevodigitaldeescobar.com.ar\/?p=6248","title":{"rendered":"Condenaron con 16 a\u00f1os de prisi\u00f3n a Jos\u00e9 Alperovich por abuso sexual"},"content":{"rendered":"<p><span style=\"color: #003366;\"><strong><em>El exgobernador de Tucum\u00e1n fue encontrado culpable de nueve hechos de violaci\u00f3n contra su sobrina y ex asesora, ocurridos entre 2017 y 2018. Adem\u00e1s, fue inhabilitado de por vida para ejercer cargos p\u00fablicos.<\/em><\/strong><\/span><\/p>\n<p><!--more--><\/p>\n<hr \/>\n<p>El ex gobernador de Tucum\u00e1n, Jos\u00e9 Alperovich, fue condenado anoche a 16 a\u00f1os de prisi\u00f3n e inhabilitaci\u00f3n perpetua para ejercer cargos p\u00fablicos, tras ser acusado de perpetrar nueve hechos de abuso sexual contra su sobrina y ex asesora entre 2017 y 2018, ocurridos tanto en la Ciudad de Buenos Aires como en la provincia norte\u00f1a.<\/p>\n<p>De esta manera, y en medio de un fuerte operativo policial, el juez Alejo Ramos Padilla dict\u00f3 el veredicto en perjuicio del ex mandatario provincial, quien se encontraba acusado de tres tentativas de violaci\u00f3n y seis agravadas por acceso carnal.<\/p>\n<p>Alperovich, quien fue gobernador de Tucum\u00e1n durante tres per\u00edodos, fue trasladado a un penal federal, por decisi\u00f3n del magistrado.<\/p>\n<p><em>\u00abFue un mensaje muy importante en contra de la impunidad\u00bb<\/em>, asegur\u00f3 la vocera de la denunciante, Milagro Mariona, tras conocerse el fallo.<\/p>\n<p>Seg\u00fan la denuncia, los primeros hechos por los que fue incriminado ocurrieron en Buenos Aires a fines del 2017, poco despu\u00e9s de que la v\u00edctima empez\u00f3 a trabajar como asesora del ex gobernador de Tucum\u00e1n, quien por aquel entonces era senador y viajaba asiduamente con sobrina a territorio bonaerense.<\/p>\n<p>Alperovich esper\u00f3 la decisi\u00f3n en el interior de los Tribunales de la calle Paraguay al 1500, junto a sus cuatro hijos. En este sentido, fuentes del caso confiaron que el ex mandatario tucumano ten\u00eda la obligaci\u00f3n de aguardar la lectura del veredicto en las instalaciones de esa sede judicial.<\/p>\n<p>Hasta anoche, el ex gobernador se hab\u00eda mantenido en libertad tras haber sido denunciado en noviembre de 2019 y contaba \u00fanicamente con una prohibici\u00f3n de salida del pa\u00eds.<\/p>\n<p>De los hechos de abuso sexual, dos tuvieron lugar en el departamento que Alperovich posee en Puerto Madero, pero los casos m\u00e1s graves se produjeron en marzo del 2018 en la provincia de Tucum\u00e1n.<\/p>\n<p>En su alegato, la defensa intent\u00f3 descalificar a la v\u00edctima e incluso argument\u00f3 que en la acusaci\u00f3n se utilizaron las <em>\u00abmismas frases\u00bb<\/em> con las que se incrimin\u00f3 al actor Juan Darth\u00e9s, quien recientemente fuera condenado en Brasil.<\/p>\n<p>Las palabras a las que hizo alusi\u00f3n el abogado defensor son las que presuntamente le habr\u00eda dicho Alperovich a su sobrina en uno de los ocho hechos por los que lleg\u00f3 a juicio. <em>\u00abMir\u00e1 como me pones\u00bb<\/em>, fue la frase con la que el letrado compar\u00f3 los dos casos.<\/p>\n<p><em>\u00abEs llamativo que Alperovich y Darth\u00e9s utilizaran la misma frase\u00bb<\/em> para con las v\u00edctimas, <em>\u00abcuando ni siquiera se conocen\u00bb<\/em>, agreg\u00f3.<\/p>\n<h3><span style=\"color: #003366;\">Alperovich escuch\u00f3 la condena junto a sus hijos y su esposa<\/span><\/h3>\n<p>En una lectura con la sentencia y la orden de inmediata detenci\u00f3n, Alperovich escuch\u00f3 la lectura del fallo que lo conden\u00f3 por abuso sexual en presencia de sus cuatro hijos y a trav\u00e9s de videoconferencia su esposa y la v\u00edctima que lo denunci\u00f3 en 2019. As\u00ed, ex gobernador no estuvo solo a la hora de escuchar la condena en su contra a 16 a\u00f1os de prisi\u00f3n por abuso sexual y la orden de inmediata detenci\u00f3n en su contra.<\/p>\n<p>En la sala de audiencias estuvo acompa\u00f1ado por sus cuatro hijos, quienes ubicados a unos metros se le acercaron para abrazarlo tras escuchar la condena y la inmediata detenci\u00f3n ordenada por el juez Juan Ramos Padilla.<\/p>\n<p>Pero tambi\u00e9n estaban haciendo seguimiento de la audiencia su esposa Beatriz Rojkes y la v\u00edctima, ambas conectadas a trav\u00e9s de la plataforma zoom.<\/p>\n<p>Mientras el juez daba lectura al fallo, agentes del Servicio Penitenciario Federal (SPF) aguardaban en la antesala del juicio sumado a una presencia policial m\u00e1s concurrida a la habitual que hubo en estas \u00faltimas semanas de debate oral.<\/p>\n<p>Alperovich estuvo toda la tarde en la sede de los Tribunales de la calle Paraguay 1536, a ra\u00edz de que luego de las \u00faltimas palabras a las 13:00, la decisi\u00f3n del Juzgado fue que permanezca en las instalaciones de los Tribunales hasta conocer el veredicto.<\/p>\n<p>El ex gobernador permaneci\u00f3 en los pasillos de la planta baja de los Tribunales acompa\u00f1ado por sus cuatro hijos y algunos colaboradores, quienes por momentos sal\u00edan a los comercios de la zona cercana Tribunales para llevarle algunos alimentos y bebidas.<\/p>\n<p>Durante la tarde se reforz\u00f3 el operativo de seguridad en el \u00fanico ingreso que tienen los tribunales de la calle Paraguay a partir de la presencia de polic\u00edas de civil, y por momentos se acercaron algunas unidades de traslado del Servicio Penitenciario Federal, lo que daba la presunci\u00f3n de qua Alperovich finalmente fuera condenado y detenido, tal cual sucedi\u00f3.<\/p>\n<p>El ex gobernador ser\u00e1 trasladado a una unidad de detenci\u00f3n para luego ser ingresado a una c\u00e1rcel federal, tal cual dispuso el juez Ramos Padilla.<\/p>\n<p><em>(NA)<\/em><\/p>\n","protected":false},"excerpt":{"rendered":"<p>El exgobernador de Tucum\u00e1n fue encontrado culpable de nueve hechos de violaci\u00f3n contra su sobrina y ex asesora, ocurridos entre 2017 y 2018. Adem\u00e1s, fue [&hellip;]<\/p>\n","protected":false},"author":1,"featured_media":6249,"comment_status":"open","ping_status":"open","sticky":false,"template":"","format":"standard","meta":{"footnotes":""},"categories":[235,6],"tags":[],"class_list":["post-6248","post","type-post","status-publish","format-standard","has-post-thumbnail","hentry","category-judiciales","category-politica"],"better_featured_image":{"id":6249,"alt_text":"","caption":"","description":"","media_type":"image","media_details":{"width":720,"height":505,"file":"2024\/06\/alperovich-preso-e1718814089665.jpg","filesize":123020,"sizes":{"medium":{"file":"alperovich-preso-300x210.jpg","width":300,"height":210,"mime-type":"image\/jpeg","filesize":13029,"source_url":"https:\/\/nuevodigitaldeescobar.com.ar\/wp-content\/uploads\/2024\/06\/alperovich-preso-300x210.jpg"},"large":{"file":"alperovich-preso-1024x718.jpg","width":1024,"height":718,"mime-type":"image\/jpeg","filesize":83212,"source_url":"https:\/\/nuevodigitaldeescobar.com.ar\/wp-content\/uploads\/2024\/06\/alperovich-preso-1024x718.jpg"},"thumbnail":{"file":"alperovich-preso-150x150.jpg","width":150,"height":150,"mime-type":"image\/jpeg","filesize":5568,"source_url":"https:\/\/nuevodigitaldeescobar.com.ar\/wp-content\/uploads\/2024\/06\/alperovich-preso-150x150.jpg"},"medium_large":{"file":"alperovich-preso-768x538.jpg","width":768,"height":538,"mime-type":"image\/jpeg","filesize":54093,"source_url":"https:\/\/nuevodigitaldeescobar.com.ar\/wp-content\/uploads\/2024\/06\/alperovich-preso-768x538.jpg"}},"image_meta":{"aperture":"0","credit":"","camera":"","caption":"","created_timestamp":"0","copyright":"","focal_length":"0","iso":"0","shutter_speed":"0","title":"","orientation":"0","keywords":[]}},"post":6248,"source_url":"https:\/\/nuevodigitaldeescobar.com.ar\/wp-content\/uploads\/2024\/06\/alperovich-preso-e1718814089665.jpg"},"yoast_head":"<!-- This site is optimized with the Yoast SEO plugin v26.1.1 - https:\/\/yoast.com\/wordpress\/plugins\/seo\/ -->\n<title>Condenaron con 16 a\u00f1os de prisi\u00f3n a Jos\u00e9 Alperovich por abuso sexual - Nuevo Digital de Escobar<\/title>\n<meta name=\"robots\" content=\"index, follow, max-snippet:-1, max-image-preview:large, max-video-preview:-1\" \/>\n<link rel=\"canonical\" href=\"https:\/\/nuevodigitaldeescobar.com.ar\/?p=6248\" \/>\n<meta property=\"og:locale\" content=\"es_ES\" \/>\n<meta property=\"og:type\" content=\"article\" \/>\n<meta property=\"og:title\" content=\"Condenaron con 16 a\u00f1os de prisi\u00f3n a Jos\u00e9 Alperovich por abuso sexual - Nuevo Digital de Escobar\" \/>\n<meta property=\"og:description\" content=\"El exgobernador de Tucum\u00e1n fue encontrado culpable de nueve hechos de violaci\u00f3n contra su sobrina y ex asesora, ocurridos entre 2017 y 2018. Adem\u00e1s, fue [&hellip;]\" \/>\n<meta property=\"og:url\" content=\"https:\/\/nuevodigitaldeescobar.com.ar\/?p=6248\" \/>\n<meta property=\"og:site_name\" content=\"Nuevo Digital de Escobar\" \/>\n<meta property=\"article:publisher\" content=\"https:\/\/www.facebook.com\/NUEVODigitalDeEscobar\" \/>\n<meta property=\"article:published_time\" content=\"2024-06-19T11:13:00+00:00\" \/>\n<meta property=\"article:modified_time\" content=\"2024-06-19T16:24:40+00:00\" \/>\n<meta property=\"og:image\" content=\"https:\/\/nuevodigitaldeescobar.com.ar\/wp-content\/uploads\/2024\/06\/alperovich-preso-e1718814089665.jpg\" \/>\n\t<meta property=\"og:image:width\" content=\"720\" \/>\n\t<meta property=\"og:image:height\" content=\"505\" \/>\n\t<meta property=\"og:image:type\" content=\"image\/jpeg\" \/>\n<meta name=\"author\" content=\"Redacci\u00f3n\" \/>\n<meta name=\"twitter:card\" content=\"summary_large_image\" \/>\n<meta name=\"twitter:creator\" content=\"@nuevodigescobar\" \/>\n<meta name=\"twitter:site\" content=\"@nuevodigescobar\" \/>\n<meta name=\"twitter:label1\" content=\"Escrito por\" \/>\n\t<meta name=\"twitter:data1\" content=\"Redacci\u00f3n\" \/>\n\t<meta name=\"twitter:label2\" content=\"Tiempo de lectura\" \/>\n\t<meta name=\"twitter:data2\" content=\"4 minutos\" \/>\n<script type=\"application\/ld+json\" class=\"yoast-schema-graph\">{\"@context\":\"https:\/\/schema.org\",\"@graph\":[{\"@type\":\"Article\",\"@id\":\"https:\/\/nuevodigitaldeescobar.com.ar\/?p=6248#article\",\"isPartOf\":{\"@id\":\"https:\/\/nuevodigitaldeescobar.com.ar\/?p=6248\"},\"author\":{\"name\":\"Redacci\u00f3n\",\"@id\":\"https:\/\/nuevodigitaldeescobar.com.ar\/#\/schema\/person\/035e90a8efe9a80e6eec22656ad6ea4c\"},\"headline\":\"Condenaron con 16 a\u00f1os de prisi\u00f3n a Jos\u00e9 Alperovich por abuso sexual\",\"datePublished\":\"2024-06-19T11:13:00+00:00\",\"dateModified\":\"2024-06-19T16:24:40+00:00\",\"mainEntityOfPage\":{\"@id\":\"https:\/\/nuevodigitaldeescobar.com.ar\/?p=6248\"},\"wordCount\":844,\"commentCount\":0,\"publisher\":{\"@id\":\"https:\/\/nuevodigitaldeescobar.com.ar\/#organization\"},\"image\":{\"@id\":\"https:\/\/nuevodigitaldeescobar.com.ar\/?p=6248#primaryimage\"},\"thumbnailUrl\":\"https:\/\/nuevodigitaldeescobar.com.ar\/wp-content\/uploads\/2024\/06\/alperovich-preso-e1718814089665.jpg\",\"articleSection\":[\"Judiciales\",\"Pol\u00edtica\"],\"inLanguage\":\"es\",\"potentialAction\":[{\"@type\":\"CommentAction\",\"name\":\"Comment\",\"target\":[\"https:\/\/nuevodigitaldeescobar.com.ar\/?p=6248#respond\"]}]},{\"@type\":\"WebPage\",\"@id\":\"https:\/\/nuevodigitaldeescobar.com.ar\/?p=6248\",\"url\":\"https:\/\/nuevodigitaldeescobar.com.ar\/?p=6248\",\"name\":\"Condenaron con 16 a\u00f1os de prisi\u00f3n a Jos\u00e9 Alperovich por abuso sexual - Nuevo Digital de Escobar\",\"isPartOf\":{\"@id\":\"https:\/\/nuevodigitaldeescobar.com.ar\/#website\"},\"primaryImageOfPage\":{\"@id\":\"https:\/\/nuevodigitaldeescobar.com.ar\/?p=6248#primaryimage\"},\"image\":{\"@id\":\"https:\/\/nuevodigitaldeescobar.com.ar\/?p=6248#primaryimage\"},\"thumbnailUrl\":\"https:\/\/nuevodigitaldeescobar.com.ar\/wp-content\/uploads\/2024\/06\/alperovich-preso-e1718814089665.jpg\",\"datePublished\":\"2024-06-19T11:13:00+00:00\",\"dateModified\":\"2024-06-19T16:24:40+00:00\",\"breadcrumb\":{\"@id\":\"https:\/\/nuevodigitaldeescobar.com.ar\/?p=6248#breadcrumb\"},\"inLanguage\":\"es\",\"potentialAction\":[{\"@type\":\"ReadAction\",\"target\":[\"https:\/\/nuevodigitaldeescobar.com.ar\/?p=6248\"]}]},{\"@type\":\"ImageObject\",\"inLanguage\":\"es\",\"@id\":\"https:\/\/nuevodigitaldeescobar.com.ar\/?p=6248#primaryimage\",\"url\":\"https:\/\/nuevodigitaldeescobar.com.ar\/wp-content\/uploads\/2024\/06\/alperovich-preso-e1718814089665.jpg\",\"contentUrl\":\"https:\/\/nuevodigitaldeescobar.com.ar\/wp-content\/uploads\/2024\/06\/alperovich-preso-e1718814089665.jpg\",\"width\":720,\"height\":505},{\"@type\":\"BreadcrumbList\",\"@id\":\"https:\/\/nuevodigitaldeescobar.com.ar\/?p=6248#breadcrumb\",\"itemListElement\":[{\"@type\":\"ListItem\",\"position\":1,\"name\":\"Portada\",\"item\":\"https:\/\/nuevodigitaldeescobar.com.ar\/\"},{\"@type\":\"ListItem\",\"position\":2,\"name\":\"Condenaron con 16 a\u00f1os de prisi\u00f3n a Jos\u00e9 Alperovich por abuso sexual\"}]},{\"@type\":\"WebSite\",\"@id\":\"https:\/\/nuevodigitaldeescobar.com.ar\/#website\",\"url\":\"https:\/\/nuevodigitaldeescobar.com.ar\/\",\"name\":\"Nuevo Digital de Escobar\",\"description\":\"La vida escobarense. Directora: Rosana Brunner\",\"publisher\":{\"@id\":\"https:\/\/nuevodigitaldeescobar.com.ar\/#organization\"},\"potentialAction\":[{\"@type\":\"SearchAction\",\"target\":{\"@type\":\"EntryPoint\",\"urlTemplate\":\"https:\/\/nuevodigitaldeescobar.com.ar\/?s={search_term_string}\"},\"query-input\":{\"@type\":\"PropertyValueSpecification\",\"valueRequired\":true,\"valueName\":\"search_term_string\"}}],\"inLanguage\":\"es\"},{\"@type\":\"Organization\",\"@id\":\"https:\/\/nuevodigitaldeescobar.com.ar\/#organization\",\"name\":\"Nuevo Digital de Escobar\",\"url\":\"https:\/\/nuevodigitaldeescobar.com.ar\/\",\"logo\":{\"@type\":\"ImageObject\",\"inLanguage\":\"es\",\"@id\":\"https:\/\/nuevodigitaldeescobar.com.ar\/#\/schema\/logo\/image\/\",\"url\":\"https:\/\/nuevodigitaldeescobar.com.ar\/wp-content\/uploads\/2025\/05\/cropped-logo-nuevo2.jpg\",\"contentUrl\":\"https:\/\/nuevodigitaldeescobar.com.ar\/wp-content\/uploads\/2025\/05\/cropped-logo-nuevo2.jpg\",\"width\":305,\"height\":305,\"caption\":\"Nuevo Digital de Escobar\"},\"image\":{\"@id\":\"https:\/\/nuevodigitaldeescobar.com.ar\/#\/schema\/logo\/image\/\"},\"sameAs\":[\"https:\/\/www.facebook.com\/NUEVODigitalDeEscobar\",\"https:\/\/x.com\/nuevodigescobar\",\"https:\/\/www.instagram.com\/nuevodigitaldeescobar\"]},{\"@type\":\"Person\",\"@id\":\"https:\/\/nuevodigitaldeescobar.com.ar\/#\/schema\/person\/035e90a8efe9a80e6eec22656ad6ea4c\",\"name\":\"Redacci\u00f3n\",\"image\":{\"@type\":\"ImageObject\",\"inLanguage\":\"es\",\"@id\":\"https:\/\/nuevodigitaldeescobar.com.ar\/#\/schema\/person\/image\/\",\"url\":\"https:\/\/secure.gravatar.com\/avatar\/8af8f40000c24e9eef3034f2be5998a372bb1389e64b1a4a36b3a7979142220d?s=96&d=mm&r=g\",\"contentUrl\":\"https:\/\/secure.gravatar.com\/avatar\/8af8f40000c24e9eef3034f2be5998a372bb1389e64b1a4a36b3a7979142220d?s=96&d=mm&r=g\",\"caption\":\"Redacci\u00f3n\"},\"sameAs\":[\"http:\/\/nuevodigitaldeescobar.com.ar\"],\"url\":\"https:\/\/nuevodigitaldeescobar.com.ar\/?author=1\"}]}<\/script>\n<!-- \/ Yoast SEO plugin. -->","yoast_head_json":{"title":"Condenaron con 16 a\u00f1os de prisi\u00f3n a Jos\u00e9 Alperovich por abuso sexual - Nuevo Digital de Escobar","robots":{"index":"index","follow":"follow","max-snippet":"max-snippet:-1","max-image-preview":"max-image-preview:large","max-video-preview":"max-video-preview:-1"},"canonical":"https:\/\/nuevodigitaldeescobar.com.ar\/?p=6248","og_locale":"es_ES","og_type":"article","og_title":"Condenaron con 16 a\u00f1os de prisi\u00f3n a Jos\u00e9 Alperovich por abuso sexual - Nuevo Digital de Escobar","og_description":"El exgobernador de Tucum\u00e1n fue encontrado culpable de nueve hechos de violaci\u00f3n contra su sobrina y ex asesora, ocurridos entre 2017 y 2018. Adem\u00e1s, fue [&hellip;]","og_url":"https:\/\/nuevodigitaldeescobar.com.ar\/?p=6248","og_site_name":"Nuevo Digital de Escobar","article_publisher":"https:\/\/www.facebook.com\/NUEVODigitalDeEscobar","article_published_time":"2024-06-19T11:13:00+00:00","article_modified_time":"2024-06-19T16:24:40+00:00","og_image":[{"width":720,"height":505,"url":"https:\/\/nuevodigitaldeescobar.com.ar\/wp-content\/uploads\/2024\/06\/alperovich-preso-e1718814089665.jpg","type":"image\/jpeg"}],"author":"Redacci\u00f3n","twitter_card":"summary_large_image","twitter_creator":"@nuevodigescobar","twitter_site":"@nuevodigescobar","twitter_misc":{"Escrito por":"Redacci\u00f3n","Tiempo de lectura":"4 minutos"},"schema":{"@context":"https:\/\/schema.org","@graph":[{"@type":"Article","@id":"https:\/\/nuevodigitaldeescobar.com.ar\/?p=6248#article","isPartOf":{"@id":"https:\/\/nuevodigitaldeescobar.com.ar\/?p=6248"},"author":{"name":"Redacci\u00f3n","@id":"https:\/\/nuevodigitaldeescobar.com.ar\/#\/schema\/person\/035e90a8efe9a80e6eec22656ad6ea4c"},"headline":"Condenaron con 16 a\u00f1os de prisi\u00f3n a Jos\u00e9 Alperovich por abuso sexual","datePublished":"2024-06-19T11:13:00+00:00","dateModified":"2024-06-19T16:24:40+00:00","mainEntityOfPage":{"@id":"https:\/\/nuevodigitaldeescobar.com.ar\/?p=6248"},"wordCount":844,"commentCount":0,"publisher":{"@id":"https:\/\/nuevodigitaldeescobar.com.ar\/#organization"},"image":{"@id":"https:\/\/nuevodigitaldeescobar.com.ar\/?p=6248#primaryimage"},"thumbnailUrl":"https:\/\/nuevodigitaldeescobar.com.ar\/wp-content\/uploads\/2024\/06\/alperovich-preso-e1718814089665.jpg","articleSection":["Judiciales","Pol\u00edtica"],"inLanguage":"es","potentialAction":[{"@type":"CommentAction","name":"Comment","target":["https:\/\/nuevodigitaldeescobar.com.ar\/?p=6248#respond"]}]},{"@type":"WebPage","@id":"https:\/\/nuevodigitaldeescobar.com.ar\/?p=6248","url":"https:\/\/nuevodigitaldeescobar.com.ar\/?p=6248","name":"Condenaron con 16 a\u00f1os de prisi\u00f3n a Jos\u00e9 Alperovich por abuso sexual - Nuevo Digital de Escobar","isPartOf":{"@id":"https:\/\/nuevodigitaldeescobar.com.ar\/#website"},"primaryImageOfPage":{"@id":"https:\/\/nuevodigitaldeescobar.com.ar\/?p=6248#primaryimage"},"image":{"@id":"https:\/\/nuevodigitaldeescobar.com.ar\/?p=6248#primaryimage"},"thumbnailUrl":"https:\/\/nuevodigitaldeescobar.com.ar\/wp-content\/uploads\/2024\/06\/alperovich-preso-e1718814089665.jpg","datePublished":"2024-06-19T11:13:00+00:00","dateModified":"2024-06-19T16:24:40+00:00","breadcrumb":{"@id":"https:\/\/nuevodigitaldeescobar.com.ar\/?p=6248#breadcrumb"},"inLanguage":"es","potentialAction":[{"@type":"ReadAction","target":["https:\/\/nuevodigitaldeescobar.com.ar\/?p=6248"]}]},{"@type":"ImageObject","inLanguage":"es","@id":"https:\/\/nuevodigitaldeescobar.com.ar\/?p=6248#primaryimage","url":"https:\/\/nuevodigitaldeescobar.com.ar\/wp-content\/uploads\/2024\/06\/alperovich-preso-e1718814089665.jpg","contentUrl":"https:\/\/nuevodigitaldeescobar.com.ar\/wp-content\/uploads\/2024\/06\/alperovich-preso-e1718814089665.jpg","width":720,"height":505},{"@type":"BreadcrumbList","@id":"https:\/\/nuevodigitaldeescobar.com.ar\/?p=6248#breadcrumb","itemListElement":[{"@type":"ListItem","position":1,"name":"Portada","item":"https:\/\/nuevodigitaldeescobar.com.ar\/"},{"@type":"ListItem","position":2,"name":"Condenaron con 16 a\u00f1os de prisi\u00f3n a Jos\u00e9 Alperovich por abuso sexual"}]},{"@type":"WebSite","@id":"https:\/\/nuevodigitaldeescobar.com.ar\/#website","url":"https:\/\/nuevodigitaldeescobar.com.ar\/","name":"Nuevo Digital de Escobar","description":"La vida escobarense. Directora: Rosana Brunner","publisher":{"@id":"https:\/\/nuevodigitaldeescobar.com.ar\/#organization"},"potentialAction":[{"@type":"SearchAction","target":{"@type":"EntryPoint","urlTemplate":"https:\/\/nuevodigitaldeescobar.com.ar\/?s={search_term_string}"},"query-input":{"@type":"PropertyValueSpecification","valueRequired":true,"valueName":"search_term_string"}}],"inLanguage":"es"},{"@type":"Organization","@id":"https:\/\/nuevodigitaldeescobar.com.ar\/#organization","name":"Nuevo Digital de Escobar","url":"https:\/\/nuevodigitaldeescobar.com.ar\/","logo":{"@type":"ImageObject","inLanguage":"es","@id":"https:\/\/nuevodigitaldeescobar.com.ar\/#\/schema\/logo\/image\/","url":"https:\/\/nuevodigitaldeescobar.com.ar\/wp-content\/uploads\/2025\/05\/cropped-logo-nuevo2.jpg","contentUrl":"https:\/\/nuevodigitaldeescobar.com.ar\/wp-content\/uploads\/2025\/05\/cropped-logo-nuevo2.jpg","width":305,"height":305,"caption":"Nuevo Digital de Escobar"},"image":{"@id":"https:\/\/nuevodigitaldeescobar.com.ar\/#\/schema\/logo\/image\/"},"sameAs":["https:\/\/www.facebook.com\/NUEVODigitalDeEscobar","https:\/\/x.com\/nuevodigescobar","https:\/\/www.instagram.com\/nuevodigitaldeescobar"]},{"@type":"Person","@id":"https:\/\/nuevodigitaldeescobar.com.ar\/#\/schema\/person\/035e90a8efe9a80e6eec22656ad6ea4c","name":"Redacci\u00f3n","image":{"@type":"ImageObject","inLanguage":"es","@id":"https:\/\/nuevodigitaldeescobar.com.ar\/#\/schema\/person\/image\/","url":"https:\/\/secure.gravatar.com\/avatar\/8af8f40000c24e9eef3034f2be5998a372bb1389e64b1a4a36b3a7979142220d?s=96&d=mm&r=g","contentUrl":"https:\/\/secure.gravatar.com\/avatar\/8af8f40000c24e9eef3034f2be5998a372bb1389e64b1a4a36b3a7979142220d?s=96&d=mm&r=g","caption":"Redacci\u00f3n"},"sameAs":["http:\/\/nuevodigitaldeescobar.com.ar"],"url":"https:\/\/nuevodigitaldeescobar.com.ar\/?author=1"}]}},"featured_image_urls":{"full":["https:\/\/nuevodigitaldeescobar.com.ar\/wp-content\/uploads\/2024\/06\/alperovich-preso-e1718814089665.jpg",720,505,false],"thumbnail":["https:\/\/nuevodigitaldeescobar.com.ar\/wp-content\/uploads\/2024\/06\/alperovich-preso-150x150.jpg",150,150,true],"medium":["https:\/\/nuevodigitaldeescobar.com.ar\/wp-content\/uploads\/2024\/06\/alperovich-preso-300x210.jpg",300,210,true],"medium_large":["https:\/\/nuevodigitaldeescobar.com.ar\/wp-content\/uploads\/2024\/06\/alperovich-preso-768x538.jpg",640,448,true],"large":["https:\/\/nuevodigitaldeescobar.com.ar\/wp-content\/uploads\/2024\/06\/alperovich-preso-1024x718.jpg",640,449,true],"1536x1536":["https:\/\/nuevodigitaldeescobar.com.ar\/wp-content\/uploads\/2024\/06\/alperovich-preso-e1718814089665.jpg",720,505,false],"2048x2048":["https:\/\/nuevodigitaldeescobar.com.ar\/wp-content\/uploads\/2024\/06\/alperovich-preso-e1718814089665.jpg",720,505,false]},"author_info":{"display_name":"Redacci\u00f3n","author_link":"https:\/\/nuevodigitaldeescobar.com.ar\/?author=1"},"category_info":"<a href=\"https:\/\/nuevodigitaldeescobar.com.ar\/?cat=235\" rel=\"category\">Judiciales<\/a> <a href=\"https:\/\/nuevodigitaldeescobar.com.ar\/?cat=6\" rel=\"category\">Pol\u00edtica<\/a>","tag_info":"Pol\u00edtica","comment_count":"0","_links":{"self":[{"href":"https:\/\/nuevodigitaldeescobar.com.ar\/index.php?rest_route=\/wp\/v2\/posts\/6248","targetHints":{"allow":["GET"]}}],"collection":[{"href":"https:\/\/nuevodigitaldeescobar.com.ar\/index.php?rest_route=\/wp\/v2\/posts"}],"about":[{"href":"https:\/\/nuevodigitaldeescobar.com.ar\/index.php?rest_route=\/wp\/v2\/types\/post"}],"author":[{"embeddable":true,"href":"https:\/\/nuevodigitaldeescobar.com.ar\/index.php?rest_route=\/wp\/v2\/users\/1"}],"replies":[{"embeddable":true,"href":"https:\/\/nuevodigitaldeescobar.com.ar\/index.php?rest_route=%2Fwp%2Fv2%2Fcomments&post=6248"}],"version-history":[{"count":1,"href":"https:\/\/nuevodigitaldeescobar.com.ar\/index.php?rest_route=\/wp\/v2\/posts\/6248\/revisions"}],"predecessor-version":[{"id":6250,"href":"https:\/\/nuevodigitaldeescobar.com.ar\/index.php?rest_route=\/wp\/v2\/posts\/6248\/revisions\/6250"}],"wp:featuredmedia":[{"embeddable":true,"href":"https:\/\/nuevodigitaldeescobar.com.ar\/index.php?rest_route=\/wp\/v2\/media\/6249"}],"wp:attachment":[{"href":"https:\/\/nuevodigitaldeescobar.com.ar\/index.php?rest_route=%2Fwp%2Fv2%2Fmedia&parent=6248"}],"wp:term":[{"taxonomy":"category","embeddable":true,"href":"https:\/\/nuevodigitaldeescobar.com.ar\/index.php?rest_route=%2Fwp%2Fv2%2Fcategories&post=6248"},{"taxonomy":"post_tag","embeddable":true,"href":"https:\/\/nuevodigitaldeescobar.com.ar\/index.php?rest_route=%2Fwp%2Fv2%2Ftags&post=6248"}],"curies":[{"name":"wp","href":"https:\/\/api.w.org\/{rel}","templated":true}]}}