{"id":6351,"date":"2024-06-25T07:00:00","date_gmt":"2024-06-25T10:00:00","guid":{"rendered":"https:\/\/nuevodigitaldeescobar.com.ar\/?p=6351"},"modified":"2024-06-24T19:26:48","modified_gmt":"2024-06-24T22:26:48","slug":"por-una-medida-gremial-hoy-los-trenes-circularan-nuevamente-a-30-kilometros-por-hora","status":"publish","type":"post","link":"https:\/\/nuevodigitaldeescobar.com.ar\/?p=6351","title":{"rendered":"Por una medida gremial, hoy los trenes circular\u00e1n nuevamente a 30 kil\u00f3metros por hora"},"content":{"rendered":"<p><span style=\"color: #003366;\"><strong><em>Eso ocasionar\u00e1, otra vez, demoras en el servicio, ya que la velocidad habitual es de entre 60 y 80 kil\u00f3metros por hora. El reclamo se debe a que no hubo una recomposici\u00f3n satisfactoria de los salarios de los empleados del sector.<\/em><\/strong><\/span><\/p>\n<p><!--more--><\/p>\n<hr \/>\n<p>El sindicato ferroviario La Fraternidad realizar\u00e1 este martes 25 de junio una nueva medida de fuerza, que consistir\u00e1 en reducir la velocidad de las formaciones de trenes de las distintas l\u00edneas metropolitanas a 30 kil\u00f3metros por hora durante todo el d\u00eda.<\/p>\n<p>Se repetir\u00e1 as\u00ed la modalidad de protesta que se utiliz\u00f3 el 30 de mayo pasado y que ocasion\u00f3 innumerables inconvenientes a los usuarios. Se calcula que viajan entre un mill\u00f3n y un mill\u00f3n y medio de personas en el AMBA. En aquella ocasi\u00f3n, el sindicato ten\u00eda previsto un paro general para el martes 4 de junio que se desactiv\u00f3 a \u00faltimo momento por la intervenci\u00f3n del jefe de Gabinete de la Naci\u00f3n, Guillermo Francos. Un d\u00eda antes hubo una reuni\u00f3n en la Casa Rosada y el secretario general, Omar Maturano se llev\u00f3 la promesa de una pronta soluci\u00f3n. Que finalmente no se produjo.<\/p>\n<p><em>\u201cLa paciencia tiene un l\u00edmite\u201d<\/em>, se\u00f1al\u00f3 el gremio en un comunicado el mi\u00e9rcoles de la semana pasada. La decisi\u00f3n se adopt\u00f3 tras haber participado en cuatro reuniones consecutivas, mostrando <em>\u201cla mejor predisposici\u00f3n para llegar a un acuerdo\u201d<\/em>, afirmaron. Sin embargo, las negociaciones no llegaron a buen puerto. Por ahora no hay canales abiertos para frenar esta nueva protesta.<\/p>\n<p><em>\u201cNuestra voluntad no fue efectiva, habida cuenta de que el sector empresarial ha tenido m\u00e1s de 15 d\u00edas para mejorar la propuesta salarial de forma que la misma reflejara los \u00edndices inflacionarios para mantener el poder adquisitivo alimentario, el cual viene siendo licuado sistem\u00e1ticamente desde enero de 2024\u2033<\/em>, explica el texto difundido por La Fraternidad, que agrupa a los maquinistas, firmado por su secretario general, Maturano.<\/p>\n<p>La medida afectar\u00e1 a las l\u00edneas ferroviarias que atraviesan el \u00c1rea Metropolitana de Buenos Aires (AMBA), entre ellas Sarmiento, Roca, Mitre, San Mart\u00edn y Belgrano Sur y Norte y Tren de la Costa.<\/p>\n<p>Desde el gremio, que agrupa a un 13% de los empleados ferroviarios, se viene reclamando un aumento que oscila entre el 52 y 55%, lo que consideran que igualar\u00eda el impacto del aumento de los precios desde el mes de diciembre cuando asumi\u00f3 el gobierno de Javier Milei. <em>\u201cNo reclamamos un aumento, queremos empatarle a la inflaci\u00f3n\u201d<\/em>, fue la consigna expresada a lo largo de los \u00faltimos meses por los dirigentes sindicales. Seg\u00fan fuentes gubernamentales el sueldo promedio de un conductor de locomotoras es de $ 1.500.000.<\/p>\n<p><em>\u201cEl sueldo est\u00e1 congelado desde hace cuatro meses. Nosotros no podemos aceptar estas cosas\u201d<\/em>, afirm\u00f3 en declaraciones radiales Maturano. Para los empleados estatales el Gobierno ofreci\u00f3 un 2% retroactivo a mayo y un 7% en mayo, que se pagar\u00e1 a fines de junio, pero esta propuesta los maquinistas la consideraron como insatisfactoria.<\/p>\n<p>Remarcan desde la Rosada que La Fraternidad es uno de los gremios m\u00e1s intransigentes en negociar y que adem\u00e1s en algunas l\u00edneas la cantidad de personal est\u00e1 sobredimensionada. <em>\u201cEn la l\u00ednea San Mart\u00edn, por ejemplo, hay 253 maquinistas-conductores di\u00e9sel para solamente 12 formaciones\u201d<\/em>, indic\u00f3 una fuente.<\/p>\n<p>El gobierno nacional, a trav\u00e9s de las Secretar\u00edas de Trabajo y de Transporte, impuls\u00f3 en febrero una mesa de negociaci\u00f3n para evitar las medidas de fuerza. En ese marco, convoc\u00f3 a los despachos oficiales a La Uni\u00f3n Ferroviaria (UF), la Asociaci\u00f3n del Personal de Direcci\u00f3n de los Ferrocarriles Argentinos y Puertos (APDFA), la Asociaci\u00f3n de Se\u00f1aleros Ferroviarios Argentinos (ASFA) y La Fraternidad.<\/p>\n<p>En aquella oportunidad, el vocero presidencial, Manuel Adorni, hab\u00eda criticado la postura de La Fraternidad: <em>\u201cResulta inentendible la medida de fuerza que conlleva una mala fe negocial al encontrarse en plena vigencia la mesa de negociaciones paritarias\u201d<\/em>, remarc\u00f3 Adorni.<\/p>\n<p>El pasado 13 de junio, Milei decret\u00f3 la emergencia ferroviaria por dos a\u00f1os. Esa medida alcanza a la administraci\u00f3n, mantenimiento y operaci\u00f3n de los servicios, y, adem\u00e1s dispuso la asignaci\u00f3n de una partida de 1,3 billones de pesos para su funcionamiento. El sistema ferroviario est\u00e1 incluido en la Ley Bases entre las empresas del Estado que se pretenden privatizar.<\/p>\n<p><em>(Infobae)<\/em><\/p>\n","protected":false},"excerpt":{"rendered":"<p>Eso ocasionar\u00e1, otra vez, demoras en el servicio, ya que la velocidad habitual es de entre 60 y 80 kil\u00f3metros por hora. El reclamo se [&hellip;]<\/p>\n","protected":false},"author":1,"featured_media":6352,"comment_status":"open","ping_status":"open","sticky":false,"template":"","format":"standard","meta":{"footnotes":""},"categories":[7],"tags":[],"class_list":["post-6351","post","type-post","status-publish","format-standard","has-post-thumbnail","hentry","category-interes-general"],"better_featured_image":{"id":6352,"alt_text":"","caption":"","description":"","media_type":"image","media_details":{"width":720,"height":405,"file":"2024\/06\/trenes-1-e1719267995580.jpg","filesize":69724,"sizes":{"medium":{"file":"trenes-1-300x169.jpg","width":300,"height":169,"mime-type":"image\/jpeg","filesize":11640,"source_url":"https:\/\/nuevodigitaldeescobar.com.ar\/wp-content\/uploads\/2024\/06\/trenes-1-300x169.jpg"},"thumbnail":{"file":"trenes-1-150x150.jpg","width":150,"height":150,"mime-type":"image\/jpeg","filesize":6317,"source_url":"https:\/\/nuevodigitaldeescobar.com.ar\/wp-content\/uploads\/2024\/06\/trenes-1-150x150.jpg"}},"image_meta":{"aperture":"0","credit":"","camera":"","caption":"","created_timestamp":"0","copyright":"","focal_length":"0","iso":"0","shutter_speed":"0","title":"","orientation":"0","keywords":[]}},"post":6351,"source_url":"https:\/\/nuevodigitaldeescobar.com.ar\/wp-content\/uploads\/2024\/06\/trenes-1-e1719267995580.jpg"},"yoast_head":"<!-- This site is optimized with the Yoast SEO plugin v26.1.1 - https:\/\/yoast.com\/wordpress\/plugins\/seo\/ -->\n<title>Por una medida gremial, hoy los trenes circular\u00e1n nuevamente a 30 kil\u00f3metros por hora - Nuevo Digital de Escobar<\/title>\n<meta name=\"robots\" content=\"index, follow, max-snippet:-1, max-image-preview:large, max-video-preview:-1\" \/>\n<link rel=\"canonical\" href=\"https:\/\/nuevodigitaldeescobar.com.ar\/?p=6351\" \/>\n<meta property=\"og:locale\" content=\"es_ES\" \/>\n<meta property=\"og:type\" content=\"article\" \/>\n<meta property=\"og:title\" content=\"Por una medida gremial, hoy los trenes circular\u00e1n nuevamente a 30 kil\u00f3metros por hora - Nuevo Digital de Escobar\" \/>\n<meta property=\"og:description\" content=\"Eso ocasionar\u00e1, otra vez, demoras en el servicio, ya que la velocidad habitual es de entre 60 y 80 kil\u00f3metros por hora. El reclamo se [&hellip;]\" \/>\n<meta property=\"og:url\" content=\"https:\/\/nuevodigitaldeescobar.com.ar\/?p=6351\" \/>\n<meta property=\"og:site_name\" content=\"Nuevo Digital de Escobar\" \/>\n<meta property=\"article:publisher\" content=\"https:\/\/www.facebook.com\/NUEVODigitalDeEscobar\" \/>\n<meta property=\"article:published_time\" content=\"2024-06-25T10:00:00+00:00\" \/>\n<meta property=\"og:image\" content=\"https:\/\/nuevodigitaldeescobar.com.ar\/wp-content\/uploads\/2024\/06\/trenes-1-e1719267995580.jpg\" \/>\n\t<meta property=\"og:image:width\" content=\"720\" \/>\n\t<meta property=\"og:image:height\" content=\"405\" \/>\n\t<meta property=\"og:image:type\" content=\"image\/jpeg\" \/>\n<meta name=\"author\" content=\"Redacci\u00f3n\" \/>\n<meta name=\"twitter:card\" content=\"summary_large_image\" \/>\n<meta name=\"twitter:creator\" content=\"@nuevodigescobar\" \/>\n<meta name=\"twitter:site\" content=\"@nuevodigescobar\" \/>\n<meta name=\"twitter:label1\" content=\"Escrito por\" \/>\n\t<meta name=\"twitter:data1\" content=\"Redacci\u00f3n\" \/>\n\t<meta name=\"twitter:label2\" content=\"Tiempo de lectura\" \/>\n\t<meta name=\"twitter:data2\" content=\"4 minutos\" \/>\n<script type=\"application\/ld+json\" class=\"yoast-schema-graph\">{\"@context\":\"https:\/\/schema.org\",\"@graph\":[{\"@type\":\"Article\",\"@id\":\"https:\/\/nuevodigitaldeescobar.com.ar\/?p=6351#article\",\"isPartOf\":{\"@id\":\"https:\/\/nuevodigitaldeescobar.com.ar\/?p=6351\"},\"author\":{\"name\":\"Redacci\u00f3n\",\"@id\":\"https:\/\/nuevodigitaldeescobar.com.ar\/#\/schema\/person\/035e90a8efe9a80e6eec22656ad6ea4c\"},\"headline\":\"Por una medida gremial, hoy los trenes circular\u00e1n nuevamente a 30 kil\u00f3metros por hora\",\"datePublished\":\"2024-06-25T10:00:00+00:00\",\"mainEntityOfPage\":{\"@id\":\"https:\/\/nuevodigitaldeescobar.com.ar\/?p=6351\"},\"wordCount\":731,\"commentCount\":0,\"publisher\":{\"@id\":\"https:\/\/nuevodigitaldeescobar.com.ar\/#organization\"},\"image\":{\"@id\":\"https:\/\/nuevodigitaldeescobar.com.ar\/?p=6351#primaryimage\"},\"thumbnailUrl\":\"https:\/\/nuevodigitaldeescobar.com.ar\/wp-content\/uploads\/2024\/06\/trenes-1-e1719267995580.jpg\",\"articleSection\":[\"Inter\u00e9s general\"],\"inLanguage\":\"es\",\"potentialAction\":[{\"@type\":\"CommentAction\",\"name\":\"Comment\",\"target\":[\"https:\/\/nuevodigitaldeescobar.com.ar\/?p=6351#respond\"]}]},{\"@type\":\"WebPage\",\"@id\":\"https:\/\/nuevodigitaldeescobar.com.ar\/?p=6351\",\"url\":\"https:\/\/nuevodigitaldeescobar.com.ar\/?p=6351\",\"name\":\"Por una medida gremial, hoy los trenes circular\u00e1n nuevamente a 30 kil\u00f3metros por hora - Nuevo Digital de Escobar\",\"isPartOf\":{\"@id\":\"https:\/\/nuevodigitaldeescobar.com.ar\/#website\"},\"primaryImageOfPage\":{\"@id\":\"https:\/\/nuevodigitaldeescobar.com.ar\/?p=6351#primaryimage\"},\"image\":{\"@id\":\"https:\/\/nuevodigitaldeescobar.com.ar\/?p=6351#primaryimage\"},\"thumbnailUrl\":\"https:\/\/nuevodigitaldeescobar.com.ar\/wp-content\/uploads\/2024\/06\/trenes-1-e1719267995580.jpg\",\"datePublished\":\"2024-06-25T10:00:00+00:00\",\"breadcrumb\":{\"@id\":\"https:\/\/nuevodigitaldeescobar.com.ar\/?p=6351#breadcrumb\"},\"inLanguage\":\"es\",\"potentialAction\":[{\"@type\":\"ReadAction\",\"target\":[\"https:\/\/nuevodigitaldeescobar.com.ar\/?p=6351\"]}]},{\"@type\":\"ImageObject\",\"inLanguage\":\"es\",\"@id\":\"https:\/\/nuevodigitaldeescobar.com.ar\/?p=6351#primaryimage\",\"url\":\"https:\/\/nuevodigitaldeescobar.com.ar\/wp-content\/uploads\/2024\/06\/trenes-1-e1719267995580.jpg\",\"contentUrl\":\"https:\/\/nuevodigitaldeescobar.com.ar\/wp-content\/uploads\/2024\/06\/trenes-1-e1719267995580.jpg\",\"width\":720,\"height\":405},{\"@type\":\"BreadcrumbList\",\"@id\":\"https:\/\/nuevodigitaldeescobar.com.ar\/?p=6351#breadcrumb\",\"itemListElement\":[{\"@type\":\"ListItem\",\"position\":1,\"name\":\"Portada\",\"item\":\"https:\/\/nuevodigitaldeescobar.com.ar\/\"},{\"@type\":\"ListItem\",\"position\":2,\"name\":\"Por una medida gremial, hoy los trenes circular\u00e1n nuevamente a 30 kil\u00f3metros por hora\"}]},{\"@type\":\"WebSite\",\"@id\":\"https:\/\/nuevodigitaldeescobar.com.ar\/#website\",\"url\":\"https:\/\/nuevodigitaldeescobar.com.ar\/\",\"name\":\"Nuevo Digital de Escobar\",\"description\":\"La vida escobarense. Directora: Rosana Brunner\",\"publisher\":{\"@id\":\"https:\/\/nuevodigitaldeescobar.com.ar\/#organization\"},\"potentialAction\":[{\"@type\":\"SearchAction\",\"target\":{\"@type\":\"EntryPoint\",\"urlTemplate\":\"https:\/\/nuevodigitaldeescobar.com.ar\/?s={search_term_string}\"},\"query-input\":{\"@type\":\"PropertyValueSpecification\",\"valueRequired\":true,\"valueName\":\"search_term_string\"}}],\"inLanguage\":\"es\"},{\"@type\":\"Organization\",\"@id\":\"https:\/\/nuevodigitaldeescobar.com.ar\/#organization\",\"name\":\"Nuevo Digital de Escobar\",\"url\":\"https:\/\/nuevodigitaldeescobar.com.ar\/\",\"logo\":{\"@type\":\"ImageObject\",\"inLanguage\":\"es\",\"@id\":\"https:\/\/nuevodigitaldeescobar.com.ar\/#\/schema\/logo\/image\/\",\"url\":\"https:\/\/nuevodigitaldeescobar.com.ar\/wp-content\/uploads\/2025\/05\/cropped-logo-nuevo2.jpg\",\"contentUrl\":\"https:\/\/nuevodigitaldeescobar.com.ar\/wp-content\/uploads\/2025\/05\/cropped-logo-nuevo2.jpg\",\"width\":305,\"height\":305,\"caption\":\"Nuevo Digital de Escobar\"},\"image\":{\"@id\":\"https:\/\/nuevodigitaldeescobar.com.ar\/#\/schema\/logo\/image\/\"},\"sameAs\":[\"https:\/\/www.facebook.com\/NUEVODigitalDeEscobar\",\"https:\/\/x.com\/nuevodigescobar\",\"https:\/\/www.instagram.com\/nuevodigitaldeescobar\"]},{\"@type\":\"Person\",\"@id\":\"https:\/\/nuevodigitaldeescobar.com.ar\/#\/schema\/person\/035e90a8efe9a80e6eec22656ad6ea4c\",\"name\":\"Redacci\u00f3n\",\"image\":{\"@type\":\"ImageObject\",\"inLanguage\":\"es\",\"@id\":\"https:\/\/nuevodigitaldeescobar.com.ar\/#\/schema\/person\/image\/\",\"url\":\"https:\/\/secure.gravatar.com\/avatar\/8af8f40000c24e9eef3034f2be5998a372bb1389e64b1a4a36b3a7979142220d?s=96&d=mm&r=g\",\"contentUrl\":\"https:\/\/secure.gravatar.com\/avatar\/8af8f40000c24e9eef3034f2be5998a372bb1389e64b1a4a36b3a7979142220d?s=96&d=mm&r=g\",\"caption\":\"Redacci\u00f3n\"},\"sameAs\":[\"http:\/\/nuevodigitaldeescobar.com.ar\"],\"url\":\"https:\/\/nuevodigitaldeescobar.com.ar\/?author=1\"}]}<\/script>\n<!-- \/ Yoast SEO plugin. -->","yoast_head_json":{"title":"Por una medida gremial, hoy los trenes circular\u00e1n nuevamente a 30 kil\u00f3metros por hora - Nuevo Digital de Escobar","robots":{"index":"index","follow":"follow","max-snippet":"max-snippet:-1","max-image-preview":"max-image-preview:large","max-video-preview":"max-video-preview:-1"},"canonical":"https:\/\/nuevodigitaldeescobar.com.ar\/?p=6351","og_locale":"es_ES","og_type":"article","og_title":"Por una medida gremial, hoy los trenes circular\u00e1n nuevamente a 30 kil\u00f3metros por hora - Nuevo Digital de Escobar","og_description":"Eso ocasionar\u00e1, otra vez, demoras en el servicio, ya que la velocidad habitual es de entre 60 y 80 kil\u00f3metros por hora. El reclamo se [&hellip;]","og_url":"https:\/\/nuevodigitaldeescobar.com.ar\/?p=6351","og_site_name":"Nuevo Digital de Escobar","article_publisher":"https:\/\/www.facebook.com\/NUEVODigitalDeEscobar","article_published_time":"2024-06-25T10:00:00+00:00","og_image":[{"width":720,"height":405,"url":"https:\/\/nuevodigitaldeescobar.com.ar\/wp-content\/uploads\/2024\/06\/trenes-1-e1719267995580.jpg","type":"image\/jpeg"}],"author":"Redacci\u00f3n","twitter_card":"summary_large_image","twitter_creator":"@nuevodigescobar","twitter_site":"@nuevodigescobar","twitter_misc":{"Escrito por":"Redacci\u00f3n","Tiempo de lectura":"4 minutos"},"schema":{"@context":"https:\/\/schema.org","@graph":[{"@type":"Article","@id":"https:\/\/nuevodigitaldeescobar.com.ar\/?p=6351#article","isPartOf":{"@id":"https:\/\/nuevodigitaldeescobar.com.ar\/?p=6351"},"author":{"name":"Redacci\u00f3n","@id":"https:\/\/nuevodigitaldeescobar.com.ar\/#\/schema\/person\/035e90a8efe9a80e6eec22656ad6ea4c"},"headline":"Por una medida gremial, hoy los trenes circular\u00e1n nuevamente a 30 kil\u00f3metros por hora","datePublished":"2024-06-25T10:00:00+00:00","mainEntityOfPage":{"@id":"https:\/\/nuevodigitaldeescobar.com.ar\/?p=6351"},"wordCount":731,"commentCount":0,"publisher":{"@id":"https:\/\/nuevodigitaldeescobar.com.ar\/#organization"},"image":{"@id":"https:\/\/nuevodigitaldeescobar.com.ar\/?p=6351#primaryimage"},"thumbnailUrl":"https:\/\/nuevodigitaldeescobar.com.ar\/wp-content\/uploads\/2024\/06\/trenes-1-e1719267995580.jpg","articleSection":["Inter\u00e9s general"],"inLanguage":"es","potentialAction":[{"@type":"CommentAction","name":"Comment","target":["https:\/\/nuevodigitaldeescobar.com.ar\/?p=6351#respond"]}]},{"@type":"WebPage","@id":"https:\/\/nuevodigitaldeescobar.com.ar\/?p=6351","url":"https:\/\/nuevodigitaldeescobar.com.ar\/?p=6351","name":"Por una medida gremial, hoy los trenes circular\u00e1n nuevamente a 30 kil\u00f3metros por hora - Nuevo Digital de Escobar","isPartOf":{"@id":"https:\/\/nuevodigitaldeescobar.com.ar\/#website"},"primaryImageOfPage":{"@id":"https:\/\/nuevodigitaldeescobar.com.ar\/?p=6351#primaryimage"},"image":{"@id":"https:\/\/nuevodigitaldeescobar.com.ar\/?p=6351#primaryimage"},"thumbnailUrl":"https:\/\/nuevodigitaldeescobar.com.ar\/wp-content\/uploads\/2024\/06\/trenes-1-e1719267995580.jpg","datePublished":"2024-06-25T10:00:00+00:00","breadcrumb":{"@id":"https:\/\/nuevodigitaldeescobar.com.ar\/?p=6351#breadcrumb"},"inLanguage":"es","potentialAction":[{"@type":"ReadAction","target":["https:\/\/nuevodigitaldeescobar.com.ar\/?p=6351"]}]},{"@type":"ImageObject","inLanguage":"es","@id":"https:\/\/nuevodigitaldeescobar.com.ar\/?p=6351#primaryimage","url":"https:\/\/nuevodigitaldeescobar.com.ar\/wp-content\/uploads\/2024\/06\/trenes-1-e1719267995580.jpg","contentUrl":"https:\/\/nuevodigitaldeescobar.com.ar\/wp-content\/uploads\/2024\/06\/trenes-1-e1719267995580.jpg","width":720,"height":405},{"@type":"BreadcrumbList","@id":"https:\/\/nuevodigitaldeescobar.com.ar\/?p=6351#breadcrumb","itemListElement":[{"@type":"ListItem","position":1,"name":"Portada","item":"https:\/\/nuevodigitaldeescobar.com.ar\/"},{"@type":"ListItem","position":2,"name":"Por una medida gremial, hoy los trenes circular\u00e1n nuevamente a 30 kil\u00f3metros por hora"}]},{"@type":"WebSite","@id":"https:\/\/nuevodigitaldeescobar.com.ar\/#website","url":"https:\/\/nuevodigitaldeescobar.com.ar\/","name":"Nuevo Digital de Escobar","description":"La vida escobarense. Directora: Rosana Brunner","publisher":{"@id":"https:\/\/nuevodigitaldeescobar.com.ar\/#organization"},"potentialAction":[{"@type":"SearchAction","target":{"@type":"EntryPoint","urlTemplate":"https:\/\/nuevodigitaldeescobar.com.ar\/?s={search_term_string}"},"query-input":{"@type":"PropertyValueSpecification","valueRequired":true,"valueName":"search_term_string"}}],"inLanguage":"es"},{"@type":"Organization","@id":"https:\/\/nuevodigitaldeescobar.com.ar\/#organization","name":"Nuevo Digital de Escobar","url":"https:\/\/nuevodigitaldeescobar.com.ar\/","logo":{"@type":"ImageObject","inLanguage":"es","@id":"https:\/\/nuevodigitaldeescobar.com.ar\/#\/schema\/logo\/image\/","url":"https:\/\/nuevodigitaldeescobar.com.ar\/wp-content\/uploads\/2025\/05\/cropped-logo-nuevo2.jpg","contentUrl":"https:\/\/nuevodigitaldeescobar.com.ar\/wp-content\/uploads\/2025\/05\/cropped-logo-nuevo2.jpg","width":305,"height":305,"caption":"Nuevo Digital de Escobar"},"image":{"@id":"https:\/\/nuevodigitaldeescobar.com.ar\/#\/schema\/logo\/image\/"},"sameAs":["https:\/\/www.facebook.com\/NUEVODigitalDeEscobar","https:\/\/x.com\/nuevodigescobar","https:\/\/www.instagram.com\/nuevodigitaldeescobar"]},{"@type":"Person","@id":"https:\/\/nuevodigitaldeescobar.com.ar\/#\/schema\/person\/035e90a8efe9a80e6eec22656ad6ea4c","name":"Redacci\u00f3n","image":{"@type":"ImageObject","inLanguage":"es","@id":"https:\/\/nuevodigitaldeescobar.com.ar\/#\/schema\/person\/image\/","url":"https:\/\/secure.gravatar.com\/avatar\/8af8f40000c24e9eef3034f2be5998a372bb1389e64b1a4a36b3a7979142220d?s=96&d=mm&r=g","contentUrl":"https:\/\/secure.gravatar.com\/avatar\/8af8f40000c24e9eef3034f2be5998a372bb1389e64b1a4a36b3a7979142220d?s=96&d=mm&r=g","caption":"Redacci\u00f3n"},"sameAs":["http:\/\/nuevodigitaldeescobar.com.ar"],"url":"https:\/\/nuevodigitaldeescobar.com.ar\/?author=1"}]}},"featured_image_urls":{"full":["https:\/\/nuevodigitaldeescobar.com.ar\/wp-content\/uploads\/2024\/06\/trenes-1-e1719267995580.jpg",720,405,false],"thumbnail":["https:\/\/nuevodigitaldeescobar.com.ar\/wp-content\/uploads\/2024\/06\/trenes-1-150x150.jpg",150,150,true],"medium":["https:\/\/nuevodigitaldeescobar.com.ar\/wp-content\/uploads\/2024\/06\/trenes-1-300x169.jpg",300,169,true],"medium_large":["https:\/\/nuevodigitaldeescobar.com.ar\/wp-content\/uploads\/2024\/06\/trenes-1-e1719267995580.jpg",640,360,false],"large":["https:\/\/nuevodigitaldeescobar.com.ar\/wp-content\/uploads\/2024\/06\/trenes-1-e1719267995580.jpg",640,360,false],"1536x1536":["https:\/\/nuevodigitaldeescobar.com.ar\/wp-content\/uploads\/2024\/06\/trenes-1-e1719267995580.jpg",720,405,false],"2048x2048":["https:\/\/nuevodigitaldeescobar.com.ar\/wp-content\/uploads\/2024\/06\/trenes-1-e1719267995580.jpg",720,405,false]},"author_info":{"display_name":"Redacci\u00f3n","author_link":"https:\/\/nuevodigitaldeescobar.com.ar\/?author=1"},"category_info":"<a href=\"https:\/\/nuevodigitaldeescobar.com.ar\/?cat=7\" rel=\"category\">Inter\u00e9s general<\/a>","tag_info":"Inter\u00e9s general","comment_count":"0","_links":{"self":[{"href":"https:\/\/nuevodigitaldeescobar.com.ar\/index.php?rest_route=\/wp\/v2\/posts\/6351","targetHints":{"allow":["GET"]}}],"collection":[{"href":"https:\/\/nuevodigitaldeescobar.com.ar\/index.php?rest_route=\/wp\/v2\/posts"}],"about":[{"href":"https:\/\/nuevodigitaldeescobar.com.ar\/index.php?rest_route=\/wp\/v2\/types\/post"}],"author":[{"embeddable":true,"href":"https:\/\/nuevodigitaldeescobar.com.ar\/index.php?rest_route=\/wp\/v2\/users\/1"}],"replies":[{"embeddable":true,"href":"https:\/\/nuevodigitaldeescobar.com.ar\/index.php?rest_route=%2Fwp%2Fv2%2Fcomments&post=6351"}],"version-history":[{"count":1,"href":"https:\/\/nuevodigitaldeescobar.com.ar\/index.php?rest_route=\/wp\/v2\/posts\/6351\/revisions"}],"predecessor-version":[{"id":6353,"href":"https:\/\/nuevodigitaldeescobar.com.ar\/index.php?rest_route=\/wp\/v2\/posts\/6351\/revisions\/6353"}],"wp:featuredmedia":[{"embeddable":true,"href":"https:\/\/nuevodigitaldeescobar.com.ar\/index.php?rest_route=\/wp\/v2\/media\/6352"}],"wp:attachment":[{"href":"https:\/\/nuevodigitaldeescobar.com.ar\/index.php?rest_route=%2Fwp%2Fv2%2Fmedia&parent=6351"}],"wp:term":[{"taxonomy":"category","embeddable":true,"href":"https:\/\/nuevodigitaldeescobar.com.ar\/index.php?rest_route=%2Fwp%2Fv2%2Fcategories&post=6351"},{"taxonomy":"post_tag","embeddable":true,"href":"https:\/\/nuevodigitaldeescobar.com.ar\/index.php?rest_route=%2Fwp%2Fv2%2Ftags&post=6351"}],"curies":[{"name":"wp","href":"https:\/\/api.w.org\/{rel}","templated":true}]}}