{"id":6453,"date":"2024-06-28T12:17:14","date_gmt":"2024-06-28T15:17:14","guid":{"rendered":"https:\/\/nuevodigitaldeescobar.com.ar\/?p=6453"},"modified":"2024-06-28T12:17:26","modified_gmt":"2024-06-28T15:17:26","slug":"este-fin-de-semana-se-realiza-la-fogata-de-san-juan","status":"publish","type":"post","link":"https:\/\/nuevodigitaldeescobar.com.ar\/?p=6453","title":{"rendered":"Este fin de semana se realiza la Fogata de San Juan"},"content":{"rendered":"<p><span style=\"color: #003366;\"><strong><em>Entre las actividades destacadas para el fin de semana se encuentran la jornada JuveActiva, la Fogata de San Juan y la presentaci\u00f3n de Gabriel Rol\u00f3n, entre otras propuestas.<\/em><\/strong><\/span><\/p>\n<p><!--more--><\/p>\n<hr \/>\n<p>Las actividades comienzan hoy, a las 16 horas en el skatepark de la plaza El Dorado (Av. El Dorado, Ingeniero Maschwitz) con la jornada cultural JuveActiva, que contar\u00e1 con un taller de BMX y skate, radio en vivo, arte urbano y punto de consulta joven. Adem\u00e1s, el Cine Italia (Mitre 451, Bel\u00e9n de Escobar) proyectar\u00e1 las pel\u00edculas <em>\u201cIntensa-Mente 2\u201d<\/em> a las 14 y 20 horas en 2D y a las 18 horas en 3D y <em>\u201cMi Villano Favorito 4\u201d<\/em> a las 16 y 22 horas.<\/p>\n<p><a href=\"https:\/\/nuevodigitaldeescobar.com.ar\/?attachment_id=6456\" rel=\"attachment wp-att-6456\"><img fetchpriority=\"high\" decoding=\"async\" class=\"alignnone size-full wp-image-6456\" src=\"http:\/\/nuevodigitaldeescobar.com.ar\/wp-content\/uploads\/2024\/06\/skatepark-scaled-e1719587774458.jpg\" alt=\"\" width=\"720\" height=\"480\" \/><\/a><\/p>\n<p>El s\u00e1bado, a partir de las 10 horas, en el anfiteatro El Dorado (El Dorado y Las Heras, Ingeniero Maschwitz), se realizar\u00e1 el habitual taller de percusi\u00f3n a cargo del profesor Camilo Carabajal. M\u00e1s tarde, a las 13:30 horas se realizar\u00e1 en Bel\u00e9n de Escobar (Hip\u00f3lito Yrigoyen 901) un torneo de ajedrez para estudiantes de primaria y secundaria. Quienes deseen participar podr\u00e1n inscribirse en el lugar previo al comienzo del torneo. Luego, a las 18 horas en el Parque Papa Francisco (El Dorado 1900, Ingeniero Maschwitz) se celebrar\u00e1 la 13\u00aa edici\u00f3n de la Fogata de San Juan que contar\u00e1 con la tradicional Procesi\u00f3n del Mu\u00f1eco. Para finalizar la jornada, a las 19 horas se inaugurar\u00e1 una nueva muestra de arte en la Casa de la Cultura (Mitre 450, Bel\u00e9n de Escobar) con exposiciones de las artistas Julieta Chew, Deborah Stofenmacher y Melinda Arredondo, adem\u00e1s de m\u00fasica en vivo a cargo de Fernanda Mores.<\/p>\n<p><a href=\"https:\/\/nuevodigitaldeescobar.com.ar\/?attachment_id=6455\" rel=\"attachment wp-att-6455\"><img decoding=\"async\" class=\"alignnone size-full wp-image-6455\" src=\"http:\/\/nuevodigitaldeescobar.com.ar\/wp-content\/uploads\/2024\/06\/gabriel-rolon-e1719587809353.jpg\" alt=\"\" width=\"720\" height=\"480\" \/><\/a><\/p>\n<p>El domingo, a partir de las 9 horas, en el Mercado Circular de Ingeniero Maschwitz (Mendoza y Entre R\u00edos) se podr\u00e1 encontrar una amplia variedad de alimentos agroecol\u00f3gicos, vegetarianos y veganos, junto con una selecci\u00f3n de productos naturales y ecol\u00f3gicos, adem\u00e1s de expositores de productos artesanales y plantas. Luego, a las 11 horas, se podr\u00e1 disfrutar de las m\u00faltiples actividades que ofrece el Mercado del Paran\u00e1 (Ruta 25 y Camino de los Pescadores, Bel\u00e9n de Escobar) con shows en vivo para toda la familia. Por \u00faltimo, a las 18 y 20:30 horas en el Teatro Seminari, se presentar\u00e1 el psicoanalista y escritor Gabriel Rol\u00f3n con su obra <em>\u201cPalabra Plena\u201d<\/em>.<\/p>\n","protected":false},"excerpt":{"rendered":"<p>Entre las actividades destacadas para el fin de semana se encuentran la jornada JuveActiva, la Fogata de San Juan y la presentaci\u00f3n de Gabriel Rol\u00f3n, [&hellip;]<\/p>\n","protected":false},"author":1,"featured_media":6454,"comment_status":"open","ping_status":"open","sticky":false,"template":"","format":"standard","meta":{"footnotes":""},"categories":[11],"tags":[],"class_list":["post-6453","post","type-post","status-publish","format-standard","has-post-thumbnail","hentry","category-cultura-arte-y-espectaculos"],"better_featured_image":{"id":6454,"alt_text":"","caption":"","description":"","media_type":"image","media_details":{"width":720,"height":480,"file":"2024\/06\/fogata-de-san-juan-e1719587690112.jpg","filesize":140935,"sizes":{"medium":{"file":"fogata-de-san-juan-300x200.jpg","width":300,"height":200,"mime-type":"image\/jpeg","filesize":17055,"source_url":"https:\/\/nuevodigitaldeescobar.com.ar\/wp-content\/uploads\/2024\/06\/fogata-de-san-juan-300x200.jpg"},"thumbnail":{"file":"fogata-de-san-juan-150x150.jpg","width":150,"height":150,"mime-type":"image\/jpeg","filesize":10257,"source_url":"https:\/\/nuevodigitaldeescobar.com.ar\/wp-content\/uploads\/2024\/06\/fogata-de-san-juan-150x150.jpg"},"medium_large":{"file":"fogata-de-san-juan-768x512.jpg","width":768,"height":512,"mime-type":"image\/jpeg","filesize":72065,"source_url":"https:\/\/nuevodigitaldeescobar.com.ar\/wp-content\/uploads\/2024\/06\/fogata-de-san-juan-768x512.jpg"}},"image_meta":{"aperture":"0","credit":"","camera":"","caption":"","created_timestamp":"0","copyright":"","focal_length":"0","iso":"0","shutter_speed":"0","title":"","orientation":"0","keywords":[]}},"post":6453,"source_url":"https:\/\/nuevodigitaldeescobar.com.ar\/wp-content\/uploads\/2024\/06\/fogata-de-san-juan-e1719587690112.jpg"},"yoast_head":"<!-- This site is optimized with the Yoast SEO plugin v26.1.1 - https:\/\/yoast.com\/wordpress\/plugins\/seo\/ -->\n<title>Este fin de semana se realiza la Fogata de San Juan - Nuevo Digital de Escobar<\/title>\n<meta name=\"robots\" content=\"index, follow, max-snippet:-1, max-image-preview:large, max-video-preview:-1\" \/>\n<link rel=\"canonical\" href=\"https:\/\/nuevodigitaldeescobar.com.ar\/?p=6453\" \/>\n<meta property=\"og:locale\" content=\"es_ES\" \/>\n<meta property=\"og:type\" content=\"article\" \/>\n<meta property=\"og:title\" content=\"Este fin de semana se realiza la Fogata de San Juan - Nuevo Digital de Escobar\" \/>\n<meta property=\"og:description\" content=\"Entre las actividades destacadas para el fin de semana se encuentran la jornada JuveActiva, la Fogata de San Juan y la presentaci\u00f3n de Gabriel Rol\u00f3n, [&hellip;]\" \/>\n<meta property=\"og:url\" content=\"https:\/\/nuevodigitaldeescobar.com.ar\/?p=6453\" \/>\n<meta property=\"og:site_name\" content=\"Nuevo Digital de Escobar\" \/>\n<meta property=\"article:publisher\" content=\"https:\/\/www.facebook.com\/NUEVODigitalDeEscobar\" \/>\n<meta property=\"article:published_time\" content=\"2024-06-28T15:17:14+00:00\" \/>\n<meta property=\"article:modified_time\" content=\"2024-06-28T15:17:26+00:00\" \/>\n<meta property=\"og:image\" content=\"https:\/\/nuevodigitaldeescobar.com.ar\/wp-content\/uploads\/2024\/06\/fogata-de-san-juan-e1719587690112.jpg\" \/>\n\t<meta property=\"og:image:width\" content=\"720\" \/>\n\t<meta property=\"og:image:height\" content=\"480\" \/>\n\t<meta property=\"og:image:type\" content=\"image\/jpeg\" \/>\n<meta name=\"author\" content=\"Redacci\u00f3n\" \/>\n<meta name=\"twitter:card\" content=\"summary_large_image\" \/>\n<meta name=\"twitter:creator\" content=\"@nuevodigescobar\" \/>\n<meta name=\"twitter:site\" content=\"@nuevodigescobar\" \/>\n<meta name=\"twitter:label1\" content=\"Escrito por\" \/>\n\t<meta name=\"twitter:data1\" content=\"Redacci\u00f3n\" \/>\n\t<meta name=\"twitter:label2\" content=\"Tiempo de lectura\" \/>\n\t<meta name=\"twitter:data2\" content=\"2 minutos\" \/>\n<script type=\"application\/ld+json\" class=\"yoast-schema-graph\">{\"@context\":\"https:\/\/schema.org\",\"@graph\":[{\"@type\":\"Article\",\"@id\":\"https:\/\/nuevodigitaldeescobar.com.ar\/?p=6453#article\",\"isPartOf\":{\"@id\":\"https:\/\/nuevodigitaldeescobar.com.ar\/?p=6453\"},\"author\":{\"name\":\"Redacci\u00f3n\",\"@id\":\"https:\/\/nuevodigitaldeescobar.com.ar\/#\/schema\/person\/035e90a8efe9a80e6eec22656ad6ea4c\"},\"headline\":\"Este fin de semana se realiza la Fogata de San Juan\",\"datePublished\":\"2024-06-28T15:17:14+00:00\",\"dateModified\":\"2024-06-28T15:17:26+00:00\",\"mainEntityOfPage\":{\"@id\":\"https:\/\/nuevodigitaldeescobar.com.ar\/?p=6453\"},\"wordCount\":389,\"commentCount\":0,\"publisher\":{\"@id\":\"https:\/\/nuevodigitaldeescobar.com.ar\/#organization\"},\"image\":{\"@id\":\"https:\/\/nuevodigitaldeescobar.com.ar\/?p=6453#primaryimage\"},\"thumbnailUrl\":\"https:\/\/nuevodigitaldeescobar.com.ar\/wp-content\/uploads\/2024\/06\/fogata-de-san-juan-e1719587690112.jpg\",\"articleSection\":[\"Cultura, Arte y Espect\u00e1culos\"],\"inLanguage\":\"es\",\"potentialAction\":[{\"@type\":\"CommentAction\",\"name\":\"Comment\",\"target\":[\"https:\/\/nuevodigitaldeescobar.com.ar\/?p=6453#respond\"]}]},{\"@type\":\"WebPage\",\"@id\":\"https:\/\/nuevodigitaldeescobar.com.ar\/?p=6453\",\"url\":\"https:\/\/nuevodigitaldeescobar.com.ar\/?p=6453\",\"name\":\"Este fin de semana se realiza la Fogata de San Juan - Nuevo Digital de Escobar\",\"isPartOf\":{\"@id\":\"https:\/\/nuevodigitaldeescobar.com.ar\/#website\"},\"primaryImageOfPage\":{\"@id\":\"https:\/\/nuevodigitaldeescobar.com.ar\/?p=6453#primaryimage\"},\"image\":{\"@id\":\"https:\/\/nuevodigitaldeescobar.com.ar\/?p=6453#primaryimage\"},\"thumbnailUrl\":\"https:\/\/nuevodigitaldeescobar.com.ar\/wp-content\/uploads\/2024\/06\/fogata-de-san-juan-e1719587690112.jpg\",\"datePublished\":\"2024-06-28T15:17:14+00:00\",\"dateModified\":\"2024-06-28T15:17:26+00:00\",\"breadcrumb\":{\"@id\":\"https:\/\/nuevodigitaldeescobar.com.ar\/?p=6453#breadcrumb\"},\"inLanguage\":\"es\",\"potentialAction\":[{\"@type\":\"ReadAction\",\"target\":[\"https:\/\/nuevodigitaldeescobar.com.ar\/?p=6453\"]}]},{\"@type\":\"ImageObject\",\"inLanguage\":\"es\",\"@id\":\"https:\/\/nuevodigitaldeescobar.com.ar\/?p=6453#primaryimage\",\"url\":\"https:\/\/nuevodigitaldeescobar.com.ar\/wp-content\/uploads\/2024\/06\/fogata-de-san-juan-e1719587690112.jpg\",\"contentUrl\":\"https:\/\/nuevodigitaldeescobar.com.ar\/wp-content\/uploads\/2024\/06\/fogata-de-san-juan-e1719587690112.jpg\",\"width\":720,\"height\":480},{\"@type\":\"BreadcrumbList\",\"@id\":\"https:\/\/nuevodigitaldeescobar.com.ar\/?p=6453#breadcrumb\",\"itemListElement\":[{\"@type\":\"ListItem\",\"position\":1,\"name\":\"Portada\",\"item\":\"https:\/\/nuevodigitaldeescobar.com.ar\/\"},{\"@type\":\"ListItem\",\"position\":2,\"name\":\"Este fin de semana se realiza la Fogata de San Juan\"}]},{\"@type\":\"WebSite\",\"@id\":\"https:\/\/nuevodigitaldeescobar.com.ar\/#website\",\"url\":\"https:\/\/nuevodigitaldeescobar.com.ar\/\",\"name\":\"Nuevo Digital de Escobar\",\"description\":\"La vida escobarense. Directora: Rosana Brunner\",\"publisher\":{\"@id\":\"https:\/\/nuevodigitaldeescobar.com.ar\/#organization\"},\"potentialAction\":[{\"@type\":\"SearchAction\",\"target\":{\"@type\":\"EntryPoint\",\"urlTemplate\":\"https:\/\/nuevodigitaldeescobar.com.ar\/?s={search_term_string}\"},\"query-input\":{\"@type\":\"PropertyValueSpecification\",\"valueRequired\":true,\"valueName\":\"search_term_string\"}}],\"inLanguage\":\"es\"},{\"@type\":\"Organization\",\"@id\":\"https:\/\/nuevodigitaldeescobar.com.ar\/#organization\",\"name\":\"Nuevo Digital de Escobar\",\"url\":\"https:\/\/nuevodigitaldeescobar.com.ar\/\",\"logo\":{\"@type\":\"ImageObject\",\"inLanguage\":\"es\",\"@id\":\"https:\/\/nuevodigitaldeescobar.com.ar\/#\/schema\/logo\/image\/\",\"url\":\"https:\/\/nuevodigitaldeescobar.com.ar\/wp-content\/uploads\/2025\/05\/cropped-logo-nuevo2.jpg\",\"contentUrl\":\"https:\/\/nuevodigitaldeescobar.com.ar\/wp-content\/uploads\/2025\/05\/cropped-logo-nuevo2.jpg\",\"width\":305,\"height\":305,\"caption\":\"Nuevo Digital de Escobar\"},\"image\":{\"@id\":\"https:\/\/nuevodigitaldeescobar.com.ar\/#\/schema\/logo\/image\/\"},\"sameAs\":[\"https:\/\/www.facebook.com\/NUEVODigitalDeEscobar\",\"https:\/\/x.com\/nuevodigescobar\",\"https:\/\/www.instagram.com\/nuevodigitaldeescobar\"]},{\"@type\":\"Person\",\"@id\":\"https:\/\/nuevodigitaldeescobar.com.ar\/#\/schema\/person\/035e90a8efe9a80e6eec22656ad6ea4c\",\"name\":\"Redacci\u00f3n\",\"image\":{\"@type\":\"ImageObject\",\"inLanguage\":\"es\",\"@id\":\"https:\/\/nuevodigitaldeescobar.com.ar\/#\/schema\/person\/image\/\",\"url\":\"https:\/\/secure.gravatar.com\/avatar\/8af8f40000c24e9eef3034f2be5998a372bb1389e64b1a4a36b3a7979142220d?s=96&d=mm&r=g\",\"contentUrl\":\"https:\/\/secure.gravatar.com\/avatar\/8af8f40000c24e9eef3034f2be5998a372bb1389e64b1a4a36b3a7979142220d?s=96&d=mm&r=g\",\"caption\":\"Redacci\u00f3n\"},\"sameAs\":[\"http:\/\/nuevodigitaldeescobar.com.ar\"],\"url\":\"https:\/\/nuevodigitaldeescobar.com.ar\/?author=1\"}]}<\/script>\n<!-- \/ Yoast SEO plugin. -->","yoast_head_json":{"title":"Este fin de semana se realiza la Fogata de San Juan - Nuevo Digital de Escobar","robots":{"index":"index","follow":"follow","max-snippet":"max-snippet:-1","max-image-preview":"max-image-preview:large","max-video-preview":"max-video-preview:-1"},"canonical":"https:\/\/nuevodigitaldeescobar.com.ar\/?p=6453","og_locale":"es_ES","og_type":"article","og_title":"Este fin de semana se realiza la Fogata de San Juan - Nuevo Digital de Escobar","og_description":"Entre las actividades destacadas para el fin de semana se encuentran la jornada JuveActiva, la Fogata de San Juan y la presentaci\u00f3n de Gabriel Rol\u00f3n, [&hellip;]","og_url":"https:\/\/nuevodigitaldeescobar.com.ar\/?p=6453","og_site_name":"Nuevo Digital de Escobar","article_publisher":"https:\/\/www.facebook.com\/NUEVODigitalDeEscobar","article_published_time":"2024-06-28T15:17:14+00:00","article_modified_time":"2024-06-28T15:17:26+00:00","og_image":[{"width":720,"height":480,"url":"https:\/\/nuevodigitaldeescobar.com.ar\/wp-content\/uploads\/2024\/06\/fogata-de-san-juan-e1719587690112.jpg","type":"image\/jpeg"}],"author":"Redacci\u00f3n","twitter_card":"summary_large_image","twitter_creator":"@nuevodigescobar","twitter_site":"@nuevodigescobar","twitter_misc":{"Escrito por":"Redacci\u00f3n","Tiempo de lectura":"2 minutos"},"schema":{"@context":"https:\/\/schema.org","@graph":[{"@type":"Article","@id":"https:\/\/nuevodigitaldeescobar.com.ar\/?p=6453#article","isPartOf":{"@id":"https:\/\/nuevodigitaldeescobar.com.ar\/?p=6453"},"author":{"name":"Redacci\u00f3n","@id":"https:\/\/nuevodigitaldeescobar.com.ar\/#\/schema\/person\/035e90a8efe9a80e6eec22656ad6ea4c"},"headline":"Este fin de semana se realiza la Fogata de San Juan","datePublished":"2024-06-28T15:17:14+00:00","dateModified":"2024-06-28T15:17:26+00:00","mainEntityOfPage":{"@id":"https:\/\/nuevodigitaldeescobar.com.ar\/?p=6453"},"wordCount":389,"commentCount":0,"publisher":{"@id":"https:\/\/nuevodigitaldeescobar.com.ar\/#organization"},"image":{"@id":"https:\/\/nuevodigitaldeescobar.com.ar\/?p=6453#primaryimage"},"thumbnailUrl":"https:\/\/nuevodigitaldeescobar.com.ar\/wp-content\/uploads\/2024\/06\/fogata-de-san-juan-e1719587690112.jpg","articleSection":["Cultura, Arte y Espect\u00e1culos"],"inLanguage":"es","potentialAction":[{"@type":"CommentAction","name":"Comment","target":["https:\/\/nuevodigitaldeescobar.com.ar\/?p=6453#respond"]}]},{"@type":"WebPage","@id":"https:\/\/nuevodigitaldeescobar.com.ar\/?p=6453","url":"https:\/\/nuevodigitaldeescobar.com.ar\/?p=6453","name":"Este fin de semana se realiza la Fogata de San Juan - Nuevo Digital de Escobar","isPartOf":{"@id":"https:\/\/nuevodigitaldeescobar.com.ar\/#website"},"primaryImageOfPage":{"@id":"https:\/\/nuevodigitaldeescobar.com.ar\/?p=6453#primaryimage"},"image":{"@id":"https:\/\/nuevodigitaldeescobar.com.ar\/?p=6453#primaryimage"},"thumbnailUrl":"https:\/\/nuevodigitaldeescobar.com.ar\/wp-content\/uploads\/2024\/06\/fogata-de-san-juan-e1719587690112.jpg","datePublished":"2024-06-28T15:17:14+00:00","dateModified":"2024-06-28T15:17:26+00:00","breadcrumb":{"@id":"https:\/\/nuevodigitaldeescobar.com.ar\/?p=6453#breadcrumb"},"inLanguage":"es","potentialAction":[{"@type":"ReadAction","target":["https:\/\/nuevodigitaldeescobar.com.ar\/?p=6453"]}]},{"@type":"ImageObject","inLanguage":"es","@id":"https:\/\/nuevodigitaldeescobar.com.ar\/?p=6453#primaryimage","url":"https:\/\/nuevodigitaldeescobar.com.ar\/wp-content\/uploads\/2024\/06\/fogata-de-san-juan-e1719587690112.jpg","contentUrl":"https:\/\/nuevodigitaldeescobar.com.ar\/wp-content\/uploads\/2024\/06\/fogata-de-san-juan-e1719587690112.jpg","width":720,"height":480},{"@type":"BreadcrumbList","@id":"https:\/\/nuevodigitaldeescobar.com.ar\/?p=6453#breadcrumb","itemListElement":[{"@type":"ListItem","position":1,"name":"Portada","item":"https:\/\/nuevodigitaldeescobar.com.ar\/"},{"@type":"ListItem","position":2,"name":"Este fin de semana se realiza la Fogata de San Juan"}]},{"@type":"WebSite","@id":"https:\/\/nuevodigitaldeescobar.com.ar\/#website","url":"https:\/\/nuevodigitaldeescobar.com.ar\/","name":"Nuevo Digital de Escobar","description":"La vida escobarense. Directora: Rosana Brunner","publisher":{"@id":"https:\/\/nuevodigitaldeescobar.com.ar\/#organization"},"potentialAction":[{"@type":"SearchAction","target":{"@type":"EntryPoint","urlTemplate":"https:\/\/nuevodigitaldeescobar.com.ar\/?s={search_term_string}"},"query-input":{"@type":"PropertyValueSpecification","valueRequired":true,"valueName":"search_term_string"}}],"inLanguage":"es"},{"@type":"Organization","@id":"https:\/\/nuevodigitaldeescobar.com.ar\/#organization","name":"Nuevo Digital de Escobar","url":"https:\/\/nuevodigitaldeescobar.com.ar\/","logo":{"@type":"ImageObject","inLanguage":"es","@id":"https:\/\/nuevodigitaldeescobar.com.ar\/#\/schema\/logo\/image\/","url":"https:\/\/nuevodigitaldeescobar.com.ar\/wp-content\/uploads\/2025\/05\/cropped-logo-nuevo2.jpg","contentUrl":"https:\/\/nuevodigitaldeescobar.com.ar\/wp-content\/uploads\/2025\/05\/cropped-logo-nuevo2.jpg","width":305,"height":305,"caption":"Nuevo Digital de Escobar"},"image":{"@id":"https:\/\/nuevodigitaldeescobar.com.ar\/#\/schema\/logo\/image\/"},"sameAs":["https:\/\/www.facebook.com\/NUEVODigitalDeEscobar","https:\/\/x.com\/nuevodigescobar","https:\/\/www.instagram.com\/nuevodigitaldeescobar"]},{"@type":"Person","@id":"https:\/\/nuevodigitaldeescobar.com.ar\/#\/schema\/person\/035e90a8efe9a80e6eec22656ad6ea4c","name":"Redacci\u00f3n","image":{"@type":"ImageObject","inLanguage":"es","@id":"https:\/\/nuevodigitaldeescobar.com.ar\/#\/schema\/person\/image\/","url":"https:\/\/secure.gravatar.com\/avatar\/8af8f40000c24e9eef3034f2be5998a372bb1389e64b1a4a36b3a7979142220d?s=96&d=mm&r=g","contentUrl":"https:\/\/secure.gravatar.com\/avatar\/8af8f40000c24e9eef3034f2be5998a372bb1389e64b1a4a36b3a7979142220d?s=96&d=mm&r=g","caption":"Redacci\u00f3n"},"sameAs":["http:\/\/nuevodigitaldeescobar.com.ar"],"url":"https:\/\/nuevodigitaldeescobar.com.ar\/?author=1"}]}},"featured_image_urls":{"full":["https:\/\/nuevodigitaldeescobar.com.ar\/wp-content\/uploads\/2024\/06\/fogata-de-san-juan-e1719587690112.jpg",720,480,false],"thumbnail":["https:\/\/nuevodigitaldeescobar.com.ar\/wp-content\/uploads\/2024\/06\/fogata-de-san-juan-150x150.jpg",150,150,true],"medium":["https:\/\/nuevodigitaldeescobar.com.ar\/wp-content\/uploads\/2024\/06\/fogata-de-san-juan-300x200.jpg",300,200,true],"medium_large":["https:\/\/nuevodigitaldeescobar.com.ar\/wp-content\/uploads\/2024\/06\/fogata-de-san-juan-768x512.jpg",640,427,true],"large":["https:\/\/nuevodigitaldeescobar.com.ar\/wp-content\/uploads\/2024\/06\/fogata-de-san-juan-e1719587690112.jpg",640,427,false],"1536x1536":["https:\/\/nuevodigitaldeescobar.com.ar\/wp-content\/uploads\/2024\/06\/fogata-de-san-juan-e1719587690112.jpg",720,480,false],"2048x2048":["https:\/\/nuevodigitaldeescobar.com.ar\/wp-content\/uploads\/2024\/06\/fogata-de-san-juan-e1719587690112.jpg",720,480,false]},"author_info":{"display_name":"Redacci\u00f3n","author_link":"https:\/\/nuevodigitaldeescobar.com.ar\/?author=1"},"category_info":"<a href=\"https:\/\/nuevodigitaldeescobar.com.ar\/?cat=11\" rel=\"category\">Cultura, Arte y Espect\u00e1culos<\/a>","tag_info":"Cultura, Arte y Espect\u00e1culos","comment_count":"0","_links":{"self":[{"href":"https:\/\/nuevodigitaldeescobar.com.ar\/index.php?rest_route=\/wp\/v2\/posts\/6453","targetHints":{"allow":["GET"]}}],"collection":[{"href":"https:\/\/nuevodigitaldeescobar.com.ar\/index.php?rest_route=\/wp\/v2\/posts"}],"about":[{"href":"https:\/\/nuevodigitaldeescobar.com.ar\/index.php?rest_route=\/wp\/v2\/types\/post"}],"author":[{"embeddable":true,"href":"https:\/\/nuevodigitaldeescobar.com.ar\/index.php?rest_route=\/wp\/v2\/users\/1"}],"replies":[{"embeddable":true,"href":"https:\/\/nuevodigitaldeescobar.com.ar\/index.php?rest_route=%2Fwp%2Fv2%2Fcomments&post=6453"}],"version-history":[{"count":1,"href":"https:\/\/nuevodigitaldeescobar.com.ar\/index.php?rest_route=\/wp\/v2\/posts\/6453\/revisions"}],"predecessor-version":[{"id":6457,"href":"https:\/\/nuevodigitaldeescobar.com.ar\/index.php?rest_route=\/wp\/v2\/posts\/6453\/revisions\/6457"}],"wp:featuredmedia":[{"embeddable":true,"href":"https:\/\/nuevodigitaldeescobar.com.ar\/index.php?rest_route=\/wp\/v2\/media\/6454"}],"wp:attachment":[{"href":"https:\/\/nuevodigitaldeescobar.com.ar\/index.php?rest_route=%2Fwp%2Fv2%2Fmedia&parent=6453"}],"wp:term":[{"taxonomy":"category","embeddable":true,"href":"https:\/\/nuevodigitaldeescobar.com.ar\/index.php?rest_route=%2Fwp%2Fv2%2Fcategories&post=6453"},{"taxonomy":"post_tag","embeddable":true,"href":"https:\/\/nuevodigitaldeescobar.com.ar\/index.php?rest_route=%2Fwp%2Fv2%2Ftags&post=6453"}],"curies":[{"name":"wp","href":"https:\/\/api.w.org\/{rel}","templated":true}]}}