{"id":6462,"date":"2024-06-30T07:00:00","date_gmt":"2024-06-30T10:00:00","guid":{"rendered":"https:\/\/nuevodigitaldeescobar.com.ar\/?p=6462"},"modified":"2024-06-28T20:31:40","modified_gmt":"2024-06-28T23:31:40","slug":"se-hace-camino-al-andar-cordillerando-el-otono","status":"publish","type":"post","link":"https:\/\/nuevodigitaldeescobar.com.ar\/?p=6462","title":{"rendered":"Se hace camino al andar: \u201cCordillerando el oto\u00f1o\u201d"},"content":{"rendered":"<p><span style=\"color: #003366;\"><strong><em>Si, el oto\u00f1o lleg\u00f3 nomas, as\u00ed de r\u00e1pido ya est\u00e1 ac\u00e1, en medio de nuestras vidas, el colorido, fresco y ventoso oto\u00f1o.<\/em><\/strong><\/span><\/p>\n<p><!--more--><\/p>\n<hr \/>\n<p>Al menos as\u00ed era antes, muy definido en sus cambios respecto del verano y una maravilla para los ojos, c\u00e1mara de fotos o celular en mano; tremendo aliado de nosotros, los gu\u00edas de turismo, o saber de los lengales, hasta qu\u00e9 altura m\u00e1ximo crecen nos permiten <em>\u00abdominar\u00bb<\/em> con un m\u00e1s\/menos la altura de todas las monta\u00f1as, y disfrutar con nuestros turistas el descubrir las paredes de \u00e1rboles que comienzan a mudar del verde al amarillento, a los bell\u00edsimos ocres y nos dibujan una encantadora imagen del oto\u00f1o.<\/p>\n<p><a href=\"https:\/\/nuevodigitaldeescobar.com.ar\/?attachment_id=6463\" rel=\"attachment wp-att-6463\"><img fetchpriority=\"high\" decoding=\"async\" class=\"alignnone size-full wp-image-6463\" src=\"http:\/\/nuevodigitaldeescobar.com.ar\/wp-content\/uploads\/2024\/06\/otono-1.jpg\" alt=\"\" width=\"640\" height=\"480\" srcset=\"https:\/\/nuevodigitaldeescobar.com.ar\/wp-content\/uploads\/2024\/06\/otono-1.jpg 640w, https:\/\/nuevodigitaldeescobar.com.ar\/wp-content\/uploads\/2024\/06\/otono-1-300x225.jpg 300w\" sizes=\"(max-width: 640px) 100vw, 640px\" \/><\/a><\/p>\n<p>Claro que depende en qu\u00e9 punto geogr\u00e1fico del planeta Tierra nos encontremos, en el nuestro, Latinoam\u00e9rica, y m\u00e1s a\u00fan en la Patagonia, el pobre se liga las malas palabras por saber que marca la terminaci\u00f3n ineludible del periodo vacacional, as\u00ed como el inicio, tambi\u00e9n ineludible, del periodo de clases, jajaja&#8230; pobre oto\u00f1o, carga sobre sus espaldas estas mochilas.<\/p>\n<p><a href=\"https:\/\/nuevodigitaldeescobar.com.ar\/?attachment_id=6466\" rel=\"attachment wp-att-6466\"><img decoding=\"async\" class=\"alignnone size-full wp-image-6466\" src=\"http:\/\/nuevodigitaldeescobar.com.ar\/wp-content\/uploads\/2024\/06\/otono-4.jpg\" alt=\"\" width=\"640\" height=\"480\" srcset=\"https:\/\/nuevodigitaldeescobar.com.ar\/wp-content\/uploads\/2024\/06\/otono-4.jpg 640w, https:\/\/nuevodigitaldeescobar.com.ar\/wp-content\/uploads\/2024\/06\/otono-4-300x225.jpg 300w\" sizes=\"(max-width: 640px) 100vw, 640px\" \/><\/a><\/p>\n<p>Aqu\u00ed, el frescor de las ma\u00f1anas, as\u00ed como el de los atardeceres, es inconfundible, los \u00e1rboles van acompa\u00f1ando con sus hojas caducas, los d\u00edas de cada vez menos luz solar, hasta quedar desnudos.<\/p>\n<p>El poniente del sol, de febo, es cada d\u00eda m\u00e1s temprano y los roc\u00edos en los techos, en las hojas, en las flores, m\u00e1s y m\u00e1s intensos, por esto el reino de los insectos y hasta algunas aves, agradecidos.<\/p>\n<p>Cada monta\u00f1a se torna m\u00e1s y m\u00e1s en sombra a medida que se va la tarde y, al oscurecer, aparece el Lucero.\u00a0La primera estrella que se puede divisar en el cielo, bello, azul despejado y tambi\u00e9n muchas veces cargado de nubes porque se aproxima el periodo de lluvias.<\/p>\n<p><a href=\"https:\/\/nuevodigitaldeescobar.com.ar\/?attachment_id=6470\" rel=\"attachment wp-att-6470\"><img decoding=\"async\" class=\"alignnone size-full wp-image-6470\" src=\"http:\/\/nuevodigitaldeescobar.com.ar\/wp-content\/uploads\/2024\/06\/otono-8.jpg\" alt=\"\" width=\"640\" height=\"480\" srcset=\"https:\/\/nuevodigitaldeescobar.com.ar\/wp-content\/uploads\/2024\/06\/otono-8.jpg 640w, https:\/\/nuevodigitaldeescobar.com.ar\/wp-content\/uploads\/2024\/06\/otono-8-300x225.jpg 300w\" sizes=\"(max-width: 640px) 100vw, 640px\" \/><\/a><\/p>\n<p>Intensas, intens\u00edsimas lluvias cuando la selva valdiviana, en un sector cordillerano que compartimos m\u00e1s all\u00e1 de las fronteras con el pa\u00eds hermano de Chile, caracter\u00edstico por mantener un r\u00e9gimen de lluvias de aproximadamente 2000 mm anuales, lo cual favorece el crecimiento de algunas especies que necesitan el agua m\u00e1s que otras, tal el caso de la Ca\u00f1a Colihue.<\/p>\n<p>As\u00ed, los r\u00edos, que en su mayor\u00eda vaciaron bastante su lecho porque ya casi no hay m\u00e1s deshielo por las altas temperaturas invernales, comienzan poco a poco, aunque sostenido, a recuperar caudal, o los lagos que bajan tambi\u00e9n su caudal, dejando a la vista playas de arena volc\u00e1nica, de piedras, de greda, arcilla a la vista aun cuando estuvo cubierta desde el final del verano pasado.<\/p>\n<p><a href=\"https:\/\/nuevodigitaldeescobar.com.ar\/?attachment_id=6471\" rel=\"attachment wp-att-6471\"><img loading=\"lazy\" decoding=\"async\" class=\"alignnone size-full wp-image-6471\" src=\"http:\/\/nuevodigitaldeescobar.com.ar\/wp-content\/uploads\/2024\/06\/otono-9.jpg\" alt=\"\" width=\"640\" height=\"480\" srcset=\"https:\/\/nuevodigitaldeescobar.com.ar\/wp-content\/uploads\/2024\/06\/otono-9.jpg 640w, https:\/\/nuevodigitaldeescobar.com.ar\/wp-content\/uploads\/2024\/06\/otono-9-300x225.jpg 300w\" sizes=\"(max-width: 640px) 100vw, 640px\" \/><\/a><\/p>\n<p>\u00a1Uy! Qu\u00e9 lindo, las playitas llenas de palitos, troncos y juncales que se mecen al son de las danzantes aguas seg\u00fan el viento.<\/p>\n<p>Sal\u00eds a caminar a la tardecita o a la ma\u00f1ana y las manos, la nariz, los cachetes se te empiezan a enfriar y a poner rojos, pero tambi\u00e9n es la hora en que las aves cantan con la mayor intensidad porque quieren gorgotear lo m\u00e1s que puedan antes de irse a su nido, o por la felicidad del despertar de una nueva ma\u00f1ana que los recibe, sea con sol o aun con lluvia. Muchos se las rebuscan y cantan y cantan, vuelan de rama en rama, felices, picoteando, tal vez una fruta tard\u00eda que qued\u00f3 en lo alto del \u00e1rbol de manzanas o de peras, o ciruelos. \u00a1\u00a1Qu\u00e9 gloria la naturaleza!! \u00a1\u00a1Cu\u00e1nto nos da!! \u00a1\u00a1Cu\u00e1nto!! \u00a1\u00a1Gracias!!<\/p>\n<p><a href=\"https:\/\/nuevodigitaldeescobar.com.ar\/?attachment_id=6472\" rel=\"attachment wp-att-6472\"><img loading=\"lazy\" decoding=\"async\" class=\"alignnone size-full wp-image-6472\" src=\"http:\/\/nuevodigitaldeescobar.com.ar\/wp-content\/uploads\/2024\/06\/otono-10.jpg\" alt=\"\" width=\"640\" height=\"480\" srcset=\"https:\/\/nuevodigitaldeescobar.com.ar\/wp-content\/uploads\/2024\/06\/otono-10.jpg 640w, https:\/\/nuevodigitaldeescobar.com.ar\/wp-content\/uploads\/2024\/06\/otono-10-300x225.jpg 300w\" sizes=\"(max-width: 640px) 100vw, 640px\" \/><\/a><\/p>\n<p>Y aun cuando parezca que ya no habr\u00e1 de esas ricas frutas estivales, llegar\u00e1n, porque ya se ven en las plantas, aunque verdes, pero madurando, por ejemplo, los casta\u00f1os, las nueces, y todo continuar\u00e1 su ciclo virtuoso, hermoso, armonioso, encantador por donde uno lo mire y\u00a0lo\u00a0quiera\u00a0ver.<\/p>\n<p><em>(Por Raquel Font, Gu\u00eda Nacional de Turismo)<\/em><\/p>\n\n\n<figure class=\"wp-block-gallery has-nested-images columns-default is-cropped wp-block-gallery-1 is-layout-flex wp-block-gallery-is-layout-flex\">\n<figure class=\"wp-block-image size-large\"><img loading=\"lazy\" decoding=\"async\" width=\"480\" height=\"640\" data-id=\"6474\" src=\"https:\/\/nuevodigitaldeescobar.com.ar\/wp-content\/uploads\/2024\/06\/otono-12.jpg\" alt=\"\" class=\"wp-image-6474\" srcset=\"https:\/\/nuevodigitaldeescobar.com.ar\/wp-content\/uploads\/2024\/06\/otono-12.jpg 480w, https:\/\/nuevodigitaldeescobar.com.ar\/wp-content\/uploads\/2024\/06\/otono-12-225x300.jpg 225w\" sizes=\"(max-width: 480px) 100vw, 480px\" \/><\/figure>\n\n\n\n<figure class=\"wp-block-image size-large\"><img loading=\"lazy\" decoding=\"async\" width=\"480\" height=\"640\" data-id=\"6469\" src=\"https:\/\/nuevodigitaldeescobar.com.ar\/wp-content\/uploads\/2024\/06\/otono-7.jpg\" alt=\"\" class=\"wp-image-6469\" srcset=\"https:\/\/nuevodigitaldeescobar.com.ar\/wp-content\/uploads\/2024\/06\/otono-7.jpg 480w, https:\/\/nuevodigitaldeescobar.com.ar\/wp-content\/uploads\/2024\/06\/otono-7-225x300.jpg 225w\" sizes=\"(max-width: 480px) 100vw, 480px\" \/><\/figure>\n\n\n\n<figure class=\"wp-block-image size-large\"><img loading=\"lazy\" decoding=\"async\" width=\"480\" height=\"640\" data-id=\"6468\" src=\"https:\/\/nuevodigitaldeescobar.com.ar\/wp-content\/uploads\/2024\/06\/otono-6.jpg\" alt=\"\" class=\"wp-image-6468\" srcset=\"https:\/\/nuevodigitaldeescobar.com.ar\/wp-content\/uploads\/2024\/06\/otono-6.jpg 480w, https:\/\/nuevodigitaldeescobar.com.ar\/wp-content\/uploads\/2024\/06\/otono-6-225x300.jpg 225w\" sizes=\"(max-width: 480px) 100vw, 480px\" \/><\/figure>\n\n\n\n<figure class=\"wp-block-image size-large\"><img loading=\"lazy\" decoding=\"async\" width=\"480\" height=\"640\" data-id=\"6467\" src=\"https:\/\/nuevodigitaldeescobar.com.ar\/wp-content\/uploads\/2024\/06\/otono-5.jpg\" alt=\"\" class=\"wp-image-6467\" srcset=\"https:\/\/nuevodigitaldeescobar.com.ar\/wp-content\/uploads\/2024\/06\/otono-5.jpg 480w, https:\/\/nuevodigitaldeescobar.com.ar\/wp-content\/uploads\/2024\/06\/otono-5-225x300.jpg 225w\" sizes=\"(max-width: 480px) 100vw, 480px\" \/><\/figure>\n\n\n\n<figure class=\"wp-block-image size-large\"><img loading=\"lazy\" decoding=\"async\" width=\"512\" height=\"640\" data-id=\"6465\" src=\"https:\/\/nuevodigitaldeescobar.com.ar\/wp-content\/uploads\/2024\/06\/otono-3.jpg\" alt=\"\" class=\"wp-image-6465\" srcset=\"https:\/\/nuevodigitaldeescobar.com.ar\/wp-content\/uploads\/2024\/06\/otono-3.jpg 512w, https:\/\/nuevodigitaldeescobar.com.ar\/wp-content\/uploads\/2024\/06\/otono-3-240x300.jpg 240w\" sizes=\"(max-width: 512px) 100vw, 512px\" \/><\/figure>\n\n\n\n<figure class=\"wp-block-image size-large\"><img loading=\"lazy\" decoding=\"async\" width=\"480\" height=\"640\" data-id=\"6464\" src=\"https:\/\/nuevodigitaldeescobar.com.ar\/wp-content\/uploads\/2024\/06\/otono-2.jpg\" alt=\"\" class=\"wp-image-6464\" srcset=\"https:\/\/nuevodigitaldeescobar.com.ar\/wp-content\/uploads\/2024\/06\/otono-2.jpg 480w, https:\/\/nuevodigitaldeescobar.com.ar\/wp-content\/uploads\/2024\/06\/otono-2-225x300.jpg 225w\" sizes=\"(max-width: 480px) 100vw, 480px\" \/><\/figure>\n<\/figure>\n","protected":false},"excerpt":{"rendered":"<p>Si, el oto\u00f1o lleg\u00f3 nomas, as\u00ed de r\u00e1pido ya est\u00e1 ac\u00e1, en medio de nuestras vidas, el colorido, fresco y ventoso oto\u00f1o.<\/p>\n","protected":false},"author":1,"featured_media":6473,"comment_status":"open","ping_status":"open","sticky":false,"template":"","format":"standard","meta":{"footnotes":""},"categories":[14,48],"tags":[],"class_list":["post-6462","post","type-post","status-publish","format-standard","has-post-thumbnail","hentry","category-clima-medioambiente-y-sostenibilidad","category-opinion"],"better_featured_image":{"id":6473,"alt_text":"","caption":"","description":"","media_type":"image","media_details":{"width":640,"height":480,"file":"2024\/06\/otono-11-e1719616054297.jpg","filesize":273795,"sizes":{"medium":{"file":"otono-11-e1719616054297-300x225.jpg","width":300,"height":225,"mime-type":"image\/jpeg","filesize":23791,"source_url":"https:\/\/nuevodigitaldeescobar.com.ar\/wp-content\/uploads\/2024\/06\/otono-11-e1719616054297-300x225.jpg"},"thumbnail":{"file":"otono-11-e1719616054297-150x150.jpg","width":150,"height":150,"mime-type":"image\/jpeg","filesize":11064,"source_url":"https:\/\/nuevodigitaldeescobar.com.ar\/wp-content\/uploads\/2024\/06\/otono-11-e1719616054297-150x150.jpg"}},"image_meta":{"aperture":"0","credit":"","camera":"","caption":"","created_timestamp":"0","copyright":"","focal_length":"0","iso":"0","shutter_speed":"0","title":"","orientation":"0","keywords":[]}},"post":6462,"source_url":"https:\/\/nuevodigitaldeescobar.com.ar\/wp-content\/uploads\/2024\/06\/otono-11-e1719616054297.jpg"},"yoast_head":"<!-- This site is optimized with the Yoast SEO plugin v26.1.1 - https:\/\/yoast.com\/wordpress\/plugins\/seo\/ -->\n<title>Se hace camino al andar: \u201cCordillerando el oto\u00f1o\u201d - Nuevo Digital de Escobar<\/title>\n<meta name=\"robots\" content=\"index, follow, max-snippet:-1, max-image-preview:large, max-video-preview:-1\" \/>\n<link rel=\"canonical\" href=\"https:\/\/nuevodigitaldeescobar.com.ar\/?p=6462\" \/>\n<meta property=\"og:locale\" content=\"es_ES\" \/>\n<meta property=\"og:type\" content=\"article\" \/>\n<meta property=\"og:title\" content=\"Se hace camino al andar: \u201cCordillerando el oto\u00f1o\u201d - Nuevo Digital de Escobar\" \/>\n<meta property=\"og:description\" content=\"Si, el oto\u00f1o lleg\u00f3 nomas, as\u00ed de r\u00e1pido ya est\u00e1 ac\u00e1, en medio de nuestras vidas, el colorido, fresco y ventoso oto\u00f1o.\" \/>\n<meta property=\"og:url\" content=\"https:\/\/nuevodigitaldeescobar.com.ar\/?p=6462\" \/>\n<meta property=\"og:site_name\" content=\"Nuevo Digital de Escobar\" \/>\n<meta property=\"article:publisher\" content=\"https:\/\/www.facebook.com\/NUEVODigitalDeEscobar\" \/>\n<meta property=\"article:published_time\" content=\"2024-06-30T10:00:00+00:00\" \/>\n<meta property=\"og:image\" content=\"https:\/\/nuevodigitaldeescobar.com.ar\/wp-content\/uploads\/2024\/06\/otono-11-e1719616054297.jpg\" \/>\n\t<meta property=\"og:image:width\" content=\"640\" \/>\n\t<meta property=\"og:image:height\" content=\"480\" \/>\n\t<meta property=\"og:image:type\" content=\"image\/jpeg\" \/>\n<meta name=\"author\" content=\"Redacci\u00f3n\" \/>\n<meta name=\"twitter:card\" content=\"summary_large_image\" \/>\n<meta name=\"twitter:creator\" content=\"@nuevodigescobar\" \/>\n<meta name=\"twitter:site\" content=\"@nuevodigescobar\" \/>\n<meta name=\"twitter:label1\" content=\"Escrito por\" \/>\n\t<meta name=\"twitter:data1\" content=\"Redacci\u00f3n\" \/>\n\t<meta name=\"twitter:label2\" content=\"Tiempo de lectura\" \/>\n\t<meta name=\"twitter:data2\" content=\"3 minutos\" \/>\n<script type=\"application\/ld+json\" class=\"yoast-schema-graph\">{\"@context\":\"https:\/\/schema.org\",\"@graph\":[{\"@type\":\"Article\",\"@id\":\"https:\/\/nuevodigitaldeescobar.com.ar\/?p=6462#article\",\"isPartOf\":{\"@id\":\"https:\/\/nuevodigitaldeescobar.com.ar\/?p=6462\"},\"author\":{\"name\":\"Redacci\u00f3n\",\"@id\":\"https:\/\/nuevodigitaldeescobar.com.ar\/#\/schema\/person\/035e90a8efe9a80e6eec22656ad6ea4c\"},\"headline\":\"Se hace camino al andar: \u201cCordillerando el oto\u00f1o\u201d\",\"datePublished\":\"2024-06-30T10:00:00+00:00\",\"mainEntityOfPage\":{\"@id\":\"https:\/\/nuevodigitaldeescobar.com.ar\/?p=6462\"},\"wordCount\":669,\"commentCount\":0,\"publisher\":{\"@id\":\"https:\/\/nuevodigitaldeescobar.com.ar\/#organization\"},\"image\":{\"@id\":\"https:\/\/nuevodigitaldeescobar.com.ar\/?p=6462#primaryimage\"},\"thumbnailUrl\":\"https:\/\/nuevodigitaldeescobar.com.ar\/wp-content\/uploads\/2024\/06\/otono-11-e1719616054297.jpg\",\"articleSection\":[\"Clima, Medioambiente y Sostenibilidad\",\"Opini\u00f3n\"],\"inLanguage\":\"es\",\"potentialAction\":[{\"@type\":\"CommentAction\",\"name\":\"Comment\",\"target\":[\"https:\/\/nuevodigitaldeescobar.com.ar\/?p=6462#respond\"]}]},{\"@type\":\"WebPage\",\"@id\":\"https:\/\/nuevodigitaldeescobar.com.ar\/?p=6462\",\"url\":\"https:\/\/nuevodigitaldeescobar.com.ar\/?p=6462\",\"name\":\"Se hace camino al andar: \u201cCordillerando el oto\u00f1o\u201d - Nuevo Digital de Escobar\",\"isPartOf\":{\"@id\":\"https:\/\/nuevodigitaldeescobar.com.ar\/#website\"},\"primaryImageOfPage\":{\"@id\":\"https:\/\/nuevodigitaldeescobar.com.ar\/?p=6462#primaryimage\"},\"image\":{\"@id\":\"https:\/\/nuevodigitaldeescobar.com.ar\/?p=6462#primaryimage\"},\"thumbnailUrl\":\"https:\/\/nuevodigitaldeescobar.com.ar\/wp-content\/uploads\/2024\/06\/otono-11-e1719616054297.jpg\",\"datePublished\":\"2024-06-30T10:00:00+00:00\",\"breadcrumb\":{\"@id\":\"https:\/\/nuevodigitaldeescobar.com.ar\/?p=6462#breadcrumb\"},\"inLanguage\":\"es\",\"potentialAction\":[{\"@type\":\"ReadAction\",\"target\":[\"https:\/\/nuevodigitaldeescobar.com.ar\/?p=6462\"]}]},{\"@type\":\"ImageObject\",\"inLanguage\":\"es\",\"@id\":\"https:\/\/nuevodigitaldeescobar.com.ar\/?p=6462#primaryimage\",\"url\":\"https:\/\/nuevodigitaldeescobar.com.ar\/wp-content\/uploads\/2024\/06\/otono-11-e1719616054297.jpg\",\"contentUrl\":\"https:\/\/nuevodigitaldeescobar.com.ar\/wp-content\/uploads\/2024\/06\/otono-11-e1719616054297.jpg\",\"width\":640,\"height\":480},{\"@type\":\"BreadcrumbList\",\"@id\":\"https:\/\/nuevodigitaldeescobar.com.ar\/?p=6462#breadcrumb\",\"itemListElement\":[{\"@type\":\"ListItem\",\"position\":1,\"name\":\"Portada\",\"item\":\"https:\/\/nuevodigitaldeescobar.com.ar\/\"},{\"@type\":\"ListItem\",\"position\":2,\"name\":\"Se hace camino al andar: \u201cCordillerando el oto\u00f1o\u201d\"}]},{\"@type\":\"WebSite\",\"@id\":\"https:\/\/nuevodigitaldeescobar.com.ar\/#website\",\"url\":\"https:\/\/nuevodigitaldeescobar.com.ar\/\",\"name\":\"Nuevo Digital de Escobar\",\"description\":\"La vida escobarense. Directora: Rosana Brunner\",\"publisher\":{\"@id\":\"https:\/\/nuevodigitaldeescobar.com.ar\/#organization\"},\"potentialAction\":[{\"@type\":\"SearchAction\",\"target\":{\"@type\":\"EntryPoint\",\"urlTemplate\":\"https:\/\/nuevodigitaldeescobar.com.ar\/?s={search_term_string}\"},\"query-input\":{\"@type\":\"PropertyValueSpecification\",\"valueRequired\":true,\"valueName\":\"search_term_string\"}}],\"inLanguage\":\"es\"},{\"@type\":\"Organization\",\"@id\":\"https:\/\/nuevodigitaldeescobar.com.ar\/#organization\",\"name\":\"Nuevo Digital de Escobar\",\"url\":\"https:\/\/nuevodigitaldeescobar.com.ar\/\",\"logo\":{\"@type\":\"ImageObject\",\"inLanguage\":\"es\",\"@id\":\"https:\/\/nuevodigitaldeescobar.com.ar\/#\/schema\/logo\/image\/\",\"url\":\"https:\/\/nuevodigitaldeescobar.com.ar\/wp-content\/uploads\/2025\/05\/cropped-logo-nuevo2.jpg\",\"contentUrl\":\"https:\/\/nuevodigitaldeescobar.com.ar\/wp-content\/uploads\/2025\/05\/cropped-logo-nuevo2.jpg\",\"width\":305,\"height\":305,\"caption\":\"Nuevo Digital de Escobar\"},\"image\":{\"@id\":\"https:\/\/nuevodigitaldeescobar.com.ar\/#\/schema\/logo\/image\/\"},\"sameAs\":[\"https:\/\/www.facebook.com\/NUEVODigitalDeEscobar\",\"https:\/\/x.com\/nuevodigescobar\",\"https:\/\/www.instagram.com\/nuevodigitaldeescobar\"]},{\"@type\":\"Person\",\"@id\":\"https:\/\/nuevodigitaldeescobar.com.ar\/#\/schema\/person\/035e90a8efe9a80e6eec22656ad6ea4c\",\"name\":\"Redacci\u00f3n\",\"image\":{\"@type\":\"ImageObject\",\"inLanguage\":\"es\",\"@id\":\"https:\/\/nuevodigitaldeescobar.com.ar\/#\/schema\/person\/image\/\",\"url\":\"https:\/\/secure.gravatar.com\/avatar\/8af8f40000c24e9eef3034f2be5998a372bb1389e64b1a4a36b3a7979142220d?s=96&d=mm&r=g\",\"contentUrl\":\"https:\/\/secure.gravatar.com\/avatar\/8af8f40000c24e9eef3034f2be5998a372bb1389e64b1a4a36b3a7979142220d?s=96&d=mm&r=g\",\"caption\":\"Redacci\u00f3n\"},\"sameAs\":[\"http:\/\/nuevodigitaldeescobar.com.ar\"],\"url\":\"https:\/\/nuevodigitaldeescobar.com.ar\/?author=1\"}]}<\/script>\n<!-- \/ Yoast SEO plugin. -->","yoast_head_json":{"title":"Se hace camino al andar: \u201cCordillerando el oto\u00f1o\u201d - Nuevo Digital de Escobar","robots":{"index":"index","follow":"follow","max-snippet":"max-snippet:-1","max-image-preview":"max-image-preview:large","max-video-preview":"max-video-preview:-1"},"canonical":"https:\/\/nuevodigitaldeescobar.com.ar\/?p=6462","og_locale":"es_ES","og_type":"article","og_title":"Se hace camino al andar: \u201cCordillerando el oto\u00f1o\u201d - Nuevo Digital de Escobar","og_description":"Si, el oto\u00f1o lleg\u00f3 nomas, as\u00ed de r\u00e1pido ya est\u00e1 ac\u00e1, en medio de nuestras vidas, el colorido, fresco y ventoso oto\u00f1o.","og_url":"https:\/\/nuevodigitaldeescobar.com.ar\/?p=6462","og_site_name":"Nuevo Digital de Escobar","article_publisher":"https:\/\/www.facebook.com\/NUEVODigitalDeEscobar","article_published_time":"2024-06-30T10:00:00+00:00","og_image":[{"width":640,"height":480,"url":"https:\/\/nuevodigitaldeescobar.com.ar\/wp-content\/uploads\/2024\/06\/otono-11-e1719616054297.jpg","type":"image\/jpeg"}],"author":"Redacci\u00f3n","twitter_card":"summary_large_image","twitter_creator":"@nuevodigescobar","twitter_site":"@nuevodigescobar","twitter_misc":{"Escrito por":"Redacci\u00f3n","Tiempo de lectura":"3 minutos"},"schema":{"@context":"https:\/\/schema.org","@graph":[{"@type":"Article","@id":"https:\/\/nuevodigitaldeescobar.com.ar\/?p=6462#article","isPartOf":{"@id":"https:\/\/nuevodigitaldeescobar.com.ar\/?p=6462"},"author":{"name":"Redacci\u00f3n","@id":"https:\/\/nuevodigitaldeescobar.com.ar\/#\/schema\/person\/035e90a8efe9a80e6eec22656ad6ea4c"},"headline":"Se hace camino al andar: \u201cCordillerando el oto\u00f1o\u201d","datePublished":"2024-06-30T10:00:00+00:00","mainEntityOfPage":{"@id":"https:\/\/nuevodigitaldeescobar.com.ar\/?p=6462"},"wordCount":669,"commentCount":0,"publisher":{"@id":"https:\/\/nuevodigitaldeescobar.com.ar\/#organization"},"image":{"@id":"https:\/\/nuevodigitaldeescobar.com.ar\/?p=6462#primaryimage"},"thumbnailUrl":"https:\/\/nuevodigitaldeescobar.com.ar\/wp-content\/uploads\/2024\/06\/otono-11-e1719616054297.jpg","articleSection":["Clima, Medioambiente y Sostenibilidad","Opini\u00f3n"],"inLanguage":"es","potentialAction":[{"@type":"CommentAction","name":"Comment","target":["https:\/\/nuevodigitaldeescobar.com.ar\/?p=6462#respond"]}]},{"@type":"WebPage","@id":"https:\/\/nuevodigitaldeescobar.com.ar\/?p=6462","url":"https:\/\/nuevodigitaldeescobar.com.ar\/?p=6462","name":"Se hace camino al andar: \u201cCordillerando el oto\u00f1o\u201d - Nuevo Digital de Escobar","isPartOf":{"@id":"https:\/\/nuevodigitaldeescobar.com.ar\/#website"},"primaryImageOfPage":{"@id":"https:\/\/nuevodigitaldeescobar.com.ar\/?p=6462#primaryimage"},"image":{"@id":"https:\/\/nuevodigitaldeescobar.com.ar\/?p=6462#primaryimage"},"thumbnailUrl":"https:\/\/nuevodigitaldeescobar.com.ar\/wp-content\/uploads\/2024\/06\/otono-11-e1719616054297.jpg","datePublished":"2024-06-30T10:00:00+00:00","breadcrumb":{"@id":"https:\/\/nuevodigitaldeescobar.com.ar\/?p=6462#breadcrumb"},"inLanguage":"es","potentialAction":[{"@type":"ReadAction","target":["https:\/\/nuevodigitaldeescobar.com.ar\/?p=6462"]}]},{"@type":"ImageObject","inLanguage":"es","@id":"https:\/\/nuevodigitaldeescobar.com.ar\/?p=6462#primaryimage","url":"https:\/\/nuevodigitaldeescobar.com.ar\/wp-content\/uploads\/2024\/06\/otono-11-e1719616054297.jpg","contentUrl":"https:\/\/nuevodigitaldeescobar.com.ar\/wp-content\/uploads\/2024\/06\/otono-11-e1719616054297.jpg","width":640,"height":480},{"@type":"BreadcrumbList","@id":"https:\/\/nuevodigitaldeescobar.com.ar\/?p=6462#breadcrumb","itemListElement":[{"@type":"ListItem","position":1,"name":"Portada","item":"https:\/\/nuevodigitaldeescobar.com.ar\/"},{"@type":"ListItem","position":2,"name":"Se hace camino al andar: \u201cCordillerando el oto\u00f1o\u201d"}]},{"@type":"WebSite","@id":"https:\/\/nuevodigitaldeescobar.com.ar\/#website","url":"https:\/\/nuevodigitaldeescobar.com.ar\/","name":"Nuevo Digital de Escobar","description":"La vida escobarense. Directora: Rosana Brunner","publisher":{"@id":"https:\/\/nuevodigitaldeescobar.com.ar\/#organization"},"potentialAction":[{"@type":"SearchAction","target":{"@type":"EntryPoint","urlTemplate":"https:\/\/nuevodigitaldeescobar.com.ar\/?s={search_term_string}"},"query-input":{"@type":"PropertyValueSpecification","valueRequired":true,"valueName":"search_term_string"}}],"inLanguage":"es"},{"@type":"Organization","@id":"https:\/\/nuevodigitaldeescobar.com.ar\/#organization","name":"Nuevo Digital de Escobar","url":"https:\/\/nuevodigitaldeescobar.com.ar\/","logo":{"@type":"ImageObject","inLanguage":"es","@id":"https:\/\/nuevodigitaldeescobar.com.ar\/#\/schema\/logo\/image\/","url":"https:\/\/nuevodigitaldeescobar.com.ar\/wp-content\/uploads\/2025\/05\/cropped-logo-nuevo2.jpg","contentUrl":"https:\/\/nuevodigitaldeescobar.com.ar\/wp-content\/uploads\/2025\/05\/cropped-logo-nuevo2.jpg","width":305,"height":305,"caption":"Nuevo Digital de Escobar"},"image":{"@id":"https:\/\/nuevodigitaldeescobar.com.ar\/#\/schema\/logo\/image\/"},"sameAs":["https:\/\/www.facebook.com\/NUEVODigitalDeEscobar","https:\/\/x.com\/nuevodigescobar","https:\/\/www.instagram.com\/nuevodigitaldeescobar"]},{"@type":"Person","@id":"https:\/\/nuevodigitaldeescobar.com.ar\/#\/schema\/person\/035e90a8efe9a80e6eec22656ad6ea4c","name":"Redacci\u00f3n","image":{"@type":"ImageObject","inLanguage":"es","@id":"https:\/\/nuevodigitaldeescobar.com.ar\/#\/schema\/person\/image\/","url":"https:\/\/secure.gravatar.com\/avatar\/8af8f40000c24e9eef3034f2be5998a372bb1389e64b1a4a36b3a7979142220d?s=96&d=mm&r=g","contentUrl":"https:\/\/secure.gravatar.com\/avatar\/8af8f40000c24e9eef3034f2be5998a372bb1389e64b1a4a36b3a7979142220d?s=96&d=mm&r=g","caption":"Redacci\u00f3n"},"sameAs":["http:\/\/nuevodigitaldeescobar.com.ar"],"url":"https:\/\/nuevodigitaldeescobar.com.ar\/?author=1"}]}},"featured_image_urls":{"full":["https:\/\/nuevodigitaldeescobar.com.ar\/wp-content\/uploads\/2024\/06\/otono-11-e1719616054297.jpg",640,480,false],"thumbnail":["https:\/\/nuevodigitaldeescobar.com.ar\/wp-content\/uploads\/2024\/06\/otono-11-e1719616054297-150x150.jpg",150,150,true],"medium":["https:\/\/nuevodigitaldeescobar.com.ar\/wp-content\/uploads\/2024\/06\/otono-11-e1719616054297-300x225.jpg",300,225,true],"medium_large":["https:\/\/nuevodigitaldeescobar.com.ar\/wp-content\/uploads\/2024\/06\/otono-11-e1719616054297.jpg",640,480,false],"large":["https:\/\/nuevodigitaldeescobar.com.ar\/wp-content\/uploads\/2024\/06\/otono-11-e1719616054297.jpg",640,480,false],"1536x1536":["https:\/\/nuevodigitaldeescobar.com.ar\/wp-content\/uploads\/2024\/06\/otono-11-e1719616054297.jpg",640,480,false],"2048x2048":["https:\/\/nuevodigitaldeescobar.com.ar\/wp-content\/uploads\/2024\/06\/otono-11-e1719616054297.jpg",640,480,false]},"author_info":{"display_name":"Redacci\u00f3n","author_link":"https:\/\/nuevodigitaldeescobar.com.ar\/?author=1"},"category_info":"<a href=\"https:\/\/nuevodigitaldeescobar.com.ar\/?cat=14\" rel=\"category\">Clima, Medioambiente y Sostenibilidad<\/a> <a href=\"https:\/\/nuevodigitaldeescobar.com.ar\/?cat=48\" rel=\"category\">Opini\u00f3n<\/a>","tag_info":"Opini\u00f3n","comment_count":"0","_links":{"self":[{"href":"https:\/\/nuevodigitaldeescobar.com.ar\/index.php?rest_route=\/wp\/v2\/posts\/6462","targetHints":{"allow":["GET"]}}],"collection":[{"href":"https:\/\/nuevodigitaldeescobar.com.ar\/index.php?rest_route=\/wp\/v2\/posts"}],"about":[{"href":"https:\/\/nuevodigitaldeescobar.com.ar\/index.php?rest_route=\/wp\/v2\/types\/post"}],"author":[{"embeddable":true,"href":"https:\/\/nuevodigitaldeescobar.com.ar\/index.php?rest_route=\/wp\/v2\/users\/1"}],"replies":[{"embeddable":true,"href":"https:\/\/nuevodigitaldeescobar.com.ar\/index.php?rest_route=%2Fwp%2Fv2%2Fcomments&post=6462"}],"version-history":[{"count":2,"href":"https:\/\/nuevodigitaldeescobar.com.ar\/index.php?rest_route=\/wp\/v2\/posts\/6462\/revisions"}],"predecessor-version":[{"id":6479,"href":"https:\/\/nuevodigitaldeescobar.com.ar\/index.php?rest_route=\/wp\/v2\/posts\/6462\/revisions\/6479"}],"wp:featuredmedia":[{"embeddable":true,"href":"https:\/\/nuevodigitaldeescobar.com.ar\/index.php?rest_route=\/wp\/v2\/media\/6473"}],"wp:attachment":[{"href":"https:\/\/nuevodigitaldeescobar.com.ar\/index.php?rest_route=%2Fwp%2Fv2%2Fmedia&parent=6462"}],"wp:term":[{"taxonomy":"category","embeddable":true,"href":"https:\/\/nuevodigitaldeescobar.com.ar\/index.php?rest_route=%2Fwp%2Fv2%2Fcategories&post=6462"},{"taxonomy":"post_tag","embeddable":true,"href":"https:\/\/nuevodigitaldeescobar.com.ar\/index.php?rest_route=%2Fwp%2Fv2%2Ftags&post=6462"}],"curies":[{"name":"wp","href":"https:\/\/api.w.org\/{rel}","templated":true}]}}