{"id":6602,"date":"2024-07-05T12:42:07","date_gmt":"2024-07-05T15:42:07","guid":{"rendered":"https:\/\/nuevodigitaldeescobar.com.ar\/?p=6602"},"modified":"2024-07-05T12:42:11","modified_gmt":"2024-07-05T15:42:11","slug":"garin-quedo-formalmente-inaugurado-el-colegio-rosario-vera-penaloza","status":"publish","type":"post","link":"https:\/\/nuevodigitaldeescobar.com.ar\/?p=6602","title":{"rendered":"Gar\u00edn: qued\u00f3 formalmente inaugurado el colegio Rosario Vera Pe\u00f1aloza"},"content":{"rendered":"<p><span style=\"color: #003366;\"><strong><em>El nuevo establecimiento p\u00fablico de gesti\u00f3n privada, que abri\u00f3 sus puertas en marzo, ofrece educaci\u00f3n inicial y primaria a m\u00e1s de 200 chicos y chicas del distrito.<\/em><\/strong><\/span><\/p>\n<p><!--more--><\/p>\n<hr \/>\n<p>En el barrio La Esperanza de Gar\u00edn, el intendente Ariel Sujarchuk particip\u00f3 del acto formal de inauguraci\u00f3n del colegio Rosario Vera Pe\u00f1aloza junto a representantes de la Fundaci\u00f3n Mar\u00eda Guadalupe, una reconocida ONG que desde hace 10 a\u00f1os desarrolla un innovador proyecto educativo en el vecino partido de Tigre.<\/p>\n<p><a href=\"https:\/\/nuevodigitaldeescobar.com.ar\/?attachment_id=6603\" rel=\"attachment wp-att-6603\"><img fetchpriority=\"high\" decoding=\"async\" class=\"alignnone size-full wp-image-6603\" src=\"http:\/\/nuevodigitaldeescobar.com.ar\/wp-content\/uploads\/2024\/07\/vera-penaloza-1-e1720194097521.jpg\" alt=\"\" width=\"720\" height=\"480\" \/><\/a><\/p>\n<p><em>\u201cEstamos acompa\u00f1ando un gran acto educativo que es la creaci\u00f3n de esta escuela multimodal para seguir proyectando un futuro mejor, porque no hay ma\u00f1ana posible sin educaci\u00f3n. Gracias al trabajo articulado entre el sector p\u00fablico y privado hoy demostramos una vez m\u00e1s que si se quiere, siempre se puede\u201d<\/em>, afirm\u00f3 Sujarchuk, junto al CEO de la empresa constructora Hormetal, Pablo Ostapovich, quien trabaja junto a la Fundaci\u00f3n Mar\u00eda Guadalupe.<\/p>\n<p><em>\u201cPara que los sue\u00f1os se hagan realidad es necesario transitar el camino de los desaf\u00edos. Agradecemos el apoyo del Estado, de la intendencia y de los capitales privados. Nunca existi\u00f3 el &#8216;no se puede&#8217; para nosotros\u00bb<\/em>, concluy\u00f3 el presidente del Consejo de Administraci\u00f3n de la ONG, Eduardo Bastitta. Tambi\u00e9n pronunci\u00f3 unas palabras la subdirectora de Gesti\u00f3n Privada de la Provincia, Mar\u00eda Isabel Orsini en representaci\u00f3n del ministro bonaerense Alberto Sileoni.<\/p>\n<p><a href=\"https:\/\/nuevodigitaldeescobar.com.ar\/?attachment_id=6605\" rel=\"attachment wp-att-6605\"><img decoding=\"async\" class=\"alignnone size-full wp-image-6605\" src=\"http:\/\/nuevodigitaldeescobar.com.ar\/wp-content\/uploads\/2024\/07\/vera-penaloza-3-e1720194117143.jpg\" alt=\"\" width=\"720\" height=\"480\" \/><\/a><\/p>\n<p>Este nuevo colegio forma parte del proyecto educativo de la ONG Fundaci\u00f3n Mar\u00eda Guadalupe, que ya cuenta con una escuela en el barrio Las Tunas de Pacheco (municipio de Tigre) reconocida entre las 10 mejores instituciones educativas en el World\u00b4s Best School Prizes, que otorga la organizaci\u00f3n internacional T4Education.<\/p>\n<p>El colegio Rosario Vera Pe\u00f1aloza funciona desde marzo de 2024, brindando nivel inicial con salas de 4 y 5 a\u00f1os y nivel primario con la apertura de tres primeros grados. Est\u00e1 ubicado sobre la calle 1\u00b0 de Mayo, en un predio de 10000 metros cuadrados donado por la Municipalidad de Escobar. Ofrece jornada doble, tiene una cuota social y brinda la posibilidad de acceder a becas.<\/p>\n<p>En la primera parte de la obra se construy\u00f3 el espacio para los niveles inicial y primario adem\u00e1s de un Sal\u00f3n de Usos M\u00faltiples. En una segunda fase, se ampliar\u00e1 la superficie de la escuela primaria y se construir\u00e1 la secundaria para de esta manera alcanzar una matr\u00edcula total de 1125 alumnos y alumnas. En tanto, durante las pr\u00f3ximas semanas, se habilitar\u00e1 la inscripci\u00f3n para el jard\u00edn en el sitio web de la Fundaci\u00f3n: <a href=\"http:\/\/www.mariaguadalupe.org.ar\">www.mariaguadalupe.org.ar<\/a>.<\/p>\n","protected":false},"excerpt":{"rendered":"<p>El nuevo establecimiento p\u00fablico de gesti\u00f3n privada, que abri\u00f3 sus puertas en marzo, ofrece educaci\u00f3n inicial y primaria a m\u00e1s de 200 chicos y chicas [&hellip;]<\/p>\n","protected":false},"author":1,"featured_media":6606,"comment_status":"open","ping_status":"open","sticky":false,"template":"","format":"standard","meta":{"footnotes":""},"categories":[4],"tags":[],"class_list":["post-6602","post","type-post","status-publish","format-standard","has-post-thumbnail","hentry","category-educacion"],"better_featured_image":{"id":6606,"alt_text":"","caption":"","description":"","media_type":"image","media_details":{"width":720,"height":480,"file":"2024\/07\/vera-penaloza-4-e1720194076853.jpg","filesize":243296,"sizes":{"medium":{"file":"vera-penaloza-4-300x200.jpg","width":300,"height":200,"mime-type":"image\/jpeg","filesize":18511,"source_url":"https:\/\/nuevodigitaldeescobar.com.ar\/wp-content\/uploads\/2024\/07\/vera-penaloza-4-300x200.jpg"},"large":{"file":"vera-penaloza-4-1024x683.jpg","width":1024,"height":683,"mime-type":"image\/jpeg","filesize":128508,"source_url":"https:\/\/nuevodigitaldeescobar.com.ar\/wp-content\/uploads\/2024\/07\/vera-penaloza-4-1024x683.jpg"},"thumbnail":{"file":"vera-penaloza-4-150x150.jpg","width":150,"height":150,"mime-type":"image\/jpeg","filesize":10033,"source_url":"https:\/\/nuevodigitaldeescobar.com.ar\/wp-content\/uploads\/2024\/07\/vera-penaloza-4-150x150.jpg"},"medium_large":{"file":"vera-penaloza-4-768x512.jpg","width":768,"height":512,"mime-type":"image\/jpeg","filesize":78257,"source_url":"https:\/\/nuevodigitaldeescobar.com.ar\/wp-content\/uploads\/2024\/07\/vera-penaloza-4-768x512.jpg"}},"image_meta":{"aperture":"0","credit":"","camera":"","caption":"","created_timestamp":"0","copyright":"","focal_length":"0","iso":"0","shutter_speed":"0","title":"","orientation":"0","keywords":[]}},"post":6602,"source_url":"https:\/\/nuevodigitaldeescobar.com.ar\/wp-content\/uploads\/2024\/07\/vera-penaloza-4-e1720194076853.jpg"},"yoast_head":"<!-- This site is optimized with the Yoast SEO plugin v26.1.1 - https:\/\/yoast.com\/wordpress\/plugins\/seo\/ -->\n<title>Gar\u00edn: qued\u00f3 formalmente inaugurado el colegio Rosario Vera Pe\u00f1aloza - Nuevo Digital de Escobar<\/title>\n<meta name=\"robots\" content=\"index, follow, max-snippet:-1, max-image-preview:large, max-video-preview:-1\" \/>\n<link rel=\"canonical\" href=\"https:\/\/nuevodigitaldeescobar.com.ar\/?p=6602\" \/>\n<meta property=\"og:locale\" content=\"es_ES\" \/>\n<meta property=\"og:type\" content=\"article\" \/>\n<meta property=\"og:title\" content=\"Gar\u00edn: qued\u00f3 formalmente inaugurado el colegio Rosario Vera Pe\u00f1aloza - Nuevo Digital de Escobar\" \/>\n<meta property=\"og:description\" content=\"El nuevo establecimiento p\u00fablico de gesti\u00f3n privada, que abri\u00f3 sus puertas en marzo, ofrece educaci\u00f3n inicial y primaria a m\u00e1s de 200 chicos y chicas [&hellip;]\" \/>\n<meta property=\"og:url\" content=\"https:\/\/nuevodigitaldeescobar.com.ar\/?p=6602\" \/>\n<meta property=\"og:site_name\" content=\"Nuevo Digital de Escobar\" \/>\n<meta property=\"article:publisher\" content=\"https:\/\/www.facebook.com\/NUEVODigitalDeEscobar\" \/>\n<meta property=\"article:published_time\" content=\"2024-07-05T15:42:07+00:00\" \/>\n<meta property=\"article:modified_time\" content=\"2024-07-05T15:42:11+00:00\" \/>\n<meta property=\"og:image\" content=\"https:\/\/nuevodigitaldeescobar.com.ar\/wp-content\/uploads\/2024\/07\/vera-penaloza-4-e1720194076853.jpg\" \/>\n\t<meta property=\"og:image:width\" content=\"720\" \/>\n\t<meta property=\"og:image:height\" content=\"480\" \/>\n\t<meta property=\"og:image:type\" content=\"image\/jpeg\" \/>\n<meta name=\"author\" content=\"Redacci\u00f3n\" \/>\n<meta name=\"twitter:card\" content=\"summary_large_image\" \/>\n<meta name=\"twitter:creator\" content=\"@nuevodigescobar\" \/>\n<meta name=\"twitter:site\" content=\"@nuevodigescobar\" \/>\n<meta name=\"twitter:label1\" content=\"Escrito por\" \/>\n\t<meta name=\"twitter:data1\" content=\"Redacci\u00f3n\" \/>\n\t<meta name=\"twitter:label2\" content=\"Tiempo de lectura\" \/>\n\t<meta name=\"twitter:data2\" content=\"2 minutos\" \/>\n<script type=\"application\/ld+json\" class=\"yoast-schema-graph\">{\"@context\":\"https:\/\/schema.org\",\"@graph\":[{\"@type\":\"Article\",\"@id\":\"https:\/\/nuevodigitaldeescobar.com.ar\/?p=6602#article\",\"isPartOf\":{\"@id\":\"https:\/\/nuevodigitaldeescobar.com.ar\/?p=6602\"},\"author\":{\"name\":\"Redacci\u00f3n\",\"@id\":\"https:\/\/nuevodigitaldeescobar.com.ar\/#\/schema\/person\/035e90a8efe9a80e6eec22656ad6ea4c\"},\"headline\":\"Gar\u00edn: qued\u00f3 formalmente inaugurado el colegio Rosario Vera Pe\u00f1aloza\",\"datePublished\":\"2024-07-05T15:42:07+00:00\",\"dateModified\":\"2024-07-05T15:42:11+00:00\",\"mainEntityOfPage\":{\"@id\":\"https:\/\/nuevodigitaldeescobar.com.ar\/?p=6602\"},\"wordCount\":450,\"commentCount\":0,\"publisher\":{\"@id\":\"https:\/\/nuevodigitaldeescobar.com.ar\/#organization\"},\"image\":{\"@id\":\"https:\/\/nuevodigitaldeescobar.com.ar\/?p=6602#primaryimage\"},\"thumbnailUrl\":\"https:\/\/nuevodigitaldeescobar.com.ar\/wp-content\/uploads\/2024\/07\/vera-penaloza-4-e1720194076853.jpg\",\"articleSection\":[\"Educaci\u00f3n\"],\"inLanguage\":\"es\",\"potentialAction\":[{\"@type\":\"CommentAction\",\"name\":\"Comment\",\"target\":[\"https:\/\/nuevodigitaldeescobar.com.ar\/?p=6602#respond\"]}]},{\"@type\":\"WebPage\",\"@id\":\"https:\/\/nuevodigitaldeescobar.com.ar\/?p=6602\",\"url\":\"https:\/\/nuevodigitaldeescobar.com.ar\/?p=6602\",\"name\":\"Gar\u00edn: qued\u00f3 formalmente inaugurado el colegio Rosario Vera Pe\u00f1aloza - Nuevo Digital de Escobar\",\"isPartOf\":{\"@id\":\"https:\/\/nuevodigitaldeescobar.com.ar\/#website\"},\"primaryImageOfPage\":{\"@id\":\"https:\/\/nuevodigitaldeescobar.com.ar\/?p=6602#primaryimage\"},\"image\":{\"@id\":\"https:\/\/nuevodigitaldeescobar.com.ar\/?p=6602#primaryimage\"},\"thumbnailUrl\":\"https:\/\/nuevodigitaldeescobar.com.ar\/wp-content\/uploads\/2024\/07\/vera-penaloza-4-e1720194076853.jpg\",\"datePublished\":\"2024-07-05T15:42:07+00:00\",\"dateModified\":\"2024-07-05T15:42:11+00:00\",\"breadcrumb\":{\"@id\":\"https:\/\/nuevodigitaldeescobar.com.ar\/?p=6602#breadcrumb\"},\"inLanguage\":\"es\",\"potentialAction\":[{\"@type\":\"ReadAction\",\"target\":[\"https:\/\/nuevodigitaldeescobar.com.ar\/?p=6602\"]}]},{\"@type\":\"ImageObject\",\"inLanguage\":\"es\",\"@id\":\"https:\/\/nuevodigitaldeescobar.com.ar\/?p=6602#primaryimage\",\"url\":\"https:\/\/nuevodigitaldeescobar.com.ar\/wp-content\/uploads\/2024\/07\/vera-penaloza-4-e1720194076853.jpg\",\"contentUrl\":\"https:\/\/nuevodigitaldeescobar.com.ar\/wp-content\/uploads\/2024\/07\/vera-penaloza-4-e1720194076853.jpg\",\"width\":720,\"height\":480},{\"@type\":\"BreadcrumbList\",\"@id\":\"https:\/\/nuevodigitaldeescobar.com.ar\/?p=6602#breadcrumb\",\"itemListElement\":[{\"@type\":\"ListItem\",\"position\":1,\"name\":\"Portada\",\"item\":\"https:\/\/nuevodigitaldeescobar.com.ar\/\"},{\"@type\":\"ListItem\",\"position\":2,\"name\":\"Gar\u00edn: qued\u00f3 formalmente inaugurado el colegio Rosario Vera Pe\u00f1aloza\"}]},{\"@type\":\"WebSite\",\"@id\":\"https:\/\/nuevodigitaldeescobar.com.ar\/#website\",\"url\":\"https:\/\/nuevodigitaldeescobar.com.ar\/\",\"name\":\"Nuevo Digital de Escobar\",\"description\":\"La vida escobarense. Directora: Rosana Brunner\",\"publisher\":{\"@id\":\"https:\/\/nuevodigitaldeescobar.com.ar\/#organization\"},\"potentialAction\":[{\"@type\":\"SearchAction\",\"target\":{\"@type\":\"EntryPoint\",\"urlTemplate\":\"https:\/\/nuevodigitaldeescobar.com.ar\/?s={search_term_string}\"},\"query-input\":{\"@type\":\"PropertyValueSpecification\",\"valueRequired\":true,\"valueName\":\"search_term_string\"}}],\"inLanguage\":\"es\"},{\"@type\":\"Organization\",\"@id\":\"https:\/\/nuevodigitaldeescobar.com.ar\/#organization\",\"name\":\"Nuevo Digital de Escobar\",\"url\":\"https:\/\/nuevodigitaldeescobar.com.ar\/\",\"logo\":{\"@type\":\"ImageObject\",\"inLanguage\":\"es\",\"@id\":\"https:\/\/nuevodigitaldeescobar.com.ar\/#\/schema\/logo\/image\/\",\"url\":\"https:\/\/nuevodigitaldeescobar.com.ar\/wp-content\/uploads\/2025\/05\/cropped-logo-nuevo2.jpg\",\"contentUrl\":\"https:\/\/nuevodigitaldeescobar.com.ar\/wp-content\/uploads\/2025\/05\/cropped-logo-nuevo2.jpg\",\"width\":305,\"height\":305,\"caption\":\"Nuevo Digital de Escobar\"},\"image\":{\"@id\":\"https:\/\/nuevodigitaldeescobar.com.ar\/#\/schema\/logo\/image\/\"},\"sameAs\":[\"https:\/\/www.facebook.com\/NUEVODigitalDeEscobar\",\"https:\/\/x.com\/nuevodigescobar\",\"https:\/\/www.instagram.com\/nuevodigitaldeescobar\"]},{\"@type\":\"Person\",\"@id\":\"https:\/\/nuevodigitaldeescobar.com.ar\/#\/schema\/person\/035e90a8efe9a80e6eec22656ad6ea4c\",\"name\":\"Redacci\u00f3n\",\"image\":{\"@type\":\"ImageObject\",\"inLanguage\":\"es\",\"@id\":\"https:\/\/nuevodigitaldeescobar.com.ar\/#\/schema\/person\/image\/\",\"url\":\"https:\/\/secure.gravatar.com\/avatar\/8af8f40000c24e9eef3034f2be5998a372bb1389e64b1a4a36b3a7979142220d?s=96&d=mm&r=g\",\"contentUrl\":\"https:\/\/secure.gravatar.com\/avatar\/8af8f40000c24e9eef3034f2be5998a372bb1389e64b1a4a36b3a7979142220d?s=96&d=mm&r=g\",\"caption\":\"Redacci\u00f3n\"},\"sameAs\":[\"http:\/\/nuevodigitaldeescobar.com.ar\"],\"url\":\"https:\/\/nuevodigitaldeescobar.com.ar\/?author=1\"}]}<\/script>\n<!-- \/ Yoast SEO plugin. -->","yoast_head_json":{"title":"Gar\u00edn: qued\u00f3 formalmente inaugurado el colegio Rosario Vera Pe\u00f1aloza - Nuevo Digital de Escobar","robots":{"index":"index","follow":"follow","max-snippet":"max-snippet:-1","max-image-preview":"max-image-preview:large","max-video-preview":"max-video-preview:-1"},"canonical":"https:\/\/nuevodigitaldeescobar.com.ar\/?p=6602","og_locale":"es_ES","og_type":"article","og_title":"Gar\u00edn: qued\u00f3 formalmente inaugurado el colegio Rosario Vera Pe\u00f1aloza - Nuevo Digital de Escobar","og_description":"El nuevo establecimiento p\u00fablico de gesti\u00f3n privada, que abri\u00f3 sus puertas en marzo, ofrece educaci\u00f3n inicial y primaria a m\u00e1s de 200 chicos y chicas [&hellip;]","og_url":"https:\/\/nuevodigitaldeescobar.com.ar\/?p=6602","og_site_name":"Nuevo Digital de Escobar","article_publisher":"https:\/\/www.facebook.com\/NUEVODigitalDeEscobar","article_published_time":"2024-07-05T15:42:07+00:00","article_modified_time":"2024-07-05T15:42:11+00:00","og_image":[{"width":720,"height":480,"url":"https:\/\/nuevodigitaldeescobar.com.ar\/wp-content\/uploads\/2024\/07\/vera-penaloza-4-e1720194076853.jpg","type":"image\/jpeg"}],"author":"Redacci\u00f3n","twitter_card":"summary_large_image","twitter_creator":"@nuevodigescobar","twitter_site":"@nuevodigescobar","twitter_misc":{"Escrito por":"Redacci\u00f3n","Tiempo de lectura":"2 minutos"},"schema":{"@context":"https:\/\/schema.org","@graph":[{"@type":"Article","@id":"https:\/\/nuevodigitaldeescobar.com.ar\/?p=6602#article","isPartOf":{"@id":"https:\/\/nuevodigitaldeescobar.com.ar\/?p=6602"},"author":{"name":"Redacci\u00f3n","@id":"https:\/\/nuevodigitaldeescobar.com.ar\/#\/schema\/person\/035e90a8efe9a80e6eec22656ad6ea4c"},"headline":"Gar\u00edn: qued\u00f3 formalmente inaugurado el colegio Rosario Vera Pe\u00f1aloza","datePublished":"2024-07-05T15:42:07+00:00","dateModified":"2024-07-05T15:42:11+00:00","mainEntityOfPage":{"@id":"https:\/\/nuevodigitaldeescobar.com.ar\/?p=6602"},"wordCount":450,"commentCount":0,"publisher":{"@id":"https:\/\/nuevodigitaldeescobar.com.ar\/#organization"},"image":{"@id":"https:\/\/nuevodigitaldeescobar.com.ar\/?p=6602#primaryimage"},"thumbnailUrl":"https:\/\/nuevodigitaldeescobar.com.ar\/wp-content\/uploads\/2024\/07\/vera-penaloza-4-e1720194076853.jpg","articleSection":["Educaci\u00f3n"],"inLanguage":"es","potentialAction":[{"@type":"CommentAction","name":"Comment","target":["https:\/\/nuevodigitaldeescobar.com.ar\/?p=6602#respond"]}]},{"@type":"WebPage","@id":"https:\/\/nuevodigitaldeescobar.com.ar\/?p=6602","url":"https:\/\/nuevodigitaldeescobar.com.ar\/?p=6602","name":"Gar\u00edn: qued\u00f3 formalmente inaugurado el colegio Rosario Vera Pe\u00f1aloza - Nuevo Digital de Escobar","isPartOf":{"@id":"https:\/\/nuevodigitaldeescobar.com.ar\/#website"},"primaryImageOfPage":{"@id":"https:\/\/nuevodigitaldeescobar.com.ar\/?p=6602#primaryimage"},"image":{"@id":"https:\/\/nuevodigitaldeescobar.com.ar\/?p=6602#primaryimage"},"thumbnailUrl":"https:\/\/nuevodigitaldeescobar.com.ar\/wp-content\/uploads\/2024\/07\/vera-penaloza-4-e1720194076853.jpg","datePublished":"2024-07-05T15:42:07+00:00","dateModified":"2024-07-05T15:42:11+00:00","breadcrumb":{"@id":"https:\/\/nuevodigitaldeescobar.com.ar\/?p=6602#breadcrumb"},"inLanguage":"es","potentialAction":[{"@type":"ReadAction","target":["https:\/\/nuevodigitaldeescobar.com.ar\/?p=6602"]}]},{"@type":"ImageObject","inLanguage":"es","@id":"https:\/\/nuevodigitaldeescobar.com.ar\/?p=6602#primaryimage","url":"https:\/\/nuevodigitaldeescobar.com.ar\/wp-content\/uploads\/2024\/07\/vera-penaloza-4-e1720194076853.jpg","contentUrl":"https:\/\/nuevodigitaldeescobar.com.ar\/wp-content\/uploads\/2024\/07\/vera-penaloza-4-e1720194076853.jpg","width":720,"height":480},{"@type":"BreadcrumbList","@id":"https:\/\/nuevodigitaldeescobar.com.ar\/?p=6602#breadcrumb","itemListElement":[{"@type":"ListItem","position":1,"name":"Portada","item":"https:\/\/nuevodigitaldeescobar.com.ar\/"},{"@type":"ListItem","position":2,"name":"Gar\u00edn: qued\u00f3 formalmente inaugurado el colegio Rosario Vera Pe\u00f1aloza"}]},{"@type":"WebSite","@id":"https:\/\/nuevodigitaldeescobar.com.ar\/#website","url":"https:\/\/nuevodigitaldeescobar.com.ar\/","name":"Nuevo Digital de Escobar","description":"La vida escobarense. Directora: Rosana Brunner","publisher":{"@id":"https:\/\/nuevodigitaldeescobar.com.ar\/#organization"},"potentialAction":[{"@type":"SearchAction","target":{"@type":"EntryPoint","urlTemplate":"https:\/\/nuevodigitaldeescobar.com.ar\/?s={search_term_string}"},"query-input":{"@type":"PropertyValueSpecification","valueRequired":true,"valueName":"search_term_string"}}],"inLanguage":"es"},{"@type":"Organization","@id":"https:\/\/nuevodigitaldeescobar.com.ar\/#organization","name":"Nuevo Digital de Escobar","url":"https:\/\/nuevodigitaldeescobar.com.ar\/","logo":{"@type":"ImageObject","inLanguage":"es","@id":"https:\/\/nuevodigitaldeescobar.com.ar\/#\/schema\/logo\/image\/","url":"https:\/\/nuevodigitaldeescobar.com.ar\/wp-content\/uploads\/2025\/05\/cropped-logo-nuevo2.jpg","contentUrl":"https:\/\/nuevodigitaldeescobar.com.ar\/wp-content\/uploads\/2025\/05\/cropped-logo-nuevo2.jpg","width":305,"height":305,"caption":"Nuevo Digital de Escobar"},"image":{"@id":"https:\/\/nuevodigitaldeescobar.com.ar\/#\/schema\/logo\/image\/"},"sameAs":["https:\/\/www.facebook.com\/NUEVODigitalDeEscobar","https:\/\/x.com\/nuevodigescobar","https:\/\/www.instagram.com\/nuevodigitaldeescobar"]},{"@type":"Person","@id":"https:\/\/nuevodigitaldeescobar.com.ar\/#\/schema\/person\/035e90a8efe9a80e6eec22656ad6ea4c","name":"Redacci\u00f3n","image":{"@type":"ImageObject","inLanguage":"es","@id":"https:\/\/nuevodigitaldeescobar.com.ar\/#\/schema\/person\/image\/","url":"https:\/\/secure.gravatar.com\/avatar\/8af8f40000c24e9eef3034f2be5998a372bb1389e64b1a4a36b3a7979142220d?s=96&d=mm&r=g","contentUrl":"https:\/\/secure.gravatar.com\/avatar\/8af8f40000c24e9eef3034f2be5998a372bb1389e64b1a4a36b3a7979142220d?s=96&d=mm&r=g","caption":"Redacci\u00f3n"},"sameAs":["http:\/\/nuevodigitaldeescobar.com.ar"],"url":"https:\/\/nuevodigitaldeescobar.com.ar\/?author=1"}]}},"featured_image_urls":{"full":["https:\/\/nuevodigitaldeescobar.com.ar\/wp-content\/uploads\/2024\/07\/vera-penaloza-4-e1720194076853.jpg",720,480,false],"thumbnail":["https:\/\/nuevodigitaldeescobar.com.ar\/wp-content\/uploads\/2024\/07\/vera-penaloza-4-150x150.jpg",150,150,true],"medium":["https:\/\/nuevodigitaldeescobar.com.ar\/wp-content\/uploads\/2024\/07\/vera-penaloza-4-300x200.jpg",300,200,true],"medium_large":["https:\/\/nuevodigitaldeescobar.com.ar\/wp-content\/uploads\/2024\/07\/vera-penaloza-4-768x512.jpg",640,427,true],"large":["https:\/\/nuevodigitaldeescobar.com.ar\/wp-content\/uploads\/2024\/07\/vera-penaloza-4-1024x683.jpg",640,427,true],"1536x1536":["https:\/\/nuevodigitaldeescobar.com.ar\/wp-content\/uploads\/2024\/07\/vera-penaloza-4-e1720194076853.jpg",720,480,false],"2048x2048":["https:\/\/nuevodigitaldeescobar.com.ar\/wp-content\/uploads\/2024\/07\/vera-penaloza-4-e1720194076853.jpg",720,480,false]},"author_info":{"display_name":"Redacci\u00f3n","author_link":"https:\/\/nuevodigitaldeescobar.com.ar\/?author=1"},"category_info":"<a href=\"https:\/\/nuevodigitaldeescobar.com.ar\/?cat=4\" rel=\"category\">Educaci\u00f3n<\/a>","tag_info":"Educaci\u00f3n","comment_count":"0","_links":{"self":[{"href":"https:\/\/nuevodigitaldeescobar.com.ar\/index.php?rest_route=\/wp\/v2\/posts\/6602","targetHints":{"allow":["GET"]}}],"collection":[{"href":"https:\/\/nuevodigitaldeescobar.com.ar\/index.php?rest_route=\/wp\/v2\/posts"}],"about":[{"href":"https:\/\/nuevodigitaldeescobar.com.ar\/index.php?rest_route=\/wp\/v2\/types\/post"}],"author":[{"embeddable":true,"href":"https:\/\/nuevodigitaldeescobar.com.ar\/index.php?rest_route=\/wp\/v2\/users\/1"}],"replies":[{"embeddable":true,"href":"https:\/\/nuevodigitaldeescobar.com.ar\/index.php?rest_route=%2Fwp%2Fv2%2Fcomments&post=6602"}],"version-history":[{"count":1,"href":"https:\/\/nuevodigitaldeescobar.com.ar\/index.php?rest_route=\/wp\/v2\/posts\/6602\/revisions"}],"predecessor-version":[{"id":6607,"href":"https:\/\/nuevodigitaldeescobar.com.ar\/index.php?rest_route=\/wp\/v2\/posts\/6602\/revisions\/6607"}],"wp:featuredmedia":[{"embeddable":true,"href":"https:\/\/nuevodigitaldeescobar.com.ar\/index.php?rest_route=\/wp\/v2\/media\/6606"}],"wp:attachment":[{"href":"https:\/\/nuevodigitaldeescobar.com.ar\/index.php?rest_route=%2Fwp%2Fv2%2Fmedia&parent=6602"}],"wp:term":[{"taxonomy":"category","embeddable":true,"href":"https:\/\/nuevodigitaldeescobar.com.ar\/index.php?rest_route=%2Fwp%2Fv2%2Fcategories&post=6602"},{"taxonomy":"post_tag","embeddable":true,"href":"https:\/\/nuevodigitaldeescobar.com.ar\/index.php?rest_route=%2Fwp%2Fv2%2Ftags&post=6602"}],"curies":[{"name":"wp","href":"https:\/\/api.w.org\/{rel}","templated":true}]}}