{"id":6659,"date":"2024-07-08T12:29:17","date_gmt":"2024-07-08T15:29:17","guid":{"rendered":"https:\/\/nuevodigitaldeescobar.com.ar\/?p=6659"},"modified":"2024-07-08T12:29:29","modified_gmt":"2024-07-08T15:29:29","slug":"el-gobierno-confirmo-que-pagara-los-juicios-de-jubilados-con-sentencia-firme-por-reajuste-de-haberes","status":"publish","type":"post","link":"https:\/\/nuevodigitaldeescobar.com.ar\/?p=6659","title":{"rendered":"El Gobierno confirm\u00f3 que pagar\u00e1 los juicios de jubilados con sentencia firme por reajuste de haberes"},"content":{"rendered":"<p><span style=\"color: #003366;\"><strong><em>El titular de ANSES, Mariano De los Heros, se\u00f1al\u00f3 que buscar\u00e1n acelerar el pago de juicios por reajuste de haberes. De este modo, pretenden que sea un alivio inmediato a miles de jubilados que han esperado durante a\u00f1os para ver reflejados los ajustes en sus haberes.<\/em><\/strong><\/span><\/p>\n<p><!--more--><\/p>\n<hr \/>\n<p>La Administraci\u00f3n Nacional de la Seguridad Social (ANSES) asegur\u00f3 que empezar\u00e1 a pagar los juicios de los jubilados que tengan sentencia firme por reajustes de haberes y destac\u00f3 que se fij\u00f3 un plazo para pagar los ajustes retroactivos, acumulados desde el momento del reclamo.<\/p>\n<p>El director ejecutivo de la ANSES, Mariano De Los Heros, detall\u00f3 c\u00f3mo es esta iniciativa del gobierno de Javier Milei para tratar de acelerar el pago de juicios por reajuste de haberes a jubilados. Seg\u00fan indicaron, pretenden ofrecer un alivio inmediato a miles de jubilados que han esperado durante a\u00f1os para ver reflejados los ajustes en sus haberes.<\/p>\n<p><em>\u00abLe vamos a empezar a cambiar la vida a nuestros jubilados a partir del momento que obtienen una sentencia judicial, no vamos a hacerlos esperar como durante d\u00e9cadas se hizo\u00bb<\/em>, afirm\u00f3 De Los Heros en una nota radial.<\/p>\n<p>Cabe destacar que, hasta el momento, una sentencia firme implica dos componentes: por un lado, el reajuste del haber mensual y, por el otro, el pago del retroactivo acumulado. Con este nuevo plan, se plantea un cambio significativo. <em>\u00abVamos a pagar los ajustes en los haberes mensuales una vez que haya sentencia firme\u00bb<\/em>, recalc\u00f3 De Los Heros. De este modo, los jubilados comenzar\u00e1n a recibir el monto reajustado de forma inmediata.<\/p>\n<p>En tanto, se\u00f1alaron que el retroactivo, el monto acumulado desde dos a\u00f1os antes del inicio del juicio hasta la obtenci\u00f3n de la sentencia firme, tambi\u00e9n ser\u00e1 pagado, pero en un proceso separado y posterior. <em>\u00abEl retroactivo te queda pendiente, no es que lo perd\u00e9s\u00bb<\/em>, aclar\u00f3 De Los Heros. En esa l\u00ednea, indicaron que los jubilados comenzar\u00e1n a cobrar el reajuste mensual, lo que representa un alivio econ\u00f3mico inmediato.<\/p>\n<p>Con esta iniciativa, no s\u00f3lo se busca beneficiar a los jubilados, sino tambi\u00e9n reducir el gasto estatal en honorarios e intereses que se acumulan debido a las demoras en los pagos. <em>\u00abEsto nos va a permitir bajar el gasto que tiene el proceso en pago de prejuicios\u00bb<\/em>, subray\u00f3 el titular de Anses.<\/p>\n<p>De Los Heros advirti\u00f3 que hay un stock de m\u00e1s de 90 mil jubilados con sentencias firmes pendientes de pago. Con este plan, el gobierno busca subsanar esta deuda antes de que termine 2025. <em>\u00abHacia agosto o septiembre del a\u00f1o pr\u00f3ximo vamos a tener pagado el reajuste de los haberes mensuales de 92 mil juicios que tenemos\u00bb<\/em>, detall\u00f3 De Los Heros.<\/p>\n<p>Durante 2024, se estima que unos 5.340 jubilados ya obtuvieron sentencias firmes con un aumento promedio de 112 mil pesos en sus haberes. Este aumento representa una diferencia del 32% con la jubilaci\u00f3n actual, lo que significar\u00e1 una mejora significativa en la calidad de vida de estos jubilados.<\/p>\n<p>Por su parte, desde ANSES indicaron que el proceso de ajuste ser\u00e1 autom\u00e1tico, sin necesidad de que los jubilados realicen tr\u00e1mites adicionales: <em>\u00abEl proceso es autom\u00e1tico, no se requiere del jubilado ni de su abogado ninguna prescripci\u00f3n\u00bb<\/em>, resalt\u00f3.<\/p>\n<p>Con esta iniciativa, ANSES y el Gobierno buscan un cambio cultural y administrativo para reconocer los derechos de los jubilados, sobre todo de quienes aportaron al sistema durante m\u00e1s de tres d\u00e9cadas: <em>\u00abEstos adultos mayores que est\u00e1n pidiendo que se les reconozca su derecho de reajuste han aportado 30 a\u00f1os o m\u00e1s de aportes\u00bb<\/em>, sentenci\u00f3 De Los Heros.<\/p>\n<p><em>(Cr\u00f3nica)<\/em><\/p>\n","protected":false},"excerpt":{"rendered":"<p>El titular de ANSES, Mariano De los Heros, se\u00f1al\u00f3 que buscar\u00e1n acelerar el pago de juicios por reajuste de haberes. De este modo, pretenden que [&hellip;]<\/p>\n","protected":false},"author":1,"featured_media":6660,"comment_status":"open","ping_status":"open","sticky":false,"template":"","format":"standard","meta":{"footnotes":""},"categories":[10,61,15],"tags":[],"class_list":["post-6659","post","type-post","status-publish","format-standard","has-post-thumbnail","hentry","category-economia","category-nacionales","category-sociedad"],"better_featured_image":{"id":6660,"alt_text":"","caption":"","description":"","media_type":"image","media_details":{"width":720,"height":405,"file":"2024\/07\/anses-jubilados-1-e1720452548751.jpg","filesize":87940,"sizes":{"medium":{"file":"anses-jubilados-1-300x169.jpg","width":300,"height":169,"mime-type":"image\/jpeg","filesize":14203,"source_url":"https:\/\/nuevodigitaldeescobar.com.ar\/wp-content\/uploads\/2024\/07\/anses-jubilados-1-300x169.jpg"},"thumbnail":{"file":"anses-jubilados-1-150x150.jpg","width":150,"height":150,"mime-type":"image\/jpeg","filesize":6982,"source_url":"https:\/\/nuevodigitaldeescobar.com.ar\/wp-content\/uploads\/2024\/07\/anses-jubilados-1-150x150.jpg"}},"image_meta":{"aperture":"0","credit":"","camera":"","caption":"","created_timestamp":"0","copyright":"","focal_length":"0","iso":"0","shutter_speed":"0","title":"","orientation":"0","keywords":[]}},"post":6659,"source_url":"https:\/\/nuevodigitaldeescobar.com.ar\/wp-content\/uploads\/2024\/07\/anses-jubilados-1-e1720452548751.jpg"},"yoast_head":"<!-- This site is optimized with the Yoast SEO plugin v26.1.1 - https:\/\/yoast.com\/wordpress\/plugins\/seo\/ -->\n<title>El Gobierno confirm\u00f3 que pagar\u00e1 los juicios de jubilados con sentencia firme por reajuste de haberes - Nuevo Digital de Escobar<\/title>\n<meta name=\"robots\" content=\"index, follow, max-snippet:-1, max-image-preview:large, max-video-preview:-1\" \/>\n<link rel=\"canonical\" href=\"https:\/\/nuevodigitaldeescobar.com.ar\/?p=6659\" \/>\n<meta property=\"og:locale\" content=\"es_ES\" \/>\n<meta property=\"og:type\" content=\"article\" \/>\n<meta property=\"og:title\" content=\"El Gobierno confirm\u00f3 que pagar\u00e1 los juicios de jubilados con sentencia firme por reajuste de haberes - Nuevo Digital de Escobar\" \/>\n<meta property=\"og:description\" content=\"El titular de ANSES, Mariano De los Heros, se\u00f1al\u00f3 que buscar\u00e1n acelerar el pago de juicios por reajuste de haberes. De este modo, pretenden que [&hellip;]\" \/>\n<meta property=\"og:url\" content=\"https:\/\/nuevodigitaldeescobar.com.ar\/?p=6659\" \/>\n<meta property=\"og:site_name\" content=\"Nuevo Digital de Escobar\" \/>\n<meta property=\"article:publisher\" content=\"https:\/\/www.facebook.com\/NUEVODigitalDeEscobar\" \/>\n<meta property=\"article:published_time\" content=\"2024-07-08T15:29:17+00:00\" \/>\n<meta property=\"article:modified_time\" content=\"2024-07-08T15:29:29+00:00\" \/>\n<meta property=\"og:image\" content=\"https:\/\/nuevodigitaldeescobar.com.ar\/wp-content\/uploads\/2024\/07\/anses-jubilados-1-e1720452548751.jpg\" \/>\n\t<meta property=\"og:image:width\" content=\"720\" \/>\n\t<meta property=\"og:image:height\" content=\"405\" \/>\n\t<meta property=\"og:image:type\" content=\"image\/jpeg\" \/>\n<meta name=\"author\" content=\"Redacci\u00f3n\" \/>\n<meta name=\"twitter:card\" content=\"summary_large_image\" \/>\n<meta name=\"twitter:creator\" content=\"@nuevodigescobar\" \/>\n<meta name=\"twitter:site\" content=\"@nuevodigescobar\" \/>\n<meta name=\"twitter:label1\" content=\"Escrito por\" \/>\n\t<meta name=\"twitter:data1\" content=\"Redacci\u00f3n\" \/>\n\t<meta name=\"twitter:label2\" content=\"Tiempo de lectura\" \/>\n\t<meta name=\"twitter:data2\" content=\"3 minutos\" \/>\n<script type=\"application\/ld+json\" class=\"yoast-schema-graph\">{\"@context\":\"https:\/\/schema.org\",\"@graph\":[{\"@type\":\"Article\",\"@id\":\"https:\/\/nuevodigitaldeescobar.com.ar\/?p=6659#article\",\"isPartOf\":{\"@id\":\"https:\/\/nuevodigitaldeescobar.com.ar\/?p=6659\"},\"author\":{\"name\":\"Redacci\u00f3n\",\"@id\":\"https:\/\/nuevodigitaldeescobar.com.ar\/#\/schema\/person\/035e90a8efe9a80e6eec22656ad6ea4c\"},\"headline\":\"El Gobierno confirm\u00f3 que pagar\u00e1 los juicios de jubilados con sentencia firme por reajuste de haberes\",\"datePublished\":\"2024-07-08T15:29:17+00:00\",\"dateModified\":\"2024-07-08T15:29:29+00:00\",\"mainEntityOfPage\":{\"@id\":\"https:\/\/nuevodigitaldeescobar.com.ar\/?p=6659\"},\"wordCount\":624,\"commentCount\":0,\"publisher\":{\"@id\":\"https:\/\/nuevodigitaldeescobar.com.ar\/#organization\"},\"image\":{\"@id\":\"https:\/\/nuevodigitaldeescobar.com.ar\/?p=6659#primaryimage\"},\"thumbnailUrl\":\"https:\/\/nuevodigitaldeescobar.com.ar\/wp-content\/uploads\/2024\/07\/anses-jubilados-1-e1720452548751.jpg\",\"articleSection\":[\"Econom\u00eda\",\"Nacionales\",\"Sociedad\"],\"inLanguage\":\"es\",\"potentialAction\":[{\"@type\":\"CommentAction\",\"name\":\"Comment\",\"target\":[\"https:\/\/nuevodigitaldeescobar.com.ar\/?p=6659#respond\"]}]},{\"@type\":\"WebPage\",\"@id\":\"https:\/\/nuevodigitaldeescobar.com.ar\/?p=6659\",\"url\":\"https:\/\/nuevodigitaldeescobar.com.ar\/?p=6659\",\"name\":\"El Gobierno confirm\u00f3 que pagar\u00e1 los juicios de jubilados con sentencia firme por reajuste de haberes - Nuevo Digital de Escobar\",\"isPartOf\":{\"@id\":\"https:\/\/nuevodigitaldeescobar.com.ar\/#website\"},\"primaryImageOfPage\":{\"@id\":\"https:\/\/nuevodigitaldeescobar.com.ar\/?p=6659#primaryimage\"},\"image\":{\"@id\":\"https:\/\/nuevodigitaldeescobar.com.ar\/?p=6659#primaryimage\"},\"thumbnailUrl\":\"https:\/\/nuevodigitaldeescobar.com.ar\/wp-content\/uploads\/2024\/07\/anses-jubilados-1-e1720452548751.jpg\",\"datePublished\":\"2024-07-08T15:29:17+00:00\",\"dateModified\":\"2024-07-08T15:29:29+00:00\",\"breadcrumb\":{\"@id\":\"https:\/\/nuevodigitaldeescobar.com.ar\/?p=6659#breadcrumb\"},\"inLanguage\":\"es\",\"potentialAction\":[{\"@type\":\"ReadAction\",\"target\":[\"https:\/\/nuevodigitaldeescobar.com.ar\/?p=6659\"]}]},{\"@type\":\"ImageObject\",\"inLanguage\":\"es\",\"@id\":\"https:\/\/nuevodigitaldeescobar.com.ar\/?p=6659#primaryimage\",\"url\":\"https:\/\/nuevodigitaldeescobar.com.ar\/wp-content\/uploads\/2024\/07\/anses-jubilados-1-e1720452548751.jpg\",\"contentUrl\":\"https:\/\/nuevodigitaldeescobar.com.ar\/wp-content\/uploads\/2024\/07\/anses-jubilados-1-e1720452548751.jpg\",\"width\":720,\"height\":405},{\"@type\":\"BreadcrumbList\",\"@id\":\"https:\/\/nuevodigitaldeescobar.com.ar\/?p=6659#breadcrumb\",\"itemListElement\":[{\"@type\":\"ListItem\",\"position\":1,\"name\":\"Portada\",\"item\":\"https:\/\/nuevodigitaldeescobar.com.ar\/\"},{\"@type\":\"ListItem\",\"position\":2,\"name\":\"El Gobierno confirm\u00f3 que pagar\u00e1 los juicios de jubilados con sentencia firme por reajuste de haberes\"}]},{\"@type\":\"WebSite\",\"@id\":\"https:\/\/nuevodigitaldeescobar.com.ar\/#website\",\"url\":\"https:\/\/nuevodigitaldeescobar.com.ar\/\",\"name\":\"Nuevo Digital de Escobar\",\"description\":\"La vida escobarense. Directora: Rosana Brunner\",\"publisher\":{\"@id\":\"https:\/\/nuevodigitaldeescobar.com.ar\/#organization\"},\"potentialAction\":[{\"@type\":\"SearchAction\",\"target\":{\"@type\":\"EntryPoint\",\"urlTemplate\":\"https:\/\/nuevodigitaldeescobar.com.ar\/?s={search_term_string}\"},\"query-input\":{\"@type\":\"PropertyValueSpecification\",\"valueRequired\":true,\"valueName\":\"search_term_string\"}}],\"inLanguage\":\"es\"},{\"@type\":\"Organization\",\"@id\":\"https:\/\/nuevodigitaldeescobar.com.ar\/#organization\",\"name\":\"Nuevo Digital de Escobar\",\"url\":\"https:\/\/nuevodigitaldeescobar.com.ar\/\",\"logo\":{\"@type\":\"ImageObject\",\"inLanguage\":\"es\",\"@id\":\"https:\/\/nuevodigitaldeescobar.com.ar\/#\/schema\/logo\/image\/\",\"url\":\"https:\/\/nuevodigitaldeescobar.com.ar\/wp-content\/uploads\/2025\/05\/cropped-logo-nuevo2.jpg\",\"contentUrl\":\"https:\/\/nuevodigitaldeescobar.com.ar\/wp-content\/uploads\/2025\/05\/cropped-logo-nuevo2.jpg\",\"width\":305,\"height\":305,\"caption\":\"Nuevo Digital de Escobar\"},\"image\":{\"@id\":\"https:\/\/nuevodigitaldeescobar.com.ar\/#\/schema\/logo\/image\/\"},\"sameAs\":[\"https:\/\/www.facebook.com\/NUEVODigitalDeEscobar\",\"https:\/\/x.com\/nuevodigescobar\",\"https:\/\/www.instagram.com\/nuevodigitaldeescobar\"]},{\"@type\":\"Person\",\"@id\":\"https:\/\/nuevodigitaldeescobar.com.ar\/#\/schema\/person\/035e90a8efe9a80e6eec22656ad6ea4c\",\"name\":\"Redacci\u00f3n\",\"image\":{\"@type\":\"ImageObject\",\"inLanguage\":\"es\",\"@id\":\"https:\/\/nuevodigitaldeescobar.com.ar\/#\/schema\/person\/image\/\",\"url\":\"https:\/\/secure.gravatar.com\/avatar\/8af8f40000c24e9eef3034f2be5998a372bb1389e64b1a4a36b3a7979142220d?s=96&d=mm&r=g\",\"contentUrl\":\"https:\/\/secure.gravatar.com\/avatar\/8af8f40000c24e9eef3034f2be5998a372bb1389e64b1a4a36b3a7979142220d?s=96&d=mm&r=g\",\"caption\":\"Redacci\u00f3n\"},\"sameAs\":[\"http:\/\/nuevodigitaldeescobar.com.ar\"],\"url\":\"https:\/\/nuevodigitaldeescobar.com.ar\/?author=1\"}]}<\/script>\n<!-- \/ Yoast SEO plugin. -->","yoast_head_json":{"title":"El Gobierno confirm\u00f3 que pagar\u00e1 los juicios de jubilados con sentencia firme por reajuste de haberes - Nuevo Digital de Escobar","robots":{"index":"index","follow":"follow","max-snippet":"max-snippet:-1","max-image-preview":"max-image-preview:large","max-video-preview":"max-video-preview:-1"},"canonical":"https:\/\/nuevodigitaldeescobar.com.ar\/?p=6659","og_locale":"es_ES","og_type":"article","og_title":"El Gobierno confirm\u00f3 que pagar\u00e1 los juicios de jubilados con sentencia firme por reajuste de haberes - Nuevo Digital de Escobar","og_description":"El titular de ANSES, Mariano De los Heros, se\u00f1al\u00f3 que buscar\u00e1n acelerar el pago de juicios por reajuste de haberes. De este modo, pretenden que [&hellip;]","og_url":"https:\/\/nuevodigitaldeescobar.com.ar\/?p=6659","og_site_name":"Nuevo Digital de Escobar","article_publisher":"https:\/\/www.facebook.com\/NUEVODigitalDeEscobar","article_published_time":"2024-07-08T15:29:17+00:00","article_modified_time":"2024-07-08T15:29:29+00:00","og_image":[{"width":720,"height":405,"url":"https:\/\/nuevodigitaldeescobar.com.ar\/wp-content\/uploads\/2024\/07\/anses-jubilados-1-e1720452548751.jpg","type":"image\/jpeg"}],"author":"Redacci\u00f3n","twitter_card":"summary_large_image","twitter_creator":"@nuevodigescobar","twitter_site":"@nuevodigescobar","twitter_misc":{"Escrito por":"Redacci\u00f3n","Tiempo de lectura":"3 minutos"},"schema":{"@context":"https:\/\/schema.org","@graph":[{"@type":"Article","@id":"https:\/\/nuevodigitaldeescobar.com.ar\/?p=6659#article","isPartOf":{"@id":"https:\/\/nuevodigitaldeescobar.com.ar\/?p=6659"},"author":{"name":"Redacci\u00f3n","@id":"https:\/\/nuevodigitaldeescobar.com.ar\/#\/schema\/person\/035e90a8efe9a80e6eec22656ad6ea4c"},"headline":"El Gobierno confirm\u00f3 que pagar\u00e1 los juicios de jubilados con sentencia firme por reajuste de haberes","datePublished":"2024-07-08T15:29:17+00:00","dateModified":"2024-07-08T15:29:29+00:00","mainEntityOfPage":{"@id":"https:\/\/nuevodigitaldeescobar.com.ar\/?p=6659"},"wordCount":624,"commentCount":0,"publisher":{"@id":"https:\/\/nuevodigitaldeescobar.com.ar\/#organization"},"image":{"@id":"https:\/\/nuevodigitaldeescobar.com.ar\/?p=6659#primaryimage"},"thumbnailUrl":"https:\/\/nuevodigitaldeescobar.com.ar\/wp-content\/uploads\/2024\/07\/anses-jubilados-1-e1720452548751.jpg","articleSection":["Econom\u00eda","Nacionales","Sociedad"],"inLanguage":"es","potentialAction":[{"@type":"CommentAction","name":"Comment","target":["https:\/\/nuevodigitaldeescobar.com.ar\/?p=6659#respond"]}]},{"@type":"WebPage","@id":"https:\/\/nuevodigitaldeescobar.com.ar\/?p=6659","url":"https:\/\/nuevodigitaldeescobar.com.ar\/?p=6659","name":"El Gobierno confirm\u00f3 que pagar\u00e1 los juicios de jubilados con sentencia firme por reajuste de haberes - Nuevo Digital de Escobar","isPartOf":{"@id":"https:\/\/nuevodigitaldeescobar.com.ar\/#website"},"primaryImageOfPage":{"@id":"https:\/\/nuevodigitaldeescobar.com.ar\/?p=6659#primaryimage"},"image":{"@id":"https:\/\/nuevodigitaldeescobar.com.ar\/?p=6659#primaryimage"},"thumbnailUrl":"https:\/\/nuevodigitaldeescobar.com.ar\/wp-content\/uploads\/2024\/07\/anses-jubilados-1-e1720452548751.jpg","datePublished":"2024-07-08T15:29:17+00:00","dateModified":"2024-07-08T15:29:29+00:00","breadcrumb":{"@id":"https:\/\/nuevodigitaldeescobar.com.ar\/?p=6659#breadcrumb"},"inLanguage":"es","potentialAction":[{"@type":"ReadAction","target":["https:\/\/nuevodigitaldeescobar.com.ar\/?p=6659"]}]},{"@type":"ImageObject","inLanguage":"es","@id":"https:\/\/nuevodigitaldeescobar.com.ar\/?p=6659#primaryimage","url":"https:\/\/nuevodigitaldeescobar.com.ar\/wp-content\/uploads\/2024\/07\/anses-jubilados-1-e1720452548751.jpg","contentUrl":"https:\/\/nuevodigitaldeescobar.com.ar\/wp-content\/uploads\/2024\/07\/anses-jubilados-1-e1720452548751.jpg","width":720,"height":405},{"@type":"BreadcrumbList","@id":"https:\/\/nuevodigitaldeescobar.com.ar\/?p=6659#breadcrumb","itemListElement":[{"@type":"ListItem","position":1,"name":"Portada","item":"https:\/\/nuevodigitaldeescobar.com.ar\/"},{"@type":"ListItem","position":2,"name":"El Gobierno confirm\u00f3 que pagar\u00e1 los juicios de jubilados con sentencia firme por reajuste de haberes"}]},{"@type":"WebSite","@id":"https:\/\/nuevodigitaldeescobar.com.ar\/#website","url":"https:\/\/nuevodigitaldeescobar.com.ar\/","name":"Nuevo Digital de Escobar","description":"La vida escobarense. Directora: Rosana Brunner","publisher":{"@id":"https:\/\/nuevodigitaldeescobar.com.ar\/#organization"},"potentialAction":[{"@type":"SearchAction","target":{"@type":"EntryPoint","urlTemplate":"https:\/\/nuevodigitaldeescobar.com.ar\/?s={search_term_string}"},"query-input":{"@type":"PropertyValueSpecification","valueRequired":true,"valueName":"search_term_string"}}],"inLanguage":"es"},{"@type":"Organization","@id":"https:\/\/nuevodigitaldeescobar.com.ar\/#organization","name":"Nuevo Digital de Escobar","url":"https:\/\/nuevodigitaldeescobar.com.ar\/","logo":{"@type":"ImageObject","inLanguage":"es","@id":"https:\/\/nuevodigitaldeescobar.com.ar\/#\/schema\/logo\/image\/","url":"https:\/\/nuevodigitaldeescobar.com.ar\/wp-content\/uploads\/2025\/05\/cropped-logo-nuevo2.jpg","contentUrl":"https:\/\/nuevodigitaldeescobar.com.ar\/wp-content\/uploads\/2025\/05\/cropped-logo-nuevo2.jpg","width":305,"height":305,"caption":"Nuevo Digital de Escobar"},"image":{"@id":"https:\/\/nuevodigitaldeescobar.com.ar\/#\/schema\/logo\/image\/"},"sameAs":["https:\/\/www.facebook.com\/NUEVODigitalDeEscobar","https:\/\/x.com\/nuevodigescobar","https:\/\/www.instagram.com\/nuevodigitaldeescobar"]},{"@type":"Person","@id":"https:\/\/nuevodigitaldeescobar.com.ar\/#\/schema\/person\/035e90a8efe9a80e6eec22656ad6ea4c","name":"Redacci\u00f3n","image":{"@type":"ImageObject","inLanguage":"es","@id":"https:\/\/nuevodigitaldeescobar.com.ar\/#\/schema\/person\/image\/","url":"https:\/\/secure.gravatar.com\/avatar\/8af8f40000c24e9eef3034f2be5998a372bb1389e64b1a4a36b3a7979142220d?s=96&d=mm&r=g","contentUrl":"https:\/\/secure.gravatar.com\/avatar\/8af8f40000c24e9eef3034f2be5998a372bb1389e64b1a4a36b3a7979142220d?s=96&d=mm&r=g","caption":"Redacci\u00f3n"},"sameAs":["http:\/\/nuevodigitaldeescobar.com.ar"],"url":"https:\/\/nuevodigitaldeescobar.com.ar\/?author=1"}]}},"featured_image_urls":{"full":["https:\/\/nuevodigitaldeescobar.com.ar\/wp-content\/uploads\/2024\/07\/anses-jubilados-1-e1720452548751.jpg",720,405,false],"thumbnail":["https:\/\/nuevodigitaldeescobar.com.ar\/wp-content\/uploads\/2024\/07\/anses-jubilados-1-150x150.jpg",150,150,true],"medium":["https:\/\/nuevodigitaldeescobar.com.ar\/wp-content\/uploads\/2024\/07\/anses-jubilados-1-300x169.jpg",300,169,true],"medium_large":["https:\/\/nuevodigitaldeescobar.com.ar\/wp-content\/uploads\/2024\/07\/anses-jubilados-1-e1720452548751.jpg",640,360,false],"large":["https:\/\/nuevodigitaldeescobar.com.ar\/wp-content\/uploads\/2024\/07\/anses-jubilados-1-e1720452548751.jpg",640,360,false],"1536x1536":["https:\/\/nuevodigitaldeescobar.com.ar\/wp-content\/uploads\/2024\/07\/anses-jubilados-1-e1720452548751.jpg",720,405,false],"2048x2048":["https:\/\/nuevodigitaldeescobar.com.ar\/wp-content\/uploads\/2024\/07\/anses-jubilados-1-e1720452548751.jpg",720,405,false]},"author_info":{"display_name":"Redacci\u00f3n","author_link":"https:\/\/nuevodigitaldeescobar.com.ar\/?author=1"},"category_info":"<a href=\"https:\/\/nuevodigitaldeescobar.com.ar\/?cat=10\" rel=\"category\">Econom\u00eda<\/a> <a href=\"https:\/\/nuevodigitaldeescobar.com.ar\/?cat=61\" rel=\"category\">Nacionales<\/a> <a href=\"https:\/\/nuevodigitaldeescobar.com.ar\/?cat=15\" rel=\"category\">Sociedad<\/a>","tag_info":"Sociedad","comment_count":"0","_links":{"self":[{"href":"https:\/\/nuevodigitaldeescobar.com.ar\/index.php?rest_route=\/wp\/v2\/posts\/6659","targetHints":{"allow":["GET"]}}],"collection":[{"href":"https:\/\/nuevodigitaldeescobar.com.ar\/index.php?rest_route=\/wp\/v2\/posts"}],"about":[{"href":"https:\/\/nuevodigitaldeescobar.com.ar\/index.php?rest_route=\/wp\/v2\/types\/post"}],"author":[{"embeddable":true,"href":"https:\/\/nuevodigitaldeescobar.com.ar\/index.php?rest_route=\/wp\/v2\/users\/1"}],"replies":[{"embeddable":true,"href":"https:\/\/nuevodigitaldeescobar.com.ar\/index.php?rest_route=%2Fwp%2Fv2%2Fcomments&post=6659"}],"version-history":[{"count":1,"href":"https:\/\/nuevodigitaldeescobar.com.ar\/index.php?rest_route=\/wp\/v2\/posts\/6659\/revisions"}],"predecessor-version":[{"id":6661,"href":"https:\/\/nuevodigitaldeescobar.com.ar\/index.php?rest_route=\/wp\/v2\/posts\/6659\/revisions\/6661"}],"wp:featuredmedia":[{"embeddable":true,"href":"https:\/\/nuevodigitaldeescobar.com.ar\/index.php?rest_route=\/wp\/v2\/media\/6660"}],"wp:attachment":[{"href":"https:\/\/nuevodigitaldeescobar.com.ar\/index.php?rest_route=%2Fwp%2Fv2%2Fmedia&parent=6659"}],"wp:term":[{"taxonomy":"category","embeddable":true,"href":"https:\/\/nuevodigitaldeescobar.com.ar\/index.php?rest_route=%2Fwp%2Fv2%2Fcategories&post=6659"},{"taxonomy":"post_tag","embeddable":true,"href":"https:\/\/nuevodigitaldeescobar.com.ar\/index.php?rest_route=%2Fwp%2Fv2%2Ftags&post=6659"}],"curies":[{"name":"wp","href":"https:\/\/api.w.org\/{rel}","templated":true}]}}