{"id":6684,"date":"2024-07-10T07:00:00","date_gmt":"2024-07-10T10:00:00","guid":{"rendered":"https:\/\/nuevodigitaldeescobar.com.ar\/?p=6684"},"modified":"2024-07-09T22:43:46","modified_gmt":"2024-07-10T01:43:46","slug":"amia-el-gobierno-presentara-el-proyecto-juicio-en-ausencia-que-permitiria-juzgar-a-los-iranies-involucrados-en-el-atentado","status":"publish","type":"post","link":"https:\/\/nuevodigitaldeescobar.com.ar\/?p=6684","title":{"rendered":"AMIA: El Gobierno presentar\u00e1 el proyecto \u201cJuicio en Ausencia\u201d, que permitir\u00eda juzgar a los iran\u00edes involucrados en el atentado"},"content":{"rendered":"<p><span style=\"color: #003366;\"><strong><em>La ministra de Seguridad, Patricia Bullrich, presentar\u00e1 este mi\u00e9rcoles el proyecto Juicio en Ausencia, que busca juzgar a los libaneses e iran\u00edes pr\u00f3fugos en la causa por el atentado a la AMIA. En la misma l\u00ednea, la pr\u00f3xima semana se realizar\u00e1 una Mesa de Di\u00e1logo sobre el tema en la C\u00e1mara de Diputados, de la que participar\u00e1n jueces, legisladores y familiares de las v\u00edctimas.<\/em><\/strong><\/span><\/p>\n<p><!--more--><\/p>\n<hr \/>\n<p>Seg\u00fan se inform\u00f3, la presentaci\u00f3n se har\u00e1 en una conferencia de prensa desde las 14 en el sal\u00f3n H\u00e9roes de Malvinas de la Casa Rosada. Bullrich estar\u00e1 acompa\u00f1ada por el ministro de Justicia, Mariano C\u00faneo Libarona; el secretario de Justicia, Sebasti\u00e1n Amerio; por parte de la Unidad Especial de Investigaci\u00f3n del Atentado a la Sede de la AMIA, Roberto Isaac Churba, y el jefe de Gabinete de Seguridad, Carlos Manfroni.<\/p>\n<p>El objetivo del proyecto es que el juicio en ausencia sea aplicable \u00fanicamente en delitos previstos por el Estatuto de Roma, como genocidios o delitos de lesa humanidad aprobados por la <a href=\"https:\/\/servicios.infoleg.gob.ar\/infolegInternet\/anexos\/65000-69999\/65899\/norma.htm\">ley 25.390<\/a> de la Argentina; los contemplados por la Convenci\u00f3n Interamericana sobre Desaparici\u00f3n Forzada de Personas, aprobada por la <a href=\"https:\/\/servicios.infoleg.gob.ar\/infolegInternet\/anexos\/25000-29999\/28394\/norma.htm\">ley 24.556<\/a>; lo establecidos en la Convenci\u00f3n contra la Tortura y otros tratos penales crueles, inhumanos o degradantes, aprobada por la <a href=\"https:\/\/servicios.infoleg.gob.ar\/infolegInternet\/anexos\/20000-24999\/23568\/norma.htm\">ley 23.338<\/a>; y otros delitos graves como financiamiento del terrorismo, proliferaci\u00f3n de armas de destrucci\u00f3n masiva o la trata de personas.<\/p>\n<p>A este proyecto se suma la convocatoria a la Mesa de Di\u00e1logo titulada <em>\u201cLa necesidad de instaurar el juicio en ausencia para los cr\u00edmenes del estatuto de Roma\u201d<\/em>, que se desarrollar\u00e1 el pr\u00f3ximo 15 de julio en la C\u00e1mara de Diputados.<\/p>\n<figure id=\"attachment_6685\" aria-describedby=\"caption-attachment-6685\" style=\"width: 720px\" class=\"wp-caption alignnone\"><a href=\"https:\/\/nuevodigitaldeescobar.com.ar\/?attachment_id=6685\" rel=\"attachment wp-att-6685\"><img fetchpriority=\"high\" decoding=\"async\" class=\"size-full wp-image-6685\" src=\"http:\/\/nuevodigitaldeescobar.com.ar\/wp-content\/uploads\/2024\/07\/Patricia-Bullrich-y-Mariano-Cuneo-Libarona-e1720575583497.jpg\" alt=\"\" width=\"720\" height=\"405\" \/><\/a><figcaption id=\"caption-attachment-6685\" class=\"wp-caption-text\">Patricia Bullrich y Mariano Cuneo Libarona encabezar\u00e1n la conferencia de prensa en la Casa Rosada.<\/figcaption><\/figure>\n<p>El evento fue convocado por la diputada Margarita Stolbizer y Pablo Yedlin. All\u00ed expondr\u00e1n Miguel \u00c1ngel Pichetto \u2013presidente del bloque Hacemos Coalici\u00f3n Federal-, Ramiro Guti\u00e9rrez (Frente Renovador de Sergio Massa), Mariana Stilman (Coalici\u00f3n C\u00edvica de Elisa Carri\u00f3) y Luis Czyzewski, padre de Paola, una de las v\u00edctimas, y representante del sector mayoritario de los familiares de la AMIA.<\/p>\n<p>Tambi\u00e9n participar\u00e1n los jueces Carlos Mahiques y Franco Fiumara. Mahiques fue el impulsor del reciente fallo que consider\u00f3, por primera vez, a Ir\u00e1n como un estado terrorista, y Fiumara es uno de los primeros magistrados en defender la figura del juicio en ausencia.<\/p>\n<p>En el mes de abril la C\u00e1mara Federal de Casaci\u00f3n Penal sentenci\u00f3 que el ataque contra la embajada de Israel en marzo de 1992 y la bomba que hizo explotar la sede de la AMIA el 18 de julio de 1994 <em>\u201crespondieron a un designio pol\u00edtico y estrat\u00e9gico\u201d<\/em> de la Rep\u00fablica Isl\u00e1mica de Ir\u00e1n y ambos atentados fueron ejecutados por la organizaci\u00f3n terrorista Hezbollah. El fallo sostuvo adem\u00e1s que la voladura de la AMIA fue un crimen de <em>\u201clesa humanidad\u201d<\/em> y abri\u00f3 la puerta para que la Argentina demande formalmente a Ir\u00e1n.<\/p>\n<p>Se trat\u00f3 de una resoluci\u00f3n clave en el marco de la causa AMIA. La sentencia -dictada por los jueces Carlos Mahiques, Diego Barroetave\u00f1a y Angela Ledesma- incluye una trascendente definici\u00f3n sobre el derecho a la verdad de las v\u00edctimas y sus familiares, y la posibilidad de que demanden a los responsables, entre ellos, al Estado Isl\u00e1mico de Ir\u00e1n. En su voto, el juez Mahiques sugiri\u00f3 que ese reclamo podr\u00eda ser emprendido por Argentina, por v\u00eda diplom\u00e1tica, a trav\u00e9s de un tribunal arbitral o incluso por la Corte Internacional de Justicia, el principal \u00f3rgano judicial de las Naciones Unidas.<\/p>\n<p>Casaci\u00f3n se pronunci\u00f3 as\u00ed sobre los alcances del delito terrorista internacional yihadista, y establece que el ataque a la AMIA fue organizado, planificado, financiado y ejecutado por integrantes de organizaciones que reportan org\u00e1nica, funcional e ideol\u00f3gicamente a un Estado (como es el caso de Hezbollah).<\/p>\n<p><em>(Infobae)<\/em><\/p>\n","protected":false},"excerpt":{"rendered":"<p>La ministra de Seguridad, Patricia Bullrich, presentar\u00e1 este mi\u00e9rcoles el proyecto Juicio en Ausencia, que busca juzgar a los libaneses e iran\u00edes pr\u00f3fugos en la [&hellip;]<\/p>\n","protected":false},"author":1,"featured_media":6686,"comment_status":"open","ping_status":"open","sticky":false,"template":"","format":"standard","meta":{"footnotes":""},"categories":[12,6,15],"tags":[],"class_list":["post-6684","post","type-post","status-publish","format-standard","has-post-thumbnail","hentry","category-legislativas","category-politica","category-sociedad"],"better_featured_image":{"id":6686,"alt_text":"","caption":"18 de julio de 1994. Personal del SAME frente a la sede de la AMIA destrozada, segundos despu\u00e9s de la explosi\u00f3n que mat\u00f3 a 85 personas (archivo DYN)","description":"","media_type":"image","media_details":{"width":720,"height":405,"file":"2024\/07\/amia-e1720575730834.jpg","filesize":131085,"sizes":{"medium":{"file":"amia-300x169.jpg","width":300,"height":169,"mime-type":"image\/jpeg","filesize":18547,"source_url":"https:\/\/nuevodigitaldeescobar.com.ar\/wp-content\/uploads\/2024\/07\/amia-300x169.jpg"},"thumbnail":{"file":"amia-150x150.jpg","width":150,"height":150,"mime-type":"image\/jpeg","filesize":8779,"source_url":"https:\/\/nuevodigitaldeescobar.com.ar\/wp-content\/uploads\/2024\/07\/amia-150x150.jpg"}},"image_meta":{"aperture":"0","credit":"","camera":"","caption":"","created_timestamp":"0","copyright":"","focal_length":"0","iso":"0","shutter_speed":"0","title":"","orientation":"0","keywords":[]}},"post":6684,"source_url":"https:\/\/nuevodigitaldeescobar.com.ar\/wp-content\/uploads\/2024\/07\/amia-e1720575730834.jpg"},"yoast_head":"<!-- This site is optimized with the Yoast SEO plugin v26.1.1 - https:\/\/yoast.com\/wordpress\/plugins\/seo\/ -->\n<title>AMIA: El Gobierno presentar\u00e1 el proyecto \u201cJuicio en Ausencia\u201d, que permitir\u00eda juzgar a los iran\u00edes involucrados en el atentado - Nuevo Digital de Escobar<\/title>\n<meta name=\"robots\" content=\"index, follow, max-snippet:-1, max-image-preview:large, max-video-preview:-1\" \/>\n<link rel=\"canonical\" href=\"https:\/\/nuevodigitaldeescobar.com.ar\/?p=6684\" \/>\n<meta property=\"og:locale\" content=\"es_ES\" \/>\n<meta property=\"og:type\" content=\"article\" \/>\n<meta property=\"og:title\" content=\"AMIA: El Gobierno presentar\u00e1 el proyecto \u201cJuicio en Ausencia\u201d, que permitir\u00eda juzgar a los iran\u00edes involucrados en el atentado - Nuevo Digital de Escobar\" \/>\n<meta property=\"og:description\" content=\"La ministra de Seguridad, Patricia Bullrich, presentar\u00e1 este mi\u00e9rcoles el proyecto Juicio en Ausencia, que busca juzgar a los libaneses e iran\u00edes pr\u00f3fugos en la [&hellip;]\" \/>\n<meta property=\"og:url\" content=\"https:\/\/nuevodigitaldeescobar.com.ar\/?p=6684\" \/>\n<meta property=\"og:site_name\" content=\"Nuevo Digital de Escobar\" \/>\n<meta property=\"article:publisher\" content=\"https:\/\/www.facebook.com\/NUEVODigitalDeEscobar\" \/>\n<meta property=\"article:published_time\" content=\"2024-07-10T10:00:00+00:00\" \/>\n<meta property=\"og:image\" content=\"https:\/\/nuevodigitaldeescobar.com.ar\/wp-content\/uploads\/2024\/07\/amia-e1720575730834.jpg\" \/>\n\t<meta property=\"og:image:width\" content=\"720\" \/>\n\t<meta property=\"og:image:height\" content=\"405\" \/>\n\t<meta property=\"og:image:type\" content=\"image\/jpeg\" \/>\n<meta name=\"author\" content=\"Redacci\u00f3n\" \/>\n<meta name=\"twitter:card\" content=\"summary_large_image\" \/>\n<meta name=\"twitter:creator\" content=\"@nuevodigescobar\" \/>\n<meta name=\"twitter:site\" content=\"@nuevodigescobar\" \/>\n<meta name=\"twitter:label1\" content=\"Escrito por\" \/>\n\t<meta name=\"twitter:data1\" content=\"Redacci\u00f3n\" \/>\n\t<meta name=\"twitter:label2\" content=\"Tiempo de lectura\" \/>\n\t<meta name=\"twitter:data2\" content=\"3 minutos\" \/>\n<script type=\"application\/ld+json\" class=\"yoast-schema-graph\">{\"@context\":\"https:\/\/schema.org\",\"@graph\":[{\"@type\":\"Article\",\"@id\":\"https:\/\/nuevodigitaldeescobar.com.ar\/?p=6684#article\",\"isPartOf\":{\"@id\":\"https:\/\/nuevodigitaldeescobar.com.ar\/?p=6684\"},\"author\":{\"name\":\"Redacci\u00f3n\",\"@id\":\"https:\/\/nuevodigitaldeescobar.com.ar\/#\/schema\/person\/035e90a8efe9a80e6eec22656ad6ea4c\"},\"headline\":\"AMIA: El Gobierno presentar\u00e1 el proyecto \u201cJuicio en Ausencia\u201d, que permitir\u00eda juzgar a los iran\u00edes involucrados en el atentado\",\"datePublished\":\"2024-07-10T10:00:00+00:00\",\"mainEntityOfPage\":{\"@id\":\"https:\/\/nuevodigitaldeescobar.com.ar\/?p=6684\"},\"wordCount\":698,\"commentCount\":0,\"publisher\":{\"@id\":\"https:\/\/nuevodigitaldeescobar.com.ar\/#organization\"},\"image\":{\"@id\":\"https:\/\/nuevodigitaldeescobar.com.ar\/?p=6684#primaryimage\"},\"thumbnailUrl\":\"https:\/\/nuevodigitaldeescobar.com.ar\/wp-content\/uploads\/2024\/07\/amia-e1720575730834.jpg\",\"articleSection\":[\"Legislativas\",\"Pol\u00edtica\",\"Sociedad\"],\"inLanguage\":\"es\",\"potentialAction\":[{\"@type\":\"CommentAction\",\"name\":\"Comment\",\"target\":[\"https:\/\/nuevodigitaldeescobar.com.ar\/?p=6684#respond\"]}]},{\"@type\":\"WebPage\",\"@id\":\"https:\/\/nuevodigitaldeescobar.com.ar\/?p=6684\",\"url\":\"https:\/\/nuevodigitaldeescobar.com.ar\/?p=6684\",\"name\":\"AMIA: El Gobierno presentar\u00e1 el proyecto \u201cJuicio en Ausencia\u201d, que permitir\u00eda juzgar a los iran\u00edes involucrados en el atentado - Nuevo Digital de Escobar\",\"isPartOf\":{\"@id\":\"https:\/\/nuevodigitaldeescobar.com.ar\/#website\"},\"primaryImageOfPage\":{\"@id\":\"https:\/\/nuevodigitaldeescobar.com.ar\/?p=6684#primaryimage\"},\"image\":{\"@id\":\"https:\/\/nuevodigitaldeescobar.com.ar\/?p=6684#primaryimage\"},\"thumbnailUrl\":\"https:\/\/nuevodigitaldeescobar.com.ar\/wp-content\/uploads\/2024\/07\/amia-e1720575730834.jpg\",\"datePublished\":\"2024-07-10T10:00:00+00:00\",\"breadcrumb\":{\"@id\":\"https:\/\/nuevodigitaldeescobar.com.ar\/?p=6684#breadcrumb\"},\"inLanguage\":\"es\",\"potentialAction\":[{\"@type\":\"ReadAction\",\"target\":[\"https:\/\/nuevodigitaldeescobar.com.ar\/?p=6684\"]}]},{\"@type\":\"ImageObject\",\"inLanguage\":\"es\",\"@id\":\"https:\/\/nuevodigitaldeescobar.com.ar\/?p=6684#primaryimage\",\"url\":\"https:\/\/nuevodigitaldeescobar.com.ar\/wp-content\/uploads\/2024\/07\/amia-e1720575730834.jpg\",\"contentUrl\":\"https:\/\/nuevodigitaldeescobar.com.ar\/wp-content\/uploads\/2024\/07\/amia-e1720575730834.jpg\",\"width\":720,\"height\":405,\"caption\":\"18 de julio de 1994. Personal del SAME frente a la sede de la AMIA destrozada, segundos despu\u00e9s de la explosi\u00f3n que mat\u00f3 a 85 personas (archivo DYN)\"},{\"@type\":\"BreadcrumbList\",\"@id\":\"https:\/\/nuevodigitaldeescobar.com.ar\/?p=6684#breadcrumb\",\"itemListElement\":[{\"@type\":\"ListItem\",\"position\":1,\"name\":\"Portada\",\"item\":\"https:\/\/nuevodigitaldeescobar.com.ar\/\"},{\"@type\":\"ListItem\",\"position\":2,\"name\":\"AMIA: El Gobierno presentar\u00e1 el proyecto \u201cJuicio en Ausencia\u201d, que permitir\u00eda juzgar a los iran\u00edes involucrados en el atentado\"}]},{\"@type\":\"WebSite\",\"@id\":\"https:\/\/nuevodigitaldeescobar.com.ar\/#website\",\"url\":\"https:\/\/nuevodigitaldeescobar.com.ar\/\",\"name\":\"Nuevo Digital de Escobar\",\"description\":\"La vida escobarense. Directora: Rosana Brunner\",\"publisher\":{\"@id\":\"https:\/\/nuevodigitaldeescobar.com.ar\/#organization\"},\"potentialAction\":[{\"@type\":\"SearchAction\",\"target\":{\"@type\":\"EntryPoint\",\"urlTemplate\":\"https:\/\/nuevodigitaldeescobar.com.ar\/?s={search_term_string}\"},\"query-input\":{\"@type\":\"PropertyValueSpecification\",\"valueRequired\":true,\"valueName\":\"search_term_string\"}}],\"inLanguage\":\"es\"},{\"@type\":\"Organization\",\"@id\":\"https:\/\/nuevodigitaldeescobar.com.ar\/#organization\",\"name\":\"Nuevo Digital de Escobar\",\"url\":\"https:\/\/nuevodigitaldeescobar.com.ar\/\",\"logo\":{\"@type\":\"ImageObject\",\"inLanguage\":\"es\",\"@id\":\"https:\/\/nuevodigitaldeescobar.com.ar\/#\/schema\/logo\/image\/\",\"url\":\"https:\/\/nuevodigitaldeescobar.com.ar\/wp-content\/uploads\/2025\/05\/cropped-logo-nuevo2.jpg\",\"contentUrl\":\"https:\/\/nuevodigitaldeescobar.com.ar\/wp-content\/uploads\/2025\/05\/cropped-logo-nuevo2.jpg\",\"width\":305,\"height\":305,\"caption\":\"Nuevo Digital de Escobar\"},\"image\":{\"@id\":\"https:\/\/nuevodigitaldeescobar.com.ar\/#\/schema\/logo\/image\/\"},\"sameAs\":[\"https:\/\/www.facebook.com\/NUEVODigitalDeEscobar\",\"https:\/\/x.com\/nuevodigescobar\",\"https:\/\/www.instagram.com\/nuevodigitaldeescobar\"]},{\"@type\":\"Person\",\"@id\":\"https:\/\/nuevodigitaldeescobar.com.ar\/#\/schema\/person\/035e90a8efe9a80e6eec22656ad6ea4c\",\"name\":\"Redacci\u00f3n\",\"image\":{\"@type\":\"ImageObject\",\"inLanguage\":\"es\",\"@id\":\"https:\/\/nuevodigitaldeescobar.com.ar\/#\/schema\/person\/image\/\",\"url\":\"https:\/\/secure.gravatar.com\/avatar\/8af8f40000c24e9eef3034f2be5998a372bb1389e64b1a4a36b3a7979142220d?s=96&d=mm&r=g\",\"contentUrl\":\"https:\/\/secure.gravatar.com\/avatar\/8af8f40000c24e9eef3034f2be5998a372bb1389e64b1a4a36b3a7979142220d?s=96&d=mm&r=g\",\"caption\":\"Redacci\u00f3n\"},\"sameAs\":[\"http:\/\/nuevodigitaldeescobar.com.ar\"],\"url\":\"https:\/\/nuevodigitaldeescobar.com.ar\/?author=1\"}]}<\/script>\n<!-- \/ Yoast SEO plugin. -->","yoast_head_json":{"title":"AMIA: El Gobierno presentar\u00e1 el proyecto \u201cJuicio en Ausencia\u201d, que permitir\u00eda juzgar a los iran\u00edes involucrados en el atentado - Nuevo Digital de Escobar","robots":{"index":"index","follow":"follow","max-snippet":"max-snippet:-1","max-image-preview":"max-image-preview:large","max-video-preview":"max-video-preview:-1"},"canonical":"https:\/\/nuevodigitaldeescobar.com.ar\/?p=6684","og_locale":"es_ES","og_type":"article","og_title":"AMIA: El Gobierno presentar\u00e1 el proyecto \u201cJuicio en Ausencia\u201d, que permitir\u00eda juzgar a los iran\u00edes involucrados en el atentado - Nuevo Digital de Escobar","og_description":"La ministra de Seguridad, Patricia Bullrich, presentar\u00e1 este mi\u00e9rcoles el proyecto Juicio en Ausencia, que busca juzgar a los libaneses e iran\u00edes pr\u00f3fugos en la [&hellip;]","og_url":"https:\/\/nuevodigitaldeescobar.com.ar\/?p=6684","og_site_name":"Nuevo Digital de Escobar","article_publisher":"https:\/\/www.facebook.com\/NUEVODigitalDeEscobar","article_published_time":"2024-07-10T10:00:00+00:00","og_image":[{"width":720,"height":405,"url":"https:\/\/nuevodigitaldeescobar.com.ar\/wp-content\/uploads\/2024\/07\/amia-e1720575730834.jpg","type":"image\/jpeg"}],"author":"Redacci\u00f3n","twitter_card":"summary_large_image","twitter_creator":"@nuevodigescobar","twitter_site":"@nuevodigescobar","twitter_misc":{"Escrito por":"Redacci\u00f3n","Tiempo de lectura":"3 minutos"},"schema":{"@context":"https:\/\/schema.org","@graph":[{"@type":"Article","@id":"https:\/\/nuevodigitaldeescobar.com.ar\/?p=6684#article","isPartOf":{"@id":"https:\/\/nuevodigitaldeescobar.com.ar\/?p=6684"},"author":{"name":"Redacci\u00f3n","@id":"https:\/\/nuevodigitaldeescobar.com.ar\/#\/schema\/person\/035e90a8efe9a80e6eec22656ad6ea4c"},"headline":"AMIA: El Gobierno presentar\u00e1 el proyecto \u201cJuicio en Ausencia\u201d, que permitir\u00eda juzgar a los iran\u00edes involucrados en el atentado","datePublished":"2024-07-10T10:00:00+00:00","mainEntityOfPage":{"@id":"https:\/\/nuevodigitaldeescobar.com.ar\/?p=6684"},"wordCount":698,"commentCount":0,"publisher":{"@id":"https:\/\/nuevodigitaldeescobar.com.ar\/#organization"},"image":{"@id":"https:\/\/nuevodigitaldeescobar.com.ar\/?p=6684#primaryimage"},"thumbnailUrl":"https:\/\/nuevodigitaldeescobar.com.ar\/wp-content\/uploads\/2024\/07\/amia-e1720575730834.jpg","articleSection":["Legislativas","Pol\u00edtica","Sociedad"],"inLanguage":"es","potentialAction":[{"@type":"CommentAction","name":"Comment","target":["https:\/\/nuevodigitaldeescobar.com.ar\/?p=6684#respond"]}]},{"@type":"WebPage","@id":"https:\/\/nuevodigitaldeescobar.com.ar\/?p=6684","url":"https:\/\/nuevodigitaldeescobar.com.ar\/?p=6684","name":"AMIA: El Gobierno presentar\u00e1 el proyecto \u201cJuicio en Ausencia\u201d, que permitir\u00eda juzgar a los iran\u00edes involucrados en el atentado - Nuevo Digital de Escobar","isPartOf":{"@id":"https:\/\/nuevodigitaldeescobar.com.ar\/#website"},"primaryImageOfPage":{"@id":"https:\/\/nuevodigitaldeescobar.com.ar\/?p=6684#primaryimage"},"image":{"@id":"https:\/\/nuevodigitaldeescobar.com.ar\/?p=6684#primaryimage"},"thumbnailUrl":"https:\/\/nuevodigitaldeescobar.com.ar\/wp-content\/uploads\/2024\/07\/amia-e1720575730834.jpg","datePublished":"2024-07-10T10:00:00+00:00","breadcrumb":{"@id":"https:\/\/nuevodigitaldeescobar.com.ar\/?p=6684#breadcrumb"},"inLanguage":"es","potentialAction":[{"@type":"ReadAction","target":["https:\/\/nuevodigitaldeescobar.com.ar\/?p=6684"]}]},{"@type":"ImageObject","inLanguage":"es","@id":"https:\/\/nuevodigitaldeescobar.com.ar\/?p=6684#primaryimage","url":"https:\/\/nuevodigitaldeescobar.com.ar\/wp-content\/uploads\/2024\/07\/amia-e1720575730834.jpg","contentUrl":"https:\/\/nuevodigitaldeescobar.com.ar\/wp-content\/uploads\/2024\/07\/amia-e1720575730834.jpg","width":720,"height":405,"caption":"18 de julio de 1994. Personal del SAME frente a la sede de la AMIA destrozada, segundos despu\u00e9s de la explosi\u00f3n que mat\u00f3 a 85 personas (archivo DYN)"},{"@type":"BreadcrumbList","@id":"https:\/\/nuevodigitaldeescobar.com.ar\/?p=6684#breadcrumb","itemListElement":[{"@type":"ListItem","position":1,"name":"Portada","item":"https:\/\/nuevodigitaldeescobar.com.ar\/"},{"@type":"ListItem","position":2,"name":"AMIA: El Gobierno presentar\u00e1 el proyecto \u201cJuicio en Ausencia\u201d, que permitir\u00eda juzgar a los iran\u00edes involucrados en el atentado"}]},{"@type":"WebSite","@id":"https:\/\/nuevodigitaldeescobar.com.ar\/#website","url":"https:\/\/nuevodigitaldeescobar.com.ar\/","name":"Nuevo Digital de Escobar","description":"La vida escobarense. Directora: Rosana Brunner","publisher":{"@id":"https:\/\/nuevodigitaldeescobar.com.ar\/#organization"},"potentialAction":[{"@type":"SearchAction","target":{"@type":"EntryPoint","urlTemplate":"https:\/\/nuevodigitaldeescobar.com.ar\/?s={search_term_string}"},"query-input":{"@type":"PropertyValueSpecification","valueRequired":true,"valueName":"search_term_string"}}],"inLanguage":"es"},{"@type":"Organization","@id":"https:\/\/nuevodigitaldeescobar.com.ar\/#organization","name":"Nuevo Digital de Escobar","url":"https:\/\/nuevodigitaldeescobar.com.ar\/","logo":{"@type":"ImageObject","inLanguage":"es","@id":"https:\/\/nuevodigitaldeescobar.com.ar\/#\/schema\/logo\/image\/","url":"https:\/\/nuevodigitaldeescobar.com.ar\/wp-content\/uploads\/2025\/05\/cropped-logo-nuevo2.jpg","contentUrl":"https:\/\/nuevodigitaldeescobar.com.ar\/wp-content\/uploads\/2025\/05\/cropped-logo-nuevo2.jpg","width":305,"height":305,"caption":"Nuevo Digital de Escobar"},"image":{"@id":"https:\/\/nuevodigitaldeescobar.com.ar\/#\/schema\/logo\/image\/"},"sameAs":["https:\/\/www.facebook.com\/NUEVODigitalDeEscobar","https:\/\/x.com\/nuevodigescobar","https:\/\/www.instagram.com\/nuevodigitaldeescobar"]},{"@type":"Person","@id":"https:\/\/nuevodigitaldeescobar.com.ar\/#\/schema\/person\/035e90a8efe9a80e6eec22656ad6ea4c","name":"Redacci\u00f3n","image":{"@type":"ImageObject","inLanguage":"es","@id":"https:\/\/nuevodigitaldeescobar.com.ar\/#\/schema\/person\/image\/","url":"https:\/\/secure.gravatar.com\/avatar\/8af8f40000c24e9eef3034f2be5998a372bb1389e64b1a4a36b3a7979142220d?s=96&d=mm&r=g","contentUrl":"https:\/\/secure.gravatar.com\/avatar\/8af8f40000c24e9eef3034f2be5998a372bb1389e64b1a4a36b3a7979142220d?s=96&d=mm&r=g","caption":"Redacci\u00f3n"},"sameAs":["http:\/\/nuevodigitaldeescobar.com.ar"],"url":"https:\/\/nuevodigitaldeescobar.com.ar\/?author=1"}]}},"featured_image_urls":{"full":["https:\/\/nuevodigitaldeescobar.com.ar\/wp-content\/uploads\/2024\/07\/amia-e1720575730834.jpg",720,405,false],"thumbnail":["https:\/\/nuevodigitaldeescobar.com.ar\/wp-content\/uploads\/2024\/07\/amia-150x150.jpg",150,150,true],"medium":["https:\/\/nuevodigitaldeescobar.com.ar\/wp-content\/uploads\/2024\/07\/amia-300x169.jpg",300,169,true],"medium_large":["https:\/\/nuevodigitaldeescobar.com.ar\/wp-content\/uploads\/2024\/07\/amia-e1720575730834.jpg",640,360,false],"large":["https:\/\/nuevodigitaldeescobar.com.ar\/wp-content\/uploads\/2024\/07\/amia-e1720575730834.jpg",640,360,false],"1536x1536":["https:\/\/nuevodigitaldeescobar.com.ar\/wp-content\/uploads\/2024\/07\/amia-e1720575730834.jpg",720,405,false],"2048x2048":["https:\/\/nuevodigitaldeescobar.com.ar\/wp-content\/uploads\/2024\/07\/amia-e1720575730834.jpg",720,405,false]},"author_info":{"display_name":"Redacci\u00f3n","author_link":"https:\/\/nuevodigitaldeescobar.com.ar\/?author=1"},"category_info":"<a href=\"https:\/\/nuevodigitaldeescobar.com.ar\/?cat=12\" rel=\"category\">Legislativas<\/a> <a href=\"https:\/\/nuevodigitaldeescobar.com.ar\/?cat=6\" rel=\"category\">Pol\u00edtica<\/a> <a href=\"https:\/\/nuevodigitaldeescobar.com.ar\/?cat=15\" rel=\"category\">Sociedad<\/a>","tag_info":"Sociedad","comment_count":"0","_links":{"self":[{"href":"https:\/\/nuevodigitaldeescobar.com.ar\/index.php?rest_route=\/wp\/v2\/posts\/6684","targetHints":{"allow":["GET"]}}],"collection":[{"href":"https:\/\/nuevodigitaldeescobar.com.ar\/index.php?rest_route=\/wp\/v2\/posts"}],"about":[{"href":"https:\/\/nuevodigitaldeescobar.com.ar\/index.php?rest_route=\/wp\/v2\/types\/post"}],"author":[{"embeddable":true,"href":"https:\/\/nuevodigitaldeescobar.com.ar\/index.php?rest_route=\/wp\/v2\/users\/1"}],"replies":[{"embeddable":true,"href":"https:\/\/nuevodigitaldeescobar.com.ar\/index.php?rest_route=%2Fwp%2Fv2%2Fcomments&post=6684"}],"version-history":[{"count":1,"href":"https:\/\/nuevodigitaldeescobar.com.ar\/index.php?rest_route=\/wp\/v2\/posts\/6684\/revisions"}],"predecessor-version":[{"id":6687,"href":"https:\/\/nuevodigitaldeescobar.com.ar\/index.php?rest_route=\/wp\/v2\/posts\/6684\/revisions\/6687"}],"wp:featuredmedia":[{"embeddable":true,"href":"https:\/\/nuevodigitaldeescobar.com.ar\/index.php?rest_route=\/wp\/v2\/media\/6686"}],"wp:attachment":[{"href":"https:\/\/nuevodigitaldeescobar.com.ar\/index.php?rest_route=%2Fwp%2Fv2%2Fmedia&parent=6684"}],"wp:term":[{"taxonomy":"category","embeddable":true,"href":"https:\/\/nuevodigitaldeescobar.com.ar\/index.php?rest_route=%2Fwp%2Fv2%2Fcategories&post=6684"},{"taxonomy":"post_tag","embeddable":true,"href":"https:\/\/nuevodigitaldeescobar.com.ar\/index.php?rest_route=%2Fwp%2Fv2%2Ftags&post=6684"}],"curies":[{"name":"wp","href":"https:\/\/api.w.org\/{rel}","templated":true}]}}