{"id":6767,"date":"2024-07-14T07:01:00","date_gmt":"2024-07-14T10:01:00","guid":{"rendered":"https:\/\/nuevodigitaldeescobar.com.ar\/?p=6767"},"modified":"2024-07-13T12:24:00","modified_gmt":"2024-07-13T15:24:00","slug":"sujarchuk-y-kicillof-inauguraron-un-jardin-de-infantes-y-un-centro-de-salud-en-belen-de-escobar","status":"publish","type":"post","link":"https:\/\/nuevodigitaldeescobar.com.ar\/?p=6767","title":{"rendered":"Sujarchuk y Kicillof inauguraron un jard\u00edn de infantes y un centro de salud en Bel\u00e9n de Escobar"},"content":{"rendered":"<p><span style=\"color: #003366;\"><strong><em>El intendente Ariel Sujarchuk inaugur\u00f3, junto al gobernador Axel Kicillof, el Jard\u00edn de Infantes 931 y el Centro de Atenci\u00f3n Primaria de la Salud (CAPS) \u00abMarcelo Enrique Di Maio\u00bb, dos obras construidas en Bel\u00e9n de Escobar de manera conjunta con la provincia de Buenos Aires.<\/em><\/strong><\/span><\/p>\n<p><!--more--><\/p>\n<hr \/>\n<p>El Jard\u00edn 931, ubicado en avenida Tapia de Cruz y Pellegrini, tendr\u00e1 un turno matutino de 8 a 12 horas, uno vespertino de 13 a 17, y generar\u00e1 200 nuevas vacantes para salas de 3, 4 y 5 a\u00f1os.<\/p>\n<p><a href=\"https:\/\/nuevodigitaldeescobar.com.ar\/?attachment_id=6770\" rel=\"attachment wp-att-6770\"><img fetchpriority=\"high\" decoding=\"async\" class=\"alignnone size-full wp-image-6770\" src=\"http:\/\/nuevodigitaldeescobar.com.ar\/wp-content\/uploads\/2024\/07\/jardin-931-escobar-corte-cinta-e1720884075327.jpg\" alt=\"\" width=\"720\" height=\"480\" \/><\/a><\/p>\n<p>En tanto, el flamante CAPS Marcelo Enrique Di Maio, reubicado en el barrio Stone de Bel\u00e9n de Escobar, ofrecer\u00e1 cl\u00ednica m\u00e9dica, ginecolog\u00eda, obstetricia, pediatr\u00eda, el programa Remediar y pr\u00f3ximamente se incorporar\u00e1 el servicio de odontolog\u00eda. Adem\u00e1s, se instalaron las especialidades m\u00e9dicas de los consultorios externos que funcionaban en la sede anterior, sobre avenida 25 de Mayo. Este centro de salud, ubicado en General Paz y Sargento Cabral, funcionar\u00e1 en un moderno edificio de 478 metros cuadrados con seis consultorios, enfermer\u00eda, vacunatorio, farmacia y SUM. En total, beneficiar\u00eda a m\u00e1s de 20.000 vecinos.<\/p>\n<p><a href=\"https:\/\/nuevodigitaldeescobar.com.ar\/?attachment_id=6769\" rel=\"attachment wp-att-6769\"><img decoding=\"async\" class=\"alignnone size-full wp-image-6769\" src=\"http:\/\/nuevodigitaldeescobar.com.ar\/wp-content\/uploads\/2024\/07\/caps-di-maio-e1720884111650.jpg\" alt=\"\" width=\"720\" height=\"408\" srcset=\"https:\/\/nuevodigitaldeescobar.com.ar\/wp-content\/uploads\/2024\/07\/caps-di-maio-e1720884111650.jpg 720w, https:\/\/nuevodigitaldeescobar.com.ar\/wp-content\/uploads\/2024\/07\/caps-di-maio-e1720884111650-300x170.jpg 300w\" sizes=\"(max-width: 720px) 100vw, 720px\" \/><\/a><\/p>\n<p>Adem\u00e1s, con el ministro de Salud, Nicol\u00e1s Kreplak, el jefe comunal recorri\u00f3 los consultorios externos Elena Rojas, y supervis\u00f3 el funcionamiento del Hospital del Bicentenario, que fue inaugurado en noviembre de 2023 y en la actualidad cuenta con m\u00e1s de 20 especialidades.<\/p>\n<p><a href=\"https:\/\/nuevodigitaldeescobar.com.ar\/?attachment_id=6768\" rel=\"attachment wp-att-6768\"><img decoding=\"async\" class=\"alignnone size-full wp-image-6768\" src=\"http:\/\/nuevodigitaldeescobar.com.ar\/wp-content\/uploads\/2024\/07\/caps-di-maio-corte-cinta-e1720884135145.jpg\" alt=\"\" width=\"720\" height=\"480\" \/><\/a><\/p>\n<p><em>\u00abCada encuentro con el gobernador tiene que ver con la planificaci\u00f3n y la ejecuci\u00f3n de acciones que transforman de manera positiva la vida de nuestros vecinos y vecinas. Participamos de una ronda de negocios, inauguramos un jard\u00edn de infantes y un centro de salud. Estamos hablando de la generaci\u00f3n de empleo y de actividad productiva, del cuidado del ambiente, de la salud y de la educaci\u00f3n. Estas son las prioridades que tenemos junto a Kicillof, que se materializan de manera concreta en el partido de Escobar\u201d<\/em>, explic\u00f3 Sujarchuk.<\/p>\n<p><a href=\"https:\/\/nuevodigitaldeescobar.com.ar\/?attachment_id=6772\" rel=\"attachment wp-att-6772\"><img loading=\"lazy\" decoding=\"async\" class=\"alignnone size-full wp-image-6772\" src=\"http:\/\/nuevodigitaldeescobar.com.ar\/wp-content\/uploads\/2024\/07\/caps-di-maio-principal-e1720884205864.jpg\" alt=\"\" width=\"720\" height=\"480\" \/><\/a><\/p>\n<p><em>\u00abEn un contexto en el que por decisi\u00f3n del gobierno nacional se paraliz\u00f3 la obra p\u00fablica, nosotros inauguramos un jard\u00edn y un CAPS. Con la ca\u00edda de los salarios y el ajuste a nuestros vecinos y vecinas, es imprescindible impulsar la educaci\u00f3n y la salud p\u00fablica, tomando un rol protag\u00f3nico con un Estado presente que traiga derechos y dignidad a la gente\u201d<\/em>, manifest\u00f3 Kicillof, acompa\u00f1ado por gran parte de su gabinete: el ministro de Infraestructura y Servicios P\u00fablicos, Gabriel Katopodis; la ministra de Ambiente, Daniela Vilar; el director General de Cultura y Educaci\u00f3n, Alberto Sileoni; la jefa de Asesores del Gobernador de la Provincia, Cristina \u00c1lvarez Rodr\u00edguez; el subsecretario de Desarrollo Comercial y Promoci\u00f3n de Inversiones, Ariel Aguilar; la subsecretaria de Industria, PyMEs y Cooperativas, Mariela Bembi; la subsecretaria de Residuos S\u00f3lidos Urbanos y Econom\u00eda Circular, Jackie Flores.<\/p>\n","protected":false},"excerpt":{"rendered":"<p>El intendente Ariel Sujarchuk inaugur\u00f3, junto al gobernador Axel Kicillof, el Jard\u00edn de Infantes 931 y el Centro de Atenci\u00f3n Primaria de la Salud (CAPS) [&hellip;]<\/p>\n","protected":false},"author":1,"featured_media":6771,"comment_status":"open","ping_status":"open","sticky":false,"template":"","format":"standard","meta":{"footnotes":""},"categories":[4,6,3],"tags":[],"class_list":["post-6767","post","type-post","status-publish","format-standard","has-post-thumbnail","hentry","category-educacion","category-politica","category-nutricion"],"better_featured_image":{"id":6771,"alt_text":"","caption":"","description":"","media_type":"image","media_details":{"width":720,"height":405,"file":"2024\/07\/jardin-931-escobar-1-e1720884050651.jpg","filesize":316206,"sizes":{"medium":{"file":"jardin-931-escobar-1-300x169.jpg","width":300,"height":169,"mime-type":"image\/jpeg","filesize":18072,"source_url":"https:\/\/nuevodigitaldeescobar.com.ar\/wp-content\/uploads\/2024\/07\/jardin-931-escobar-1-300x169.jpg"},"large":{"file":"jardin-931-escobar-1-1024x576.jpg","width":1024,"height":576,"mime-type":"image\/jpeg","filesize":115186,"source_url":"https:\/\/nuevodigitaldeescobar.com.ar\/wp-content\/uploads\/2024\/07\/jardin-931-escobar-1-1024x576.jpg"},"thumbnail":{"file":"jardin-931-escobar-1-150x150.jpg","width":150,"height":150,"mime-type":"image\/jpeg","filesize":9436,"source_url":"https:\/\/nuevodigitaldeescobar.com.ar\/wp-content\/uploads\/2024\/07\/jardin-931-escobar-1-150x150.jpg"},"medium_large":{"file":"jardin-931-escobar-1-768x432.jpg","width":768,"height":432,"mime-type":"image\/jpeg","filesize":72514,"source_url":"https:\/\/nuevodigitaldeescobar.com.ar\/wp-content\/uploads\/2024\/07\/jardin-931-escobar-1-768x432.jpg"},"1536x1536":{"file":"jardin-931-escobar-1-1536x864.jpg","width":1536,"height":864,"mime-type":"image\/jpeg","filesize":221308,"source_url":"https:\/\/nuevodigitaldeescobar.com.ar\/wp-content\/uploads\/2024\/07\/jardin-931-escobar-1-1536x864.jpg"}},"image_meta":{"aperture":"0","credit":"","camera":"","caption":"","created_timestamp":"0","copyright":"","focal_length":"0","iso":"0","shutter_speed":"0","title":"","orientation":"0","keywords":[]}},"post":6767,"source_url":"https:\/\/nuevodigitaldeescobar.com.ar\/wp-content\/uploads\/2024\/07\/jardin-931-escobar-1-e1720884050651.jpg"},"yoast_head":"<!-- This site is optimized with the Yoast SEO plugin v26.1.1 - https:\/\/yoast.com\/wordpress\/plugins\/seo\/ -->\n<title>Sujarchuk y Kicillof inauguraron un jard\u00edn de infantes y un centro de salud en Bel\u00e9n de Escobar - Nuevo Digital de Escobar<\/title>\n<meta name=\"robots\" content=\"index, follow, max-snippet:-1, max-image-preview:large, max-video-preview:-1\" \/>\n<link rel=\"canonical\" href=\"https:\/\/nuevodigitaldeescobar.com.ar\/?p=6767\" \/>\n<meta property=\"og:locale\" content=\"es_ES\" \/>\n<meta property=\"og:type\" content=\"article\" \/>\n<meta property=\"og:title\" content=\"Sujarchuk y Kicillof inauguraron un jard\u00edn de infantes y un centro de salud en Bel\u00e9n de Escobar - Nuevo Digital de Escobar\" \/>\n<meta property=\"og:description\" content=\"El intendente Ariel Sujarchuk inaugur\u00f3, junto al gobernador Axel Kicillof, el Jard\u00edn de Infantes 931 y el Centro de Atenci\u00f3n Primaria de la Salud (CAPS) [&hellip;]\" \/>\n<meta property=\"og:url\" content=\"https:\/\/nuevodigitaldeescobar.com.ar\/?p=6767\" \/>\n<meta property=\"og:site_name\" content=\"Nuevo Digital de Escobar\" \/>\n<meta property=\"article:publisher\" content=\"https:\/\/www.facebook.com\/NUEVODigitalDeEscobar\" \/>\n<meta property=\"article:published_time\" content=\"2024-07-14T10:01:00+00:00\" \/>\n<meta property=\"og:image\" content=\"https:\/\/nuevodigitaldeescobar.com.ar\/wp-content\/uploads\/2024\/07\/jardin-931-escobar-1-e1720884050651.jpg\" \/>\n\t<meta property=\"og:image:width\" content=\"720\" \/>\n\t<meta property=\"og:image:height\" content=\"405\" \/>\n\t<meta property=\"og:image:type\" content=\"image\/jpeg\" \/>\n<meta name=\"author\" content=\"Redacci\u00f3n\" \/>\n<meta name=\"twitter:card\" content=\"summary_large_image\" \/>\n<meta name=\"twitter:creator\" content=\"@nuevodigescobar\" \/>\n<meta name=\"twitter:site\" content=\"@nuevodigescobar\" \/>\n<meta name=\"twitter:label1\" content=\"Escrito por\" \/>\n\t<meta name=\"twitter:data1\" content=\"Redacci\u00f3n\" \/>\n\t<meta name=\"twitter:label2\" content=\"Tiempo de lectura\" \/>\n\t<meta name=\"twitter:data2\" content=\"2 minutos\" \/>\n<script type=\"application\/ld+json\" class=\"yoast-schema-graph\">{\"@context\":\"https:\/\/schema.org\",\"@graph\":[{\"@type\":\"Article\",\"@id\":\"https:\/\/nuevodigitaldeescobar.com.ar\/?p=6767#article\",\"isPartOf\":{\"@id\":\"https:\/\/nuevodigitaldeescobar.com.ar\/?p=6767\"},\"author\":{\"name\":\"Redacci\u00f3n\",\"@id\":\"https:\/\/nuevodigitaldeescobar.com.ar\/#\/schema\/person\/035e90a8efe9a80e6eec22656ad6ea4c\"},\"headline\":\"Sujarchuk y Kicillof inauguraron un jard\u00edn de infantes y un centro de salud en Bel\u00e9n de Escobar\",\"datePublished\":\"2024-07-14T10:01:00+00:00\",\"mainEntityOfPage\":{\"@id\":\"https:\/\/nuevodigitaldeescobar.com.ar\/?p=6767\"},\"wordCount\":487,\"commentCount\":0,\"publisher\":{\"@id\":\"https:\/\/nuevodigitaldeescobar.com.ar\/#organization\"},\"image\":{\"@id\":\"https:\/\/nuevodigitaldeescobar.com.ar\/?p=6767#primaryimage\"},\"thumbnailUrl\":\"https:\/\/nuevodigitaldeescobar.com.ar\/wp-content\/uploads\/2024\/07\/jardin-931-escobar-1-e1720884050651.jpg\",\"articleSection\":[\"Educaci\u00f3n\",\"Pol\u00edtica\",\"Salud y Nutrici\u00f3n\"],\"inLanguage\":\"es\",\"potentialAction\":[{\"@type\":\"CommentAction\",\"name\":\"Comment\",\"target\":[\"https:\/\/nuevodigitaldeescobar.com.ar\/?p=6767#respond\"]}]},{\"@type\":\"WebPage\",\"@id\":\"https:\/\/nuevodigitaldeescobar.com.ar\/?p=6767\",\"url\":\"https:\/\/nuevodigitaldeescobar.com.ar\/?p=6767\",\"name\":\"Sujarchuk y Kicillof inauguraron un jard\u00edn de infantes y un centro de salud en Bel\u00e9n de Escobar - Nuevo Digital de Escobar\",\"isPartOf\":{\"@id\":\"https:\/\/nuevodigitaldeescobar.com.ar\/#website\"},\"primaryImageOfPage\":{\"@id\":\"https:\/\/nuevodigitaldeescobar.com.ar\/?p=6767#primaryimage\"},\"image\":{\"@id\":\"https:\/\/nuevodigitaldeescobar.com.ar\/?p=6767#primaryimage\"},\"thumbnailUrl\":\"https:\/\/nuevodigitaldeescobar.com.ar\/wp-content\/uploads\/2024\/07\/jardin-931-escobar-1-e1720884050651.jpg\",\"datePublished\":\"2024-07-14T10:01:00+00:00\",\"breadcrumb\":{\"@id\":\"https:\/\/nuevodigitaldeescobar.com.ar\/?p=6767#breadcrumb\"},\"inLanguage\":\"es\",\"potentialAction\":[{\"@type\":\"ReadAction\",\"target\":[\"https:\/\/nuevodigitaldeescobar.com.ar\/?p=6767\"]}]},{\"@type\":\"ImageObject\",\"inLanguage\":\"es\",\"@id\":\"https:\/\/nuevodigitaldeescobar.com.ar\/?p=6767#primaryimage\",\"url\":\"https:\/\/nuevodigitaldeescobar.com.ar\/wp-content\/uploads\/2024\/07\/jardin-931-escobar-1-e1720884050651.jpg\",\"contentUrl\":\"https:\/\/nuevodigitaldeescobar.com.ar\/wp-content\/uploads\/2024\/07\/jardin-931-escobar-1-e1720884050651.jpg\",\"width\":720,\"height\":405},{\"@type\":\"BreadcrumbList\",\"@id\":\"https:\/\/nuevodigitaldeescobar.com.ar\/?p=6767#breadcrumb\",\"itemListElement\":[{\"@type\":\"ListItem\",\"position\":1,\"name\":\"Portada\",\"item\":\"https:\/\/nuevodigitaldeescobar.com.ar\/\"},{\"@type\":\"ListItem\",\"position\":2,\"name\":\"Sujarchuk y Kicillof inauguraron un jard\u00edn de infantes y un centro de salud en Bel\u00e9n de Escobar\"}]},{\"@type\":\"WebSite\",\"@id\":\"https:\/\/nuevodigitaldeescobar.com.ar\/#website\",\"url\":\"https:\/\/nuevodigitaldeescobar.com.ar\/\",\"name\":\"Nuevo Digital de Escobar\",\"description\":\"La vida escobarense. Directora: Rosana Brunner\",\"publisher\":{\"@id\":\"https:\/\/nuevodigitaldeescobar.com.ar\/#organization\"},\"potentialAction\":[{\"@type\":\"SearchAction\",\"target\":{\"@type\":\"EntryPoint\",\"urlTemplate\":\"https:\/\/nuevodigitaldeescobar.com.ar\/?s={search_term_string}\"},\"query-input\":{\"@type\":\"PropertyValueSpecification\",\"valueRequired\":true,\"valueName\":\"search_term_string\"}}],\"inLanguage\":\"es\"},{\"@type\":\"Organization\",\"@id\":\"https:\/\/nuevodigitaldeescobar.com.ar\/#organization\",\"name\":\"Nuevo Digital de Escobar\",\"url\":\"https:\/\/nuevodigitaldeescobar.com.ar\/\",\"logo\":{\"@type\":\"ImageObject\",\"inLanguage\":\"es\",\"@id\":\"https:\/\/nuevodigitaldeescobar.com.ar\/#\/schema\/logo\/image\/\",\"url\":\"https:\/\/nuevodigitaldeescobar.com.ar\/wp-content\/uploads\/2025\/05\/cropped-logo-nuevo2.jpg\",\"contentUrl\":\"https:\/\/nuevodigitaldeescobar.com.ar\/wp-content\/uploads\/2025\/05\/cropped-logo-nuevo2.jpg\",\"width\":305,\"height\":305,\"caption\":\"Nuevo Digital de Escobar\"},\"image\":{\"@id\":\"https:\/\/nuevodigitaldeescobar.com.ar\/#\/schema\/logo\/image\/\"},\"sameAs\":[\"https:\/\/www.facebook.com\/NUEVODigitalDeEscobar\",\"https:\/\/x.com\/nuevodigescobar\",\"https:\/\/www.instagram.com\/nuevodigitaldeescobar\"]},{\"@type\":\"Person\",\"@id\":\"https:\/\/nuevodigitaldeescobar.com.ar\/#\/schema\/person\/035e90a8efe9a80e6eec22656ad6ea4c\",\"name\":\"Redacci\u00f3n\",\"image\":{\"@type\":\"ImageObject\",\"inLanguage\":\"es\",\"@id\":\"https:\/\/nuevodigitaldeescobar.com.ar\/#\/schema\/person\/image\/\",\"url\":\"https:\/\/secure.gravatar.com\/avatar\/8af8f40000c24e9eef3034f2be5998a372bb1389e64b1a4a36b3a7979142220d?s=96&d=mm&r=g\",\"contentUrl\":\"https:\/\/secure.gravatar.com\/avatar\/8af8f40000c24e9eef3034f2be5998a372bb1389e64b1a4a36b3a7979142220d?s=96&d=mm&r=g\",\"caption\":\"Redacci\u00f3n\"},\"sameAs\":[\"http:\/\/nuevodigitaldeescobar.com.ar\"],\"url\":\"https:\/\/nuevodigitaldeescobar.com.ar\/?author=1\"}]}<\/script>\n<!-- \/ Yoast SEO plugin. -->","yoast_head_json":{"title":"Sujarchuk y Kicillof inauguraron un jard\u00edn de infantes y un centro de salud en Bel\u00e9n de Escobar - Nuevo Digital de Escobar","robots":{"index":"index","follow":"follow","max-snippet":"max-snippet:-1","max-image-preview":"max-image-preview:large","max-video-preview":"max-video-preview:-1"},"canonical":"https:\/\/nuevodigitaldeescobar.com.ar\/?p=6767","og_locale":"es_ES","og_type":"article","og_title":"Sujarchuk y Kicillof inauguraron un jard\u00edn de infantes y un centro de salud en Bel\u00e9n de Escobar - Nuevo Digital de Escobar","og_description":"El intendente Ariel Sujarchuk inaugur\u00f3, junto al gobernador Axel Kicillof, el Jard\u00edn de Infantes 931 y el Centro de Atenci\u00f3n Primaria de la Salud (CAPS) [&hellip;]","og_url":"https:\/\/nuevodigitaldeescobar.com.ar\/?p=6767","og_site_name":"Nuevo Digital de Escobar","article_publisher":"https:\/\/www.facebook.com\/NUEVODigitalDeEscobar","article_published_time":"2024-07-14T10:01:00+00:00","og_image":[{"width":720,"height":405,"url":"https:\/\/nuevodigitaldeescobar.com.ar\/wp-content\/uploads\/2024\/07\/jardin-931-escobar-1-e1720884050651.jpg","type":"image\/jpeg"}],"author":"Redacci\u00f3n","twitter_card":"summary_large_image","twitter_creator":"@nuevodigescobar","twitter_site":"@nuevodigescobar","twitter_misc":{"Escrito por":"Redacci\u00f3n","Tiempo de lectura":"2 minutos"},"schema":{"@context":"https:\/\/schema.org","@graph":[{"@type":"Article","@id":"https:\/\/nuevodigitaldeescobar.com.ar\/?p=6767#article","isPartOf":{"@id":"https:\/\/nuevodigitaldeescobar.com.ar\/?p=6767"},"author":{"name":"Redacci\u00f3n","@id":"https:\/\/nuevodigitaldeescobar.com.ar\/#\/schema\/person\/035e90a8efe9a80e6eec22656ad6ea4c"},"headline":"Sujarchuk y Kicillof inauguraron un jard\u00edn de infantes y un centro de salud en Bel\u00e9n de Escobar","datePublished":"2024-07-14T10:01:00+00:00","mainEntityOfPage":{"@id":"https:\/\/nuevodigitaldeescobar.com.ar\/?p=6767"},"wordCount":487,"commentCount":0,"publisher":{"@id":"https:\/\/nuevodigitaldeescobar.com.ar\/#organization"},"image":{"@id":"https:\/\/nuevodigitaldeescobar.com.ar\/?p=6767#primaryimage"},"thumbnailUrl":"https:\/\/nuevodigitaldeescobar.com.ar\/wp-content\/uploads\/2024\/07\/jardin-931-escobar-1-e1720884050651.jpg","articleSection":["Educaci\u00f3n","Pol\u00edtica","Salud y Nutrici\u00f3n"],"inLanguage":"es","potentialAction":[{"@type":"CommentAction","name":"Comment","target":["https:\/\/nuevodigitaldeescobar.com.ar\/?p=6767#respond"]}]},{"@type":"WebPage","@id":"https:\/\/nuevodigitaldeescobar.com.ar\/?p=6767","url":"https:\/\/nuevodigitaldeescobar.com.ar\/?p=6767","name":"Sujarchuk y Kicillof inauguraron un jard\u00edn de infantes y un centro de salud en Bel\u00e9n de Escobar - Nuevo Digital de Escobar","isPartOf":{"@id":"https:\/\/nuevodigitaldeescobar.com.ar\/#website"},"primaryImageOfPage":{"@id":"https:\/\/nuevodigitaldeescobar.com.ar\/?p=6767#primaryimage"},"image":{"@id":"https:\/\/nuevodigitaldeescobar.com.ar\/?p=6767#primaryimage"},"thumbnailUrl":"https:\/\/nuevodigitaldeescobar.com.ar\/wp-content\/uploads\/2024\/07\/jardin-931-escobar-1-e1720884050651.jpg","datePublished":"2024-07-14T10:01:00+00:00","breadcrumb":{"@id":"https:\/\/nuevodigitaldeescobar.com.ar\/?p=6767#breadcrumb"},"inLanguage":"es","potentialAction":[{"@type":"ReadAction","target":["https:\/\/nuevodigitaldeescobar.com.ar\/?p=6767"]}]},{"@type":"ImageObject","inLanguage":"es","@id":"https:\/\/nuevodigitaldeescobar.com.ar\/?p=6767#primaryimage","url":"https:\/\/nuevodigitaldeescobar.com.ar\/wp-content\/uploads\/2024\/07\/jardin-931-escobar-1-e1720884050651.jpg","contentUrl":"https:\/\/nuevodigitaldeescobar.com.ar\/wp-content\/uploads\/2024\/07\/jardin-931-escobar-1-e1720884050651.jpg","width":720,"height":405},{"@type":"BreadcrumbList","@id":"https:\/\/nuevodigitaldeescobar.com.ar\/?p=6767#breadcrumb","itemListElement":[{"@type":"ListItem","position":1,"name":"Portada","item":"https:\/\/nuevodigitaldeescobar.com.ar\/"},{"@type":"ListItem","position":2,"name":"Sujarchuk y Kicillof inauguraron un jard\u00edn de infantes y un centro de salud en Bel\u00e9n de Escobar"}]},{"@type":"WebSite","@id":"https:\/\/nuevodigitaldeescobar.com.ar\/#website","url":"https:\/\/nuevodigitaldeescobar.com.ar\/","name":"Nuevo Digital de Escobar","description":"La vida escobarense. Directora: Rosana Brunner","publisher":{"@id":"https:\/\/nuevodigitaldeescobar.com.ar\/#organization"},"potentialAction":[{"@type":"SearchAction","target":{"@type":"EntryPoint","urlTemplate":"https:\/\/nuevodigitaldeescobar.com.ar\/?s={search_term_string}"},"query-input":{"@type":"PropertyValueSpecification","valueRequired":true,"valueName":"search_term_string"}}],"inLanguage":"es"},{"@type":"Organization","@id":"https:\/\/nuevodigitaldeescobar.com.ar\/#organization","name":"Nuevo Digital de Escobar","url":"https:\/\/nuevodigitaldeescobar.com.ar\/","logo":{"@type":"ImageObject","inLanguage":"es","@id":"https:\/\/nuevodigitaldeescobar.com.ar\/#\/schema\/logo\/image\/","url":"https:\/\/nuevodigitaldeescobar.com.ar\/wp-content\/uploads\/2025\/05\/cropped-logo-nuevo2.jpg","contentUrl":"https:\/\/nuevodigitaldeescobar.com.ar\/wp-content\/uploads\/2025\/05\/cropped-logo-nuevo2.jpg","width":305,"height":305,"caption":"Nuevo Digital de Escobar"},"image":{"@id":"https:\/\/nuevodigitaldeescobar.com.ar\/#\/schema\/logo\/image\/"},"sameAs":["https:\/\/www.facebook.com\/NUEVODigitalDeEscobar","https:\/\/x.com\/nuevodigescobar","https:\/\/www.instagram.com\/nuevodigitaldeescobar"]},{"@type":"Person","@id":"https:\/\/nuevodigitaldeescobar.com.ar\/#\/schema\/person\/035e90a8efe9a80e6eec22656ad6ea4c","name":"Redacci\u00f3n","image":{"@type":"ImageObject","inLanguage":"es","@id":"https:\/\/nuevodigitaldeescobar.com.ar\/#\/schema\/person\/image\/","url":"https:\/\/secure.gravatar.com\/avatar\/8af8f40000c24e9eef3034f2be5998a372bb1389e64b1a4a36b3a7979142220d?s=96&d=mm&r=g","contentUrl":"https:\/\/secure.gravatar.com\/avatar\/8af8f40000c24e9eef3034f2be5998a372bb1389e64b1a4a36b3a7979142220d?s=96&d=mm&r=g","caption":"Redacci\u00f3n"},"sameAs":["http:\/\/nuevodigitaldeescobar.com.ar"],"url":"https:\/\/nuevodigitaldeescobar.com.ar\/?author=1"}]}},"featured_image_urls":{"full":["https:\/\/nuevodigitaldeescobar.com.ar\/wp-content\/uploads\/2024\/07\/jardin-931-escobar-1-e1720884050651.jpg",720,405,false],"thumbnail":["https:\/\/nuevodigitaldeescobar.com.ar\/wp-content\/uploads\/2024\/07\/jardin-931-escobar-1-150x150.jpg",150,150,true],"medium":["https:\/\/nuevodigitaldeescobar.com.ar\/wp-content\/uploads\/2024\/07\/jardin-931-escobar-1-300x169.jpg",300,169,true],"medium_large":["https:\/\/nuevodigitaldeescobar.com.ar\/wp-content\/uploads\/2024\/07\/jardin-931-escobar-1-768x432.jpg",640,360,true],"large":["https:\/\/nuevodigitaldeescobar.com.ar\/wp-content\/uploads\/2024\/07\/jardin-931-escobar-1-1024x576.jpg",640,360,true],"1536x1536":["https:\/\/nuevodigitaldeescobar.com.ar\/wp-content\/uploads\/2024\/07\/jardin-931-escobar-1-1536x864.jpg",1536,864,true],"2048x2048":["https:\/\/nuevodigitaldeescobar.com.ar\/wp-content\/uploads\/2024\/07\/jardin-931-escobar-1-e1720884050651.jpg",720,405,false]},"author_info":{"display_name":"Redacci\u00f3n","author_link":"https:\/\/nuevodigitaldeescobar.com.ar\/?author=1"},"category_info":"<a href=\"https:\/\/nuevodigitaldeescobar.com.ar\/?cat=4\" rel=\"category\">Educaci\u00f3n<\/a> <a href=\"https:\/\/nuevodigitaldeescobar.com.ar\/?cat=6\" rel=\"category\">Pol\u00edtica<\/a> <a href=\"https:\/\/nuevodigitaldeescobar.com.ar\/?cat=3\" rel=\"category\">Salud y Nutrici\u00f3n<\/a>","tag_info":"Salud y Nutrici\u00f3n","comment_count":"0","_links":{"self":[{"href":"https:\/\/nuevodigitaldeescobar.com.ar\/index.php?rest_route=\/wp\/v2\/posts\/6767","targetHints":{"allow":["GET"]}}],"collection":[{"href":"https:\/\/nuevodigitaldeescobar.com.ar\/index.php?rest_route=\/wp\/v2\/posts"}],"about":[{"href":"https:\/\/nuevodigitaldeescobar.com.ar\/index.php?rest_route=\/wp\/v2\/types\/post"}],"author":[{"embeddable":true,"href":"https:\/\/nuevodigitaldeescobar.com.ar\/index.php?rest_route=\/wp\/v2\/users\/1"}],"replies":[{"embeddable":true,"href":"https:\/\/nuevodigitaldeescobar.com.ar\/index.php?rest_route=%2Fwp%2Fv2%2Fcomments&post=6767"}],"version-history":[{"count":1,"href":"https:\/\/nuevodigitaldeescobar.com.ar\/index.php?rest_route=\/wp\/v2\/posts\/6767\/revisions"}],"predecessor-version":[{"id":6773,"href":"https:\/\/nuevodigitaldeescobar.com.ar\/index.php?rest_route=\/wp\/v2\/posts\/6767\/revisions\/6773"}],"wp:featuredmedia":[{"embeddable":true,"href":"https:\/\/nuevodigitaldeescobar.com.ar\/index.php?rest_route=\/wp\/v2\/media\/6771"}],"wp:attachment":[{"href":"https:\/\/nuevodigitaldeescobar.com.ar\/index.php?rest_route=%2Fwp%2Fv2%2Fmedia&parent=6767"}],"wp:term":[{"taxonomy":"category","embeddable":true,"href":"https:\/\/nuevodigitaldeescobar.com.ar\/index.php?rest_route=%2Fwp%2Fv2%2Fcategories&post=6767"},{"taxonomy":"post_tag","embeddable":true,"href":"https:\/\/nuevodigitaldeescobar.com.ar\/index.php?rest_route=%2Fwp%2Fv2%2Ftags&post=6767"}],"curies":[{"name":"wp","href":"https:\/\/api.w.org\/{rel}","templated":true}]}}