{"id":680,"date":"2023-11-04T07:12:00","date_gmt":"2023-11-04T10:12:00","guid":{"rendered":"https:\/\/nuevodigitaldeescobar.com.ar\/?p=680"},"modified":"2023-11-02T22:25:19","modified_gmt":"2023-11-03T01:25:19","slug":"mas-de-la-mitad-de-los-estudiantes-argentinos-reconoce-episodios-de-discriminacion-entre-companeros","status":"publish","type":"post","link":"https:\/\/nuevodigitaldeescobar.com.ar\/?p=680","title":{"rendered":"M\u00e1s de la mitad de los estudiantes argentinos reconoce episodios de discriminaci\u00f3n entre compa\u00f1eros"},"content":{"rendered":"<p><span style=\"color: #003366;\"><strong><em>Afirman que son molestados por caracter\u00edsticas f\u00edsicas, personales o familiares \u2013religi\u00f3n, nacionalidad, g\u00e9nero, discapacidad\u2013, con amenazas o agresiones.<\/em><\/strong><\/span><\/p>\n<p><!--more--><\/p>\n<p>La violencia en la escuela y el acoso, incluido el ciberacoso, alcanza a un n\u00famero significativo de ni\u00f1os, ni\u00f1as y adolescentes en todo el mundo, lo cual repercute en su salud, bienestar y educaci\u00f3n. Es la advertencia que lanz\u00f3 la directora general de la UNESCO, Audrey Azoulay, en el D\u00eda internacional contra la Violencia y el Acoso en la Escuela, incluido el Ciberacoso, instituido en el primer jueves de noviembre.<\/p>\n<p>La conmemoraci\u00f3n se realiza para que se reconozca que la violencia escolar, en todas sus formas, constituye una violaci\u00f3n de los derechos a la educaci\u00f3n, salud y bienestar de los ni\u00f1os, ni\u00f1as y adolescentes.<\/p>\n<p>En el marco del aumento en la preocupaci\u00f3n mundial acerca de la salud mental y el bienestar de los estudiantes, especialmente despu\u00e9s de la pandemia de Covid-19, cuyos efectos fueron devastadores para el alumnado global a nivel nacional, m\u00e1s de la mitad de los estudiantes reconocieron que en la escuela suceden episodios de discriminaci\u00f3n por aspecto f\u00edsico (75,4%), discriminaci\u00f3n por caracter\u00edsticas personales o familiares \u2013religi\u00f3n, nacionalidad, g\u00e9nero, discapacidad\u2013 (67,7%), y amenazas o agresiones entre compa\u00f1eros (54,5%).<\/p>\n<p>Surge del informe <em>\u201c\u00bfC\u00f3mo perciben la convivencia escolar los alumnos y directores de secundaria?\u201d<\/em>, del Observatorio de Argentinos por la Educaci\u00f3n, con autor\u00eda de Alejandro Castro Santander, miembro del Observatorio de la Convivencia Escolar, de la Universidad Cat\u00f3lica de Cuyo; y Mart\u00edn Nistal y Eugenia Orlicki, del Observatorio de Argentinos por la Educaci\u00f3n.<\/p>\n<p>El documento eval\u00faa la informaci\u00f3n relevada en cuestionarios complementarios respondidos por estudiantes y directores de secundarias de todo el pa\u00eds en el operativo Aprender 2019 (el \u00faltimo disponible para ese nivel).<\/p>\n<h3><strong>Diferentes visiones<\/strong><\/h3>\n<p>Sin embargo, menos del 10% de los estudiantes considera que estos episodios suceden <em>\u201csiempre\u201d<\/em>. Y con respecto a las amenazas o agresiones en redes sociales, m\u00e1s de la mitad de los estudiantes (52,8%) sostienen que esto no sucede nunca.<\/p>\n<p>Los directores difieren con la visi\u00f3n de los alumnos, ya que perciben que la frecuencia de los episodios de discriminaci\u00f3n y amenazas en la escuela es mayor que la que sienten los estudiantes.<\/p>\n<p>El 34,6% de los estudiantes del \u00faltimo a\u00f1o de secundaria est\u00e1n <em>\u201cnada\u201d<\/em> o <em>\u201cpoco\u201d<\/em> de acuerdo con la afirmaci\u00f3n de que haya buen clima de convivencia en su escuela. Por su parte, el 65,4%, percibe un buen ambiente de convivencia escolar.<\/p>\n<p>La mayor\u00eda de los estudiantes (75,2%) dice sentirse bien al ir a su escuela, mientras que 1 de cada 4 (24,8%) est\u00e1 en desacuerdo.<\/p>\n<p>El 65,1% de los estudiantes afirman que se llevan bien entre s\u00ed, mientras que el 34,9% est\u00e1 en desacuerdo con esta percepci\u00f3n.<\/p>\n<p>Por otro lado, cuando se pregunta a los directores por los problemas de convivencia entre estudiantes, solo el 2,8% considera que este es <em>\u201cun problema serio\u201d<\/em>. El 17% cree que es un <em>\u201cproblema moderado\u201d<\/em> y el 41,2% considera que se trata de <em>\u201cun problema menor\u201d<\/em>. Para 4 de cada 10 directores (39%), la convivencia entre estudiantes <em>\u201cno es un problema\u201d<\/em>.<\/p>\n<p>La percepci\u00f3n del clima de convivencia escolar var\u00eda entre los estudiantes de distintas provincias: las tres jurisdicciones con mayor proporci\u00f3n de alumnos que perciben dificultades de convivencia son Jujuy (43,4%), La Rioja (43,1%) y Catamarca (41,2%). Mientras que en el otro extremo se encuentran CABA (25,8%), La Pampa (28,3%) y Misiones (31,7%).<\/p>\n<p>La exhortaci\u00f3n de la UNESCO a las escuelas es que proporcionen un entorno seguro y propicio para el desarrollo, tanto para estudiantes como docentes.<\/p>\n<p>Ocurre que ciertas experiencias como la violencia, el acoso y la discriminaci\u00f3n en el entorno escolar pueden provocar trastornos mentales y afectar al aprendizaje, mientras que el sentimiento de seguridad en la escuela est\u00e1 estrechamente relacionado con una mayor salud mental y un mejor rendimiento educativo.<\/p>\n<p>Para muchos, destaca la funcionaria internacional, la escuela se convierte en un lugar donde toda la comunidad escolar se encuentra a merced de la violencia y el acoso.<\/p>\n<p><em>(NA)<\/em><\/p>\n","protected":false},"excerpt":{"rendered":"<p>Afirman que son molestados por caracter\u00edsticas f\u00edsicas, personales o familiares \u2013religi\u00f3n, nacionalidad, g\u00e9nero, discapacidad\u2013, con amenazas o agresiones.<\/p>\n","protected":false},"author":1,"featured_media":681,"comment_status":"open","ping_status":"closed","sticky":false,"template":"","format":"standard","meta":{"footnotes":""},"categories":[4,15],"tags":[],"class_list":["post-680","post","type-post","status-publish","format-standard","has-post-thumbnail","hentry","category-educacion","category-sociedad"],"better_featured_image":{"id":681,"alt_text":"","caption":"","description":"","media_type":"image","media_details":{"width":678,"height":541,"file":"2023\/11\/violencia-escolar-e1698974703822.jpg","filesize":53919,"sizes":{"medium":{"file":"violencia-escolar-e1698974703822-300x239.jpg","width":300,"height":239,"mime-type":"image\/jpeg","filesize":10596,"source_url":"https:\/\/nuevodigitaldeescobar.com.ar\/wp-content\/uploads\/2023\/11\/violencia-escolar-e1698974703822-300x239.jpg"},"thumbnail":{"file":"violencia-escolar-e1698974703822-150x150.jpg","width":150,"height":150,"mime-type":"image\/jpeg","filesize":5006,"source_url":"https:\/\/nuevodigitaldeescobar.com.ar\/wp-content\/uploads\/2023\/11\/violencia-escolar-e1698974703822-150x150.jpg"},"covernews-slider-center":{"file":"violencia-escolar-e1698974703822-678x500.jpg","width":678,"height":500,"mime-type":"image\/jpeg","filesize":36657,"source_url":"https:\/\/nuevodigitaldeescobar.com.ar\/wp-content\/uploads\/2023\/11\/violencia-escolar-e1698974703822-678x500.jpg"},"covernews-medium":{"file":"violencia-escolar-e1698974703822-540x340.jpg","width":540,"height":340,"mime-type":"image\/jpeg","filesize":18929,"source_url":"https:\/\/nuevodigitaldeescobar.com.ar\/wp-content\/uploads\/2023\/11\/violencia-escolar-e1698974703822-540x340.jpg"},"covernews-medium-square":{"file":"violencia-escolar-e1698974703822-400x250.jpg","width":400,"height":250,"mime-type":"image\/jpeg","filesize":12773,"source_url":"https:\/\/nuevodigitaldeescobar.com.ar\/wp-content\/uploads\/2023\/11\/violencia-escolar-e1698974703822-400x250.jpg"}},"image_meta":{"aperture":"0","credit":"","camera":"","caption":"","created_timestamp":"0","copyright":"","focal_length":"0","iso":"0","shutter_speed":"0","title":"","orientation":"0","keywords":[]}},"post":680,"source_url":"https:\/\/nuevodigitaldeescobar.com.ar\/wp-content\/uploads\/2023\/11\/violencia-escolar-e1698974703822.jpg"},"yoast_head":"<!-- This site is optimized with the Yoast SEO plugin v26.1.1 - https:\/\/yoast.com\/wordpress\/plugins\/seo\/ -->\n<title>M\u00e1s de la mitad de los estudiantes argentinos reconoce episodios de discriminaci\u00f3n entre compa\u00f1eros - Nuevo Digital de Escobar<\/title>\n<meta name=\"robots\" content=\"index, follow, max-snippet:-1, max-image-preview:large, max-video-preview:-1\" \/>\n<link rel=\"canonical\" href=\"https:\/\/nuevodigitaldeescobar.com.ar\/?p=680\" \/>\n<meta property=\"og:locale\" content=\"es_ES\" \/>\n<meta property=\"og:type\" content=\"article\" \/>\n<meta property=\"og:title\" content=\"M\u00e1s de la mitad de los estudiantes argentinos reconoce episodios de discriminaci\u00f3n entre compa\u00f1eros - Nuevo Digital de Escobar\" \/>\n<meta property=\"og:description\" content=\"Afirman que son molestados por caracter\u00edsticas f\u00edsicas, personales o familiares \u2013religi\u00f3n, nacionalidad, g\u00e9nero, discapacidad\u2013, con amenazas o agresiones.\" \/>\n<meta property=\"og:url\" content=\"https:\/\/nuevodigitaldeescobar.com.ar\/?p=680\" \/>\n<meta property=\"og:site_name\" content=\"Nuevo Digital de Escobar\" \/>\n<meta property=\"article:publisher\" content=\"https:\/\/www.facebook.com\/NUEVODigitalDeEscobar\" \/>\n<meta property=\"article:published_time\" content=\"2023-11-04T10:12:00+00:00\" \/>\n<meta property=\"og:image\" content=\"https:\/\/nuevodigitaldeescobar.com.ar\/wp-content\/uploads\/2023\/11\/violencia-escolar-e1698974703822.jpg\" \/>\n\t<meta property=\"og:image:width\" content=\"678\" \/>\n\t<meta property=\"og:image:height\" content=\"541\" \/>\n\t<meta property=\"og:image:type\" content=\"image\/jpeg\" \/>\n<meta name=\"author\" content=\"Redacci\u00f3n\" \/>\n<meta name=\"twitter:card\" content=\"summary_large_image\" \/>\n<meta name=\"twitter:creator\" content=\"@nuevodigescobar\" \/>\n<meta name=\"twitter:site\" content=\"@nuevodigescobar\" \/>\n<meta name=\"twitter:label1\" content=\"Escrito por\" \/>\n\t<meta name=\"twitter:data1\" content=\"Redacci\u00f3n\" \/>\n\t<meta name=\"twitter:label2\" content=\"Tiempo de lectura\" \/>\n\t<meta name=\"twitter:data2\" content=\"3 minutos\" \/>\n<script type=\"application\/ld+json\" class=\"yoast-schema-graph\">{\"@context\":\"https:\/\/schema.org\",\"@graph\":[{\"@type\":\"Article\",\"@id\":\"https:\/\/nuevodigitaldeescobar.com.ar\/?p=680#article\",\"isPartOf\":{\"@id\":\"https:\/\/nuevodigitaldeescobar.com.ar\/?p=680\"},\"author\":{\"name\":\"Redacci\u00f3n\",\"@id\":\"https:\/\/nuevodigitaldeescobar.com.ar\/#\/schema\/person\/035e90a8efe9a80e6eec22656ad6ea4c\"},\"headline\":\"M\u00e1s de la mitad de los estudiantes argentinos reconoce episodios de discriminaci\u00f3n entre compa\u00f1eros\",\"datePublished\":\"2023-11-04T10:12:00+00:00\",\"mainEntityOfPage\":{\"@id\":\"https:\/\/nuevodigitaldeescobar.com.ar\/?p=680\"},\"wordCount\":691,\"commentCount\":0,\"publisher\":{\"@id\":\"https:\/\/nuevodigitaldeescobar.com.ar\/#organization\"},\"image\":{\"@id\":\"https:\/\/nuevodigitaldeescobar.com.ar\/?p=680#primaryimage\"},\"thumbnailUrl\":\"https:\/\/nuevodigitaldeescobar.com.ar\/wp-content\/uploads\/2023\/11\/violencia-escolar-e1698974703822.jpg\",\"articleSection\":[\"Educaci\u00f3n\",\"Sociedad\"],\"inLanguage\":\"es\",\"potentialAction\":[{\"@type\":\"CommentAction\",\"name\":\"Comment\",\"target\":[\"https:\/\/nuevodigitaldeescobar.com.ar\/?p=680#respond\"]}]},{\"@type\":\"WebPage\",\"@id\":\"https:\/\/nuevodigitaldeescobar.com.ar\/?p=680\",\"url\":\"https:\/\/nuevodigitaldeescobar.com.ar\/?p=680\",\"name\":\"M\u00e1s de la mitad de los estudiantes argentinos reconoce episodios de discriminaci\u00f3n entre compa\u00f1eros - Nuevo Digital de Escobar\",\"isPartOf\":{\"@id\":\"https:\/\/nuevodigitaldeescobar.com.ar\/#website\"},\"primaryImageOfPage\":{\"@id\":\"https:\/\/nuevodigitaldeescobar.com.ar\/?p=680#primaryimage\"},\"image\":{\"@id\":\"https:\/\/nuevodigitaldeescobar.com.ar\/?p=680#primaryimage\"},\"thumbnailUrl\":\"https:\/\/nuevodigitaldeescobar.com.ar\/wp-content\/uploads\/2023\/11\/violencia-escolar-e1698974703822.jpg\",\"datePublished\":\"2023-11-04T10:12:00+00:00\",\"breadcrumb\":{\"@id\":\"https:\/\/nuevodigitaldeescobar.com.ar\/?p=680#breadcrumb\"},\"inLanguage\":\"es\",\"potentialAction\":[{\"@type\":\"ReadAction\",\"target\":[\"https:\/\/nuevodigitaldeescobar.com.ar\/?p=680\"]}]},{\"@type\":\"ImageObject\",\"inLanguage\":\"es\",\"@id\":\"https:\/\/nuevodigitaldeescobar.com.ar\/?p=680#primaryimage\",\"url\":\"https:\/\/nuevodigitaldeescobar.com.ar\/wp-content\/uploads\/2023\/11\/violencia-escolar-e1698974703822.jpg\",\"contentUrl\":\"https:\/\/nuevodigitaldeescobar.com.ar\/wp-content\/uploads\/2023\/11\/violencia-escolar-e1698974703822.jpg\",\"width\":678,\"height\":541},{\"@type\":\"BreadcrumbList\",\"@id\":\"https:\/\/nuevodigitaldeescobar.com.ar\/?p=680#breadcrumb\",\"itemListElement\":[{\"@type\":\"ListItem\",\"position\":1,\"name\":\"Portada\",\"item\":\"https:\/\/nuevodigitaldeescobar.com.ar\/\"},{\"@type\":\"ListItem\",\"position\":2,\"name\":\"M\u00e1s de la mitad de los estudiantes argentinos reconoce episodios de discriminaci\u00f3n entre compa\u00f1eros\"}]},{\"@type\":\"WebSite\",\"@id\":\"https:\/\/nuevodigitaldeescobar.com.ar\/#website\",\"url\":\"https:\/\/nuevodigitaldeescobar.com.ar\/\",\"name\":\"Nuevo Digital de Escobar\",\"description\":\"La vida escobarense. Directora: Rosana Brunner\",\"publisher\":{\"@id\":\"https:\/\/nuevodigitaldeescobar.com.ar\/#organization\"},\"potentialAction\":[{\"@type\":\"SearchAction\",\"target\":{\"@type\":\"EntryPoint\",\"urlTemplate\":\"https:\/\/nuevodigitaldeescobar.com.ar\/?s={search_term_string}\"},\"query-input\":{\"@type\":\"PropertyValueSpecification\",\"valueRequired\":true,\"valueName\":\"search_term_string\"}}],\"inLanguage\":\"es\"},{\"@type\":\"Organization\",\"@id\":\"https:\/\/nuevodigitaldeescobar.com.ar\/#organization\",\"name\":\"Nuevo Digital de Escobar\",\"url\":\"https:\/\/nuevodigitaldeescobar.com.ar\/\",\"logo\":{\"@type\":\"ImageObject\",\"inLanguage\":\"es\",\"@id\":\"https:\/\/nuevodigitaldeescobar.com.ar\/#\/schema\/logo\/image\/\",\"url\":\"https:\/\/nuevodigitaldeescobar.com.ar\/wp-content\/uploads\/2025\/05\/cropped-logo-nuevo2.jpg\",\"contentUrl\":\"https:\/\/nuevodigitaldeescobar.com.ar\/wp-content\/uploads\/2025\/05\/cropped-logo-nuevo2.jpg\",\"width\":305,\"height\":305,\"caption\":\"Nuevo Digital de Escobar\"},\"image\":{\"@id\":\"https:\/\/nuevodigitaldeescobar.com.ar\/#\/schema\/logo\/image\/\"},\"sameAs\":[\"https:\/\/www.facebook.com\/NUEVODigitalDeEscobar\",\"https:\/\/x.com\/nuevodigescobar\",\"https:\/\/www.instagram.com\/nuevodigitaldeescobar\"]},{\"@type\":\"Person\",\"@id\":\"https:\/\/nuevodigitaldeescobar.com.ar\/#\/schema\/person\/035e90a8efe9a80e6eec22656ad6ea4c\",\"name\":\"Redacci\u00f3n\",\"image\":{\"@type\":\"ImageObject\",\"inLanguage\":\"es\",\"@id\":\"https:\/\/nuevodigitaldeescobar.com.ar\/#\/schema\/person\/image\/\",\"url\":\"https:\/\/secure.gravatar.com\/avatar\/8af8f40000c24e9eef3034f2be5998a372bb1389e64b1a4a36b3a7979142220d?s=96&d=mm&r=g\",\"contentUrl\":\"https:\/\/secure.gravatar.com\/avatar\/8af8f40000c24e9eef3034f2be5998a372bb1389e64b1a4a36b3a7979142220d?s=96&d=mm&r=g\",\"caption\":\"Redacci\u00f3n\"},\"sameAs\":[\"http:\/\/nuevodigitaldeescobar.com.ar\"],\"url\":\"https:\/\/nuevodigitaldeescobar.com.ar\/?author=1\"}]}<\/script>\n<!-- \/ Yoast SEO plugin. -->","yoast_head_json":{"title":"M\u00e1s de la mitad de los estudiantes argentinos reconoce episodios de discriminaci\u00f3n entre compa\u00f1eros - Nuevo Digital de Escobar","robots":{"index":"index","follow":"follow","max-snippet":"max-snippet:-1","max-image-preview":"max-image-preview:large","max-video-preview":"max-video-preview:-1"},"canonical":"https:\/\/nuevodigitaldeescobar.com.ar\/?p=680","og_locale":"es_ES","og_type":"article","og_title":"M\u00e1s de la mitad de los estudiantes argentinos reconoce episodios de discriminaci\u00f3n entre compa\u00f1eros - Nuevo Digital de Escobar","og_description":"Afirman que son molestados por caracter\u00edsticas f\u00edsicas, personales o familiares \u2013religi\u00f3n, nacionalidad, g\u00e9nero, discapacidad\u2013, con amenazas o agresiones.","og_url":"https:\/\/nuevodigitaldeescobar.com.ar\/?p=680","og_site_name":"Nuevo Digital de Escobar","article_publisher":"https:\/\/www.facebook.com\/NUEVODigitalDeEscobar","article_published_time":"2023-11-04T10:12:00+00:00","og_image":[{"width":678,"height":541,"url":"https:\/\/nuevodigitaldeescobar.com.ar\/wp-content\/uploads\/2023\/11\/violencia-escolar-e1698974703822.jpg","type":"image\/jpeg"}],"author":"Redacci\u00f3n","twitter_card":"summary_large_image","twitter_creator":"@nuevodigescobar","twitter_site":"@nuevodigescobar","twitter_misc":{"Escrito por":"Redacci\u00f3n","Tiempo de lectura":"3 minutos"},"schema":{"@context":"https:\/\/schema.org","@graph":[{"@type":"Article","@id":"https:\/\/nuevodigitaldeescobar.com.ar\/?p=680#article","isPartOf":{"@id":"https:\/\/nuevodigitaldeescobar.com.ar\/?p=680"},"author":{"name":"Redacci\u00f3n","@id":"https:\/\/nuevodigitaldeescobar.com.ar\/#\/schema\/person\/035e90a8efe9a80e6eec22656ad6ea4c"},"headline":"M\u00e1s de la mitad de los estudiantes argentinos reconoce episodios de discriminaci\u00f3n entre compa\u00f1eros","datePublished":"2023-11-04T10:12:00+00:00","mainEntityOfPage":{"@id":"https:\/\/nuevodigitaldeescobar.com.ar\/?p=680"},"wordCount":691,"commentCount":0,"publisher":{"@id":"https:\/\/nuevodigitaldeescobar.com.ar\/#organization"},"image":{"@id":"https:\/\/nuevodigitaldeescobar.com.ar\/?p=680#primaryimage"},"thumbnailUrl":"https:\/\/nuevodigitaldeescobar.com.ar\/wp-content\/uploads\/2023\/11\/violencia-escolar-e1698974703822.jpg","articleSection":["Educaci\u00f3n","Sociedad"],"inLanguage":"es","potentialAction":[{"@type":"CommentAction","name":"Comment","target":["https:\/\/nuevodigitaldeescobar.com.ar\/?p=680#respond"]}]},{"@type":"WebPage","@id":"https:\/\/nuevodigitaldeescobar.com.ar\/?p=680","url":"https:\/\/nuevodigitaldeescobar.com.ar\/?p=680","name":"M\u00e1s de la mitad de los estudiantes argentinos reconoce episodios de discriminaci\u00f3n entre compa\u00f1eros - Nuevo Digital de Escobar","isPartOf":{"@id":"https:\/\/nuevodigitaldeescobar.com.ar\/#website"},"primaryImageOfPage":{"@id":"https:\/\/nuevodigitaldeescobar.com.ar\/?p=680#primaryimage"},"image":{"@id":"https:\/\/nuevodigitaldeescobar.com.ar\/?p=680#primaryimage"},"thumbnailUrl":"https:\/\/nuevodigitaldeescobar.com.ar\/wp-content\/uploads\/2023\/11\/violencia-escolar-e1698974703822.jpg","datePublished":"2023-11-04T10:12:00+00:00","breadcrumb":{"@id":"https:\/\/nuevodigitaldeescobar.com.ar\/?p=680#breadcrumb"},"inLanguage":"es","potentialAction":[{"@type":"ReadAction","target":["https:\/\/nuevodigitaldeescobar.com.ar\/?p=680"]}]},{"@type":"ImageObject","inLanguage":"es","@id":"https:\/\/nuevodigitaldeescobar.com.ar\/?p=680#primaryimage","url":"https:\/\/nuevodigitaldeescobar.com.ar\/wp-content\/uploads\/2023\/11\/violencia-escolar-e1698974703822.jpg","contentUrl":"https:\/\/nuevodigitaldeescobar.com.ar\/wp-content\/uploads\/2023\/11\/violencia-escolar-e1698974703822.jpg","width":678,"height":541},{"@type":"BreadcrumbList","@id":"https:\/\/nuevodigitaldeescobar.com.ar\/?p=680#breadcrumb","itemListElement":[{"@type":"ListItem","position":1,"name":"Portada","item":"https:\/\/nuevodigitaldeescobar.com.ar\/"},{"@type":"ListItem","position":2,"name":"M\u00e1s de la mitad de los estudiantes argentinos reconoce episodios de discriminaci\u00f3n entre compa\u00f1eros"}]},{"@type":"WebSite","@id":"https:\/\/nuevodigitaldeescobar.com.ar\/#website","url":"https:\/\/nuevodigitaldeescobar.com.ar\/","name":"Nuevo Digital de Escobar","description":"La vida escobarense. Directora: Rosana Brunner","publisher":{"@id":"https:\/\/nuevodigitaldeescobar.com.ar\/#organization"},"potentialAction":[{"@type":"SearchAction","target":{"@type":"EntryPoint","urlTemplate":"https:\/\/nuevodigitaldeescobar.com.ar\/?s={search_term_string}"},"query-input":{"@type":"PropertyValueSpecification","valueRequired":true,"valueName":"search_term_string"}}],"inLanguage":"es"},{"@type":"Organization","@id":"https:\/\/nuevodigitaldeescobar.com.ar\/#organization","name":"Nuevo Digital de Escobar","url":"https:\/\/nuevodigitaldeescobar.com.ar\/","logo":{"@type":"ImageObject","inLanguage":"es","@id":"https:\/\/nuevodigitaldeescobar.com.ar\/#\/schema\/logo\/image\/","url":"https:\/\/nuevodigitaldeescobar.com.ar\/wp-content\/uploads\/2025\/05\/cropped-logo-nuevo2.jpg","contentUrl":"https:\/\/nuevodigitaldeescobar.com.ar\/wp-content\/uploads\/2025\/05\/cropped-logo-nuevo2.jpg","width":305,"height":305,"caption":"Nuevo Digital de Escobar"},"image":{"@id":"https:\/\/nuevodigitaldeescobar.com.ar\/#\/schema\/logo\/image\/"},"sameAs":["https:\/\/www.facebook.com\/NUEVODigitalDeEscobar","https:\/\/x.com\/nuevodigescobar","https:\/\/www.instagram.com\/nuevodigitaldeescobar"]},{"@type":"Person","@id":"https:\/\/nuevodigitaldeescobar.com.ar\/#\/schema\/person\/035e90a8efe9a80e6eec22656ad6ea4c","name":"Redacci\u00f3n","image":{"@type":"ImageObject","inLanguage":"es","@id":"https:\/\/nuevodigitaldeescobar.com.ar\/#\/schema\/person\/image\/","url":"https:\/\/secure.gravatar.com\/avatar\/8af8f40000c24e9eef3034f2be5998a372bb1389e64b1a4a36b3a7979142220d?s=96&d=mm&r=g","contentUrl":"https:\/\/secure.gravatar.com\/avatar\/8af8f40000c24e9eef3034f2be5998a372bb1389e64b1a4a36b3a7979142220d?s=96&d=mm&r=g","caption":"Redacci\u00f3n"},"sameAs":["http:\/\/nuevodigitaldeescobar.com.ar"],"url":"https:\/\/nuevodigitaldeescobar.com.ar\/?author=1"}]}},"featured_image_urls":{"full":["https:\/\/nuevodigitaldeescobar.com.ar\/wp-content\/uploads\/2023\/11\/violencia-escolar-e1698974703822.jpg",678,541,false],"thumbnail":["https:\/\/nuevodigitaldeescobar.com.ar\/wp-content\/uploads\/2023\/11\/violencia-escolar-e1698974703822-150x150.jpg",150,150,true],"medium":["https:\/\/nuevodigitaldeescobar.com.ar\/wp-content\/uploads\/2023\/11\/violencia-escolar-e1698974703822-300x239.jpg",300,239,true],"medium_large":["https:\/\/nuevodigitaldeescobar.com.ar\/wp-content\/uploads\/2023\/11\/violencia-escolar-e1698974703822.jpg",640,511,false],"large":["https:\/\/nuevodigitaldeescobar.com.ar\/wp-content\/uploads\/2023\/11\/violencia-escolar-e1698974703822.jpg",640,511,false],"1536x1536":["https:\/\/nuevodigitaldeescobar.com.ar\/wp-content\/uploads\/2023\/11\/violencia-escolar-e1698974703822.jpg",678,541,false],"2048x2048":["https:\/\/nuevodigitaldeescobar.com.ar\/wp-content\/uploads\/2023\/11\/violencia-escolar-e1698974703822.jpg",678,541,false]},"author_info":{"display_name":"Redacci\u00f3n","author_link":"https:\/\/nuevodigitaldeescobar.com.ar\/?author=1"},"category_info":"<a href=\"https:\/\/nuevodigitaldeescobar.com.ar\/?cat=4\" rel=\"category\">Educaci\u00f3n<\/a> <a href=\"https:\/\/nuevodigitaldeescobar.com.ar\/?cat=15\" rel=\"category\">Sociedad<\/a>","tag_info":"Sociedad","comment_count":"0","_links":{"self":[{"href":"https:\/\/nuevodigitaldeescobar.com.ar\/index.php?rest_route=\/wp\/v2\/posts\/680","targetHints":{"allow":["GET"]}}],"collection":[{"href":"https:\/\/nuevodigitaldeescobar.com.ar\/index.php?rest_route=\/wp\/v2\/posts"}],"about":[{"href":"https:\/\/nuevodigitaldeescobar.com.ar\/index.php?rest_route=\/wp\/v2\/types\/post"}],"author":[{"embeddable":true,"href":"https:\/\/nuevodigitaldeescobar.com.ar\/index.php?rest_route=\/wp\/v2\/users\/1"}],"replies":[{"embeddable":true,"href":"https:\/\/nuevodigitaldeescobar.com.ar\/index.php?rest_route=%2Fwp%2Fv2%2Fcomments&post=680"}],"version-history":[{"count":1,"href":"https:\/\/nuevodigitaldeescobar.com.ar\/index.php?rest_route=\/wp\/v2\/posts\/680\/revisions"}],"predecessor-version":[{"id":682,"href":"https:\/\/nuevodigitaldeescobar.com.ar\/index.php?rest_route=\/wp\/v2\/posts\/680\/revisions\/682"}],"wp:featuredmedia":[{"embeddable":true,"href":"https:\/\/nuevodigitaldeescobar.com.ar\/index.php?rest_route=\/wp\/v2\/media\/681"}],"wp:attachment":[{"href":"https:\/\/nuevodigitaldeescobar.com.ar\/index.php?rest_route=%2Fwp%2Fv2%2Fmedia&parent=680"}],"wp:term":[{"taxonomy":"category","embeddable":true,"href":"https:\/\/nuevodigitaldeescobar.com.ar\/index.php?rest_route=%2Fwp%2Fv2%2Fcategories&post=680"},{"taxonomy":"post_tag","embeddable":true,"href":"https:\/\/nuevodigitaldeescobar.com.ar\/index.php?rest_route=%2Fwp%2Fv2%2Ftags&post=680"}],"curies":[{"name":"wp","href":"https:\/\/api.w.org\/{rel}","templated":true}]}}