{"id":6858,"date":"2024-07-18T13:13:37","date_gmt":"2024-07-18T16:13:37","guid":{"rendered":"https:\/\/nuevodigitaldeescobar.com.ar\/?p=6858"},"modified":"2024-07-18T13:25:40","modified_gmt":"2024-07-18T16:25:40","slug":"6858","status":"publish","type":"post","link":"https:\/\/nuevodigitaldeescobar.com.ar\/?p=6858","title":{"rendered":"A 30 a\u00f1os del ataque de la AMIA, el Gobierno promulga la ley que declara el 18 de julio D\u00eda de Duelo Nacional"},"content":{"rendered":"<p><span style=\"color: #003366;\"><strong><em>El presidente Javier Milei, acompa\u00f1ado por parte de su gabinete, particip\u00f3 en el evento del 30\u00b0 aniversario del atentado.<\/em><\/strong><\/span><\/p>\n<p><!--more--><\/p>\n<hr \/>\n<p>El Gobierno Nacional promulg\u00f3 este jueves la <a href=\"https:\/\/www.boletinoficial.gob.ar\/detalleAviso\/primera\/310684\/20240718\">Ley 27.744<\/a>, que declara el 18 de julio como D\u00eda de Duelo Nacional en homenaje a las v\u00edctimas del atentado terrorista a la AMIA, al cumplirse 30 a\u00f1os de la tragedia que sacudi\u00f3 al pa\u00eds. La iniciativa, convertida en ley por el Senado el pasado 4 de julio, fue promulgada mediante el <a href=\"https:\/\/www.boletinoficial.gob.ar\/detalleAviso\/primera\/310685\/20240718\">Decreto 632<\/a>, firmado por el presidente Javier Milei y el jefe de Gabinete Guillermo Francos.<\/p>\n<p>La promulgaci\u00f3n de esta ley lleg\u00f3 justo antes del acto central en la sede de la AMIA, donde el presidente Milei, junto a funcionarios del Gobierno Nacional, la oposici\u00f3n y dirigentes comunitarios de la comunidad jud\u00eda, se reunieron para recordar el ataque y rendir homenaje a las v\u00edctimas.<\/p>\n<p>El proyecto establece que cada 18 de julio se conmemorar\u00e1 el D\u00eda de Duelo Nacional, manteniendo la Bandera Nacional izada a media asta en edificios y lugares p\u00fablicos en memoria de los 85 fallecidos y m\u00e1s de 300 heridos. Adem\u00e1s, se determina que el Ministerio de Educaci\u00f3n, a trav\u00e9s del Consejo Federal de Educaci\u00f3n, coordinar\u00e1 con las autoridades educativas de las provincias y la Ciudad Aut\u00f3noma de Buenos Aires para organizar actividades conmemorativas en establecimientos educativos de gesti\u00f3n estatal y privada.<\/p>\n<p>El atentado, perpetrado el 18 de julio de 1994, fue uno de los episodios m\u00e1s oscuros de la historia argentina, cuando un coche bomba explot\u00f3 frente a la sede de la AMIA, causando una devastaci\u00f3n que a\u00fan resuena en la memoria colectiva del pa\u00eds.<\/p>\n<h3><span style=\"color: #003366;\">El acto en la sede con la presencia de Milei<\/span><\/h3>\n<p>Durante el acto conmemorativo, que comenz\u00f3 a las 09:53, hora exacta del atentado, sonaron las sirenas y se leyeron los nombres de las v\u00edctimas. El presidente Javier Milei, acompa\u00f1ado por parte de su gabinete, particip\u00f3 en el evento del 30\u00b0 aniversario del atentado a la AMIA. El acto se desarroll\u00f3 en un clima de alta tensi\u00f3n debido a recientes amenazas de Ir\u00e1n, que public\u00f3 un editorial intimidatorio en el Tehran Times dirigido al gobierno argentino.<\/p>\n<p><a href=\"https:\/\/nuevodigitaldeescobar.com.ar\/?attachment_id=6859\" rel=\"attachment wp-att-6859\"><img fetchpriority=\"high\" decoding=\"async\" class=\"alignnone size-full wp-image-6859\" src=\"http:\/\/nuevodigitaldeescobar.com.ar\/wp-content\/uploads\/2024\/07\/amia-milei-e1721319166136.jpg\" alt=\"\" width=\"760\" height=\"522\" srcset=\"https:\/\/nuevodigitaldeescobar.com.ar\/wp-content\/uploads\/2024\/07\/amia-milei-e1721319166136.jpg 760w, https:\/\/nuevodigitaldeescobar.com.ar\/wp-content\/uploads\/2024\/07\/amia-milei-e1721319166136-300x206.jpg 300w\" sizes=\"(max-width: 760px) 100vw, 760px\" \/><\/a><\/p>\n<p>En su discurso, el presidente de la AMIA, Amos Linetzky, expres\u00f3 la profunda frustraci\u00f3n y dolor por la falta de justicia a 30 a\u00f1os del ataque. <em>\u201cParece mentira que hayan pasado 30 a\u00f1os sin una sola persona respondiendo por este ataque. El Estado mir\u00f3 para otro lado, con una pobre actuaci\u00f3n de la fiscal\u00eda y una falta de reacci\u00f3n del Poder Legislativo\u201d<\/em>, afirm\u00f3 Linetzky. Asimismo, hizo un llamado a la colaboraci\u00f3n internacional para declarar a Hezbollah como organizaci\u00f3n terrorista y urgi\u00f3 al Gobierno a considerar la causa AMIA como una cuesti\u00f3n de Estado.<\/p>\n<p><em>(BorderPeriodismo)<\/em><\/p>\n","protected":false},"excerpt":{"rendered":"<p>El presidente Javier Milei, acompa\u00f1ado por parte de su gabinete, particip\u00f3 en el evento del 30\u00b0 aniversario del atentado.<\/p>\n","protected":false},"author":1,"featured_media":6860,"comment_status":"open","ping_status":"open","sticky":false,"template":"","format":"standard","meta":{"footnotes":""},"categories":[15],"tags":[],"class_list":["post-6858","post","type-post","status-publish","format-standard","has-post-thumbnail","hentry","category-sociedad"],"better_featured_image":{"id":6860,"alt_text":"","caption":"","description":"","media_type":"image","media_details":{"width":765,"height":562,"file":"2024\/07\/amia-1-e1721319212387.jpg","filesize":74586,"sizes":{"medium":{"file":"amia-1-e1721319212387-300x220.jpg","width":300,"height":220,"mime-type":"image\/jpeg","filesize":13512,"source_url":"https:\/\/nuevodigitaldeescobar.com.ar\/wp-content\/uploads\/2024\/07\/amia-1-e1721319212387-300x220.jpg"},"thumbnail":{"file":"amia-1-e1721319212387-150x150.jpg","width":150,"height":150,"mime-type":"image\/jpeg","filesize":5561,"source_url":"https:\/\/nuevodigitaldeescobar.com.ar\/wp-content\/uploads\/2024\/07\/amia-1-e1721319212387-150x150.jpg"},"medium_large":{"file":"amia-1-768x576.jpg","width":768,"height":576,"mime-type":"image\/jpeg","filesize":50694,"source_url":"https:\/\/nuevodigitaldeescobar.com.ar\/wp-content\/uploads\/2024\/07\/amia-1-768x576.jpg"}},"image_meta":{"aperture":"0","credit":"","camera":"","caption":"","created_timestamp":"0","copyright":"","focal_length":"0","iso":"0","shutter_speed":"0","title":"","orientation":"0","keywords":[]}},"post":6858,"source_url":"https:\/\/nuevodigitaldeescobar.com.ar\/wp-content\/uploads\/2024\/07\/amia-1-e1721319212387.jpg"},"yoast_head":"<!-- This site is optimized with the Yoast SEO plugin v26.1.1 - https:\/\/yoast.com\/wordpress\/plugins\/seo\/ -->\n<title>A 30 a\u00f1os del ataque de la AMIA, el Gobierno promulga la ley que declara el 18 de julio D\u00eda de Duelo Nacional - Nuevo Digital de Escobar<\/title>\n<meta name=\"robots\" content=\"index, follow, max-snippet:-1, max-image-preview:large, max-video-preview:-1\" \/>\n<link rel=\"canonical\" href=\"https:\/\/nuevodigitaldeescobar.com.ar\/?p=6858\" \/>\n<meta property=\"og:locale\" content=\"es_ES\" \/>\n<meta property=\"og:type\" content=\"article\" \/>\n<meta property=\"og:title\" content=\"A 30 a\u00f1os del ataque de la AMIA, el Gobierno promulga la ley que declara el 18 de julio D\u00eda de Duelo Nacional - Nuevo Digital de Escobar\" \/>\n<meta property=\"og:description\" content=\"El presidente Javier Milei, acompa\u00f1ado por parte de su gabinete, particip\u00f3 en el evento del 30\u00b0 aniversario del atentado.\" \/>\n<meta property=\"og:url\" content=\"https:\/\/nuevodigitaldeescobar.com.ar\/?p=6858\" \/>\n<meta property=\"og:site_name\" content=\"Nuevo Digital de Escobar\" \/>\n<meta property=\"article:publisher\" content=\"https:\/\/www.facebook.com\/NUEVODigitalDeEscobar\" \/>\n<meta property=\"article:published_time\" content=\"2024-07-18T16:13:37+00:00\" \/>\n<meta property=\"article:modified_time\" content=\"2024-07-18T16:25:40+00:00\" \/>\n<meta property=\"og:image\" content=\"https:\/\/nuevodigitaldeescobar.com.ar\/wp-content\/uploads\/2024\/07\/amia-1-e1721319212387.jpg\" \/>\n\t<meta property=\"og:image:width\" content=\"765\" \/>\n\t<meta property=\"og:image:height\" content=\"562\" \/>\n\t<meta property=\"og:image:type\" content=\"image\/jpeg\" \/>\n<meta name=\"author\" content=\"Redacci\u00f3n\" \/>\n<meta name=\"twitter:card\" content=\"summary_large_image\" \/>\n<meta name=\"twitter:creator\" content=\"@nuevodigescobar\" \/>\n<meta name=\"twitter:site\" content=\"@nuevodigescobar\" \/>\n<meta name=\"twitter:label1\" content=\"Escrito por\" \/>\n\t<meta name=\"twitter:data1\" content=\"Redacci\u00f3n\" \/>\n\t<meta name=\"twitter:label2\" content=\"Tiempo de lectura\" \/>\n\t<meta name=\"twitter:data2\" content=\"2 minutos\" \/>\n<script type=\"application\/ld+json\" class=\"yoast-schema-graph\">{\"@context\":\"https:\/\/schema.org\",\"@graph\":[{\"@type\":\"Article\",\"@id\":\"https:\/\/nuevodigitaldeescobar.com.ar\/?p=6858#article\",\"isPartOf\":{\"@id\":\"https:\/\/nuevodigitaldeescobar.com.ar\/?p=6858\"},\"author\":{\"name\":\"Redacci\u00f3n\",\"@id\":\"https:\/\/nuevodigitaldeescobar.com.ar\/#\/schema\/person\/035e90a8efe9a80e6eec22656ad6ea4c\"},\"headline\":\"A 30 a\u00f1os del ataque de la AMIA, el Gobierno promulga la ley que declara el 18 de julio D\u00eda de Duelo Nacional\",\"datePublished\":\"2024-07-18T16:13:37+00:00\",\"dateModified\":\"2024-07-18T16:25:40+00:00\",\"mainEntityOfPage\":{\"@id\":\"https:\/\/nuevodigitaldeescobar.com.ar\/?p=6858\"},\"wordCount\":488,\"commentCount\":0,\"publisher\":{\"@id\":\"https:\/\/nuevodigitaldeescobar.com.ar\/#organization\"},\"image\":{\"@id\":\"https:\/\/nuevodigitaldeescobar.com.ar\/?p=6858#primaryimage\"},\"thumbnailUrl\":\"https:\/\/nuevodigitaldeescobar.com.ar\/wp-content\/uploads\/2024\/07\/amia-1-e1721319212387.jpg\",\"articleSection\":[\"Sociedad\"],\"inLanguage\":\"es\",\"potentialAction\":[{\"@type\":\"CommentAction\",\"name\":\"Comment\",\"target\":[\"https:\/\/nuevodigitaldeescobar.com.ar\/?p=6858#respond\"]}]},{\"@type\":\"WebPage\",\"@id\":\"https:\/\/nuevodigitaldeescobar.com.ar\/?p=6858\",\"url\":\"https:\/\/nuevodigitaldeescobar.com.ar\/?p=6858\",\"name\":\"A 30 a\u00f1os del ataque de la AMIA, el Gobierno promulga la ley que declara el 18 de julio D\u00eda de Duelo Nacional - Nuevo Digital de Escobar\",\"isPartOf\":{\"@id\":\"https:\/\/nuevodigitaldeescobar.com.ar\/#website\"},\"primaryImageOfPage\":{\"@id\":\"https:\/\/nuevodigitaldeescobar.com.ar\/?p=6858#primaryimage\"},\"image\":{\"@id\":\"https:\/\/nuevodigitaldeescobar.com.ar\/?p=6858#primaryimage\"},\"thumbnailUrl\":\"https:\/\/nuevodigitaldeescobar.com.ar\/wp-content\/uploads\/2024\/07\/amia-1-e1721319212387.jpg\",\"datePublished\":\"2024-07-18T16:13:37+00:00\",\"dateModified\":\"2024-07-18T16:25:40+00:00\",\"breadcrumb\":{\"@id\":\"https:\/\/nuevodigitaldeescobar.com.ar\/?p=6858#breadcrumb\"},\"inLanguage\":\"es\",\"potentialAction\":[{\"@type\":\"ReadAction\",\"target\":[\"https:\/\/nuevodigitaldeescobar.com.ar\/?p=6858\"]}]},{\"@type\":\"ImageObject\",\"inLanguage\":\"es\",\"@id\":\"https:\/\/nuevodigitaldeescobar.com.ar\/?p=6858#primaryimage\",\"url\":\"https:\/\/nuevodigitaldeescobar.com.ar\/wp-content\/uploads\/2024\/07\/amia-1-e1721319212387.jpg\",\"contentUrl\":\"https:\/\/nuevodigitaldeescobar.com.ar\/wp-content\/uploads\/2024\/07\/amia-1-e1721319212387.jpg\",\"width\":765,\"height\":562},{\"@type\":\"BreadcrumbList\",\"@id\":\"https:\/\/nuevodigitaldeescobar.com.ar\/?p=6858#breadcrumb\",\"itemListElement\":[{\"@type\":\"ListItem\",\"position\":1,\"name\":\"Portada\",\"item\":\"https:\/\/nuevodigitaldeescobar.com.ar\/\"},{\"@type\":\"ListItem\",\"position\":2,\"name\":\"A 30 a\u00f1os del ataque de la AMIA, el Gobierno promulga la ley que declara el 18 de julio D\u00eda de Duelo Nacional\"}]},{\"@type\":\"WebSite\",\"@id\":\"https:\/\/nuevodigitaldeescobar.com.ar\/#website\",\"url\":\"https:\/\/nuevodigitaldeescobar.com.ar\/\",\"name\":\"Nuevo Digital de Escobar\",\"description\":\"La vida escobarense. Directora: Rosana Brunner\",\"publisher\":{\"@id\":\"https:\/\/nuevodigitaldeescobar.com.ar\/#organization\"},\"potentialAction\":[{\"@type\":\"SearchAction\",\"target\":{\"@type\":\"EntryPoint\",\"urlTemplate\":\"https:\/\/nuevodigitaldeescobar.com.ar\/?s={search_term_string}\"},\"query-input\":{\"@type\":\"PropertyValueSpecification\",\"valueRequired\":true,\"valueName\":\"search_term_string\"}}],\"inLanguage\":\"es\"},{\"@type\":\"Organization\",\"@id\":\"https:\/\/nuevodigitaldeescobar.com.ar\/#organization\",\"name\":\"Nuevo Digital de Escobar\",\"url\":\"https:\/\/nuevodigitaldeescobar.com.ar\/\",\"logo\":{\"@type\":\"ImageObject\",\"inLanguage\":\"es\",\"@id\":\"https:\/\/nuevodigitaldeescobar.com.ar\/#\/schema\/logo\/image\/\",\"url\":\"https:\/\/nuevodigitaldeescobar.com.ar\/wp-content\/uploads\/2025\/05\/cropped-logo-nuevo2.jpg\",\"contentUrl\":\"https:\/\/nuevodigitaldeescobar.com.ar\/wp-content\/uploads\/2025\/05\/cropped-logo-nuevo2.jpg\",\"width\":305,\"height\":305,\"caption\":\"Nuevo Digital de Escobar\"},\"image\":{\"@id\":\"https:\/\/nuevodigitaldeescobar.com.ar\/#\/schema\/logo\/image\/\"},\"sameAs\":[\"https:\/\/www.facebook.com\/NUEVODigitalDeEscobar\",\"https:\/\/x.com\/nuevodigescobar\",\"https:\/\/www.instagram.com\/nuevodigitaldeescobar\"]},{\"@type\":\"Person\",\"@id\":\"https:\/\/nuevodigitaldeescobar.com.ar\/#\/schema\/person\/035e90a8efe9a80e6eec22656ad6ea4c\",\"name\":\"Redacci\u00f3n\",\"image\":{\"@type\":\"ImageObject\",\"inLanguage\":\"es\",\"@id\":\"https:\/\/nuevodigitaldeescobar.com.ar\/#\/schema\/person\/image\/\",\"url\":\"https:\/\/secure.gravatar.com\/avatar\/8af8f40000c24e9eef3034f2be5998a372bb1389e64b1a4a36b3a7979142220d?s=96&d=mm&r=g\",\"contentUrl\":\"https:\/\/secure.gravatar.com\/avatar\/8af8f40000c24e9eef3034f2be5998a372bb1389e64b1a4a36b3a7979142220d?s=96&d=mm&r=g\",\"caption\":\"Redacci\u00f3n\"},\"sameAs\":[\"http:\/\/nuevodigitaldeescobar.com.ar\"],\"url\":\"https:\/\/nuevodigitaldeescobar.com.ar\/?author=1\"}]}<\/script>\n<!-- \/ Yoast SEO plugin. -->","yoast_head_json":{"title":"A 30 a\u00f1os del ataque de la AMIA, el Gobierno promulga la ley que declara el 18 de julio D\u00eda de Duelo Nacional - Nuevo Digital de Escobar","robots":{"index":"index","follow":"follow","max-snippet":"max-snippet:-1","max-image-preview":"max-image-preview:large","max-video-preview":"max-video-preview:-1"},"canonical":"https:\/\/nuevodigitaldeescobar.com.ar\/?p=6858","og_locale":"es_ES","og_type":"article","og_title":"A 30 a\u00f1os del ataque de la AMIA, el Gobierno promulga la ley que declara el 18 de julio D\u00eda de Duelo Nacional - Nuevo Digital de Escobar","og_description":"El presidente Javier Milei, acompa\u00f1ado por parte de su gabinete, particip\u00f3 en el evento del 30\u00b0 aniversario del atentado.","og_url":"https:\/\/nuevodigitaldeescobar.com.ar\/?p=6858","og_site_name":"Nuevo Digital de Escobar","article_publisher":"https:\/\/www.facebook.com\/NUEVODigitalDeEscobar","article_published_time":"2024-07-18T16:13:37+00:00","article_modified_time":"2024-07-18T16:25:40+00:00","og_image":[{"width":765,"height":562,"url":"https:\/\/nuevodigitaldeescobar.com.ar\/wp-content\/uploads\/2024\/07\/amia-1-e1721319212387.jpg","type":"image\/jpeg"}],"author":"Redacci\u00f3n","twitter_card":"summary_large_image","twitter_creator":"@nuevodigescobar","twitter_site":"@nuevodigescobar","twitter_misc":{"Escrito por":"Redacci\u00f3n","Tiempo de lectura":"2 minutos"},"schema":{"@context":"https:\/\/schema.org","@graph":[{"@type":"Article","@id":"https:\/\/nuevodigitaldeescobar.com.ar\/?p=6858#article","isPartOf":{"@id":"https:\/\/nuevodigitaldeescobar.com.ar\/?p=6858"},"author":{"name":"Redacci\u00f3n","@id":"https:\/\/nuevodigitaldeescobar.com.ar\/#\/schema\/person\/035e90a8efe9a80e6eec22656ad6ea4c"},"headline":"A 30 a\u00f1os del ataque de la AMIA, el Gobierno promulga la ley que declara el 18 de julio D\u00eda de Duelo Nacional","datePublished":"2024-07-18T16:13:37+00:00","dateModified":"2024-07-18T16:25:40+00:00","mainEntityOfPage":{"@id":"https:\/\/nuevodigitaldeescobar.com.ar\/?p=6858"},"wordCount":488,"commentCount":0,"publisher":{"@id":"https:\/\/nuevodigitaldeescobar.com.ar\/#organization"},"image":{"@id":"https:\/\/nuevodigitaldeescobar.com.ar\/?p=6858#primaryimage"},"thumbnailUrl":"https:\/\/nuevodigitaldeescobar.com.ar\/wp-content\/uploads\/2024\/07\/amia-1-e1721319212387.jpg","articleSection":["Sociedad"],"inLanguage":"es","potentialAction":[{"@type":"CommentAction","name":"Comment","target":["https:\/\/nuevodigitaldeescobar.com.ar\/?p=6858#respond"]}]},{"@type":"WebPage","@id":"https:\/\/nuevodigitaldeescobar.com.ar\/?p=6858","url":"https:\/\/nuevodigitaldeescobar.com.ar\/?p=6858","name":"A 30 a\u00f1os del ataque de la AMIA, el Gobierno promulga la ley que declara el 18 de julio D\u00eda de Duelo Nacional - Nuevo Digital de Escobar","isPartOf":{"@id":"https:\/\/nuevodigitaldeescobar.com.ar\/#website"},"primaryImageOfPage":{"@id":"https:\/\/nuevodigitaldeescobar.com.ar\/?p=6858#primaryimage"},"image":{"@id":"https:\/\/nuevodigitaldeescobar.com.ar\/?p=6858#primaryimage"},"thumbnailUrl":"https:\/\/nuevodigitaldeescobar.com.ar\/wp-content\/uploads\/2024\/07\/amia-1-e1721319212387.jpg","datePublished":"2024-07-18T16:13:37+00:00","dateModified":"2024-07-18T16:25:40+00:00","breadcrumb":{"@id":"https:\/\/nuevodigitaldeescobar.com.ar\/?p=6858#breadcrumb"},"inLanguage":"es","potentialAction":[{"@type":"ReadAction","target":["https:\/\/nuevodigitaldeescobar.com.ar\/?p=6858"]}]},{"@type":"ImageObject","inLanguage":"es","@id":"https:\/\/nuevodigitaldeescobar.com.ar\/?p=6858#primaryimage","url":"https:\/\/nuevodigitaldeescobar.com.ar\/wp-content\/uploads\/2024\/07\/amia-1-e1721319212387.jpg","contentUrl":"https:\/\/nuevodigitaldeescobar.com.ar\/wp-content\/uploads\/2024\/07\/amia-1-e1721319212387.jpg","width":765,"height":562},{"@type":"BreadcrumbList","@id":"https:\/\/nuevodigitaldeescobar.com.ar\/?p=6858#breadcrumb","itemListElement":[{"@type":"ListItem","position":1,"name":"Portada","item":"https:\/\/nuevodigitaldeescobar.com.ar\/"},{"@type":"ListItem","position":2,"name":"A 30 a\u00f1os del ataque de la AMIA, el Gobierno promulga la ley que declara el 18 de julio D\u00eda de Duelo Nacional"}]},{"@type":"WebSite","@id":"https:\/\/nuevodigitaldeescobar.com.ar\/#website","url":"https:\/\/nuevodigitaldeescobar.com.ar\/","name":"Nuevo Digital de Escobar","description":"La vida escobarense. Directora: Rosana Brunner","publisher":{"@id":"https:\/\/nuevodigitaldeescobar.com.ar\/#organization"},"potentialAction":[{"@type":"SearchAction","target":{"@type":"EntryPoint","urlTemplate":"https:\/\/nuevodigitaldeescobar.com.ar\/?s={search_term_string}"},"query-input":{"@type":"PropertyValueSpecification","valueRequired":true,"valueName":"search_term_string"}}],"inLanguage":"es"},{"@type":"Organization","@id":"https:\/\/nuevodigitaldeescobar.com.ar\/#organization","name":"Nuevo Digital de Escobar","url":"https:\/\/nuevodigitaldeescobar.com.ar\/","logo":{"@type":"ImageObject","inLanguage":"es","@id":"https:\/\/nuevodigitaldeescobar.com.ar\/#\/schema\/logo\/image\/","url":"https:\/\/nuevodigitaldeescobar.com.ar\/wp-content\/uploads\/2025\/05\/cropped-logo-nuevo2.jpg","contentUrl":"https:\/\/nuevodigitaldeescobar.com.ar\/wp-content\/uploads\/2025\/05\/cropped-logo-nuevo2.jpg","width":305,"height":305,"caption":"Nuevo Digital de Escobar"},"image":{"@id":"https:\/\/nuevodigitaldeescobar.com.ar\/#\/schema\/logo\/image\/"},"sameAs":["https:\/\/www.facebook.com\/NUEVODigitalDeEscobar","https:\/\/x.com\/nuevodigescobar","https:\/\/www.instagram.com\/nuevodigitaldeescobar"]},{"@type":"Person","@id":"https:\/\/nuevodigitaldeescobar.com.ar\/#\/schema\/person\/035e90a8efe9a80e6eec22656ad6ea4c","name":"Redacci\u00f3n","image":{"@type":"ImageObject","inLanguage":"es","@id":"https:\/\/nuevodigitaldeescobar.com.ar\/#\/schema\/person\/image\/","url":"https:\/\/secure.gravatar.com\/avatar\/8af8f40000c24e9eef3034f2be5998a372bb1389e64b1a4a36b3a7979142220d?s=96&d=mm&r=g","contentUrl":"https:\/\/secure.gravatar.com\/avatar\/8af8f40000c24e9eef3034f2be5998a372bb1389e64b1a4a36b3a7979142220d?s=96&d=mm&r=g","caption":"Redacci\u00f3n"},"sameAs":["http:\/\/nuevodigitaldeescobar.com.ar"],"url":"https:\/\/nuevodigitaldeescobar.com.ar\/?author=1"}]}},"featured_image_urls":{"full":["https:\/\/nuevodigitaldeescobar.com.ar\/wp-content\/uploads\/2024\/07\/amia-1-e1721319212387.jpg",765,562,false],"thumbnail":["https:\/\/nuevodigitaldeescobar.com.ar\/wp-content\/uploads\/2024\/07\/amia-1-e1721319212387-150x150.jpg",150,150,true],"medium":["https:\/\/nuevodigitaldeescobar.com.ar\/wp-content\/uploads\/2024\/07\/amia-1-e1721319212387-300x220.jpg",300,220,true],"medium_large":["https:\/\/nuevodigitaldeescobar.com.ar\/wp-content\/uploads\/2024\/07\/amia-1-768x576.jpg",640,480,true],"large":["https:\/\/nuevodigitaldeescobar.com.ar\/wp-content\/uploads\/2024\/07\/amia-1-e1721319212387.jpg",640,470,false],"1536x1536":["https:\/\/nuevodigitaldeescobar.com.ar\/wp-content\/uploads\/2024\/07\/amia-1-e1721319212387.jpg",765,562,false],"2048x2048":["https:\/\/nuevodigitaldeescobar.com.ar\/wp-content\/uploads\/2024\/07\/amia-1-e1721319212387.jpg",765,562,false]},"author_info":{"display_name":"Redacci\u00f3n","author_link":"https:\/\/nuevodigitaldeescobar.com.ar\/?author=1"},"category_info":"<a href=\"https:\/\/nuevodigitaldeescobar.com.ar\/?cat=15\" rel=\"category\">Sociedad<\/a>","tag_info":"Sociedad","comment_count":"0","_links":{"self":[{"href":"https:\/\/nuevodigitaldeescobar.com.ar\/index.php?rest_route=\/wp\/v2\/posts\/6858","targetHints":{"allow":["GET"]}}],"collection":[{"href":"https:\/\/nuevodigitaldeescobar.com.ar\/index.php?rest_route=\/wp\/v2\/posts"}],"about":[{"href":"https:\/\/nuevodigitaldeescobar.com.ar\/index.php?rest_route=\/wp\/v2\/types\/post"}],"author":[{"embeddable":true,"href":"https:\/\/nuevodigitaldeescobar.com.ar\/index.php?rest_route=\/wp\/v2\/users\/1"}],"replies":[{"embeddable":true,"href":"https:\/\/nuevodigitaldeescobar.com.ar\/index.php?rest_route=%2Fwp%2Fv2%2Fcomments&post=6858"}],"version-history":[{"count":2,"href":"https:\/\/nuevodigitaldeescobar.com.ar\/index.php?rest_route=\/wp\/v2\/posts\/6858\/revisions"}],"predecessor-version":[{"id":6862,"href":"https:\/\/nuevodigitaldeescobar.com.ar\/index.php?rest_route=\/wp\/v2\/posts\/6858\/revisions\/6862"}],"wp:featuredmedia":[{"embeddable":true,"href":"https:\/\/nuevodigitaldeescobar.com.ar\/index.php?rest_route=\/wp\/v2\/media\/6860"}],"wp:attachment":[{"href":"https:\/\/nuevodigitaldeescobar.com.ar\/index.php?rest_route=%2Fwp%2Fv2%2Fmedia&parent=6858"}],"wp:term":[{"taxonomy":"category","embeddable":true,"href":"https:\/\/nuevodigitaldeescobar.com.ar\/index.php?rest_route=%2Fwp%2Fv2%2Fcategories&post=6858"},{"taxonomy":"post_tag","embeddable":true,"href":"https:\/\/nuevodigitaldeescobar.com.ar\/index.php?rest_route=%2Fwp%2Fv2%2Ftags&post=6858"}],"curies":[{"name":"wp","href":"https:\/\/api.w.org\/{rel}","templated":true}]}}