{"id":7014,"date":"2024-07-25T08:37:00","date_gmt":"2024-07-25T11:37:00","guid":{"rendered":"https:\/\/nuevodigitaldeescobar.com.ar\/?p=7014"},"modified":"2024-07-25T13:39:22","modified_gmt":"2024-07-25T16:39:22","slug":"despues-del-escandalo-capital-humano-desmintio-la-contratacion-de-el-dipy","status":"publish","type":"post","link":"https:\/\/nuevodigitaldeescobar.com.ar\/?p=7014","title":{"rendered":"Despu\u00e9s del esc\u00e1ndalo, Capital Humano desminti\u00f3 la contrataci\u00f3n de El Dipy"},"content":{"rendered":"<p><span style=\"color: #003366;\"><strong><em>El Ministerio de Capital Humano desminti\u00f3 la contrataci\u00f3n del cantante El Dipy en la Secretar\u00eda de Cultura. Los detalles de la respuesta oficial y los documentos filtrados que revelan la controversia.<\/em><\/strong><\/span><\/p>\n<p><!--more--><\/p>\n<hr \/>\n<p>El Ministerio de Capital Humano hizo una clara desmentida sobre la contrataci\u00f3n del cantante David Adri\u00e1n Mart\u00ednez, conocido como El Dipy, en la Secretar\u00eda de Cultura. La controversia estall\u00f3 cuando se filtraron documentos que parec\u00edan confirmar la oferta de empleo para el artista, generando confusi\u00f3n y reacciones tanto del gobierno como del propio Mart\u00ednez.<\/p>\n<p>El expediente que sali\u00f3 a la luz indicaba que Mart\u00ednez hab\u00eda sido propuesto para el cargo de <em>\u201casesor en bandas emergentes\u201d<\/em> desde el 1 de abril. Este contrato, acompa\u00f1ado de su curr\u00edculum vitae y una Declaraci\u00f3n Jurada, suger\u00eda que su designaci\u00f3n estaba pr\u00e1cticamente confirmada. En este contexto, el Ministerio de Capital Humano a cargo de Sandra Pettovello aclar\u00f3 que estos documentos no reflejan una decisi\u00f3n final y que no hay un contrato oficial firmado.<\/p>\n<p>En declaraciones a Border Periodismo, el Ministerio de Capital Humano dej\u00f3 en claro que <em>\u201cno hay nada firme\u201d<\/em> respecto a la contrataci\u00f3n de El Dipy. La fuente oficial de la cartera gubernamental enfatiz\u00f3 que el expediente que circul\u00f3 en los medios no contaba con la firma definitiva de la ministra y que, por lo tanto, no ten\u00eda validez. Adem\u00e1s, se indic\u00f3 que la aparici\u00f3n de estos documentos en el sistema se debi\u00f3 a una filtraci\u00f3n no autorizada.<\/p>\n<p>David Adri\u00e1n Mart\u00ednez tambi\u00e9n se pronunci\u00f3 al respecto. En una entrevista radial, el artista desminti\u00f3 que hubiera recibido una oferta formal para trabajar en el gobierno. <em>\u201cNadie me consult\u00f3 sobre esto. No s\u00e9 qu\u00e9 est\u00e1 pasando o qu\u00e9 habr\u00e1n dicho\u201d<\/em>, coment\u00f3 Mart\u00ednez. El Dipy agreg\u00f3 que la situaci\u00f3n se hab\u00eda vuelto un <em>\u201cmalentendido\u201d<\/em> y que no hab\u00eda recibido comunicaci\u00f3n oficial sobre su posible contrataci\u00f3n.<\/p>\n<p>La controversia se intensific\u00f3 al conocerse que la designaci\u00f3n de Mart\u00ednez se detuvo de manera repentina, justo cuando parec\u00eda estar en camino. La filtraci\u00f3n del memo interno del Secretario de Cultura, Leonardo Cifelli, dirigido a Juan Facundo Etchenique, coordinador legal y administrativo, revel\u00f3 que Mart\u00ednez hab\u00eda sido recomendado para el puesto, pero no se lleg\u00f3 a formalizar el contrato.<\/p>\n<p>El Ministerio de Capital Humano enfatiz\u00f3 que, a pesar de las versiones que circularon, el proceso para la contrataci\u00f3n de El Dipy nunca se complet\u00f3.<\/p>\n<p><em>(BorderPeriodismo)<\/em><\/p>\n","protected":false},"excerpt":{"rendered":"<p>El Ministerio de Capital Humano desminti\u00f3 la contrataci\u00f3n del cantante El Dipy en la Secretar\u00eda de Cultura. Los detalles de la respuesta oficial y los [&hellip;]<\/p>\n","protected":false},"author":1,"featured_media":7015,"comment_status":"open","ping_status":"open","sticky":false,"template":"","format":"standard","meta":{"footnotes":""},"categories":[6],"tags":[],"class_list":["post-7014","post","type-post","status-publish","format-standard","has-post-thumbnail","hentry","category-politica"],"better_featured_image":{"id":7015,"alt_text":"","caption":"","description":"","media_type":"image","media_details":{"width":720,"height":567,"file":"2024\/07\/el-dipy-e1721925552442.jpg","filesize":53719,"sizes":{"medium":{"file":"el-dipy-e1721925541960-300x236.jpg","width":300,"height":236,"mime-type":"image\/jpeg","filesize":11352,"source_url":"https:\/\/nuevodigitaldeescobar.com.ar\/wp-content\/uploads\/2024\/07\/el-dipy-e1721925541960-300x236.jpg"},"thumbnail":{"file":"el-dipy-e1721925541960-150x150.jpg","width":150,"height":150,"mime-type":"image\/jpeg","filesize":5186,"source_url":"https:\/\/nuevodigitaldeescobar.com.ar\/wp-content\/uploads\/2024\/07\/el-dipy-e1721925541960-150x150.jpg"},"medium_large":{"file":"el-dipy-768x576.jpg","width":768,"height":576,"mime-type":"image\/jpeg","filesize":39143,"source_url":"https:\/\/nuevodigitaldeescobar.com.ar\/wp-content\/uploads\/2024\/07\/el-dipy-768x576.jpg"}},"image_meta":{"aperture":"0","credit":"","camera":"","caption":"","created_timestamp":"0","copyright":"","focal_length":"0","iso":"0","shutter_speed":"0","title":"","orientation":"0","keywords":[]}},"post":7014,"source_url":"https:\/\/nuevodigitaldeescobar.com.ar\/wp-content\/uploads\/2024\/07\/el-dipy-e1721925552442.jpg"},"yoast_head":"<!-- This site is optimized with the Yoast SEO plugin v26.1.1 - https:\/\/yoast.com\/wordpress\/plugins\/seo\/ -->\n<title>Despu\u00e9s del esc\u00e1ndalo, Capital Humano desminti\u00f3 la contrataci\u00f3n de El Dipy - Nuevo Digital de Escobar<\/title>\n<meta name=\"robots\" content=\"index, follow, max-snippet:-1, max-image-preview:large, max-video-preview:-1\" \/>\n<link rel=\"canonical\" href=\"https:\/\/nuevodigitaldeescobar.com.ar\/?p=7014\" \/>\n<meta property=\"og:locale\" content=\"es_ES\" \/>\n<meta property=\"og:type\" content=\"article\" \/>\n<meta property=\"og:title\" content=\"Despu\u00e9s del esc\u00e1ndalo, Capital Humano desminti\u00f3 la contrataci\u00f3n de El Dipy - Nuevo Digital de Escobar\" \/>\n<meta property=\"og:description\" content=\"El Ministerio de Capital Humano desminti\u00f3 la contrataci\u00f3n del cantante El Dipy en la Secretar\u00eda de Cultura. Los detalles de la respuesta oficial y los [&hellip;]\" \/>\n<meta property=\"og:url\" content=\"https:\/\/nuevodigitaldeescobar.com.ar\/?p=7014\" \/>\n<meta property=\"og:site_name\" content=\"Nuevo Digital de Escobar\" \/>\n<meta property=\"article:publisher\" content=\"https:\/\/www.facebook.com\/NUEVODigitalDeEscobar\" \/>\n<meta property=\"article:published_time\" content=\"2024-07-25T11:37:00+00:00\" \/>\n<meta property=\"article:modified_time\" content=\"2024-07-25T16:39:22+00:00\" \/>\n<meta property=\"og:image\" content=\"https:\/\/nuevodigitaldeescobar.com.ar\/wp-content\/uploads\/2024\/07\/el-dipy-e1721925552442.jpg\" \/>\n\t<meta property=\"og:image:width\" content=\"720\" \/>\n\t<meta property=\"og:image:height\" content=\"567\" \/>\n\t<meta property=\"og:image:type\" content=\"image\/jpeg\" \/>\n<meta name=\"author\" content=\"Redacci\u00f3n\" \/>\n<meta name=\"twitter:card\" content=\"summary_large_image\" \/>\n<meta name=\"twitter:creator\" content=\"@nuevodigescobar\" \/>\n<meta name=\"twitter:site\" content=\"@nuevodigescobar\" \/>\n<meta name=\"twitter:label1\" content=\"Escrito por\" \/>\n\t<meta name=\"twitter:data1\" content=\"Redacci\u00f3n\" \/>\n\t<meta name=\"twitter:label2\" content=\"Tiempo de lectura\" \/>\n\t<meta name=\"twitter:data2\" content=\"2 minutos\" \/>\n<script type=\"application\/ld+json\" class=\"yoast-schema-graph\">{\"@context\":\"https:\/\/schema.org\",\"@graph\":[{\"@type\":\"Article\",\"@id\":\"https:\/\/nuevodigitaldeescobar.com.ar\/?p=7014#article\",\"isPartOf\":{\"@id\":\"https:\/\/nuevodigitaldeescobar.com.ar\/?p=7014\"},\"author\":{\"name\":\"Redacci\u00f3n\",\"@id\":\"https:\/\/nuevodigitaldeescobar.com.ar\/#\/schema\/person\/035e90a8efe9a80e6eec22656ad6ea4c\"},\"headline\":\"Despu\u00e9s del esc\u00e1ndalo, Capital Humano desminti\u00f3 la contrataci\u00f3n de El Dipy\",\"datePublished\":\"2024-07-25T11:37:00+00:00\",\"dateModified\":\"2024-07-25T16:39:22+00:00\",\"mainEntityOfPage\":{\"@id\":\"https:\/\/nuevodigitaldeescobar.com.ar\/?p=7014\"},\"wordCount\":438,\"commentCount\":0,\"publisher\":{\"@id\":\"https:\/\/nuevodigitaldeescobar.com.ar\/#organization\"},\"image\":{\"@id\":\"https:\/\/nuevodigitaldeescobar.com.ar\/?p=7014#primaryimage\"},\"thumbnailUrl\":\"https:\/\/nuevodigitaldeescobar.com.ar\/wp-content\/uploads\/2024\/07\/el-dipy-e1721925552442.jpg\",\"articleSection\":[\"Pol\u00edtica\"],\"inLanguage\":\"es\",\"potentialAction\":[{\"@type\":\"CommentAction\",\"name\":\"Comment\",\"target\":[\"https:\/\/nuevodigitaldeescobar.com.ar\/?p=7014#respond\"]}]},{\"@type\":\"WebPage\",\"@id\":\"https:\/\/nuevodigitaldeescobar.com.ar\/?p=7014\",\"url\":\"https:\/\/nuevodigitaldeescobar.com.ar\/?p=7014\",\"name\":\"Despu\u00e9s del esc\u00e1ndalo, Capital Humano desminti\u00f3 la contrataci\u00f3n de El Dipy - Nuevo Digital de Escobar\",\"isPartOf\":{\"@id\":\"https:\/\/nuevodigitaldeescobar.com.ar\/#website\"},\"primaryImageOfPage\":{\"@id\":\"https:\/\/nuevodigitaldeescobar.com.ar\/?p=7014#primaryimage\"},\"image\":{\"@id\":\"https:\/\/nuevodigitaldeescobar.com.ar\/?p=7014#primaryimage\"},\"thumbnailUrl\":\"https:\/\/nuevodigitaldeescobar.com.ar\/wp-content\/uploads\/2024\/07\/el-dipy-e1721925552442.jpg\",\"datePublished\":\"2024-07-25T11:37:00+00:00\",\"dateModified\":\"2024-07-25T16:39:22+00:00\",\"breadcrumb\":{\"@id\":\"https:\/\/nuevodigitaldeescobar.com.ar\/?p=7014#breadcrumb\"},\"inLanguage\":\"es\",\"potentialAction\":[{\"@type\":\"ReadAction\",\"target\":[\"https:\/\/nuevodigitaldeescobar.com.ar\/?p=7014\"]}]},{\"@type\":\"ImageObject\",\"inLanguage\":\"es\",\"@id\":\"https:\/\/nuevodigitaldeescobar.com.ar\/?p=7014#primaryimage\",\"url\":\"https:\/\/nuevodigitaldeescobar.com.ar\/wp-content\/uploads\/2024\/07\/el-dipy-e1721925552442.jpg\",\"contentUrl\":\"https:\/\/nuevodigitaldeescobar.com.ar\/wp-content\/uploads\/2024\/07\/el-dipy-e1721925552442.jpg\",\"width\":720,\"height\":567},{\"@type\":\"BreadcrumbList\",\"@id\":\"https:\/\/nuevodigitaldeescobar.com.ar\/?p=7014#breadcrumb\",\"itemListElement\":[{\"@type\":\"ListItem\",\"position\":1,\"name\":\"Portada\",\"item\":\"https:\/\/nuevodigitaldeescobar.com.ar\/\"},{\"@type\":\"ListItem\",\"position\":2,\"name\":\"Despu\u00e9s del esc\u00e1ndalo, Capital Humano desminti\u00f3 la contrataci\u00f3n de El Dipy\"}]},{\"@type\":\"WebSite\",\"@id\":\"https:\/\/nuevodigitaldeescobar.com.ar\/#website\",\"url\":\"https:\/\/nuevodigitaldeescobar.com.ar\/\",\"name\":\"Nuevo Digital de Escobar\",\"description\":\"La vida escobarense. Directora: Rosana Brunner\",\"publisher\":{\"@id\":\"https:\/\/nuevodigitaldeescobar.com.ar\/#organization\"},\"potentialAction\":[{\"@type\":\"SearchAction\",\"target\":{\"@type\":\"EntryPoint\",\"urlTemplate\":\"https:\/\/nuevodigitaldeescobar.com.ar\/?s={search_term_string}\"},\"query-input\":{\"@type\":\"PropertyValueSpecification\",\"valueRequired\":true,\"valueName\":\"search_term_string\"}}],\"inLanguage\":\"es\"},{\"@type\":\"Organization\",\"@id\":\"https:\/\/nuevodigitaldeescobar.com.ar\/#organization\",\"name\":\"Nuevo Digital de Escobar\",\"url\":\"https:\/\/nuevodigitaldeescobar.com.ar\/\",\"logo\":{\"@type\":\"ImageObject\",\"inLanguage\":\"es\",\"@id\":\"https:\/\/nuevodigitaldeescobar.com.ar\/#\/schema\/logo\/image\/\",\"url\":\"https:\/\/nuevodigitaldeescobar.com.ar\/wp-content\/uploads\/2025\/05\/cropped-logo-nuevo2.jpg\",\"contentUrl\":\"https:\/\/nuevodigitaldeescobar.com.ar\/wp-content\/uploads\/2025\/05\/cropped-logo-nuevo2.jpg\",\"width\":305,\"height\":305,\"caption\":\"Nuevo Digital de Escobar\"},\"image\":{\"@id\":\"https:\/\/nuevodigitaldeescobar.com.ar\/#\/schema\/logo\/image\/\"},\"sameAs\":[\"https:\/\/www.facebook.com\/NUEVODigitalDeEscobar\",\"https:\/\/x.com\/nuevodigescobar\",\"https:\/\/www.instagram.com\/nuevodigitaldeescobar\"]},{\"@type\":\"Person\",\"@id\":\"https:\/\/nuevodigitaldeescobar.com.ar\/#\/schema\/person\/035e90a8efe9a80e6eec22656ad6ea4c\",\"name\":\"Redacci\u00f3n\",\"image\":{\"@type\":\"ImageObject\",\"inLanguage\":\"es\",\"@id\":\"https:\/\/nuevodigitaldeescobar.com.ar\/#\/schema\/person\/image\/\",\"url\":\"https:\/\/secure.gravatar.com\/avatar\/8af8f40000c24e9eef3034f2be5998a372bb1389e64b1a4a36b3a7979142220d?s=96&d=mm&r=g\",\"contentUrl\":\"https:\/\/secure.gravatar.com\/avatar\/8af8f40000c24e9eef3034f2be5998a372bb1389e64b1a4a36b3a7979142220d?s=96&d=mm&r=g\",\"caption\":\"Redacci\u00f3n\"},\"sameAs\":[\"http:\/\/nuevodigitaldeescobar.com.ar\"],\"url\":\"https:\/\/nuevodigitaldeescobar.com.ar\/?author=1\"}]}<\/script>\n<!-- \/ Yoast SEO plugin. -->","yoast_head_json":{"title":"Despu\u00e9s del esc\u00e1ndalo, Capital Humano desminti\u00f3 la contrataci\u00f3n de El Dipy - Nuevo Digital de Escobar","robots":{"index":"index","follow":"follow","max-snippet":"max-snippet:-1","max-image-preview":"max-image-preview:large","max-video-preview":"max-video-preview:-1"},"canonical":"https:\/\/nuevodigitaldeescobar.com.ar\/?p=7014","og_locale":"es_ES","og_type":"article","og_title":"Despu\u00e9s del esc\u00e1ndalo, Capital Humano desminti\u00f3 la contrataci\u00f3n de El Dipy - Nuevo Digital de Escobar","og_description":"El Ministerio de Capital Humano desminti\u00f3 la contrataci\u00f3n del cantante El Dipy en la Secretar\u00eda de Cultura. Los detalles de la respuesta oficial y los [&hellip;]","og_url":"https:\/\/nuevodigitaldeescobar.com.ar\/?p=7014","og_site_name":"Nuevo Digital de Escobar","article_publisher":"https:\/\/www.facebook.com\/NUEVODigitalDeEscobar","article_published_time":"2024-07-25T11:37:00+00:00","article_modified_time":"2024-07-25T16:39:22+00:00","og_image":[{"width":720,"height":567,"url":"https:\/\/nuevodigitaldeescobar.com.ar\/wp-content\/uploads\/2024\/07\/el-dipy-e1721925552442.jpg","type":"image\/jpeg"}],"author":"Redacci\u00f3n","twitter_card":"summary_large_image","twitter_creator":"@nuevodigescobar","twitter_site":"@nuevodigescobar","twitter_misc":{"Escrito por":"Redacci\u00f3n","Tiempo de lectura":"2 minutos"},"schema":{"@context":"https:\/\/schema.org","@graph":[{"@type":"Article","@id":"https:\/\/nuevodigitaldeescobar.com.ar\/?p=7014#article","isPartOf":{"@id":"https:\/\/nuevodigitaldeescobar.com.ar\/?p=7014"},"author":{"name":"Redacci\u00f3n","@id":"https:\/\/nuevodigitaldeescobar.com.ar\/#\/schema\/person\/035e90a8efe9a80e6eec22656ad6ea4c"},"headline":"Despu\u00e9s del esc\u00e1ndalo, Capital Humano desminti\u00f3 la contrataci\u00f3n de El Dipy","datePublished":"2024-07-25T11:37:00+00:00","dateModified":"2024-07-25T16:39:22+00:00","mainEntityOfPage":{"@id":"https:\/\/nuevodigitaldeescobar.com.ar\/?p=7014"},"wordCount":438,"commentCount":0,"publisher":{"@id":"https:\/\/nuevodigitaldeescobar.com.ar\/#organization"},"image":{"@id":"https:\/\/nuevodigitaldeescobar.com.ar\/?p=7014#primaryimage"},"thumbnailUrl":"https:\/\/nuevodigitaldeescobar.com.ar\/wp-content\/uploads\/2024\/07\/el-dipy-e1721925552442.jpg","articleSection":["Pol\u00edtica"],"inLanguage":"es","potentialAction":[{"@type":"CommentAction","name":"Comment","target":["https:\/\/nuevodigitaldeescobar.com.ar\/?p=7014#respond"]}]},{"@type":"WebPage","@id":"https:\/\/nuevodigitaldeescobar.com.ar\/?p=7014","url":"https:\/\/nuevodigitaldeescobar.com.ar\/?p=7014","name":"Despu\u00e9s del esc\u00e1ndalo, Capital Humano desminti\u00f3 la contrataci\u00f3n de El Dipy - Nuevo Digital de Escobar","isPartOf":{"@id":"https:\/\/nuevodigitaldeescobar.com.ar\/#website"},"primaryImageOfPage":{"@id":"https:\/\/nuevodigitaldeescobar.com.ar\/?p=7014#primaryimage"},"image":{"@id":"https:\/\/nuevodigitaldeescobar.com.ar\/?p=7014#primaryimage"},"thumbnailUrl":"https:\/\/nuevodigitaldeescobar.com.ar\/wp-content\/uploads\/2024\/07\/el-dipy-e1721925552442.jpg","datePublished":"2024-07-25T11:37:00+00:00","dateModified":"2024-07-25T16:39:22+00:00","breadcrumb":{"@id":"https:\/\/nuevodigitaldeescobar.com.ar\/?p=7014#breadcrumb"},"inLanguage":"es","potentialAction":[{"@type":"ReadAction","target":["https:\/\/nuevodigitaldeescobar.com.ar\/?p=7014"]}]},{"@type":"ImageObject","inLanguage":"es","@id":"https:\/\/nuevodigitaldeescobar.com.ar\/?p=7014#primaryimage","url":"https:\/\/nuevodigitaldeescobar.com.ar\/wp-content\/uploads\/2024\/07\/el-dipy-e1721925552442.jpg","contentUrl":"https:\/\/nuevodigitaldeescobar.com.ar\/wp-content\/uploads\/2024\/07\/el-dipy-e1721925552442.jpg","width":720,"height":567},{"@type":"BreadcrumbList","@id":"https:\/\/nuevodigitaldeescobar.com.ar\/?p=7014#breadcrumb","itemListElement":[{"@type":"ListItem","position":1,"name":"Portada","item":"https:\/\/nuevodigitaldeescobar.com.ar\/"},{"@type":"ListItem","position":2,"name":"Despu\u00e9s del esc\u00e1ndalo, Capital Humano desminti\u00f3 la contrataci\u00f3n de El Dipy"}]},{"@type":"WebSite","@id":"https:\/\/nuevodigitaldeescobar.com.ar\/#website","url":"https:\/\/nuevodigitaldeescobar.com.ar\/","name":"Nuevo Digital de Escobar","description":"La vida escobarense. Directora: Rosana Brunner","publisher":{"@id":"https:\/\/nuevodigitaldeescobar.com.ar\/#organization"},"potentialAction":[{"@type":"SearchAction","target":{"@type":"EntryPoint","urlTemplate":"https:\/\/nuevodigitaldeescobar.com.ar\/?s={search_term_string}"},"query-input":{"@type":"PropertyValueSpecification","valueRequired":true,"valueName":"search_term_string"}}],"inLanguage":"es"},{"@type":"Organization","@id":"https:\/\/nuevodigitaldeescobar.com.ar\/#organization","name":"Nuevo Digital de Escobar","url":"https:\/\/nuevodigitaldeescobar.com.ar\/","logo":{"@type":"ImageObject","inLanguage":"es","@id":"https:\/\/nuevodigitaldeescobar.com.ar\/#\/schema\/logo\/image\/","url":"https:\/\/nuevodigitaldeescobar.com.ar\/wp-content\/uploads\/2025\/05\/cropped-logo-nuevo2.jpg","contentUrl":"https:\/\/nuevodigitaldeescobar.com.ar\/wp-content\/uploads\/2025\/05\/cropped-logo-nuevo2.jpg","width":305,"height":305,"caption":"Nuevo Digital de Escobar"},"image":{"@id":"https:\/\/nuevodigitaldeescobar.com.ar\/#\/schema\/logo\/image\/"},"sameAs":["https:\/\/www.facebook.com\/NUEVODigitalDeEscobar","https:\/\/x.com\/nuevodigescobar","https:\/\/www.instagram.com\/nuevodigitaldeescobar"]},{"@type":"Person","@id":"https:\/\/nuevodigitaldeescobar.com.ar\/#\/schema\/person\/035e90a8efe9a80e6eec22656ad6ea4c","name":"Redacci\u00f3n","image":{"@type":"ImageObject","inLanguage":"es","@id":"https:\/\/nuevodigitaldeescobar.com.ar\/#\/schema\/person\/image\/","url":"https:\/\/secure.gravatar.com\/avatar\/8af8f40000c24e9eef3034f2be5998a372bb1389e64b1a4a36b3a7979142220d?s=96&d=mm&r=g","contentUrl":"https:\/\/secure.gravatar.com\/avatar\/8af8f40000c24e9eef3034f2be5998a372bb1389e64b1a4a36b3a7979142220d?s=96&d=mm&r=g","caption":"Redacci\u00f3n"},"sameAs":["http:\/\/nuevodigitaldeescobar.com.ar"],"url":"https:\/\/nuevodigitaldeescobar.com.ar\/?author=1"}]}},"featured_image_urls":{"full":["https:\/\/nuevodigitaldeescobar.com.ar\/wp-content\/uploads\/2024\/07\/el-dipy-e1721925552442.jpg",720,567,false],"thumbnail":["https:\/\/nuevodigitaldeescobar.com.ar\/wp-content\/uploads\/2024\/07\/el-dipy-e1721925541960-150x150.jpg",150,150,true],"medium":["https:\/\/nuevodigitaldeescobar.com.ar\/wp-content\/uploads\/2024\/07\/el-dipy-e1721925541960-300x236.jpg",300,236,true],"medium_large":["https:\/\/nuevodigitaldeescobar.com.ar\/wp-content\/uploads\/2024\/07\/el-dipy-768x576.jpg",640,480,true],"large":["https:\/\/nuevodigitaldeescobar.com.ar\/wp-content\/uploads\/2024\/07\/el-dipy-e1721925552442.jpg",640,504,false],"1536x1536":["https:\/\/nuevodigitaldeescobar.com.ar\/wp-content\/uploads\/2024\/07\/el-dipy-e1721925552442.jpg",720,567,false],"2048x2048":["https:\/\/nuevodigitaldeescobar.com.ar\/wp-content\/uploads\/2024\/07\/el-dipy-e1721925552442.jpg",720,567,false]},"author_info":{"display_name":"Redacci\u00f3n","author_link":"https:\/\/nuevodigitaldeescobar.com.ar\/?author=1"},"category_info":"<a href=\"https:\/\/nuevodigitaldeescobar.com.ar\/?cat=6\" rel=\"category\">Pol\u00edtica<\/a>","tag_info":"Pol\u00edtica","comment_count":"0","_links":{"self":[{"href":"https:\/\/nuevodigitaldeescobar.com.ar\/index.php?rest_route=\/wp\/v2\/posts\/7014","targetHints":{"allow":["GET"]}}],"collection":[{"href":"https:\/\/nuevodigitaldeescobar.com.ar\/index.php?rest_route=\/wp\/v2\/posts"}],"about":[{"href":"https:\/\/nuevodigitaldeescobar.com.ar\/index.php?rest_route=\/wp\/v2\/types\/post"}],"author":[{"embeddable":true,"href":"https:\/\/nuevodigitaldeescobar.com.ar\/index.php?rest_route=\/wp\/v2\/users\/1"}],"replies":[{"embeddable":true,"href":"https:\/\/nuevodigitaldeescobar.com.ar\/index.php?rest_route=%2Fwp%2Fv2%2Fcomments&post=7014"}],"version-history":[{"count":1,"href":"https:\/\/nuevodigitaldeescobar.com.ar\/index.php?rest_route=\/wp\/v2\/posts\/7014\/revisions"}],"predecessor-version":[{"id":7016,"href":"https:\/\/nuevodigitaldeescobar.com.ar\/index.php?rest_route=\/wp\/v2\/posts\/7014\/revisions\/7016"}],"wp:featuredmedia":[{"embeddable":true,"href":"https:\/\/nuevodigitaldeescobar.com.ar\/index.php?rest_route=\/wp\/v2\/media\/7015"}],"wp:attachment":[{"href":"https:\/\/nuevodigitaldeescobar.com.ar\/index.php?rest_route=%2Fwp%2Fv2%2Fmedia&parent=7014"}],"wp:term":[{"taxonomy":"category","embeddable":true,"href":"https:\/\/nuevodigitaldeescobar.com.ar\/index.php?rest_route=%2Fwp%2Fv2%2Fcategories&post=7014"},{"taxonomy":"post_tag","embeddable":true,"href":"https:\/\/nuevodigitaldeescobar.com.ar\/index.php?rest_route=%2Fwp%2Fv2%2Ftags&post=7014"}],"curies":[{"name":"wp","href":"https:\/\/api.w.org\/{rel}","templated":true}]}}