{"id":7076,"date":"2024-07-29T09:10:00","date_gmt":"2024-07-29T12:10:00","guid":{"rendered":"https:\/\/nuevodigitaldeescobar.com.ar\/?p=7076"},"modified":"2024-07-29T10:10:45","modified_gmt":"2024-07-29T13:10:45","slug":"belliboni-fue-procesado-por-los-negociados-con-los-planes-sociales","status":"publish","type":"post","link":"https:\/\/nuevodigitaldeescobar.com.ar\/?p=7076","title":{"rendered":"Belliboni fue procesado por los negociados con los planes sociales"},"content":{"rendered":"<p><span style=\"color: #003366;\"><strong><em>El juez Casanello resolvi\u00f3 la situaci\u00f3n procesal de los dirigentes del PO que fueron indagados en la causa que se inici\u00f3 con los llamados que se registraron en una l\u00ednea del Ministerio de Seguridad el 20 de diciembre pasado para denunciar extorsiones de movimientos piqueteros.<\/em><\/strong><\/span><\/p>\n<p><!--more--><\/p>\n<hr \/>\n<p>El juez federal Sebasti\u00e1n Casanello proces\u00f3 este lunes al titular del Polo Obrero, Eduardo Belliboni, por administraci\u00f3n fraudulenta a ra\u00edz del dinero entregado por el Estado a trav\u00e9s del programa Potenciar Trabajo. Seg\u00fan el fallo, esos fondos fueron desviados para fines partidarios. Se le dict\u00f3 adem\u00e1s un embargo por $390 millones. <em>\u201cSe aprovech\u00f3 la pol\u00edtica p\u00fablica para intereses partidarios\u201d<\/em>, asegur\u00f3 el magistrado.<\/p>\n<p>El procesamiento alcanz\u00f3 a Belliboni, Mariano Alejandro Centanni, Erica Tamara Lubenfeld, Iv\u00e1n Ort\u00edz y Ezequiel Adri\u00e1n Coego por administraci\u00f3n fraudulenta en perjuicio de la administraci\u00f3n p\u00fablica. La decisi\u00f3n alcanz\u00f3 adem\u00e1s a Mar\u00eda Isolda Dotti y Gianna Puppo: para ellas, el procesamiento no solo fue por defraudaci\u00f3n sino tambi\u00e9n por <em>\u201camenazas coactivas\u201d<\/em>. A Gloria Paraguay Estrada y Rossmery Grande Arancibia las acusan de ser autoras de amenazas. Tambi\u00e9n fueron procesados Elizabeth del Carmen Palma, Dina Patricia Iramain, Brisa Noelia Paucara Choque, Elizabeth Galindo Mamani, Cynthia Delgado Vilches, Gustavo Guillermo V\u00e1squez, Jerem\u00edas Cantero, Iv\u00e1n Ezequiel Candotti y Roberto Adri\u00e1n Albornoz como part\u00edcipes de la defraudaci\u00f3n y amenazas coactivas.<\/p>\n<p><em>\u201cSe sospecha que el cumplimiento de las tareas y la ejecuci\u00f3n de los proyectos asumidos por los responsables del Polo Obrero en el marco del programa estatal no fue su verdadera meta, sino que el prop\u00f3sito buscado consisti\u00f3 en financiar y robustecer la actividad propia (pol\u00edtico-partidaria). En ese marco, el Estado Nacional efectu\u00f3 desembolsos de dinero a favor de los beneficiarios del Programa Potenciar Trabajo (en concepto de Salario Social Complementario) por contraprestaciones que, en la mayor\u00eda de los casos, ni siquiera se ofrecieron. As\u00ed, no s\u00f3lo se incumpli\u00f3 el objetivo previsto normativamente, generando un perjuicio a las arcas del Estado (pues invirti\u00f3 dinero en actividades que, en muchos casos, no se realizaron ni ofrecieron), sino que, adem\u00e1s aprovech\u00e1ndose de la posici\u00f3n de poder que detentaban, retuvieron de manera indebida un porcentaje del dinero percibido por los titulares del programa\u201d,<\/em> dice la resoluci\u00f3n de Casanello a lo largo de 168 p\u00e1ginas.<\/p>\n<p>Y a\u00f1adi\u00f3: <em>\u201cLos chats grupales aportados por los denunciantes, el contenido de la extracci\u00f3n de los celulares de los imputados y la documentaci\u00f3n secuestrada revelaron que las pr\u00e1cticas que los encargados de los comedores les exigieron a los beneficiaron del plan no ten\u00edan que ver con el objetivo de la pol\u00edtica p\u00fablica\u201d<\/em>.<\/p>\n<p>La causa se origin\u00f3 el 20 de diciembre, d\u00eda en que se preparaba la primera movilizaci\u00f3n de piqueteros contra Javier Milei y el Gobierno habilit\u00f3 el n\u00famero 134 del Ministerio de Seguridad para que los ciudadanos hicieran denuncias an\u00f3nimamente. Se hizo una denuncia en los tribunales de Comodoro Py: hubo reportes de todo el pa\u00eds, el fiscal Pollicita, que recibi\u00f3 la investigaci\u00f3n delegada, se focaliz\u00f3 en las 45 que tuvieron lugar en la Capital Federal, su jurisdicci\u00f3n. Y avanz\u00f3 en intentar rastrearlas. Localiz\u00f3 a siete: cinco de esas personas se animaron a declarar.<\/p>\n<p>Con los allanamientos y la informaci\u00f3n secuestrada, el juez llam\u00f3 a indagatoria porque <em>\u201cdiversas personas, nucleadas bajo las figuras asociativas \u2018Asociaci\u00f3n Polo Obrero\u2019 y \u2018Cooperativa El Resplandor Ltda.\u2019, habr\u00edan administrado de manera indebida al menos una parte de los recursos estatales que le fueran confiados en convenios celebrados con el ex Ministerio de Desarrollo Social de la Naci\u00f3n en el marco del aludido programa \u201cPotenciar Trabajo\u201d\u201d<\/em>, afirm\u00f3. Y destac\u00f3 que se comprob\u00f3 <em>\u201cel empleo de facturaci\u00f3n ap\u00f3crifa y la simulaci\u00f3n de gastos no concretados \u2013al menos a trav\u00e9s de las firmas \u201cEdiciones e Impresiones Rumbos SRL\u201d y \u201cCoxtex SA\u201d-, para disfrazar el verdadero uso de una parte importante de los fondos\u201d<\/em>.<\/p>\n<p>Los acusados desfilaron por Comodoro Py y negaron las acusaciones. Aseguraron adem\u00e1s que se trata de una persecuci\u00f3n pol\u00edtica de parte del Gobierno contra las organizaciones populares.<\/p>\n<p>El \u00faltimo d\u00eda antes del inicio de la feria judicial de invierno, el fiscal Gerardo Pollicita pidi\u00f3 ampliar la acusaci\u00f3n y pidi\u00f3 que Emilio P\u00e9rsico, l\u00edder del Movimiento Evita que fue responsable de la Secretar\u00eda de Econom\u00eda Social durante el Gobierno de Alberto Fern\u00e1ndez, sea citado a declaraci\u00f3n indagatoria. Lo acusa de haber encabezado una <em>\u201cmatriz de corrupci\u00f3n\u201d<\/em> que permiti\u00f3 que el Polo Obrero <em>\u201cextorsionara a beneficiarios de planes sociales\u201d<\/em> y usara el dinero que recib\u00eda para financiar sus actividades partidarias.<\/p>\n<p>Esa cuesti\u00f3n ser\u00e1 ahora analizada por el juez Casanello, que -por lo pronto- esta ma\u00f1ana, al reanudarse la actividad judicial, firm\u00f3 el procesamiento de Belliboni y el resto de los implicados. Para el juez, <em>\u201cha quedado demostrado que las personas nombradas, que ten\u00edan a su cargo la administraci\u00f3n de tales fondos, se apartaron de las obligaciones asumidas y los aplicaron a una finalidad distinta\u201d<\/em>.<\/p>\n<p>El juez afirm\u00f3 que <em>\u201cel desv\u00edo de la finalidad del convenio celebrado entre las referidas unidades de gesti\u00f3n y el ex-Ministerio de Desarrollo Social de la Naci\u00f3n no se circunscribi\u00f3 \u00fanicamente al uso indebido y con fines particularizados de los fondos recibidos en concepto de subsidio institucional\u201d<\/em>. Hubo una segunda parte que se plasm\u00f3 <em>\u201ca partir de un aprovechamiento de la posici\u00f3n de poder en que se encontraban respecto de los beneficiarios del programa social, a quienes se les impuso el cumplimiento de una serie de exigencias, bajo la advertencia de perder la ayuda estatal, que no ten\u00edan que ver con el objetivo de promover su inclusi\u00f3n social y\/o contribuir al mejoramiento de su empleabilidad\u201d<\/em>.<\/p>\n<p><em>\u201cNuevamente se puso de manifiesto aqu\u00ed el prop\u00f3sito de financiar y robustecer la actividad pol\u00edtico\u2013partidaria. Es la contracara del primer desv\u00edo, pues el desfinanciamiento de la unidad de gesti\u00f3n implic\u00f3 hacer a un lado la contraprestaci\u00f3n y reemplazarla, sustancialmente, por la obligaci\u00f3n de marchar bajo la bandera del Polo\u201d<\/em>, a\u00f1adi\u00f3 el juez.<\/p>\n<p><em>(Infobae)<\/em><\/p>\n","protected":false},"excerpt":{"rendered":"<p>El juez Casanello resolvi\u00f3 la situaci\u00f3n procesal de los dirigentes del PO que fueron indagados en la causa que se inici\u00f3 con los llamados que [&hellip;]<\/p>\n","protected":false},"author":1,"featured_media":6141,"comment_status":"open","ping_status":"open","sticky":false,"template":"","format":"standard","meta":{"footnotes":""},"categories":[235,6],"tags":[],"class_list":["post-7076","post","type-post","status-publish","format-standard","has-post-thumbnail","hentry","category-judiciales","category-politica"],"better_featured_image":{"id":6141,"alt_text":"","caption":"Eduardo Belliboni deber\u00e1 presentarse ante la Justicia el 25 de junio. (AP Foto\/Natacha Pisarenko) Por: AP","description":"","media_type":"image","media_details":{"width":720,"height":480,"file":"2024\/06\/epi-belliboni-e1718235773157.jpg","filesize":122901,"sizes":{"medium":{"file":"epi-belliboni-300x200.jpg","width":300,"height":200,"mime-type":"image\/jpeg","filesize":18995,"source_url":"https:\/\/nuevodigitaldeescobar.com.ar\/wp-content\/uploads\/2024\/06\/epi-belliboni-300x200.jpg"},"thumbnail":{"file":"epi-belliboni-150x150.jpg","width":150,"height":150,"mime-type":"image\/jpeg","filesize":8157,"source_url":"https:\/\/nuevodigitaldeescobar.com.ar\/wp-content\/uploads\/2024\/06\/epi-belliboni-150x150.jpg"}},"image_meta":{"aperture":"0","credit":"","camera":"","caption":"","created_timestamp":"0","copyright":"","focal_length":"0","iso":"0","shutter_speed":"0","title":"","orientation":"0","keywords":[]}},"post":6140,"source_url":"https:\/\/nuevodigitaldeescobar.com.ar\/wp-content\/uploads\/2024\/06\/epi-belliboni-e1718235773157.jpg"},"yoast_head":"<!-- This site is optimized with the Yoast SEO plugin v26.1.1 - https:\/\/yoast.com\/wordpress\/plugins\/seo\/ -->\n<title>Belliboni fue procesado por los negociados con los planes sociales - Nuevo Digital de Escobar<\/title>\n<meta name=\"robots\" content=\"index, follow, max-snippet:-1, max-image-preview:large, max-video-preview:-1\" \/>\n<link rel=\"canonical\" href=\"https:\/\/nuevodigitaldeescobar.com.ar\/?p=7076\" \/>\n<meta property=\"og:locale\" content=\"es_ES\" \/>\n<meta property=\"og:type\" content=\"article\" \/>\n<meta property=\"og:title\" content=\"Belliboni fue procesado por los negociados con los planes sociales - Nuevo Digital de Escobar\" \/>\n<meta property=\"og:description\" content=\"El juez Casanello resolvi\u00f3 la situaci\u00f3n procesal de los dirigentes del PO que fueron indagados en la causa que se inici\u00f3 con los llamados que [&hellip;]\" \/>\n<meta property=\"og:url\" content=\"https:\/\/nuevodigitaldeescobar.com.ar\/?p=7076\" \/>\n<meta property=\"og:site_name\" content=\"Nuevo Digital de Escobar\" \/>\n<meta property=\"article:publisher\" content=\"https:\/\/www.facebook.com\/NUEVODigitalDeEscobar\" \/>\n<meta property=\"article:published_time\" content=\"2024-07-29T12:10:00+00:00\" \/>\n<meta property=\"article:modified_time\" content=\"2024-07-29T13:10:45+00:00\" \/>\n<meta property=\"og:image\" content=\"https:\/\/nuevodigitaldeescobar.com.ar\/wp-content\/uploads\/2024\/06\/epi-belliboni-e1718235773157.jpg\" \/>\n\t<meta property=\"og:image:width\" content=\"720\" \/>\n\t<meta property=\"og:image:height\" content=\"480\" \/>\n\t<meta property=\"og:image:type\" content=\"image\/jpeg\" \/>\n<meta name=\"author\" content=\"Redacci\u00f3n\" \/>\n<meta name=\"twitter:card\" content=\"summary_large_image\" \/>\n<meta name=\"twitter:creator\" content=\"@nuevodigescobar\" \/>\n<meta name=\"twitter:site\" content=\"@nuevodigescobar\" \/>\n<meta name=\"twitter:label1\" content=\"Escrito por\" \/>\n\t<meta name=\"twitter:data1\" content=\"Redacci\u00f3n\" \/>\n\t<meta name=\"twitter:label2\" content=\"Tiempo de lectura\" \/>\n\t<meta name=\"twitter:data2\" content=\"5 minutos\" \/>\n<script type=\"application\/ld+json\" class=\"yoast-schema-graph\">{\"@context\":\"https:\/\/schema.org\",\"@graph\":[{\"@type\":\"Article\",\"@id\":\"https:\/\/nuevodigitaldeescobar.com.ar\/?p=7076#article\",\"isPartOf\":{\"@id\":\"https:\/\/nuevodigitaldeescobar.com.ar\/?p=7076\"},\"author\":{\"name\":\"Redacci\u00f3n\",\"@id\":\"https:\/\/nuevodigitaldeescobar.com.ar\/#\/schema\/person\/035e90a8efe9a80e6eec22656ad6ea4c\"},\"headline\":\"Belliboni fue procesado por los negociados con los planes sociales\",\"datePublished\":\"2024-07-29T12:10:00+00:00\",\"dateModified\":\"2024-07-29T13:10:45+00:00\",\"mainEntityOfPage\":{\"@id\":\"https:\/\/nuevodigitaldeescobar.com.ar\/?p=7076\"},\"wordCount\":1057,\"commentCount\":0,\"publisher\":{\"@id\":\"https:\/\/nuevodigitaldeescobar.com.ar\/#organization\"},\"image\":{\"@id\":\"https:\/\/nuevodigitaldeescobar.com.ar\/?p=7076#primaryimage\"},\"thumbnailUrl\":\"https:\/\/nuevodigitaldeescobar.com.ar\/wp-content\/uploads\/2024\/06\/epi-belliboni-e1718235773157.jpg\",\"articleSection\":[\"Judiciales\",\"Pol\u00edtica\"],\"inLanguage\":\"es\",\"potentialAction\":[{\"@type\":\"CommentAction\",\"name\":\"Comment\",\"target\":[\"https:\/\/nuevodigitaldeescobar.com.ar\/?p=7076#respond\"]}]},{\"@type\":\"WebPage\",\"@id\":\"https:\/\/nuevodigitaldeescobar.com.ar\/?p=7076\",\"url\":\"https:\/\/nuevodigitaldeescobar.com.ar\/?p=7076\",\"name\":\"Belliboni fue procesado por los negociados con los planes sociales - Nuevo Digital de Escobar\",\"isPartOf\":{\"@id\":\"https:\/\/nuevodigitaldeescobar.com.ar\/#website\"},\"primaryImageOfPage\":{\"@id\":\"https:\/\/nuevodigitaldeescobar.com.ar\/?p=7076#primaryimage\"},\"image\":{\"@id\":\"https:\/\/nuevodigitaldeescobar.com.ar\/?p=7076#primaryimage\"},\"thumbnailUrl\":\"https:\/\/nuevodigitaldeescobar.com.ar\/wp-content\/uploads\/2024\/06\/epi-belliboni-e1718235773157.jpg\",\"datePublished\":\"2024-07-29T12:10:00+00:00\",\"dateModified\":\"2024-07-29T13:10:45+00:00\",\"breadcrumb\":{\"@id\":\"https:\/\/nuevodigitaldeescobar.com.ar\/?p=7076#breadcrumb\"},\"inLanguage\":\"es\",\"potentialAction\":[{\"@type\":\"ReadAction\",\"target\":[\"https:\/\/nuevodigitaldeescobar.com.ar\/?p=7076\"]}]},{\"@type\":\"ImageObject\",\"inLanguage\":\"es\",\"@id\":\"https:\/\/nuevodigitaldeescobar.com.ar\/?p=7076#primaryimage\",\"url\":\"https:\/\/nuevodigitaldeescobar.com.ar\/wp-content\/uploads\/2024\/06\/epi-belliboni-e1718235773157.jpg\",\"contentUrl\":\"https:\/\/nuevodigitaldeescobar.com.ar\/wp-content\/uploads\/2024\/06\/epi-belliboni-e1718235773157.jpg\",\"width\":720,\"height\":480,\"caption\":\"Eduardo Belliboni deber\u00e1 presentarse ante la Justicia el 25 de junio. (AP Foto\/Natacha Pisarenko) Por: AP\"},{\"@type\":\"BreadcrumbList\",\"@id\":\"https:\/\/nuevodigitaldeescobar.com.ar\/?p=7076#breadcrumb\",\"itemListElement\":[{\"@type\":\"ListItem\",\"position\":1,\"name\":\"Portada\",\"item\":\"https:\/\/nuevodigitaldeescobar.com.ar\/\"},{\"@type\":\"ListItem\",\"position\":2,\"name\":\"Belliboni fue procesado por los negociados con los planes sociales\"}]},{\"@type\":\"WebSite\",\"@id\":\"https:\/\/nuevodigitaldeescobar.com.ar\/#website\",\"url\":\"https:\/\/nuevodigitaldeescobar.com.ar\/\",\"name\":\"Nuevo Digital de Escobar\",\"description\":\"La vida escobarense. Directora: Rosana Brunner\",\"publisher\":{\"@id\":\"https:\/\/nuevodigitaldeescobar.com.ar\/#organization\"},\"potentialAction\":[{\"@type\":\"SearchAction\",\"target\":{\"@type\":\"EntryPoint\",\"urlTemplate\":\"https:\/\/nuevodigitaldeescobar.com.ar\/?s={search_term_string}\"},\"query-input\":{\"@type\":\"PropertyValueSpecification\",\"valueRequired\":true,\"valueName\":\"search_term_string\"}}],\"inLanguage\":\"es\"},{\"@type\":\"Organization\",\"@id\":\"https:\/\/nuevodigitaldeescobar.com.ar\/#organization\",\"name\":\"Nuevo Digital de Escobar\",\"url\":\"https:\/\/nuevodigitaldeescobar.com.ar\/\",\"logo\":{\"@type\":\"ImageObject\",\"inLanguage\":\"es\",\"@id\":\"https:\/\/nuevodigitaldeescobar.com.ar\/#\/schema\/logo\/image\/\",\"url\":\"https:\/\/nuevodigitaldeescobar.com.ar\/wp-content\/uploads\/2025\/05\/cropped-logo-nuevo2.jpg\",\"contentUrl\":\"https:\/\/nuevodigitaldeescobar.com.ar\/wp-content\/uploads\/2025\/05\/cropped-logo-nuevo2.jpg\",\"width\":305,\"height\":305,\"caption\":\"Nuevo Digital de Escobar\"},\"image\":{\"@id\":\"https:\/\/nuevodigitaldeescobar.com.ar\/#\/schema\/logo\/image\/\"},\"sameAs\":[\"https:\/\/www.facebook.com\/NUEVODigitalDeEscobar\",\"https:\/\/x.com\/nuevodigescobar\",\"https:\/\/www.instagram.com\/nuevodigitaldeescobar\"]},{\"@type\":\"Person\",\"@id\":\"https:\/\/nuevodigitaldeescobar.com.ar\/#\/schema\/person\/035e90a8efe9a80e6eec22656ad6ea4c\",\"name\":\"Redacci\u00f3n\",\"image\":{\"@type\":\"ImageObject\",\"inLanguage\":\"es\",\"@id\":\"https:\/\/nuevodigitaldeescobar.com.ar\/#\/schema\/person\/image\/\",\"url\":\"https:\/\/secure.gravatar.com\/avatar\/8af8f40000c24e9eef3034f2be5998a372bb1389e64b1a4a36b3a7979142220d?s=96&d=mm&r=g\",\"contentUrl\":\"https:\/\/secure.gravatar.com\/avatar\/8af8f40000c24e9eef3034f2be5998a372bb1389e64b1a4a36b3a7979142220d?s=96&d=mm&r=g\",\"caption\":\"Redacci\u00f3n\"},\"sameAs\":[\"http:\/\/nuevodigitaldeescobar.com.ar\"],\"url\":\"https:\/\/nuevodigitaldeescobar.com.ar\/?author=1\"}]}<\/script>\n<!-- \/ Yoast SEO plugin. -->","yoast_head_json":{"title":"Belliboni fue procesado por los negociados con los planes sociales - Nuevo Digital de Escobar","robots":{"index":"index","follow":"follow","max-snippet":"max-snippet:-1","max-image-preview":"max-image-preview:large","max-video-preview":"max-video-preview:-1"},"canonical":"https:\/\/nuevodigitaldeescobar.com.ar\/?p=7076","og_locale":"es_ES","og_type":"article","og_title":"Belliboni fue procesado por los negociados con los planes sociales - Nuevo Digital de Escobar","og_description":"El juez Casanello resolvi\u00f3 la situaci\u00f3n procesal de los dirigentes del PO que fueron indagados en la causa que se inici\u00f3 con los llamados que [&hellip;]","og_url":"https:\/\/nuevodigitaldeescobar.com.ar\/?p=7076","og_site_name":"Nuevo Digital de Escobar","article_publisher":"https:\/\/www.facebook.com\/NUEVODigitalDeEscobar","article_published_time":"2024-07-29T12:10:00+00:00","article_modified_time":"2024-07-29T13:10:45+00:00","og_image":[{"width":720,"height":480,"url":"https:\/\/nuevodigitaldeescobar.com.ar\/wp-content\/uploads\/2024\/06\/epi-belliboni-e1718235773157.jpg","type":"image\/jpeg"}],"author":"Redacci\u00f3n","twitter_card":"summary_large_image","twitter_creator":"@nuevodigescobar","twitter_site":"@nuevodigescobar","twitter_misc":{"Escrito por":"Redacci\u00f3n","Tiempo de lectura":"5 minutos"},"schema":{"@context":"https:\/\/schema.org","@graph":[{"@type":"Article","@id":"https:\/\/nuevodigitaldeescobar.com.ar\/?p=7076#article","isPartOf":{"@id":"https:\/\/nuevodigitaldeescobar.com.ar\/?p=7076"},"author":{"name":"Redacci\u00f3n","@id":"https:\/\/nuevodigitaldeescobar.com.ar\/#\/schema\/person\/035e90a8efe9a80e6eec22656ad6ea4c"},"headline":"Belliboni fue procesado por los negociados con los planes sociales","datePublished":"2024-07-29T12:10:00+00:00","dateModified":"2024-07-29T13:10:45+00:00","mainEntityOfPage":{"@id":"https:\/\/nuevodigitaldeescobar.com.ar\/?p=7076"},"wordCount":1057,"commentCount":0,"publisher":{"@id":"https:\/\/nuevodigitaldeescobar.com.ar\/#organization"},"image":{"@id":"https:\/\/nuevodigitaldeescobar.com.ar\/?p=7076#primaryimage"},"thumbnailUrl":"https:\/\/nuevodigitaldeescobar.com.ar\/wp-content\/uploads\/2024\/06\/epi-belliboni-e1718235773157.jpg","articleSection":["Judiciales","Pol\u00edtica"],"inLanguage":"es","potentialAction":[{"@type":"CommentAction","name":"Comment","target":["https:\/\/nuevodigitaldeescobar.com.ar\/?p=7076#respond"]}]},{"@type":"WebPage","@id":"https:\/\/nuevodigitaldeescobar.com.ar\/?p=7076","url":"https:\/\/nuevodigitaldeescobar.com.ar\/?p=7076","name":"Belliboni fue procesado por los negociados con los planes sociales - Nuevo Digital de Escobar","isPartOf":{"@id":"https:\/\/nuevodigitaldeescobar.com.ar\/#website"},"primaryImageOfPage":{"@id":"https:\/\/nuevodigitaldeescobar.com.ar\/?p=7076#primaryimage"},"image":{"@id":"https:\/\/nuevodigitaldeescobar.com.ar\/?p=7076#primaryimage"},"thumbnailUrl":"https:\/\/nuevodigitaldeescobar.com.ar\/wp-content\/uploads\/2024\/06\/epi-belliboni-e1718235773157.jpg","datePublished":"2024-07-29T12:10:00+00:00","dateModified":"2024-07-29T13:10:45+00:00","breadcrumb":{"@id":"https:\/\/nuevodigitaldeescobar.com.ar\/?p=7076#breadcrumb"},"inLanguage":"es","potentialAction":[{"@type":"ReadAction","target":["https:\/\/nuevodigitaldeescobar.com.ar\/?p=7076"]}]},{"@type":"ImageObject","inLanguage":"es","@id":"https:\/\/nuevodigitaldeescobar.com.ar\/?p=7076#primaryimage","url":"https:\/\/nuevodigitaldeescobar.com.ar\/wp-content\/uploads\/2024\/06\/epi-belliboni-e1718235773157.jpg","contentUrl":"https:\/\/nuevodigitaldeescobar.com.ar\/wp-content\/uploads\/2024\/06\/epi-belliboni-e1718235773157.jpg","width":720,"height":480,"caption":"Eduardo Belliboni deber\u00e1 presentarse ante la Justicia el 25 de junio. (AP Foto\/Natacha Pisarenko) Por: AP"},{"@type":"BreadcrumbList","@id":"https:\/\/nuevodigitaldeescobar.com.ar\/?p=7076#breadcrumb","itemListElement":[{"@type":"ListItem","position":1,"name":"Portada","item":"https:\/\/nuevodigitaldeescobar.com.ar\/"},{"@type":"ListItem","position":2,"name":"Belliboni fue procesado por los negociados con los planes sociales"}]},{"@type":"WebSite","@id":"https:\/\/nuevodigitaldeescobar.com.ar\/#website","url":"https:\/\/nuevodigitaldeescobar.com.ar\/","name":"Nuevo Digital de Escobar","description":"La vida escobarense. Directora: Rosana Brunner","publisher":{"@id":"https:\/\/nuevodigitaldeescobar.com.ar\/#organization"},"potentialAction":[{"@type":"SearchAction","target":{"@type":"EntryPoint","urlTemplate":"https:\/\/nuevodigitaldeescobar.com.ar\/?s={search_term_string}"},"query-input":{"@type":"PropertyValueSpecification","valueRequired":true,"valueName":"search_term_string"}}],"inLanguage":"es"},{"@type":"Organization","@id":"https:\/\/nuevodigitaldeescobar.com.ar\/#organization","name":"Nuevo Digital de Escobar","url":"https:\/\/nuevodigitaldeescobar.com.ar\/","logo":{"@type":"ImageObject","inLanguage":"es","@id":"https:\/\/nuevodigitaldeescobar.com.ar\/#\/schema\/logo\/image\/","url":"https:\/\/nuevodigitaldeescobar.com.ar\/wp-content\/uploads\/2025\/05\/cropped-logo-nuevo2.jpg","contentUrl":"https:\/\/nuevodigitaldeescobar.com.ar\/wp-content\/uploads\/2025\/05\/cropped-logo-nuevo2.jpg","width":305,"height":305,"caption":"Nuevo Digital de Escobar"},"image":{"@id":"https:\/\/nuevodigitaldeescobar.com.ar\/#\/schema\/logo\/image\/"},"sameAs":["https:\/\/www.facebook.com\/NUEVODigitalDeEscobar","https:\/\/x.com\/nuevodigescobar","https:\/\/www.instagram.com\/nuevodigitaldeescobar"]},{"@type":"Person","@id":"https:\/\/nuevodigitaldeescobar.com.ar\/#\/schema\/person\/035e90a8efe9a80e6eec22656ad6ea4c","name":"Redacci\u00f3n","image":{"@type":"ImageObject","inLanguage":"es","@id":"https:\/\/nuevodigitaldeescobar.com.ar\/#\/schema\/person\/image\/","url":"https:\/\/secure.gravatar.com\/avatar\/8af8f40000c24e9eef3034f2be5998a372bb1389e64b1a4a36b3a7979142220d?s=96&d=mm&r=g","contentUrl":"https:\/\/secure.gravatar.com\/avatar\/8af8f40000c24e9eef3034f2be5998a372bb1389e64b1a4a36b3a7979142220d?s=96&d=mm&r=g","caption":"Redacci\u00f3n"},"sameAs":["http:\/\/nuevodigitaldeescobar.com.ar"],"url":"https:\/\/nuevodigitaldeescobar.com.ar\/?author=1"}]}},"featured_image_urls":{"full":["https:\/\/nuevodigitaldeescobar.com.ar\/wp-content\/uploads\/2024\/06\/epi-belliboni-e1718235773157.jpg",720,480,false],"thumbnail":["https:\/\/nuevodigitaldeescobar.com.ar\/wp-content\/uploads\/2024\/06\/epi-belliboni-150x150.jpg",150,150,true],"medium":["https:\/\/nuevodigitaldeescobar.com.ar\/wp-content\/uploads\/2024\/06\/epi-belliboni-300x200.jpg",300,200,true],"medium_large":["https:\/\/nuevodigitaldeescobar.com.ar\/wp-content\/uploads\/2024\/06\/epi-belliboni-e1718235773157.jpg",640,427,false],"large":["https:\/\/nuevodigitaldeescobar.com.ar\/wp-content\/uploads\/2024\/06\/epi-belliboni-e1718235773157.jpg",640,427,false],"1536x1536":["https:\/\/nuevodigitaldeescobar.com.ar\/wp-content\/uploads\/2024\/06\/epi-belliboni-e1718235773157.jpg",720,480,false],"2048x2048":["https:\/\/nuevodigitaldeescobar.com.ar\/wp-content\/uploads\/2024\/06\/epi-belliboni-e1718235773157.jpg",720,480,false]},"author_info":{"display_name":"Redacci\u00f3n","author_link":"https:\/\/nuevodigitaldeescobar.com.ar\/?author=1"},"category_info":"<a href=\"https:\/\/nuevodigitaldeescobar.com.ar\/?cat=235\" rel=\"category\">Judiciales<\/a> <a href=\"https:\/\/nuevodigitaldeescobar.com.ar\/?cat=6\" rel=\"category\">Pol\u00edtica<\/a>","tag_info":"Pol\u00edtica","comment_count":"0","_links":{"self":[{"href":"https:\/\/nuevodigitaldeescobar.com.ar\/index.php?rest_route=\/wp\/v2\/posts\/7076","targetHints":{"allow":["GET"]}}],"collection":[{"href":"https:\/\/nuevodigitaldeescobar.com.ar\/index.php?rest_route=\/wp\/v2\/posts"}],"about":[{"href":"https:\/\/nuevodigitaldeescobar.com.ar\/index.php?rest_route=\/wp\/v2\/types\/post"}],"author":[{"embeddable":true,"href":"https:\/\/nuevodigitaldeescobar.com.ar\/index.php?rest_route=\/wp\/v2\/users\/1"}],"replies":[{"embeddable":true,"href":"https:\/\/nuevodigitaldeescobar.com.ar\/index.php?rest_route=%2Fwp%2Fv2%2Fcomments&post=7076"}],"version-history":[{"count":1,"href":"https:\/\/nuevodigitaldeescobar.com.ar\/index.php?rest_route=\/wp\/v2\/posts\/7076\/revisions"}],"predecessor-version":[{"id":7077,"href":"https:\/\/nuevodigitaldeescobar.com.ar\/index.php?rest_route=\/wp\/v2\/posts\/7076\/revisions\/7077"}],"wp:featuredmedia":[{"embeddable":true,"href":"https:\/\/nuevodigitaldeescobar.com.ar\/index.php?rest_route=\/wp\/v2\/media\/6141"}],"wp:attachment":[{"href":"https:\/\/nuevodigitaldeescobar.com.ar\/index.php?rest_route=%2Fwp%2Fv2%2Fmedia&parent=7076"}],"wp:term":[{"taxonomy":"category","embeddable":true,"href":"https:\/\/nuevodigitaldeescobar.com.ar\/index.php?rest_route=%2Fwp%2Fv2%2Fcategories&post=7076"},{"taxonomy":"post_tag","embeddable":true,"href":"https:\/\/nuevodigitaldeescobar.com.ar\/index.php?rest_route=%2Fwp%2Fv2%2Ftags&post=7076"}],"curies":[{"name":"wp","href":"https:\/\/api.w.org\/{rel}","templated":true}]}}