{"id":7103,"date":"2024-07-31T07:00:00","date_gmt":"2024-07-31T10:00:00","guid":{"rendered":"https:\/\/nuevodigitaldeescobar.com.ar\/?p=7103"},"modified":"2024-07-30T20:50:38","modified_gmt":"2024-07-30T23:50:38","slug":"comienza-la-edicion-2024-del-programa-cuidemos-nuestros-recursos","status":"publish","type":"post","link":"https:\/\/nuevodigitaldeescobar.com.ar\/?p=7103","title":{"rendered":"Comienza la edici\u00f3n 2024 del programa \u201cCuidemos Nuestros Recursos\u201d"},"content":{"rendered":"<p><span style=\"color: #003366;\"><strong><em>Est\u00e1 abierta la convocatoria a aquellos docentes del conurbano bonaerense para que se puedan inscribir para recibir un taller de educaci\u00f3n ambiental en el aula.<\/em><\/strong><\/span><\/p>\n<p><!--more--><\/p>\n<hr \/>\n<p>Esta iniciativa, que se lleva adelante todos los a\u00f1os, tiene como objetivo promover la eficiencia energ\u00e9tica y la conservaci\u00f3n de los recursos naturales en las comunidades, mediante capacitaciones para docentes y estudiantes, a fin de brindarles herramientas sobre el cuidado del medio ambiente y el buen uso de las distintas fuentes de energ\u00eda y recursos naturales.<\/p>\n<p>Naturgy, en alianza estrat\u00e9gica con Fundaci\u00f3n Manos Verdes, ofrece acciones de concientizaci\u00f3n ambiental en los municipios e instituciones educativas.<\/p>\n<p><em>\u201cEstamos entusiasmados de dar comienzo, un nuevo a\u00f1o, del programa \u2018Cuidemos Nuestros Recursos\u2019 el cual representa un pilar fundamental para nuestro compromiso con la sostenibilidad, dando a conocer los principios sobre la importancia de la eficiencia energ\u00e9tica y proporcionar herramientas pr\u00e1cticas para reducir el consumo y minimizar el impacto ambiental\u201d<\/em>, afirm\u00f3 Mar\u00eda Ver\u00f3nica Arga\u00f1araz, directora de Comunicaci\u00f3n y Relaciones Institucionales de Naturgy Argentina. <em>\u201cEste programa no solo busca educar y asesorar, sino tambi\u00e9n motivar a toda la comunidad a tomar acciones concretas en la protecci\u00f3n de nuestros recursos naturales\u201d<\/em>.<\/p>\n<p><em>\u00abA trav\u00e9s de las actividades presenciales que realizamos con la Fundaci\u00f3n Manos Verdes y la plataforma virtual logramos desarrollar un programa interactivo y participativo para toda la comunidad. Los docentes valoran mucho el intercambio de conocimientos y experiencias entre sus pares a nivel nacional. Al mismo tiempo realizamos actividades presenciales en los diferentes municipios, como las plantaciones, limpiezas y actividades de educaci\u00f3n ambiental, que tienen un impacto positivo en la comunidad local\u00bb<\/em>, se\u00f1al\u00f3 Verena B\u00f6hme. directora ejecutiva de Manos Verdes.<\/p>\n<p>El programa <em>\u201cCuidemos Nuestros Recursos\u201d<\/em> surgi\u00f3 como respuesta a la creciente necesidad de adoptar pr\u00e1cticas sostenibles y responsables en el uso de la energ\u00eda y el gas. A trav\u00e9s talleres y cursos de capacitaci\u00f3n destinados a docentes y alumnos, y tambi\u00e9n a funcionarios y\/o colaboradores de diferentes organizaciones aliadas, se abordan tem\u00e1ticas tales como Uso Responsable y Eficiente de la energ\u00eda; desarrollo y mantenimiento de huertas y compost; y las 3R de la ecolog\u00eda: reducir, reutilizar y reciclar.<\/p>\n<p>El portal <a href=\"http:\/\/www.CuidemosNuestrosRecursos.com\">www.CuidemosNuestrosRecursos.com<\/a> cuenta con material did\u00e1ctico y videos para que los docentes puedan utilizar en clase con sus alumnos, as\u00ed como tambi\u00e9n podr\u00e1n acceder a tomar diversas capacitaciones, obteniendo su respectivo certificado que acredita su realizaci\u00f3n. Por su parte, los ni\u00f1os pueden, a trav\u00e9s de contenido informativo y juegos, concientizarse y aprender a realizar un uso eficiente del agua, el gas natural, la electricidad y el papel. Sobre cada uno de estos t\u00f3picos, hay informaci\u00f3n cient\u00edfica, datos de inter\u00e9s, recomendaciones de uso y juegos interactivos para comprobar los conocimientos adquiridos.<\/p>\n<p>A su vez, el portal posee una secci\u00f3n exclusiva para docentes, cuyo objetivo es concientizar sobre el rol protag\u00f3nico que posee la energ\u00eda en la vida diaria y en la econom\u00eda y desarrollo del pa\u00eds, poniendo \u00e9nfasis en la importancia de educar en h\u00e1bitos y conductas eficientes y amigables con el medio ambiente.<\/p>\n<p>Para m\u00e1s informaci\u00f3n sobre el Programa y c\u00f3mo participar, los interesados pueden visitar el sitio <a href=\"http:\/\/www.CuidemosNuestrosRecursos.com\">www.CuidemosNuestrosRecursos.com<\/a>, o contactar a Fundaci\u00f3n Manos Verdes en sus redes, ingresando en <a href=\"http:\/\/www.instagram.com\/manosverdes_arg\/\">www.instagram.com\/manosverdes_arg\/<\/a> o <a href=\"http:\/\/www.facebook.com\/fundacionmanosverdes\">www.facebook.com\/fundacionmanosverdes<\/a>.<\/p>\n","protected":false},"excerpt":{"rendered":"<p>Est\u00e1 abierta la convocatoria a aquellos docentes del conurbano bonaerense para que se puedan inscribir para recibir un taller de educaci\u00f3n ambiental en el aula.<\/p>\n","protected":false},"author":1,"featured_media":6657,"comment_status":"open","ping_status":"open","sticky":false,"template":"","format":"standard","meta":{"footnotes":""},"categories":[14,4],"tags":[],"class_list":["post-7103","post","type-post","status-publish","format-standard","has-post-thumbnail","hentry","category-clima-medioambiente-y-sostenibilidad","category-educacion"],"better_featured_image":{"id":6657,"alt_text":"","caption":"","description":"","media_type":"image","media_details":{"width":720,"height":405,"file":"2024\/07\/gas-e1720451825950.jpg","filesize":39787,"sizes":{"medium":{"file":"gas-300x169.jpg","width":300,"height":169,"mime-type":"image\/jpeg","filesize":8231,"source_url":"https:\/\/nuevodigitaldeescobar.com.ar\/wp-content\/uploads\/2024\/07\/gas-300x169.jpg"},"thumbnail":{"file":"gas-150x150.jpg","width":150,"height":150,"mime-type":"image\/jpeg","filesize":4528,"source_url":"https:\/\/nuevodigitaldeescobar.com.ar\/wp-content\/uploads\/2024\/07\/gas-150x150.jpg"}},"image_meta":{"aperture":"0","credit":"","camera":"","caption":"","created_timestamp":"0","copyright":"","focal_length":"0","iso":"0","shutter_speed":"0","title":"","orientation":"0","keywords":[]}},"post":6655,"source_url":"https:\/\/nuevodigitaldeescobar.com.ar\/wp-content\/uploads\/2024\/07\/gas-e1720451825950.jpg"},"yoast_head":"<!-- This site is optimized with the Yoast SEO plugin v26.1.1 - https:\/\/yoast.com\/wordpress\/plugins\/seo\/ -->\n<title>Comienza la edici\u00f3n 2024 del programa \u201cCuidemos Nuestros Recursos\u201d - Nuevo Digital de Escobar<\/title>\n<meta name=\"robots\" content=\"index, follow, max-snippet:-1, max-image-preview:large, max-video-preview:-1\" \/>\n<link rel=\"canonical\" href=\"https:\/\/nuevodigitaldeescobar.com.ar\/?p=7103\" \/>\n<meta property=\"og:locale\" content=\"es_ES\" \/>\n<meta property=\"og:type\" content=\"article\" \/>\n<meta property=\"og:title\" content=\"Comienza la edici\u00f3n 2024 del programa \u201cCuidemos Nuestros Recursos\u201d - Nuevo Digital de Escobar\" \/>\n<meta property=\"og:description\" content=\"Est\u00e1 abierta la convocatoria a aquellos docentes del conurbano bonaerense para que se puedan inscribir para recibir un taller de educaci\u00f3n ambiental en el aula.\" \/>\n<meta property=\"og:url\" content=\"https:\/\/nuevodigitaldeescobar.com.ar\/?p=7103\" \/>\n<meta property=\"og:site_name\" content=\"Nuevo Digital de Escobar\" \/>\n<meta property=\"article:publisher\" content=\"https:\/\/www.facebook.com\/NUEVODigitalDeEscobar\" \/>\n<meta property=\"article:published_time\" content=\"2024-07-31T10:00:00+00:00\" \/>\n<meta property=\"og:image\" content=\"https:\/\/nuevodigitaldeescobar.com.ar\/wp-content\/uploads\/2024\/07\/gas-e1720451825950.jpg\" \/>\n\t<meta property=\"og:image:width\" content=\"720\" \/>\n\t<meta property=\"og:image:height\" content=\"405\" \/>\n\t<meta property=\"og:image:type\" content=\"image\/jpeg\" \/>\n<meta name=\"author\" content=\"Redacci\u00f3n\" \/>\n<meta name=\"twitter:card\" content=\"summary_large_image\" \/>\n<meta name=\"twitter:creator\" content=\"@nuevodigescobar\" \/>\n<meta name=\"twitter:site\" content=\"@nuevodigescobar\" \/>\n<meta name=\"twitter:label1\" content=\"Escrito por\" \/>\n\t<meta name=\"twitter:data1\" content=\"Redacci\u00f3n\" \/>\n\t<meta name=\"twitter:label2\" content=\"Tiempo de lectura\" \/>\n\t<meta name=\"twitter:data2\" content=\"3 minutos\" \/>\n<script type=\"application\/ld+json\" class=\"yoast-schema-graph\">{\"@context\":\"https:\/\/schema.org\",\"@graph\":[{\"@type\":\"Article\",\"@id\":\"https:\/\/nuevodigitaldeescobar.com.ar\/?p=7103#article\",\"isPartOf\":{\"@id\":\"https:\/\/nuevodigitaldeescobar.com.ar\/?p=7103\"},\"author\":{\"name\":\"Redacci\u00f3n\",\"@id\":\"https:\/\/nuevodigitaldeescobar.com.ar\/#\/schema\/person\/035e90a8efe9a80e6eec22656ad6ea4c\"},\"headline\":\"Comienza la edici\u00f3n 2024 del programa \u201cCuidemos Nuestros Recursos\u201d\",\"datePublished\":\"2024-07-31T10:00:00+00:00\",\"mainEntityOfPage\":{\"@id\":\"https:\/\/nuevodigitaldeescobar.com.ar\/?p=7103\"},\"wordCount\":592,\"commentCount\":0,\"publisher\":{\"@id\":\"https:\/\/nuevodigitaldeescobar.com.ar\/#organization\"},\"image\":{\"@id\":\"https:\/\/nuevodigitaldeescobar.com.ar\/?p=7103#primaryimage\"},\"thumbnailUrl\":\"https:\/\/nuevodigitaldeescobar.com.ar\/wp-content\/uploads\/2024\/07\/gas-e1720451825950.jpg\",\"articleSection\":[\"Clima, Medioambiente y Sostenibilidad\",\"Educaci\u00f3n\"],\"inLanguage\":\"es\",\"potentialAction\":[{\"@type\":\"CommentAction\",\"name\":\"Comment\",\"target\":[\"https:\/\/nuevodigitaldeescobar.com.ar\/?p=7103#respond\"]}]},{\"@type\":\"WebPage\",\"@id\":\"https:\/\/nuevodigitaldeescobar.com.ar\/?p=7103\",\"url\":\"https:\/\/nuevodigitaldeescobar.com.ar\/?p=7103\",\"name\":\"Comienza la edici\u00f3n 2024 del programa \u201cCuidemos Nuestros Recursos\u201d - Nuevo Digital de Escobar\",\"isPartOf\":{\"@id\":\"https:\/\/nuevodigitaldeescobar.com.ar\/#website\"},\"primaryImageOfPage\":{\"@id\":\"https:\/\/nuevodigitaldeescobar.com.ar\/?p=7103#primaryimage\"},\"image\":{\"@id\":\"https:\/\/nuevodigitaldeescobar.com.ar\/?p=7103#primaryimage\"},\"thumbnailUrl\":\"https:\/\/nuevodigitaldeescobar.com.ar\/wp-content\/uploads\/2024\/07\/gas-e1720451825950.jpg\",\"datePublished\":\"2024-07-31T10:00:00+00:00\",\"breadcrumb\":{\"@id\":\"https:\/\/nuevodigitaldeescobar.com.ar\/?p=7103#breadcrumb\"},\"inLanguage\":\"es\",\"potentialAction\":[{\"@type\":\"ReadAction\",\"target\":[\"https:\/\/nuevodigitaldeescobar.com.ar\/?p=7103\"]}]},{\"@type\":\"ImageObject\",\"inLanguage\":\"es\",\"@id\":\"https:\/\/nuevodigitaldeescobar.com.ar\/?p=7103#primaryimage\",\"url\":\"https:\/\/nuevodigitaldeescobar.com.ar\/wp-content\/uploads\/2024\/07\/gas-e1720451825950.jpg\",\"contentUrl\":\"https:\/\/nuevodigitaldeescobar.com.ar\/wp-content\/uploads\/2024\/07\/gas-e1720451825950.jpg\",\"width\":720,\"height\":405},{\"@type\":\"BreadcrumbList\",\"@id\":\"https:\/\/nuevodigitaldeescobar.com.ar\/?p=7103#breadcrumb\",\"itemListElement\":[{\"@type\":\"ListItem\",\"position\":1,\"name\":\"Portada\",\"item\":\"https:\/\/nuevodigitaldeescobar.com.ar\/\"},{\"@type\":\"ListItem\",\"position\":2,\"name\":\"Comienza la edici\u00f3n 2024 del programa \u201cCuidemos Nuestros Recursos\u201d\"}]},{\"@type\":\"WebSite\",\"@id\":\"https:\/\/nuevodigitaldeescobar.com.ar\/#website\",\"url\":\"https:\/\/nuevodigitaldeescobar.com.ar\/\",\"name\":\"Nuevo Digital de Escobar\",\"description\":\"La vida escobarense. Directora: Rosana Brunner\",\"publisher\":{\"@id\":\"https:\/\/nuevodigitaldeescobar.com.ar\/#organization\"},\"potentialAction\":[{\"@type\":\"SearchAction\",\"target\":{\"@type\":\"EntryPoint\",\"urlTemplate\":\"https:\/\/nuevodigitaldeescobar.com.ar\/?s={search_term_string}\"},\"query-input\":{\"@type\":\"PropertyValueSpecification\",\"valueRequired\":true,\"valueName\":\"search_term_string\"}}],\"inLanguage\":\"es\"},{\"@type\":\"Organization\",\"@id\":\"https:\/\/nuevodigitaldeescobar.com.ar\/#organization\",\"name\":\"Nuevo Digital de Escobar\",\"url\":\"https:\/\/nuevodigitaldeescobar.com.ar\/\",\"logo\":{\"@type\":\"ImageObject\",\"inLanguage\":\"es\",\"@id\":\"https:\/\/nuevodigitaldeescobar.com.ar\/#\/schema\/logo\/image\/\",\"url\":\"https:\/\/nuevodigitaldeescobar.com.ar\/wp-content\/uploads\/2025\/05\/cropped-logo-nuevo2.jpg\",\"contentUrl\":\"https:\/\/nuevodigitaldeescobar.com.ar\/wp-content\/uploads\/2025\/05\/cropped-logo-nuevo2.jpg\",\"width\":305,\"height\":305,\"caption\":\"Nuevo Digital de Escobar\"},\"image\":{\"@id\":\"https:\/\/nuevodigitaldeescobar.com.ar\/#\/schema\/logo\/image\/\"},\"sameAs\":[\"https:\/\/www.facebook.com\/NUEVODigitalDeEscobar\",\"https:\/\/x.com\/nuevodigescobar\",\"https:\/\/www.instagram.com\/nuevodigitaldeescobar\"]},{\"@type\":\"Person\",\"@id\":\"https:\/\/nuevodigitaldeescobar.com.ar\/#\/schema\/person\/035e90a8efe9a80e6eec22656ad6ea4c\",\"name\":\"Redacci\u00f3n\",\"image\":{\"@type\":\"ImageObject\",\"inLanguage\":\"es\",\"@id\":\"https:\/\/nuevodigitaldeescobar.com.ar\/#\/schema\/person\/image\/\",\"url\":\"https:\/\/secure.gravatar.com\/avatar\/8af8f40000c24e9eef3034f2be5998a372bb1389e64b1a4a36b3a7979142220d?s=96&d=mm&r=g\",\"contentUrl\":\"https:\/\/secure.gravatar.com\/avatar\/8af8f40000c24e9eef3034f2be5998a372bb1389e64b1a4a36b3a7979142220d?s=96&d=mm&r=g\",\"caption\":\"Redacci\u00f3n\"},\"sameAs\":[\"http:\/\/nuevodigitaldeescobar.com.ar\"],\"url\":\"https:\/\/nuevodigitaldeescobar.com.ar\/?author=1\"}]}<\/script>\n<!-- \/ Yoast SEO plugin. -->","yoast_head_json":{"title":"Comienza la edici\u00f3n 2024 del programa \u201cCuidemos Nuestros Recursos\u201d - Nuevo Digital de Escobar","robots":{"index":"index","follow":"follow","max-snippet":"max-snippet:-1","max-image-preview":"max-image-preview:large","max-video-preview":"max-video-preview:-1"},"canonical":"https:\/\/nuevodigitaldeescobar.com.ar\/?p=7103","og_locale":"es_ES","og_type":"article","og_title":"Comienza la edici\u00f3n 2024 del programa \u201cCuidemos Nuestros Recursos\u201d - Nuevo Digital de Escobar","og_description":"Est\u00e1 abierta la convocatoria a aquellos docentes del conurbano bonaerense para que se puedan inscribir para recibir un taller de educaci\u00f3n ambiental en el aula.","og_url":"https:\/\/nuevodigitaldeescobar.com.ar\/?p=7103","og_site_name":"Nuevo Digital de Escobar","article_publisher":"https:\/\/www.facebook.com\/NUEVODigitalDeEscobar","article_published_time":"2024-07-31T10:00:00+00:00","og_image":[{"width":720,"height":405,"url":"https:\/\/nuevodigitaldeescobar.com.ar\/wp-content\/uploads\/2024\/07\/gas-e1720451825950.jpg","type":"image\/jpeg"}],"author":"Redacci\u00f3n","twitter_card":"summary_large_image","twitter_creator":"@nuevodigescobar","twitter_site":"@nuevodigescobar","twitter_misc":{"Escrito por":"Redacci\u00f3n","Tiempo de lectura":"3 minutos"},"schema":{"@context":"https:\/\/schema.org","@graph":[{"@type":"Article","@id":"https:\/\/nuevodigitaldeescobar.com.ar\/?p=7103#article","isPartOf":{"@id":"https:\/\/nuevodigitaldeescobar.com.ar\/?p=7103"},"author":{"name":"Redacci\u00f3n","@id":"https:\/\/nuevodigitaldeescobar.com.ar\/#\/schema\/person\/035e90a8efe9a80e6eec22656ad6ea4c"},"headline":"Comienza la edici\u00f3n 2024 del programa \u201cCuidemos Nuestros Recursos\u201d","datePublished":"2024-07-31T10:00:00+00:00","mainEntityOfPage":{"@id":"https:\/\/nuevodigitaldeescobar.com.ar\/?p=7103"},"wordCount":592,"commentCount":0,"publisher":{"@id":"https:\/\/nuevodigitaldeescobar.com.ar\/#organization"},"image":{"@id":"https:\/\/nuevodigitaldeescobar.com.ar\/?p=7103#primaryimage"},"thumbnailUrl":"https:\/\/nuevodigitaldeescobar.com.ar\/wp-content\/uploads\/2024\/07\/gas-e1720451825950.jpg","articleSection":["Clima, Medioambiente y Sostenibilidad","Educaci\u00f3n"],"inLanguage":"es","potentialAction":[{"@type":"CommentAction","name":"Comment","target":["https:\/\/nuevodigitaldeescobar.com.ar\/?p=7103#respond"]}]},{"@type":"WebPage","@id":"https:\/\/nuevodigitaldeescobar.com.ar\/?p=7103","url":"https:\/\/nuevodigitaldeescobar.com.ar\/?p=7103","name":"Comienza la edici\u00f3n 2024 del programa \u201cCuidemos Nuestros Recursos\u201d - Nuevo Digital de Escobar","isPartOf":{"@id":"https:\/\/nuevodigitaldeescobar.com.ar\/#website"},"primaryImageOfPage":{"@id":"https:\/\/nuevodigitaldeescobar.com.ar\/?p=7103#primaryimage"},"image":{"@id":"https:\/\/nuevodigitaldeescobar.com.ar\/?p=7103#primaryimage"},"thumbnailUrl":"https:\/\/nuevodigitaldeescobar.com.ar\/wp-content\/uploads\/2024\/07\/gas-e1720451825950.jpg","datePublished":"2024-07-31T10:00:00+00:00","breadcrumb":{"@id":"https:\/\/nuevodigitaldeescobar.com.ar\/?p=7103#breadcrumb"},"inLanguage":"es","potentialAction":[{"@type":"ReadAction","target":["https:\/\/nuevodigitaldeescobar.com.ar\/?p=7103"]}]},{"@type":"ImageObject","inLanguage":"es","@id":"https:\/\/nuevodigitaldeescobar.com.ar\/?p=7103#primaryimage","url":"https:\/\/nuevodigitaldeescobar.com.ar\/wp-content\/uploads\/2024\/07\/gas-e1720451825950.jpg","contentUrl":"https:\/\/nuevodigitaldeescobar.com.ar\/wp-content\/uploads\/2024\/07\/gas-e1720451825950.jpg","width":720,"height":405},{"@type":"BreadcrumbList","@id":"https:\/\/nuevodigitaldeescobar.com.ar\/?p=7103#breadcrumb","itemListElement":[{"@type":"ListItem","position":1,"name":"Portada","item":"https:\/\/nuevodigitaldeescobar.com.ar\/"},{"@type":"ListItem","position":2,"name":"Comienza la edici\u00f3n 2024 del programa \u201cCuidemos Nuestros Recursos\u201d"}]},{"@type":"WebSite","@id":"https:\/\/nuevodigitaldeescobar.com.ar\/#website","url":"https:\/\/nuevodigitaldeescobar.com.ar\/","name":"Nuevo Digital de Escobar","description":"La vida escobarense. Directora: Rosana Brunner","publisher":{"@id":"https:\/\/nuevodigitaldeescobar.com.ar\/#organization"},"potentialAction":[{"@type":"SearchAction","target":{"@type":"EntryPoint","urlTemplate":"https:\/\/nuevodigitaldeescobar.com.ar\/?s={search_term_string}"},"query-input":{"@type":"PropertyValueSpecification","valueRequired":true,"valueName":"search_term_string"}}],"inLanguage":"es"},{"@type":"Organization","@id":"https:\/\/nuevodigitaldeescobar.com.ar\/#organization","name":"Nuevo Digital de Escobar","url":"https:\/\/nuevodigitaldeescobar.com.ar\/","logo":{"@type":"ImageObject","inLanguage":"es","@id":"https:\/\/nuevodigitaldeescobar.com.ar\/#\/schema\/logo\/image\/","url":"https:\/\/nuevodigitaldeescobar.com.ar\/wp-content\/uploads\/2025\/05\/cropped-logo-nuevo2.jpg","contentUrl":"https:\/\/nuevodigitaldeescobar.com.ar\/wp-content\/uploads\/2025\/05\/cropped-logo-nuevo2.jpg","width":305,"height":305,"caption":"Nuevo Digital de Escobar"},"image":{"@id":"https:\/\/nuevodigitaldeescobar.com.ar\/#\/schema\/logo\/image\/"},"sameAs":["https:\/\/www.facebook.com\/NUEVODigitalDeEscobar","https:\/\/x.com\/nuevodigescobar","https:\/\/www.instagram.com\/nuevodigitaldeescobar"]},{"@type":"Person","@id":"https:\/\/nuevodigitaldeescobar.com.ar\/#\/schema\/person\/035e90a8efe9a80e6eec22656ad6ea4c","name":"Redacci\u00f3n","image":{"@type":"ImageObject","inLanguage":"es","@id":"https:\/\/nuevodigitaldeescobar.com.ar\/#\/schema\/person\/image\/","url":"https:\/\/secure.gravatar.com\/avatar\/8af8f40000c24e9eef3034f2be5998a372bb1389e64b1a4a36b3a7979142220d?s=96&d=mm&r=g","contentUrl":"https:\/\/secure.gravatar.com\/avatar\/8af8f40000c24e9eef3034f2be5998a372bb1389e64b1a4a36b3a7979142220d?s=96&d=mm&r=g","caption":"Redacci\u00f3n"},"sameAs":["http:\/\/nuevodigitaldeescobar.com.ar"],"url":"https:\/\/nuevodigitaldeescobar.com.ar\/?author=1"}]}},"featured_image_urls":{"full":["https:\/\/nuevodigitaldeescobar.com.ar\/wp-content\/uploads\/2024\/07\/gas-e1720451825950.jpg",720,405,false],"thumbnail":["https:\/\/nuevodigitaldeescobar.com.ar\/wp-content\/uploads\/2024\/07\/gas-150x150.jpg",150,150,true],"medium":["https:\/\/nuevodigitaldeescobar.com.ar\/wp-content\/uploads\/2024\/07\/gas-300x169.jpg",300,169,true],"medium_large":["https:\/\/nuevodigitaldeescobar.com.ar\/wp-content\/uploads\/2024\/07\/gas-e1720451825950.jpg",640,360,false],"large":["https:\/\/nuevodigitaldeescobar.com.ar\/wp-content\/uploads\/2024\/07\/gas-e1720451825950.jpg",640,360,false],"1536x1536":["https:\/\/nuevodigitaldeescobar.com.ar\/wp-content\/uploads\/2024\/07\/gas-e1720451825950.jpg",720,405,false],"2048x2048":["https:\/\/nuevodigitaldeescobar.com.ar\/wp-content\/uploads\/2024\/07\/gas-e1720451825950.jpg",720,405,false]},"author_info":{"display_name":"Redacci\u00f3n","author_link":"https:\/\/nuevodigitaldeescobar.com.ar\/?author=1"},"category_info":"<a href=\"https:\/\/nuevodigitaldeescobar.com.ar\/?cat=14\" rel=\"category\">Clima, Medioambiente y Sostenibilidad<\/a> <a href=\"https:\/\/nuevodigitaldeescobar.com.ar\/?cat=4\" rel=\"category\">Educaci\u00f3n<\/a>","tag_info":"Educaci\u00f3n","comment_count":"0","_links":{"self":[{"href":"https:\/\/nuevodigitaldeescobar.com.ar\/index.php?rest_route=\/wp\/v2\/posts\/7103","targetHints":{"allow":["GET"]}}],"collection":[{"href":"https:\/\/nuevodigitaldeescobar.com.ar\/index.php?rest_route=\/wp\/v2\/posts"}],"about":[{"href":"https:\/\/nuevodigitaldeescobar.com.ar\/index.php?rest_route=\/wp\/v2\/types\/post"}],"author":[{"embeddable":true,"href":"https:\/\/nuevodigitaldeescobar.com.ar\/index.php?rest_route=\/wp\/v2\/users\/1"}],"replies":[{"embeddable":true,"href":"https:\/\/nuevodigitaldeescobar.com.ar\/index.php?rest_route=%2Fwp%2Fv2%2Fcomments&post=7103"}],"version-history":[{"count":1,"href":"https:\/\/nuevodigitaldeescobar.com.ar\/index.php?rest_route=\/wp\/v2\/posts\/7103\/revisions"}],"predecessor-version":[{"id":7104,"href":"https:\/\/nuevodigitaldeescobar.com.ar\/index.php?rest_route=\/wp\/v2\/posts\/7103\/revisions\/7104"}],"wp:featuredmedia":[{"embeddable":true,"href":"https:\/\/nuevodigitaldeescobar.com.ar\/index.php?rest_route=\/wp\/v2\/media\/6657"}],"wp:attachment":[{"href":"https:\/\/nuevodigitaldeescobar.com.ar\/index.php?rest_route=%2Fwp%2Fv2%2Fmedia&parent=7103"}],"wp:term":[{"taxonomy":"category","embeddable":true,"href":"https:\/\/nuevodigitaldeescobar.com.ar\/index.php?rest_route=%2Fwp%2Fv2%2Fcategories&post=7103"},{"taxonomy":"post_tag","embeddable":true,"href":"https:\/\/nuevodigitaldeescobar.com.ar\/index.php?rest_route=%2Fwp%2Fv2%2Ftags&post=7103"}],"curies":[{"name":"wp","href":"https:\/\/api.w.org\/{rel}","templated":true}]}}