{"id":7166,"date":"2024-08-02T15:56:25","date_gmt":"2024-08-02T18:56:25","guid":{"rendered":"https:\/\/nuevodigitaldeescobar.com.ar\/?p=7166"},"modified":"2024-08-02T15:56:29","modified_gmt":"2024-08-02T18:56:29","slug":"este-fin-de-semana-se-celebra-el-aniversario-de-la-granja-don-benito-y-habra-un-homenaje-a-cerati","status":"publish","type":"post","link":"https:\/\/nuevodigitaldeescobar.com.ar\/?p=7166","title":{"rendered":"Este fin de semana se celebra el aniversario de la Granja Don Benito y habr\u00e1 un homenaje a Cerati"},"content":{"rendered":"<p><span style=\"color: #003366;\"><strong><em>Entre las actividades que se podr\u00e1n realizar este primer fin de semana de agosto, se destacan el aniversario de la Granja Educativa Don Benito, la jornada JuveActiva, un cine debate, actividades al aire libre y un show tributo a Gustavo Cerati en el Teatro Seminari.<\/em><\/strong><\/span><\/p>\n<p><!--more--><\/p>\n<hr \/>\n<p>Hoy desde las 16, se llevar\u00e1 a cabo otra jornada de JuveActiva en la Plaza Lambertuchi (Col\u00f3n y Ameghino). El evento contar\u00e1 con diversas actividades como un taller de freestyle, un taller de BMX y skate, radio en vivo, arte urbano, un punto de consulta joven y un punto de donaciones para el programa Juventud Solidaria. La inscripci\u00f3n al taller de freestyle se realiza en <a href=\"http:\/\/www.escobar360.gob.ar\">www.escobar360.gob.ar<\/a>.<\/p>\n<p><a href=\"https:\/\/nuevodigitaldeescobar.com.ar\/?attachment_id=7168\" rel=\"attachment wp-att-7168\"><img fetchpriority=\"high\" decoding=\"async\" class=\"alignnone size-full wp-image-7168\" src=\"http:\/\/nuevodigitaldeescobar.com.ar\/wp-content\/uploads\/2024\/08\/juveactiva-e1722624892939.jpg\" alt=\"\" width=\"720\" height=\"480\" \/><\/a><\/p>\n<p>Por la noche, a las 20 horas, en la sala B del Teatro Seminari Cine Italia (<a href=\"https:\/\/www.google.com\/maps\/place\/Teatro+Seminari+Cine+Italia\/@-34.3486169,-58.7957454,17z\/data=!3m1!4b1!4m6!3m5!1s0x95bb6179b9ed785b:0x7995ab240184655a!8m2!3d-34.3486214!4d-58.7931705!16s%2Fg%2F11f631pvlv?entry=ttu\">Mitre 451, Bel\u00e9n de Escobar<\/a>), se presentar\u00e1 La Banda del Tordo y su Drink Team.<\/p>\n<p>M\u00e1s tarde, a las 21 horas, tambi\u00e9n en el Teatro Seminari, el grupo Crimen ofrecer\u00e1 un show audiovisual en homenaje a Gustavo Cerati, interpretando los grandes \u00e9xitos de su carrera solista. Las entradas se pueden adquirir en la <a href=\"http:\/\/www.teatroseminari.gob.ar\/\">web<\/a> o la boleter\u00eda del teatro.<\/p>\n<p>Adem\u00e1s, durante todo el fin de semana, el cine proyectar\u00e1 las pel\u00edculas <em>\u201cHarold y su cray\u00f3n m\u00e1gico\u201d<\/em> y <em>\u201cDeadpool &amp; Wolverine\u201d<\/em>. Los horarios y entradas est\u00e1n disponibles en <a href=\"http:\/\/www.teatroseminari.gob.ar\">www.teatroseminari.gob.ar<\/a> o en la boleter\u00eda del teatro.<\/p>\n<p><a href=\"https:\/\/nuevodigitaldeescobar.com.ar\/?attachment_id=7170\" rel=\"attachment wp-att-7170\"><img decoding=\"async\" class=\"alignnone size-full wp-image-7170\" src=\"http:\/\/nuevodigitaldeescobar.com.ar\/wp-content\/uploads\/2024\/08\/seminari-e1722624961483.jpg\" alt=\"\" width=\"720\" height=\"412\" srcset=\"https:\/\/nuevodigitaldeescobar.com.ar\/wp-content\/uploads\/2024\/08\/seminari-e1722624961483.jpg 720w, https:\/\/nuevodigitaldeescobar.com.ar\/wp-content\/uploads\/2024\/08\/seminari-e1722624961483-300x172.jpg 300w\" sizes=\"(max-width: 720px) 100vw, 720px\" \/><\/a><\/p>\n<p>El s\u00e1bado, de 9 a 17, la Granja Educativa Don Benito (<a href=\"https:\/\/www.google.com\/maps\/place\/Granja+Don+Benito\/@-34.3782904,-58.747983,17z\/data=!3m1!4b1!4m6!3m5!1s0x95bc9ff3b0ffce3d:0xd0bb7b85379d7b5e!8m2!3d-34.3782949!4d-58.7454081!16s%2Fg%2F11f0wn78_p?entry=ttu\">Independencia y Mendoza, Ingeniero Maschwitz<\/a>) celebrar\u00e1 su s\u00e9ptimo aniversario con una jornada especial, que incluir\u00e1 actividades para toda la familia, inflables, maquillaje art\u00edstico y shows en vivo. Ese d\u00eda la entrada ser\u00e1 libre y gratuita, solo se abonar\u00e1n el alimento de los animales y los juegos del Parque A\u00e9reo Aventura.<\/p>\n<p>Ese mismo d\u00eda, a las 12 y 15 horas, en el Mercado Circular (<a href=\"https:\/\/www.google.com\/maps\/place\/Mercado+Circular+-+Feria+de+Artesanos\/@-34.3806117,-58.749349,17z\/data=!3m1!4b1!4m6!3m5!1s0x95bc9f2bd03d9da5:0x50dddb4b0f32bf93!8m2!3d-34.3806162!4d-58.7467741!16s%2Fg%2F11qpxsxl_j?entry=ttu\">Mendoza y Entre R\u00edos, Ingeniero Maschwitz<\/a>) se presentar\u00e1 el espect\u00e1culo familiar El Circo de Arranque, evento que se suspender\u00e1 en caso de lluvia. Adem\u00e1s, muy cerca, se puede visitar la Despensa de la Econom\u00eda Social (<a href=\"https:\/\/www.google.com\/maps\/place\/Despensa+de+la+Econom%C3%ADa+social\/@-34.3801853,-58.7477343,17z\/data=!3m1!4b1!4m6!3m5!1s0x95bc9ff99237613f:0xb338de3a28ff4fb8!8m2!3d-34.3801898!4d-58.7451594!16s%2Fg%2F11ldvb77k5?entry=ttu\">Av. El Dorado 2185<\/a>) abierta de mi\u00e9rcoles a s\u00e1bados de 9 a 14 horas, donde se adquieren productos agroecol\u00f3gicos, artesanales y regionales de calidad.<\/p>\n<p>A las 20 horas, el Centro Cultural Campiglia (<a href=\"https:\/\/www.google.com\/maps\/place\/Museo+Hist%C3%B3rico+Campiglia\/@-34.3460138,-58.7993032,17z\/data=!3m1!4b1!4m6!3m5!1s0x95bb61bad2cc0b05:0x9053b2b6b977560!8m2!3d-34.3460183!4d-58.7967283!16s%2Fg%2F11c2nrgzfz?entry=ttu\">Mitre 787, Bel\u00e9n de Escobar<\/a>) presentar\u00e1 el ciclo Club de Video, con entrada libre y gratuita. Se proyectar\u00e1 la pel\u00edcula argentina Boquitas Pintadas, seguida de un an\u00e1lisis y debate coordinado por el cineasta escobarense Guillermo Dunel.<\/p>\n<p>El s\u00e1bado y domingo tambi\u00e9n se podr\u00e1 disfrutar del <a href=\"https:\/\/www.google.com\/maps\/place\/Mercado+del+Paran%C3%A1\/@-34.2485934,-58.7328659,17z\/data=!3m1!4b1!4m6!3m5!1s0x95bb5d9867fea9c3:0x7a51977bfa133f85!8m2!3d-34.2485979!4d-58.730291!16s%2Fg%2F11m_mybstx?entry=ttu\">Mercado del Paran\u00e1<\/a>, con stands de artesanos y emprendedores locales, en un entorno natural. Abierto de 11 a 18 horas en Ruta 25 y Camino de los Pescadores, Bel\u00e9n de Escobar.<\/p>\n","protected":false},"excerpt":{"rendered":"<p>Entre las actividades que se podr\u00e1n realizar este primer fin de semana de agosto, se destacan el aniversario de la Granja Educativa Don Benito, la [&hellip;]<\/p>\n","protected":false},"author":1,"featured_media":7167,"comment_status":"open","ping_status":"open","sticky":false,"template":"","format":"standard","meta":{"footnotes":""},"categories":[11],"tags":[],"class_list":["post-7166","post","type-post","status-publish","format-standard","has-post-thumbnail","hentry","category-cultura-arte-y-espectaculos"],"better_featured_image":{"id":7167,"alt_text":"","caption":"","description":"","media_type":"image","media_details":{"width":720,"height":480,"file":"2024\/08\/granja-don-benito-e1722624862338.jpg","filesize":280432,"sizes":{"medium":{"file":"granja-don-benito-300x200.jpg","width":300,"height":200,"mime-type":"image\/jpeg","filesize":20604,"source_url":"https:\/\/nuevodigitaldeescobar.com.ar\/wp-content\/uploads\/2024\/08\/granja-don-benito-300x200.jpg"},"large":{"file":"granja-don-benito-1024x683.jpg","width":1024,"height":683,"mime-type":"image\/jpeg","filesize":121952,"source_url":"https:\/\/nuevodigitaldeescobar.com.ar\/wp-content\/uploads\/2024\/08\/granja-don-benito-1024x683.jpg"},"thumbnail":{"file":"granja-don-benito-150x150.jpg","width":150,"height":150,"mime-type":"image\/jpeg","filesize":11368,"source_url":"https:\/\/nuevodigitaldeescobar.com.ar\/wp-content\/uploads\/2024\/08\/granja-don-benito-150x150.jpg"},"medium_large":{"file":"granja-don-benito-768x512.jpg","width":768,"height":512,"mime-type":"image\/jpeg","filesize":78873,"source_url":"https:\/\/nuevodigitaldeescobar.com.ar\/wp-content\/uploads\/2024\/08\/granja-don-benito-768x512.jpg"},"1536x1536":{"file":"granja-don-benito-1536x1024.jpg","width":1536,"height":1024,"mime-type":"image\/jpeg","filesize":220623,"source_url":"https:\/\/nuevodigitaldeescobar.com.ar\/wp-content\/uploads\/2024\/08\/granja-don-benito-1536x1024.jpg"}},"image_meta":{"aperture":"0","credit":"","camera":"","caption":"","created_timestamp":"0","copyright":"","focal_length":"0","iso":"0","shutter_speed":"0","title":"","orientation":"0","keywords":[]}},"post":7166,"source_url":"https:\/\/nuevodigitaldeescobar.com.ar\/wp-content\/uploads\/2024\/08\/granja-don-benito-e1722624862338.jpg"},"yoast_head":"<!-- This site is optimized with the Yoast SEO plugin v26.1.1 - https:\/\/yoast.com\/wordpress\/plugins\/seo\/ -->\n<title>Este fin de semana se celebra el aniversario de la Granja Don Benito y habr\u00e1 un homenaje a Cerati - Nuevo Digital de Escobar<\/title>\n<meta name=\"robots\" content=\"index, follow, max-snippet:-1, max-image-preview:large, max-video-preview:-1\" \/>\n<link rel=\"canonical\" href=\"https:\/\/nuevodigitaldeescobar.com.ar\/?p=7166\" \/>\n<meta property=\"og:locale\" content=\"es_ES\" \/>\n<meta property=\"og:type\" content=\"article\" \/>\n<meta property=\"og:title\" content=\"Este fin de semana se celebra el aniversario de la Granja Don Benito y habr\u00e1 un homenaje a Cerati - Nuevo Digital de Escobar\" \/>\n<meta property=\"og:description\" content=\"Entre las actividades que se podr\u00e1n realizar este primer fin de semana de agosto, se destacan el aniversario de la Granja Educativa Don Benito, la [&hellip;]\" \/>\n<meta property=\"og:url\" content=\"https:\/\/nuevodigitaldeescobar.com.ar\/?p=7166\" \/>\n<meta property=\"og:site_name\" content=\"Nuevo Digital de Escobar\" \/>\n<meta property=\"article:publisher\" content=\"https:\/\/www.facebook.com\/NUEVODigitalDeEscobar\" \/>\n<meta property=\"article:published_time\" content=\"2024-08-02T18:56:25+00:00\" \/>\n<meta property=\"article:modified_time\" content=\"2024-08-02T18:56:29+00:00\" \/>\n<meta property=\"og:image\" content=\"https:\/\/nuevodigitaldeescobar.com.ar\/wp-content\/uploads\/2024\/08\/granja-don-benito-e1722624862338.jpg\" \/>\n\t<meta property=\"og:image:width\" content=\"720\" \/>\n\t<meta property=\"og:image:height\" content=\"480\" \/>\n\t<meta property=\"og:image:type\" content=\"image\/jpeg\" \/>\n<meta name=\"author\" content=\"Redacci\u00f3n\" \/>\n<meta name=\"twitter:card\" content=\"summary_large_image\" \/>\n<meta name=\"twitter:creator\" content=\"@nuevodigescobar\" \/>\n<meta name=\"twitter:site\" content=\"@nuevodigescobar\" \/>\n<meta name=\"twitter:label1\" content=\"Escrito por\" \/>\n\t<meta name=\"twitter:data1\" content=\"Redacci\u00f3n\" \/>\n\t<meta name=\"twitter:label2\" content=\"Tiempo de lectura\" \/>\n\t<meta name=\"twitter:data2\" content=\"2 minutos\" \/>\n<script type=\"application\/ld+json\" class=\"yoast-schema-graph\">{\"@context\":\"https:\/\/schema.org\",\"@graph\":[{\"@type\":\"Article\",\"@id\":\"https:\/\/nuevodigitaldeescobar.com.ar\/?p=7166#article\",\"isPartOf\":{\"@id\":\"https:\/\/nuevodigitaldeescobar.com.ar\/?p=7166\"},\"author\":{\"name\":\"Redacci\u00f3n\",\"@id\":\"https:\/\/nuevodigitaldeescobar.com.ar\/#\/schema\/person\/035e90a8efe9a80e6eec22656ad6ea4c\"},\"headline\":\"Este fin de semana se celebra el aniversario de la Granja Don Benito y habr\u00e1 un homenaje a Cerati\",\"datePublished\":\"2024-08-02T18:56:25+00:00\",\"dateModified\":\"2024-08-02T18:56:29+00:00\",\"mainEntityOfPage\":{\"@id\":\"https:\/\/nuevodigitaldeescobar.com.ar\/?p=7166\"},\"wordCount\":480,\"commentCount\":0,\"publisher\":{\"@id\":\"https:\/\/nuevodigitaldeescobar.com.ar\/#organization\"},\"image\":{\"@id\":\"https:\/\/nuevodigitaldeescobar.com.ar\/?p=7166#primaryimage\"},\"thumbnailUrl\":\"https:\/\/nuevodigitaldeescobar.com.ar\/wp-content\/uploads\/2024\/08\/granja-don-benito-e1722624862338.jpg\",\"articleSection\":[\"Cultura, Arte y Espect\u00e1culos\"],\"inLanguage\":\"es\",\"potentialAction\":[{\"@type\":\"CommentAction\",\"name\":\"Comment\",\"target\":[\"https:\/\/nuevodigitaldeescobar.com.ar\/?p=7166#respond\"]}]},{\"@type\":\"WebPage\",\"@id\":\"https:\/\/nuevodigitaldeescobar.com.ar\/?p=7166\",\"url\":\"https:\/\/nuevodigitaldeescobar.com.ar\/?p=7166\",\"name\":\"Este fin de semana se celebra el aniversario de la Granja Don Benito y habr\u00e1 un homenaje a Cerati - Nuevo Digital de Escobar\",\"isPartOf\":{\"@id\":\"https:\/\/nuevodigitaldeescobar.com.ar\/#website\"},\"primaryImageOfPage\":{\"@id\":\"https:\/\/nuevodigitaldeescobar.com.ar\/?p=7166#primaryimage\"},\"image\":{\"@id\":\"https:\/\/nuevodigitaldeescobar.com.ar\/?p=7166#primaryimage\"},\"thumbnailUrl\":\"https:\/\/nuevodigitaldeescobar.com.ar\/wp-content\/uploads\/2024\/08\/granja-don-benito-e1722624862338.jpg\",\"datePublished\":\"2024-08-02T18:56:25+00:00\",\"dateModified\":\"2024-08-02T18:56:29+00:00\",\"breadcrumb\":{\"@id\":\"https:\/\/nuevodigitaldeescobar.com.ar\/?p=7166#breadcrumb\"},\"inLanguage\":\"es\",\"potentialAction\":[{\"@type\":\"ReadAction\",\"target\":[\"https:\/\/nuevodigitaldeescobar.com.ar\/?p=7166\"]}]},{\"@type\":\"ImageObject\",\"inLanguage\":\"es\",\"@id\":\"https:\/\/nuevodigitaldeescobar.com.ar\/?p=7166#primaryimage\",\"url\":\"https:\/\/nuevodigitaldeescobar.com.ar\/wp-content\/uploads\/2024\/08\/granja-don-benito-e1722624862338.jpg\",\"contentUrl\":\"https:\/\/nuevodigitaldeescobar.com.ar\/wp-content\/uploads\/2024\/08\/granja-don-benito-e1722624862338.jpg\",\"width\":720,\"height\":480},{\"@type\":\"BreadcrumbList\",\"@id\":\"https:\/\/nuevodigitaldeescobar.com.ar\/?p=7166#breadcrumb\",\"itemListElement\":[{\"@type\":\"ListItem\",\"position\":1,\"name\":\"Portada\",\"item\":\"https:\/\/nuevodigitaldeescobar.com.ar\/\"},{\"@type\":\"ListItem\",\"position\":2,\"name\":\"Este fin de semana se celebra el aniversario de la Granja Don Benito y habr\u00e1 un homenaje a Cerati\"}]},{\"@type\":\"WebSite\",\"@id\":\"https:\/\/nuevodigitaldeescobar.com.ar\/#website\",\"url\":\"https:\/\/nuevodigitaldeescobar.com.ar\/\",\"name\":\"Nuevo Digital de Escobar\",\"description\":\"La vida escobarense. Directora: Rosana Brunner\",\"publisher\":{\"@id\":\"https:\/\/nuevodigitaldeescobar.com.ar\/#organization\"},\"potentialAction\":[{\"@type\":\"SearchAction\",\"target\":{\"@type\":\"EntryPoint\",\"urlTemplate\":\"https:\/\/nuevodigitaldeescobar.com.ar\/?s={search_term_string}\"},\"query-input\":{\"@type\":\"PropertyValueSpecification\",\"valueRequired\":true,\"valueName\":\"search_term_string\"}}],\"inLanguage\":\"es\"},{\"@type\":\"Organization\",\"@id\":\"https:\/\/nuevodigitaldeescobar.com.ar\/#organization\",\"name\":\"Nuevo Digital de Escobar\",\"url\":\"https:\/\/nuevodigitaldeescobar.com.ar\/\",\"logo\":{\"@type\":\"ImageObject\",\"inLanguage\":\"es\",\"@id\":\"https:\/\/nuevodigitaldeescobar.com.ar\/#\/schema\/logo\/image\/\",\"url\":\"https:\/\/nuevodigitaldeescobar.com.ar\/wp-content\/uploads\/2025\/05\/cropped-logo-nuevo2.jpg\",\"contentUrl\":\"https:\/\/nuevodigitaldeescobar.com.ar\/wp-content\/uploads\/2025\/05\/cropped-logo-nuevo2.jpg\",\"width\":305,\"height\":305,\"caption\":\"Nuevo Digital de Escobar\"},\"image\":{\"@id\":\"https:\/\/nuevodigitaldeescobar.com.ar\/#\/schema\/logo\/image\/\"},\"sameAs\":[\"https:\/\/www.facebook.com\/NUEVODigitalDeEscobar\",\"https:\/\/x.com\/nuevodigescobar\",\"https:\/\/www.instagram.com\/nuevodigitaldeescobar\"]},{\"@type\":\"Person\",\"@id\":\"https:\/\/nuevodigitaldeescobar.com.ar\/#\/schema\/person\/035e90a8efe9a80e6eec22656ad6ea4c\",\"name\":\"Redacci\u00f3n\",\"image\":{\"@type\":\"ImageObject\",\"inLanguage\":\"es\",\"@id\":\"https:\/\/nuevodigitaldeescobar.com.ar\/#\/schema\/person\/image\/\",\"url\":\"https:\/\/secure.gravatar.com\/avatar\/8af8f40000c24e9eef3034f2be5998a372bb1389e64b1a4a36b3a7979142220d?s=96&d=mm&r=g\",\"contentUrl\":\"https:\/\/secure.gravatar.com\/avatar\/8af8f40000c24e9eef3034f2be5998a372bb1389e64b1a4a36b3a7979142220d?s=96&d=mm&r=g\",\"caption\":\"Redacci\u00f3n\"},\"sameAs\":[\"http:\/\/nuevodigitaldeescobar.com.ar\"],\"url\":\"https:\/\/nuevodigitaldeescobar.com.ar\/?author=1\"}]}<\/script>\n<!-- \/ Yoast SEO plugin. -->","yoast_head_json":{"title":"Este fin de semana se celebra el aniversario de la Granja Don Benito y habr\u00e1 un homenaje a Cerati - Nuevo Digital de Escobar","robots":{"index":"index","follow":"follow","max-snippet":"max-snippet:-1","max-image-preview":"max-image-preview:large","max-video-preview":"max-video-preview:-1"},"canonical":"https:\/\/nuevodigitaldeescobar.com.ar\/?p=7166","og_locale":"es_ES","og_type":"article","og_title":"Este fin de semana se celebra el aniversario de la Granja Don Benito y habr\u00e1 un homenaje a Cerati - Nuevo Digital de Escobar","og_description":"Entre las actividades que se podr\u00e1n realizar este primer fin de semana de agosto, se destacan el aniversario de la Granja Educativa Don Benito, la [&hellip;]","og_url":"https:\/\/nuevodigitaldeescobar.com.ar\/?p=7166","og_site_name":"Nuevo Digital de Escobar","article_publisher":"https:\/\/www.facebook.com\/NUEVODigitalDeEscobar","article_published_time":"2024-08-02T18:56:25+00:00","article_modified_time":"2024-08-02T18:56:29+00:00","og_image":[{"width":720,"height":480,"url":"https:\/\/nuevodigitaldeescobar.com.ar\/wp-content\/uploads\/2024\/08\/granja-don-benito-e1722624862338.jpg","type":"image\/jpeg"}],"author":"Redacci\u00f3n","twitter_card":"summary_large_image","twitter_creator":"@nuevodigescobar","twitter_site":"@nuevodigescobar","twitter_misc":{"Escrito por":"Redacci\u00f3n","Tiempo de lectura":"2 minutos"},"schema":{"@context":"https:\/\/schema.org","@graph":[{"@type":"Article","@id":"https:\/\/nuevodigitaldeescobar.com.ar\/?p=7166#article","isPartOf":{"@id":"https:\/\/nuevodigitaldeescobar.com.ar\/?p=7166"},"author":{"name":"Redacci\u00f3n","@id":"https:\/\/nuevodigitaldeescobar.com.ar\/#\/schema\/person\/035e90a8efe9a80e6eec22656ad6ea4c"},"headline":"Este fin de semana se celebra el aniversario de la Granja Don Benito y habr\u00e1 un homenaje a Cerati","datePublished":"2024-08-02T18:56:25+00:00","dateModified":"2024-08-02T18:56:29+00:00","mainEntityOfPage":{"@id":"https:\/\/nuevodigitaldeescobar.com.ar\/?p=7166"},"wordCount":480,"commentCount":0,"publisher":{"@id":"https:\/\/nuevodigitaldeescobar.com.ar\/#organization"},"image":{"@id":"https:\/\/nuevodigitaldeescobar.com.ar\/?p=7166#primaryimage"},"thumbnailUrl":"https:\/\/nuevodigitaldeescobar.com.ar\/wp-content\/uploads\/2024\/08\/granja-don-benito-e1722624862338.jpg","articleSection":["Cultura, Arte y Espect\u00e1culos"],"inLanguage":"es","potentialAction":[{"@type":"CommentAction","name":"Comment","target":["https:\/\/nuevodigitaldeescobar.com.ar\/?p=7166#respond"]}]},{"@type":"WebPage","@id":"https:\/\/nuevodigitaldeescobar.com.ar\/?p=7166","url":"https:\/\/nuevodigitaldeescobar.com.ar\/?p=7166","name":"Este fin de semana se celebra el aniversario de la Granja Don Benito y habr\u00e1 un homenaje a Cerati - Nuevo Digital de Escobar","isPartOf":{"@id":"https:\/\/nuevodigitaldeescobar.com.ar\/#website"},"primaryImageOfPage":{"@id":"https:\/\/nuevodigitaldeescobar.com.ar\/?p=7166#primaryimage"},"image":{"@id":"https:\/\/nuevodigitaldeescobar.com.ar\/?p=7166#primaryimage"},"thumbnailUrl":"https:\/\/nuevodigitaldeescobar.com.ar\/wp-content\/uploads\/2024\/08\/granja-don-benito-e1722624862338.jpg","datePublished":"2024-08-02T18:56:25+00:00","dateModified":"2024-08-02T18:56:29+00:00","breadcrumb":{"@id":"https:\/\/nuevodigitaldeescobar.com.ar\/?p=7166#breadcrumb"},"inLanguage":"es","potentialAction":[{"@type":"ReadAction","target":["https:\/\/nuevodigitaldeescobar.com.ar\/?p=7166"]}]},{"@type":"ImageObject","inLanguage":"es","@id":"https:\/\/nuevodigitaldeescobar.com.ar\/?p=7166#primaryimage","url":"https:\/\/nuevodigitaldeescobar.com.ar\/wp-content\/uploads\/2024\/08\/granja-don-benito-e1722624862338.jpg","contentUrl":"https:\/\/nuevodigitaldeescobar.com.ar\/wp-content\/uploads\/2024\/08\/granja-don-benito-e1722624862338.jpg","width":720,"height":480},{"@type":"BreadcrumbList","@id":"https:\/\/nuevodigitaldeescobar.com.ar\/?p=7166#breadcrumb","itemListElement":[{"@type":"ListItem","position":1,"name":"Portada","item":"https:\/\/nuevodigitaldeescobar.com.ar\/"},{"@type":"ListItem","position":2,"name":"Este fin de semana se celebra el aniversario de la Granja Don Benito y habr\u00e1 un homenaje a Cerati"}]},{"@type":"WebSite","@id":"https:\/\/nuevodigitaldeescobar.com.ar\/#website","url":"https:\/\/nuevodigitaldeescobar.com.ar\/","name":"Nuevo Digital de Escobar","description":"La vida escobarense. Directora: Rosana Brunner","publisher":{"@id":"https:\/\/nuevodigitaldeescobar.com.ar\/#organization"},"potentialAction":[{"@type":"SearchAction","target":{"@type":"EntryPoint","urlTemplate":"https:\/\/nuevodigitaldeescobar.com.ar\/?s={search_term_string}"},"query-input":{"@type":"PropertyValueSpecification","valueRequired":true,"valueName":"search_term_string"}}],"inLanguage":"es"},{"@type":"Organization","@id":"https:\/\/nuevodigitaldeescobar.com.ar\/#organization","name":"Nuevo Digital de Escobar","url":"https:\/\/nuevodigitaldeescobar.com.ar\/","logo":{"@type":"ImageObject","inLanguage":"es","@id":"https:\/\/nuevodigitaldeescobar.com.ar\/#\/schema\/logo\/image\/","url":"https:\/\/nuevodigitaldeescobar.com.ar\/wp-content\/uploads\/2025\/05\/cropped-logo-nuevo2.jpg","contentUrl":"https:\/\/nuevodigitaldeescobar.com.ar\/wp-content\/uploads\/2025\/05\/cropped-logo-nuevo2.jpg","width":305,"height":305,"caption":"Nuevo Digital de Escobar"},"image":{"@id":"https:\/\/nuevodigitaldeescobar.com.ar\/#\/schema\/logo\/image\/"},"sameAs":["https:\/\/www.facebook.com\/NUEVODigitalDeEscobar","https:\/\/x.com\/nuevodigescobar","https:\/\/www.instagram.com\/nuevodigitaldeescobar"]},{"@type":"Person","@id":"https:\/\/nuevodigitaldeescobar.com.ar\/#\/schema\/person\/035e90a8efe9a80e6eec22656ad6ea4c","name":"Redacci\u00f3n","image":{"@type":"ImageObject","inLanguage":"es","@id":"https:\/\/nuevodigitaldeescobar.com.ar\/#\/schema\/person\/image\/","url":"https:\/\/secure.gravatar.com\/avatar\/8af8f40000c24e9eef3034f2be5998a372bb1389e64b1a4a36b3a7979142220d?s=96&d=mm&r=g","contentUrl":"https:\/\/secure.gravatar.com\/avatar\/8af8f40000c24e9eef3034f2be5998a372bb1389e64b1a4a36b3a7979142220d?s=96&d=mm&r=g","caption":"Redacci\u00f3n"},"sameAs":["http:\/\/nuevodigitaldeescobar.com.ar"],"url":"https:\/\/nuevodigitaldeescobar.com.ar\/?author=1"}]}},"featured_image_urls":{"full":["https:\/\/nuevodigitaldeescobar.com.ar\/wp-content\/uploads\/2024\/08\/granja-don-benito-e1722624862338.jpg",720,480,false],"thumbnail":["https:\/\/nuevodigitaldeescobar.com.ar\/wp-content\/uploads\/2024\/08\/granja-don-benito-150x150.jpg",150,150,true],"medium":["https:\/\/nuevodigitaldeescobar.com.ar\/wp-content\/uploads\/2024\/08\/granja-don-benito-300x200.jpg",300,200,true],"medium_large":["https:\/\/nuevodigitaldeescobar.com.ar\/wp-content\/uploads\/2024\/08\/granja-don-benito-768x512.jpg",640,427,true],"large":["https:\/\/nuevodigitaldeescobar.com.ar\/wp-content\/uploads\/2024\/08\/granja-don-benito-1024x683.jpg",640,427,true],"1536x1536":["https:\/\/nuevodigitaldeescobar.com.ar\/wp-content\/uploads\/2024\/08\/granja-don-benito-1536x1024.jpg",1536,1024,true],"2048x2048":["https:\/\/nuevodigitaldeescobar.com.ar\/wp-content\/uploads\/2024\/08\/granja-don-benito-e1722624862338.jpg",720,480,false]},"author_info":{"display_name":"Redacci\u00f3n","author_link":"https:\/\/nuevodigitaldeescobar.com.ar\/?author=1"},"category_info":"<a href=\"https:\/\/nuevodigitaldeescobar.com.ar\/?cat=11\" rel=\"category\">Cultura, Arte y Espect\u00e1culos<\/a>","tag_info":"Cultura, Arte y Espect\u00e1culos","comment_count":"0","_links":{"self":[{"href":"https:\/\/nuevodigitaldeescobar.com.ar\/index.php?rest_route=\/wp\/v2\/posts\/7166","targetHints":{"allow":["GET"]}}],"collection":[{"href":"https:\/\/nuevodigitaldeescobar.com.ar\/index.php?rest_route=\/wp\/v2\/posts"}],"about":[{"href":"https:\/\/nuevodigitaldeescobar.com.ar\/index.php?rest_route=\/wp\/v2\/types\/post"}],"author":[{"embeddable":true,"href":"https:\/\/nuevodigitaldeescobar.com.ar\/index.php?rest_route=\/wp\/v2\/users\/1"}],"replies":[{"embeddable":true,"href":"https:\/\/nuevodigitaldeescobar.com.ar\/index.php?rest_route=%2Fwp%2Fv2%2Fcomments&post=7166"}],"version-history":[{"count":1,"href":"https:\/\/nuevodigitaldeescobar.com.ar\/index.php?rest_route=\/wp\/v2\/posts\/7166\/revisions"}],"predecessor-version":[{"id":7171,"href":"https:\/\/nuevodigitaldeescobar.com.ar\/index.php?rest_route=\/wp\/v2\/posts\/7166\/revisions\/7171"}],"wp:featuredmedia":[{"embeddable":true,"href":"https:\/\/nuevodigitaldeescobar.com.ar\/index.php?rest_route=\/wp\/v2\/media\/7167"}],"wp:attachment":[{"href":"https:\/\/nuevodigitaldeescobar.com.ar\/index.php?rest_route=%2Fwp%2Fv2%2Fmedia&parent=7166"}],"wp:term":[{"taxonomy":"category","embeddable":true,"href":"https:\/\/nuevodigitaldeescobar.com.ar\/index.php?rest_route=%2Fwp%2Fv2%2Fcategories&post=7166"},{"taxonomy":"post_tag","embeddable":true,"href":"https:\/\/nuevodigitaldeescobar.com.ar\/index.php?rest_route=%2Fwp%2Fv2%2Ftags&post=7166"}],"curies":[{"name":"wp","href":"https:\/\/api.w.org\/{rel}","templated":true}]}}