{"id":7172,"date":"2024-08-03T11:00:32","date_gmt":"2024-08-03T14:00:32","guid":{"rendered":"https:\/\/nuevodigitaldeescobar.com.ar\/?p=7172"},"modified":"2024-08-03T11:00:44","modified_gmt":"2024-08-03T14:00:44","slug":"lo-primero-que-una-persona-con-alzheimer-comienza-a-olvidar","status":"publish","type":"post","link":"https:\/\/nuevodigitaldeescobar.com.ar\/?p=7172","title":{"rendered":"Lo primero que una persona con Alzheimer comienza a olvidar"},"content":{"rendered":"<p><span style=\"color: #003366;\"><strong><em>La organizaci\u00f3n de salud voluntaria l\u00edder en la atenci\u00f3n, el apoyo y la investigaci\u00f3n del Alzheimer, Asociaci\u00f3n del Alzheimer, revel\u00f3 el primer recuerdo que las personas que padecen la enfermedad suelen olvidar.<\/em><\/strong><\/span><\/p>\n<p><!--more--><\/p>\n<hr \/>\n<p>De acuerdo al reporte de la Alzheimer&#8217;s Association, el deterioro de la memora afectada por la patolog\u00eda adquiere un estadio progresivo, aunque con una manifestaci\u00f3n de 10 episodios sintomatol\u00f3gicos.<\/p>\n<p>Seg\u00fan el reporte recopilado por el portal chileno La Tercera, la manifestaci\u00f3n forma parte del listado de sintomatolog\u00edas progresivas enmarcadas en otros 9 estadios.<\/p>\n<p><em>\u00abLo primero que olvidan los pacientes son los acontecimientos que vivieron recientemente o la informaci\u00f3n que acaban de aprender\u00bb<\/em>, apunt\u00f3 la organizaci\u00f3n con sede en Chicago (Estados Unidos).<\/p>\n<p>En la misma l\u00ednea, desde la Asociaci\u00f3n del Alzheimer agregaron que los pacientes tambi\u00e9n se olvidan de fechas o eventos importantes.<\/p>\n<p><em>\u00abSe pide la misma informaci\u00f3n repetidamente; se depende de sistemas de ayuda para la memoria (como notas o dispositivos electr\u00f3nicos) o en familiares para hacer las cosas que antes uno hac\u00eda solo\u00bb<\/em>, sum\u00f3.<\/p>\n<h3><span style=\"color: #003366;\">Diez se\u00f1ales que podr\u00edan indicar que una persona padece de Alzheimer<\/span><\/h3>\n<ol>\n<li><span style=\"color: #003366;\"><strong>Cambios en la memoria:<\/strong> <\/span>el primer s\u00edntoma suele ser el olvido de cosas que se vivieron reci\u00e9n, fechas importantes y que la persona pida reiteradas veces que le repitan una misma informaci\u00f3n.<\/li>\n<li><span style=\"color: #003366;\"><strong>Dificultad para resolver problemas:<\/strong><\/span> otro s\u00edntoma es experimentar cambios que interfieren en la habilidad de desarrollar y seguir un plan. Por ejemplo, no poder recordar c\u00f3mo se hac\u00eda una receta conocida o no poder administrar las cuentas mensuales. Adem\u00e1s, pueden necesitar mucho m\u00e1s tiempo para hacer algo que antes hac\u00eda r\u00e1pidamente.<\/li>\n<li><span style=\"color: #003366;\"><strong>Dificultad para desempe\u00f1arse en tareas habituales:<\/strong><\/span> ya sea en la casa o en el trabajo, el paciente con Alzheimer puede tener dificultades en cumplir tareas cotidianas, como recordar las reglas, c\u00f3mo funcionan ciertos aparatos electr\u00f3nicos, entre otras cosas.<\/li>\n<li><span style=\"color: #003366;\"><strong>Desorientaci\u00f3n:<\/strong> <\/span>por el olvido, las personas con Alzheimer pueden olvidar en qu\u00e9 fecha est\u00e1n e, incluso, d\u00f3nde se encuentran y c\u00f3mo llegaron a ese lugar.<\/li>\n<li><span style=\"color: #003366;\"><strong>Dificultad para comprender:<\/strong><\/span> otro s\u00edntoma es tener dificultad para leer, determinar colores o contrastes o entender ciertas im\u00e1genes o relaciones entre un objeto u otro.<\/li>\n<li><span style=\"color: #003366;\"><strong>Problemas con el uso de palabras al hablar o escribir:<\/strong><\/span> es posible que la persona tenga problemas al participar en una conversaci\u00f3n, seguir el hilo y encontrar las palabras que quiere ocupar. Por ejemplo, en lugar de decir l\u00e1piz, podr\u00edan decir <em>\u00abun palito para escribir\u00bb<\/em>.<\/li>\n<li><span style=\"color: #003366;\"><strong>Colocar objetos fuera de lugar:<\/strong> <\/span>es com\u00fan que a los pacientes con Alzheimer se le pierdan cosas y no puedan hacer el ejercicio de recorrer sus pasos anteriores para poder encontrarlas.<\/li>\n<li><span style=\"color: #003366;\"><strong>Disminuci\u00f3n del juicio:<\/strong><\/span> a medida que la enfermedad se desarrolla, la persona puede tener dificultades a la hora de tomar decisiones. Por ejemplo, pueden caer m\u00e1s f\u00e1cilmente en estafas, regalar dinero, etc.<\/li>\n<li><span style=\"color: #003366;\"><strong>P\u00e9rdida de iniciativa:<\/strong> <\/span>es posible que las personas pierdan inter\u00e9s en hobbies, actividades sociales o deportes, entre otras cosas. Y es que dejan de entender qu\u00e9 es lo que les causaba inter\u00e9s en un inicio.<\/li>\n<li><span style=\"color: #003366;\"><strong>Cambios en el humor y la personalidad:<\/strong> <\/span>cuando una persona tiene Alzheimer, es probable que se enoje m\u00e1s f\u00e1cilmente, en especial cuando est\u00e9n fuera de su ambiente. Tambi\u00e9n pueden sentirse confundidas, deprimidas, temerosas, ansiosas y hasta sentir sospecha de otros.<\/li>\n<\/ol>\n<p><em>(El Cronista)<\/em><\/p>\n","protected":false},"excerpt":{"rendered":"<p>La organizaci\u00f3n de salud voluntaria l\u00edder en la atenci\u00f3n, el apoyo y la investigaci\u00f3n del Alzheimer, Asociaci\u00f3n del Alzheimer, revel\u00f3 el primer recuerdo que las [&hellip;]<\/p>\n","protected":false},"author":1,"featured_media":7173,"comment_status":"open","ping_status":"open","sticky":false,"template":"","format":"standard","meta":{"footnotes":""},"categories":[3],"tags":[],"class_list":["post-7172","post","type-post","status-publish","format-standard","has-post-thumbnail","hentry","category-nutricion"],"better_featured_image":{"id":7173,"alt_text":"","caption":"","description":"","media_type":"image","media_details":{"width":700,"height":387,"file":"2024\/08\/alzheimer-salud-vejez.jpg","filesize":44291,"sizes":{"medium":{"file":"alzheimer-salud-vejez-300x166.jpg","width":300,"height":166,"mime-type":"image\/jpeg","filesize":8899,"source_url":"https:\/\/nuevodigitaldeescobar.com.ar\/wp-content\/uploads\/2024\/08\/alzheimer-salud-vejez-300x166.jpg"},"thumbnail":{"file":"alzheimer-salud-vejez-150x150.jpg","width":150,"height":150,"mime-type":"image\/jpeg","filesize":4774,"source_url":"https:\/\/nuevodigitaldeescobar.com.ar\/wp-content\/uploads\/2024\/08\/alzheimer-salud-vejez-150x150.jpg"}},"image_meta":{"aperture":"0","credit":"","camera":"","caption":"","created_timestamp":"0","copyright":"","focal_length":"0","iso":"0","shutter_speed":"0","title":"","orientation":"0","keywords":[]}},"post":7172,"source_url":"https:\/\/nuevodigitaldeescobar.com.ar\/wp-content\/uploads\/2024\/08\/alzheimer-salud-vejez.jpg"},"yoast_head":"<!-- This site is optimized with the Yoast SEO plugin v26.1.1 - https:\/\/yoast.com\/wordpress\/plugins\/seo\/ -->\n<title>Lo primero que una persona con Alzheimer comienza a olvidar - Nuevo Digital de Escobar<\/title>\n<meta name=\"robots\" content=\"index, follow, max-snippet:-1, max-image-preview:large, max-video-preview:-1\" \/>\n<link rel=\"canonical\" href=\"https:\/\/nuevodigitaldeescobar.com.ar\/?p=7172\" \/>\n<meta property=\"og:locale\" content=\"es_ES\" \/>\n<meta property=\"og:type\" content=\"article\" \/>\n<meta property=\"og:title\" content=\"Lo primero que una persona con Alzheimer comienza a olvidar - Nuevo Digital de Escobar\" \/>\n<meta property=\"og:description\" content=\"La organizaci\u00f3n de salud voluntaria l\u00edder en la atenci\u00f3n, el apoyo y la investigaci\u00f3n del Alzheimer, Asociaci\u00f3n del Alzheimer, revel\u00f3 el primer recuerdo que las [&hellip;]\" \/>\n<meta property=\"og:url\" content=\"https:\/\/nuevodigitaldeescobar.com.ar\/?p=7172\" \/>\n<meta property=\"og:site_name\" content=\"Nuevo Digital de Escobar\" \/>\n<meta property=\"article:publisher\" content=\"https:\/\/www.facebook.com\/NUEVODigitalDeEscobar\" \/>\n<meta property=\"article:published_time\" content=\"2024-08-03T14:00:32+00:00\" \/>\n<meta property=\"article:modified_time\" content=\"2024-08-03T14:00:44+00:00\" \/>\n<meta property=\"og:image\" content=\"https:\/\/nuevodigitaldeescobar.com.ar\/wp-content\/uploads\/2024\/08\/alzheimer-salud-vejez.jpg\" \/>\n\t<meta property=\"og:image:width\" content=\"700\" \/>\n\t<meta property=\"og:image:height\" content=\"387\" \/>\n\t<meta property=\"og:image:type\" content=\"image\/jpeg\" \/>\n<meta name=\"author\" content=\"Redacci\u00f3n\" \/>\n<meta name=\"twitter:card\" content=\"summary_large_image\" \/>\n<meta name=\"twitter:creator\" content=\"@nuevodigescobar\" \/>\n<meta name=\"twitter:site\" content=\"@nuevodigescobar\" \/>\n<meta name=\"twitter:label1\" content=\"Escrito por\" \/>\n\t<meta name=\"twitter:data1\" content=\"Redacci\u00f3n\" \/>\n\t<meta name=\"twitter:label2\" content=\"Tiempo de lectura\" \/>\n\t<meta name=\"twitter:data2\" content=\"3 minutos\" \/>\n<script type=\"application\/ld+json\" class=\"yoast-schema-graph\">{\"@context\":\"https:\/\/schema.org\",\"@graph\":[{\"@type\":\"Article\",\"@id\":\"https:\/\/nuevodigitaldeescobar.com.ar\/?p=7172#article\",\"isPartOf\":{\"@id\":\"https:\/\/nuevodigitaldeescobar.com.ar\/?p=7172\"},\"author\":{\"name\":\"Redacci\u00f3n\",\"@id\":\"https:\/\/nuevodigitaldeescobar.com.ar\/#\/schema\/person\/035e90a8efe9a80e6eec22656ad6ea4c\"},\"headline\":\"Lo primero que una persona con Alzheimer comienza a olvidar\",\"datePublished\":\"2024-08-03T14:00:32+00:00\",\"dateModified\":\"2024-08-03T14:00:44+00:00\",\"mainEntityOfPage\":{\"@id\":\"https:\/\/nuevodigitaldeescobar.com.ar\/?p=7172\"},\"wordCount\":596,\"commentCount\":0,\"publisher\":{\"@id\":\"https:\/\/nuevodigitaldeescobar.com.ar\/#organization\"},\"image\":{\"@id\":\"https:\/\/nuevodigitaldeescobar.com.ar\/?p=7172#primaryimage\"},\"thumbnailUrl\":\"https:\/\/nuevodigitaldeescobar.com.ar\/wp-content\/uploads\/2024\/08\/alzheimer-salud-vejez.jpg\",\"articleSection\":[\"Salud y Nutrici\u00f3n\"],\"inLanguage\":\"es\",\"potentialAction\":[{\"@type\":\"CommentAction\",\"name\":\"Comment\",\"target\":[\"https:\/\/nuevodigitaldeescobar.com.ar\/?p=7172#respond\"]}]},{\"@type\":\"WebPage\",\"@id\":\"https:\/\/nuevodigitaldeescobar.com.ar\/?p=7172\",\"url\":\"https:\/\/nuevodigitaldeescobar.com.ar\/?p=7172\",\"name\":\"Lo primero que una persona con Alzheimer comienza a olvidar - Nuevo Digital de Escobar\",\"isPartOf\":{\"@id\":\"https:\/\/nuevodigitaldeescobar.com.ar\/#website\"},\"primaryImageOfPage\":{\"@id\":\"https:\/\/nuevodigitaldeescobar.com.ar\/?p=7172#primaryimage\"},\"image\":{\"@id\":\"https:\/\/nuevodigitaldeescobar.com.ar\/?p=7172#primaryimage\"},\"thumbnailUrl\":\"https:\/\/nuevodigitaldeescobar.com.ar\/wp-content\/uploads\/2024\/08\/alzheimer-salud-vejez.jpg\",\"datePublished\":\"2024-08-03T14:00:32+00:00\",\"dateModified\":\"2024-08-03T14:00:44+00:00\",\"breadcrumb\":{\"@id\":\"https:\/\/nuevodigitaldeescobar.com.ar\/?p=7172#breadcrumb\"},\"inLanguage\":\"es\",\"potentialAction\":[{\"@type\":\"ReadAction\",\"target\":[\"https:\/\/nuevodigitaldeescobar.com.ar\/?p=7172\"]}]},{\"@type\":\"ImageObject\",\"inLanguage\":\"es\",\"@id\":\"https:\/\/nuevodigitaldeescobar.com.ar\/?p=7172#primaryimage\",\"url\":\"https:\/\/nuevodigitaldeescobar.com.ar\/wp-content\/uploads\/2024\/08\/alzheimer-salud-vejez.jpg\",\"contentUrl\":\"https:\/\/nuevodigitaldeescobar.com.ar\/wp-content\/uploads\/2024\/08\/alzheimer-salud-vejez.jpg\",\"width\":700,\"height\":387},{\"@type\":\"BreadcrumbList\",\"@id\":\"https:\/\/nuevodigitaldeescobar.com.ar\/?p=7172#breadcrumb\",\"itemListElement\":[{\"@type\":\"ListItem\",\"position\":1,\"name\":\"Portada\",\"item\":\"https:\/\/nuevodigitaldeescobar.com.ar\/\"},{\"@type\":\"ListItem\",\"position\":2,\"name\":\"Lo primero que una persona con Alzheimer comienza a olvidar\"}]},{\"@type\":\"WebSite\",\"@id\":\"https:\/\/nuevodigitaldeescobar.com.ar\/#website\",\"url\":\"https:\/\/nuevodigitaldeescobar.com.ar\/\",\"name\":\"Nuevo Digital de Escobar\",\"description\":\"La vida escobarense. Directora: Rosana Brunner\",\"publisher\":{\"@id\":\"https:\/\/nuevodigitaldeescobar.com.ar\/#organization\"},\"potentialAction\":[{\"@type\":\"SearchAction\",\"target\":{\"@type\":\"EntryPoint\",\"urlTemplate\":\"https:\/\/nuevodigitaldeescobar.com.ar\/?s={search_term_string}\"},\"query-input\":{\"@type\":\"PropertyValueSpecification\",\"valueRequired\":true,\"valueName\":\"search_term_string\"}}],\"inLanguage\":\"es\"},{\"@type\":\"Organization\",\"@id\":\"https:\/\/nuevodigitaldeescobar.com.ar\/#organization\",\"name\":\"Nuevo Digital de Escobar\",\"url\":\"https:\/\/nuevodigitaldeescobar.com.ar\/\",\"logo\":{\"@type\":\"ImageObject\",\"inLanguage\":\"es\",\"@id\":\"https:\/\/nuevodigitaldeescobar.com.ar\/#\/schema\/logo\/image\/\",\"url\":\"https:\/\/nuevodigitaldeescobar.com.ar\/wp-content\/uploads\/2025\/05\/cropped-logo-nuevo2.jpg\",\"contentUrl\":\"https:\/\/nuevodigitaldeescobar.com.ar\/wp-content\/uploads\/2025\/05\/cropped-logo-nuevo2.jpg\",\"width\":305,\"height\":305,\"caption\":\"Nuevo Digital de Escobar\"},\"image\":{\"@id\":\"https:\/\/nuevodigitaldeescobar.com.ar\/#\/schema\/logo\/image\/\"},\"sameAs\":[\"https:\/\/www.facebook.com\/NUEVODigitalDeEscobar\",\"https:\/\/x.com\/nuevodigescobar\",\"https:\/\/www.instagram.com\/nuevodigitaldeescobar\"]},{\"@type\":\"Person\",\"@id\":\"https:\/\/nuevodigitaldeescobar.com.ar\/#\/schema\/person\/035e90a8efe9a80e6eec22656ad6ea4c\",\"name\":\"Redacci\u00f3n\",\"image\":{\"@type\":\"ImageObject\",\"inLanguage\":\"es\",\"@id\":\"https:\/\/nuevodigitaldeescobar.com.ar\/#\/schema\/person\/image\/\",\"url\":\"https:\/\/secure.gravatar.com\/avatar\/8af8f40000c24e9eef3034f2be5998a372bb1389e64b1a4a36b3a7979142220d?s=96&d=mm&r=g\",\"contentUrl\":\"https:\/\/secure.gravatar.com\/avatar\/8af8f40000c24e9eef3034f2be5998a372bb1389e64b1a4a36b3a7979142220d?s=96&d=mm&r=g\",\"caption\":\"Redacci\u00f3n\"},\"sameAs\":[\"http:\/\/nuevodigitaldeescobar.com.ar\"],\"url\":\"https:\/\/nuevodigitaldeescobar.com.ar\/?author=1\"}]}<\/script>\n<!-- \/ Yoast SEO plugin. -->","yoast_head_json":{"title":"Lo primero que una persona con Alzheimer comienza a olvidar - Nuevo Digital de Escobar","robots":{"index":"index","follow":"follow","max-snippet":"max-snippet:-1","max-image-preview":"max-image-preview:large","max-video-preview":"max-video-preview:-1"},"canonical":"https:\/\/nuevodigitaldeescobar.com.ar\/?p=7172","og_locale":"es_ES","og_type":"article","og_title":"Lo primero que una persona con Alzheimer comienza a olvidar - Nuevo Digital de Escobar","og_description":"La organizaci\u00f3n de salud voluntaria l\u00edder en la atenci\u00f3n, el apoyo y la investigaci\u00f3n del Alzheimer, Asociaci\u00f3n del Alzheimer, revel\u00f3 el primer recuerdo que las [&hellip;]","og_url":"https:\/\/nuevodigitaldeescobar.com.ar\/?p=7172","og_site_name":"Nuevo Digital de Escobar","article_publisher":"https:\/\/www.facebook.com\/NUEVODigitalDeEscobar","article_published_time":"2024-08-03T14:00:32+00:00","article_modified_time":"2024-08-03T14:00:44+00:00","og_image":[{"width":700,"height":387,"url":"https:\/\/nuevodigitaldeescobar.com.ar\/wp-content\/uploads\/2024\/08\/alzheimer-salud-vejez.jpg","type":"image\/jpeg"}],"author":"Redacci\u00f3n","twitter_card":"summary_large_image","twitter_creator":"@nuevodigescobar","twitter_site":"@nuevodigescobar","twitter_misc":{"Escrito por":"Redacci\u00f3n","Tiempo de lectura":"3 minutos"},"schema":{"@context":"https:\/\/schema.org","@graph":[{"@type":"Article","@id":"https:\/\/nuevodigitaldeescobar.com.ar\/?p=7172#article","isPartOf":{"@id":"https:\/\/nuevodigitaldeescobar.com.ar\/?p=7172"},"author":{"name":"Redacci\u00f3n","@id":"https:\/\/nuevodigitaldeescobar.com.ar\/#\/schema\/person\/035e90a8efe9a80e6eec22656ad6ea4c"},"headline":"Lo primero que una persona con Alzheimer comienza a olvidar","datePublished":"2024-08-03T14:00:32+00:00","dateModified":"2024-08-03T14:00:44+00:00","mainEntityOfPage":{"@id":"https:\/\/nuevodigitaldeescobar.com.ar\/?p=7172"},"wordCount":596,"commentCount":0,"publisher":{"@id":"https:\/\/nuevodigitaldeescobar.com.ar\/#organization"},"image":{"@id":"https:\/\/nuevodigitaldeescobar.com.ar\/?p=7172#primaryimage"},"thumbnailUrl":"https:\/\/nuevodigitaldeescobar.com.ar\/wp-content\/uploads\/2024\/08\/alzheimer-salud-vejez.jpg","articleSection":["Salud y Nutrici\u00f3n"],"inLanguage":"es","potentialAction":[{"@type":"CommentAction","name":"Comment","target":["https:\/\/nuevodigitaldeescobar.com.ar\/?p=7172#respond"]}]},{"@type":"WebPage","@id":"https:\/\/nuevodigitaldeescobar.com.ar\/?p=7172","url":"https:\/\/nuevodigitaldeescobar.com.ar\/?p=7172","name":"Lo primero que una persona con Alzheimer comienza a olvidar - Nuevo Digital de Escobar","isPartOf":{"@id":"https:\/\/nuevodigitaldeescobar.com.ar\/#website"},"primaryImageOfPage":{"@id":"https:\/\/nuevodigitaldeescobar.com.ar\/?p=7172#primaryimage"},"image":{"@id":"https:\/\/nuevodigitaldeescobar.com.ar\/?p=7172#primaryimage"},"thumbnailUrl":"https:\/\/nuevodigitaldeescobar.com.ar\/wp-content\/uploads\/2024\/08\/alzheimer-salud-vejez.jpg","datePublished":"2024-08-03T14:00:32+00:00","dateModified":"2024-08-03T14:00:44+00:00","breadcrumb":{"@id":"https:\/\/nuevodigitaldeescobar.com.ar\/?p=7172#breadcrumb"},"inLanguage":"es","potentialAction":[{"@type":"ReadAction","target":["https:\/\/nuevodigitaldeescobar.com.ar\/?p=7172"]}]},{"@type":"ImageObject","inLanguage":"es","@id":"https:\/\/nuevodigitaldeescobar.com.ar\/?p=7172#primaryimage","url":"https:\/\/nuevodigitaldeescobar.com.ar\/wp-content\/uploads\/2024\/08\/alzheimer-salud-vejez.jpg","contentUrl":"https:\/\/nuevodigitaldeescobar.com.ar\/wp-content\/uploads\/2024\/08\/alzheimer-salud-vejez.jpg","width":700,"height":387},{"@type":"BreadcrumbList","@id":"https:\/\/nuevodigitaldeescobar.com.ar\/?p=7172#breadcrumb","itemListElement":[{"@type":"ListItem","position":1,"name":"Portada","item":"https:\/\/nuevodigitaldeescobar.com.ar\/"},{"@type":"ListItem","position":2,"name":"Lo primero que una persona con Alzheimer comienza a olvidar"}]},{"@type":"WebSite","@id":"https:\/\/nuevodigitaldeescobar.com.ar\/#website","url":"https:\/\/nuevodigitaldeescobar.com.ar\/","name":"Nuevo Digital de Escobar","description":"La vida escobarense. Directora: Rosana Brunner","publisher":{"@id":"https:\/\/nuevodigitaldeescobar.com.ar\/#organization"},"potentialAction":[{"@type":"SearchAction","target":{"@type":"EntryPoint","urlTemplate":"https:\/\/nuevodigitaldeescobar.com.ar\/?s={search_term_string}"},"query-input":{"@type":"PropertyValueSpecification","valueRequired":true,"valueName":"search_term_string"}}],"inLanguage":"es"},{"@type":"Organization","@id":"https:\/\/nuevodigitaldeescobar.com.ar\/#organization","name":"Nuevo Digital de Escobar","url":"https:\/\/nuevodigitaldeescobar.com.ar\/","logo":{"@type":"ImageObject","inLanguage":"es","@id":"https:\/\/nuevodigitaldeescobar.com.ar\/#\/schema\/logo\/image\/","url":"https:\/\/nuevodigitaldeescobar.com.ar\/wp-content\/uploads\/2025\/05\/cropped-logo-nuevo2.jpg","contentUrl":"https:\/\/nuevodigitaldeescobar.com.ar\/wp-content\/uploads\/2025\/05\/cropped-logo-nuevo2.jpg","width":305,"height":305,"caption":"Nuevo Digital de Escobar"},"image":{"@id":"https:\/\/nuevodigitaldeescobar.com.ar\/#\/schema\/logo\/image\/"},"sameAs":["https:\/\/www.facebook.com\/NUEVODigitalDeEscobar","https:\/\/x.com\/nuevodigescobar","https:\/\/www.instagram.com\/nuevodigitaldeescobar"]},{"@type":"Person","@id":"https:\/\/nuevodigitaldeescobar.com.ar\/#\/schema\/person\/035e90a8efe9a80e6eec22656ad6ea4c","name":"Redacci\u00f3n","image":{"@type":"ImageObject","inLanguage":"es","@id":"https:\/\/nuevodigitaldeescobar.com.ar\/#\/schema\/person\/image\/","url":"https:\/\/secure.gravatar.com\/avatar\/8af8f40000c24e9eef3034f2be5998a372bb1389e64b1a4a36b3a7979142220d?s=96&d=mm&r=g","contentUrl":"https:\/\/secure.gravatar.com\/avatar\/8af8f40000c24e9eef3034f2be5998a372bb1389e64b1a4a36b3a7979142220d?s=96&d=mm&r=g","caption":"Redacci\u00f3n"},"sameAs":["http:\/\/nuevodigitaldeescobar.com.ar"],"url":"https:\/\/nuevodigitaldeescobar.com.ar\/?author=1"}]}},"featured_image_urls":{"full":["https:\/\/nuevodigitaldeescobar.com.ar\/wp-content\/uploads\/2024\/08\/alzheimer-salud-vejez.jpg",700,387,false],"thumbnail":["https:\/\/nuevodigitaldeescobar.com.ar\/wp-content\/uploads\/2024\/08\/alzheimer-salud-vejez-150x150.jpg",150,150,true],"medium":["https:\/\/nuevodigitaldeescobar.com.ar\/wp-content\/uploads\/2024\/08\/alzheimer-salud-vejez-300x166.jpg",300,166,true],"medium_large":["https:\/\/nuevodigitaldeescobar.com.ar\/wp-content\/uploads\/2024\/08\/alzheimer-salud-vejez.jpg",640,354,false],"large":["https:\/\/nuevodigitaldeescobar.com.ar\/wp-content\/uploads\/2024\/08\/alzheimer-salud-vejez.jpg",640,354,false],"1536x1536":["https:\/\/nuevodigitaldeescobar.com.ar\/wp-content\/uploads\/2024\/08\/alzheimer-salud-vejez.jpg",700,387,false],"2048x2048":["https:\/\/nuevodigitaldeescobar.com.ar\/wp-content\/uploads\/2024\/08\/alzheimer-salud-vejez.jpg",700,387,false]},"author_info":{"display_name":"Redacci\u00f3n","author_link":"https:\/\/nuevodigitaldeescobar.com.ar\/?author=1"},"category_info":"<a href=\"https:\/\/nuevodigitaldeescobar.com.ar\/?cat=3\" rel=\"category\">Salud y Nutrici\u00f3n<\/a>","tag_info":"Salud y Nutrici\u00f3n","comment_count":"0","_links":{"self":[{"href":"https:\/\/nuevodigitaldeescobar.com.ar\/index.php?rest_route=\/wp\/v2\/posts\/7172","targetHints":{"allow":["GET"]}}],"collection":[{"href":"https:\/\/nuevodigitaldeescobar.com.ar\/index.php?rest_route=\/wp\/v2\/posts"}],"about":[{"href":"https:\/\/nuevodigitaldeescobar.com.ar\/index.php?rest_route=\/wp\/v2\/types\/post"}],"author":[{"embeddable":true,"href":"https:\/\/nuevodigitaldeescobar.com.ar\/index.php?rest_route=\/wp\/v2\/users\/1"}],"replies":[{"embeddable":true,"href":"https:\/\/nuevodigitaldeescobar.com.ar\/index.php?rest_route=%2Fwp%2Fv2%2Fcomments&post=7172"}],"version-history":[{"count":1,"href":"https:\/\/nuevodigitaldeescobar.com.ar\/index.php?rest_route=\/wp\/v2\/posts\/7172\/revisions"}],"predecessor-version":[{"id":7174,"href":"https:\/\/nuevodigitaldeescobar.com.ar\/index.php?rest_route=\/wp\/v2\/posts\/7172\/revisions\/7174"}],"wp:featuredmedia":[{"embeddable":true,"href":"https:\/\/nuevodigitaldeescobar.com.ar\/index.php?rest_route=\/wp\/v2\/media\/7173"}],"wp:attachment":[{"href":"https:\/\/nuevodigitaldeescobar.com.ar\/index.php?rest_route=%2Fwp%2Fv2%2Fmedia&parent=7172"}],"wp:term":[{"taxonomy":"category","embeddable":true,"href":"https:\/\/nuevodigitaldeescobar.com.ar\/index.php?rest_route=%2Fwp%2Fv2%2Fcategories&post=7172"},{"taxonomy":"post_tag","embeddable":true,"href":"https:\/\/nuevodigitaldeescobar.com.ar\/index.php?rest_route=%2Fwp%2Fv2%2Ftags&post=7172"}],"curies":[{"name":"wp","href":"https:\/\/api.w.org\/{rel}","templated":true}]}}