{"id":7175,"date":"2024-08-04T07:00:00","date_gmt":"2024-08-04T10:00:00","guid":{"rendered":"https:\/\/nuevodigitaldeescobar.com.ar\/?p=7175"},"modified":"2024-08-03T15:10:13","modified_gmt":"2024-08-03T18:10:13","slug":"ajustes-en-asignaciones-y-jubilaciones-nuevos-montos-y-aumento-del-458","status":"publish","type":"post","link":"https:\/\/nuevodigitaldeescobar.com.ar\/?p=7175","title":{"rendered":"Ajustes en asignaciones y jubilaciones: nuevos montos y aumento del 4,58%"},"content":{"rendered":"<p><span style=\"color: #003366;\"><strong><em>A partir de este mes se actualizan las asignaciones sociales y jubilaciones en respuesta al nuevo salario m\u00ednimo no imponible. Adem\u00e1s, se aplicar\u00e1 un incremento del 4,58% en jubilaciones y pensiones, junto con un bono de 70 mil pesos para quienes perciben haberes m\u00ednimos. Los pagos seguir\u00e1n el calendario establecido por ANSES.<\/em><\/strong><\/span><\/p>\n<p><!--more--><\/p>\n<hr \/>\n<p>El Ministerio de Capital Humano anunci\u00f3 ajustes en las asignaciones sociales y jubilaciones que entrar\u00e1n en vigor a partir de agosto. Estos cambios responden al reciente decreto del Gobierno que fij\u00f3 el nuevo salario m\u00ednimo no imponible. As\u00ed, la Asignaci\u00f3n Universal por Hijo (AUH) se actualizar\u00e1 a $81.080, mientras que la AUH por Hijo con Discapacidad ser\u00e1 de $263.791. La Asignaci\u00f3n Familiar por Hijo se fijar\u00e1 en $40.505 para el primer rango de ingresos. Estos ajustes tienen como objetivo alinear las asignaciones con los nuevos par\u00e1metros establecidos por el decreto.<\/p>\n<p>Adicionalmente, se implementar\u00e1 un aumento general del 4,58% en jubilaciones, pensiones y otras asignaciones, con el fin de reflejar los cambios en el salario m\u00ednimo no imponible y ajustar a la inflaci\u00f3n. En paralelo, los titulares de jubilaciones y pensiones con haberes m\u00ednimos recibir\u00e1n un bono extraordinario de 70 mil pesos, que se sumar\u00e1 al monto mensual habitual y se pagar\u00e1 seg\u00fan el calendario de pagos habitual.<\/p>\n<h3><span style=\"color: #003366;\">Calendario de pagos de ANSES para agosto:<\/span><\/h3>\n<h4><span style=\"color: #003366;\">Pensiones No Contributivas:<\/span><\/h4>\n<ul>\n<li>Documentos terminados en 0 y 1: jueves 8 de agosto de 2024.<\/li>\n<li>Documentos terminados en 2 y 3: viernes 9 de agosto de 2024.<\/li>\n<li>Documentos terminados en 4 y 5: lunes 12 de agosto de 2024.<\/li>\n<li>Documentos terminados en 6 y 7: martes 13 de agosto de 2024.<\/li>\n<li>Documentos terminados en 8 y 9: mi\u00e9rcoles 14 de agosto de 2024.<\/li>\n<\/ul>\n<h4><span style=\"color: #003366;\">Jubilados y Pensionados que No Superan el Haber M\u00ednimo:<\/span><\/h4>\n<ul>\n<li>Documentos terminados en 0: jueves 8 de agosto de 2024.<\/li>\n<li>Documentos terminados en 1: viernes 9 de agosto de 2024.<\/li>\n<li>Documentos terminados en 2: lunes 12 de agosto de 2024.<\/li>\n<li>Documentos terminados en 3: martes 13 de agosto de 2024.<\/li>\n<li>Documentos terminados en 4: mi\u00e9rcoles 14 de agosto de 2024.<\/li>\n<li>Documentos terminados en 5: jueves 15 de agosto de 2024.<\/li>\n<li>Documentos terminados en 6: viernes 16 de agosto de 2024.<\/li>\n<li>Documentos terminados en 7: lunes 19 de agosto de 2024.<\/li>\n<li>Documentos terminados en 8: martes 20 de agosto de 2024.<\/li>\n<li>Documentos terminados en 9: mi\u00e9rcoles 21 de agosto de 2024.<\/li>\n<\/ul>\n<h4><span style=\"color: #003366;\">Jubilados y Pensionados que Superan el Haber M\u00ednimo:<\/span><\/h4>\n<ul>\n<li>Documentos terminados en 0 y 1: jueves 22 de agosto de 2024.<\/li>\n<li>Documentos terminados en 2 y 3: viernes 23 de agosto de 2024.<\/li>\n<li>Documentos terminados en 4 y 5: lunes 26 de agosto de 2024.<\/li>\n<li>Documentos terminados en 6 y 7: martes 27 de agosto de 2024.<\/li>\n<li>Documentos terminados en 8 y 9: mi\u00e9rcoles 28 de agosto de 2024.<\/li>\n<\/ul>\n<h4><span style=\"color: #003366;\">Asignaci\u00f3n Universal por Hijo:<\/span><\/h4>\n<ul>\n<li>Documentos terminados en 0: jueves 8 de agosto de 2024.<\/li>\n<li>Documentos terminados en 1: viernes 9 de agosto de 2024.<\/li>\n<li>Documentos terminados en 2: lunes 12 de agosto de 2024.<\/li>\n<li>Documentos terminados en 3: martes 13 de agosto de 2024.<\/li>\n<li>Documentos terminados en 4: mi\u00e9rcoles 14 de agosto de 2024.<\/li>\n<li>Documentos terminados en 5: jueves 15 de agosto de 2024.<\/li>\n<li>Documentos terminados en 6: viernes 16 de agosto de 2024.<\/li>\n<li>Documentos terminados en 7: lunes 19 de agosto de 2024.<\/li>\n<li>Documentos terminados en 8: martes 20 de agosto de 2024.<\/li>\n<li>Documentos terminados en 9: mi\u00e9rcoles 21 de agosto de 2024.<\/li>\n<\/ul>\n<p><em>(BorderPeriodismo)<\/em><\/p>\n","protected":false},"excerpt":{"rendered":"<p>A partir de este mes se actualizan las asignaciones sociales y jubilaciones en respuesta al nuevo salario m\u00ednimo no imponible. Adem\u00e1s, se aplicar\u00e1 un incremento [&hellip;]<\/p>\n","protected":false},"author":1,"featured_media":7176,"comment_status":"open","ping_status":"open","sticky":false,"template":"","format":"standard","meta":{"footnotes":""},"categories":[10,15],"tags":[],"class_list":["post-7175","post","type-post","status-publish","format-standard","has-post-thumbnail","hentry","category-economia","category-sociedad"],"better_featured_image":{"id":7176,"alt_text":"","caption":"","description":"","media_type":"image","media_details":{"width":745,"height":465,"file":"2024\/08\/jubilada-cajero-e1722708608748.jpg","filesize":92174,"sizes":{"medium":{"file":"jubilada-cajero-e1722708608748-300x187.jpg","width":300,"height":187,"mime-type":"image\/jpeg","filesize":13289,"source_url":"https:\/\/nuevodigitaldeescobar.com.ar\/wp-content\/uploads\/2024\/08\/jubilada-cajero-e1722708608748-300x187.jpg"},"thumbnail":{"file":"jubilada-cajero-e1722708608748-150x150.jpg","width":150,"height":150,"mime-type":"image\/jpeg","filesize":6488,"source_url":"https:\/\/nuevodigitaldeescobar.com.ar\/wp-content\/uploads\/2024\/08\/jubilada-cajero-e1722708608748-150x150.jpg"},"medium_large":{"file":"jubilada-cajero-768x576.jpg","width":768,"height":576,"mime-type":"image\/jpeg","filesize":63688,"source_url":"https:\/\/nuevodigitaldeescobar.com.ar\/wp-content\/uploads\/2024\/08\/jubilada-cajero-768x576.jpg"}},"image_meta":{"aperture":"0","credit":"","camera":"","caption":"","created_timestamp":"0","copyright":"","focal_length":"0","iso":"0","shutter_speed":"0","title":"","orientation":"0","keywords":[]}},"post":7175,"source_url":"https:\/\/nuevodigitaldeescobar.com.ar\/wp-content\/uploads\/2024\/08\/jubilada-cajero-e1722708608748.jpg"},"yoast_head":"<!-- This site is optimized with the Yoast SEO plugin v26.1.1 - https:\/\/yoast.com\/wordpress\/plugins\/seo\/ -->\n<title>Ajustes en asignaciones y jubilaciones: nuevos montos y aumento del 4,58% - Nuevo Digital de Escobar<\/title>\n<meta name=\"robots\" content=\"index, follow, max-snippet:-1, max-image-preview:large, max-video-preview:-1\" \/>\n<link rel=\"canonical\" href=\"https:\/\/nuevodigitaldeescobar.com.ar\/?p=7175\" \/>\n<meta property=\"og:locale\" content=\"es_ES\" \/>\n<meta property=\"og:type\" content=\"article\" \/>\n<meta property=\"og:title\" content=\"Ajustes en asignaciones y jubilaciones: nuevos montos y aumento del 4,58% - Nuevo Digital de Escobar\" \/>\n<meta property=\"og:description\" content=\"A partir de este mes se actualizan las asignaciones sociales y jubilaciones en respuesta al nuevo salario m\u00ednimo no imponible. Adem\u00e1s, se aplicar\u00e1 un incremento [&hellip;]\" \/>\n<meta property=\"og:url\" content=\"https:\/\/nuevodigitaldeescobar.com.ar\/?p=7175\" \/>\n<meta property=\"og:site_name\" content=\"Nuevo Digital de Escobar\" \/>\n<meta property=\"article:publisher\" content=\"https:\/\/www.facebook.com\/NUEVODigitalDeEscobar\" \/>\n<meta property=\"article:published_time\" content=\"2024-08-04T10:00:00+00:00\" \/>\n<meta property=\"og:image\" content=\"https:\/\/nuevodigitaldeescobar.com.ar\/wp-content\/uploads\/2024\/08\/jubilada-cajero-e1722708608748.jpg\" \/>\n\t<meta property=\"og:image:width\" content=\"745\" \/>\n\t<meta property=\"og:image:height\" content=\"465\" \/>\n\t<meta property=\"og:image:type\" content=\"image\/jpeg\" \/>\n<meta name=\"author\" content=\"Redacci\u00f3n\" \/>\n<meta name=\"twitter:card\" content=\"summary_large_image\" \/>\n<meta name=\"twitter:creator\" content=\"@nuevodigescobar\" \/>\n<meta name=\"twitter:site\" content=\"@nuevodigescobar\" \/>\n<meta name=\"twitter:label1\" content=\"Escrito por\" \/>\n\t<meta name=\"twitter:data1\" content=\"Redacci\u00f3n\" \/>\n\t<meta name=\"twitter:label2\" content=\"Tiempo de lectura\" \/>\n\t<meta name=\"twitter:data2\" content=\"2 minutos\" \/>\n<script type=\"application\/ld+json\" class=\"yoast-schema-graph\">{\"@context\":\"https:\/\/schema.org\",\"@graph\":[{\"@type\":\"Article\",\"@id\":\"https:\/\/nuevodigitaldeescobar.com.ar\/?p=7175#article\",\"isPartOf\":{\"@id\":\"https:\/\/nuevodigitaldeescobar.com.ar\/?p=7175\"},\"author\":{\"name\":\"Redacci\u00f3n\",\"@id\":\"https:\/\/nuevodigitaldeescobar.com.ar\/#\/schema\/person\/035e90a8efe9a80e6eec22656ad6ea4c\"},\"headline\":\"Ajustes en asignaciones y jubilaciones: nuevos montos y aumento del 4,58%\",\"datePublished\":\"2024-08-04T10:00:00+00:00\",\"mainEntityOfPage\":{\"@id\":\"https:\/\/nuevodigitaldeescobar.com.ar\/?p=7175\"},\"wordCount\":487,\"commentCount\":0,\"publisher\":{\"@id\":\"https:\/\/nuevodigitaldeescobar.com.ar\/#organization\"},\"image\":{\"@id\":\"https:\/\/nuevodigitaldeescobar.com.ar\/?p=7175#primaryimage\"},\"thumbnailUrl\":\"https:\/\/nuevodigitaldeescobar.com.ar\/wp-content\/uploads\/2024\/08\/jubilada-cajero-e1722708608748.jpg\",\"articleSection\":[\"Econom\u00eda\",\"Sociedad\"],\"inLanguage\":\"es\",\"potentialAction\":[{\"@type\":\"CommentAction\",\"name\":\"Comment\",\"target\":[\"https:\/\/nuevodigitaldeescobar.com.ar\/?p=7175#respond\"]}]},{\"@type\":\"WebPage\",\"@id\":\"https:\/\/nuevodigitaldeescobar.com.ar\/?p=7175\",\"url\":\"https:\/\/nuevodigitaldeescobar.com.ar\/?p=7175\",\"name\":\"Ajustes en asignaciones y jubilaciones: nuevos montos y aumento del 4,58% - Nuevo Digital de Escobar\",\"isPartOf\":{\"@id\":\"https:\/\/nuevodigitaldeescobar.com.ar\/#website\"},\"primaryImageOfPage\":{\"@id\":\"https:\/\/nuevodigitaldeescobar.com.ar\/?p=7175#primaryimage\"},\"image\":{\"@id\":\"https:\/\/nuevodigitaldeescobar.com.ar\/?p=7175#primaryimage\"},\"thumbnailUrl\":\"https:\/\/nuevodigitaldeescobar.com.ar\/wp-content\/uploads\/2024\/08\/jubilada-cajero-e1722708608748.jpg\",\"datePublished\":\"2024-08-04T10:00:00+00:00\",\"breadcrumb\":{\"@id\":\"https:\/\/nuevodigitaldeescobar.com.ar\/?p=7175#breadcrumb\"},\"inLanguage\":\"es\",\"potentialAction\":[{\"@type\":\"ReadAction\",\"target\":[\"https:\/\/nuevodigitaldeescobar.com.ar\/?p=7175\"]}]},{\"@type\":\"ImageObject\",\"inLanguage\":\"es\",\"@id\":\"https:\/\/nuevodigitaldeescobar.com.ar\/?p=7175#primaryimage\",\"url\":\"https:\/\/nuevodigitaldeescobar.com.ar\/wp-content\/uploads\/2024\/08\/jubilada-cajero-e1722708608748.jpg\",\"contentUrl\":\"https:\/\/nuevodigitaldeescobar.com.ar\/wp-content\/uploads\/2024\/08\/jubilada-cajero-e1722708608748.jpg\",\"width\":745,\"height\":465},{\"@type\":\"BreadcrumbList\",\"@id\":\"https:\/\/nuevodigitaldeescobar.com.ar\/?p=7175#breadcrumb\",\"itemListElement\":[{\"@type\":\"ListItem\",\"position\":1,\"name\":\"Portada\",\"item\":\"https:\/\/nuevodigitaldeescobar.com.ar\/\"},{\"@type\":\"ListItem\",\"position\":2,\"name\":\"Ajustes en asignaciones y jubilaciones: nuevos montos y aumento del 4,58%\"}]},{\"@type\":\"WebSite\",\"@id\":\"https:\/\/nuevodigitaldeescobar.com.ar\/#website\",\"url\":\"https:\/\/nuevodigitaldeescobar.com.ar\/\",\"name\":\"Nuevo Digital de Escobar\",\"description\":\"La vida escobarense. Directora: Rosana Brunner\",\"publisher\":{\"@id\":\"https:\/\/nuevodigitaldeescobar.com.ar\/#organization\"},\"potentialAction\":[{\"@type\":\"SearchAction\",\"target\":{\"@type\":\"EntryPoint\",\"urlTemplate\":\"https:\/\/nuevodigitaldeescobar.com.ar\/?s={search_term_string}\"},\"query-input\":{\"@type\":\"PropertyValueSpecification\",\"valueRequired\":true,\"valueName\":\"search_term_string\"}}],\"inLanguage\":\"es\"},{\"@type\":\"Organization\",\"@id\":\"https:\/\/nuevodigitaldeescobar.com.ar\/#organization\",\"name\":\"Nuevo Digital de Escobar\",\"url\":\"https:\/\/nuevodigitaldeescobar.com.ar\/\",\"logo\":{\"@type\":\"ImageObject\",\"inLanguage\":\"es\",\"@id\":\"https:\/\/nuevodigitaldeescobar.com.ar\/#\/schema\/logo\/image\/\",\"url\":\"https:\/\/nuevodigitaldeescobar.com.ar\/wp-content\/uploads\/2025\/05\/cropped-logo-nuevo2.jpg\",\"contentUrl\":\"https:\/\/nuevodigitaldeescobar.com.ar\/wp-content\/uploads\/2025\/05\/cropped-logo-nuevo2.jpg\",\"width\":305,\"height\":305,\"caption\":\"Nuevo Digital de Escobar\"},\"image\":{\"@id\":\"https:\/\/nuevodigitaldeescobar.com.ar\/#\/schema\/logo\/image\/\"},\"sameAs\":[\"https:\/\/www.facebook.com\/NUEVODigitalDeEscobar\",\"https:\/\/x.com\/nuevodigescobar\",\"https:\/\/www.instagram.com\/nuevodigitaldeescobar\"]},{\"@type\":\"Person\",\"@id\":\"https:\/\/nuevodigitaldeescobar.com.ar\/#\/schema\/person\/035e90a8efe9a80e6eec22656ad6ea4c\",\"name\":\"Redacci\u00f3n\",\"image\":{\"@type\":\"ImageObject\",\"inLanguage\":\"es\",\"@id\":\"https:\/\/nuevodigitaldeescobar.com.ar\/#\/schema\/person\/image\/\",\"url\":\"https:\/\/secure.gravatar.com\/avatar\/8af8f40000c24e9eef3034f2be5998a372bb1389e64b1a4a36b3a7979142220d?s=96&d=mm&r=g\",\"contentUrl\":\"https:\/\/secure.gravatar.com\/avatar\/8af8f40000c24e9eef3034f2be5998a372bb1389e64b1a4a36b3a7979142220d?s=96&d=mm&r=g\",\"caption\":\"Redacci\u00f3n\"},\"sameAs\":[\"http:\/\/nuevodigitaldeescobar.com.ar\"],\"url\":\"https:\/\/nuevodigitaldeescobar.com.ar\/?author=1\"}]}<\/script>\n<!-- \/ Yoast SEO plugin. -->","yoast_head_json":{"title":"Ajustes en asignaciones y jubilaciones: nuevos montos y aumento del 4,58% - Nuevo Digital de Escobar","robots":{"index":"index","follow":"follow","max-snippet":"max-snippet:-1","max-image-preview":"max-image-preview:large","max-video-preview":"max-video-preview:-1"},"canonical":"https:\/\/nuevodigitaldeescobar.com.ar\/?p=7175","og_locale":"es_ES","og_type":"article","og_title":"Ajustes en asignaciones y jubilaciones: nuevos montos y aumento del 4,58% - Nuevo Digital de Escobar","og_description":"A partir de este mes se actualizan las asignaciones sociales y jubilaciones en respuesta al nuevo salario m\u00ednimo no imponible. Adem\u00e1s, se aplicar\u00e1 un incremento [&hellip;]","og_url":"https:\/\/nuevodigitaldeescobar.com.ar\/?p=7175","og_site_name":"Nuevo Digital de Escobar","article_publisher":"https:\/\/www.facebook.com\/NUEVODigitalDeEscobar","article_published_time":"2024-08-04T10:00:00+00:00","og_image":[{"width":745,"height":465,"url":"https:\/\/nuevodigitaldeescobar.com.ar\/wp-content\/uploads\/2024\/08\/jubilada-cajero-e1722708608748.jpg","type":"image\/jpeg"}],"author":"Redacci\u00f3n","twitter_card":"summary_large_image","twitter_creator":"@nuevodigescobar","twitter_site":"@nuevodigescobar","twitter_misc":{"Escrito por":"Redacci\u00f3n","Tiempo de lectura":"2 minutos"},"schema":{"@context":"https:\/\/schema.org","@graph":[{"@type":"Article","@id":"https:\/\/nuevodigitaldeescobar.com.ar\/?p=7175#article","isPartOf":{"@id":"https:\/\/nuevodigitaldeescobar.com.ar\/?p=7175"},"author":{"name":"Redacci\u00f3n","@id":"https:\/\/nuevodigitaldeescobar.com.ar\/#\/schema\/person\/035e90a8efe9a80e6eec22656ad6ea4c"},"headline":"Ajustes en asignaciones y jubilaciones: nuevos montos y aumento del 4,58%","datePublished":"2024-08-04T10:00:00+00:00","mainEntityOfPage":{"@id":"https:\/\/nuevodigitaldeescobar.com.ar\/?p=7175"},"wordCount":487,"commentCount":0,"publisher":{"@id":"https:\/\/nuevodigitaldeescobar.com.ar\/#organization"},"image":{"@id":"https:\/\/nuevodigitaldeescobar.com.ar\/?p=7175#primaryimage"},"thumbnailUrl":"https:\/\/nuevodigitaldeescobar.com.ar\/wp-content\/uploads\/2024\/08\/jubilada-cajero-e1722708608748.jpg","articleSection":["Econom\u00eda","Sociedad"],"inLanguage":"es","potentialAction":[{"@type":"CommentAction","name":"Comment","target":["https:\/\/nuevodigitaldeescobar.com.ar\/?p=7175#respond"]}]},{"@type":"WebPage","@id":"https:\/\/nuevodigitaldeescobar.com.ar\/?p=7175","url":"https:\/\/nuevodigitaldeescobar.com.ar\/?p=7175","name":"Ajustes en asignaciones y jubilaciones: nuevos montos y aumento del 4,58% - Nuevo Digital de Escobar","isPartOf":{"@id":"https:\/\/nuevodigitaldeescobar.com.ar\/#website"},"primaryImageOfPage":{"@id":"https:\/\/nuevodigitaldeescobar.com.ar\/?p=7175#primaryimage"},"image":{"@id":"https:\/\/nuevodigitaldeescobar.com.ar\/?p=7175#primaryimage"},"thumbnailUrl":"https:\/\/nuevodigitaldeescobar.com.ar\/wp-content\/uploads\/2024\/08\/jubilada-cajero-e1722708608748.jpg","datePublished":"2024-08-04T10:00:00+00:00","breadcrumb":{"@id":"https:\/\/nuevodigitaldeescobar.com.ar\/?p=7175#breadcrumb"},"inLanguage":"es","potentialAction":[{"@type":"ReadAction","target":["https:\/\/nuevodigitaldeescobar.com.ar\/?p=7175"]}]},{"@type":"ImageObject","inLanguage":"es","@id":"https:\/\/nuevodigitaldeescobar.com.ar\/?p=7175#primaryimage","url":"https:\/\/nuevodigitaldeescobar.com.ar\/wp-content\/uploads\/2024\/08\/jubilada-cajero-e1722708608748.jpg","contentUrl":"https:\/\/nuevodigitaldeescobar.com.ar\/wp-content\/uploads\/2024\/08\/jubilada-cajero-e1722708608748.jpg","width":745,"height":465},{"@type":"BreadcrumbList","@id":"https:\/\/nuevodigitaldeescobar.com.ar\/?p=7175#breadcrumb","itemListElement":[{"@type":"ListItem","position":1,"name":"Portada","item":"https:\/\/nuevodigitaldeescobar.com.ar\/"},{"@type":"ListItem","position":2,"name":"Ajustes en asignaciones y jubilaciones: nuevos montos y aumento del 4,58%"}]},{"@type":"WebSite","@id":"https:\/\/nuevodigitaldeescobar.com.ar\/#website","url":"https:\/\/nuevodigitaldeescobar.com.ar\/","name":"Nuevo Digital de Escobar","description":"La vida escobarense. Directora: Rosana Brunner","publisher":{"@id":"https:\/\/nuevodigitaldeescobar.com.ar\/#organization"},"potentialAction":[{"@type":"SearchAction","target":{"@type":"EntryPoint","urlTemplate":"https:\/\/nuevodigitaldeescobar.com.ar\/?s={search_term_string}"},"query-input":{"@type":"PropertyValueSpecification","valueRequired":true,"valueName":"search_term_string"}}],"inLanguage":"es"},{"@type":"Organization","@id":"https:\/\/nuevodigitaldeescobar.com.ar\/#organization","name":"Nuevo Digital de Escobar","url":"https:\/\/nuevodigitaldeescobar.com.ar\/","logo":{"@type":"ImageObject","inLanguage":"es","@id":"https:\/\/nuevodigitaldeescobar.com.ar\/#\/schema\/logo\/image\/","url":"https:\/\/nuevodigitaldeescobar.com.ar\/wp-content\/uploads\/2025\/05\/cropped-logo-nuevo2.jpg","contentUrl":"https:\/\/nuevodigitaldeescobar.com.ar\/wp-content\/uploads\/2025\/05\/cropped-logo-nuevo2.jpg","width":305,"height":305,"caption":"Nuevo Digital de Escobar"},"image":{"@id":"https:\/\/nuevodigitaldeescobar.com.ar\/#\/schema\/logo\/image\/"},"sameAs":["https:\/\/www.facebook.com\/NUEVODigitalDeEscobar","https:\/\/x.com\/nuevodigescobar","https:\/\/www.instagram.com\/nuevodigitaldeescobar"]},{"@type":"Person","@id":"https:\/\/nuevodigitaldeescobar.com.ar\/#\/schema\/person\/035e90a8efe9a80e6eec22656ad6ea4c","name":"Redacci\u00f3n","image":{"@type":"ImageObject","inLanguage":"es","@id":"https:\/\/nuevodigitaldeescobar.com.ar\/#\/schema\/person\/image\/","url":"https:\/\/secure.gravatar.com\/avatar\/8af8f40000c24e9eef3034f2be5998a372bb1389e64b1a4a36b3a7979142220d?s=96&d=mm&r=g","contentUrl":"https:\/\/secure.gravatar.com\/avatar\/8af8f40000c24e9eef3034f2be5998a372bb1389e64b1a4a36b3a7979142220d?s=96&d=mm&r=g","caption":"Redacci\u00f3n"},"sameAs":["http:\/\/nuevodigitaldeescobar.com.ar"],"url":"https:\/\/nuevodigitaldeescobar.com.ar\/?author=1"}]}},"featured_image_urls":{"full":["https:\/\/nuevodigitaldeescobar.com.ar\/wp-content\/uploads\/2024\/08\/jubilada-cajero-e1722708608748.jpg",745,465,false],"thumbnail":["https:\/\/nuevodigitaldeescobar.com.ar\/wp-content\/uploads\/2024\/08\/jubilada-cajero-e1722708608748-150x150.jpg",150,150,true],"medium":["https:\/\/nuevodigitaldeescobar.com.ar\/wp-content\/uploads\/2024\/08\/jubilada-cajero-e1722708608748-300x187.jpg",300,187,true],"medium_large":["https:\/\/nuevodigitaldeescobar.com.ar\/wp-content\/uploads\/2024\/08\/jubilada-cajero-768x576.jpg",640,480,true],"large":["https:\/\/nuevodigitaldeescobar.com.ar\/wp-content\/uploads\/2024\/08\/jubilada-cajero-e1722708608748.jpg",640,399,false],"1536x1536":["https:\/\/nuevodigitaldeescobar.com.ar\/wp-content\/uploads\/2024\/08\/jubilada-cajero-e1722708608748.jpg",745,465,false],"2048x2048":["https:\/\/nuevodigitaldeescobar.com.ar\/wp-content\/uploads\/2024\/08\/jubilada-cajero-e1722708608748.jpg",745,465,false]},"author_info":{"display_name":"Redacci\u00f3n","author_link":"https:\/\/nuevodigitaldeescobar.com.ar\/?author=1"},"category_info":"<a href=\"https:\/\/nuevodigitaldeescobar.com.ar\/?cat=10\" rel=\"category\">Econom\u00eda<\/a> <a href=\"https:\/\/nuevodigitaldeescobar.com.ar\/?cat=15\" rel=\"category\">Sociedad<\/a>","tag_info":"Sociedad","comment_count":"0","_links":{"self":[{"href":"https:\/\/nuevodigitaldeescobar.com.ar\/index.php?rest_route=\/wp\/v2\/posts\/7175","targetHints":{"allow":["GET"]}}],"collection":[{"href":"https:\/\/nuevodigitaldeescobar.com.ar\/index.php?rest_route=\/wp\/v2\/posts"}],"about":[{"href":"https:\/\/nuevodigitaldeescobar.com.ar\/index.php?rest_route=\/wp\/v2\/types\/post"}],"author":[{"embeddable":true,"href":"https:\/\/nuevodigitaldeescobar.com.ar\/index.php?rest_route=\/wp\/v2\/users\/1"}],"replies":[{"embeddable":true,"href":"https:\/\/nuevodigitaldeescobar.com.ar\/index.php?rest_route=%2Fwp%2Fv2%2Fcomments&post=7175"}],"version-history":[{"count":1,"href":"https:\/\/nuevodigitaldeescobar.com.ar\/index.php?rest_route=\/wp\/v2\/posts\/7175\/revisions"}],"predecessor-version":[{"id":7177,"href":"https:\/\/nuevodigitaldeescobar.com.ar\/index.php?rest_route=\/wp\/v2\/posts\/7175\/revisions\/7177"}],"wp:featuredmedia":[{"embeddable":true,"href":"https:\/\/nuevodigitaldeescobar.com.ar\/index.php?rest_route=\/wp\/v2\/media\/7176"}],"wp:attachment":[{"href":"https:\/\/nuevodigitaldeescobar.com.ar\/index.php?rest_route=%2Fwp%2Fv2%2Fmedia&parent=7175"}],"wp:term":[{"taxonomy":"category","embeddable":true,"href":"https:\/\/nuevodigitaldeescobar.com.ar\/index.php?rest_route=%2Fwp%2Fv2%2Fcategories&post=7175"},{"taxonomy":"post_tag","embeddable":true,"href":"https:\/\/nuevodigitaldeescobar.com.ar\/index.php?rest_route=%2Fwp%2Fv2%2Ftags&post=7175"}],"curies":[{"name":"wp","href":"https:\/\/api.w.org\/{rel}","templated":true}]}}