{"id":7203,"date":"2025-12-31T22:00:00","date_gmt":"2026-01-01T01:00:00","guid":{"rendered":"https:\/\/nuevodigitaldeescobar.com.ar\/?p=7203"},"modified":"2026-01-16T12:23:26","modified_gmt":"2026-01-16T15:23:26","slug":"necrologicas-agosto-de-2024","status":"publish","type":"post","link":"https:\/\/nuevodigitaldeescobar.com.ar\/?p=7203","title":{"rendered":"Necrol\u00f3gicas: Diciembre de 2025"},"content":{"rendered":"<p><span style=\"color: #003366;\"><em><strong>Fallecimientos ocurridos durante el mes de Diciembre de 2025.<\/strong><\/em><\/span><\/p>\n<p><!--more--><\/p>\n<hr \/>\n<p><a href=\"https:\/\/nuevodigitaldeescobar.com.ar\/?attachment_id=832\" rel=\"attachment wp-att-832\"><img fetchpriority=\"high\" decoding=\"async\" class=\"alignnone size-full wp-image-832\" src=\"http:\/\/nuevodigitaldeescobar.com.ar\/wp-content\/uploads\/2023\/11\/sepelios-casino-nueva-ok.jpg\" alt=\"\" width=\"1025\" height=\"145\" srcset=\"https:\/\/nuevodigitaldeescobar.com.ar\/wp-content\/uploads\/2023\/11\/sepelios-casino-nueva-ok.jpg 1025w, https:\/\/nuevodigitaldeescobar.com.ar\/wp-content\/uploads\/2023\/11\/sepelios-casino-nueva-ok-300x42.jpg 300w, https:\/\/nuevodigitaldeescobar.com.ar\/wp-content\/uploads\/2023\/11\/sepelios-casino-nueva-ok-768x109.jpg 768w\" sizes=\"(max-width: 1025px) 100vw, 1025px\" \/><\/a><\/p>\n<ul>\n<li>Fern\u00e1ndez Grueiro Amparo \u2013 23\/09\/1923 \/\/ 01\/12\/2025<\/li>\n<li>Orlando Anibal Fern\u00e1ndez \u2013 22\/10\/1959 \/\/ 01\/12\/2025<\/li>\n<li>Colil Rita \u2013 20\/08\/1928 \/\/ 01\/12\/2025<\/li>\n<li>Caseres Sergio Marcelo \u2013 01\/05\/1967 \/\/ 02\/12\/2025<\/li>\n<li>Murynec Sonia Rosa \u2013 03\/10\/1947 \/\/ 05\/12\/2025<\/li>\n<li>Romano Aida \u2013 26\/06\/1928 \/\/ 06\/12\/2025<\/li>\n<li>Florentin Luis Ram\u00f3n \u2013 26\/06\/1970 \/\/ 06\/12\/2025<\/li>\n<li>Grams Marta Elena \u2013 04\/11\/1947 \/\/ 07\/12\/2025<\/li>\n<li>Aldaz Carlos Javier \u2013 24\/05\/1963 \/\/ 07\/12\/2025<\/li>\n<li>Cassino Hugo Nicol\u00e1s \u2013 21\/10\/1978 \/\/ 07\/12\/2025<\/li>\n<li>Osvaldo Javier Potzkai \u2013 01\/03\/1975 \/\/ 10\/12\/2025<\/li>\n<li>Iriarte Jorge Mariano \u2013 10\/08\/1943 \/\/ 15\/12\/2025<\/li>\n<li>L\u00f3pez Susana Angelica \u2013 04\/09\/1959 \/\/ 19\/12\/2025<\/li>\n<li>Montes Tomas Belinda \u2013 21\/12\/1954 \/\/ 23\/12\/2025<\/li>\n<li>Flores Pedro \u2013 11\/09\/1977 \/\/ 23\/12\/2025<\/li>\n<li>Muccilli Celia Leonor \u2013 19\/11\/1943 \/\/ 25\/12\/2025<\/li>\n<li>Burgos Ana Mar\u00eda \u2013 28\/11\/1950 \/\/ 25\/12\/2025<\/li>\n<li>D\u00edaz Rogelio Martin &#8211; 23\/02\/1952 \/\/ 28\/12\/2025<\/li>\n<li>Baba Amelia &#8211; 18\/09\/1934 \/\/ 28\/12\/2025<\/li>\n<li>Martorano Lionel H\u00e9ctor &#8211; 11\/05\/1968 \/\/ 31\/12\/2025<\/li>\n<\/ul>\n<hr \/>\n<p><a href=\"https:\/\/nuevodigitaldeescobar.com.ar\/?attachment_id=1150\" rel=\"attachment wp-att-1150\"><img decoding=\"async\" class=\"alignnone size-full wp-image-1150\" src=\"http:\/\/nuevodigitaldeescobar.com.ar\/wp-content\/uploads\/2023\/11\/sepelios-norte-banner-texto-negro.jpg\" alt=\"\" width=\"1020\" height=\"140\" srcset=\"https:\/\/nuevodigitaldeescobar.com.ar\/wp-content\/uploads\/2023\/11\/sepelios-norte-banner-texto-negro.jpg 1020w, https:\/\/nuevodigitaldeescobar.com.ar\/wp-content\/uploads\/2023\/11\/sepelios-norte-banner-texto-negro-300x41.jpg 300w, https:\/\/nuevodigitaldeescobar.com.ar\/wp-content\/uploads\/2023\/11\/sepelios-norte-banner-texto-negro-768x105.jpg 768w\" sizes=\"(max-width: 1020px) 100vw, 1020px\" \/><\/a><\/p>\n<ul>\n<li>LARA CONTRERAS JUANA ROSA \u2013 03\/12\/2025<\/li>\n<li>CONTTI PEDRO LEONARDO \u2013 05\/12\/2025<\/li>\n<li>CARDOSO OSVALDO DANIEL \u2013 06\/12\/2025<\/li>\n<li>ISACK GAEL DOS SANTOS \u2013 04\/12\/2025<\/li>\n<li>GARRIDO LILIANA NORMA \u2013 06\/12\/2025<\/li>\n<li>DEBESA GUSTAVO ALFREDO \u2013 07\/12\/2025<\/li>\n<li>SILVANI GABRIELA ALEJANDRA \u2013 08\/12\/2025<\/li>\n<li>P\u00c9REZ LAGUNA LUCILA MAR\u00cdA \u2013 08\/12\/2025<\/li>\n<li>RODRIGUEZ JUAN CARLOS \u2013 09\/12\/2025<\/li>\n<li>NANNI DOMINGO \u2013 10\/12\/2025<\/li>\n<li>CHOQUE ELIAS ALBINO \u2013 10\/12\/2025<\/li>\n<li>BLOK RITA IN\u00c9S \u2013 11\/12\/2025<\/li>\n<li>ORTIZ JUAN BERNARDO \u2013 13\/12\/2025<\/li>\n<li>OCHI CARLOS WASHINGTON \u2013 14\/12\/2025<\/li>\n<li>L\u00d3PEZ TERESA DE JESUS \u2013 16\/12\/2025<\/li>\n<li>PEZZALI RICARDO RAMON \u2013 17\/12\/2025<\/li>\n<li>WENNER H\u00c9CTOR DANIEL \u2013 17\/12\/2025<\/li>\n<li>RAIMONDI PASCUALINA \u2013 18\/12\/2025<\/li>\n<li>ARGUELLO ROSA DAMIANA \u2013 18\/12\/2025<\/li>\n<li>DOM\u00cdNGUEZ V\u00c1ZQUEZ MAR\u00cdA IRENE 20\/12\/2025<\/li>\n<li>GIMENEZ RAM\u00d3N CIRILO 22\/12\/2025<\/li>\n<li>CHURRUARIN RAM\u00d3N SILVEIRO 22\/12\/2025<\/li>\n<li>SACK ANA ELENA 23\/12\/2025<\/li>\n<li>SGRIGNERI ANTONIA DOLORES 24\/12\/2025<\/li>\n<li>DUNEL ELDA ANGELA 26\/12\/2025<\/li>\n<li>GONZ\u00c1LEZ NORBERTO ANTONIO 27\/12\/2025<\/li>\n<li>CUNIAL RICARDO 28\/12\/2025<\/li>\n<li>CEPEDA LUIS ORLANDO 28\/12\/2025<\/li>\n<li>D ANGELO GLADYS MABEL 29\/12\/2025<\/li>\n<li>G\u00d3MEZ PATRICIA HILARIA 29\/12\/2025<\/li>\n<\/ul>\n\n\n<p><\/p>\n","protected":false},"excerpt":{"rendered":"<p>Fallecimientos ocurridos durante el mes de Diciembre de 2025.<\/p>\n","protected":false},"author":1,"featured_media":837,"comment_status":"open","ping_status":"open","sticky":false,"template":"","format":"standard","meta":{"footnotes":""},"categories":[16],"tags":[],"class_list":["post-7203","post","type-post","status-publish","format-standard","has-post-thumbnail","hentry","category-necrologicas"],"better_featured_image":{"id":837,"alt_text":"","caption":"","description":"","media_type":"image","media_details":{"width":480,"height":267,"file":"2023\/11\/necro-e1717360650811.jpg","filesize":17725,"sizes":{"medium":{"file":"necro-300x167.jpg","width":300,"height":167,"mime-type":"image\/jpeg","filesize":3749,"source_url":"https:\/\/nuevodigitaldeescobar.com.ar\/wp-content\/uploads\/2023\/11\/necro-300x167.jpg"},"thumbnail":{"file":"necro-150x150.jpg","width":150,"height":150,"mime-type":"image\/jpeg","filesize":2928,"source_url":"https:\/\/nuevodigitaldeescobar.com.ar\/wp-content\/uploads\/2023\/11\/necro-150x150.jpg"},"medium_large":{"file":"necro-768x427.jpg","width":768,"height":427,"mime-type":"image\/jpeg","filesize":13117,"source_url":"https:\/\/nuevodigitaldeescobar.com.ar\/wp-content\/uploads\/2023\/11\/necro-768x427.jpg"},"covernews-slider-center":{"file":"necro-800x500.jpg","width":800,"height":500,"mime-type":"image\/jpeg","filesize":16881,"source_url":"https:\/\/nuevodigitaldeescobar.com.ar\/wp-content\/uploads\/2023\/11\/necro-800x500.jpg"},"covernews-medium":{"file":"necro-540x340.jpg","width":540,"height":340,"mime-type":"image\/jpeg","filesize":9022,"source_url":"https:\/\/nuevodigitaldeescobar.com.ar\/wp-content\/uploads\/2023\/11\/necro-540x340.jpg"},"covernews-medium-square":{"file":"necro-400x250.jpg","width":400,"height":250,"mime-type":"image\/jpeg","filesize":5956,"source_url":"https:\/\/nuevodigitaldeescobar.com.ar\/wp-content\/uploads\/2023\/11\/necro-400x250.jpg"}},"image_meta":{"aperture":"0","credit":"","camera":"","caption":"","created_timestamp":"0","copyright":"","focal_length":"0","iso":"0","shutter_speed":"0","title":"","orientation":"0","keywords":[]}},"post":181,"source_url":"https:\/\/nuevodigitaldeescobar.com.ar\/wp-content\/uploads\/2023\/11\/necro-e1717360650811.jpg"},"yoast_head":"<!-- This site is optimized with the Yoast SEO plugin v26.1.1 - https:\/\/yoast.com\/wordpress\/plugins\/seo\/ -->\n<title>Necrol\u00f3gicas: Diciembre de 2025 - Nuevo Digital de Escobar<\/title>\n<meta name=\"robots\" content=\"index, follow, max-snippet:-1, max-image-preview:large, max-video-preview:-1\" \/>\n<link rel=\"canonical\" href=\"https:\/\/nuevodigitaldeescobar.com.ar\/?p=7203\" \/>\n<meta property=\"og:locale\" content=\"es_ES\" \/>\n<meta property=\"og:type\" content=\"article\" \/>\n<meta property=\"og:title\" content=\"Necrol\u00f3gicas: Diciembre de 2025 - Nuevo Digital de Escobar\" \/>\n<meta property=\"og:description\" content=\"Fallecimientos ocurridos durante el mes de Diciembre de 2025.\" \/>\n<meta property=\"og:url\" content=\"https:\/\/nuevodigitaldeescobar.com.ar\/?p=7203\" \/>\n<meta property=\"og:site_name\" content=\"Nuevo Digital de Escobar\" \/>\n<meta property=\"article:publisher\" content=\"https:\/\/www.facebook.com\/NUEVODigitalDeEscobar\" \/>\n<meta property=\"article:published_time\" content=\"2026-01-01T01:00:00+00:00\" \/>\n<meta property=\"article:modified_time\" content=\"2026-01-16T15:23:26+00:00\" \/>\n<meta property=\"og:image\" content=\"http:\/\/nuevodigitaldeescobar.com.ar\/wp-content\/uploads\/2023\/11\/necro-e1717360650811.jpg\" \/>\n\t<meta property=\"og:image:width\" content=\"480\" \/>\n\t<meta property=\"og:image:height\" content=\"267\" \/>\n\t<meta property=\"og:image:type\" content=\"image\/jpeg\" \/>\n<meta name=\"author\" content=\"Redacci\u00f3n\" \/>\n<meta name=\"twitter:card\" content=\"summary_large_image\" \/>\n<meta name=\"twitter:creator\" content=\"@nuevodigescobar\" \/>\n<meta name=\"twitter:site\" content=\"@nuevodigescobar\" \/>\n<meta name=\"twitter:label1\" content=\"Escrito por\" \/>\n\t<meta name=\"twitter:data1\" content=\"Redacci\u00f3n\" \/>\n\t<meta name=\"twitter:label2\" content=\"Tiempo de lectura\" \/>\n\t<meta name=\"twitter:data2\" content=\"2 minutos\" \/>\n<script type=\"application\/ld+json\" class=\"yoast-schema-graph\">{\"@context\":\"https:\/\/schema.org\",\"@graph\":[{\"@type\":\"Article\",\"@id\":\"https:\/\/nuevodigitaldeescobar.com.ar\/?p=7203#article\",\"isPartOf\":{\"@id\":\"https:\/\/nuevodigitaldeescobar.com.ar\/?p=7203\"},\"author\":{\"name\":\"Redacci\u00f3n\",\"@id\":\"https:\/\/nuevodigitaldeescobar.com.ar\/#\/schema\/person\/035e90a8efe9a80e6eec22656ad6ea4c\"},\"headline\":\"Necrol\u00f3gicas: Diciembre de 2025\",\"datePublished\":\"2026-01-01T01:00:00+00:00\",\"dateModified\":\"2026-01-16T15:23:26+00:00\",\"mainEntityOfPage\":{\"@id\":\"https:\/\/nuevodigitaldeescobar.com.ar\/?p=7203\"},\"wordCount\":184,\"commentCount\":0,\"publisher\":{\"@id\":\"https:\/\/nuevodigitaldeescobar.com.ar\/#organization\"},\"image\":{\"@id\":\"https:\/\/nuevodigitaldeescobar.com.ar\/?p=7203#primaryimage\"},\"thumbnailUrl\":\"https:\/\/nuevodigitaldeescobar.com.ar\/wp-content\/uploads\/2023\/11\/necro-e1717360650811.jpg\",\"articleSection\":[\"Necrol\u00f3gicas\"],\"inLanguage\":\"es\",\"potentialAction\":[{\"@type\":\"CommentAction\",\"name\":\"Comment\",\"target\":[\"https:\/\/nuevodigitaldeescobar.com.ar\/?p=7203#respond\"]}]},{\"@type\":\"WebPage\",\"@id\":\"https:\/\/nuevodigitaldeescobar.com.ar\/?p=7203\",\"url\":\"https:\/\/nuevodigitaldeescobar.com.ar\/?p=7203\",\"name\":\"Necrol\u00f3gicas: Diciembre de 2025 - Nuevo Digital de Escobar\",\"isPartOf\":{\"@id\":\"https:\/\/nuevodigitaldeescobar.com.ar\/#website\"},\"primaryImageOfPage\":{\"@id\":\"https:\/\/nuevodigitaldeescobar.com.ar\/?p=7203#primaryimage\"},\"image\":{\"@id\":\"https:\/\/nuevodigitaldeescobar.com.ar\/?p=7203#primaryimage\"},\"thumbnailUrl\":\"https:\/\/nuevodigitaldeescobar.com.ar\/wp-content\/uploads\/2023\/11\/necro-e1717360650811.jpg\",\"datePublished\":\"2026-01-01T01:00:00+00:00\",\"dateModified\":\"2026-01-16T15:23:26+00:00\",\"breadcrumb\":{\"@id\":\"https:\/\/nuevodigitaldeescobar.com.ar\/?p=7203#breadcrumb\"},\"inLanguage\":\"es\",\"potentialAction\":[{\"@type\":\"ReadAction\",\"target\":[\"https:\/\/nuevodigitaldeescobar.com.ar\/?p=7203\"]}]},{\"@type\":\"ImageObject\",\"inLanguage\":\"es\",\"@id\":\"https:\/\/nuevodigitaldeescobar.com.ar\/?p=7203#primaryimage\",\"url\":\"https:\/\/nuevodigitaldeescobar.com.ar\/wp-content\/uploads\/2023\/11\/necro-e1717360650811.jpg\",\"contentUrl\":\"https:\/\/nuevodigitaldeescobar.com.ar\/wp-content\/uploads\/2023\/11\/necro-e1717360650811.jpg\",\"width\":480,\"height\":267},{\"@type\":\"BreadcrumbList\",\"@id\":\"https:\/\/nuevodigitaldeescobar.com.ar\/?p=7203#breadcrumb\",\"itemListElement\":[{\"@type\":\"ListItem\",\"position\":1,\"name\":\"Portada\",\"item\":\"https:\/\/nuevodigitaldeescobar.com.ar\/\"},{\"@type\":\"ListItem\",\"position\":2,\"name\":\"Necrol\u00f3gicas: Diciembre de 2025\"}]},{\"@type\":\"WebSite\",\"@id\":\"https:\/\/nuevodigitaldeescobar.com.ar\/#website\",\"url\":\"https:\/\/nuevodigitaldeescobar.com.ar\/\",\"name\":\"Nuevo Digital de Escobar\",\"description\":\"La vida escobarense. Directora: Rosana Brunner\",\"publisher\":{\"@id\":\"https:\/\/nuevodigitaldeescobar.com.ar\/#organization\"},\"potentialAction\":[{\"@type\":\"SearchAction\",\"target\":{\"@type\":\"EntryPoint\",\"urlTemplate\":\"https:\/\/nuevodigitaldeescobar.com.ar\/?s={search_term_string}\"},\"query-input\":{\"@type\":\"PropertyValueSpecification\",\"valueRequired\":true,\"valueName\":\"search_term_string\"}}],\"inLanguage\":\"es\"},{\"@type\":\"Organization\",\"@id\":\"https:\/\/nuevodigitaldeescobar.com.ar\/#organization\",\"name\":\"Nuevo Digital de Escobar\",\"url\":\"https:\/\/nuevodigitaldeescobar.com.ar\/\",\"logo\":{\"@type\":\"ImageObject\",\"inLanguage\":\"es\",\"@id\":\"https:\/\/nuevodigitaldeescobar.com.ar\/#\/schema\/logo\/image\/\",\"url\":\"https:\/\/nuevodigitaldeescobar.com.ar\/wp-content\/uploads\/2025\/05\/cropped-logo-nuevo2.jpg\",\"contentUrl\":\"https:\/\/nuevodigitaldeescobar.com.ar\/wp-content\/uploads\/2025\/05\/cropped-logo-nuevo2.jpg\",\"width\":305,\"height\":305,\"caption\":\"Nuevo Digital de Escobar\"},\"image\":{\"@id\":\"https:\/\/nuevodigitaldeescobar.com.ar\/#\/schema\/logo\/image\/\"},\"sameAs\":[\"https:\/\/www.facebook.com\/NUEVODigitalDeEscobar\",\"https:\/\/x.com\/nuevodigescobar\",\"https:\/\/www.instagram.com\/nuevodigitaldeescobar\"]},{\"@type\":\"Person\",\"@id\":\"https:\/\/nuevodigitaldeescobar.com.ar\/#\/schema\/person\/035e90a8efe9a80e6eec22656ad6ea4c\",\"name\":\"Redacci\u00f3n\",\"image\":{\"@type\":\"ImageObject\",\"inLanguage\":\"es\",\"@id\":\"https:\/\/nuevodigitaldeescobar.com.ar\/#\/schema\/person\/image\/\",\"url\":\"https:\/\/secure.gravatar.com\/avatar\/8af8f40000c24e9eef3034f2be5998a372bb1389e64b1a4a36b3a7979142220d?s=96&d=mm&r=g\",\"contentUrl\":\"https:\/\/secure.gravatar.com\/avatar\/8af8f40000c24e9eef3034f2be5998a372bb1389e64b1a4a36b3a7979142220d?s=96&d=mm&r=g\",\"caption\":\"Redacci\u00f3n\"},\"sameAs\":[\"http:\/\/nuevodigitaldeescobar.com.ar\"],\"url\":\"https:\/\/nuevodigitaldeescobar.com.ar\/?author=1\"}]}<\/script>\n<!-- \/ Yoast SEO plugin. -->","yoast_head_json":{"title":"Necrol\u00f3gicas: Diciembre de 2025 - Nuevo Digital de Escobar","robots":{"index":"index","follow":"follow","max-snippet":"max-snippet:-1","max-image-preview":"max-image-preview:large","max-video-preview":"max-video-preview:-1"},"canonical":"https:\/\/nuevodigitaldeescobar.com.ar\/?p=7203","og_locale":"es_ES","og_type":"article","og_title":"Necrol\u00f3gicas: Diciembre de 2025 - Nuevo Digital de Escobar","og_description":"Fallecimientos ocurridos durante el mes de Diciembre de 2025.","og_url":"https:\/\/nuevodigitaldeescobar.com.ar\/?p=7203","og_site_name":"Nuevo Digital de Escobar","article_publisher":"https:\/\/www.facebook.com\/NUEVODigitalDeEscobar","article_published_time":"2026-01-01T01:00:00+00:00","article_modified_time":"2026-01-16T15:23:26+00:00","og_image":[{"width":480,"height":267,"url":"http:\/\/nuevodigitaldeescobar.com.ar\/wp-content\/uploads\/2023\/11\/necro-e1717360650811.jpg","type":"image\/jpeg"}],"author":"Redacci\u00f3n","twitter_card":"summary_large_image","twitter_creator":"@nuevodigescobar","twitter_site":"@nuevodigescobar","twitter_misc":{"Escrito por":"Redacci\u00f3n","Tiempo de lectura":"2 minutos"},"schema":{"@context":"https:\/\/schema.org","@graph":[{"@type":"Article","@id":"https:\/\/nuevodigitaldeescobar.com.ar\/?p=7203#article","isPartOf":{"@id":"https:\/\/nuevodigitaldeescobar.com.ar\/?p=7203"},"author":{"name":"Redacci\u00f3n","@id":"https:\/\/nuevodigitaldeescobar.com.ar\/#\/schema\/person\/035e90a8efe9a80e6eec22656ad6ea4c"},"headline":"Necrol\u00f3gicas: Diciembre de 2025","datePublished":"2026-01-01T01:00:00+00:00","dateModified":"2026-01-16T15:23:26+00:00","mainEntityOfPage":{"@id":"https:\/\/nuevodigitaldeescobar.com.ar\/?p=7203"},"wordCount":184,"commentCount":0,"publisher":{"@id":"https:\/\/nuevodigitaldeescobar.com.ar\/#organization"},"image":{"@id":"https:\/\/nuevodigitaldeescobar.com.ar\/?p=7203#primaryimage"},"thumbnailUrl":"https:\/\/nuevodigitaldeescobar.com.ar\/wp-content\/uploads\/2023\/11\/necro-e1717360650811.jpg","articleSection":["Necrol\u00f3gicas"],"inLanguage":"es","potentialAction":[{"@type":"CommentAction","name":"Comment","target":["https:\/\/nuevodigitaldeescobar.com.ar\/?p=7203#respond"]}]},{"@type":"WebPage","@id":"https:\/\/nuevodigitaldeescobar.com.ar\/?p=7203","url":"https:\/\/nuevodigitaldeescobar.com.ar\/?p=7203","name":"Necrol\u00f3gicas: Diciembre de 2025 - Nuevo Digital de Escobar","isPartOf":{"@id":"https:\/\/nuevodigitaldeescobar.com.ar\/#website"},"primaryImageOfPage":{"@id":"https:\/\/nuevodigitaldeescobar.com.ar\/?p=7203#primaryimage"},"image":{"@id":"https:\/\/nuevodigitaldeescobar.com.ar\/?p=7203#primaryimage"},"thumbnailUrl":"https:\/\/nuevodigitaldeescobar.com.ar\/wp-content\/uploads\/2023\/11\/necro-e1717360650811.jpg","datePublished":"2026-01-01T01:00:00+00:00","dateModified":"2026-01-16T15:23:26+00:00","breadcrumb":{"@id":"https:\/\/nuevodigitaldeescobar.com.ar\/?p=7203#breadcrumb"},"inLanguage":"es","potentialAction":[{"@type":"ReadAction","target":["https:\/\/nuevodigitaldeescobar.com.ar\/?p=7203"]}]},{"@type":"ImageObject","inLanguage":"es","@id":"https:\/\/nuevodigitaldeescobar.com.ar\/?p=7203#primaryimage","url":"https:\/\/nuevodigitaldeescobar.com.ar\/wp-content\/uploads\/2023\/11\/necro-e1717360650811.jpg","contentUrl":"https:\/\/nuevodigitaldeescobar.com.ar\/wp-content\/uploads\/2023\/11\/necro-e1717360650811.jpg","width":480,"height":267},{"@type":"BreadcrumbList","@id":"https:\/\/nuevodigitaldeescobar.com.ar\/?p=7203#breadcrumb","itemListElement":[{"@type":"ListItem","position":1,"name":"Portada","item":"https:\/\/nuevodigitaldeescobar.com.ar\/"},{"@type":"ListItem","position":2,"name":"Necrol\u00f3gicas: Diciembre de 2025"}]},{"@type":"WebSite","@id":"https:\/\/nuevodigitaldeescobar.com.ar\/#website","url":"https:\/\/nuevodigitaldeescobar.com.ar\/","name":"Nuevo Digital de Escobar","description":"La vida escobarense. Directora: Rosana Brunner","publisher":{"@id":"https:\/\/nuevodigitaldeescobar.com.ar\/#organization"},"potentialAction":[{"@type":"SearchAction","target":{"@type":"EntryPoint","urlTemplate":"https:\/\/nuevodigitaldeescobar.com.ar\/?s={search_term_string}"},"query-input":{"@type":"PropertyValueSpecification","valueRequired":true,"valueName":"search_term_string"}}],"inLanguage":"es"},{"@type":"Organization","@id":"https:\/\/nuevodigitaldeescobar.com.ar\/#organization","name":"Nuevo Digital de Escobar","url":"https:\/\/nuevodigitaldeescobar.com.ar\/","logo":{"@type":"ImageObject","inLanguage":"es","@id":"https:\/\/nuevodigitaldeescobar.com.ar\/#\/schema\/logo\/image\/","url":"https:\/\/nuevodigitaldeescobar.com.ar\/wp-content\/uploads\/2025\/05\/cropped-logo-nuevo2.jpg","contentUrl":"https:\/\/nuevodigitaldeescobar.com.ar\/wp-content\/uploads\/2025\/05\/cropped-logo-nuevo2.jpg","width":305,"height":305,"caption":"Nuevo Digital de Escobar"},"image":{"@id":"https:\/\/nuevodigitaldeescobar.com.ar\/#\/schema\/logo\/image\/"},"sameAs":["https:\/\/www.facebook.com\/NUEVODigitalDeEscobar","https:\/\/x.com\/nuevodigescobar","https:\/\/www.instagram.com\/nuevodigitaldeescobar"]},{"@type":"Person","@id":"https:\/\/nuevodigitaldeescobar.com.ar\/#\/schema\/person\/035e90a8efe9a80e6eec22656ad6ea4c","name":"Redacci\u00f3n","image":{"@type":"ImageObject","inLanguage":"es","@id":"https:\/\/nuevodigitaldeescobar.com.ar\/#\/schema\/person\/image\/","url":"https:\/\/secure.gravatar.com\/avatar\/8af8f40000c24e9eef3034f2be5998a372bb1389e64b1a4a36b3a7979142220d?s=96&d=mm&r=g","contentUrl":"https:\/\/secure.gravatar.com\/avatar\/8af8f40000c24e9eef3034f2be5998a372bb1389e64b1a4a36b3a7979142220d?s=96&d=mm&r=g","caption":"Redacci\u00f3n"},"sameAs":["http:\/\/nuevodigitaldeescobar.com.ar"],"url":"https:\/\/nuevodigitaldeescobar.com.ar\/?author=1"}]}},"featured_image_urls":{"full":["https:\/\/nuevodigitaldeescobar.com.ar\/wp-content\/uploads\/2023\/11\/necro-e1717360650811.jpg",480,267,false],"thumbnail":["https:\/\/nuevodigitaldeescobar.com.ar\/wp-content\/uploads\/2023\/11\/necro-150x150.jpg",150,150,true],"medium":["https:\/\/nuevodigitaldeescobar.com.ar\/wp-content\/uploads\/2023\/11\/necro-300x167.jpg",300,167,true],"medium_large":["https:\/\/nuevodigitaldeescobar.com.ar\/wp-content\/uploads\/2023\/11\/necro-768x427.jpg",640,356,true],"large":["https:\/\/nuevodigitaldeescobar.com.ar\/wp-content\/uploads\/2023\/11\/necro-e1717360650811.jpg",480,267,false],"1536x1536":["https:\/\/nuevodigitaldeescobar.com.ar\/wp-content\/uploads\/2023\/11\/necro-e1717360650811.jpg",480,267,false],"2048x2048":["https:\/\/nuevodigitaldeescobar.com.ar\/wp-content\/uploads\/2023\/11\/necro-e1717360650811.jpg",480,267,false]},"author_info":{"display_name":"Redacci\u00f3n","author_link":"https:\/\/nuevodigitaldeescobar.com.ar\/?author=1"},"category_info":"<a href=\"https:\/\/nuevodigitaldeescobar.com.ar\/?cat=16\" rel=\"category\">Necrol\u00f3gicas<\/a>","tag_info":"Necrol\u00f3gicas","comment_count":"0","_links":{"self":[{"href":"https:\/\/nuevodigitaldeescobar.com.ar\/index.php?rest_route=\/wp\/v2\/posts\/7203","targetHints":{"allow":["GET"]}}],"collection":[{"href":"https:\/\/nuevodigitaldeescobar.com.ar\/index.php?rest_route=\/wp\/v2\/posts"}],"about":[{"href":"https:\/\/nuevodigitaldeescobar.com.ar\/index.php?rest_route=\/wp\/v2\/types\/post"}],"author":[{"embeddable":true,"href":"https:\/\/nuevodigitaldeescobar.com.ar\/index.php?rest_route=\/wp\/v2\/users\/1"}],"replies":[{"embeddable":true,"href":"https:\/\/nuevodigitaldeescobar.com.ar\/index.php?rest_route=%2Fwp%2Fv2%2Fcomments&post=7203"}],"version-history":[{"count":9,"href":"https:\/\/nuevodigitaldeescobar.com.ar\/index.php?rest_route=\/wp\/v2\/posts\/7203\/revisions"}],"predecessor-version":[{"id":19612,"href":"https:\/\/nuevodigitaldeescobar.com.ar\/index.php?rest_route=\/wp\/v2\/posts\/7203\/revisions\/19612"}],"wp:featuredmedia":[{"embeddable":true,"href":"https:\/\/nuevodigitaldeescobar.com.ar\/index.php?rest_route=\/wp\/v2\/media\/837"}],"wp:attachment":[{"href":"https:\/\/nuevodigitaldeescobar.com.ar\/index.php?rest_route=%2Fwp%2Fv2%2Fmedia&parent=7203"}],"wp:term":[{"taxonomy":"category","embeddable":true,"href":"https:\/\/nuevodigitaldeescobar.com.ar\/index.php?rest_route=%2Fwp%2Fv2%2Fcategories&post=7203"},{"taxonomy":"post_tag","embeddable":true,"href":"https:\/\/nuevodigitaldeescobar.com.ar\/index.php?rest_route=%2Fwp%2Fv2%2Ftags&post=7203"}],"curies":[{"name":"wp","href":"https:\/\/api.w.org\/{rel}","templated":true}]}}