{"id":7232,"date":"2024-08-07T21:04:08","date_gmt":"2024-08-08T00:04:08","guid":{"rendered":"https:\/\/nuevodigitaldeescobar.com.ar\/?p=7232"},"modified":"2024-08-07T21:04:16","modified_gmt":"2024-08-08T00:04:16","slug":"indemnizaciones-el-peronismo-bonaerense-avanzo-con-el-proyecto-que-actualiza-los-montos","status":"publish","type":"post","link":"https:\/\/nuevodigitaldeescobar.com.ar\/?p=7232","title":{"rendered":"Indemnizaciones: el peronismo bonaerense avanz\u00f3 con el proyecto que actualiza los montos"},"content":{"rendered":"<p><span style=\"color: #000080;\"><strong><em>La iniciativa finalmente se aprob\u00f3 en la comisi\u00f3n de Trabajo y Legislaci\u00f3n General del Senado. El texto sigue su curso en comisiones. A priori, Uni\u00f3n por la Patria no tiene el n\u00famero para tratarlo en el recinto. Las Pymes, en pie de guerra.<\/em><\/strong><\/span><\/p>\n<p><!--more--><\/p>\n<hr \/>\n<p>Los senadores bonaerenses de Uni\u00f3n por la Patria dieron un paso hacia adelante con el proyecto de ley que actualiza las indemnizaciones por despidos en el \u00e1mbito provincial. Fue este martes, luego de que la comisi\u00f3n de Trabajo y Legislaci\u00f3n General votase mayoritariamente la iniciativa que ya tuvo el visto bueno en la C\u00e1mara de Diputados.<\/p>\n<p>El texto es autor\u00eda de las diputadas Maite Alvado de La C\u00e1mpora y Soledad Alonso, secretaria adjunta del sindicato de trabajadores de ANSES (SECASFPI). Tras ser aprobado en Diputados el \u00faltimo 15 de mayo, este martes obtuvo dictamen favorable con los votos de los senadores peronistas que integran la comisi\u00f3n que preside la legisladora Mar\u00eda Rosa Mart\u00ednez.<\/p>\n<p>Seg\u00fan las autoras, la iniciativa busca establecer una recomposici\u00f3n de las sentencias de los juicios laborales frente a la inflaci\u00f3n y aplica una f\u00f3rmula similar a la que se da en la Ciudad. La posici\u00f3n de Uni\u00f3n por la Patria choca contra lo que manifiestan distintas federaciones empresariales y pymes de la provincia de Buenos Aires. <em>\u201cEste proyecto de ley va en desmedro de la generaci\u00f3n de empleo, perjudica de lleno la actividad y estabilidad de las empresas, en especial de las pymes bonaerenses. Ser\u00eda sumar un golpe m\u00e1s a la profunda crisis que vienen soportando las pymes de la Provincia de Buenos Aires\u201d<\/em>, hab\u00eda planteado el presidente de la Federaci\u00f3n Econ\u00f3mica de la Provincia de Buenos Aires (FEBA), Camilo Kahale. La FEBA re\u00fane a m\u00e1s de 100 c\u00e1maras, federaciones y asociaciones industriales y productivas de distintos puntos de la provincia.<\/p>\n<p>Este martes, el texto fue acompa\u00f1ado positivamente por la senadora Mart\u00ednez y los senadores Federico Fagioli, Pedro Borgini, Sabrina Bastida y Pablo Obeid, todos de UP. Mientras que los senadores Juan Manuel Rico Zini (PRO), Cristian Gribaudo (PRO), Ariel Mart\u00ednez Bordaisco (UCR-Cambio Federal) y Eugenia Gil (UCR-Cambio Federal), votaron en contra y emitieron un dictamen de minor\u00eda aconsejando su rechazo.<\/p>\n<p>En ese texto -que es el que defender\u00e1n en el recinto si es que la iniciativa llega a esa instancia decisoria- los legisladores de la oposici\u00f3n plantearon que <em>\u201cla aplicaci\u00f3n de tasa activa a las indemnizaciones laborales que dicten los Tribunales Laborales ser\u00eda un apartamiento palmario de la regla del art\u00edculo 770 del C\u00f3digo Civil y Comercial de la Naci\u00f3n seg\u00fan el cual se proh\u00edbe indexar, es decir, no se deben intereses de los intereses\u201d<\/em>.<\/p>\n<p><em>\u201cUna vez m\u00e1s el gobierno provincial parece pretender avanzar en contramano del resto del pa\u00eds. Es de p\u00fablico conocimiento que las pymes son el motor de la econom\u00eda y de la generaci\u00f3n de empleo formal en la Rep\u00fablica Argentina. En la actual coyuntura, estas empresas se esfuerzan por salir adelante en medio de la recesi\u00f3n y las medidas de ajuste que buscan corregir d\u00e9cadas de desmanejo econ\u00f3mico. En estos momentos en donde las empresas necesitan la mayor ayuda posible por parte del estado provincial, pareciera que hay algunos que buscan poner m\u00e1s trabas\u201d<\/em>, plantea el texto que fue respaldado con cuatro votos.<\/p>\n<figure id=\"attachment_7234\" aria-describedby=\"caption-attachment-7234\" style=\"width: 720px\" class=\"wp-caption alignnone\"><a href=\"https:\/\/nuevodigitaldeescobar.com.ar\/?attachment_id=7234\" rel=\"attachment wp-att-7234\"><img fetchpriority=\"high\" decoding=\"async\" class=\"wp-image-7234 size-full\" src=\"http:\/\/nuevodigitaldeescobar.com.ar\/wp-content\/uploads\/2024\/08\/epi-Maria-Rosa-Martinez-e1723075278433.jpg\" alt=\"\" width=\"720\" height=\"405\" \/><\/a><figcaption id=\"caption-attachment-7234\" class=\"wp-caption-text\">La presidenta de la comisi\u00f3n de Trabajo y Legislaci\u00f3n Social, la senadora de UP, Mar\u00eda Rosa Mart\u00ednez.<\/figcaption><\/figure>\n<p>Por su parte, en el Ejecutivo bonaerense toman cierta distancia del proyecto en cuesti\u00f3n y admiten que es una iniciativa del Poder Legislativo. De aprobarse, deber\u00e1 ser el gobernador Axel Kicillof quien deba reglamentarla y promulgarla; siempre y cuando haya entendimiento dentro de los distintos sectores peronistas. En su primer mandato, el gobierno ha tenido distintos puntos de acuerdos con Pymes y entidades empresariales bonaerenses, a trav\u00e9s del ministro de Producci\u00f3n, Augusto Costa. La iniciativa gener\u00f3 cierto ruido en esa relaci\u00f3n.<\/p>\n<p>Este martes, la Jefa de Gabinete del ministerio de Trabajo bonaerense, Cecilia Cecchini, tambi\u00e9n se despeg\u00f3 de la iniciativa. La funcionaria, que responde al ministro de la cartera laboral Walter Correa, plante\u00f3 en declaraciones a LU 32 de Olavarr\u00eda: <em>\u201cEntendemos que m\u00e1s que pensar en qu\u00e9 medida se potencian las indemnizaciones, porque resuelve un problema a corto plazo; hay que ver c\u00f3mo promover la discusi\u00f3n de las inversiones, por eso queremos destacar el proyecto de r\u00e9gimen de inversiones en que trabaja Kicillof, que puede ser mucho m\u00e1s interesante para el resguardo de los puestos de trabajo que tenemos y la promoci\u00f3n de nuevos puestos, hay que ir por eso\u201d<\/em>.<\/p>\n<p>Sin embargo, la oposici\u00f3n le endilga a Kicillof el avance de la iniciativa: <em>\u201cEn todas las instancias que se nos presenten pondremos nuestro voto como freno a esta ley que busca fundir a las Pymes, comercios y a tantas otras actividades productivas. Hemos escuchado a los representantes de m\u00e1s de 50.000 PyMes de la provincia de Buenos Aires. No vamos a ser c\u00f3mplices de la asfixia al sector productivo que pretende el gobernador Kicillof. Todos los bloques opositores ya le dejamos claro al oficialismo que no lo vamos a acompa\u00f1ar\u201d<\/em>, plantearon los senadores que del PRO y la UCR-Cambio Federal que integran la comisi\u00f3n de Trabajo.<\/p>\n<figure id=\"attachment_7233\" aria-describedby=\"caption-attachment-7233\" style=\"width: 720px\" class=\"wp-caption alignnone\"><a href=\"https:\/\/nuevodigitaldeescobar.com.ar\/?attachment_id=7233\" rel=\"attachment wp-att-7233\"><img decoding=\"async\" class=\"size-full wp-image-7233\" src=\"http:\/\/nuevodigitaldeescobar.com.ar\/wp-content\/uploads\/2024\/08\/epi-Ariel-Martinez-Bordaisco-e1723075181897.jpg\" alt=\"\" width=\"720\" height=\"405\" \/><\/a><figcaption id=\"caption-attachment-7233\" class=\"wp-caption-text\">El senador del bloque UCR-Cambio Federal, Ariel Mart\u00ednez Bordaisco, uno de los legisladores que vot\u00f3 en contra de la iniciativa.<\/figcaption><\/figure>\n<p>El proyecto seguir\u00e1 su curso. Primero tiene que pasar por la comisi\u00f3n de Legislaci\u00f3n General y luego por Asuntos Constitucionales y Acuerdos (ACA). En ambas, Uni\u00f3n por la Patria tiene mayor\u00eda como para empujar una votaci\u00f3n similar a la de este martes. Sin embargo, hoy por hoy la cuenta difiere en el recinto. Hasta el momento, todos los bloques no peronistas se han manifestado en contra de la iniciativa o al menos plantearon que no lo acompa\u00f1ar\u00e1n. Si el proyecto pasa por las comisiones asignadas y llega al recinto, ingresar\u00e1 en el orden del d\u00eda. En ese esquema, el peronismo precisar\u00e1 como m\u00ednimo de tres aliados extrapartidarios siempre y cuando haya presencia perfecta al momento de la votaci\u00f3n. Uni\u00f3n por la Patria tiene 21 bancas. Los bloques opositores completan los 25 lugares restantes, divididos en seis bancadas diferentes. Si hay alguna ausencia ese n\u00famero necesario ser\u00e1 menor.<\/p>\n<p><em>\u201cEn las dos comisiones que restan tambi\u00e9n tiene mayor\u00eda oficialista, pero vamos seguir insistiendo porque este proyecto no puede salir. Instamos a los senadores del oficialismo que se abstengan de votar afirmativamente. Estos son momentos de preservar el empleo y acompa\u00f1ar a las pymes que representan m\u00e1s del 80% del entramado productivo bonaerense\u201d<\/em>, agreg\u00f3 Kahale tras el avance en comisiones.<\/p>\n<p><em>\u201cTanto las pymes como la producci\u00f3n bonaerenses se encuentran en peligro, por una pat\u00e9tica iniciativa para incrementar de manera astron\u00f3mica a las indemnizaciones en el territorio bonaerense\u201d<\/em>, plante\u00f3 en las \u00faltimas horas el presidente de la Confederaci\u00f3n Econ\u00f3mica de la Provincia de Buenos Aires (CEPBA), Guillermo Siro.<\/p>\n<p>Las distintas entidades hab\u00edan celebrado cuando en el mes de junio reunieron a referentes de todos los bloques no peronistas en el Senado provincial y dieron por cerrada la discusi\u00f3n de que la iniciativa no iba a ir m\u00e1s all\u00e1 de lo que hab\u00eda sido su aprobaci\u00f3n en Diputados. Para el sector empresarial, el proyecto atenta contra la generaci\u00f3n de nuevos puestos de trabajo. Interpretan que la tasa de 6% anual de intereses que corre a partir del inicio del proceso judicial y que se cerrar\u00eda con el fallo en cuesti\u00f3n dejar\u00e1 en jaque al grueso de las Pymes.<\/p>\n<p>Seg\u00fan Maite Alvado, <em>\u201cen la Ciudad se aplica una tasa m\u00e1s beneficiosa y el trabajador, en id\u00e9nticas condiciones, recibe una indemnizaci\u00f3n mayor. Es decir, existe una desigualdad injustificada entre las sentencias que se abonan en Capital respecto de la Provincia. Esta situaci\u00f3n persiste desde hace 20 a\u00f1os y en Capital Federal funciona correctamente sin m\u00e1s inconvenientes. Incluso, actualmente la C\u00e1mara Nacional del Trabajo aplica la f\u00f3rmula que estamos proponiendo\u201d<\/em>.<\/p>\n<p><em>(Infobae)<\/em><\/p>\n","protected":false},"excerpt":{"rendered":"<p>La iniciativa finalmente se aprob\u00f3 en la comisi\u00f3n de Trabajo y Legislaci\u00f3n General del Senado. El texto sigue su curso en comisiones. A priori, Uni\u00f3n [&hellip;]<\/p>\n","protected":false},"author":1,"featured_media":7235,"comment_status":"open","ping_status":"open","sticky":false,"template":"","format":"standard","meta":{"footnotes":""},"categories":[10,12,6],"tags":[],"class_list":["post-7232","post","type-post","status-publish","format-standard","has-post-thumbnail","hentry","category-economia","category-legislativas","category-politica"],"better_featured_image":{"id":7235,"alt_text":"","caption":"","description":"","media_type":"image","media_details":{"width":720,"height":405,"file":"2024\/08\/senado-pba-e1723075425608.jpg","filesize":66487,"sizes":{"medium":{"file":"senado-pba-300x169.jpg","width":300,"height":169,"mime-type":"image\/jpeg","filesize":11771,"source_url":"https:\/\/nuevodigitaldeescobar.com.ar\/wp-content\/uploads\/2024\/08\/senado-pba-300x169.jpg"},"thumbnail":{"file":"senado-pba-150x150.jpg","width":150,"height":150,"mime-type":"image\/jpeg","filesize":6440,"source_url":"https:\/\/nuevodigitaldeescobar.com.ar\/wp-content\/uploads\/2024\/08\/senado-pba-150x150.jpg"}},"image_meta":{"aperture":"0","credit":"","camera":"","caption":"","created_timestamp":"0","copyright":"","focal_length":"0","iso":"0","shutter_speed":"0","title":"","orientation":"0","keywords":[]}},"post":7232,"source_url":"https:\/\/nuevodigitaldeescobar.com.ar\/wp-content\/uploads\/2024\/08\/senado-pba-e1723075425608.jpg"},"yoast_head":"<!-- This site is optimized with the Yoast SEO plugin v26.1.1 - https:\/\/yoast.com\/wordpress\/plugins\/seo\/ -->\n<title>Indemnizaciones: el peronismo bonaerense avanz\u00f3 con el proyecto que actualiza los montos - Nuevo Digital de Escobar<\/title>\n<meta name=\"robots\" content=\"index, follow, max-snippet:-1, max-image-preview:large, max-video-preview:-1\" \/>\n<link rel=\"canonical\" href=\"https:\/\/nuevodigitaldeescobar.com.ar\/?p=7232\" \/>\n<meta property=\"og:locale\" content=\"es_ES\" \/>\n<meta property=\"og:type\" content=\"article\" \/>\n<meta property=\"og:title\" content=\"Indemnizaciones: el peronismo bonaerense avanz\u00f3 con el proyecto que actualiza los montos - Nuevo Digital de Escobar\" \/>\n<meta property=\"og:description\" content=\"La iniciativa finalmente se aprob\u00f3 en la comisi\u00f3n de Trabajo y Legislaci\u00f3n General del Senado. El texto sigue su curso en comisiones. A priori, Uni\u00f3n [&hellip;]\" \/>\n<meta property=\"og:url\" content=\"https:\/\/nuevodigitaldeescobar.com.ar\/?p=7232\" \/>\n<meta property=\"og:site_name\" content=\"Nuevo Digital de Escobar\" \/>\n<meta property=\"article:publisher\" content=\"https:\/\/www.facebook.com\/NUEVODigitalDeEscobar\" \/>\n<meta property=\"article:published_time\" content=\"2024-08-08T00:04:08+00:00\" \/>\n<meta property=\"article:modified_time\" content=\"2024-08-08T00:04:16+00:00\" \/>\n<meta property=\"og:image\" content=\"https:\/\/nuevodigitaldeescobar.com.ar\/wp-content\/uploads\/2024\/08\/senado-pba-e1723075425608.jpg\" \/>\n\t<meta property=\"og:image:width\" content=\"720\" \/>\n\t<meta property=\"og:image:height\" content=\"405\" \/>\n\t<meta property=\"og:image:type\" content=\"image\/jpeg\" \/>\n<meta name=\"author\" content=\"Redacci\u00f3n\" \/>\n<meta name=\"twitter:card\" content=\"summary_large_image\" \/>\n<meta name=\"twitter:creator\" content=\"@nuevodigescobar\" \/>\n<meta name=\"twitter:site\" content=\"@nuevodigescobar\" \/>\n<meta name=\"twitter:label1\" content=\"Escrito por\" \/>\n\t<meta name=\"twitter:data1\" content=\"Redacci\u00f3n\" \/>\n\t<meta name=\"twitter:label2\" content=\"Tiempo de lectura\" \/>\n\t<meta name=\"twitter:data2\" content=\"7 minutos\" \/>\n<script type=\"application\/ld+json\" class=\"yoast-schema-graph\">{\"@context\":\"https:\/\/schema.org\",\"@graph\":[{\"@type\":\"Article\",\"@id\":\"https:\/\/nuevodigitaldeescobar.com.ar\/?p=7232#article\",\"isPartOf\":{\"@id\":\"https:\/\/nuevodigitaldeescobar.com.ar\/?p=7232\"},\"author\":{\"name\":\"Redacci\u00f3n\",\"@id\":\"https:\/\/nuevodigitaldeescobar.com.ar\/#\/schema\/person\/035e90a8efe9a80e6eec22656ad6ea4c\"},\"headline\":\"Indemnizaciones: el peronismo bonaerense avanz\u00f3 con el proyecto que actualiza los montos\",\"datePublished\":\"2024-08-08T00:04:08+00:00\",\"dateModified\":\"2024-08-08T00:04:16+00:00\",\"mainEntityOfPage\":{\"@id\":\"https:\/\/nuevodigitaldeescobar.com.ar\/?p=7232\"},\"wordCount\":1417,\"commentCount\":0,\"publisher\":{\"@id\":\"https:\/\/nuevodigitaldeescobar.com.ar\/#organization\"},\"image\":{\"@id\":\"https:\/\/nuevodigitaldeescobar.com.ar\/?p=7232#primaryimage\"},\"thumbnailUrl\":\"https:\/\/nuevodigitaldeescobar.com.ar\/wp-content\/uploads\/2024\/08\/senado-pba-e1723075425608.jpg\",\"articleSection\":[\"Econom\u00eda\",\"Legislativas\",\"Pol\u00edtica\"],\"inLanguage\":\"es\",\"potentialAction\":[{\"@type\":\"CommentAction\",\"name\":\"Comment\",\"target\":[\"https:\/\/nuevodigitaldeescobar.com.ar\/?p=7232#respond\"]}]},{\"@type\":\"WebPage\",\"@id\":\"https:\/\/nuevodigitaldeescobar.com.ar\/?p=7232\",\"url\":\"https:\/\/nuevodigitaldeescobar.com.ar\/?p=7232\",\"name\":\"Indemnizaciones: el peronismo bonaerense avanz\u00f3 con el proyecto que actualiza los montos - Nuevo Digital de Escobar\",\"isPartOf\":{\"@id\":\"https:\/\/nuevodigitaldeescobar.com.ar\/#website\"},\"primaryImageOfPage\":{\"@id\":\"https:\/\/nuevodigitaldeescobar.com.ar\/?p=7232#primaryimage\"},\"image\":{\"@id\":\"https:\/\/nuevodigitaldeescobar.com.ar\/?p=7232#primaryimage\"},\"thumbnailUrl\":\"https:\/\/nuevodigitaldeescobar.com.ar\/wp-content\/uploads\/2024\/08\/senado-pba-e1723075425608.jpg\",\"datePublished\":\"2024-08-08T00:04:08+00:00\",\"dateModified\":\"2024-08-08T00:04:16+00:00\",\"breadcrumb\":{\"@id\":\"https:\/\/nuevodigitaldeescobar.com.ar\/?p=7232#breadcrumb\"},\"inLanguage\":\"es\",\"potentialAction\":[{\"@type\":\"ReadAction\",\"target\":[\"https:\/\/nuevodigitaldeescobar.com.ar\/?p=7232\"]}]},{\"@type\":\"ImageObject\",\"inLanguage\":\"es\",\"@id\":\"https:\/\/nuevodigitaldeescobar.com.ar\/?p=7232#primaryimage\",\"url\":\"https:\/\/nuevodigitaldeescobar.com.ar\/wp-content\/uploads\/2024\/08\/senado-pba-e1723075425608.jpg\",\"contentUrl\":\"https:\/\/nuevodigitaldeescobar.com.ar\/wp-content\/uploads\/2024\/08\/senado-pba-e1723075425608.jpg\",\"width\":720,\"height\":405},{\"@type\":\"BreadcrumbList\",\"@id\":\"https:\/\/nuevodigitaldeescobar.com.ar\/?p=7232#breadcrumb\",\"itemListElement\":[{\"@type\":\"ListItem\",\"position\":1,\"name\":\"Portada\",\"item\":\"https:\/\/nuevodigitaldeescobar.com.ar\/\"},{\"@type\":\"ListItem\",\"position\":2,\"name\":\"Indemnizaciones: el peronismo bonaerense avanz\u00f3 con el proyecto que actualiza los montos\"}]},{\"@type\":\"WebSite\",\"@id\":\"https:\/\/nuevodigitaldeescobar.com.ar\/#website\",\"url\":\"https:\/\/nuevodigitaldeescobar.com.ar\/\",\"name\":\"Nuevo Digital de Escobar\",\"description\":\"La vida escobarense. Directora: Rosana Brunner\",\"publisher\":{\"@id\":\"https:\/\/nuevodigitaldeescobar.com.ar\/#organization\"},\"potentialAction\":[{\"@type\":\"SearchAction\",\"target\":{\"@type\":\"EntryPoint\",\"urlTemplate\":\"https:\/\/nuevodigitaldeescobar.com.ar\/?s={search_term_string}\"},\"query-input\":{\"@type\":\"PropertyValueSpecification\",\"valueRequired\":true,\"valueName\":\"search_term_string\"}}],\"inLanguage\":\"es\"},{\"@type\":\"Organization\",\"@id\":\"https:\/\/nuevodigitaldeescobar.com.ar\/#organization\",\"name\":\"Nuevo Digital de Escobar\",\"url\":\"https:\/\/nuevodigitaldeescobar.com.ar\/\",\"logo\":{\"@type\":\"ImageObject\",\"inLanguage\":\"es\",\"@id\":\"https:\/\/nuevodigitaldeescobar.com.ar\/#\/schema\/logo\/image\/\",\"url\":\"https:\/\/nuevodigitaldeescobar.com.ar\/wp-content\/uploads\/2025\/05\/cropped-logo-nuevo2.jpg\",\"contentUrl\":\"https:\/\/nuevodigitaldeescobar.com.ar\/wp-content\/uploads\/2025\/05\/cropped-logo-nuevo2.jpg\",\"width\":305,\"height\":305,\"caption\":\"Nuevo Digital de Escobar\"},\"image\":{\"@id\":\"https:\/\/nuevodigitaldeescobar.com.ar\/#\/schema\/logo\/image\/\"},\"sameAs\":[\"https:\/\/www.facebook.com\/NUEVODigitalDeEscobar\",\"https:\/\/x.com\/nuevodigescobar\",\"https:\/\/www.instagram.com\/nuevodigitaldeescobar\"]},{\"@type\":\"Person\",\"@id\":\"https:\/\/nuevodigitaldeescobar.com.ar\/#\/schema\/person\/035e90a8efe9a80e6eec22656ad6ea4c\",\"name\":\"Redacci\u00f3n\",\"image\":{\"@type\":\"ImageObject\",\"inLanguage\":\"es\",\"@id\":\"https:\/\/nuevodigitaldeescobar.com.ar\/#\/schema\/person\/image\/\",\"url\":\"https:\/\/secure.gravatar.com\/avatar\/8af8f40000c24e9eef3034f2be5998a372bb1389e64b1a4a36b3a7979142220d?s=96&d=mm&r=g\",\"contentUrl\":\"https:\/\/secure.gravatar.com\/avatar\/8af8f40000c24e9eef3034f2be5998a372bb1389e64b1a4a36b3a7979142220d?s=96&d=mm&r=g\",\"caption\":\"Redacci\u00f3n\"},\"sameAs\":[\"http:\/\/nuevodigitaldeescobar.com.ar\"],\"url\":\"https:\/\/nuevodigitaldeescobar.com.ar\/?author=1\"}]}<\/script>\n<!-- \/ Yoast SEO plugin. -->","yoast_head_json":{"title":"Indemnizaciones: el peronismo bonaerense avanz\u00f3 con el proyecto que actualiza los montos - Nuevo Digital de Escobar","robots":{"index":"index","follow":"follow","max-snippet":"max-snippet:-1","max-image-preview":"max-image-preview:large","max-video-preview":"max-video-preview:-1"},"canonical":"https:\/\/nuevodigitaldeescobar.com.ar\/?p=7232","og_locale":"es_ES","og_type":"article","og_title":"Indemnizaciones: el peronismo bonaerense avanz\u00f3 con el proyecto que actualiza los montos - Nuevo Digital de Escobar","og_description":"La iniciativa finalmente se aprob\u00f3 en la comisi\u00f3n de Trabajo y Legislaci\u00f3n General del Senado. El texto sigue su curso en comisiones. A priori, Uni\u00f3n [&hellip;]","og_url":"https:\/\/nuevodigitaldeescobar.com.ar\/?p=7232","og_site_name":"Nuevo Digital de Escobar","article_publisher":"https:\/\/www.facebook.com\/NUEVODigitalDeEscobar","article_published_time":"2024-08-08T00:04:08+00:00","article_modified_time":"2024-08-08T00:04:16+00:00","og_image":[{"width":720,"height":405,"url":"https:\/\/nuevodigitaldeescobar.com.ar\/wp-content\/uploads\/2024\/08\/senado-pba-e1723075425608.jpg","type":"image\/jpeg"}],"author":"Redacci\u00f3n","twitter_card":"summary_large_image","twitter_creator":"@nuevodigescobar","twitter_site":"@nuevodigescobar","twitter_misc":{"Escrito por":"Redacci\u00f3n","Tiempo de lectura":"7 minutos"},"schema":{"@context":"https:\/\/schema.org","@graph":[{"@type":"Article","@id":"https:\/\/nuevodigitaldeescobar.com.ar\/?p=7232#article","isPartOf":{"@id":"https:\/\/nuevodigitaldeescobar.com.ar\/?p=7232"},"author":{"name":"Redacci\u00f3n","@id":"https:\/\/nuevodigitaldeescobar.com.ar\/#\/schema\/person\/035e90a8efe9a80e6eec22656ad6ea4c"},"headline":"Indemnizaciones: el peronismo bonaerense avanz\u00f3 con el proyecto que actualiza los montos","datePublished":"2024-08-08T00:04:08+00:00","dateModified":"2024-08-08T00:04:16+00:00","mainEntityOfPage":{"@id":"https:\/\/nuevodigitaldeescobar.com.ar\/?p=7232"},"wordCount":1417,"commentCount":0,"publisher":{"@id":"https:\/\/nuevodigitaldeescobar.com.ar\/#organization"},"image":{"@id":"https:\/\/nuevodigitaldeescobar.com.ar\/?p=7232#primaryimage"},"thumbnailUrl":"https:\/\/nuevodigitaldeescobar.com.ar\/wp-content\/uploads\/2024\/08\/senado-pba-e1723075425608.jpg","articleSection":["Econom\u00eda","Legislativas","Pol\u00edtica"],"inLanguage":"es","potentialAction":[{"@type":"CommentAction","name":"Comment","target":["https:\/\/nuevodigitaldeescobar.com.ar\/?p=7232#respond"]}]},{"@type":"WebPage","@id":"https:\/\/nuevodigitaldeescobar.com.ar\/?p=7232","url":"https:\/\/nuevodigitaldeescobar.com.ar\/?p=7232","name":"Indemnizaciones: el peronismo bonaerense avanz\u00f3 con el proyecto que actualiza los montos - Nuevo Digital de Escobar","isPartOf":{"@id":"https:\/\/nuevodigitaldeescobar.com.ar\/#website"},"primaryImageOfPage":{"@id":"https:\/\/nuevodigitaldeescobar.com.ar\/?p=7232#primaryimage"},"image":{"@id":"https:\/\/nuevodigitaldeescobar.com.ar\/?p=7232#primaryimage"},"thumbnailUrl":"https:\/\/nuevodigitaldeescobar.com.ar\/wp-content\/uploads\/2024\/08\/senado-pba-e1723075425608.jpg","datePublished":"2024-08-08T00:04:08+00:00","dateModified":"2024-08-08T00:04:16+00:00","breadcrumb":{"@id":"https:\/\/nuevodigitaldeescobar.com.ar\/?p=7232#breadcrumb"},"inLanguage":"es","potentialAction":[{"@type":"ReadAction","target":["https:\/\/nuevodigitaldeescobar.com.ar\/?p=7232"]}]},{"@type":"ImageObject","inLanguage":"es","@id":"https:\/\/nuevodigitaldeescobar.com.ar\/?p=7232#primaryimage","url":"https:\/\/nuevodigitaldeescobar.com.ar\/wp-content\/uploads\/2024\/08\/senado-pba-e1723075425608.jpg","contentUrl":"https:\/\/nuevodigitaldeescobar.com.ar\/wp-content\/uploads\/2024\/08\/senado-pba-e1723075425608.jpg","width":720,"height":405},{"@type":"BreadcrumbList","@id":"https:\/\/nuevodigitaldeescobar.com.ar\/?p=7232#breadcrumb","itemListElement":[{"@type":"ListItem","position":1,"name":"Portada","item":"https:\/\/nuevodigitaldeescobar.com.ar\/"},{"@type":"ListItem","position":2,"name":"Indemnizaciones: el peronismo bonaerense avanz\u00f3 con el proyecto que actualiza los montos"}]},{"@type":"WebSite","@id":"https:\/\/nuevodigitaldeescobar.com.ar\/#website","url":"https:\/\/nuevodigitaldeescobar.com.ar\/","name":"Nuevo Digital de Escobar","description":"La vida escobarense. Directora: Rosana Brunner","publisher":{"@id":"https:\/\/nuevodigitaldeescobar.com.ar\/#organization"},"potentialAction":[{"@type":"SearchAction","target":{"@type":"EntryPoint","urlTemplate":"https:\/\/nuevodigitaldeescobar.com.ar\/?s={search_term_string}"},"query-input":{"@type":"PropertyValueSpecification","valueRequired":true,"valueName":"search_term_string"}}],"inLanguage":"es"},{"@type":"Organization","@id":"https:\/\/nuevodigitaldeescobar.com.ar\/#organization","name":"Nuevo Digital de Escobar","url":"https:\/\/nuevodigitaldeescobar.com.ar\/","logo":{"@type":"ImageObject","inLanguage":"es","@id":"https:\/\/nuevodigitaldeescobar.com.ar\/#\/schema\/logo\/image\/","url":"https:\/\/nuevodigitaldeescobar.com.ar\/wp-content\/uploads\/2025\/05\/cropped-logo-nuevo2.jpg","contentUrl":"https:\/\/nuevodigitaldeescobar.com.ar\/wp-content\/uploads\/2025\/05\/cropped-logo-nuevo2.jpg","width":305,"height":305,"caption":"Nuevo Digital de Escobar"},"image":{"@id":"https:\/\/nuevodigitaldeescobar.com.ar\/#\/schema\/logo\/image\/"},"sameAs":["https:\/\/www.facebook.com\/NUEVODigitalDeEscobar","https:\/\/x.com\/nuevodigescobar","https:\/\/www.instagram.com\/nuevodigitaldeescobar"]},{"@type":"Person","@id":"https:\/\/nuevodigitaldeescobar.com.ar\/#\/schema\/person\/035e90a8efe9a80e6eec22656ad6ea4c","name":"Redacci\u00f3n","image":{"@type":"ImageObject","inLanguage":"es","@id":"https:\/\/nuevodigitaldeescobar.com.ar\/#\/schema\/person\/image\/","url":"https:\/\/secure.gravatar.com\/avatar\/8af8f40000c24e9eef3034f2be5998a372bb1389e64b1a4a36b3a7979142220d?s=96&d=mm&r=g","contentUrl":"https:\/\/secure.gravatar.com\/avatar\/8af8f40000c24e9eef3034f2be5998a372bb1389e64b1a4a36b3a7979142220d?s=96&d=mm&r=g","caption":"Redacci\u00f3n"},"sameAs":["http:\/\/nuevodigitaldeescobar.com.ar"],"url":"https:\/\/nuevodigitaldeescobar.com.ar\/?author=1"}]}},"featured_image_urls":{"full":["https:\/\/nuevodigitaldeescobar.com.ar\/wp-content\/uploads\/2024\/08\/senado-pba-e1723075425608.jpg",720,405,false],"thumbnail":["https:\/\/nuevodigitaldeescobar.com.ar\/wp-content\/uploads\/2024\/08\/senado-pba-150x150.jpg",150,150,true],"medium":["https:\/\/nuevodigitaldeescobar.com.ar\/wp-content\/uploads\/2024\/08\/senado-pba-300x169.jpg",300,169,true],"medium_large":["https:\/\/nuevodigitaldeescobar.com.ar\/wp-content\/uploads\/2024\/08\/senado-pba-e1723075425608.jpg",640,360,false],"large":["https:\/\/nuevodigitaldeescobar.com.ar\/wp-content\/uploads\/2024\/08\/senado-pba-e1723075425608.jpg",640,360,false],"1536x1536":["https:\/\/nuevodigitaldeescobar.com.ar\/wp-content\/uploads\/2024\/08\/senado-pba-e1723075425608.jpg",720,405,false],"2048x2048":["https:\/\/nuevodigitaldeescobar.com.ar\/wp-content\/uploads\/2024\/08\/senado-pba-e1723075425608.jpg",720,405,false]},"author_info":{"display_name":"Redacci\u00f3n","author_link":"https:\/\/nuevodigitaldeescobar.com.ar\/?author=1"},"category_info":"<a href=\"https:\/\/nuevodigitaldeescobar.com.ar\/?cat=10\" rel=\"category\">Econom\u00eda<\/a> <a href=\"https:\/\/nuevodigitaldeescobar.com.ar\/?cat=12\" rel=\"category\">Legislativas<\/a> <a href=\"https:\/\/nuevodigitaldeescobar.com.ar\/?cat=6\" rel=\"category\">Pol\u00edtica<\/a>","tag_info":"Pol\u00edtica","comment_count":"0","_links":{"self":[{"href":"https:\/\/nuevodigitaldeescobar.com.ar\/index.php?rest_route=\/wp\/v2\/posts\/7232","targetHints":{"allow":["GET"]}}],"collection":[{"href":"https:\/\/nuevodigitaldeescobar.com.ar\/index.php?rest_route=\/wp\/v2\/posts"}],"about":[{"href":"https:\/\/nuevodigitaldeescobar.com.ar\/index.php?rest_route=\/wp\/v2\/types\/post"}],"author":[{"embeddable":true,"href":"https:\/\/nuevodigitaldeescobar.com.ar\/index.php?rest_route=\/wp\/v2\/users\/1"}],"replies":[{"embeddable":true,"href":"https:\/\/nuevodigitaldeescobar.com.ar\/index.php?rest_route=%2Fwp%2Fv2%2Fcomments&post=7232"}],"version-history":[{"count":1,"href":"https:\/\/nuevodigitaldeescobar.com.ar\/index.php?rest_route=\/wp\/v2\/posts\/7232\/revisions"}],"predecessor-version":[{"id":7236,"href":"https:\/\/nuevodigitaldeescobar.com.ar\/index.php?rest_route=\/wp\/v2\/posts\/7232\/revisions\/7236"}],"wp:featuredmedia":[{"embeddable":true,"href":"https:\/\/nuevodigitaldeescobar.com.ar\/index.php?rest_route=\/wp\/v2\/media\/7235"}],"wp:attachment":[{"href":"https:\/\/nuevodigitaldeescobar.com.ar\/index.php?rest_route=%2Fwp%2Fv2%2Fmedia&parent=7232"}],"wp:term":[{"taxonomy":"category","embeddable":true,"href":"https:\/\/nuevodigitaldeescobar.com.ar\/index.php?rest_route=%2Fwp%2Fv2%2Fcategories&post=7232"},{"taxonomy":"post_tag","embeddable":true,"href":"https:\/\/nuevodigitaldeescobar.com.ar\/index.php?rest_route=%2Fwp%2Fv2%2Ftags&post=7232"}],"curies":[{"name":"wp","href":"https:\/\/api.w.org\/{rel}","templated":true}]}}