{"id":7325,"date":"2024-08-13T07:46:00","date_gmt":"2024-08-13T10:46:00","guid":{"rendered":"https:\/\/nuevodigitaldeescobar.com.ar\/?p=7325"},"modified":"2024-08-13T10:48:51","modified_gmt":"2024-08-13T13:48:51","slug":"diputados-presentaron-un-proyecto-para-quitarle-la-custodia-y-la-jubilacion-de-privilegio-a-alberto-fernandez","status":"publish","type":"post","link":"https:\/\/nuevodigitaldeescobar.com.ar\/?p=7325","title":{"rendered":"Diputados presentaron un proyecto para quitarle la custodia y la jubilaci\u00f3n de privilegio a Alberto Fern\u00e1ndez"},"content":{"rendered":"<p><span style=\"color: #003366;\"><strong><em>Luego de la denuncia por violencia de g\u00e9nero de Fabiola Y\u00e1\u00f1ez contra el expresidente Alberto Fern\u00e1ndez, el bloque de Diputados de Propuesta Republicana (PRO) realiz\u00f3 la presentaci\u00f3n de una iniciativa que apunta quitarle la pensi\u00f3n de privilegio a los dirigentes condenados por delitos cometidos durante el ejercicio de su mandato.<\/em><\/strong><\/span><\/p>\n<p><!--more--><\/p>\n<hr \/>\n<p>Adem\u00e1s, el proyecto prev\u00e9 la inhabilitaci\u00f3n de por vida para desempe\u00f1ar cargos p\u00fablicos a quienes hayan sido encontrado culpables de cometer violencia de g\u00e9nero o delitos sexuales durante el ejercicio de sus funciones.<\/p>\n<p>En este sentido, la diputada nacional Silvana Giudici se\u00f1al\u00f3: <em>\u201cAlberto Fern\u00e1ndez degrad\u00f3 la investidura presidencial y a todo el pueblo argentino. Por eso presentamos este proyecto, para quitarle los privilegios a los que ha accedido por haber ocupado un cargo que a todas luces mancill\u00f3\u201d<\/em>.<\/p>\n<p>Y agreg\u00f3: \u201cNo tienen por qu\u00e9 los argentinos seguir pag\u00e1ndole una pensi\u00f3n de privilegio a una persona que adem\u00e1s de ser un violento golpeador pone a la Argentina en un lugar de verg\u00fcenza y humillaci\u00f3n frente al mundo. Merece todo nuestro repudio, pero tambi\u00e9n la acci\u00f3n inmediata del Congreso a fin de quitarle todos los beneficios que a\u00fan pudiera retener\u201d.<\/p>\n<p>Por otro lado, se busca suspender la custodia para estos mismos casos. De aprobarse, estas modificaciones podr\u00edan afectar tanto a Fern\u00e1ndez como a su excompa\u00f1era de f\u00f3rmula, Cristina Kirchner.<\/p>\n<p>El proyecto lleva la firma de los legisladores de Pro Silvana Giudici, Hern\u00e1n Lombardi, Sabrina Ajmechet, Karina Bachey, Jos\u00e9 Nu\u00f1ez, Ram\u00f3n Bianchetti, Florencia De Sensi, y Patricia Vasquez, entre otros.<\/p>\n<h3><span style=\"color: #003366;\">La Jubilaci\u00f3n de privilegio<\/span><\/h3>\n<p>Recordemos que, en abril pasado, la ANSES aprob\u00f3 el tr\u00e1mite que inici\u00f3 en diciembre pasado Fern\u00e1ndez para percibir su asignaci\u00f3n vitalicia de expresidente. El tr\u00e1mite de los haberes que cobrar\u00e1 el exmandatario fue aprobado en tan solo dos meses y el valor neto a recibir rondaba, en abril, los 7 millones de pesos. Adem\u00e1s, Fern\u00e1ndez logr\u00f3 que lo autorizaran a cobrar de manera retroactiva los haberes jubilatorios de enero y febrero.<\/p>\n<p>Asimismo, la ley establece que el monto a percibir por los expresidentes equivaldr\u00e1 a la remuneraci\u00f3n de los jueces y las juezas de la Corte Suprema de Justicia de la Naci\u00f3n y que a los vicepresidentes les corresponder\u00e1 el 75% de dichos montos. Para la actualizaci\u00f3n de los montos se siguen las pautas de lo que ocurre con los ingresos de jueces supremos.<\/p>\n<p><em>(#BorderPeriodismo)<\/em><\/p>\n","protected":false},"excerpt":{"rendered":"<p>Luego de la denuncia por violencia de g\u00e9nero de Fabiola Y\u00e1\u00f1ez contra el expresidente Alberto Fern\u00e1ndez, el bloque de Diputados de Propuesta Republicana (PRO) realiz\u00f3 [&hellip;]<\/p>\n","protected":false},"author":1,"featured_media":7326,"comment_status":"open","ping_status":"open","sticky":false,"template":"","format":"standard","meta":{"footnotes":""},"categories":[12,6],"tags":[],"class_list":["post-7325","post","type-post","status-publish","format-standard","has-post-thumbnail","hentry","category-legislativas","category-politica"],"better_featured_image":{"id":7326,"alt_text":"","caption":"","description":"","media_type":"image","media_details":{"width":762,"height":505,"file":"2024\/08\/fernandez-1-e1723556913779.jpg","filesize":62139,"sizes":{"medium":{"file":"fernandez-1-e1723556913779-300x199.jpg","width":300,"height":199,"mime-type":"image\/jpeg","filesize":9329,"source_url":"https:\/\/nuevodigitaldeescobar.com.ar\/wp-content\/uploads\/2024\/08\/fernandez-1-e1723556913779-300x199.jpg"},"thumbnail":{"file":"fernandez-1-e1723556913779-150x150.jpg","width":150,"height":150,"mime-type":"image\/jpeg","filesize":4220,"source_url":"https:\/\/nuevodigitaldeescobar.com.ar\/wp-content\/uploads\/2024\/08\/fernandez-1-e1723556913779-150x150.jpg"},"medium_large":{"file":"fernandez-1-768x576.jpg","width":768,"height":576,"mime-type":"image\/jpeg","filesize":43852,"source_url":"https:\/\/nuevodigitaldeescobar.com.ar\/wp-content\/uploads\/2024\/08\/fernandez-1-768x576.jpg"}},"image_meta":{"aperture":"0","credit":"","camera":"","caption":"","created_timestamp":"0","copyright":"","focal_length":"0","iso":"0","shutter_speed":"0","title":"","orientation":"0","keywords":[]}},"post":7325,"source_url":"https:\/\/nuevodigitaldeescobar.com.ar\/wp-content\/uploads\/2024\/08\/fernandez-1-e1723556913779.jpg"},"yoast_head":"<!-- This site is optimized with the Yoast SEO plugin v26.1.1 - https:\/\/yoast.com\/wordpress\/plugins\/seo\/ -->\n<title>Diputados presentaron un proyecto para quitarle la custodia y la jubilaci\u00f3n de privilegio a Alberto Fern\u00e1ndez - Nuevo Digital de Escobar<\/title>\n<meta name=\"robots\" content=\"index, follow, max-snippet:-1, max-image-preview:large, max-video-preview:-1\" \/>\n<link rel=\"canonical\" href=\"https:\/\/nuevodigitaldeescobar.com.ar\/?p=7325\" \/>\n<meta property=\"og:locale\" content=\"es_ES\" \/>\n<meta property=\"og:type\" content=\"article\" \/>\n<meta property=\"og:title\" content=\"Diputados presentaron un proyecto para quitarle la custodia y la jubilaci\u00f3n de privilegio a Alberto Fern\u00e1ndez - Nuevo Digital de Escobar\" \/>\n<meta property=\"og:description\" content=\"Luego de la denuncia por violencia de g\u00e9nero de Fabiola Y\u00e1\u00f1ez contra el expresidente Alberto Fern\u00e1ndez, el bloque de Diputados de Propuesta Republicana (PRO) realiz\u00f3 [&hellip;]\" \/>\n<meta property=\"og:url\" content=\"https:\/\/nuevodigitaldeescobar.com.ar\/?p=7325\" \/>\n<meta property=\"og:site_name\" content=\"Nuevo Digital de Escobar\" \/>\n<meta property=\"article:publisher\" content=\"https:\/\/www.facebook.com\/NUEVODigitalDeEscobar\" \/>\n<meta property=\"article:published_time\" content=\"2024-08-13T10:46:00+00:00\" \/>\n<meta property=\"article:modified_time\" content=\"2024-08-13T13:48:51+00:00\" \/>\n<meta property=\"og:image\" content=\"https:\/\/nuevodigitaldeescobar.com.ar\/wp-content\/uploads\/2024\/08\/fernandez-1-e1723556913779.jpg\" \/>\n\t<meta property=\"og:image:width\" content=\"762\" \/>\n\t<meta property=\"og:image:height\" content=\"505\" \/>\n\t<meta property=\"og:image:type\" content=\"image\/jpeg\" \/>\n<meta name=\"author\" content=\"Redacci\u00f3n\" \/>\n<meta name=\"twitter:card\" content=\"summary_large_image\" \/>\n<meta name=\"twitter:creator\" content=\"@nuevodigescobar\" \/>\n<meta name=\"twitter:site\" content=\"@nuevodigescobar\" \/>\n<meta name=\"twitter:label1\" content=\"Escrito por\" \/>\n\t<meta name=\"twitter:data1\" content=\"Redacci\u00f3n\" \/>\n\t<meta name=\"twitter:label2\" content=\"Tiempo de lectura\" \/>\n\t<meta name=\"twitter:data2\" content=\"2 minutos\" \/>\n<script type=\"application\/ld+json\" class=\"yoast-schema-graph\">{\"@context\":\"https:\/\/schema.org\",\"@graph\":[{\"@type\":\"Article\",\"@id\":\"https:\/\/nuevodigitaldeescobar.com.ar\/?p=7325#article\",\"isPartOf\":{\"@id\":\"https:\/\/nuevodigitaldeescobar.com.ar\/?p=7325\"},\"author\":{\"name\":\"Redacci\u00f3n\",\"@id\":\"https:\/\/nuevodigitaldeescobar.com.ar\/#\/schema\/person\/035e90a8efe9a80e6eec22656ad6ea4c\"},\"headline\":\"Diputados presentaron un proyecto para quitarle la custodia y la jubilaci\u00f3n de privilegio a Alberto Fern\u00e1ndez\",\"datePublished\":\"2024-08-13T10:46:00+00:00\",\"dateModified\":\"2024-08-13T13:48:51+00:00\",\"mainEntityOfPage\":{\"@id\":\"https:\/\/nuevodigitaldeescobar.com.ar\/?p=7325\"},\"wordCount\":439,\"commentCount\":0,\"publisher\":{\"@id\":\"https:\/\/nuevodigitaldeescobar.com.ar\/#organization\"},\"image\":{\"@id\":\"https:\/\/nuevodigitaldeescobar.com.ar\/?p=7325#primaryimage\"},\"thumbnailUrl\":\"https:\/\/nuevodigitaldeescobar.com.ar\/wp-content\/uploads\/2024\/08\/fernandez-1-e1723556913779.jpg\",\"articleSection\":[\"Legislativas\",\"Pol\u00edtica\"],\"inLanguage\":\"es\",\"potentialAction\":[{\"@type\":\"CommentAction\",\"name\":\"Comment\",\"target\":[\"https:\/\/nuevodigitaldeescobar.com.ar\/?p=7325#respond\"]}]},{\"@type\":\"WebPage\",\"@id\":\"https:\/\/nuevodigitaldeescobar.com.ar\/?p=7325\",\"url\":\"https:\/\/nuevodigitaldeescobar.com.ar\/?p=7325\",\"name\":\"Diputados presentaron un proyecto para quitarle la custodia y la jubilaci\u00f3n de privilegio a Alberto Fern\u00e1ndez - Nuevo Digital de Escobar\",\"isPartOf\":{\"@id\":\"https:\/\/nuevodigitaldeescobar.com.ar\/#website\"},\"primaryImageOfPage\":{\"@id\":\"https:\/\/nuevodigitaldeescobar.com.ar\/?p=7325#primaryimage\"},\"image\":{\"@id\":\"https:\/\/nuevodigitaldeescobar.com.ar\/?p=7325#primaryimage\"},\"thumbnailUrl\":\"https:\/\/nuevodigitaldeescobar.com.ar\/wp-content\/uploads\/2024\/08\/fernandez-1-e1723556913779.jpg\",\"datePublished\":\"2024-08-13T10:46:00+00:00\",\"dateModified\":\"2024-08-13T13:48:51+00:00\",\"breadcrumb\":{\"@id\":\"https:\/\/nuevodigitaldeescobar.com.ar\/?p=7325#breadcrumb\"},\"inLanguage\":\"es\",\"potentialAction\":[{\"@type\":\"ReadAction\",\"target\":[\"https:\/\/nuevodigitaldeescobar.com.ar\/?p=7325\"]}]},{\"@type\":\"ImageObject\",\"inLanguage\":\"es\",\"@id\":\"https:\/\/nuevodigitaldeescobar.com.ar\/?p=7325#primaryimage\",\"url\":\"https:\/\/nuevodigitaldeescobar.com.ar\/wp-content\/uploads\/2024\/08\/fernandez-1-e1723556913779.jpg\",\"contentUrl\":\"https:\/\/nuevodigitaldeescobar.com.ar\/wp-content\/uploads\/2024\/08\/fernandez-1-e1723556913779.jpg\",\"width\":762,\"height\":505},{\"@type\":\"BreadcrumbList\",\"@id\":\"https:\/\/nuevodigitaldeescobar.com.ar\/?p=7325#breadcrumb\",\"itemListElement\":[{\"@type\":\"ListItem\",\"position\":1,\"name\":\"Portada\",\"item\":\"https:\/\/nuevodigitaldeescobar.com.ar\/\"},{\"@type\":\"ListItem\",\"position\":2,\"name\":\"Diputados presentaron un proyecto para quitarle la custodia y la jubilaci\u00f3n de privilegio a Alberto Fern\u00e1ndez\"}]},{\"@type\":\"WebSite\",\"@id\":\"https:\/\/nuevodigitaldeescobar.com.ar\/#website\",\"url\":\"https:\/\/nuevodigitaldeescobar.com.ar\/\",\"name\":\"Nuevo Digital de Escobar\",\"description\":\"La vida escobarense. Directora: Rosana Brunner\",\"publisher\":{\"@id\":\"https:\/\/nuevodigitaldeescobar.com.ar\/#organization\"},\"potentialAction\":[{\"@type\":\"SearchAction\",\"target\":{\"@type\":\"EntryPoint\",\"urlTemplate\":\"https:\/\/nuevodigitaldeescobar.com.ar\/?s={search_term_string}\"},\"query-input\":{\"@type\":\"PropertyValueSpecification\",\"valueRequired\":true,\"valueName\":\"search_term_string\"}}],\"inLanguage\":\"es\"},{\"@type\":\"Organization\",\"@id\":\"https:\/\/nuevodigitaldeescobar.com.ar\/#organization\",\"name\":\"Nuevo Digital de Escobar\",\"url\":\"https:\/\/nuevodigitaldeescobar.com.ar\/\",\"logo\":{\"@type\":\"ImageObject\",\"inLanguage\":\"es\",\"@id\":\"https:\/\/nuevodigitaldeescobar.com.ar\/#\/schema\/logo\/image\/\",\"url\":\"https:\/\/nuevodigitaldeescobar.com.ar\/wp-content\/uploads\/2025\/05\/cropped-logo-nuevo2.jpg\",\"contentUrl\":\"https:\/\/nuevodigitaldeescobar.com.ar\/wp-content\/uploads\/2025\/05\/cropped-logo-nuevo2.jpg\",\"width\":305,\"height\":305,\"caption\":\"Nuevo Digital de Escobar\"},\"image\":{\"@id\":\"https:\/\/nuevodigitaldeescobar.com.ar\/#\/schema\/logo\/image\/\"},\"sameAs\":[\"https:\/\/www.facebook.com\/NUEVODigitalDeEscobar\",\"https:\/\/x.com\/nuevodigescobar\",\"https:\/\/www.instagram.com\/nuevodigitaldeescobar\"]},{\"@type\":\"Person\",\"@id\":\"https:\/\/nuevodigitaldeescobar.com.ar\/#\/schema\/person\/035e90a8efe9a80e6eec22656ad6ea4c\",\"name\":\"Redacci\u00f3n\",\"image\":{\"@type\":\"ImageObject\",\"inLanguage\":\"es\",\"@id\":\"https:\/\/nuevodigitaldeescobar.com.ar\/#\/schema\/person\/image\/\",\"url\":\"https:\/\/secure.gravatar.com\/avatar\/8af8f40000c24e9eef3034f2be5998a372bb1389e64b1a4a36b3a7979142220d?s=96&d=mm&r=g\",\"contentUrl\":\"https:\/\/secure.gravatar.com\/avatar\/8af8f40000c24e9eef3034f2be5998a372bb1389e64b1a4a36b3a7979142220d?s=96&d=mm&r=g\",\"caption\":\"Redacci\u00f3n\"},\"sameAs\":[\"http:\/\/nuevodigitaldeescobar.com.ar\"],\"url\":\"https:\/\/nuevodigitaldeescobar.com.ar\/?author=1\"}]}<\/script>\n<!-- \/ Yoast SEO plugin. -->","yoast_head_json":{"title":"Diputados presentaron un proyecto para quitarle la custodia y la jubilaci\u00f3n de privilegio a Alberto Fern\u00e1ndez - Nuevo Digital de Escobar","robots":{"index":"index","follow":"follow","max-snippet":"max-snippet:-1","max-image-preview":"max-image-preview:large","max-video-preview":"max-video-preview:-1"},"canonical":"https:\/\/nuevodigitaldeescobar.com.ar\/?p=7325","og_locale":"es_ES","og_type":"article","og_title":"Diputados presentaron un proyecto para quitarle la custodia y la jubilaci\u00f3n de privilegio a Alberto Fern\u00e1ndez - Nuevo Digital de Escobar","og_description":"Luego de la denuncia por violencia de g\u00e9nero de Fabiola Y\u00e1\u00f1ez contra el expresidente Alberto Fern\u00e1ndez, el bloque de Diputados de Propuesta Republicana (PRO) realiz\u00f3 [&hellip;]","og_url":"https:\/\/nuevodigitaldeescobar.com.ar\/?p=7325","og_site_name":"Nuevo Digital de Escobar","article_publisher":"https:\/\/www.facebook.com\/NUEVODigitalDeEscobar","article_published_time":"2024-08-13T10:46:00+00:00","article_modified_time":"2024-08-13T13:48:51+00:00","og_image":[{"width":762,"height":505,"url":"https:\/\/nuevodigitaldeescobar.com.ar\/wp-content\/uploads\/2024\/08\/fernandez-1-e1723556913779.jpg","type":"image\/jpeg"}],"author":"Redacci\u00f3n","twitter_card":"summary_large_image","twitter_creator":"@nuevodigescobar","twitter_site":"@nuevodigescobar","twitter_misc":{"Escrito por":"Redacci\u00f3n","Tiempo de lectura":"2 minutos"},"schema":{"@context":"https:\/\/schema.org","@graph":[{"@type":"Article","@id":"https:\/\/nuevodigitaldeescobar.com.ar\/?p=7325#article","isPartOf":{"@id":"https:\/\/nuevodigitaldeescobar.com.ar\/?p=7325"},"author":{"name":"Redacci\u00f3n","@id":"https:\/\/nuevodigitaldeescobar.com.ar\/#\/schema\/person\/035e90a8efe9a80e6eec22656ad6ea4c"},"headline":"Diputados presentaron un proyecto para quitarle la custodia y la jubilaci\u00f3n de privilegio a Alberto Fern\u00e1ndez","datePublished":"2024-08-13T10:46:00+00:00","dateModified":"2024-08-13T13:48:51+00:00","mainEntityOfPage":{"@id":"https:\/\/nuevodigitaldeescobar.com.ar\/?p=7325"},"wordCount":439,"commentCount":0,"publisher":{"@id":"https:\/\/nuevodigitaldeescobar.com.ar\/#organization"},"image":{"@id":"https:\/\/nuevodigitaldeescobar.com.ar\/?p=7325#primaryimage"},"thumbnailUrl":"https:\/\/nuevodigitaldeescobar.com.ar\/wp-content\/uploads\/2024\/08\/fernandez-1-e1723556913779.jpg","articleSection":["Legislativas","Pol\u00edtica"],"inLanguage":"es","potentialAction":[{"@type":"CommentAction","name":"Comment","target":["https:\/\/nuevodigitaldeescobar.com.ar\/?p=7325#respond"]}]},{"@type":"WebPage","@id":"https:\/\/nuevodigitaldeescobar.com.ar\/?p=7325","url":"https:\/\/nuevodigitaldeescobar.com.ar\/?p=7325","name":"Diputados presentaron un proyecto para quitarle la custodia y la jubilaci\u00f3n de privilegio a Alberto Fern\u00e1ndez - Nuevo Digital de Escobar","isPartOf":{"@id":"https:\/\/nuevodigitaldeescobar.com.ar\/#website"},"primaryImageOfPage":{"@id":"https:\/\/nuevodigitaldeescobar.com.ar\/?p=7325#primaryimage"},"image":{"@id":"https:\/\/nuevodigitaldeescobar.com.ar\/?p=7325#primaryimage"},"thumbnailUrl":"https:\/\/nuevodigitaldeescobar.com.ar\/wp-content\/uploads\/2024\/08\/fernandez-1-e1723556913779.jpg","datePublished":"2024-08-13T10:46:00+00:00","dateModified":"2024-08-13T13:48:51+00:00","breadcrumb":{"@id":"https:\/\/nuevodigitaldeescobar.com.ar\/?p=7325#breadcrumb"},"inLanguage":"es","potentialAction":[{"@type":"ReadAction","target":["https:\/\/nuevodigitaldeescobar.com.ar\/?p=7325"]}]},{"@type":"ImageObject","inLanguage":"es","@id":"https:\/\/nuevodigitaldeescobar.com.ar\/?p=7325#primaryimage","url":"https:\/\/nuevodigitaldeescobar.com.ar\/wp-content\/uploads\/2024\/08\/fernandez-1-e1723556913779.jpg","contentUrl":"https:\/\/nuevodigitaldeescobar.com.ar\/wp-content\/uploads\/2024\/08\/fernandez-1-e1723556913779.jpg","width":762,"height":505},{"@type":"BreadcrumbList","@id":"https:\/\/nuevodigitaldeescobar.com.ar\/?p=7325#breadcrumb","itemListElement":[{"@type":"ListItem","position":1,"name":"Portada","item":"https:\/\/nuevodigitaldeescobar.com.ar\/"},{"@type":"ListItem","position":2,"name":"Diputados presentaron un proyecto para quitarle la custodia y la jubilaci\u00f3n de privilegio a Alberto Fern\u00e1ndez"}]},{"@type":"WebSite","@id":"https:\/\/nuevodigitaldeescobar.com.ar\/#website","url":"https:\/\/nuevodigitaldeescobar.com.ar\/","name":"Nuevo Digital de Escobar","description":"La vida escobarense. Directora: Rosana Brunner","publisher":{"@id":"https:\/\/nuevodigitaldeescobar.com.ar\/#organization"},"potentialAction":[{"@type":"SearchAction","target":{"@type":"EntryPoint","urlTemplate":"https:\/\/nuevodigitaldeescobar.com.ar\/?s={search_term_string}"},"query-input":{"@type":"PropertyValueSpecification","valueRequired":true,"valueName":"search_term_string"}}],"inLanguage":"es"},{"@type":"Organization","@id":"https:\/\/nuevodigitaldeescobar.com.ar\/#organization","name":"Nuevo Digital de Escobar","url":"https:\/\/nuevodigitaldeescobar.com.ar\/","logo":{"@type":"ImageObject","inLanguage":"es","@id":"https:\/\/nuevodigitaldeescobar.com.ar\/#\/schema\/logo\/image\/","url":"https:\/\/nuevodigitaldeescobar.com.ar\/wp-content\/uploads\/2025\/05\/cropped-logo-nuevo2.jpg","contentUrl":"https:\/\/nuevodigitaldeescobar.com.ar\/wp-content\/uploads\/2025\/05\/cropped-logo-nuevo2.jpg","width":305,"height":305,"caption":"Nuevo Digital de Escobar"},"image":{"@id":"https:\/\/nuevodigitaldeescobar.com.ar\/#\/schema\/logo\/image\/"},"sameAs":["https:\/\/www.facebook.com\/NUEVODigitalDeEscobar","https:\/\/x.com\/nuevodigescobar","https:\/\/www.instagram.com\/nuevodigitaldeescobar"]},{"@type":"Person","@id":"https:\/\/nuevodigitaldeescobar.com.ar\/#\/schema\/person\/035e90a8efe9a80e6eec22656ad6ea4c","name":"Redacci\u00f3n","image":{"@type":"ImageObject","inLanguage":"es","@id":"https:\/\/nuevodigitaldeescobar.com.ar\/#\/schema\/person\/image\/","url":"https:\/\/secure.gravatar.com\/avatar\/8af8f40000c24e9eef3034f2be5998a372bb1389e64b1a4a36b3a7979142220d?s=96&d=mm&r=g","contentUrl":"https:\/\/secure.gravatar.com\/avatar\/8af8f40000c24e9eef3034f2be5998a372bb1389e64b1a4a36b3a7979142220d?s=96&d=mm&r=g","caption":"Redacci\u00f3n"},"sameAs":["http:\/\/nuevodigitaldeescobar.com.ar"],"url":"https:\/\/nuevodigitaldeescobar.com.ar\/?author=1"}]}},"featured_image_urls":{"full":["https:\/\/nuevodigitaldeescobar.com.ar\/wp-content\/uploads\/2024\/08\/fernandez-1-e1723556913779.jpg",762,505,false],"thumbnail":["https:\/\/nuevodigitaldeescobar.com.ar\/wp-content\/uploads\/2024\/08\/fernandez-1-e1723556913779-150x150.jpg",150,150,true],"medium":["https:\/\/nuevodigitaldeescobar.com.ar\/wp-content\/uploads\/2024\/08\/fernandez-1-e1723556913779-300x199.jpg",300,199,true],"medium_large":["https:\/\/nuevodigitaldeescobar.com.ar\/wp-content\/uploads\/2024\/08\/fernandez-1-768x576.jpg",640,480,true],"large":["https:\/\/nuevodigitaldeescobar.com.ar\/wp-content\/uploads\/2024\/08\/fernandez-1-e1723556913779.jpg",640,424,false],"1536x1536":["https:\/\/nuevodigitaldeescobar.com.ar\/wp-content\/uploads\/2024\/08\/fernandez-1-e1723556913779.jpg",762,505,false],"2048x2048":["https:\/\/nuevodigitaldeescobar.com.ar\/wp-content\/uploads\/2024\/08\/fernandez-1-e1723556913779.jpg",762,505,false]},"author_info":{"display_name":"Redacci\u00f3n","author_link":"https:\/\/nuevodigitaldeescobar.com.ar\/?author=1"},"category_info":"<a href=\"https:\/\/nuevodigitaldeescobar.com.ar\/?cat=12\" rel=\"category\">Legislativas<\/a> <a href=\"https:\/\/nuevodigitaldeescobar.com.ar\/?cat=6\" rel=\"category\">Pol\u00edtica<\/a>","tag_info":"Pol\u00edtica","comment_count":"0","_links":{"self":[{"href":"https:\/\/nuevodigitaldeescobar.com.ar\/index.php?rest_route=\/wp\/v2\/posts\/7325","targetHints":{"allow":["GET"]}}],"collection":[{"href":"https:\/\/nuevodigitaldeescobar.com.ar\/index.php?rest_route=\/wp\/v2\/posts"}],"about":[{"href":"https:\/\/nuevodigitaldeescobar.com.ar\/index.php?rest_route=\/wp\/v2\/types\/post"}],"author":[{"embeddable":true,"href":"https:\/\/nuevodigitaldeescobar.com.ar\/index.php?rest_route=\/wp\/v2\/users\/1"}],"replies":[{"embeddable":true,"href":"https:\/\/nuevodigitaldeescobar.com.ar\/index.php?rest_route=%2Fwp%2Fv2%2Fcomments&post=7325"}],"version-history":[{"count":1,"href":"https:\/\/nuevodigitaldeescobar.com.ar\/index.php?rest_route=\/wp\/v2\/posts\/7325\/revisions"}],"predecessor-version":[{"id":7327,"href":"https:\/\/nuevodigitaldeescobar.com.ar\/index.php?rest_route=\/wp\/v2\/posts\/7325\/revisions\/7327"}],"wp:featuredmedia":[{"embeddable":true,"href":"https:\/\/nuevodigitaldeescobar.com.ar\/index.php?rest_route=\/wp\/v2\/media\/7326"}],"wp:attachment":[{"href":"https:\/\/nuevodigitaldeescobar.com.ar\/index.php?rest_route=%2Fwp%2Fv2%2Fmedia&parent=7325"}],"wp:term":[{"taxonomy":"category","embeddable":true,"href":"https:\/\/nuevodigitaldeescobar.com.ar\/index.php?rest_route=%2Fwp%2Fv2%2Fcategories&post=7325"},{"taxonomy":"post_tag","embeddable":true,"href":"https:\/\/nuevodigitaldeescobar.com.ar\/index.php?rest_route=%2Fwp%2Fv2%2Ftags&post=7325"}],"curies":[{"name":"wp","href":"https:\/\/api.w.org\/{rel}","templated":true}]}}