{"id":7391,"date":"2024-08-16T19:12:49","date_gmt":"2024-08-16T22:12:49","guid":{"rendered":"https:\/\/nuevodigitaldeescobar.com.ar\/?p=7391"},"modified":"2024-08-16T19:13:01","modified_gmt":"2024-08-16T22:13:01","slug":"echaron-de-la-diocesis-al-sacerdote-de-maschwitz-que-organizo-la-visita-de-los-legisladores-libertarios-a-los-represores","status":"publish","type":"post","link":"https:\/\/nuevodigitaldeescobar.com.ar\/?p=7391","title":{"rendered":"Echaron de la di\u00f3cesis al sacerdote de Maschwitz que organiz\u00f3 la visita de los legisladores libertarios a los represores"},"content":{"rendered":"<p><span style=\"color: #003366;\"><strong><em>Se trata de Javier Olivera Ravasi. La Iglesia fundament\u00f3 su decisi\u00f3n en que recibi\u00f3 \u201cnumerosas quejas fundados por sus expresiones y actitudes que se opon\u00edan al testimonio cristiano\u201d. \u00c9l fue el cerebro de la reuni\u00f3n, y estaba en una capilla del barrio privado San Benito en Ingeniero Maschwitz.<\/em><\/strong><\/span><\/p>\n<p><!--more--><\/p>\n<hr \/>\n<p>Javier Olivera Ravasi organiz\u00f3 la visita de un grupo de diputados de La Libertad Avanza a represores condenados por delitos de lesa humanidad, en la c\u00e1rcel de Ezeiza, el 11 de julio pasado.<\/p>\n<p>El arzobispado de Z\u00e1rate-Campana, donde estaba establecido el religioso, argument\u00f3 tras tomar la decisi\u00f3n que recibieron <em>\u201cnumerosas quejas fundados por sus expresiones y actitudes que se opon\u00edan al testimonio cristiano -m\u00e1xime proviniendo de un sacerdote-\u201d<\/em> y que <em>\u201cse le pidi\u00f3 un cambio de actitud y comportamiento en su proceder\u201d<\/em>.<\/p>\n<p>El obispado explic\u00f3 en un comunicado que Olivera Ravasi <em>\u201cest\u00e1 incardinado en la Di\u00f3cesis de San Rafael, provincia de Mendoza, fuera de la misma desde hace varios a\u00f1os\u201d<\/em>, y que <em>\u201cpor razones familiares que aludi\u00f3, solicit\u00f3 residir en esta Di\u00f3cesis de Z\u00e1rate-Campana, la que se le concedi\u00f3 por el t\u00e9rmino de cuatro meses, desde el 20 de agosto de 2019 hasta el 31 de diciembre del mismo a\u00f1o\u201d<\/em>, y que <em>\u201cposteriormente dej\u00f3 el lugar y retorn\u00f3 varias veces sin aviso alguno\u201d<\/em>.<\/p>\n<p>En el comunicado aclararon: <em>\u201cAl no observarse hasta el presente el cambio requerido en su actitud, y teniendo en cuenta que el mencionado sacerdote no pertenece a esta di\u00f3cesis de Z\u00e1rate-Campana, as\u00ed como por el bien de la comunidad diocesana, hechas las consultas pertinentes, se le ha comunicado que en adelante no tiene autorizaci\u00f3n para residir en esta di\u00f3cesis\u201d<\/em>.<\/p>\n<h3><span style=\"color: #003366;\">Qui\u00e9n es Javier Olivera Ravasi, el organizador de la visita de los legisladores libertarios a los represores<\/span><\/h3>\n<p>El sacerdote Ravasi es considerado el organizador de la visita de un grupo de legisladores libertarios a los represores condenados, en el penal de Ezeiza. Es hijo de un represor preso. El religioso naci\u00f3 en 1977 en San Juan, donde estaba destinado su padre Jorge como jefe de Inteligencia del Regimiento de Infanter\u00eda de Monta\u00f1a 22. A su padre se le atribuye haber sido el jefe de un grupo de tareas que secuestr\u00f3 y tortur\u00f3 a decenas de personas, muchas de las cuales permanecen desaparecidas, y en 2007 fue condenado en la <em>\u201cMegacausa San Juan\u201d<\/em> por 200 secuestros, torturas, violaciones y desapariciones y hoy est\u00e1 con prisi\u00f3n domiciliaria.<\/p>\n<p>El sacerdote inici\u00f3 sus estudios universitarios cursando sociolog\u00eda, pero dej\u00f3. <em>\u201cEl adoctrinamiento izquierdista que propon\u00edan los profesores me caus\u00f3 repulsi\u00f3n\u201d<\/em>, dijo. Tras dar por finalizado un noviazgo, ingres\u00f3 en San Rafael, Mendoza, al seminario del Verbo Encarnado, una comunidad muy conservadora que tuvo a\u00f1os atr\u00e1s serios cortocircuitos con la Conferencia Episcopal Argentina.<\/p>\n<p>Olivera Ravasi se apart\u00f3 del Verbo Encarnado cuando trascendieron las denuncias que \u00e9l hab\u00eda motorizado por abuso sexual cometido por su fundador, el padre Carlos Buela, que fue apartado por el Vaticano y termin\u00f3 recluido en una residencia religiosa Espa\u00f1a. En 2016, fund\u00f3 la orden de San El\u00edas, de perfil similar al Verbo Encarnado, y se estableci\u00f3 en la di\u00f3cesis de Z\u00e1rate-Campana.<\/p>\n<p>Como marco jur\u00eddico, Olivera Ravasi cuenta con la Fundaci\u00f3n San El\u00edas, con sede en un palacete de la calle Montevideo al 800, en Barrio Norte. De gran actividad en las redes sociales, en las que se expresa sin filtros, cuenta con m\u00e1s de 80 mil seguidores en X y 405 mil suscriptores en su canal de YouTube. En su \u00faltima transmisi\u00f3n en vivo, el 6 de agosto, tuvo m\u00e1s de 175 mil visualizaciones.<\/p>\n<p>Precisamente, en su sede porte\u00f1a, Olivera Ravasi tuvo el 14 de marzo una reuni\u00f3n clave con legisladores y juristas en la que empez\u00f3 a tomar cuerpo la estrategia para lograr la prisi\u00f3n domiciliaria de los represores. La llegada de Javier Milei a la presidencia y su antigua relaci\u00f3n con la vicepresidenta Victoria Villarruel lo alentaron a avanzar en pos de ese objetivo.<\/p>\n<p>Tres d\u00edas antes de eso, hab\u00eda posteado en X: <em>\u201cSi quieren a los militares argentinos en las calles de Rosario: 1) Indulten a los ancianos militares o anulen los falsos juicios de lesa humanidad, 2) Reparen la venganza kirchnerista que lleva m\u00e1s de 20 a\u00f1os contra los j\u00f3venes militares que cumpl\u00edan \u00f3rdenes y 3) Anulen la ley de defensa de la democracia que lo impide. Si no, no la ven\u201d<\/em>.<\/p>\n<p>En cuanto a su actividad eclesi\u00e1stica, se desempe\u00f1aba como p\u00e1rroco en la capilla ubicada en el interior del barrio privado San Benito, de la localidad de Ingeniero Maschwitz.<\/p>\n<p><em>(TN)<\/em><\/p>\n","protected":false},"excerpt":{"rendered":"<p>Se trata de Javier Olivera Ravasi. La Iglesia fundament\u00f3 su decisi\u00f3n en que recibi\u00f3 \u201cnumerosas quejas fundados por sus expresiones y actitudes que se opon\u00edan [&hellip;]<\/p>\n","protected":false},"author":1,"featured_media":7392,"comment_status":"open","ping_status":"open","sticky":false,"template":"","format":"standard","meta":{"footnotes":""},"categories":[7,6],"tags":[],"class_list":["post-7391","post","type-post","status-publish","format-standard","has-post-thumbnail","hentry","category-interes-general","category-politica"],"better_featured_image":{"id":7392,"alt_text":"","caption":"","description":"","media_type":"image","media_details":{"width":720,"height":403,"file":"2024\/08\/cura-y-represores-e1723846363281.jpg","filesize":166971,"sizes":{"medium":{"file":"cura-y-represores-300x168.jpg","width":300,"height":168,"mime-type":"image\/jpeg","filesize":12923,"source_url":"https:\/\/nuevodigitaldeescobar.com.ar\/wp-content\/uploads\/2024\/08\/cura-y-represores-300x168.jpg"},"large":{"file":"cura-y-represores-1024x573.jpg","width":1024,"height":573,"mime-type":"image\/jpeg","filesize":79200,"source_url":"https:\/\/nuevodigitaldeescobar.com.ar\/wp-content\/uploads\/2024\/08\/cura-y-represores-1024x573.jpg"},"thumbnail":{"file":"cura-y-represores-150x150.jpg","width":150,"height":150,"mime-type":"image\/jpeg","filesize":6330,"source_url":"https:\/\/nuevodigitaldeescobar.com.ar\/wp-content\/uploads\/2024\/08\/cura-y-represores-150x150.jpg"},"medium_large":{"file":"cura-y-represores-768x430.jpg","width":768,"height":430,"mime-type":"image\/jpeg","filesize":53062,"source_url":"https:\/\/nuevodigitaldeescobar.com.ar\/wp-content\/uploads\/2024\/08\/cura-y-represores-768x430.jpg"}},"image_meta":{"aperture":"0","credit":"","camera":"","caption":"","created_timestamp":"0","copyright":"","focal_length":"0","iso":"0","shutter_speed":"0","title":"","orientation":"0","keywords":[]}},"post":7391,"source_url":"https:\/\/nuevodigitaldeescobar.com.ar\/wp-content\/uploads\/2024\/08\/cura-y-represores-e1723846363281.jpg"},"yoast_head":"<!-- This site is optimized with the Yoast SEO plugin v26.1.1 - https:\/\/yoast.com\/wordpress\/plugins\/seo\/ -->\n<title>Echaron de la di\u00f3cesis al sacerdote de Maschwitz que organiz\u00f3 la visita de los legisladores libertarios a los represores - Nuevo Digital de Escobar<\/title>\n<meta name=\"robots\" content=\"index, follow, max-snippet:-1, max-image-preview:large, max-video-preview:-1\" \/>\n<link rel=\"canonical\" href=\"https:\/\/nuevodigitaldeescobar.com.ar\/?p=7391\" \/>\n<meta property=\"og:locale\" content=\"es_ES\" \/>\n<meta property=\"og:type\" content=\"article\" \/>\n<meta property=\"og:title\" content=\"Echaron de la di\u00f3cesis al sacerdote de Maschwitz que organiz\u00f3 la visita de los legisladores libertarios a los represores - Nuevo Digital de Escobar\" \/>\n<meta property=\"og:description\" content=\"Se trata de Javier Olivera Ravasi. La Iglesia fundament\u00f3 su decisi\u00f3n en que recibi\u00f3 \u201cnumerosas quejas fundados por sus expresiones y actitudes que se opon\u00edan [&hellip;]\" \/>\n<meta property=\"og:url\" content=\"https:\/\/nuevodigitaldeescobar.com.ar\/?p=7391\" \/>\n<meta property=\"og:site_name\" content=\"Nuevo Digital de Escobar\" \/>\n<meta property=\"article:publisher\" content=\"https:\/\/www.facebook.com\/NUEVODigitalDeEscobar\" \/>\n<meta property=\"article:published_time\" content=\"2024-08-16T22:12:49+00:00\" \/>\n<meta property=\"article:modified_time\" content=\"2024-08-16T22:13:01+00:00\" \/>\n<meta property=\"og:image\" content=\"https:\/\/nuevodigitaldeescobar.com.ar\/wp-content\/uploads\/2024\/08\/cura-y-represores-e1723846363281.jpg\" \/>\n\t<meta property=\"og:image:width\" content=\"720\" \/>\n\t<meta property=\"og:image:height\" content=\"403\" \/>\n\t<meta property=\"og:image:type\" content=\"image\/jpeg\" \/>\n<meta name=\"author\" content=\"Redacci\u00f3n\" \/>\n<meta name=\"twitter:card\" content=\"summary_large_image\" \/>\n<meta name=\"twitter:creator\" content=\"@nuevodigescobar\" \/>\n<meta name=\"twitter:site\" content=\"@nuevodigescobar\" \/>\n<meta name=\"twitter:label1\" content=\"Escrito por\" \/>\n\t<meta name=\"twitter:data1\" content=\"Redacci\u00f3n\" \/>\n\t<meta name=\"twitter:label2\" content=\"Tiempo de lectura\" \/>\n\t<meta name=\"twitter:data2\" content=\"4 minutos\" \/>\n<script type=\"application\/ld+json\" class=\"yoast-schema-graph\">{\"@context\":\"https:\/\/schema.org\",\"@graph\":[{\"@type\":\"Article\",\"@id\":\"https:\/\/nuevodigitaldeescobar.com.ar\/?p=7391#article\",\"isPartOf\":{\"@id\":\"https:\/\/nuevodigitaldeescobar.com.ar\/?p=7391\"},\"author\":{\"name\":\"Redacci\u00f3n\",\"@id\":\"https:\/\/nuevodigitaldeescobar.com.ar\/#\/schema\/person\/035e90a8efe9a80e6eec22656ad6ea4c\"},\"headline\":\"Echaron de la di\u00f3cesis al sacerdote de Maschwitz que organiz\u00f3 la visita de los legisladores libertarios a los represores\",\"datePublished\":\"2024-08-16T22:12:49+00:00\",\"dateModified\":\"2024-08-16T22:13:01+00:00\",\"mainEntityOfPage\":{\"@id\":\"https:\/\/nuevodigitaldeescobar.com.ar\/?p=7391\"},\"wordCount\":795,\"commentCount\":0,\"publisher\":{\"@id\":\"https:\/\/nuevodigitaldeescobar.com.ar\/#organization\"},\"image\":{\"@id\":\"https:\/\/nuevodigitaldeescobar.com.ar\/?p=7391#primaryimage\"},\"thumbnailUrl\":\"https:\/\/nuevodigitaldeescobar.com.ar\/wp-content\/uploads\/2024\/08\/cura-y-represores-e1723846363281.jpg\",\"articleSection\":[\"Inter\u00e9s general\",\"Pol\u00edtica\"],\"inLanguage\":\"es\",\"potentialAction\":[{\"@type\":\"CommentAction\",\"name\":\"Comment\",\"target\":[\"https:\/\/nuevodigitaldeescobar.com.ar\/?p=7391#respond\"]}]},{\"@type\":\"WebPage\",\"@id\":\"https:\/\/nuevodigitaldeescobar.com.ar\/?p=7391\",\"url\":\"https:\/\/nuevodigitaldeescobar.com.ar\/?p=7391\",\"name\":\"Echaron de la di\u00f3cesis al sacerdote de Maschwitz que organiz\u00f3 la visita de los legisladores libertarios a los represores - Nuevo Digital de Escobar\",\"isPartOf\":{\"@id\":\"https:\/\/nuevodigitaldeescobar.com.ar\/#website\"},\"primaryImageOfPage\":{\"@id\":\"https:\/\/nuevodigitaldeescobar.com.ar\/?p=7391#primaryimage\"},\"image\":{\"@id\":\"https:\/\/nuevodigitaldeescobar.com.ar\/?p=7391#primaryimage\"},\"thumbnailUrl\":\"https:\/\/nuevodigitaldeescobar.com.ar\/wp-content\/uploads\/2024\/08\/cura-y-represores-e1723846363281.jpg\",\"datePublished\":\"2024-08-16T22:12:49+00:00\",\"dateModified\":\"2024-08-16T22:13:01+00:00\",\"breadcrumb\":{\"@id\":\"https:\/\/nuevodigitaldeescobar.com.ar\/?p=7391#breadcrumb\"},\"inLanguage\":\"es\",\"potentialAction\":[{\"@type\":\"ReadAction\",\"target\":[\"https:\/\/nuevodigitaldeescobar.com.ar\/?p=7391\"]}]},{\"@type\":\"ImageObject\",\"inLanguage\":\"es\",\"@id\":\"https:\/\/nuevodigitaldeescobar.com.ar\/?p=7391#primaryimage\",\"url\":\"https:\/\/nuevodigitaldeescobar.com.ar\/wp-content\/uploads\/2024\/08\/cura-y-represores-e1723846363281.jpg\",\"contentUrl\":\"https:\/\/nuevodigitaldeescobar.com.ar\/wp-content\/uploads\/2024\/08\/cura-y-represores-e1723846363281.jpg\",\"width\":720,\"height\":403},{\"@type\":\"BreadcrumbList\",\"@id\":\"https:\/\/nuevodigitaldeescobar.com.ar\/?p=7391#breadcrumb\",\"itemListElement\":[{\"@type\":\"ListItem\",\"position\":1,\"name\":\"Portada\",\"item\":\"https:\/\/nuevodigitaldeescobar.com.ar\/\"},{\"@type\":\"ListItem\",\"position\":2,\"name\":\"Echaron de la di\u00f3cesis al sacerdote de Maschwitz que organiz\u00f3 la visita de los legisladores libertarios a los represores\"}]},{\"@type\":\"WebSite\",\"@id\":\"https:\/\/nuevodigitaldeescobar.com.ar\/#website\",\"url\":\"https:\/\/nuevodigitaldeescobar.com.ar\/\",\"name\":\"Nuevo Digital de Escobar\",\"description\":\"La vida escobarense. Directora: Rosana Brunner\",\"publisher\":{\"@id\":\"https:\/\/nuevodigitaldeescobar.com.ar\/#organization\"},\"potentialAction\":[{\"@type\":\"SearchAction\",\"target\":{\"@type\":\"EntryPoint\",\"urlTemplate\":\"https:\/\/nuevodigitaldeescobar.com.ar\/?s={search_term_string}\"},\"query-input\":{\"@type\":\"PropertyValueSpecification\",\"valueRequired\":true,\"valueName\":\"search_term_string\"}}],\"inLanguage\":\"es\"},{\"@type\":\"Organization\",\"@id\":\"https:\/\/nuevodigitaldeescobar.com.ar\/#organization\",\"name\":\"Nuevo Digital de Escobar\",\"url\":\"https:\/\/nuevodigitaldeescobar.com.ar\/\",\"logo\":{\"@type\":\"ImageObject\",\"inLanguage\":\"es\",\"@id\":\"https:\/\/nuevodigitaldeescobar.com.ar\/#\/schema\/logo\/image\/\",\"url\":\"https:\/\/nuevodigitaldeescobar.com.ar\/wp-content\/uploads\/2025\/05\/cropped-logo-nuevo2.jpg\",\"contentUrl\":\"https:\/\/nuevodigitaldeescobar.com.ar\/wp-content\/uploads\/2025\/05\/cropped-logo-nuevo2.jpg\",\"width\":305,\"height\":305,\"caption\":\"Nuevo Digital de Escobar\"},\"image\":{\"@id\":\"https:\/\/nuevodigitaldeescobar.com.ar\/#\/schema\/logo\/image\/\"},\"sameAs\":[\"https:\/\/www.facebook.com\/NUEVODigitalDeEscobar\",\"https:\/\/x.com\/nuevodigescobar\",\"https:\/\/www.instagram.com\/nuevodigitaldeescobar\"]},{\"@type\":\"Person\",\"@id\":\"https:\/\/nuevodigitaldeescobar.com.ar\/#\/schema\/person\/035e90a8efe9a80e6eec22656ad6ea4c\",\"name\":\"Redacci\u00f3n\",\"image\":{\"@type\":\"ImageObject\",\"inLanguage\":\"es\",\"@id\":\"https:\/\/nuevodigitaldeescobar.com.ar\/#\/schema\/person\/image\/\",\"url\":\"https:\/\/secure.gravatar.com\/avatar\/8af8f40000c24e9eef3034f2be5998a372bb1389e64b1a4a36b3a7979142220d?s=96&d=mm&r=g\",\"contentUrl\":\"https:\/\/secure.gravatar.com\/avatar\/8af8f40000c24e9eef3034f2be5998a372bb1389e64b1a4a36b3a7979142220d?s=96&d=mm&r=g\",\"caption\":\"Redacci\u00f3n\"},\"sameAs\":[\"http:\/\/nuevodigitaldeescobar.com.ar\"],\"url\":\"https:\/\/nuevodigitaldeescobar.com.ar\/?author=1\"}]}<\/script>\n<!-- \/ Yoast SEO plugin. -->","yoast_head_json":{"title":"Echaron de la di\u00f3cesis al sacerdote de Maschwitz que organiz\u00f3 la visita de los legisladores libertarios a los represores - Nuevo Digital de Escobar","robots":{"index":"index","follow":"follow","max-snippet":"max-snippet:-1","max-image-preview":"max-image-preview:large","max-video-preview":"max-video-preview:-1"},"canonical":"https:\/\/nuevodigitaldeescobar.com.ar\/?p=7391","og_locale":"es_ES","og_type":"article","og_title":"Echaron de la di\u00f3cesis al sacerdote de Maschwitz que organiz\u00f3 la visita de los legisladores libertarios a los represores - Nuevo Digital de Escobar","og_description":"Se trata de Javier Olivera Ravasi. La Iglesia fundament\u00f3 su decisi\u00f3n en que recibi\u00f3 \u201cnumerosas quejas fundados por sus expresiones y actitudes que se opon\u00edan [&hellip;]","og_url":"https:\/\/nuevodigitaldeescobar.com.ar\/?p=7391","og_site_name":"Nuevo Digital de Escobar","article_publisher":"https:\/\/www.facebook.com\/NUEVODigitalDeEscobar","article_published_time":"2024-08-16T22:12:49+00:00","article_modified_time":"2024-08-16T22:13:01+00:00","og_image":[{"width":720,"height":403,"url":"https:\/\/nuevodigitaldeescobar.com.ar\/wp-content\/uploads\/2024\/08\/cura-y-represores-e1723846363281.jpg","type":"image\/jpeg"}],"author":"Redacci\u00f3n","twitter_card":"summary_large_image","twitter_creator":"@nuevodigescobar","twitter_site":"@nuevodigescobar","twitter_misc":{"Escrito por":"Redacci\u00f3n","Tiempo de lectura":"4 minutos"},"schema":{"@context":"https:\/\/schema.org","@graph":[{"@type":"Article","@id":"https:\/\/nuevodigitaldeescobar.com.ar\/?p=7391#article","isPartOf":{"@id":"https:\/\/nuevodigitaldeescobar.com.ar\/?p=7391"},"author":{"name":"Redacci\u00f3n","@id":"https:\/\/nuevodigitaldeescobar.com.ar\/#\/schema\/person\/035e90a8efe9a80e6eec22656ad6ea4c"},"headline":"Echaron de la di\u00f3cesis al sacerdote de Maschwitz que organiz\u00f3 la visita de los legisladores libertarios a los represores","datePublished":"2024-08-16T22:12:49+00:00","dateModified":"2024-08-16T22:13:01+00:00","mainEntityOfPage":{"@id":"https:\/\/nuevodigitaldeescobar.com.ar\/?p=7391"},"wordCount":795,"commentCount":0,"publisher":{"@id":"https:\/\/nuevodigitaldeescobar.com.ar\/#organization"},"image":{"@id":"https:\/\/nuevodigitaldeescobar.com.ar\/?p=7391#primaryimage"},"thumbnailUrl":"https:\/\/nuevodigitaldeescobar.com.ar\/wp-content\/uploads\/2024\/08\/cura-y-represores-e1723846363281.jpg","articleSection":["Inter\u00e9s general","Pol\u00edtica"],"inLanguage":"es","potentialAction":[{"@type":"CommentAction","name":"Comment","target":["https:\/\/nuevodigitaldeescobar.com.ar\/?p=7391#respond"]}]},{"@type":"WebPage","@id":"https:\/\/nuevodigitaldeescobar.com.ar\/?p=7391","url":"https:\/\/nuevodigitaldeescobar.com.ar\/?p=7391","name":"Echaron de la di\u00f3cesis al sacerdote de Maschwitz que organiz\u00f3 la visita de los legisladores libertarios a los represores - Nuevo Digital de Escobar","isPartOf":{"@id":"https:\/\/nuevodigitaldeescobar.com.ar\/#website"},"primaryImageOfPage":{"@id":"https:\/\/nuevodigitaldeescobar.com.ar\/?p=7391#primaryimage"},"image":{"@id":"https:\/\/nuevodigitaldeescobar.com.ar\/?p=7391#primaryimage"},"thumbnailUrl":"https:\/\/nuevodigitaldeescobar.com.ar\/wp-content\/uploads\/2024\/08\/cura-y-represores-e1723846363281.jpg","datePublished":"2024-08-16T22:12:49+00:00","dateModified":"2024-08-16T22:13:01+00:00","breadcrumb":{"@id":"https:\/\/nuevodigitaldeescobar.com.ar\/?p=7391#breadcrumb"},"inLanguage":"es","potentialAction":[{"@type":"ReadAction","target":["https:\/\/nuevodigitaldeescobar.com.ar\/?p=7391"]}]},{"@type":"ImageObject","inLanguage":"es","@id":"https:\/\/nuevodigitaldeescobar.com.ar\/?p=7391#primaryimage","url":"https:\/\/nuevodigitaldeescobar.com.ar\/wp-content\/uploads\/2024\/08\/cura-y-represores-e1723846363281.jpg","contentUrl":"https:\/\/nuevodigitaldeescobar.com.ar\/wp-content\/uploads\/2024\/08\/cura-y-represores-e1723846363281.jpg","width":720,"height":403},{"@type":"BreadcrumbList","@id":"https:\/\/nuevodigitaldeescobar.com.ar\/?p=7391#breadcrumb","itemListElement":[{"@type":"ListItem","position":1,"name":"Portada","item":"https:\/\/nuevodigitaldeescobar.com.ar\/"},{"@type":"ListItem","position":2,"name":"Echaron de la di\u00f3cesis al sacerdote de Maschwitz que organiz\u00f3 la visita de los legisladores libertarios a los represores"}]},{"@type":"WebSite","@id":"https:\/\/nuevodigitaldeescobar.com.ar\/#website","url":"https:\/\/nuevodigitaldeescobar.com.ar\/","name":"Nuevo Digital de Escobar","description":"La vida escobarense. Directora: Rosana Brunner","publisher":{"@id":"https:\/\/nuevodigitaldeescobar.com.ar\/#organization"},"potentialAction":[{"@type":"SearchAction","target":{"@type":"EntryPoint","urlTemplate":"https:\/\/nuevodigitaldeescobar.com.ar\/?s={search_term_string}"},"query-input":{"@type":"PropertyValueSpecification","valueRequired":true,"valueName":"search_term_string"}}],"inLanguage":"es"},{"@type":"Organization","@id":"https:\/\/nuevodigitaldeescobar.com.ar\/#organization","name":"Nuevo Digital de Escobar","url":"https:\/\/nuevodigitaldeescobar.com.ar\/","logo":{"@type":"ImageObject","inLanguage":"es","@id":"https:\/\/nuevodigitaldeescobar.com.ar\/#\/schema\/logo\/image\/","url":"https:\/\/nuevodigitaldeescobar.com.ar\/wp-content\/uploads\/2025\/05\/cropped-logo-nuevo2.jpg","contentUrl":"https:\/\/nuevodigitaldeescobar.com.ar\/wp-content\/uploads\/2025\/05\/cropped-logo-nuevo2.jpg","width":305,"height":305,"caption":"Nuevo Digital de Escobar"},"image":{"@id":"https:\/\/nuevodigitaldeescobar.com.ar\/#\/schema\/logo\/image\/"},"sameAs":["https:\/\/www.facebook.com\/NUEVODigitalDeEscobar","https:\/\/x.com\/nuevodigescobar","https:\/\/www.instagram.com\/nuevodigitaldeescobar"]},{"@type":"Person","@id":"https:\/\/nuevodigitaldeescobar.com.ar\/#\/schema\/person\/035e90a8efe9a80e6eec22656ad6ea4c","name":"Redacci\u00f3n","image":{"@type":"ImageObject","inLanguage":"es","@id":"https:\/\/nuevodigitaldeescobar.com.ar\/#\/schema\/person\/image\/","url":"https:\/\/secure.gravatar.com\/avatar\/8af8f40000c24e9eef3034f2be5998a372bb1389e64b1a4a36b3a7979142220d?s=96&d=mm&r=g","contentUrl":"https:\/\/secure.gravatar.com\/avatar\/8af8f40000c24e9eef3034f2be5998a372bb1389e64b1a4a36b3a7979142220d?s=96&d=mm&r=g","caption":"Redacci\u00f3n"},"sameAs":["http:\/\/nuevodigitaldeescobar.com.ar"],"url":"https:\/\/nuevodigitaldeescobar.com.ar\/?author=1"}]}},"featured_image_urls":{"full":["https:\/\/nuevodigitaldeescobar.com.ar\/wp-content\/uploads\/2024\/08\/cura-y-represores-e1723846363281.jpg",720,403,false],"thumbnail":["https:\/\/nuevodigitaldeescobar.com.ar\/wp-content\/uploads\/2024\/08\/cura-y-represores-150x150.jpg",150,150,true],"medium":["https:\/\/nuevodigitaldeescobar.com.ar\/wp-content\/uploads\/2024\/08\/cura-y-represores-300x168.jpg",300,168,true],"medium_large":["https:\/\/nuevodigitaldeescobar.com.ar\/wp-content\/uploads\/2024\/08\/cura-y-represores-768x430.jpg",640,358,true],"large":["https:\/\/nuevodigitaldeescobar.com.ar\/wp-content\/uploads\/2024\/08\/cura-y-represores-1024x573.jpg",640,358,true],"1536x1536":["https:\/\/nuevodigitaldeescobar.com.ar\/wp-content\/uploads\/2024\/08\/cura-y-represores-e1723846363281.jpg",720,403,false],"2048x2048":["https:\/\/nuevodigitaldeescobar.com.ar\/wp-content\/uploads\/2024\/08\/cura-y-represores-e1723846363281.jpg",720,403,false]},"author_info":{"display_name":"Redacci\u00f3n","author_link":"https:\/\/nuevodigitaldeescobar.com.ar\/?author=1"},"category_info":"<a href=\"https:\/\/nuevodigitaldeescobar.com.ar\/?cat=7\" rel=\"category\">Inter\u00e9s general<\/a> <a href=\"https:\/\/nuevodigitaldeescobar.com.ar\/?cat=6\" rel=\"category\">Pol\u00edtica<\/a>","tag_info":"Pol\u00edtica","comment_count":"0","_links":{"self":[{"href":"https:\/\/nuevodigitaldeescobar.com.ar\/index.php?rest_route=\/wp\/v2\/posts\/7391","targetHints":{"allow":["GET"]}}],"collection":[{"href":"https:\/\/nuevodigitaldeescobar.com.ar\/index.php?rest_route=\/wp\/v2\/posts"}],"about":[{"href":"https:\/\/nuevodigitaldeescobar.com.ar\/index.php?rest_route=\/wp\/v2\/types\/post"}],"author":[{"embeddable":true,"href":"https:\/\/nuevodigitaldeescobar.com.ar\/index.php?rest_route=\/wp\/v2\/users\/1"}],"replies":[{"embeddable":true,"href":"https:\/\/nuevodigitaldeescobar.com.ar\/index.php?rest_route=%2Fwp%2Fv2%2Fcomments&post=7391"}],"version-history":[{"count":1,"href":"https:\/\/nuevodigitaldeescobar.com.ar\/index.php?rest_route=\/wp\/v2\/posts\/7391\/revisions"}],"predecessor-version":[{"id":7393,"href":"https:\/\/nuevodigitaldeescobar.com.ar\/index.php?rest_route=\/wp\/v2\/posts\/7391\/revisions\/7393"}],"wp:featuredmedia":[{"embeddable":true,"href":"https:\/\/nuevodigitaldeescobar.com.ar\/index.php?rest_route=\/wp\/v2\/media\/7392"}],"wp:attachment":[{"href":"https:\/\/nuevodigitaldeescobar.com.ar\/index.php?rest_route=%2Fwp%2Fv2%2Fmedia&parent=7391"}],"wp:term":[{"taxonomy":"category","embeddable":true,"href":"https:\/\/nuevodigitaldeescobar.com.ar\/index.php?rest_route=%2Fwp%2Fv2%2Fcategories&post=7391"},{"taxonomy":"post_tag","embeddable":true,"href":"https:\/\/nuevodigitaldeescobar.com.ar\/index.php?rest_route=%2Fwp%2Fv2%2Ftags&post=7391"}],"curies":[{"name":"wp","href":"https:\/\/api.w.org\/{rel}","templated":true}]}}