{"id":7498,"date":"2024-08-21T07:00:00","date_gmt":"2024-08-21T10:00:00","guid":{"rendered":"https:\/\/nuevodigitaldeescobar.com.ar\/?p=7498"},"modified":"2024-08-20T20:03:13","modified_gmt":"2024-08-20T23:03:13","slug":"la-balanza-comercial-tuvo-superavit-en-julio-y-acumula-ocho-meses-de-saldo-positivo","status":"publish","type":"post","link":"https:\/\/nuevodigitaldeescobar.com.ar\/?p=7498","title":{"rendered":"La balanza comercial tuvo super\u00e1vit en julio y acumula ocho meses de saldo positivo"},"content":{"rendered":"<p><span style=\"color: #003366;\"><strong><em>En lo que va del a\u00f1o el balance entre exportaciones e importaciones es favorable en m\u00e1s de USD 12.600 millones. El Gobierno se apoyar\u00e1 en el frente externo para evitar una ca\u00edda m\u00e1s marcada de las reservas.<\/em><\/strong><\/span><\/p>\n<p><!--more--><\/p>\n<hr \/>\n<p>La balanza comercial volvi\u00f3 a darle una buena noticia al Gobierno y se mantuvo en terreno superavitario por USD 1.575 millones en julio, y enhebr\u00f3 as\u00ed ocho meses consecutivos con saldo positivo desde diciembre, cuando la devaluaci\u00f3n del tipo de cambio oficial empuj\u00f3 el volumen de exportaciones e hizo retroceder el ritmo de importaciones.<\/p>\n<p>Seg\u00fan inform\u00f3 este martes el Indec, las exportaciones sumaron en el s\u00e9ptimo mes del a\u00f1o 7.221 millones de d\u00f3lares y las importaciones lo hicieron por 5.646 millones de d\u00f3lares, lo que da como resultando el saldo superavitario de USD 1.575 millones. En el acumulado del lapso enero-julio la balanza comercial fue favorable en USD 12.626 millones.<\/p>\n<p>En la comparaci\u00f3n con 2023 la din\u00e1mica del sector externo es muy distinta. El saldo de julio del a\u00f1o pasado hab\u00eda sido en julio del a\u00f1o pasado deficitario en 700 millones de d\u00f3lares, y a esta altura del 2023 el desequilibrio del balance comercial era de USD 5.193 millones. As\u00ed, la diferencia entre el d\u00e9ficit acumulado de los primeros siete meses del 2023 con respecto a los primeros siete meses del 2024 es de USD 17.400 millones.<\/p>\n<p>La balanza comercial mantuvo as\u00ed ocho meses consecutivos con saldo positivo desde diciembre, cuando la devaluaci\u00f3n del tipo de cambio oficial empuj\u00f3 el volumen de exportaciones e hizo retroceder el ritmo de importaciones<\/p>\n<p>La tendencia experiment\u00f3 un cambio tras el salto devaluatorio de diciembre, d\u00edas despu\u00e9s del recambio de Gobierno, que elev\u00f3 en 120% el precio del tipo de cambio y empuj\u00f3 con fuerza las exportaciones, que desde ese mes acumulan ocho meses consecutivos de mejora interanual. En lo que va del a\u00f1o, por ejemplo, las ventas externas mejoraron 14,8% en relaci\u00f3n a 2023. El <em>\u201cpico\u201d<\/em> de mejora, al menos en la comparaci\u00f3n interanual, fue en mayo, cuando escalaron 22% respecto a ese mes del a\u00f1o anterior.<\/p>\n<p>Al analizar las exportaciones, las Manufacturas de origen agropecuario mejoraron en un 29,1% en relaci\u00f3n a julio del a\u00f1o pasado, los Productos primarios lo hicieron 19,7%, Combustibles y energ\u00eda un 42% y Manufacturas de origen industrial quedaron sin cambios.<\/p>\n<p><a href=\"https:\/\/nuevodigitaldeescobar.com.ar\/?attachment_id=7499\" rel=\"attachment wp-att-7499\"><img fetchpriority=\"high\" decoding=\"async\" class=\"alignnone size-full wp-image-7499\" src=\"http:\/\/nuevodigitaldeescobar.com.ar\/wp-content\/uploads\/2024\/08\/exportaciones-infografia-e1724194863817.jpg\" alt=\"\" width=\"720\" height=\"392\" \/><\/a><\/p>\n<p>Por el lado de las importaciones, hubo una contracci\u00f3n inmediata tras la devaluaci\u00f3n y la suba del impuesto PAIS, con una al\u00edcuota que pas\u00f3 de 7,5% a 17,5% para todos los casos. Esa tasa, se espera, volver\u00e1 al nivel que ten\u00eda antes del cambio de gobierno desde septiembre, lo que har\u00e1 que el tipo de cambio importador sea m\u00e1s barato.<\/p>\n<p>Las importaciones registraron en todos los meses del a\u00f1o ca\u00eddas interanuales a ritmo de dos d\u00edgitos, aunque ese retroceso tuvo una desaceleraci\u00f3n marcada de un mes a otro: mientras en junio las compras al exterior se hab\u00edan desplomado 35% en relaci\u00f3n al mismo mes de 2023, en julio lo hicieron por 16,5 por ciento, lo que podr\u00eda responder a una demanda algo m\u00e1s marcada de importaciones ante una actividad econ\u00f3mica que mostraba algunas se\u00f1ales muy preliminares de recuperaci\u00f3n. Con todo, en el tramo enero-julio las importaciones se derrumbaron algo menos de 30 por ciento.<\/p>\n<p>La diferencia entre el d\u00e9ficit acumulado de los primeros siete meses del 2023 con respecto a los primeros siete meses del 2024 es de USD 17.400 millones<\/p>\n<p>Consideradas por rubros, las importaciones de Bienes intermedios (el m\u00e1s representativo dentro de las compras al exterior) cay\u00f3 un 39,1% en julio, Piezas y accesorios para bienes de capital se desplom\u00f3 23,5%, Combustibles y lubricantes (en el que se incluyen las compras por el invierno para abastecer la calefacci\u00f3n en todo el pa\u00eds) retrocedi\u00f3 33,5% y requiri\u00f3 110 millones de d\u00f3lares menos que en junio, mientras que Bienes de consumo cedi\u00f3 4,3 por ciento.<\/p>\n<p>Mantener una balanza comercial positiva ser\u00e1 una de las columnas en las que buscar\u00e1 apoyarse el Gobierno en lo que resta del a\u00f1o para evitar un deterioro mayor en el frente de las reservas del Banco Central. La expectativa del equipo econ\u00f3mico es que en agosto la diferencia entre importaciones y exportaciones de combustibles sea positiva.<\/p>\n<p>Incluso se terminar\u00edan de cancelar deudas por electricidad que lleg\u00f3 de Paraguay y gas de Bolivia. En septiembre la balanza energ\u00e9tica marcar\u00eda un super\u00e1vit de USD 400 millones, seg\u00fan estimaciones oficiales. Esa din\u00e1mica, sumada a menores pagos de deuda y mayores ingresos de organismos multilaterales, permitir\u00eda una mejora de las reservas en USD 1.200 millones.<\/p>\n<p><em>(Infobae)<\/em><\/p>\n","protected":false},"excerpt":{"rendered":"<p>En lo que va del a\u00f1o el balance entre exportaciones e importaciones es favorable en m\u00e1s de USD 12.600 millones. El Gobierno se apoyar\u00e1 en [&hellip;]<\/p>\n","protected":false},"author":1,"featured_media":7500,"comment_status":"open","ping_status":"open","sticky":false,"template":"","format":"standard","meta":{"footnotes":""},"categories":[10],"tags":[],"class_list":["post-7498","post","type-post","status-publish","format-standard","has-post-thumbnail","hentry","category-economia"],"better_featured_image":{"id":7500,"alt_text":"","caption":"","description":"","media_type":"image","media_details":{"width":720,"height":441,"file":"2024\/08\/exportaciones-e1724194927275.jpg","filesize":125072,"sizes":{"medium":{"file":"exportaciones-e1724194927275-300x184.jpg","width":300,"height":184,"mime-type":"image\/jpeg","filesize":15354,"source_url":"https:\/\/nuevodigitaldeescobar.com.ar\/wp-content\/uploads\/2024\/08\/exportaciones-e1724194927275-300x184.jpg"},"thumbnail":{"file":"exportaciones-e1724194927275-150x150.jpg","width":150,"height":150,"mime-type":"image\/jpeg","filesize":7501,"source_url":"https:\/\/nuevodigitaldeescobar.com.ar\/wp-content\/uploads\/2024\/08\/exportaciones-e1724194927275-150x150.jpg"}},"image_meta":{"aperture":"0","credit":"","camera":"","caption":"","created_timestamp":"0","copyright":"","focal_length":"0","iso":"0","shutter_speed":"0","title":"","orientation":"0","keywords":[]}},"post":7498,"source_url":"https:\/\/nuevodigitaldeescobar.com.ar\/wp-content\/uploads\/2024\/08\/exportaciones-e1724194927275.jpg"},"yoast_head":"<!-- This site is optimized with the Yoast SEO plugin v26.1.1 - https:\/\/yoast.com\/wordpress\/plugins\/seo\/ -->\n<title>La balanza comercial tuvo super\u00e1vit en julio y acumula ocho meses de saldo positivo - Nuevo Digital de Escobar<\/title>\n<meta name=\"robots\" content=\"index, follow, max-snippet:-1, max-image-preview:large, max-video-preview:-1\" \/>\n<link rel=\"canonical\" href=\"https:\/\/nuevodigitaldeescobar.com.ar\/?p=7498\" \/>\n<meta property=\"og:locale\" content=\"es_ES\" \/>\n<meta property=\"og:type\" content=\"article\" \/>\n<meta property=\"og:title\" content=\"La balanza comercial tuvo super\u00e1vit en julio y acumula ocho meses de saldo positivo - Nuevo Digital de Escobar\" \/>\n<meta property=\"og:description\" content=\"En lo que va del a\u00f1o el balance entre exportaciones e importaciones es favorable en m\u00e1s de USD 12.600 millones. El Gobierno se apoyar\u00e1 en [&hellip;]\" \/>\n<meta property=\"og:url\" content=\"https:\/\/nuevodigitaldeescobar.com.ar\/?p=7498\" \/>\n<meta property=\"og:site_name\" content=\"Nuevo Digital de Escobar\" \/>\n<meta property=\"article:publisher\" content=\"https:\/\/www.facebook.com\/NUEVODigitalDeEscobar\" \/>\n<meta property=\"article:published_time\" content=\"2024-08-21T10:00:00+00:00\" \/>\n<meta property=\"og:image\" content=\"https:\/\/nuevodigitaldeescobar.com.ar\/wp-content\/uploads\/2024\/08\/exportaciones-e1724194927275.jpg\" \/>\n\t<meta property=\"og:image:width\" content=\"720\" \/>\n\t<meta property=\"og:image:height\" content=\"441\" \/>\n\t<meta property=\"og:image:type\" content=\"image\/jpeg\" \/>\n<meta name=\"author\" content=\"Redacci\u00f3n\" \/>\n<meta name=\"twitter:card\" content=\"summary_large_image\" \/>\n<meta name=\"twitter:creator\" content=\"@nuevodigescobar\" \/>\n<meta name=\"twitter:site\" content=\"@nuevodigescobar\" \/>\n<meta name=\"twitter:label1\" content=\"Escrito por\" \/>\n\t<meta name=\"twitter:data1\" content=\"Redacci\u00f3n\" \/>\n\t<meta name=\"twitter:label2\" content=\"Tiempo de lectura\" \/>\n\t<meta name=\"twitter:data2\" content=\"4 minutos\" \/>\n<script type=\"application\/ld+json\" class=\"yoast-schema-graph\">{\"@context\":\"https:\/\/schema.org\",\"@graph\":[{\"@type\":\"Article\",\"@id\":\"https:\/\/nuevodigitaldeescobar.com.ar\/?p=7498#article\",\"isPartOf\":{\"@id\":\"https:\/\/nuevodigitaldeescobar.com.ar\/?p=7498\"},\"author\":{\"name\":\"Redacci\u00f3n\",\"@id\":\"https:\/\/nuevodigitaldeescobar.com.ar\/#\/schema\/person\/035e90a8efe9a80e6eec22656ad6ea4c\"},\"headline\":\"La balanza comercial tuvo super\u00e1vit en julio y acumula ocho meses de saldo positivo\",\"datePublished\":\"2024-08-21T10:00:00+00:00\",\"mainEntityOfPage\":{\"@id\":\"https:\/\/nuevodigitaldeescobar.com.ar\/?p=7498\"},\"wordCount\":783,\"commentCount\":0,\"publisher\":{\"@id\":\"https:\/\/nuevodigitaldeescobar.com.ar\/#organization\"},\"image\":{\"@id\":\"https:\/\/nuevodigitaldeescobar.com.ar\/?p=7498#primaryimage\"},\"thumbnailUrl\":\"https:\/\/nuevodigitaldeescobar.com.ar\/wp-content\/uploads\/2024\/08\/exportaciones-e1724194927275.jpg\",\"articleSection\":[\"Econom\u00eda\"],\"inLanguage\":\"es\",\"potentialAction\":[{\"@type\":\"CommentAction\",\"name\":\"Comment\",\"target\":[\"https:\/\/nuevodigitaldeescobar.com.ar\/?p=7498#respond\"]}]},{\"@type\":\"WebPage\",\"@id\":\"https:\/\/nuevodigitaldeescobar.com.ar\/?p=7498\",\"url\":\"https:\/\/nuevodigitaldeescobar.com.ar\/?p=7498\",\"name\":\"La balanza comercial tuvo super\u00e1vit en julio y acumula ocho meses de saldo positivo - Nuevo Digital de Escobar\",\"isPartOf\":{\"@id\":\"https:\/\/nuevodigitaldeescobar.com.ar\/#website\"},\"primaryImageOfPage\":{\"@id\":\"https:\/\/nuevodigitaldeescobar.com.ar\/?p=7498#primaryimage\"},\"image\":{\"@id\":\"https:\/\/nuevodigitaldeescobar.com.ar\/?p=7498#primaryimage\"},\"thumbnailUrl\":\"https:\/\/nuevodigitaldeescobar.com.ar\/wp-content\/uploads\/2024\/08\/exportaciones-e1724194927275.jpg\",\"datePublished\":\"2024-08-21T10:00:00+00:00\",\"breadcrumb\":{\"@id\":\"https:\/\/nuevodigitaldeescobar.com.ar\/?p=7498#breadcrumb\"},\"inLanguage\":\"es\",\"potentialAction\":[{\"@type\":\"ReadAction\",\"target\":[\"https:\/\/nuevodigitaldeescobar.com.ar\/?p=7498\"]}]},{\"@type\":\"ImageObject\",\"inLanguage\":\"es\",\"@id\":\"https:\/\/nuevodigitaldeescobar.com.ar\/?p=7498#primaryimage\",\"url\":\"https:\/\/nuevodigitaldeescobar.com.ar\/wp-content\/uploads\/2024\/08\/exportaciones-e1724194927275.jpg\",\"contentUrl\":\"https:\/\/nuevodigitaldeescobar.com.ar\/wp-content\/uploads\/2024\/08\/exportaciones-e1724194927275.jpg\",\"width\":720,\"height\":441},{\"@type\":\"BreadcrumbList\",\"@id\":\"https:\/\/nuevodigitaldeescobar.com.ar\/?p=7498#breadcrumb\",\"itemListElement\":[{\"@type\":\"ListItem\",\"position\":1,\"name\":\"Portada\",\"item\":\"https:\/\/nuevodigitaldeescobar.com.ar\/\"},{\"@type\":\"ListItem\",\"position\":2,\"name\":\"La balanza comercial tuvo super\u00e1vit en julio y acumula ocho meses de saldo positivo\"}]},{\"@type\":\"WebSite\",\"@id\":\"https:\/\/nuevodigitaldeescobar.com.ar\/#website\",\"url\":\"https:\/\/nuevodigitaldeescobar.com.ar\/\",\"name\":\"Nuevo Digital de Escobar\",\"description\":\"La vida escobarense. Directora: Rosana Brunner\",\"publisher\":{\"@id\":\"https:\/\/nuevodigitaldeescobar.com.ar\/#organization\"},\"potentialAction\":[{\"@type\":\"SearchAction\",\"target\":{\"@type\":\"EntryPoint\",\"urlTemplate\":\"https:\/\/nuevodigitaldeescobar.com.ar\/?s={search_term_string}\"},\"query-input\":{\"@type\":\"PropertyValueSpecification\",\"valueRequired\":true,\"valueName\":\"search_term_string\"}}],\"inLanguage\":\"es\"},{\"@type\":\"Organization\",\"@id\":\"https:\/\/nuevodigitaldeescobar.com.ar\/#organization\",\"name\":\"Nuevo Digital de Escobar\",\"url\":\"https:\/\/nuevodigitaldeescobar.com.ar\/\",\"logo\":{\"@type\":\"ImageObject\",\"inLanguage\":\"es\",\"@id\":\"https:\/\/nuevodigitaldeescobar.com.ar\/#\/schema\/logo\/image\/\",\"url\":\"https:\/\/nuevodigitaldeescobar.com.ar\/wp-content\/uploads\/2025\/05\/cropped-logo-nuevo2.jpg\",\"contentUrl\":\"https:\/\/nuevodigitaldeescobar.com.ar\/wp-content\/uploads\/2025\/05\/cropped-logo-nuevo2.jpg\",\"width\":305,\"height\":305,\"caption\":\"Nuevo Digital de Escobar\"},\"image\":{\"@id\":\"https:\/\/nuevodigitaldeescobar.com.ar\/#\/schema\/logo\/image\/\"},\"sameAs\":[\"https:\/\/www.facebook.com\/NUEVODigitalDeEscobar\",\"https:\/\/x.com\/nuevodigescobar\",\"https:\/\/www.instagram.com\/nuevodigitaldeescobar\"]},{\"@type\":\"Person\",\"@id\":\"https:\/\/nuevodigitaldeescobar.com.ar\/#\/schema\/person\/035e90a8efe9a80e6eec22656ad6ea4c\",\"name\":\"Redacci\u00f3n\",\"image\":{\"@type\":\"ImageObject\",\"inLanguage\":\"es\",\"@id\":\"https:\/\/nuevodigitaldeescobar.com.ar\/#\/schema\/person\/image\/\",\"url\":\"https:\/\/secure.gravatar.com\/avatar\/8af8f40000c24e9eef3034f2be5998a372bb1389e64b1a4a36b3a7979142220d?s=96&d=mm&r=g\",\"contentUrl\":\"https:\/\/secure.gravatar.com\/avatar\/8af8f40000c24e9eef3034f2be5998a372bb1389e64b1a4a36b3a7979142220d?s=96&d=mm&r=g\",\"caption\":\"Redacci\u00f3n\"},\"sameAs\":[\"http:\/\/nuevodigitaldeescobar.com.ar\"],\"url\":\"https:\/\/nuevodigitaldeescobar.com.ar\/?author=1\"}]}<\/script>\n<!-- \/ Yoast SEO plugin. -->","yoast_head_json":{"title":"La balanza comercial tuvo super\u00e1vit en julio y acumula ocho meses de saldo positivo - Nuevo Digital de Escobar","robots":{"index":"index","follow":"follow","max-snippet":"max-snippet:-1","max-image-preview":"max-image-preview:large","max-video-preview":"max-video-preview:-1"},"canonical":"https:\/\/nuevodigitaldeescobar.com.ar\/?p=7498","og_locale":"es_ES","og_type":"article","og_title":"La balanza comercial tuvo super\u00e1vit en julio y acumula ocho meses de saldo positivo - Nuevo Digital de Escobar","og_description":"En lo que va del a\u00f1o el balance entre exportaciones e importaciones es favorable en m\u00e1s de USD 12.600 millones. El Gobierno se apoyar\u00e1 en [&hellip;]","og_url":"https:\/\/nuevodigitaldeescobar.com.ar\/?p=7498","og_site_name":"Nuevo Digital de Escobar","article_publisher":"https:\/\/www.facebook.com\/NUEVODigitalDeEscobar","article_published_time":"2024-08-21T10:00:00+00:00","og_image":[{"width":720,"height":441,"url":"https:\/\/nuevodigitaldeescobar.com.ar\/wp-content\/uploads\/2024\/08\/exportaciones-e1724194927275.jpg","type":"image\/jpeg"}],"author":"Redacci\u00f3n","twitter_card":"summary_large_image","twitter_creator":"@nuevodigescobar","twitter_site":"@nuevodigescobar","twitter_misc":{"Escrito por":"Redacci\u00f3n","Tiempo de lectura":"4 minutos"},"schema":{"@context":"https:\/\/schema.org","@graph":[{"@type":"Article","@id":"https:\/\/nuevodigitaldeescobar.com.ar\/?p=7498#article","isPartOf":{"@id":"https:\/\/nuevodigitaldeescobar.com.ar\/?p=7498"},"author":{"name":"Redacci\u00f3n","@id":"https:\/\/nuevodigitaldeescobar.com.ar\/#\/schema\/person\/035e90a8efe9a80e6eec22656ad6ea4c"},"headline":"La balanza comercial tuvo super\u00e1vit en julio y acumula ocho meses de saldo positivo","datePublished":"2024-08-21T10:00:00+00:00","mainEntityOfPage":{"@id":"https:\/\/nuevodigitaldeescobar.com.ar\/?p=7498"},"wordCount":783,"commentCount":0,"publisher":{"@id":"https:\/\/nuevodigitaldeescobar.com.ar\/#organization"},"image":{"@id":"https:\/\/nuevodigitaldeescobar.com.ar\/?p=7498#primaryimage"},"thumbnailUrl":"https:\/\/nuevodigitaldeescobar.com.ar\/wp-content\/uploads\/2024\/08\/exportaciones-e1724194927275.jpg","articleSection":["Econom\u00eda"],"inLanguage":"es","potentialAction":[{"@type":"CommentAction","name":"Comment","target":["https:\/\/nuevodigitaldeescobar.com.ar\/?p=7498#respond"]}]},{"@type":"WebPage","@id":"https:\/\/nuevodigitaldeescobar.com.ar\/?p=7498","url":"https:\/\/nuevodigitaldeescobar.com.ar\/?p=7498","name":"La balanza comercial tuvo super\u00e1vit en julio y acumula ocho meses de saldo positivo - Nuevo Digital de Escobar","isPartOf":{"@id":"https:\/\/nuevodigitaldeescobar.com.ar\/#website"},"primaryImageOfPage":{"@id":"https:\/\/nuevodigitaldeescobar.com.ar\/?p=7498#primaryimage"},"image":{"@id":"https:\/\/nuevodigitaldeescobar.com.ar\/?p=7498#primaryimage"},"thumbnailUrl":"https:\/\/nuevodigitaldeescobar.com.ar\/wp-content\/uploads\/2024\/08\/exportaciones-e1724194927275.jpg","datePublished":"2024-08-21T10:00:00+00:00","breadcrumb":{"@id":"https:\/\/nuevodigitaldeescobar.com.ar\/?p=7498#breadcrumb"},"inLanguage":"es","potentialAction":[{"@type":"ReadAction","target":["https:\/\/nuevodigitaldeescobar.com.ar\/?p=7498"]}]},{"@type":"ImageObject","inLanguage":"es","@id":"https:\/\/nuevodigitaldeescobar.com.ar\/?p=7498#primaryimage","url":"https:\/\/nuevodigitaldeescobar.com.ar\/wp-content\/uploads\/2024\/08\/exportaciones-e1724194927275.jpg","contentUrl":"https:\/\/nuevodigitaldeescobar.com.ar\/wp-content\/uploads\/2024\/08\/exportaciones-e1724194927275.jpg","width":720,"height":441},{"@type":"BreadcrumbList","@id":"https:\/\/nuevodigitaldeescobar.com.ar\/?p=7498#breadcrumb","itemListElement":[{"@type":"ListItem","position":1,"name":"Portada","item":"https:\/\/nuevodigitaldeescobar.com.ar\/"},{"@type":"ListItem","position":2,"name":"La balanza comercial tuvo super\u00e1vit en julio y acumula ocho meses de saldo positivo"}]},{"@type":"WebSite","@id":"https:\/\/nuevodigitaldeescobar.com.ar\/#website","url":"https:\/\/nuevodigitaldeescobar.com.ar\/","name":"Nuevo Digital de Escobar","description":"La vida escobarense. Directora: Rosana Brunner","publisher":{"@id":"https:\/\/nuevodigitaldeescobar.com.ar\/#organization"},"potentialAction":[{"@type":"SearchAction","target":{"@type":"EntryPoint","urlTemplate":"https:\/\/nuevodigitaldeescobar.com.ar\/?s={search_term_string}"},"query-input":{"@type":"PropertyValueSpecification","valueRequired":true,"valueName":"search_term_string"}}],"inLanguage":"es"},{"@type":"Organization","@id":"https:\/\/nuevodigitaldeescobar.com.ar\/#organization","name":"Nuevo Digital de Escobar","url":"https:\/\/nuevodigitaldeescobar.com.ar\/","logo":{"@type":"ImageObject","inLanguage":"es","@id":"https:\/\/nuevodigitaldeescobar.com.ar\/#\/schema\/logo\/image\/","url":"https:\/\/nuevodigitaldeescobar.com.ar\/wp-content\/uploads\/2025\/05\/cropped-logo-nuevo2.jpg","contentUrl":"https:\/\/nuevodigitaldeescobar.com.ar\/wp-content\/uploads\/2025\/05\/cropped-logo-nuevo2.jpg","width":305,"height":305,"caption":"Nuevo Digital de Escobar"},"image":{"@id":"https:\/\/nuevodigitaldeescobar.com.ar\/#\/schema\/logo\/image\/"},"sameAs":["https:\/\/www.facebook.com\/NUEVODigitalDeEscobar","https:\/\/x.com\/nuevodigescobar","https:\/\/www.instagram.com\/nuevodigitaldeescobar"]},{"@type":"Person","@id":"https:\/\/nuevodigitaldeescobar.com.ar\/#\/schema\/person\/035e90a8efe9a80e6eec22656ad6ea4c","name":"Redacci\u00f3n","image":{"@type":"ImageObject","inLanguage":"es","@id":"https:\/\/nuevodigitaldeescobar.com.ar\/#\/schema\/person\/image\/","url":"https:\/\/secure.gravatar.com\/avatar\/8af8f40000c24e9eef3034f2be5998a372bb1389e64b1a4a36b3a7979142220d?s=96&d=mm&r=g","contentUrl":"https:\/\/secure.gravatar.com\/avatar\/8af8f40000c24e9eef3034f2be5998a372bb1389e64b1a4a36b3a7979142220d?s=96&d=mm&r=g","caption":"Redacci\u00f3n"},"sameAs":["http:\/\/nuevodigitaldeescobar.com.ar"],"url":"https:\/\/nuevodigitaldeescobar.com.ar\/?author=1"}]}},"featured_image_urls":{"full":["https:\/\/nuevodigitaldeescobar.com.ar\/wp-content\/uploads\/2024\/08\/exportaciones-e1724194927275.jpg",720,441,false],"thumbnail":["https:\/\/nuevodigitaldeescobar.com.ar\/wp-content\/uploads\/2024\/08\/exportaciones-e1724194927275-150x150.jpg",150,150,true],"medium":["https:\/\/nuevodigitaldeescobar.com.ar\/wp-content\/uploads\/2024\/08\/exportaciones-e1724194927275-300x184.jpg",300,184,true],"medium_large":["https:\/\/nuevodigitaldeescobar.com.ar\/wp-content\/uploads\/2024\/08\/exportaciones-e1724194927275.jpg",640,392,false],"large":["https:\/\/nuevodigitaldeescobar.com.ar\/wp-content\/uploads\/2024\/08\/exportaciones-e1724194927275.jpg",640,392,false],"1536x1536":["https:\/\/nuevodigitaldeescobar.com.ar\/wp-content\/uploads\/2024\/08\/exportaciones-e1724194927275.jpg",720,441,false],"2048x2048":["https:\/\/nuevodigitaldeescobar.com.ar\/wp-content\/uploads\/2024\/08\/exportaciones-e1724194927275.jpg",720,441,false]},"author_info":{"display_name":"Redacci\u00f3n","author_link":"https:\/\/nuevodigitaldeescobar.com.ar\/?author=1"},"category_info":"<a href=\"https:\/\/nuevodigitaldeescobar.com.ar\/?cat=10\" rel=\"category\">Econom\u00eda<\/a>","tag_info":"Econom\u00eda","comment_count":"0","_links":{"self":[{"href":"https:\/\/nuevodigitaldeescobar.com.ar\/index.php?rest_route=\/wp\/v2\/posts\/7498","targetHints":{"allow":["GET"]}}],"collection":[{"href":"https:\/\/nuevodigitaldeescobar.com.ar\/index.php?rest_route=\/wp\/v2\/posts"}],"about":[{"href":"https:\/\/nuevodigitaldeescobar.com.ar\/index.php?rest_route=\/wp\/v2\/types\/post"}],"author":[{"embeddable":true,"href":"https:\/\/nuevodigitaldeescobar.com.ar\/index.php?rest_route=\/wp\/v2\/users\/1"}],"replies":[{"embeddable":true,"href":"https:\/\/nuevodigitaldeescobar.com.ar\/index.php?rest_route=%2Fwp%2Fv2%2Fcomments&post=7498"}],"version-history":[{"count":1,"href":"https:\/\/nuevodigitaldeescobar.com.ar\/index.php?rest_route=\/wp\/v2\/posts\/7498\/revisions"}],"predecessor-version":[{"id":7501,"href":"https:\/\/nuevodigitaldeescobar.com.ar\/index.php?rest_route=\/wp\/v2\/posts\/7498\/revisions\/7501"}],"wp:featuredmedia":[{"embeddable":true,"href":"https:\/\/nuevodigitaldeescobar.com.ar\/index.php?rest_route=\/wp\/v2\/media\/7500"}],"wp:attachment":[{"href":"https:\/\/nuevodigitaldeescobar.com.ar\/index.php?rest_route=%2Fwp%2Fv2%2Fmedia&parent=7498"}],"wp:term":[{"taxonomy":"category","embeddable":true,"href":"https:\/\/nuevodigitaldeescobar.com.ar\/index.php?rest_route=%2Fwp%2Fv2%2Fcategories&post=7498"},{"taxonomy":"post_tag","embeddable":true,"href":"https:\/\/nuevodigitaldeescobar.com.ar\/index.php?rest_route=%2Fwp%2Fv2%2Ftags&post=7498"}],"curies":[{"name":"wp","href":"https:\/\/api.w.org\/{rel}","templated":true}]}}