{"id":7721,"date":"2024-08-30T15:23:01","date_gmt":"2024-08-30T18:23:01","guid":{"rendered":"https:\/\/nuevodigitaldeescobar.com.ar\/?p=7721"},"modified":"2024-08-30T15:23:13","modified_gmt":"2024-08-30T18:23:13","slug":"came-pide-que-el-gobierno-ponga-el-foco-en-los-formadores-de-precios","status":"publish","type":"post","link":"https:\/\/nuevodigitaldeescobar.com.ar\/?p=7721","title":{"rendered":"CAME pide que el Gobierno \u201cponga el foco\u201d en los formadores de precios"},"content":{"rendered":"<p><span style=\"color: #003366;\"><strong><em>El presidente de la C\u00e1mara, Alfredo Gonz\u00e1lez, destac\u00f3 la baja del impuesto PA\u00cdS. \u00abEsperamos que impacte en los productos para bajar el precio\u00bb, dijo e inst\u00f3 al Ministerio de Econom\u00eda a trabajar con las grandes empresas importadoras. Mientras tanto, advirti\u00f3 una \u00abfuerte contracci\u00f3n en todos los sectores\u00bb. Adem\u00e1s, apoy\u00f3 la reforma laboral.<\/em><\/strong><\/span><\/p>\n<p><!--more--><\/p>\n<hr \/>\n<p>En Mar del Plata, Alfredo Gonz\u00e1lez, presidente de la C\u00e1mara Argentina de la Mediana Empresa (CAME), abord\u00f3 con preocupaci\u00f3n la profunda crisis que afecta a las peque\u00f1as y medianas empresas (pymes), que en la ciudad llevan 16 meses con ca\u00edda en las ventas, y plante\u00f3 la necesidad de que el Gobierno <em>\u201cponga el foco en las empresas formadoras de precios\u201d<\/em>.<\/p>\n<p>Gonz\u00e1lez brind\u00f3 una conferencia de prensa junto a Blas Taladrid, presidente de la Uni\u00f3n del Comercio, la Industria y la Producci\u00f3n (UCIP) en la sede de dicha entidad, y se\u00f1al\u00f3 que a nivel nacional hay una <em>\u201ccontracci\u00f3n fuerte en todos los sectores de la econom\u00eda Pyme\u201d<\/em>.<\/p>\n<p>Seg\u00fan el presidente de CAME, los datos m\u00e1s recientes reflejan una ca\u00edda significativa en las ventas, que se ha profundizado en los \u00faltimos meses. <em>\u201cLos \u00faltimos informes muestran n\u00fameros negativos. La contracci\u00f3n viene desde principios de a\u00f1o, fue aminorando en el segundo trimestre, pero en junio volvimos a tener una ca\u00edda importante de casi el 22% en la venta minorista, seguido de una ca\u00edda del 15% en julio\u201d<\/em>, detall\u00f3 Gonz\u00e1lez.<\/p>\n<p>Esta disminuci\u00f3n en las ventas, explic\u00f3, tiene un <em>\u201cimpacto directo\u201d<\/em> en la producci\u00f3n de las pymes. Aunque algunos sectores como el agropecuario, la energ\u00eda y la miner\u00eda muestran signos de estabilidad o crecimiento, la realidad para la mayor\u00eda de las peque\u00f1as y medianas empresas <em>\u201csigue siendo desalentadora\u201d<\/em>.<\/p>\n<p>Durante la conferencia, Gonz\u00e1lez destac\u00f3 que CAME ha presentado diversas alternativas y propuestas al Gobierno, <em>\u201calgunas de las cuales han sido aceptadas, mientras que otras no\u201d<\/em>, pero, en principio, reconoci\u00f3 que no hay certezas respecto a cu\u00e1ndo la actividad podr\u00eda repuntar.<\/p>\n<p>En particular, se refiri\u00f3 a la reciente baja del impuesto PAIS, se\u00f1alando que cualquier reducci\u00f3n impositiva es bienvenida: <em>\u201cEsperemos que en los pr\u00f3ximos meses impacte en los productos para poder bajar el precio\u201d<\/em>, coment\u00f3 Gonz\u00e1lez. No obstante, tambi\u00e9n subray\u00f3 la necesidad de reducir la presi\u00f3n tributaria sobre las pymes para que puedan ser competitivas en un mercado cada vez m\u00e1s desafiante.<\/p>\n<p>En ese sentido, abord\u00f3 un tema crucial: el impacto de los formadores de precios. Seg\u00fan \u00e9l, las empresas que integran CAME <em>\u201cno tienen capacidad para fijar precios\u201d<\/em>, a diferencia de las grandes empresas y los importadores, que s\u00ed pueden hacerlo.<\/p>\n<p><em>\u201cNosotros recibimos la lista de precios y cada vez vemos que nos quedamos m\u00e1s fuera de foco porque a nuestros clientes no les alcanza\u201d<\/em>, dijo.<\/p>\n<p><em>\u201cLas empresas que est\u00e1n en CAME no son formadores de precios. Por fuera, hay c\u00e1maras que nuclean a empresas que s\u00ed marcan el precio de base. Con ese sector debe trabajar el Gobierno\u201d<\/em>, explic\u00f3, y a\u00f1adi\u00f3 que el Ministerio de Econom\u00eda deber\u00eda <em>\u201cponer el foco\u201d<\/em> en estas grandes empresas que influyen en los precios, ya que son ellas las que <em>\u201cimpactan directamente\u201d<\/em> en el poder adquisitivo de los clientes de las pymes.<\/p>\n<p>En relaci\u00f3n con la reforma laboral impulsada por el Gobierno nacional, Gonz\u00e1lez expres\u00f3 un apoyo condicionado: <em>\u201cCreemos que es positivo, si bien esper\u00e1bamos otras cosas, estamos colaborando\u201d<\/em>, coment\u00f3.<\/p>\n<p>Subray\u00f3 que, tras 50 a\u00f1os de una ley laboral que <em>\u201cinicialmente favoreci\u00f3 a los trabajadores\u201d<\/em>, esta <em>\u201ctermin\u00f3 volvi\u00e9ndose desfavorable\u201d<\/em>, sobre todo debido al <em>\u201caumento de los intereses en los juicios laborales\u201d<\/em>.<\/p>\n<p>Gonz\u00e1lez destac\u00f3 la necesidad de <em>\u201calivianar los intereses contra los juicios laborales, que han llegado a ser de 7000% anual\u201d<\/em>. Enfatiz\u00f3 que esta medida <em>\u201cno busca vulnerar los derechos adquiridos de los trabajadores\u201d<\/em>, sino garantizar <em>\u201cun equilibrio m\u00e1s justo para empleadores y empleados\u201d<\/em>.<\/p>\n<p>Gonz\u00e1lez y Blas Taladrid anunciaron que el Consejo Federal de CAME se reunir\u00e1 nuevamente en Mar del Plata los pr\u00f3ximos 5 y 6 de diciembre, con la participaci\u00f3n de m\u00e1s de 150 dirigentes y empresarios de todo el pa\u00eds.<\/p>\n<p>Esta reuni\u00f3n, con fuerte car\u00e1cter federal, se repite dos a\u00f1os despu\u00e9s de la \u00faltima en la misma ciudad, y servir\u00e1 como plataforma para continuar el di\u00e1logo y la b\u00fasqueda de soluciones a los desaf\u00edos que enfrentan las pymes argentinas.<\/p>\n<p><em>(CAME)<\/em><\/p>\n","protected":false},"excerpt":{"rendered":"<p>El presidente de la C\u00e1mara, Alfredo Gonz\u00e1lez, destac\u00f3 la baja del impuesto PA\u00cdS. \u00abEsperamos que impacte en los productos para bajar el precio\u00bb, dijo e [&hellip;]<\/p>\n","protected":false},"author":1,"featured_media":7722,"comment_status":"open","ping_status":"open","sticky":false,"template":"","format":"standard","meta":{"footnotes":""},"categories":[10,61],"tags":[],"class_list":["post-7721","post","type-post","status-publish","format-standard","has-post-thumbnail","hentry","category-economia","category-nacionales"],"better_featured_image":{"id":7722,"alt_text":"","caption":"","description":"","media_type":"image","media_details":{"width":720,"height":480,"file":"2024\/08\/Alfredo-Gonzalez-presidente-de-CAME-Bras-Taladrid-presidente-de-UCIP-e1725042175943.jpg","filesize":111417,"sizes":{"medium":{"file":"Alfredo-Gonzalez-presidente-de-CAME-Bras-Taladrid-presidente-de-UCIP-300x200.jpg","width":300,"height":200,"mime-type":"image\/jpeg","filesize":12796,"source_url":"https:\/\/nuevodigitaldeescobar.com.ar\/wp-content\/uploads\/2024\/08\/Alfredo-Gonzalez-presidente-de-CAME-Bras-Taladrid-presidente-de-UCIP-300x200.jpg"},"thumbnail":{"file":"Alfredo-Gonzalez-presidente-de-CAME-Bras-Taladrid-presidente-de-UCIP-150x150.jpg","width":150,"height":150,"mime-type":"image\/jpeg","filesize":6514,"source_url":"https:\/\/nuevodigitaldeescobar.com.ar\/wp-content\/uploads\/2024\/08\/Alfredo-Gonzalez-presidente-de-CAME-Bras-Taladrid-presidente-de-UCIP-150x150.jpg"},"medium_large":{"file":"Alfredo-Gonzalez-presidente-de-CAME-Bras-Taladrid-presidente-de-UCIP-768x512.jpg","width":768,"height":512,"mime-type":"image\/jpeg","filesize":53470,"source_url":"https:\/\/nuevodigitaldeescobar.com.ar\/wp-content\/uploads\/2024\/08\/Alfredo-Gonzalez-presidente-de-CAME-Bras-Taladrid-presidente-de-UCIP-768x512.jpg"}},"image_meta":{"aperture":"0","credit":"","camera":"","caption":"","created_timestamp":"0","copyright":"","focal_length":"0","iso":"0","shutter_speed":"0","title":"","orientation":"0","keywords":[]}},"post":7721,"source_url":"https:\/\/nuevodigitaldeescobar.com.ar\/wp-content\/uploads\/2024\/08\/Alfredo-Gonzalez-presidente-de-CAME-Bras-Taladrid-presidente-de-UCIP-e1725042175943.jpg"},"yoast_head":"<!-- This site is optimized with the Yoast SEO plugin v26.1.1 - https:\/\/yoast.com\/wordpress\/plugins\/seo\/ -->\n<title>CAME pide que el Gobierno \u201cponga el foco\u201d en los formadores de precios - Nuevo Digital de Escobar<\/title>\n<meta name=\"robots\" content=\"index, follow, max-snippet:-1, max-image-preview:large, max-video-preview:-1\" \/>\n<link rel=\"canonical\" href=\"https:\/\/nuevodigitaldeescobar.com.ar\/?p=7721\" \/>\n<meta property=\"og:locale\" content=\"es_ES\" \/>\n<meta property=\"og:type\" content=\"article\" \/>\n<meta property=\"og:title\" content=\"CAME pide que el Gobierno \u201cponga el foco\u201d en los formadores de precios - Nuevo Digital de Escobar\" \/>\n<meta property=\"og:description\" content=\"El presidente de la C\u00e1mara, Alfredo Gonz\u00e1lez, destac\u00f3 la baja del impuesto PA\u00cdS. \u00abEsperamos que impacte en los productos para bajar el precio\u00bb, dijo e [&hellip;]\" \/>\n<meta property=\"og:url\" content=\"https:\/\/nuevodigitaldeescobar.com.ar\/?p=7721\" \/>\n<meta property=\"og:site_name\" content=\"Nuevo Digital de Escobar\" \/>\n<meta property=\"article:publisher\" content=\"https:\/\/www.facebook.com\/NUEVODigitalDeEscobar\" \/>\n<meta property=\"article:published_time\" content=\"2024-08-30T18:23:01+00:00\" \/>\n<meta property=\"article:modified_time\" content=\"2024-08-30T18:23:13+00:00\" \/>\n<meta property=\"og:image\" content=\"https:\/\/nuevodigitaldeescobar.com.ar\/wp-content\/uploads\/2024\/08\/Alfredo-Gonzalez-presidente-de-CAME-Bras-Taladrid-presidente-de-UCIP-e1725042175943.jpg\" \/>\n\t<meta property=\"og:image:width\" content=\"720\" \/>\n\t<meta property=\"og:image:height\" content=\"480\" \/>\n\t<meta property=\"og:image:type\" content=\"image\/jpeg\" \/>\n<meta name=\"author\" content=\"Redacci\u00f3n\" \/>\n<meta name=\"twitter:card\" content=\"summary_large_image\" \/>\n<meta name=\"twitter:creator\" content=\"@nuevodigescobar\" \/>\n<meta name=\"twitter:site\" content=\"@nuevodigescobar\" \/>\n<meta name=\"twitter:label1\" content=\"Escrito por\" \/>\n\t<meta name=\"twitter:data1\" content=\"Redacci\u00f3n\" \/>\n\t<meta name=\"twitter:label2\" content=\"Tiempo de lectura\" \/>\n\t<meta name=\"twitter:data2\" content=\"4 minutos\" \/>\n<script type=\"application\/ld+json\" class=\"yoast-schema-graph\">{\"@context\":\"https:\/\/schema.org\",\"@graph\":[{\"@type\":\"Article\",\"@id\":\"https:\/\/nuevodigitaldeescobar.com.ar\/?p=7721#article\",\"isPartOf\":{\"@id\":\"https:\/\/nuevodigitaldeescobar.com.ar\/?p=7721\"},\"author\":{\"name\":\"Redacci\u00f3n\",\"@id\":\"https:\/\/nuevodigitaldeescobar.com.ar\/#\/schema\/person\/035e90a8efe9a80e6eec22656ad6ea4c\"},\"headline\":\"CAME pide que el Gobierno \u201cponga el foco\u201d en los formadores de precios\",\"datePublished\":\"2024-08-30T18:23:01+00:00\",\"dateModified\":\"2024-08-30T18:23:13+00:00\",\"mainEntityOfPage\":{\"@id\":\"https:\/\/nuevodigitaldeescobar.com.ar\/?p=7721\"},\"wordCount\":768,\"commentCount\":0,\"publisher\":{\"@id\":\"https:\/\/nuevodigitaldeescobar.com.ar\/#organization\"},\"image\":{\"@id\":\"https:\/\/nuevodigitaldeescobar.com.ar\/?p=7721#primaryimage\"},\"thumbnailUrl\":\"https:\/\/nuevodigitaldeescobar.com.ar\/wp-content\/uploads\/2024\/08\/Alfredo-Gonzalez-presidente-de-CAME-Bras-Taladrid-presidente-de-UCIP-e1725042175943.jpg\",\"articleSection\":[\"Econom\u00eda\",\"Nacionales\"],\"inLanguage\":\"es\",\"potentialAction\":[{\"@type\":\"CommentAction\",\"name\":\"Comment\",\"target\":[\"https:\/\/nuevodigitaldeescobar.com.ar\/?p=7721#respond\"]}]},{\"@type\":\"WebPage\",\"@id\":\"https:\/\/nuevodigitaldeescobar.com.ar\/?p=7721\",\"url\":\"https:\/\/nuevodigitaldeescobar.com.ar\/?p=7721\",\"name\":\"CAME pide que el Gobierno \u201cponga el foco\u201d en los formadores de precios - Nuevo Digital de Escobar\",\"isPartOf\":{\"@id\":\"https:\/\/nuevodigitaldeescobar.com.ar\/#website\"},\"primaryImageOfPage\":{\"@id\":\"https:\/\/nuevodigitaldeescobar.com.ar\/?p=7721#primaryimage\"},\"image\":{\"@id\":\"https:\/\/nuevodigitaldeescobar.com.ar\/?p=7721#primaryimage\"},\"thumbnailUrl\":\"https:\/\/nuevodigitaldeescobar.com.ar\/wp-content\/uploads\/2024\/08\/Alfredo-Gonzalez-presidente-de-CAME-Bras-Taladrid-presidente-de-UCIP-e1725042175943.jpg\",\"datePublished\":\"2024-08-30T18:23:01+00:00\",\"dateModified\":\"2024-08-30T18:23:13+00:00\",\"breadcrumb\":{\"@id\":\"https:\/\/nuevodigitaldeescobar.com.ar\/?p=7721#breadcrumb\"},\"inLanguage\":\"es\",\"potentialAction\":[{\"@type\":\"ReadAction\",\"target\":[\"https:\/\/nuevodigitaldeescobar.com.ar\/?p=7721\"]}]},{\"@type\":\"ImageObject\",\"inLanguage\":\"es\",\"@id\":\"https:\/\/nuevodigitaldeescobar.com.ar\/?p=7721#primaryimage\",\"url\":\"https:\/\/nuevodigitaldeescobar.com.ar\/wp-content\/uploads\/2024\/08\/Alfredo-Gonzalez-presidente-de-CAME-Bras-Taladrid-presidente-de-UCIP-e1725042175943.jpg\",\"contentUrl\":\"https:\/\/nuevodigitaldeescobar.com.ar\/wp-content\/uploads\/2024\/08\/Alfredo-Gonzalez-presidente-de-CAME-Bras-Taladrid-presidente-de-UCIP-e1725042175943.jpg\",\"width\":720,\"height\":480},{\"@type\":\"BreadcrumbList\",\"@id\":\"https:\/\/nuevodigitaldeescobar.com.ar\/?p=7721#breadcrumb\",\"itemListElement\":[{\"@type\":\"ListItem\",\"position\":1,\"name\":\"Portada\",\"item\":\"https:\/\/nuevodigitaldeescobar.com.ar\/\"},{\"@type\":\"ListItem\",\"position\":2,\"name\":\"CAME pide que el Gobierno \u201cponga el foco\u201d en los formadores de precios\"}]},{\"@type\":\"WebSite\",\"@id\":\"https:\/\/nuevodigitaldeescobar.com.ar\/#website\",\"url\":\"https:\/\/nuevodigitaldeescobar.com.ar\/\",\"name\":\"Nuevo Digital de Escobar\",\"description\":\"La vida escobarense. Directora: Rosana Brunner\",\"publisher\":{\"@id\":\"https:\/\/nuevodigitaldeescobar.com.ar\/#organization\"},\"potentialAction\":[{\"@type\":\"SearchAction\",\"target\":{\"@type\":\"EntryPoint\",\"urlTemplate\":\"https:\/\/nuevodigitaldeescobar.com.ar\/?s={search_term_string}\"},\"query-input\":{\"@type\":\"PropertyValueSpecification\",\"valueRequired\":true,\"valueName\":\"search_term_string\"}}],\"inLanguage\":\"es\"},{\"@type\":\"Organization\",\"@id\":\"https:\/\/nuevodigitaldeescobar.com.ar\/#organization\",\"name\":\"Nuevo Digital de Escobar\",\"url\":\"https:\/\/nuevodigitaldeescobar.com.ar\/\",\"logo\":{\"@type\":\"ImageObject\",\"inLanguage\":\"es\",\"@id\":\"https:\/\/nuevodigitaldeescobar.com.ar\/#\/schema\/logo\/image\/\",\"url\":\"https:\/\/nuevodigitaldeescobar.com.ar\/wp-content\/uploads\/2025\/05\/cropped-logo-nuevo2.jpg\",\"contentUrl\":\"https:\/\/nuevodigitaldeescobar.com.ar\/wp-content\/uploads\/2025\/05\/cropped-logo-nuevo2.jpg\",\"width\":305,\"height\":305,\"caption\":\"Nuevo Digital de Escobar\"},\"image\":{\"@id\":\"https:\/\/nuevodigitaldeescobar.com.ar\/#\/schema\/logo\/image\/\"},\"sameAs\":[\"https:\/\/www.facebook.com\/NUEVODigitalDeEscobar\",\"https:\/\/x.com\/nuevodigescobar\",\"https:\/\/www.instagram.com\/nuevodigitaldeescobar\"]},{\"@type\":\"Person\",\"@id\":\"https:\/\/nuevodigitaldeescobar.com.ar\/#\/schema\/person\/035e90a8efe9a80e6eec22656ad6ea4c\",\"name\":\"Redacci\u00f3n\",\"image\":{\"@type\":\"ImageObject\",\"inLanguage\":\"es\",\"@id\":\"https:\/\/nuevodigitaldeescobar.com.ar\/#\/schema\/person\/image\/\",\"url\":\"https:\/\/secure.gravatar.com\/avatar\/8af8f40000c24e9eef3034f2be5998a372bb1389e64b1a4a36b3a7979142220d?s=96&d=mm&r=g\",\"contentUrl\":\"https:\/\/secure.gravatar.com\/avatar\/8af8f40000c24e9eef3034f2be5998a372bb1389e64b1a4a36b3a7979142220d?s=96&d=mm&r=g\",\"caption\":\"Redacci\u00f3n\"},\"sameAs\":[\"http:\/\/nuevodigitaldeescobar.com.ar\"],\"url\":\"https:\/\/nuevodigitaldeescobar.com.ar\/?author=1\"}]}<\/script>\n<!-- \/ Yoast SEO plugin. -->","yoast_head_json":{"title":"CAME pide que el Gobierno \u201cponga el foco\u201d en los formadores de precios - Nuevo Digital de Escobar","robots":{"index":"index","follow":"follow","max-snippet":"max-snippet:-1","max-image-preview":"max-image-preview:large","max-video-preview":"max-video-preview:-1"},"canonical":"https:\/\/nuevodigitaldeescobar.com.ar\/?p=7721","og_locale":"es_ES","og_type":"article","og_title":"CAME pide que el Gobierno \u201cponga el foco\u201d en los formadores de precios - Nuevo Digital de Escobar","og_description":"El presidente de la C\u00e1mara, Alfredo Gonz\u00e1lez, destac\u00f3 la baja del impuesto PA\u00cdS. \u00abEsperamos que impacte en los productos para bajar el precio\u00bb, dijo e [&hellip;]","og_url":"https:\/\/nuevodigitaldeescobar.com.ar\/?p=7721","og_site_name":"Nuevo Digital de Escobar","article_publisher":"https:\/\/www.facebook.com\/NUEVODigitalDeEscobar","article_published_time":"2024-08-30T18:23:01+00:00","article_modified_time":"2024-08-30T18:23:13+00:00","og_image":[{"width":720,"height":480,"url":"https:\/\/nuevodigitaldeescobar.com.ar\/wp-content\/uploads\/2024\/08\/Alfredo-Gonzalez-presidente-de-CAME-Bras-Taladrid-presidente-de-UCIP-e1725042175943.jpg","type":"image\/jpeg"}],"author":"Redacci\u00f3n","twitter_card":"summary_large_image","twitter_creator":"@nuevodigescobar","twitter_site":"@nuevodigescobar","twitter_misc":{"Escrito por":"Redacci\u00f3n","Tiempo de lectura":"4 minutos"},"schema":{"@context":"https:\/\/schema.org","@graph":[{"@type":"Article","@id":"https:\/\/nuevodigitaldeescobar.com.ar\/?p=7721#article","isPartOf":{"@id":"https:\/\/nuevodigitaldeescobar.com.ar\/?p=7721"},"author":{"name":"Redacci\u00f3n","@id":"https:\/\/nuevodigitaldeescobar.com.ar\/#\/schema\/person\/035e90a8efe9a80e6eec22656ad6ea4c"},"headline":"CAME pide que el Gobierno \u201cponga el foco\u201d en los formadores de precios","datePublished":"2024-08-30T18:23:01+00:00","dateModified":"2024-08-30T18:23:13+00:00","mainEntityOfPage":{"@id":"https:\/\/nuevodigitaldeescobar.com.ar\/?p=7721"},"wordCount":768,"commentCount":0,"publisher":{"@id":"https:\/\/nuevodigitaldeescobar.com.ar\/#organization"},"image":{"@id":"https:\/\/nuevodigitaldeescobar.com.ar\/?p=7721#primaryimage"},"thumbnailUrl":"https:\/\/nuevodigitaldeescobar.com.ar\/wp-content\/uploads\/2024\/08\/Alfredo-Gonzalez-presidente-de-CAME-Bras-Taladrid-presidente-de-UCIP-e1725042175943.jpg","articleSection":["Econom\u00eda","Nacionales"],"inLanguage":"es","potentialAction":[{"@type":"CommentAction","name":"Comment","target":["https:\/\/nuevodigitaldeescobar.com.ar\/?p=7721#respond"]}]},{"@type":"WebPage","@id":"https:\/\/nuevodigitaldeescobar.com.ar\/?p=7721","url":"https:\/\/nuevodigitaldeescobar.com.ar\/?p=7721","name":"CAME pide que el Gobierno \u201cponga el foco\u201d en los formadores de precios - Nuevo Digital de Escobar","isPartOf":{"@id":"https:\/\/nuevodigitaldeescobar.com.ar\/#website"},"primaryImageOfPage":{"@id":"https:\/\/nuevodigitaldeescobar.com.ar\/?p=7721#primaryimage"},"image":{"@id":"https:\/\/nuevodigitaldeescobar.com.ar\/?p=7721#primaryimage"},"thumbnailUrl":"https:\/\/nuevodigitaldeescobar.com.ar\/wp-content\/uploads\/2024\/08\/Alfredo-Gonzalez-presidente-de-CAME-Bras-Taladrid-presidente-de-UCIP-e1725042175943.jpg","datePublished":"2024-08-30T18:23:01+00:00","dateModified":"2024-08-30T18:23:13+00:00","breadcrumb":{"@id":"https:\/\/nuevodigitaldeescobar.com.ar\/?p=7721#breadcrumb"},"inLanguage":"es","potentialAction":[{"@type":"ReadAction","target":["https:\/\/nuevodigitaldeescobar.com.ar\/?p=7721"]}]},{"@type":"ImageObject","inLanguage":"es","@id":"https:\/\/nuevodigitaldeescobar.com.ar\/?p=7721#primaryimage","url":"https:\/\/nuevodigitaldeescobar.com.ar\/wp-content\/uploads\/2024\/08\/Alfredo-Gonzalez-presidente-de-CAME-Bras-Taladrid-presidente-de-UCIP-e1725042175943.jpg","contentUrl":"https:\/\/nuevodigitaldeescobar.com.ar\/wp-content\/uploads\/2024\/08\/Alfredo-Gonzalez-presidente-de-CAME-Bras-Taladrid-presidente-de-UCIP-e1725042175943.jpg","width":720,"height":480},{"@type":"BreadcrumbList","@id":"https:\/\/nuevodigitaldeescobar.com.ar\/?p=7721#breadcrumb","itemListElement":[{"@type":"ListItem","position":1,"name":"Portada","item":"https:\/\/nuevodigitaldeescobar.com.ar\/"},{"@type":"ListItem","position":2,"name":"CAME pide que el Gobierno \u201cponga el foco\u201d en los formadores de precios"}]},{"@type":"WebSite","@id":"https:\/\/nuevodigitaldeescobar.com.ar\/#website","url":"https:\/\/nuevodigitaldeescobar.com.ar\/","name":"Nuevo Digital de Escobar","description":"La vida escobarense. Directora: Rosana Brunner","publisher":{"@id":"https:\/\/nuevodigitaldeescobar.com.ar\/#organization"},"potentialAction":[{"@type":"SearchAction","target":{"@type":"EntryPoint","urlTemplate":"https:\/\/nuevodigitaldeescobar.com.ar\/?s={search_term_string}"},"query-input":{"@type":"PropertyValueSpecification","valueRequired":true,"valueName":"search_term_string"}}],"inLanguage":"es"},{"@type":"Organization","@id":"https:\/\/nuevodigitaldeescobar.com.ar\/#organization","name":"Nuevo Digital de Escobar","url":"https:\/\/nuevodigitaldeescobar.com.ar\/","logo":{"@type":"ImageObject","inLanguage":"es","@id":"https:\/\/nuevodigitaldeescobar.com.ar\/#\/schema\/logo\/image\/","url":"https:\/\/nuevodigitaldeescobar.com.ar\/wp-content\/uploads\/2025\/05\/cropped-logo-nuevo2.jpg","contentUrl":"https:\/\/nuevodigitaldeescobar.com.ar\/wp-content\/uploads\/2025\/05\/cropped-logo-nuevo2.jpg","width":305,"height":305,"caption":"Nuevo Digital de Escobar"},"image":{"@id":"https:\/\/nuevodigitaldeescobar.com.ar\/#\/schema\/logo\/image\/"},"sameAs":["https:\/\/www.facebook.com\/NUEVODigitalDeEscobar","https:\/\/x.com\/nuevodigescobar","https:\/\/www.instagram.com\/nuevodigitaldeescobar"]},{"@type":"Person","@id":"https:\/\/nuevodigitaldeescobar.com.ar\/#\/schema\/person\/035e90a8efe9a80e6eec22656ad6ea4c","name":"Redacci\u00f3n","image":{"@type":"ImageObject","inLanguage":"es","@id":"https:\/\/nuevodigitaldeescobar.com.ar\/#\/schema\/person\/image\/","url":"https:\/\/secure.gravatar.com\/avatar\/8af8f40000c24e9eef3034f2be5998a372bb1389e64b1a4a36b3a7979142220d?s=96&d=mm&r=g","contentUrl":"https:\/\/secure.gravatar.com\/avatar\/8af8f40000c24e9eef3034f2be5998a372bb1389e64b1a4a36b3a7979142220d?s=96&d=mm&r=g","caption":"Redacci\u00f3n"},"sameAs":["http:\/\/nuevodigitaldeescobar.com.ar"],"url":"https:\/\/nuevodigitaldeescobar.com.ar\/?author=1"}]}},"featured_image_urls":{"full":["https:\/\/nuevodigitaldeescobar.com.ar\/wp-content\/uploads\/2024\/08\/Alfredo-Gonzalez-presidente-de-CAME-Bras-Taladrid-presidente-de-UCIP-e1725042175943.jpg",720,480,false],"thumbnail":["https:\/\/nuevodigitaldeescobar.com.ar\/wp-content\/uploads\/2024\/08\/Alfredo-Gonzalez-presidente-de-CAME-Bras-Taladrid-presidente-de-UCIP-150x150.jpg",150,150,true],"medium":["https:\/\/nuevodigitaldeescobar.com.ar\/wp-content\/uploads\/2024\/08\/Alfredo-Gonzalez-presidente-de-CAME-Bras-Taladrid-presidente-de-UCIP-300x200.jpg",300,200,true],"medium_large":["https:\/\/nuevodigitaldeescobar.com.ar\/wp-content\/uploads\/2024\/08\/Alfredo-Gonzalez-presidente-de-CAME-Bras-Taladrid-presidente-de-UCIP-768x512.jpg",640,427,true],"large":["https:\/\/nuevodigitaldeescobar.com.ar\/wp-content\/uploads\/2024\/08\/Alfredo-Gonzalez-presidente-de-CAME-Bras-Taladrid-presidente-de-UCIP-e1725042175943.jpg",640,427,false],"1536x1536":["https:\/\/nuevodigitaldeescobar.com.ar\/wp-content\/uploads\/2024\/08\/Alfredo-Gonzalez-presidente-de-CAME-Bras-Taladrid-presidente-de-UCIP-e1725042175943.jpg",720,480,false],"2048x2048":["https:\/\/nuevodigitaldeescobar.com.ar\/wp-content\/uploads\/2024\/08\/Alfredo-Gonzalez-presidente-de-CAME-Bras-Taladrid-presidente-de-UCIP-e1725042175943.jpg",720,480,false]},"author_info":{"display_name":"Redacci\u00f3n","author_link":"https:\/\/nuevodigitaldeescobar.com.ar\/?author=1"},"category_info":"<a href=\"https:\/\/nuevodigitaldeescobar.com.ar\/?cat=10\" rel=\"category\">Econom\u00eda<\/a> <a href=\"https:\/\/nuevodigitaldeescobar.com.ar\/?cat=61\" rel=\"category\">Nacionales<\/a>","tag_info":"Nacionales","comment_count":"0","_links":{"self":[{"href":"https:\/\/nuevodigitaldeescobar.com.ar\/index.php?rest_route=\/wp\/v2\/posts\/7721","targetHints":{"allow":["GET"]}}],"collection":[{"href":"https:\/\/nuevodigitaldeescobar.com.ar\/index.php?rest_route=\/wp\/v2\/posts"}],"about":[{"href":"https:\/\/nuevodigitaldeescobar.com.ar\/index.php?rest_route=\/wp\/v2\/types\/post"}],"author":[{"embeddable":true,"href":"https:\/\/nuevodigitaldeescobar.com.ar\/index.php?rest_route=\/wp\/v2\/users\/1"}],"replies":[{"embeddable":true,"href":"https:\/\/nuevodigitaldeescobar.com.ar\/index.php?rest_route=%2Fwp%2Fv2%2Fcomments&post=7721"}],"version-history":[{"count":1,"href":"https:\/\/nuevodigitaldeescobar.com.ar\/index.php?rest_route=\/wp\/v2\/posts\/7721\/revisions"}],"predecessor-version":[{"id":7723,"href":"https:\/\/nuevodigitaldeescobar.com.ar\/index.php?rest_route=\/wp\/v2\/posts\/7721\/revisions\/7723"}],"wp:featuredmedia":[{"embeddable":true,"href":"https:\/\/nuevodigitaldeescobar.com.ar\/index.php?rest_route=\/wp\/v2\/media\/7722"}],"wp:attachment":[{"href":"https:\/\/nuevodigitaldeescobar.com.ar\/index.php?rest_route=%2Fwp%2Fv2%2Fmedia&parent=7721"}],"wp:term":[{"taxonomy":"category","embeddable":true,"href":"https:\/\/nuevodigitaldeescobar.com.ar\/index.php?rest_route=%2Fwp%2Fv2%2Fcategories&post=7721"},{"taxonomy":"post_tag","embeddable":true,"href":"https:\/\/nuevodigitaldeescobar.com.ar\/index.php?rest_route=%2Fwp%2Fv2%2Ftags&post=7721"}],"curies":[{"name":"wp","href":"https:\/\/api.w.org\/{rel}","templated":true}]}}