{"id":7787,"date":"2024-09-03T19:12:43","date_gmt":"2024-09-03T22:12:43","guid":{"rendered":"https:\/\/nuevodigitaldeescobar.com.ar\/?p=7787"},"modified":"2024-09-03T19:12:47","modified_gmt":"2024-09-03T22:12:47","slug":"ganaron-los-vecinos-desafectaran-una-parcela-del-barrio-el-cazador-de-la-polemica-rezonificacion","status":"publish","type":"post","link":"https:\/\/nuevodigitaldeescobar.com.ar\/?p=7787","title":{"rendered":"Ganaron los vecinos: desafectar\u00e1n una parcela del barrio El Cazador de la pol\u00e9mica rezonificaci\u00f3n"},"content":{"rendered":"<p><span style=\"color: #003366;\"><strong><em>El Ejecutivo dio marcha atr\u00e1s luego de la demanda de los vecinos, y enviar\u00e1 al HCD un nuevo Proyecto de Ordenanza.<\/em><\/strong><\/span><\/p>\n<p><!--more--><\/p>\n<hr \/>\n<p>Ante el fuerte rechazo de la comunidad cazadorense por perder la identidad paisaj\u00edstica y ambiental de la entrada al barrio por la rezonificaci\u00f3n de la Ruta 25, y tras varias semanas de negociaciones, el municipio acept\u00f3 enviar un nuevo Proyecto de Ordenanza al Concejo Deliberante para tratar nuevamente dicha rezonificaci\u00f3n, pero ya sin la parcela que estaba en disputa con los vecinos que defend\u00edan su entorno.<\/p>\n<p>La Ordenanza 6280\/24 que regulaba la actividad comercial sobre las avenidas San Mart\u00edn y Libertad, fue sancionada el pasado 7 de junio en el HCD de Escobar. Este proyecto, impulsado por el Ejecutivo, compromet\u00eda varios espacios verdes del barrio El Cazador, y autorizaba realizar construcciones de hasta cuatro pisos de alto.<\/p>\n<p>Ante esa situaci\u00f3n, los vecinos tomaron la decisi\u00f3n de frenar esa Ordenanza, y el vicepresidente del Centro Urban\u00edstico de El Cazador (CUDEC), Leonardo P\u00e9rez, present\u00f3, el 11 de julio, ante la presidenta del Concejo Deliberante, Laura Guazzaroni, una propuesta formal que excluye de la rezonificaci\u00f3n las parcelas ubicadas en el ingreso al barrio. Esta presentaci\u00f3n fue realizada en base de argumentos urban\u00edsticos y ambientales, con el objetivo de preservar la identidad y el ambiente de naturaleza del barrio.<\/p>\n<p>Finalmente, la presentaci\u00f3n de los vecinos tuvo buena recepci\u00f3n, ya que el 23 de agosto, en una reuni\u00f3n con Carlos Ramil y Gustavo Darrigo, coordinador del Plan Estrat\u00e9gico Territorial, les informaron que la parcela donde se ubica una casa alpina ser\u00eda excluida de la rezonificaci\u00f3n, y desde el municipio confirmaron que el Ejecutivo enviar\u00e1 el nuevo proyecto de ordenanza al HCD antes de la pr\u00f3xima sesi\u00f3n, programada para el mi\u00e9rcoles 11 de septiembre.<\/p>\n<p>En ese marco, acerca de la exclusi\u00f3n de las parcelas 2, 3A y 4, con similares caracter\u00edsticas ambientales, se estudia la posibilidad de que tambi\u00e9n sean eliminadas del proyecto.<\/p>\n","protected":false},"excerpt":{"rendered":"<p>El Ejecutivo dio marcha atr\u00e1s luego de la demanda de los vecinos, y enviar\u00e1 al HCD un nuevo Proyecto de Ordenanza.<\/p>\n","protected":false},"author":1,"featured_media":6195,"comment_status":"open","ping_status":"open","sticky":false,"template":"","format":"standard","meta":{"footnotes":""},"categories":[14,7],"tags":[],"class_list":["post-7787","post","type-post","status-publish","format-standard","has-post-thumbnail","hentry","category-clima-medioambiente-y-sostenibilidad","category-interes-general"],"better_featured_image":{"id":6195,"alt_text":"","caption":"","description":"","media_type":"image","media_details":{"width":720,"height":519,"file":"2024\/06\/corredor-25-e1718414338927.jpg","filesize":285486,"sizes":{"medium":{"file":"corredor-25-300x216.jpg","width":300,"height":216,"mime-type":"image\/jpeg","filesize":27158,"source_url":"https:\/\/nuevodigitaldeescobar.com.ar\/wp-content\/uploads\/2024\/06\/corredor-25-300x216.jpg"},"large":{"file":"corredor-25-1024x739.jpg","width":1024,"height":739,"mime-type":"image\/jpeg","filesize":221999,"source_url":"https:\/\/nuevodigitaldeescobar.com.ar\/wp-content\/uploads\/2024\/06\/corredor-25-1024x739.jpg"},"thumbnail":{"file":"corredor-25-150x150.jpg","width":150,"height":150,"mime-type":"image\/jpeg","filesize":10563,"source_url":"https:\/\/nuevodigitaldeescobar.com.ar\/wp-content\/uploads\/2024\/06\/corredor-25-150x150.jpg"},"medium_large":{"file":"corredor-25-768x554.jpg","width":768,"height":554,"mime-type":"image\/jpeg","filesize":137041,"source_url":"https:\/\/nuevodigitaldeescobar.com.ar\/wp-content\/uploads\/2024\/06\/corredor-25-768x554.jpg"}},"image_meta":{"aperture":"0","credit":"","camera":"","caption":"","created_timestamp":"0","copyright":"","focal_length":"0","iso":"0","shutter_speed":"0","title":"","orientation":"0","keywords":[]}},"post":6193,"source_url":"https:\/\/nuevodigitaldeescobar.com.ar\/wp-content\/uploads\/2024\/06\/corredor-25-e1718414338927.jpg"},"yoast_head":"<!-- This site is optimized with the Yoast SEO plugin v26.1.1 - https:\/\/yoast.com\/wordpress\/plugins\/seo\/ -->\n<title>Ganaron los vecinos: desafectar\u00e1n una parcela del barrio El Cazador de la pol\u00e9mica rezonificaci\u00f3n - Nuevo Digital de Escobar<\/title>\n<meta name=\"robots\" content=\"index, follow, max-snippet:-1, max-image-preview:large, max-video-preview:-1\" \/>\n<link rel=\"canonical\" href=\"https:\/\/nuevodigitaldeescobar.com.ar\/?p=7787\" \/>\n<meta property=\"og:locale\" content=\"es_ES\" \/>\n<meta property=\"og:type\" content=\"article\" \/>\n<meta property=\"og:title\" content=\"Ganaron los vecinos: desafectar\u00e1n una parcela del barrio El Cazador de la pol\u00e9mica rezonificaci\u00f3n - Nuevo Digital de Escobar\" \/>\n<meta property=\"og:description\" content=\"El Ejecutivo dio marcha atr\u00e1s luego de la demanda de los vecinos, y enviar\u00e1 al HCD un nuevo Proyecto de Ordenanza.\" \/>\n<meta property=\"og:url\" content=\"https:\/\/nuevodigitaldeescobar.com.ar\/?p=7787\" \/>\n<meta property=\"og:site_name\" content=\"Nuevo Digital de Escobar\" \/>\n<meta property=\"article:publisher\" content=\"https:\/\/www.facebook.com\/NUEVODigitalDeEscobar\" \/>\n<meta property=\"article:published_time\" content=\"2024-09-03T22:12:43+00:00\" \/>\n<meta property=\"article:modified_time\" content=\"2024-09-03T22:12:47+00:00\" \/>\n<meta property=\"og:image\" content=\"https:\/\/nuevodigitaldeescobar.com.ar\/wp-content\/uploads\/2024\/06\/corredor-25-e1718414338927.jpg\" \/>\n\t<meta property=\"og:image:width\" content=\"720\" \/>\n\t<meta property=\"og:image:height\" content=\"519\" \/>\n\t<meta property=\"og:image:type\" content=\"image\/jpeg\" \/>\n<meta name=\"author\" content=\"Redacci\u00f3n\" \/>\n<meta name=\"twitter:card\" content=\"summary_large_image\" \/>\n<meta name=\"twitter:creator\" content=\"@nuevodigescobar\" \/>\n<meta name=\"twitter:site\" content=\"@nuevodigescobar\" \/>\n<meta name=\"twitter:label1\" content=\"Escrito por\" \/>\n\t<meta name=\"twitter:data1\" content=\"Redacci\u00f3n\" \/>\n\t<meta name=\"twitter:label2\" content=\"Tiempo de lectura\" \/>\n\t<meta name=\"twitter:data2\" content=\"2 minutos\" \/>\n<script type=\"application\/ld+json\" class=\"yoast-schema-graph\">{\"@context\":\"https:\/\/schema.org\",\"@graph\":[{\"@type\":\"Article\",\"@id\":\"https:\/\/nuevodigitaldeescobar.com.ar\/?p=7787#article\",\"isPartOf\":{\"@id\":\"https:\/\/nuevodigitaldeescobar.com.ar\/?p=7787\"},\"author\":{\"name\":\"Redacci\u00f3n\",\"@id\":\"https:\/\/nuevodigitaldeescobar.com.ar\/#\/schema\/person\/035e90a8efe9a80e6eec22656ad6ea4c\"},\"headline\":\"Ganaron los vecinos: desafectar\u00e1n una parcela del barrio El Cazador de la pol\u00e9mica rezonificaci\u00f3n\",\"datePublished\":\"2024-09-03T22:12:43+00:00\",\"dateModified\":\"2024-09-03T22:12:47+00:00\",\"mainEntityOfPage\":{\"@id\":\"https:\/\/nuevodigitaldeescobar.com.ar\/?p=7787\"},\"wordCount\":353,\"commentCount\":0,\"publisher\":{\"@id\":\"https:\/\/nuevodigitaldeescobar.com.ar\/#organization\"},\"image\":{\"@id\":\"https:\/\/nuevodigitaldeescobar.com.ar\/?p=7787#primaryimage\"},\"thumbnailUrl\":\"https:\/\/nuevodigitaldeescobar.com.ar\/wp-content\/uploads\/2024\/06\/corredor-25-e1718414338927.jpg\",\"articleSection\":[\"Clima, Medioambiente y Sostenibilidad\",\"Inter\u00e9s general\"],\"inLanguage\":\"es\",\"potentialAction\":[{\"@type\":\"CommentAction\",\"name\":\"Comment\",\"target\":[\"https:\/\/nuevodigitaldeescobar.com.ar\/?p=7787#respond\"]}]},{\"@type\":\"WebPage\",\"@id\":\"https:\/\/nuevodigitaldeescobar.com.ar\/?p=7787\",\"url\":\"https:\/\/nuevodigitaldeescobar.com.ar\/?p=7787\",\"name\":\"Ganaron los vecinos: desafectar\u00e1n una parcela del barrio El Cazador de la pol\u00e9mica rezonificaci\u00f3n - Nuevo Digital de Escobar\",\"isPartOf\":{\"@id\":\"https:\/\/nuevodigitaldeescobar.com.ar\/#website\"},\"primaryImageOfPage\":{\"@id\":\"https:\/\/nuevodigitaldeescobar.com.ar\/?p=7787#primaryimage\"},\"image\":{\"@id\":\"https:\/\/nuevodigitaldeescobar.com.ar\/?p=7787#primaryimage\"},\"thumbnailUrl\":\"https:\/\/nuevodigitaldeescobar.com.ar\/wp-content\/uploads\/2024\/06\/corredor-25-e1718414338927.jpg\",\"datePublished\":\"2024-09-03T22:12:43+00:00\",\"dateModified\":\"2024-09-03T22:12:47+00:00\",\"breadcrumb\":{\"@id\":\"https:\/\/nuevodigitaldeescobar.com.ar\/?p=7787#breadcrumb\"},\"inLanguage\":\"es\",\"potentialAction\":[{\"@type\":\"ReadAction\",\"target\":[\"https:\/\/nuevodigitaldeescobar.com.ar\/?p=7787\"]}]},{\"@type\":\"ImageObject\",\"inLanguage\":\"es\",\"@id\":\"https:\/\/nuevodigitaldeescobar.com.ar\/?p=7787#primaryimage\",\"url\":\"https:\/\/nuevodigitaldeescobar.com.ar\/wp-content\/uploads\/2024\/06\/corredor-25-e1718414338927.jpg\",\"contentUrl\":\"https:\/\/nuevodigitaldeescobar.com.ar\/wp-content\/uploads\/2024\/06\/corredor-25-e1718414338927.jpg\",\"width\":720,\"height\":519},{\"@type\":\"BreadcrumbList\",\"@id\":\"https:\/\/nuevodigitaldeescobar.com.ar\/?p=7787#breadcrumb\",\"itemListElement\":[{\"@type\":\"ListItem\",\"position\":1,\"name\":\"Portada\",\"item\":\"https:\/\/nuevodigitaldeescobar.com.ar\/\"},{\"@type\":\"ListItem\",\"position\":2,\"name\":\"Ganaron los vecinos: desafectar\u00e1n una parcela del barrio El Cazador de la pol\u00e9mica rezonificaci\u00f3n\"}]},{\"@type\":\"WebSite\",\"@id\":\"https:\/\/nuevodigitaldeescobar.com.ar\/#website\",\"url\":\"https:\/\/nuevodigitaldeescobar.com.ar\/\",\"name\":\"Nuevo Digital de Escobar\",\"description\":\"La vida escobarense. Directora: Rosana Brunner\",\"publisher\":{\"@id\":\"https:\/\/nuevodigitaldeescobar.com.ar\/#organization\"},\"potentialAction\":[{\"@type\":\"SearchAction\",\"target\":{\"@type\":\"EntryPoint\",\"urlTemplate\":\"https:\/\/nuevodigitaldeescobar.com.ar\/?s={search_term_string}\"},\"query-input\":{\"@type\":\"PropertyValueSpecification\",\"valueRequired\":true,\"valueName\":\"search_term_string\"}}],\"inLanguage\":\"es\"},{\"@type\":\"Organization\",\"@id\":\"https:\/\/nuevodigitaldeescobar.com.ar\/#organization\",\"name\":\"Nuevo Digital de Escobar\",\"url\":\"https:\/\/nuevodigitaldeescobar.com.ar\/\",\"logo\":{\"@type\":\"ImageObject\",\"inLanguage\":\"es\",\"@id\":\"https:\/\/nuevodigitaldeescobar.com.ar\/#\/schema\/logo\/image\/\",\"url\":\"https:\/\/nuevodigitaldeescobar.com.ar\/wp-content\/uploads\/2025\/05\/cropped-logo-nuevo2.jpg\",\"contentUrl\":\"https:\/\/nuevodigitaldeescobar.com.ar\/wp-content\/uploads\/2025\/05\/cropped-logo-nuevo2.jpg\",\"width\":305,\"height\":305,\"caption\":\"Nuevo Digital de Escobar\"},\"image\":{\"@id\":\"https:\/\/nuevodigitaldeescobar.com.ar\/#\/schema\/logo\/image\/\"},\"sameAs\":[\"https:\/\/www.facebook.com\/NUEVODigitalDeEscobar\",\"https:\/\/x.com\/nuevodigescobar\",\"https:\/\/www.instagram.com\/nuevodigitaldeescobar\"]},{\"@type\":\"Person\",\"@id\":\"https:\/\/nuevodigitaldeescobar.com.ar\/#\/schema\/person\/035e90a8efe9a80e6eec22656ad6ea4c\",\"name\":\"Redacci\u00f3n\",\"image\":{\"@type\":\"ImageObject\",\"inLanguage\":\"es\",\"@id\":\"https:\/\/nuevodigitaldeescobar.com.ar\/#\/schema\/person\/image\/\",\"url\":\"https:\/\/secure.gravatar.com\/avatar\/8af8f40000c24e9eef3034f2be5998a372bb1389e64b1a4a36b3a7979142220d?s=96&d=mm&r=g\",\"contentUrl\":\"https:\/\/secure.gravatar.com\/avatar\/8af8f40000c24e9eef3034f2be5998a372bb1389e64b1a4a36b3a7979142220d?s=96&d=mm&r=g\",\"caption\":\"Redacci\u00f3n\"},\"sameAs\":[\"http:\/\/nuevodigitaldeescobar.com.ar\"],\"url\":\"https:\/\/nuevodigitaldeescobar.com.ar\/?author=1\"}]}<\/script>\n<!-- \/ Yoast SEO plugin. -->","yoast_head_json":{"title":"Ganaron los vecinos: desafectar\u00e1n una parcela del barrio El Cazador de la pol\u00e9mica rezonificaci\u00f3n - Nuevo Digital de Escobar","robots":{"index":"index","follow":"follow","max-snippet":"max-snippet:-1","max-image-preview":"max-image-preview:large","max-video-preview":"max-video-preview:-1"},"canonical":"https:\/\/nuevodigitaldeescobar.com.ar\/?p=7787","og_locale":"es_ES","og_type":"article","og_title":"Ganaron los vecinos: desafectar\u00e1n una parcela del barrio El Cazador de la pol\u00e9mica rezonificaci\u00f3n - Nuevo Digital de Escobar","og_description":"El Ejecutivo dio marcha atr\u00e1s luego de la demanda de los vecinos, y enviar\u00e1 al HCD un nuevo Proyecto de Ordenanza.","og_url":"https:\/\/nuevodigitaldeescobar.com.ar\/?p=7787","og_site_name":"Nuevo Digital de Escobar","article_publisher":"https:\/\/www.facebook.com\/NUEVODigitalDeEscobar","article_published_time":"2024-09-03T22:12:43+00:00","article_modified_time":"2024-09-03T22:12:47+00:00","og_image":[{"width":720,"height":519,"url":"https:\/\/nuevodigitaldeescobar.com.ar\/wp-content\/uploads\/2024\/06\/corredor-25-e1718414338927.jpg","type":"image\/jpeg"}],"author":"Redacci\u00f3n","twitter_card":"summary_large_image","twitter_creator":"@nuevodigescobar","twitter_site":"@nuevodigescobar","twitter_misc":{"Escrito por":"Redacci\u00f3n","Tiempo de lectura":"2 minutos"},"schema":{"@context":"https:\/\/schema.org","@graph":[{"@type":"Article","@id":"https:\/\/nuevodigitaldeescobar.com.ar\/?p=7787#article","isPartOf":{"@id":"https:\/\/nuevodigitaldeescobar.com.ar\/?p=7787"},"author":{"name":"Redacci\u00f3n","@id":"https:\/\/nuevodigitaldeescobar.com.ar\/#\/schema\/person\/035e90a8efe9a80e6eec22656ad6ea4c"},"headline":"Ganaron los vecinos: desafectar\u00e1n una parcela del barrio El Cazador de la pol\u00e9mica rezonificaci\u00f3n","datePublished":"2024-09-03T22:12:43+00:00","dateModified":"2024-09-03T22:12:47+00:00","mainEntityOfPage":{"@id":"https:\/\/nuevodigitaldeescobar.com.ar\/?p=7787"},"wordCount":353,"commentCount":0,"publisher":{"@id":"https:\/\/nuevodigitaldeescobar.com.ar\/#organization"},"image":{"@id":"https:\/\/nuevodigitaldeescobar.com.ar\/?p=7787#primaryimage"},"thumbnailUrl":"https:\/\/nuevodigitaldeescobar.com.ar\/wp-content\/uploads\/2024\/06\/corredor-25-e1718414338927.jpg","articleSection":["Clima, Medioambiente y Sostenibilidad","Inter\u00e9s general"],"inLanguage":"es","potentialAction":[{"@type":"CommentAction","name":"Comment","target":["https:\/\/nuevodigitaldeescobar.com.ar\/?p=7787#respond"]}]},{"@type":"WebPage","@id":"https:\/\/nuevodigitaldeescobar.com.ar\/?p=7787","url":"https:\/\/nuevodigitaldeescobar.com.ar\/?p=7787","name":"Ganaron los vecinos: desafectar\u00e1n una parcela del barrio El Cazador de la pol\u00e9mica rezonificaci\u00f3n - Nuevo Digital de Escobar","isPartOf":{"@id":"https:\/\/nuevodigitaldeescobar.com.ar\/#website"},"primaryImageOfPage":{"@id":"https:\/\/nuevodigitaldeescobar.com.ar\/?p=7787#primaryimage"},"image":{"@id":"https:\/\/nuevodigitaldeescobar.com.ar\/?p=7787#primaryimage"},"thumbnailUrl":"https:\/\/nuevodigitaldeescobar.com.ar\/wp-content\/uploads\/2024\/06\/corredor-25-e1718414338927.jpg","datePublished":"2024-09-03T22:12:43+00:00","dateModified":"2024-09-03T22:12:47+00:00","breadcrumb":{"@id":"https:\/\/nuevodigitaldeescobar.com.ar\/?p=7787#breadcrumb"},"inLanguage":"es","potentialAction":[{"@type":"ReadAction","target":["https:\/\/nuevodigitaldeescobar.com.ar\/?p=7787"]}]},{"@type":"ImageObject","inLanguage":"es","@id":"https:\/\/nuevodigitaldeescobar.com.ar\/?p=7787#primaryimage","url":"https:\/\/nuevodigitaldeescobar.com.ar\/wp-content\/uploads\/2024\/06\/corredor-25-e1718414338927.jpg","contentUrl":"https:\/\/nuevodigitaldeescobar.com.ar\/wp-content\/uploads\/2024\/06\/corredor-25-e1718414338927.jpg","width":720,"height":519},{"@type":"BreadcrumbList","@id":"https:\/\/nuevodigitaldeescobar.com.ar\/?p=7787#breadcrumb","itemListElement":[{"@type":"ListItem","position":1,"name":"Portada","item":"https:\/\/nuevodigitaldeescobar.com.ar\/"},{"@type":"ListItem","position":2,"name":"Ganaron los vecinos: desafectar\u00e1n una parcela del barrio El Cazador de la pol\u00e9mica rezonificaci\u00f3n"}]},{"@type":"WebSite","@id":"https:\/\/nuevodigitaldeescobar.com.ar\/#website","url":"https:\/\/nuevodigitaldeescobar.com.ar\/","name":"Nuevo Digital de Escobar","description":"La vida escobarense. Directora: Rosana Brunner","publisher":{"@id":"https:\/\/nuevodigitaldeescobar.com.ar\/#organization"},"potentialAction":[{"@type":"SearchAction","target":{"@type":"EntryPoint","urlTemplate":"https:\/\/nuevodigitaldeescobar.com.ar\/?s={search_term_string}"},"query-input":{"@type":"PropertyValueSpecification","valueRequired":true,"valueName":"search_term_string"}}],"inLanguage":"es"},{"@type":"Organization","@id":"https:\/\/nuevodigitaldeescobar.com.ar\/#organization","name":"Nuevo Digital de Escobar","url":"https:\/\/nuevodigitaldeescobar.com.ar\/","logo":{"@type":"ImageObject","inLanguage":"es","@id":"https:\/\/nuevodigitaldeescobar.com.ar\/#\/schema\/logo\/image\/","url":"https:\/\/nuevodigitaldeescobar.com.ar\/wp-content\/uploads\/2025\/05\/cropped-logo-nuevo2.jpg","contentUrl":"https:\/\/nuevodigitaldeescobar.com.ar\/wp-content\/uploads\/2025\/05\/cropped-logo-nuevo2.jpg","width":305,"height":305,"caption":"Nuevo Digital de Escobar"},"image":{"@id":"https:\/\/nuevodigitaldeescobar.com.ar\/#\/schema\/logo\/image\/"},"sameAs":["https:\/\/www.facebook.com\/NUEVODigitalDeEscobar","https:\/\/x.com\/nuevodigescobar","https:\/\/www.instagram.com\/nuevodigitaldeescobar"]},{"@type":"Person","@id":"https:\/\/nuevodigitaldeescobar.com.ar\/#\/schema\/person\/035e90a8efe9a80e6eec22656ad6ea4c","name":"Redacci\u00f3n","image":{"@type":"ImageObject","inLanguage":"es","@id":"https:\/\/nuevodigitaldeescobar.com.ar\/#\/schema\/person\/image\/","url":"https:\/\/secure.gravatar.com\/avatar\/8af8f40000c24e9eef3034f2be5998a372bb1389e64b1a4a36b3a7979142220d?s=96&d=mm&r=g","contentUrl":"https:\/\/secure.gravatar.com\/avatar\/8af8f40000c24e9eef3034f2be5998a372bb1389e64b1a4a36b3a7979142220d?s=96&d=mm&r=g","caption":"Redacci\u00f3n"},"sameAs":["http:\/\/nuevodigitaldeescobar.com.ar"],"url":"https:\/\/nuevodigitaldeescobar.com.ar\/?author=1"}]}},"featured_image_urls":{"full":["https:\/\/nuevodigitaldeescobar.com.ar\/wp-content\/uploads\/2024\/06\/corredor-25-e1718414338927.jpg",720,519,false],"thumbnail":["https:\/\/nuevodigitaldeescobar.com.ar\/wp-content\/uploads\/2024\/06\/corredor-25-150x150.jpg",150,150,true],"medium":["https:\/\/nuevodigitaldeescobar.com.ar\/wp-content\/uploads\/2024\/06\/corredor-25-300x216.jpg",300,216,true],"medium_large":["https:\/\/nuevodigitaldeescobar.com.ar\/wp-content\/uploads\/2024\/06\/corredor-25-768x554.jpg",640,462,true],"large":["https:\/\/nuevodigitaldeescobar.com.ar\/wp-content\/uploads\/2024\/06\/corredor-25-1024x739.jpg",640,462,true],"1536x1536":["https:\/\/nuevodigitaldeescobar.com.ar\/wp-content\/uploads\/2024\/06\/corredor-25-e1718414338927.jpg",720,519,false],"2048x2048":["https:\/\/nuevodigitaldeescobar.com.ar\/wp-content\/uploads\/2024\/06\/corredor-25-e1718414338927.jpg",720,519,false]},"author_info":{"display_name":"Redacci\u00f3n","author_link":"https:\/\/nuevodigitaldeescobar.com.ar\/?author=1"},"category_info":"<a href=\"https:\/\/nuevodigitaldeescobar.com.ar\/?cat=14\" rel=\"category\">Clima, Medioambiente y Sostenibilidad<\/a> <a href=\"https:\/\/nuevodigitaldeescobar.com.ar\/?cat=7\" rel=\"category\">Inter\u00e9s general<\/a>","tag_info":"Inter\u00e9s general","comment_count":"0","_links":{"self":[{"href":"https:\/\/nuevodigitaldeescobar.com.ar\/index.php?rest_route=\/wp\/v2\/posts\/7787","targetHints":{"allow":["GET"]}}],"collection":[{"href":"https:\/\/nuevodigitaldeescobar.com.ar\/index.php?rest_route=\/wp\/v2\/posts"}],"about":[{"href":"https:\/\/nuevodigitaldeescobar.com.ar\/index.php?rest_route=\/wp\/v2\/types\/post"}],"author":[{"embeddable":true,"href":"https:\/\/nuevodigitaldeescobar.com.ar\/index.php?rest_route=\/wp\/v2\/users\/1"}],"replies":[{"embeddable":true,"href":"https:\/\/nuevodigitaldeescobar.com.ar\/index.php?rest_route=%2Fwp%2Fv2%2Fcomments&post=7787"}],"version-history":[{"count":1,"href":"https:\/\/nuevodigitaldeescobar.com.ar\/index.php?rest_route=\/wp\/v2\/posts\/7787\/revisions"}],"predecessor-version":[{"id":7788,"href":"https:\/\/nuevodigitaldeescobar.com.ar\/index.php?rest_route=\/wp\/v2\/posts\/7787\/revisions\/7788"}],"wp:featuredmedia":[{"embeddable":true,"href":"https:\/\/nuevodigitaldeescobar.com.ar\/index.php?rest_route=\/wp\/v2\/media\/6195"}],"wp:attachment":[{"href":"https:\/\/nuevodigitaldeescobar.com.ar\/index.php?rest_route=%2Fwp%2Fv2%2Fmedia&parent=7787"}],"wp:term":[{"taxonomy":"category","embeddable":true,"href":"https:\/\/nuevodigitaldeescobar.com.ar\/index.php?rest_route=%2Fwp%2Fv2%2Fcategories&post=7787"},{"taxonomy":"post_tag","embeddable":true,"href":"https:\/\/nuevodigitaldeescobar.com.ar\/index.php?rest_route=%2Fwp%2Fv2%2Ftags&post=7787"}],"curies":[{"name":"wp","href":"https:\/\/api.w.org\/{rel}","templated":true}]}}