{"id":7799,"date":"2024-09-04T14:35:00","date_gmt":"2024-09-04T17:35:00","guid":{"rendered":"https:\/\/nuevodigitaldeescobar.com.ar\/?p=7799"},"modified":"2024-09-04T15:37:44","modified_gmt":"2024-09-04T18:37:44","slug":"el-gobierno-eliminara-mas-de-120-000-pensiones-quienes-seran-los-afectados-y-cuales-son-los-criterios","status":"publish","type":"post","link":"https:\/\/nuevodigitaldeescobar.com.ar\/?p=7799","title":{"rendered":"El Gobierno eliminar\u00e1 m\u00e1s de 120.000 pensiones: qui\u00e9nes ser\u00e1n los afectados y cu\u00e1les son los criterios"},"content":{"rendered":"<p><span style=\"color: #003366;\"><strong><em>La Agencia Nacional de Discapacidad lleva adelante un control sobre las asignaciones por incapacidad, que podr\u00eda afectar a miles de personas que no cumplen con todos los requisitos.<\/em><\/strong><\/span><\/p>\n<p><!--more--><\/p>\n<hr \/>\n<p>El Gobierno Nacional decidi\u00f3 llevar a cabo un exhaustivo proceso de auditor\u00eda sobre las Pensiones No Contributivas por Invalidez Laboral, lo que resultar\u00e1 en la eliminaci\u00f3n de entre 120.000 y 160.000 de estos beneficios en los pr\u00f3ximos meses. Este ajuste responde a la detecci\u00f3n de irregularidades en la concesi\u00f3n de las pensiones, con el objetivo de asegurar que solo quienes realmente lo necesiten sigan recibiendo este apoyo del Estado.<\/p>\n<p>La Agencia Nacional de Discapacidad (ANDIS), en conjunto con la Direcci\u00f3n Nacional de Apoyos y Asignaciones Econ\u00f3micas, inici\u00f3 la auditor\u00eda de aproximadamente 400.000 beneficiarios de Pensiones No Contributivas por Invalidez Laboral. Estas auditor\u00edas se centraron inicialmente en la Ciudad Aut\u00f3noma de Buenos Aires, para luego extenderse a la provincia de Buenos Aires y otras regiones del pa\u00eds.<\/p>\n<p>Seg\u00fan estimaciones de la ANDIS, entre el 30% y el 40% de los casos auditados podr\u00edan resultar en la suspensi\u00f3n de los haberes otorgados por la Administraci\u00f3n Nacional de la Seguridad Social (ANSES). Esto significa que entre 120.000 y 160.000 personas podr\u00edan perder este beneficio, que representa el 70% del valor de la jubilaci\u00f3n m\u00ednima en Argentina.<\/p>\n<h3><span style=\"color: #003366;\">Criterios de suspensi\u00f3n<\/span><\/h3>\n<p>Las decisiones de suspensi\u00f3n se basan en la identificaci\u00f3n de irregularidades en el otorgamiento de estas pensiones durante las gestiones anteriores. Una revisi\u00f3n inicial de 2.559 casos revel\u00f3 que solo el 7% cumpl\u00eda con los requisitos legales para recibir la pensi\u00f3n, lo que motiv\u00f3 la intensificaci\u00f3n de las auditor\u00edas. Entre las irregularidades detectadas, se incluyen la presentaci\u00f3n de documentaci\u00f3n m\u00e9dica falsificada, el uso de una misma radiograf\u00eda en m\u00faltiples expedientes, y casos en los que se concedieron pensiones a personas que no cumpl\u00edan con las condiciones de invalidez laboral.<\/p>\n<p>Adem\u00e1s, se identificaron incompatibilidades significativas en alrededor del 35% de las pensiones otorgadas. Estas incompatibilidades se refieren principalmente a la posesi\u00f3n de bienes no declarados, empleo formal, y condiciones m\u00e9dicas que no justifican la invalidez laboral.<\/p>\n<h3><span style=\"color: #003366;\">Qui\u00e9nes ser\u00e1n los afectados<\/span><\/h3>\n<p>Las personas m\u00e1s afectadas por esta medida ser\u00e1n aquellos que actualmente reciben una Pensi\u00f3n No Contributiva por Invalidez Laboral sin cumplir con los criterios establecidos por la normativa vigente. Este tipo de pensi\u00f3n est\u00e1 destinada a personas que, debido a problemas de salud o situaciones de vulnerabilidad social, no pueden trabajar y carecen de otros ingresos. Es importante destacar que estas pensiones son incompatibles con otros beneficios del Estado, como la Asignaci\u00f3n Universal por Hijo o la Asignaci\u00f3n por Embarazo.<\/p>\n<p>Los principales afectados ser\u00e1n aquellos beneficiarios cuyas condiciones de salud no justifican la pensi\u00f3n, quienes poseen bienes significativos (como veh\u00edculos, propiedades, o incluso aviones y embarcaciones) o quienes cuentan con un empleo formal. Tambi\u00e9n se encuentran bajo revisi\u00f3n aquellos casos en los que la documentaci\u00f3n presentada para justificar la discapacidad es sospechosa o claramente fraudulenta, como lo demuestran las radiograf\u00edas de animales que fueron usadas para obtener pensiones.<\/p>\n<h3><span style=\"color: #003366;\">Montos y requisitos para acceder a las pensiones<\/span><\/h3>\n<p>Para solicitar una Pensi\u00f3n No Contributiva por Invalidez Laboral, es necesario cumplir con ciertos requisitos, como no recibir otros ingresos del Estado; no tener empleo formal; contar con ingresos insuficientes; ser ciudadano argentino o residente con m\u00e1s de 10 a\u00f1os de antig\u00fcedad en el pa\u00eds y no estar privado de libertad en un establecimiento penitenciario.<\/p>\n<p>El monto de esta pensi\u00f3n equivale al 70% de la jubilaci\u00f3n m\u00ednima. En agosto de 2024, este valor era de $157.878, con un aumento previsto a $164.240 en septiembre, tras un incremento del 4,03% en las jubilaciones.<\/p>\n<h3><span style=\"color: #003366;\">Proceso de revisi\u00f3n y consecuencias legales<\/span><\/h3>\n<p>El proceso de auditor\u00eda, que ya comenz\u00f3 en la Ciudad de Buenos Aires y la provincia de Buenos Aires, se extender\u00e1 a otras regiones del pa\u00eds en los pr\u00f3ximos meses. En paralelo a estas auditor\u00edas, se iniciaron denuncias penales para investigar y sancionar a los responsables de las irregularidades detectadas. La Agencia Nacional de Discapacidad, en coordinaci\u00f3n con el Ministerio de Salud y la justicia, busca no solo depurar el sistema de pensiones sino tambi\u00e9n responsabilizar a quienes participaron en la gesti\u00f3n indebida de estos recursos.<\/p>\n<p>El Director de la ANDIS, Diego Spagnuolo, ha destacado que estas auditor\u00edas no buscan perjudicar a quienes realmente necesitan el beneficio, sino eliminar aquellos casos en los que la pensi\u00f3n fue otorgada de manera fraudulenta. Seg\u00fan Spagnuolo, el objetivo es restaurar la transparencia en el sistema y asegurar que los recursos del Estado se destinen a quienes realmente lo requieren.<\/p>\n<p><em>(Infobae)<\/em><\/p>\n","protected":false},"excerpt":{"rendered":"<p>La Agencia Nacional de Discapacidad lleva adelante un control sobre las asignaciones por incapacidad, que podr\u00eda afectar a miles de personas que no cumplen con [&hellip;]<\/p>\n","protected":false},"author":1,"featured_media":7644,"comment_status":"open","ping_status":"open","sticky":false,"template":"","format":"standard","meta":{"footnotes":""},"categories":[61],"tags":[],"class_list":["post-7799","post","type-post","status-publish","format-standard","has-post-thumbnail","hentry","category-nacionales"],"better_featured_image":{"id":7644,"alt_text":"","caption":"","description":"","media_type":"image","media_details":{"width":600,"height":453,"file":"2024\/08\/andis-e1724784580365.jpg","filesize":88250,"sizes":{"medium":{"file":"andis-e1724784580365-300x227.jpg","width":300,"height":227,"mime-type":"image\/jpeg","filesize":15658,"source_url":"https:\/\/nuevodigitaldeescobar.com.ar\/wp-content\/uploads\/2024\/08\/andis-e1724784580365-300x227.jpg"},"thumbnail":{"file":"andis-e1724784580365-150x150.jpg","width":150,"height":150,"mime-type":"image\/jpeg","filesize":6407,"source_url":"https:\/\/nuevodigitaldeescobar.com.ar\/wp-content\/uploads\/2024\/08\/andis-e1724784580365-150x150.jpg"}},"image_meta":{"aperture":"0","credit":"","camera":"","caption":"","created_timestamp":"0","copyright":"","focal_length":"0","iso":"0","shutter_speed":"0","title":"","orientation":"0","keywords":[]}},"post":7643,"source_url":"https:\/\/nuevodigitaldeescobar.com.ar\/wp-content\/uploads\/2024\/08\/andis-e1724784580365.jpg"},"yoast_head":"<!-- This site is optimized with the Yoast SEO plugin v26.1.1 - https:\/\/yoast.com\/wordpress\/plugins\/seo\/ -->\n<title>El Gobierno eliminar\u00e1 m\u00e1s de 120.000 pensiones: qui\u00e9nes ser\u00e1n los afectados y cu\u00e1les son los criterios - Nuevo Digital de Escobar<\/title>\n<meta name=\"robots\" content=\"index, follow, max-snippet:-1, max-image-preview:large, max-video-preview:-1\" \/>\n<link rel=\"canonical\" href=\"https:\/\/nuevodigitaldeescobar.com.ar\/?p=7799\" \/>\n<meta property=\"og:locale\" content=\"es_ES\" \/>\n<meta property=\"og:type\" content=\"article\" \/>\n<meta property=\"og:title\" content=\"El Gobierno eliminar\u00e1 m\u00e1s de 120.000 pensiones: qui\u00e9nes ser\u00e1n los afectados y cu\u00e1les son los criterios - Nuevo Digital de Escobar\" \/>\n<meta property=\"og:description\" content=\"La Agencia Nacional de Discapacidad lleva adelante un control sobre las asignaciones por incapacidad, que podr\u00eda afectar a miles de personas que no cumplen con [&hellip;]\" \/>\n<meta property=\"og:url\" content=\"https:\/\/nuevodigitaldeescobar.com.ar\/?p=7799\" \/>\n<meta property=\"og:site_name\" content=\"Nuevo Digital de Escobar\" \/>\n<meta property=\"article:publisher\" content=\"https:\/\/www.facebook.com\/NUEVODigitalDeEscobar\" \/>\n<meta property=\"article:published_time\" content=\"2024-09-04T17:35:00+00:00\" \/>\n<meta property=\"article:modified_time\" content=\"2024-09-04T18:37:44+00:00\" \/>\n<meta property=\"og:image\" content=\"https:\/\/nuevodigitaldeescobar.com.ar\/wp-content\/uploads\/2024\/08\/andis-e1724784580365.jpg\" \/>\n\t<meta property=\"og:image:width\" content=\"600\" \/>\n\t<meta property=\"og:image:height\" content=\"453\" \/>\n\t<meta property=\"og:image:type\" content=\"image\/jpeg\" \/>\n<meta name=\"author\" content=\"Redacci\u00f3n\" \/>\n<meta name=\"twitter:card\" content=\"summary_large_image\" \/>\n<meta name=\"twitter:creator\" content=\"@nuevodigescobar\" \/>\n<meta name=\"twitter:site\" content=\"@nuevodigescobar\" \/>\n<meta name=\"twitter:label1\" content=\"Escrito por\" \/>\n\t<meta name=\"twitter:data1\" content=\"Redacci\u00f3n\" \/>\n\t<meta name=\"twitter:label2\" content=\"Tiempo de lectura\" \/>\n\t<meta name=\"twitter:data2\" content=\"4 minutos\" \/>\n<script type=\"application\/ld+json\" class=\"yoast-schema-graph\">{\"@context\":\"https:\/\/schema.org\",\"@graph\":[{\"@type\":\"Article\",\"@id\":\"https:\/\/nuevodigitaldeescobar.com.ar\/?p=7799#article\",\"isPartOf\":{\"@id\":\"https:\/\/nuevodigitaldeescobar.com.ar\/?p=7799\"},\"author\":{\"name\":\"Redacci\u00f3n\",\"@id\":\"https:\/\/nuevodigitaldeescobar.com.ar\/#\/schema\/person\/035e90a8efe9a80e6eec22656ad6ea4c\"},\"headline\":\"El Gobierno eliminar\u00e1 m\u00e1s de 120.000 pensiones: qui\u00e9nes ser\u00e1n los afectados y cu\u00e1les son los criterios\",\"datePublished\":\"2024-09-04T17:35:00+00:00\",\"dateModified\":\"2024-09-04T18:37:44+00:00\",\"mainEntityOfPage\":{\"@id\":\"https:\/\/nuevodigitaldeescobar.com.ar\/?p=7799\"},\"wordCount\":816,\"commentCount\":0,\"publisher\":{\"@id\":\"https:\/\/nuevodigitaldeescobar.com.ar\/#organization\"},\"image\":{\"@id\":\"https:\/\/nuevodigitaldeescobar.com.ar\/?p=7799#primaryimage\"},\"thumbnailUrl\":\"https:\/\/nuevodigitaldeescobar.com.ar\/wp-content\/uploads\/2024\/08\/andis-e1724784580365.jpg\",\"articleSection\":[\"Nacionales\"],\"inLanguage\":\"es\",\"potentialAction\":[{\"@type\":\"CommentAction\",\"name\":\"Comment\",\"target\":[\"https:\/\/nuevodigitaldeescobar.com.ar\/?p=7799#respond\"]}]},{\"@type\":\"WebPage\",\"@id\":\"https:\/\/nuevodigitaldeescobar.com.ar\/?p=7799\",\"url\":\"https:\/\/nuevodigitaldeescobar.com.ar\/?p=7799\",\"name\":\"El Gobierno eliminar\u00e1 m\u00e1s de 120.000 pensiones: qui\u00e9nes ser\u00e1n los afectados y cu\u00e1les son los criterios - Nuevo Digital de Escobar\",\"isPartOf\":{\"@id\":\"https:\/\/nuevodigitaldeescobar.com.ar\/#website\"},\"primaryImageOfPage\":{\"@id\":\"https:\/\/nuevodigitaldeescobar.com.ar\/?p=7799#primaryimage\"},\"image\":{\"@id\":\"https:\/\/nuevodigitaldeescobar.com.ar\/?p=7799#primaryimage\"},\"thumbnailUrl\":\"https:\/\/nuevodigitaldeescobar.com.ar\/wp-content\/uploads\/2024\/08\/andis-e1724784580365.jpg\",\"datePublished\":\"2024-09-04T17:35:00+00:00\",\"dateModified\":\"2024-09-04T18:37:44+00:00\",\"breadcrumb\":{\"@id\":\"https:\/\/nuevodigitaldeescobar.com.ar\/?p=7799#breadcrumb\"},\"inLanguage\":\"es\",\"potentialAction\":[{\"@type\":\"ReadAction\",\"target\":[\"https:\/\/nuevodigitaldeescobar.com.ar\/?p=7799\"]}]},{\"@type\":\"ImageObject\",\"inLanguage\":\"es\",\"@id\":\"https:\/\/nuevodigitaldeescobar.com.ar\/?p=7799#primaryimage\",\"url\":\"https:\/\/nuevodigitaldeescobar.com.ar\/wp-content\/uploads\/2024\/08\/andis-e1724784580365.jpg\",\"contentUrl\":\"https:\/\/nuevodigitaldeescobar.com.ar\/wp-content\/uploads\/2024\/08\/andis-e1724784580365.jpg\",\"width\":600,\"height\":453},{\"@type\":\"BreadcrumbList\",\"@id\":\"https:\/\/nuevodigitaldeescobar.com.ar\/?p=7799#breadcrumb\",\"itemListElement\":[{\"@type\":\"ListItem\",\"position\":1,\"name\":\"Portada\",\"item\":\"https:\/\/nuevodigitaldeescobar.com.ar\/\"},{\"@type\":\"ListItem\",\"position\":2,\"name\":\"El Gobierno eliminar\u00e1 m\u00e1s de 120.000 pensiones: qui\u00e9nes ser\u00e1n los afectados y cu\u00e1les son los criterios\"}]},{\"@type\":\"WebSite\",\"@id\":\"https:\/\/nuevodigitaldeescobar.com.ar\/#website\",\"url\":\"https:\/\/nuevodigitaldeescobar.com.ar\/\",\"name\":\"Nuevo Digital de Escobar\",\"description\":\"La vida escobarense. Directora: Rosana Brunner\",\"publisher\":{\"@id\":\"https:\/\/nuevodigitaldeescobar.com.ar\/#organization\"},\"potentialAction\":[{\"@type\":\"SearchAction\",\"target\":{\"@type\":\"EntryPoint\",\"urlTemplate\":\"https:\/\/nuevodigitaldeescobar.com.ar\/?s={search_term_string}\"},\"query-input\":{\"@type\":\"PropertyValueSpecification\",\"valueRequired\":true,\"valueName\":\"search_term_string\"}}],\"inLanguage\":\"es\"},{\"@type\":\"Organization\",\"@id\":\"https:\/\/nuevodigitaldeescobar.com.ar\/#organization\",\"name\":\"Nuevo Digital de Escobar\",\"url\":\"https:\/\/nuevodigitaldeescobar.com.ar\/\",\"logo\":{\"@type\":\"ImageObject\",\"inLanguage\":\"es\",\"@id\":\"https:\/\/nuevodigitaldeescobar.com.ar\/#\/schema\/logo\/image\/\",\"url\":\"https:\/\/nuevodigitaldeescobar.com.ar\/wp-content\/uploads\/2025\/05\/cropped-logo-nuevo2.jpg\",\"contentUrl\":\"https:\/\/nuevodigitaldeescobar.com.ar\/wp-content\/uploads\/2025\/05\/cropped-logo-nuevo2.jpg\",\"width\":305,\"height\":305,\"caption\":\"Nuevo Digital de Escobar\"},\"image\":{\"@id\":\"https:\/\/nuevodigitaldeescobar.com.ar\/#\/schema\/logo\/image\/\"},\"sameAs\":[\"https:\/\/www.facebook.com\/NUEVODigitalDeEscobar\",\"https:\/\/x.com\/nuevodigescobar\",\"https:\/\/www.instagram.com\/nuevodigitaldeescobar\"]},{\"@type\":\"Person\",\"@id\":\"https:\/\/nuevodigitaldeescobar.com.ar\/#\/schema\/person\/035e90a8efe9a80e6eec22656ad6ea4c\",\"name\":\"Redacci\u00f3n\",\"image\":{\"@type\":\"ImageObject\",\"inLanguage\":\"es\",\"@id\":\"https:\/\/nuevodigitaldeescobar.com.ar\/#\/schema\/person\/image\/\",\"url\":\"https:\/\/secure.gravatar.com\/avatar\/8af8f40000c24e9eef3034f2be5998a372bb1389e64b1a4a36b3a7979142220d?s=96&d=mm&r=g\",\"contentUrl\":\"https:\/\/secure.gravatar.com\/avatar\/8af8f40000c24e9eef3034f2be5998a372bb1389e64b1a4a36b3a7979142220d?s=96&d=mm&r=g\",\"caption\":\"Redacci\u00f3n\"},\"sameAs\":[\"http:\/\/nuevodigitaldeescobar.com.ar\"],\"url\":\"https:\/\/nuevodigitaldeescobar.com.ar\/?author=1\"}]}<\/script>\n<!-- \/ Yoast SEO plugin. -->","yoast_head_json":{"title":"El Gobierno eliminar\u00e1 m\u00e1s de 120.000 pensiones: qui\u00e9nes ser\u00e1n los afectados y cu\u00e1les son los criterios - Nuevo Digital de Escobar","robots":{"index":"index","follow":"follow","max-snippet":"max-snippet:-1","max-image-preview":"max-image-preview:large","max-video-preview":"max-video-preview:-1"},"canonical":"https:\/\/nuevodigitaldeescobar.com.ar\/?p=7799","og_locale":"es_ES","og_type":"article","og_title":"El Gobierno eliminar\u00e1 m\u00e1s de 120.000 pensiones: qui\u00e9nes ser\u00e1n los afectados y cu\u00e1les son los criterios - Nuevo Digital de Escobar","og_description":"La Agencia Nacional de Discapacidad lleva adelante un control sobre las asignaciones por incapacidad, que podr\u00eda afectar a miles de personas que no cumplen con [&hellip;]","og_url":"https:\/\/nuevodigitaldeescobar.com.ar\/?p=7799","og_site_name":"Nuevo Digital de Escobar","article_publisher":"https:\/\/www.facebook.com\/NUEVODigitalDeEscobar","article_published_time":"2024-09-04T17:35:00+00:00","article_modified_time":"2024-09-04T18:37:44+00:00","og_image":[{"width":600,"height":453,"url":"https:\/\/nuevodigitaldeescobar.com.ar\/wp-content\/uploads\/2024\/08\/andis-e1724784580365.jpg","type":"image\/jpeg"}],"author":"Redacci\u00f3n","twitter_card":"summary_large_image","twitter_creator":"@nuevodigescobar","twitter_site":"@nuevodigescobar","twitter_misc":{"Escrito por":"Redacci\u00f3n","Tiempo de lectura":"4 minutos"},"schema":{"@context":"https:\/\/schema.org","@graph":[{"@type":"Article","@id":"https:\/\/nuevodigitaldeescobar.com.ar\/?p=7799#article","isPartOf":{"@id":"https:\/\/nuevodigitaldeescobar.com.ar\/?p=7799"},"author":{"name":"Redacci\u00f3n","@id":"https:\/\/nuevodigitaldeescobar.com.ar\/#\/schema\/person\/035e90a8efe9a80e6eec22656ad6ea4c"},"headline":"El Gobierno eliminar\u00e1 m\u00e1s de 120.000 pensiones: qui\u00e9nes ser\u00e1n los afectados y cu\u00e1les son los criterios","datePublished":"2024-09-04T17:35:00+00:00","dateModified":"2024-09-04T18:37:44+00:00","mainEntityOfPage":{"@id":"https:\/\/nuevodigitaldeescobar.com.ar\/?p=7799"},"wordCount":816,"commentCount":0,"publisher":{"@id":"https:\/\/nuevodigitaldeescobar.com.ar\/#organization"},"image":{"@id":"https:\/\/nuevodigitaldeescobar.com.ar\/?p=7799#primaryimage"},"thumbnailUrl":"https:\/\/nuevodigitaldeescobar.com.ar\/wp-content\/uploads\/2024\/08\/andis-e1724784580365.jpg","articleSection":["Nacionales"],"inLanguage":"es","potentialAction":[{"@type":"CommentAction","name":"Comment","target":["https:\/\/nuevodigitaldeescobar.com.ar\/?p=7799#respond"]}]},{"@type":"WebPage","@id":"https:\/\/nuevodigitaldeescobar.com.ar\/?p=7799","url":"https:\/\/nuevodigitaldeescobar.com.ar\/?p=7799","name":"El Gobierno eliminar\u00e1 m\u00e1s de 120.000 pensiones: qui\u00e9nes ser\u00e1n los afectados y cu\u00e1les son los criterios - Nuevo Digital de Escobar","isPartOf":{"@id":"https:\/\/nuevodigitaldeescobar.com.ar\/#website"},"primaryImageOfPage":{"@id":"https:\/\/nuevodigitaldeescobar.com.ar\/?p=7799#primaryimage"},"image":{"@id":"https:\/\/nuevodigitaldeescobar.com.ar\/?p=7799#primaryimage"},"thumbnailUrl":"https:\/\/nuevodigitaldeescobar.com.ar\/wp-content\/uploads\/2024\/08\/andis-e1724784580365.jpg","datePublished":"2024-09-04T17:35:00+00:00","dateModified":"2024-09-04T18:37:44+00:00","breadcrumb":{"@id":"https:\/\/nuevodigitaldeescobar.com.ar\/?p=7799#breadcrumb"},"inLanguage":"es","potentialAction":[{"@type":"ReadAction","target":["https:\/\/nuevodigitaldeescobar.com.ar\/?p=7799"]}]},{"@type":"ImageObject","inLanguage":"es","@id":"https:\/\/nuevodigitaldeescobar.com.ar\/?p=7799#primaryimage","url":"https:\/\/nuevodigitaldeescobar.com.ar\/wp-content\/uploads\/2024\/08\/andis-e1724784580365.jpg","contentUrl":"https:\/\/nuevodigitaldeescobar.com.ar\/wp-content\/uploads\/2024\/08\/andis-e1724784580365.jpg","width":600,"height":453},{"@type":"BreadcrumbList","@id":"https:\/\/nuevodigitaldeescobar.com.ar\/?p=7799#breadcrumb","itemListElement":[{"@type":"ListItem","position":1,"name":"Portada","item":"https:\/\/nuevodigitaldeescobar.com.ar\/"},{"@type":"ListItem","position":2,"name":"El Gobierno eliminar\u00e1 m\u00e1s de 120.000 pensiones: qui\u00e9nes ser\u00e1n los afectados y cu\u00e1les son los criterios"}]},{"@type":"WebSite","@id":"https:\/\/nuevodigitaldeescobar.com.ar\/#website","url":"https:\/\/nuevodigitaldeescobar.com.ar\/","name":"Nuevo Digital de Escobar","description":"La vida escobarense. Directora: Rosana Brunner","publisher":{"@id":"https:\/\/nuevodigitaldeescobar.com.ar\/#organization"},"potentialAction":[{"@type":"SearchAction","target":{"@type":"EntryPoint","urlTemplate":"https:\/\/nuevodigitaldeescobar.com.ar\/?s={search_term_string}"},"query-input":{"@type":"PropertyValueSpecification","valueRequired":true,"valueName":"search_term_string"}}],"inLanguage":"es"},{"@type":"Organization","@id":"https:\/\/nuevodigitaldeescobar.com.ar\/#organization","name":"Nuevo Digital de Escobar","url":"https:\/\/nuevodigitaldeescobar.com.ar\/","logo":{"@type":"ImageObject","inLanguage":"es","@id":"https:\/\/nuevodigitaldeescobar.com.ar\/#\/schema\/logo\/image\/","url":"https:\/\/nuevodigitaldeescobar.com.ar\/wp-content\/uploads\/2025\/05\/cropped-logo-nuevo2.jpg","contentUrl":"https:\/\/nuevodigitaldeescobar.com.ar\/wp-content\/uploads\/2025\/05\/cropped-logo-nuevo2.jpg","width":305,"height":305,"caption":"Nuevo Digital de Escobar"},"image":{"@id":"https:\/\/nuevodigitaldeescobar.com.ar\/#\/schema\/logo\/image\/"},"sameAs":["https:\/\/www.facebook.com\/NUEVODigitalDeEscobar","https:\/\/x.com\/nuevodigescobar","https:\/\/www.instagram.com\/nuevodigitaldeescobar"]},{"@type":"Person","@id":"https:\/\/nuevodigitaldeescobar.com.ar\/#\/schema\/person\/035e90a8efe9a80e6eec22656ad6ea4c","name":"Redacci\u00f3n","image":{"@type":"ImageObject","inLanguage":"es","@id":"https:\/\/nuevodigitaldeescobar.com.ar\/#\/schema\/person\/image\/","url":"https:\/\/secure.gravatar.com\/avatar\/8af8f40000c24e9eef3034f2be5998a372bb1389e64b1a4a36b3a7979142220d?s=96&d=mm&r=g","contentUrl":"https:\/\/secure.gravatar.com\/avatar\/8af8f40000c24e9eef3034f2be5998a372bb1389e64b1a4a36b3a7979142220d?s=96&d=mm&r=g","caption":"Redacci\u00f3n"},"sameAs":["http:\/\/nuevodigitaldeescobar.com.ar"],"url":"https:\/\/nuevodigitaldeescobar.com.ar\/?author=1"}]}},"featured_image_urls":{"full":["https:\/\/nuevodigitaldeescobar.com.ar\/wp-content\/uploads\/2024\/08\/andis-e1724784580365.jpg",600,453,false],"thumbnail":["https:\/\/nuevodigitaldeescobar.com.ar\/wp-content\/uploads\/2024\/08\/andis-e1724784580365-150x150.jpg",150,150,true],"medium":["https:\/\/nuevodigitaldeescobar.com.ar\/wp-content\/uploads\/2024\/08\/andis-e1724784580365-300x227.jpg",300,227,true],"medium_large":["https:\/\/nuevodigitaldeescobar.com.ar\/wp-content\/uploads\/2024\/08\/andis-e1724784580365.jpg",600,453,false],"large":["https:\/\/nuevodigitaldeescobar.com.ar\/wp-content\/uploads\/2024\/08\/andis-e1724784580365.jpg",600,453,false],"1536x1536":["https:\/\/nuevodigitaldeescobar.com.ar\/wp-content\/uploads\/2024\/08\/andis-e1724784580365.jpg",600,453,false],"2048x2048":["https:\/\/nuevodigitaldeescobar.com.ar\/wp-content\/uploads\/2024\/08\/andis-e1724784580365.jpg",600,453,false]},"author_info":{"display_name":"Redacci\u00f3n","author_link":"https:\/\/nuevodigitaldeescobar.com.ar\/?author=1"},"category_info":"<a href=\"https:\/\/nuevodigitaldeescobar.com.ar\/?cat=61\" rel=\"category\">Nacionales<\/a>","tag_info":"Nacionales","comment_count":"0","_links":{"self":[{"href":"https:\/\/nuevodigitaldeescobar.com.ar\/index.php?rest_route=\/wp\/v2\/posts\/7799","targetHints":{"allow":["GET"]}}],"collection":[{"href":"https:\/\/nuevodigitaldeescobar.com.ar\/index.php?rest_route=\/wp\/v2\/posts"}],"about":[{"href":"https:\/\/nuevodigitaldeescobar.com.ar\/index.php?rest_route=\/wp\/v2\/types\/post"}],"author":[{"embeddable":true,"href":"https:\/\/nuevodigitaldeescobar.com.ar\/index.php?rest_route=\/wp\/v2\/users\/1"}],"replies":[{"embeddable":true,"href":"https:\/\/nuevodigitaldeescobar.com.ar\/index.php?rest_route=%2Fwp%2Fv2%2Fcomments&post=7799"}],"version-history":[{"count":1,"href":"https:\/\/nuevodigitaldeescobar.com.ar\/index.php?rest_route=\/wp\/v2\/posts\/7799\/revisions"}],"predecessor-version":[{"id":7800,"href":"https:\/\/nuevodigitaldeescobar.com.ar\/index.php?rest_route=\/wp\/v2\/posts\/7799\/revisions\/7800"}],"wp:featuredmedia":[{"embeddable":true,"href":"https:\/\/nuevodigitaldeescobar.com.ar\/index.php?rest_route=\/wp\/v2\/media\/7644"}],"wp:attachment":[{"href":"https:\/\/nuevodigitaldeescobar.com.ar\/index.php?rest_route=%2Fwp%2Fv2%2Fmedia&parent=7799"}],"wp:term":[{"taxonomy":"category","embeddable":true,"href":"https:\/\/nuevodigitaldeescobar.com.ar\/index.php?rest_route=%2Fwp%2Fv2%2Fcategories&post=7799"},{"taxonomy":"post_tag","embeddable":true,"href":"https:\/\/nuevodigitaldeescobar.com.ar\/index.php?rest_route=%2Fwp%2Fv2%2Ftags&post=7799"}],"curies":[{"name":"wp","href":"https:\/\/api.w.org\/{rel}","templated":true}]}}