{"id":8009,"date":"2024-09-13T07:00:00","date_gmt":"2024-09-13T10:00:00","guid":{"rendered":"https:\/\/nuevodigitaldeescobar.com.ar\/?p=8009"},"modified":"2024-09-12T14:39:17","modified_gmt":"2024-09-12T17:39:17","slug":"el-gobierno-de-kicillof-desafia-la-resolucion-de-caputo-sobre-las-tasas-municipales-en-facturas-de-servicios","status":"publish","type":"post","link":"https:\/\/nuevodigitaldeescobar.com.ar\/?p=8009","title":{"rendered":"El gobierno de Kicillof desaf\u00eda la resoluci\u00f3n de Caputo sobre las tasas municipales en facturas de servicios"},"content":{"rendered":"<p><span style=\"color: #003366;\"><strong><em>Lo anunci\u00f3 el Ministerio de Infraestructura y Servicios P\u00fablicos a trav\u00e9s de un comunicado; explicaron que los cobros se permiten dentro de las concesiones provinciales.<\/em><\/strong><\/span><\/p>\n<p><!--more--><\/p>\n<hr \/>\n<p>A trav\u00e9s de un comunicado publicado en su cuenta de la red social X, el Ministerio de Infraestructura y Servicios P\u00fablicos bonaerense desestim\u00f3 la aplicaci\u00f3n de la resoluci\u00f3n implementada por el ministro de Econom\u00eda, Luis Caputo, que elimina las tasas municipales sobre las facturas de servicios y anunciaron que la Provincia seguir\u00e1 cobr\u00e1ndolas.<\/p>\n<p>En un comunicado oficial, el Organismo de Control de la Energ\u00eda bonaerense (Oceba) aclar\u00f3 que las empresas distribuidoras est\u00e1n habilitadas a incluir conceptos diferentes al de electricidad en las liquidaciones mensuales.<\/p>\n\n\n<figure class=\"wp-block-embed is-type-rich is-provider-twitter wp-block-embed-twitter\"><div class=\"wp-block-embed__wrapper\">\n<blockquote class=\"twitter-tweet\" data-width=\"550\" data-dnt=\"true\"><p lang=\"es\" dir=\"ltr\">A partir de lo publicado hoy en el Bolet\u00edn Oficial por la Secretar\u00eda de Industria y Comercio de la Naci\u00f3n, el Organismo de Control de la Energ\u00eda de la Provincia de Buenos Aires (OCEBA) informa \ud83d\udc47\ud83c\udffb <a href=\"https:\/\/t.co\/7EIBs8bPn5\">pic.twitter.com\/7EIBs8bPn5<\/a><\/p>&mdash; Ministerio de Infraestructura y Servicios P\u00fablicos (@MInfraPBA) <a href=\"https:\/\/twitter.com\/MInfraPBA\/status\/1833995117172031626?ref_src=twsrc%5Etfw\">September 11, 2024<\/a><\/blockquote><script async src=\"https:\/\/platform.twitter.com\/widgets.js\" charset=\"utf-8\"><\/script>\n<\/div><\/figure>\n\n\n<p>Y apunt\u00f3 contra la decisi\u00f3n del titular del Palacio de Hacienda: <em>\u201cLa norma nacional pretende avasallar competencias provinciales propias de esta jurisdicci\u00f3n, corresponde indicar que el r\u00e9gimen provincial contempla expresamente la regulaci\u00f3n en los conceptos ajenos\u201d<\/em>.<\/p>\n<p><em>\u201cSe destaca que la falta de pago de cualquier concepto ajeno que fuera autorizado e incluido en la factura, no podr\u00e1 constituir causar para la interrupci\u00f3n o desconexi\u00f3n del suministro, todo ello en resguardo de los derechos de los usuarios\u201d<\/em>, agrega el comunicado.<\/p>\n<p>La reacci\u00f3n del gobierno provincial surge como respuesta a la establecida en el Bolet\u00edn Oficial mediante la resoluci\u00f3n 2024-267 de la Secretar\u00eda de Comercio, que dirige Pablo Lavigne. El Gobierno determin\u00f3 que los municipios ya no podr\u00e1n incluir impuestos y tasas en las facturas de servicios. Seg\u00fan explic\u00f3 Caputo horas antes de la publicaci\u00f3n en su cuenta de X, la Secretar\u00eda de Industria y Comercio del Ministerio de Econom\u00eda dispuso <em>\u201cque las facturas de servicios esenciales deben contener de forma \u00fanica y exclusiva la descripci\u00f3n y el precio correspondiente al servicio contratado por el consumidor\u201d<\/em>.<\/p>\n<p>En su art\u00edculo primero, la resoluci\u00f3n dicta: <em>\u201cLa informaci\u00f3n relacionada con los conceptos contenidos en los comprobantes emitidos por los proveedores de bienes y servicios en el marco de las relaciones de consumo, conforme las denomina el Art\u00edculo 3\u00b0 de la Ley N\u00b0 24.240 y sus modificatorias, deber\u00e1n referirse en forma \u00fanica y exclusiva al bien o servicio contratado espec\u00edficamente por el consumidor y suministrado por el proveedor, no pudiendo contener sumas o conceptos ajenos a dicho bien o servicio, sin perjuicio de toda otra informaci\u00f3n de car\u00e1cter general que corresponda incluir en el documento emitido, conforme a la norma aplicable\u201d<\/em>.<\/p>\n\n\n<figure class=\"wp-block-embed is-type-rich is-provider-twitter wp-block-embed-twitter\"><div class=\"wp-block-embed__wrapper\">\n<blockquote class=\"twitter-tweet\" data-width=\"550\" data-dnt=\"true\"><p lang=\"es\" dir=\"ltr\">Importante! \ud83d\udc47<br><br>LOS MUNICIPIOS YA NO PODR\u00c1N INCLUIR IMPUESTOS Y TASAS EN LAS FACTURAS DE SERVICIOS. <br><br>Ante reiteradas denuncias p\u00fablicas sobre municipios que incluyen tasas locales en la facturaci\u00f3n de servicios esenciales tales como la luz y el gas, la Secretar\u00eda de Industria y\u2026 <a href=\"https:\/\/t.co\/jyld9jSCkE\">pic.twitter.com\/jyld9jSCkE<\/a><\/p>&mdash; totocaputo (@LuisCaputoAR) <a href=\"https:\/\/twitter.com\/LuisCaputoAR\/status\/1833620702370644007?ref_src=twsrc%5Etfw\">September 10, 2024<\/a><\/blockquote><script async src=\"https:\/\/platform.twitter.com\/widgets.js\" charset=\"utf-8\"><\/script>\n<\/div><\/figure>\n\n\n<p>Ante la lluvia de cr\u00edticas de los gobernadores e intendentes que implic\u00f3 esta medida, Caputo public\u00f3 otro video en redes sociales, en el cual sostuvo que el objetivo detr\u00e1s de la resoluci\u00f3n es <em>\u201cdefender la transparencia\u201d<\/em> y desafi\u00f3 a los jefes comunales a que <em>\u201csean ellos los que den la cara\u201d<\/em>.<\/p>\n<p><em>\u201cQuer\u00eda aprovechar este momento para hacer una aclaraci\u00f3n con respecto a la resoluci\u00f3n que sacamos ayer sobre las tasas municipales. Ha habido muchas quejas de intendentes, obviamente kirchneristas\u201d<\/em>, comenz\u00f3 Caputo en un video, en clara alusi\u00f3n a los reproches p\u00fablicos de Mayra Mendoza (Quilmes) y Julio Zamora (Tigre). <em>\u201cAlgunos diarios titularon incluso sobre una guerra contra los municipios. Nada m\u00e1s alejado de la realidad que eso\u201d<\/em>, puntualiz\u00f3 el ministro.<\/p>\n\n\n<figure class=\"wp-block-embed is-type-rich is-provider-twitter wp-block-embed-twitter\"><div class=\"wp-block-embed__wrapper\">\n<blockquote class=\"twitter-tweet\" data-width=\"550\" data-dnt=\"true\"><p lang=\"es\" dir=\"ltr\">El Ministro de Econom\u00eda <a href=\"https:\/\/twitter.com\/LuisCaputoAR?ref_src=twsrc%5Etfw\">@LuisCaputoAr<\/a> sobre la resoluci\u00f3n vinculada al cobro de tasas municipales: \u201cEstamos defendiendo la transparencia y a los ciudadanos\u201d. <a href=\"https:\/\/t.co\/Fh5O1W5Esv\">pic.twitter.com\/Fh5O1W5Esv<\/a><\/p>&mdash; Ministerio de Econom\u00eda (@MinEconomia_Ar) <a href=\"https:\/\/twitter.com\/MinEconomia_Ar\/status\/1833932696638132284?ref_src=twsrc%5Etfw\">September 11, 2024<\/a><\/blockquote><script async src=\"https:\/\/platform.twitter.com\/widgets.js\" charset=\"utf-8\"><\/script>\n<\/div><\/figure>\n\n\n<p>Y explic\u00f3: <em>\u201cPara que la gente entienda, la Justicia establece que, para que los municipios cobren una tasa municipal, tiene que haber una contraprestaci\u00f3n, un servicio asociado. Ellos tienen la facultad de hacerlo y el Gobierno y el Estado nacional no les ha restringido esto. Lo que nosotros, en aras de transparencia, dijimos ayer [por el martes] que no se puede poner esas tasas dentro de lo que es el cobro de los servicios p\u00fablicos\u201d<\/em>.<\/p>\n<p>La resoluci\u00f3n considera tambi\u00e9n que las empresas prestadoras de servicios p\u00fablicos domiciliarios <em>\u201cdeber\u00e1n colocar en toda facturaci\u00f3n que se extienda al usuario su derecho a reclamar una indemnizaci\u00f3n si le son facturadas sumas o conceptos indebidos\u201d<\/em>.<\/p>\n<p><em>(La Naci\u00f3n)<\/em><\/p>","protected":false},"excerpt":{"rendered":"<p>Lo anunci\u00f3 el Ministerio de Infraestructura y Servicios P\u00fablicos a trav\u00e9s de un comunicado; explicaron que los cobros se permiten dentro de las concesiones provinciales.<\/p>\n","protected":false},"author":1,"featured_media":8010,"comment_status":"open","ping_status":"open","sticky":false,"template":"","format":"standard","meta":{"footnotes":""},"categories":[10,6],"tags":[],"class_list":["post-8009","post","type-post","status-publish","format-standard","has-post-thumbnail","hentry","category-economia","category-politica"],"better_featured_image":{"id":8010,"alt_text":"","caption":"","description":"","media_type":"image","media_details":{"width":420,"height":280,"file":"2024\/09\/kicitonto.jpg","filesize":16356,"sizes":{"medium":{"file":"kicitonto-300x200.jpg","width":300,"height":200,"mime-type":"image\/jpeg","filesize":8371,"source_url":"https:\/\/nuevodigitaldeescobar.com.ar\/wp-content\/uploads\/2024\/09\/kicitonto-300x200.jpg"},"thumbnail":{"file":"kicitonto-150x150.jpg","width":150,"height":150,"mime-type":"image\/jpeg","filesize":4209,"source_url":"https:\/\/nuevodigitaldeescobar.com.ar\/wp-content\/uploads\/2024\/09\/kicitonto-150x150.jpg"}},"image_meta":{"aperture":"0","credit":"","camera":"","caption":"","created_timestamp":"0","copyright":"","focal_length":"0","iso":"0","shutter_speed":"0","title":"","orientation":"0","keywords":[]}},"post":8009,"source_url":"https:\/\/nuevodigitaldeescobar.com.ar\/wp-content\/uploads\/2024\/09\/kicitonto.jpg"},"yoast_head":"<!-- This site is optimized with the Yoast SEO plugin v26.1.1 - https:\/\/yoast.com\/wordpress\/plugins\/seo\/ -->\n<title>El gobierno de Kicillof desaf\u00eda la resoluci\u00f3n de Caputo sobre las tasas municipales en facturas de servicios - Nuevo Digital de Escobar<\/title>\n<meta name=\"robots\" content=\"index, follow, max-snippet:-1, max-image-preview:large, max-video-preview:-1\" \/>\n<link rel=\"canonical\" href=\"https:\/\/nuevodigitaldeescobar.com.ar\/?p=8009\" \/>\n<meta property=\"og:locale\" content=\"es_ES\" \/>\n<meta property=\"og:type\" content=\"article\" \/>\n<meta property=\"og:title\" content=\"El gobierno de Kicillof desaf\u00eda la resoluci\u00f3n de Caputo sobre las tasas municipales en facturas de servicios - Nuevo Digital de Escobar\" \/>\n<meta property=\"og:description\" content=\"Lo anunci\u00f3 el Ministerio de Infraestructura y Servicios P\u00fablicos a trav\u00e9s de un comunicado; explicaron que los cobros se permiten dentro de las concesiones provinciales.\" \/>\n<meta property=\"og:url\" content=\"https:\/\/nuevodigitaldeescobar.com.ar\/?p=8009\" \/>\n<meta property=\"og:site_name\" content=\"Nuevo Digital de Escobar\" \/>\n<meta property=\"article:publisher\" content=\"https:\/\/www.facebook.com\/NUEVODigitalDeEscobar\" \/>\n<meta property=\"article:published_time\" content=\"2024-09-13T10:00:00+00:00\" \/>\n<meta property=\"og:image\" content=\"https:\/\/nuevodigitaldeescobar.com.ar\/wp-content\/uploads\/2024\/09\/kicitonto.jpg\" \/>\n\t<meta property=\"og:image:width\" content=\"420\" \/>\n\t<meta property=\"og:image:height\" content=\"280\" \/>\n\t<meta property=\"og:image:type\" content=\"image\/jpeg\" \/>\n<meta name=\"author\" content=\"Redacci\u00f3n\" \/>\n<meta name=\"twitter:card\" content=\"summary_large_image\" \/>\n<meta name=\"twitter:creator\" content=\"@nuevodigescobar\" \/>\n<meta name=\"twitter:site\" content=\"@nuevodigescobar\" \/>\n<meta name=\"twitter:label1\" content=\"Escrito por\" \/>\n\t<meta name=\"twitter:data1\" content=\"Redacci\u00f3n\" \/>\n\t<meta name=\"twitter:label2\" content=\"Tiempo de lectura\" \/>\n\t<meta name=\"twitter:data2\" content=\"3 minutos\" \/>\n<script type=\"application\/ld+json\" class=\"yoast-schema-graph\">{\"@context\":\"https:\/\/schema.org\",\"@graph\":[{\"@type\":\"Article\",\"@id\":\"https:\/\/nuevodigitaldeescobar.com.ar\/?p=8009#article\",\"isPartOf\":{\"@id\":\"https:\/\/nuevodigitaldeescobar.com.ar\/?p=8009\"},\"author\":{\"name\":\"Redacci\u00f3n\",\"@id\":\"https:\/\/nuevodigitaldeescobar.com.ar\/#\/schema\/person\/035e90a8efe9a80e6eec22656ad6ea4c\"},\"headline\":\"El gobierno de Kicillof desaf\u00eda la resoluci\u00f3n de Caputo sobre las tasas municipales en facturas de servicios\",\"datePublished\":\"2024-09-13T10:00:00+00:00\",\"mainEntityOfPage\":{\"@id\":\"https:\/\/nuevodigitaldeescobar.com.ar\/?p=8009\"},\"wordCount\":702,\"commentCount\":0,\"publisher\":{\"@id\":\"https:\/\/nuevodigitaldeescobar.com.ar\/#organization\"},\"image\":{\"@id\":\"https:\/\/nuevodigitaldeescobar.com.ar\/?p=8009#primaryimage\"},\"thumbnailUrl\":\"https:\/\/nuevodigitaldeescobar.com.ar\/wp-content\/uploads\/2024\/09\/kicitonto.jpg\",\"articleSection\":[\"Econom\u00eda\",\"Pol\u00edtica\"],\"inLanguage\":\"es\",\"potentialAction\":[{\"@type\":\"CommentAction\",\"name\":\"Comment\",\"target\":[\"https:\/\/nuevodigitaldeescobar.com.ar\/?p=8009#respond\"]}]},{\"@type\":\"WebPage\",\"@id\":\"https:\/\/nuevodigitaldeescobar.com.ar\/?p=8009\",\"url\":\"https:\/\/nuevodigitaldeescobar.com.ar\/?p=8009\",\"name\":\"El gobierno de Kicillof desaf\u00eda la resoluci\u00f3n de Caputo sobre las tasas municipales en facturas de servicios - Nuevo Digital de Escobar\",\"isPartOf\":{\"@id\":\"https:\/\/nuevodigitaldeescobar.com.ar\/#website\"},\"primaryImageOfPage\":{\"@id\":\"https:\/\/nuevodigitaldeescobar.com.ar\/?p=8009#primaryimage\"},\"image\":{\"@id\":\"https:\/\/nuevodigitaldeescobar.com.ar\/?p=8009#primaryimage\"},\"thumbnailUrl\":\"https:\/\/nuevodigitaldeescobar.com.ar\/wp-content\/uploads\/2024\/09\/kicitonto.jpg\",\"datePublished\":\"2024-09-13T10:00:00+00:00\",\"breadcrumb\":{\"@id\":\"https:\/\/nuevodigitaldeescobar.com.ar\/?p=8009#breadcrumb\"},\"inLanguage\":\"es\",\"potentialAction\":[{\"@type\":\"ReadAction\",\"target\":[\"https:\/\/nuevodigitaldeescobar.com.ar\/?p=8009\"]}]},{\"@type\":\"ImageObject\",\"inLanguage\":\"es\",\"@id\":\"https:\/\/nuevodigitaldeescobar.com.ar\/?p=8009#primaryimage\",\"url\":\"https:\/\/nuevodigitaldeescobar.com.ar\/wp-content\/uploads\/2024\/09\/kicitonto.jpg\",\"contentUrl\":\"https:\/\/nuevodigitaldeescobar.com.ar\/wp-content\/uploads\/2024\/09\/kicitonto.jpg\",\"width\":420,\"height\":280},{\"@type\":\"BreadcrumbList\",\"@id\":\"https:\/\/nuevodigitaldeescobar.com.ar\/?p=8009#breadcrumb\",\"itemListElement\":[{\"@type\":\"ListItem\",\"position\":1,\"name\":\"Portada\",\"item\":\"https:\/\/nuevodigitaldeescobar.com.ar\/\"},{\"@type\":\"ListItem\",\"position\":2,\"name\":\"El gobierno de Kicillof desaf\u00eda la resoluci\u00f3n de Caputo sobre las tasas municipales en facturas de servicios\"}]},{\"@type\":\"WebSite\",\"@id\":\"https:\/\/nuevodigitaldeescobar.com.ar\/#website\",\"url\":\"https:\/\/nuevodigitaldeescobar.com.ar\/\",\"name\":\"Nuevo Digital de Escobar\",\"description\":\"La vida escobarense. Directora: Rosana Brunner\",\"publisher\":{\"@id\":\"https:\/\/nuevodigitaldeescobar.com.ar\/#organization\"},\"potentialAction\":[{\"@type\":\"SearchAction\",\"target\":{\"@type\":\"EntryPoint\",\"urlTemplate\":\"https:\/\/nuevodigitaldeescobar.com.ar\/?s={search_term_string}\"},\"query-input\":{\"@type\":\"PropertyValueSpecification\",\"valueRequired\":true,\"valueName\":\"search_term_string\"}}],\"inLanguage\":\"es\"},{\"@type\":\"Organization\",\"@id\":\"https:\/\/nuevodigitaldeescobar.com.ar\/#organization\",\"name\":\"Nuevo Digital de Escobar\",\"url\":\"https:\/\/nuevodigitaldeescobar.com.ar\/\",\"logo\":{\"@type\":\"ImageObject\",\"inLanguage\":\"es\",\"@id\":\"https:\/\/nuevodigitaldeescobar.com.ar\/#\/schema\/logo\/image\/\",\"url\":\"https:\/\/nuevodigitaldeescobar.com.ar\/wp-content\/uploads\/2025\/05\/cropped-logo-nuevo2.jpg\",\"contentUrl\":\"https:\/\/nuevodigitaldeescobar.com.ar\/wp-content\/uploads\/2025\/05\/cropped-logo-nuevo2.jpg\",\"width\":305,\"height\":305,\"caption\":\"Nuevo Digital de Escobar\"},\"image\":{\"@id\":\"https:\/\/nuevodigitaldeescobar.com.ar\/#\/schema\/logo\/image\/\"},\"sameAs\":[\"https:\/\/www.facebook.com\/NUEVODigitalDeEscobar\",\"https:\/\/x.com\/nuevodigescobar\",\"https:\/\/www.instagram.com\/nuevodigitaldeescobar\"]},{\"@type\":\"Person\",\"@id\":\"https:\/\/nuevodigitaldeescobar.com.ar\/#\/schema\/person\/035e90a8efe9a80e6eec22656ad6ea4c\",\"name\":\"Redacci\u00f3n\",\"image\":{\"@type\":\"ImageObject\",\"inLanguage\":\"es\",\"@id\":\"https:\/\/nuevodigitaldeescobar.com.ar\/#\/schema\/person\/image\/\",\"url\":\"https:\/\/secure.gravatar.com\/avatar\/8af8f40000c24e9eef3034f2be5998a372bb1389e64b1a4a36b3a7979142220d?s=96&d=mm&r=g\",\"contentUrl\":\"https:\/\/secure.gravatar.com\/avatar\/8af8f40000c24e9eef3034f2be5998a372bb1389e64b1a4a36b3a7979142220d?s=96&d=mm&r=g\",\"caption\":\"Redacci\u00f3n\"},\"sameAs\":[\"http:\/\/nuevodigitaldeescobar.com.ar\"],\"url\":\"https:\/\/nuevodigitaldeescobar.com.ar\/?author=1\"}]}<\/script>\n<!-- \/ Yoast SEO plugin. -->","yoast_head_json":{"title":"El gobierno de Kicillof desaf\u00eda la resoluci\u00f3n de Caputo sobre las tasas municipales en facturas de servicios - Nuevo Digital de Escobar","robots":{"index":"index","follow":"follow","max-snippet":"max-snippet:-1","max-image-preview":"max-image-preview:large","max-video-preview":"max-video-preview:-1"},"canonical":"https:\/\/nuevodigitaldeescobar.com.ar\/?p=8009","og_locale":"es_ES","og_type":"article","og_title":"El gobierno de Kicillof desaf\u00eda la resoluci\u00f3n de Caputo sobre las tasas municipales en facturas de servicios - Nuevo Digital de Escobar","og_description":"Lo anunci\u00f3 el Ministerio de Infraestructura y Servicios P\u00fablicos a trav\u00e9s de un comunicado; explicaron que los cobros se permiten dentro de las concesiones provinciales.","og_url":"https:\/\/nuevodigitaldeescobar.com.ar\/?p=8009","og_site_name":"Nuevo Digital de Escobar","article_publisher":"https:\/\/www.facebook.com\/NUEVODigitalDeEscobar","article_published_time":"2024-09-13T10:00:00+00:00","og_image":[{"width":420,"height":280,"url":"https:\/\/nuevodigitaldeescobar.com.ar\/wp-content\/uploads\/2024\/09\/kicitonto.jpg","type":"image\/jpeg"}],"author":"Redacci\u00f3n","twitter_card":"summary_large_image","twitter_creator":"@nuevodigescobar","twitter_site":"@nuevodigescobar","twitter_misc":{"Escrito por":"Redacci\u00f3n","Tiempo de lectura":"3 minutos"},"schema":{"@context":"https:\/\/schema.org","@graph":[{"@type":"Article","@id":"https:\/\/nuevodigitaldeescobar.com.ar\/?p=8009#article","isPartOf":{"@id":"https:\/\/nuevodigitaldeescobar.com.ar\/?p=8009"},"author":{"name":"Redacci\u00f3n","@id":"https:\/\/nuevodigitaldeescobar.com.ar\/#\/schema\/person\/035e90a8efe9a80e6eec22656ad6ea4c"},"headline":"El gobierno de Kicillof desaf\u00eda la resoluci\u00f3n de Caputo sobre las tasas municipales en facturas de servicios","datePublished":"2024-09-13T10:00:00+00:00","mainEntityOfPage":{"@id":"https:\/\/nuevodigitaldeescobar.com.ar\/?p=8009"},"wordCount":702,"commentCount":0,"publisher":{"@id":"https:\/\/nuevodigitaldeescobar.com.ar\/#organization"},"image":{"@id":"https:\/\/nuevodigitaldeescobar.com.ar\/?p=8009#primaryimage"},"thumbnailUrl":"https:\/\/nuevodigitaldeescobar.com.ar\/wp-content\/uploads\/2024\/09\/kicitonto.jpg","articleSection":["Econom\u00eda","Pol\u00edtica"],"inLanguage":"es","potentialAction":[{"@type":"CommentAction","name":"Comment","target":["https:\/\/nuevodigitaldeescobar.com.ar\/?p=8009#respond"]}]},{"@type":"WebPage","@id":"https:\/\/nuevodigitaldeescobar.com.ar\/?p=8009","url":"https:\/\/nuevodigitaldeescobar.com.ar\/?p=8009","name":"El gobierno de Kicillof desaf\u00eda la resoluci\u00f3n de Caputo sobre las tasas municipales en facturas de servicios - Nuevo Digital de Escobar","isPartOf":{"@id":"https:\/\/nuevodigitaldeescobar.com.ar\/#website"},"primaryImageOfPage":{"@id":"https:\/\/nuevodigitaldeescobar.com.ar\/?p=8009#primaryimage"},"image":{"@id":"https:\/\/nuevodigitaldeescobar.com.ar\/?p=8009#primaryimage"},"thumbnailUrl":"https:\/\/nuevodigitaldeescobar.com.ar\/wp-content\/uploads\/2024\/09\/kicitonto.jpg","datePublished":"2024-09-13T10:00:00+00:00","breadcrumb":{"@id":"https:\/\/nuevodigitaldeescobar.com.ar\/?p=8009#breadcrumb"},"inLanguage":"es","potentialAction":[{"@type":"ReadAction","target":["https:\/\/nuevodigitaldeescobar.com.ar\/?p=8009"]}]},{"@type":"ImageObject","inLanguage":"es","@id":"https:\/\/nuevodigitaldeescobar.com.ar\/?p=8009#primaryimage","url":"https:\/\/nuevodigitaldeescobar.com.ar\/wp-content\/uploads\/2024\/09\/kicitonto.jpg","contentUrl":"https:\/\/nuevodigitaldeescobar.com.ar\/wp-content\/uploads\/2024\/09\/kicitonto.jpg","width":420,"height":280},{"@type":"BreadcrumbList","@id":"https:\/\/nuevodigitaldeescobar.com.ar\/?p=8009#breadcrumb","itemListElement":[{"@type":"ListItem","position":1,"name":"Portada","item":"https:\/\/nuevodigitaldeescobar.com.ar\/"},{"@type":"ListItem","position":2,"name":"El gobierno de Kicillof desaf\u00eda la resoluci\u00f3n de Caputo sobre las tasas municipales en facturas de servicios"}]},{"@type":"WebSite","@id":"https:\/\/nuevodigitaldeescobar.com.ar\/#website","url":"https:\/\/nuevodigitaldeescobar.com.ar\/","name":"Nuevo Digital de Escobar","description":"La vida escobarense. Directora: Rosana Brunner","publisher":{"@id":"https:\/\/nuevodigitaldeescobar.com.ar\/#organization"},"potentialAction":[{"@type":"SearchAction","target":{"@type":"EntryPoint","urlTemplate":"https:\/\/nuevodigitaldeescobar.com.ar\/?s={search_term_string}"},"query-input":{"@type":"PropertyValueSpecification","valueRequired":true,"valueName":"search_term_string"}}],"inLanguage":"es"},{"@type":"Organization","@id":"https:\/\/nuevodigitaldeescobar.com.ar\/#organization","name":"Nuevo Digital de Escobar","url":"https:\/\/nuevodigitaldeescobar.com.ar\/","logo":{"@type":"ImageObject","inLanguage":"es","@id":"https:\/\/nuevodigitaldeescobar.com.ar\/#\/schema\/logo\/image\/","url":"https:\/\/nuevodigitaldeescobar.com.ar\/wp-content\/uploads\/2025\/05\/cropped-logo-nuevo2.jpg","contentUrl":"https:\/\/nuevodigitaldeescobar.com.ar\/wp-content\/uploads\/2025\/05\/cropped-logo-nuevo2.jpg","width":305,"height":305,"caption":"Nuevo Digital de Escobar"},"image":{"@id":"https:\/\/nuevodigitaldeescobar.com.ar\/#\/schema\/logo\/image\/"},"sameAs":["https:\/\/www.facebook.com\/NUEVODigitalDeEscobar","https:\/\/x.com\/nuevodigescobar","https:\/\/www.instagram.com\/nuevodigitaldeescobar"]},{"@type":"Person","@id":"https:\/\/nuevodigitaldeescobar.com.ar\/#\/schema\/person\/035e90a8efe9a80e6eec22656ad6ea4c","name":"Redacci\u00f3n","image":{"@type":"ImageObject","inLanguage":"es","@id":"https:\/\/nuevodigitaldeescobar.com.ar\/#\/schema\/person\/image\/","url":"https:\/\/secure.gravatar.com\/avatar\/8af8f40000c24e9eef3034f2be5998a372bb1389e64b1a4a36b3a7979142220d?s=96&d=mm&r=g","contentUrl":"https:\/\/secure.gravatar.com\/avatar\/8af8f40000c24e9eef3034f2be5998a372bb1389e64b1a4a36b3a7979142220d?s=96&d=mm&r=g","caption":"Redacci\u00f3n"},"sameAs":["http:\/\/nuevodigitaldeescobar.com.ar"],"url":"https:\/\/nuevodigitaldeescobar.com.ar\/?author=1"}]}},"featured_image_urls":{"full":["https:\/\/nuevodigitaldeescobar.com.ar\/wp-content\/uploads\/2024\/09\/kicitonto.jpg",420,280,false],"thumbnail":["https:\/\/nuevodigitaldeescobar.com.ar\/wp-content\/uploads\/2024\/09\/kicitonto-150x150.jpg",150,150,true],"medium":["https:\/\/nuevodigitaldeescobar.com.ar\/wp-content\/uploads\/2024\/09\/kicitonto-300x200.jpg",300,200,true],"medium_large":["https:\/\/nuevodigitaldeescobar.com.ar\/wp-content\/uploads\/2024\/09\/kicitonto.jpg",420,280,false],"large":["https:\/\/nuevodigitaldeescobar.com.ar\/wp-content\/uploads\/2024\/09\/kicitonto.jpg",420,280,false],"1536x1536":["https:\/\/nuevodigitaldeescobar.com.ar\/wp-content\/uploads\/2024\/09\/kicitonto.jpg",420,280,false],"2048x2048":["https:\/\/nuevodigitaldeescobar.com.ar\/wp-content\/uploads\/2024\/09\/kicitonto.jpg",420,280,false]},"author_info":{"display_name":"Redacci\u00f3n","author_link":"https:\/\/nuevodigitaldeescobar.com.ar\/?author=1"},"category_info":"<a href=\"https:\/\/nuevodigitaldeescobar.com.ar\/?cat=10\" rel=\"category\">Econom\u00eda<\/a> <a href=\"https:\/\/nuevodigitaldeescobar.com.ar\/?cat=6\" rel=\"category\">Pol\u00edtica<\/a>","tag_info":"Pol\u00edtica","comment_count":"0","_links":{"self":[{"href":"https:\/\/nuevodigitaldeescobar.com.ar\/index.php?rest_route=\/wp\/v2\/posts\/8009","targetHints":{"allow":["GET"]}}],"collection":[{"href":"https:\/\/nuevodigitaldeescobar.com.ar\/index.php?rest_route=\/wp\/v2\/posts"}],"about":[{"href":"https:\/\/nuevodigitaldeescobar.com.ar\/index.php?rest_route=\/wp\/v2\/types\/post"}],"author":[{"embeddable":true,"href":"https:\/\/nuevodigitaldeescobar.com.ar\/index.php?rest_route=\/wp\/v2\/users\/1"}],"replies":[{"embeddable":true,"href":"https:\/\/nuevodigitaldeescobar.com.ar\/index.php?rest_route=%2Fwp%2Fv2%2Fcomments&post=8009"}],"version-history":[{"count":1,"href":"https:\/\/nuevodigitaldeescobar.com.ar\/index.php?rest_route=\/wp\/v2\/posts\/8009\/revisions"}],"predecessor-version":[{"id":8011,"href":"https:\/\/nuevodigitaldeescobar.com.ar\/index.php?rest_route=\/wp\/v2\/posts\/8009\/revisions\/8011"}],"wp:featuredmedia":[{"embeddable":true,"href":"https:\/\/nuevodigitaldeescobar.com.ar\/index.php?rest_route=\/wp\/v2\/media\/8010"}],"wp:attachment":[{"href":"https:\/\/nuevodigitaldeescobar.com.ar\/index.php?rest_route=%2Fwp%2Fv2%2Fmedia&parent=8009"}],"wp:term":[{"taxonomy":"category","embeddable":true,"href":"https:\/\/nuevodigitaldeescobar.com.ar\/index.php?rest_route=%2Fwp%2Fv2%2Fcategories&post=8009"},{"taxonomy":"post_tag","embeddable":true,"href":"https:\/\/nuevodigitaldeescobar.com.ar\/index.php?rest_route=%2Fwp%2Fv2%2Ftags&post=8009"}],"curies":[{"name":"wp","href":"https:\/\/api.w.org\/{rel}","templated":true}]}}