{"id":8033,"date":"2024-09-14T07:01:00","date_gmt":"2024-09-14T10:01:00","guid":{"rendered":"https:\/\/nuevodigitaldeescobar.com.ar\/?p=8033"},"modified":"2024-09-12T22:59:29","modified_gmt":"2024-09-13T01:59:29","slug":"las-celebraciones-por-el-aniversario-de-ingeniero-maschwitz-comienzan-con-el-lanzamiento-de-una-despensa-agroecologica","status":"publish","type":"post","link":"https:\/\/nuevodigitaldeescobar.com.ar\/?p=8033","title":{"rendered":"Las celebraciones por el aniversario de Ingeniero Maschwitz comienzan con el lanzamiento de una \u201cDespensa Agroecol\u00f3gica\u201d"},"content":{"rendered":"<p><span style=\"color: #003366;\"><em><strong>Este domingo, 15 de septiembre, de 10 a 17, en avenida El Dorado 2185, Ingeniero Maschwitz, ser\u00e1 una excelente oportunidad para disfrutar de un lindo paseo, que incluye una Ecoferia con productos regionales, ecol\u00f3gicos y artesanales hechos en el partido de Escobar.<\/strong><\/em><\/span><\/p>\n<p><!--more--><\/p>\n<hr \/>\n<p>Durante la Ecoferia, habr\u00e1 puestos al aire libre donde se podr\u00e1n comprar frutas y verduras agroecol\u00f3gicas, chocolates y mermeladas artesanales, conservas, cer\u00e1micas, plantas, incluyendo orqu\u00eddeas, y mucho m\u00e1s.<\/p>\n<p>Adem\u00e1s, la fecha coincide con la celebraci\u00f3n del 39\u00b0 aniversario de Ingeniero Maschwitz, que arranca a partir de las 10:30 con el tradicional desfile, paseo gastron\u00f3mico, feria de emprendedores, el festival Warmichella y shows en vivo, entre otras actividades. Los festejos culminar\u00e1n con un show en vivo de la banda de reggae Nonpalidece a las 18:30, en el Parque Papa Francisco, que se encuentra en Av. El Dorado y Lamadrid.<\/p>\n<p><a href=\"https:\/\/nuevodigitaldeescobar.com.ar\/?attachment_id=8034\" rel=\"attachment wp-att-8034\"><img fetchpriority=\"high\" decoding=\"async\" class=\"alignnone size-full wp-image-8034\" src=\"http:\/\/nuevodigitaldeescobar.com.ar\/wp-content\/uploads\/2024\/09\/ecoferia-1-e1726192548995.jpg\" alt=\"\" width=\"720\" height=\"403\" srcset=\"https:\/\/nuevodigitaldeescobar.com.ar\/wp-content\/uploads\/2024\/09\/ecoferia-1-e1726192548995.jpg 720w, https:\/\/nuevodigitaldeescobar.com.ar\/wp-content\/uploads\/2024\/09\/ecoferia-1-e1726192548995-300x168.jpg 300w\" sizes=\"(max-width: 720px) 100vw, 720px\" \/><\/a><\/p>\n<p>El lanzamiento de la Despensa Agroecol\u00f3gica responde al objetivo de reforzar el v\u00ednculo entre la comunidad y los alimentos agroecol\u00f3gicos, promoviendo un consumo m\u00e1s consciente y saludable, y un mayor cuidado del ambiente. Adem\u00e1s, este espacio funciona en articulaci\u00f3n con la cooperativa Escobar Crea, que agrupa a emprendedores locales, fomentando el desarrollo econ\u00f3mico y productivo del distrito, y garantizando el contacto directo entre el productor y el consumidor. Tambi\u00e9n se trabaja con la Cooperativa Caracoles y Hormigas para el abastecimiento de productos de almac\u00e9n regionales, provenientes de emprendedores y grupos asociativos de la Econom\u00eda Social.<\/p>\n<p><a href=\"https:\/\/nuevodigitaldeescobar.com.ar\/?attachment_id=8035\" rel=\"attachment wp-att-8035\"><img decoding=\"async\" class=\"alignnone size-full wp-image-8035\" src=\"http:\/\/nuevodigitaldeescobar.com.ar\/wp-content\/uploads\/2024\/09\/ecoferia-2-e1726192582905.jpg\" alt=\"\" width=\"720\" height=\"476\" srcset=\"https:\/\/nuevodigitaldeescobar.com.ar\/wp-content\/uploads\/2024\/09\/ecoferia-2-e1726192582905.jpg 720w, https:\/\/nuevodigitaldeescobar.com.ar\/wp-content\/uploads\/2024\/09\/ecoferia-2-e1726192582905-300x198.jpg 300w\" sizes=\"(max-width: 720px) 100vw, 720px\" \/><\/a><\/p>\n<p>La Despensa Agroecol\u00f3gica abre habitualmente de mi\u00e9rcoles a s\u00e1bados de 9 a 14 horas, ofreciendo frutas y verduras, huevos de campo, productos regionales elaborados por emprendedores locales, artesan\u00edas, art\u00edculos de almac\u00e9n, juguetes did\u00e1cticos, cosm\u00e9tica natural, entre otros. Adem\u00e1s, los clientes pueden acceder hasta a un 40% de reintegro abonando con Cuenta DNI del Banco Provincia.<\/p>\n<p><a href=\"https:\/\/nuevodigitaldeescobar.com.ar\/?attachment_id=8036\" rel=\"attachment wp-att-8036\"><img decoding=\"async\" class=\"alignnone size-full wp-image-8036\" src=\"http:\/\/nuevodigitaldeescobar.com.ar\/wp-content\/uploads\/2024\/09\/ecoferia-3-e1726192615619.jpg\" alt=\"\" width=\"720\" height=\"411\" srcset=\"https:\/\/nuevodigitaldeescobar.com.ar\/wp-content\/uploads\/2024\/09\/ecoferia-3-e1726192615619.jpg 720w, https:\/\/nuevodigitaldeescobar.com.ar\/wp-content\/uploads\/2024\/09\/ecoferia-3-e1726192615619-300x171.jpg 300w\" sizes=\"(max-width: 720px) 100vw, 720px\" \/><\/a><\/p>\n<p>Para quienes prefieren hacer sus compras de manera anticipada, el cat\u00e1logo est\u00e1 disponible en <a href=\"https:\/\/tiendaydespensa.escobar.gob.ar\/\">https:\/\/tiendaydespensa.escobar.gob.ar\/<\/a>. A trav\u00e9s de este sitio, se pueden seleccionar los productos deseados y realizar el pedido v\u00eda WhatsApp al 11 3783-5090 para retirarlo en la tienda. Las frutas y verduras agroecol\u00f3gicas se encargan previamente y se retiran los mi\u00e9rcoles y s\u00e1bados. Los medios de pago incluyen efectivo, tarjetas de d\u00e9bito o cr\u00e9dito, Cuenta DNI y Mercado Pago.<\/p>\n","protected":false},"excerpt":{"rendered":"<p>Este domingo, 15 de septiembre, de 10 a 17, en avenida El Dorado 2185, Ingeniero Maschwitz, ser\u00e1 una excelente oportunidad para disfrutar de un lindo [&hellip;]<\/p>\n","protected":false},"author":1,"featured_media":8037,"comment_status":"open","ping_status":"open","sticky":false,"template":"","format":"standard","meta":{"footnotes":""},"categories":[14,10,7],"tags":[],"class_list":["post-8033","post","type-post","status-publish","format-standard","has-post-thumbnail","hentry","category-clima-medioambiente-y-sostenibilidad","category-economia","category-interes-general"],"better_featured_image":{"id":8037,"alt_text":"","caption":"","description":"","media_type":"image","media_details":{"width":720,"height":480,"file":"2024\/09\/ecoferia-4-e1726192655217.jpg","filesize":340759,"sizes":{"medium":{"file":"ecoferia-4-300x200.jpg","width":300,"height":200,"mime-type":"image\/jpeg","filesize":23532,"source_url":"https:\/\/nuevodigitaldeescobar.com.ar\/wp-content\/uploads\/2024\/09\/ecoferia-4-300x200.jpg"},"large":{"file":"ecoferia-4-1024x682.jpg","width":1024,"height":682,"mime-type":"image\/jpeg","filesize":146804,"source_url":"https:\/\/nuevodigitaldeescobar.com.ar\/wp-content\/uploads\/2024\/09\/ecoferia-4-1024x682.jpg"},"thumbnail":{"file":"ecoferia-4-150x150.jpg","width":150,"height":150,"mime-type":"image\/jpeg","filesize":13086,"source_url":"https:\/\/nuevodigitaldeescobar.com.ar\/wp-content\/uploads\/2024\/09\/ecoferia-4-150x150.jpg"},"medium_large":{"file":"ecoferia-4-768x512.jpg","width":768,"height":512,"mime-type":"image\/jpeg","filesize":94642,"source_url":"https:\/\/nuevodigitaldeescobar.com.ar\/wp-content\/uploads\/2024\/09\/ecoferia-4-768x512.jpg"},"1536x1536":{"file":"ecoferia-4-1536x1023.jpg","width":1536,"height":1023,"mime-type":"image\/jpeg","filesize":266201,"source_url":"https:\/\/nuevodigitaldeescobar.com.ar\/wp-content\/uploads\/2024\/09\/ecoferia-4-1536x1023.jpg"}},"image_meta":{"aperture":"0","credit":"","camera":"","caption":"","created_timestamp":"0","copyright":"","focal_length":"0","iso":"0","shutter_speed":"0","title":"","orientation":"0","keywords":[]}},"post":8033,"source_url":"https:\/\/nuevodigitaldeescobar.com.ar\/wp-content\/uploads\/2024\/09\/ecoferia-4-e1726192655217.jpg"},"yoast_head":"<!-- This site is optimized with the Yoast SEO plugin v26.1.1 - https:\/\/yoast.com\/wordpress\/plugins\/seo\/ -->\n<title>Las celebraciones por el aniversario de Ingeniero Maschwitz comienzan con el lanzamiento de una \u201cDespensa Agroecol\u00f3gica\u201d - Nuevo Digital de Escobar<\/title>\n<meta name=\"robots\" content=\"index, follow, max-snippet:-1, max-image-preview:large, max-video-preview:-1\" \/>\n<link rel=\"canonical\" href=\"https:\/\/nuevodigitaldeescobar.com.ar\/?p=8033\" \/>\n<meta property=\"og:locale\" content=\"es_ES\" \/>\n<meta property=\"og:type\" content=\"article\" \/>\n<meta property=\"og:title\" content=\"Las celebraciones por el aniversario de Ingeniero Maschwitz comienzan con el lanzamiento de una \u201cDespensa Agroecol\u00f3gica\u201d - Nuevo Digital de Escobar\" \/>\n<meta property=\"og:description\" content=\"Este domingo, 15 de septiembre, de 10 a 17, en avenida El Dorado 2185, Ingeniero Maschwitz, ser\u00e1 una excelente oportunidad para disfrutar de un lindo [&hellip;]\" \/>\n<meta property=\"og:url\" content=\"https:\/\/nuevodigitaldeescobar.com.ar\/?p=8033\" \/>\n<meta property=\"og:site_name\" content=\"Nuevo Digital de Escobar\" \/>\n<meta property=\"article:publisher\" content=\"https:\/\/www.facebook.com\/NUEVODigitalDeEscobar\" \/>\n<meta property=\"article:published_time\" content=\"2024-09-14T10:01:00+00:00\" \/>\n<meta property=\"og:image\" content=\"https:\/\/nuevodigitaldeescobar.com.ar\/wp-content\/uploads\/2024\/09\/ecoferia-4-e1726192655217.jpg\" \/>\n\t<meta property=\"og:image:width\" content=\"720\" \/>\n\t<meta property=\"og:image:height\" content=\"480\" \/>\n\t<meta property=\"og:image:type\" content=\"image\/jpeg\" \/>\n<meta name=\"author\" content=\"Redacci\u00f3n\" \/>\n<meta name=\"twitter:card\" content=\"summary_large_image\" \/>\n<meta name=\"twitter:creator\" content=\"@nuevodigescobar\" \/>\n<meta name=\"twitter:site\" content=\"@nuevodigescobar\" \/>\n<meta name=\"twitter:label1\" content=\"Escrito por\" \/>\n\t<meta name=\"twitter:data1\" content=\"Redacci\u00f3n\" \/>\n\t<meta name=\"twitter:label2\" content=\"Tiempo de lectura\" \/>\n\t<meta name=\"twitter:data2\" content=\"2 minutos\" \/>\n<script type=\"application\/ld+json\" class=\"yoast-schema-graph\">{\"@context\":\"https:\/\/schema.org\",\"@graph\":[{\"@type\":\"Article\",\"@id\":\"https:\/\/nuevodigitaldeescobar.com.ar\/?p=8033#article\",\"isPartOf\":{\"@id\":\"https:\/\/nuevodigitaldeescobar.com.ar\/?p=8033\"},\"author\":{\"name\":\"Redacci\u00f3n\",\"@id\":\"https:\/\/nuevodigitaldeescobar.com.ar\/#\/schema\/person\/035e90a8efe9a80e6eec22656ad6ea4c\"},\"headline\":\"Las celebraciones por el aniversario de Ingeniero Maschwitz comienzan con el lanzamiento de una \u201cDespensa Agroecol\u00f3gica\u201d\",\"datePublished\":\"2024-09-14T10:01:00+00:00\",\"mainEntityOfPage\":{\"@id\":\"https:\/\/nuevodigitaldeescobar.com.ar\/?p=8033\"},\"wordCount\":408,\"commentCount\":0,\"publisher\":{\"@id\":\"https:\/\/nuevodigitaldeescobar.com.ar\/#organization\"},\"image\":{\"@id\":\"https:\/\/nuevodigitaldeescobar.com.ar\/?p=8033#primaryimage\"},\"thumbnailUrl\":\"https:\/\/nuevodigitaldeescobar.com.ar\/wp-content\/uploads\/2024\/09\/ecoferia-4-e1726192655217.jpg\",\"articleSection\":[\"Clima, Medioambiente y Sostenibilidad\",\"Econom\u00eda\",\"Inter\u00e9s general\"],\"inLanguage\":\"es\",\"potentialAction\":[{\"@type\":\"CommentAction\",\"name\":\"Comment\",\"target\":[\"https:\/\/nuevodigitaldeescobar.com.ar\/?p=8033#respond\"]}]},{\"@type\":\"WebPage\",\"@id\":\"https:\/\/nuevodigitaldeescobar.com.ar\/?p=8033\",\"url\":\"https:\/\/nuevodigitaldeescobar.com.ar\/?p=8033\",\"name\":\"Las celebraciones por el aniversario de Ingeniero Maschwitz comienzan con el lanzamiento de una \u201cDespensa Agroecol\u00f3gica\u201d - Nuevo Digital de Escobar\",\"isPartOf\":{\"@id\":\"https:\/\/nuevodigitaldeescobar.com.ar\/#website\"},\"primaryImageOfPage\":{\"@id\":\"https:\/\/nuevodigitaldeescobar.com.ar\/?p=8033#primaryimage\"},\"image\":{\"@id\":\"https:\/\/nuevodigitaldeescobar.com.ar\/?p=8033#primaryimage\"},\"thumbnailUrl\":\"https:\/\/nuevodigitaldeescobar.com.ar\/wp-content\/uploads\/2024\/09\/ecoferia-4-e1726192655217.jpg\",\"datePublished\":\"2024-09-14T10:01:00+00:00\",\"breadcrumb\":{\"@id\":\"https:\/\/nuevodigitaldeescobar.com.ar\/?p=8033#breadcrumb\"},\"inLanguage\":\"es\",\"potentialAction\":[{\"@type\":\"ReadAction\",\"target\":[\"https:\/\/nuevodigitaldeescobar.com.ar\/?p=8033\"]}]},{\"@type\":\"ImageObject\",\"inLanguage\":\"es\",\"@id\":\"https:\/\/nuevodigitaldeescobar.com.ar\/?p=8033#primaryimage\",\"url\":\"https:\/\/nuevodigitaldeescobar.com.ar\/wp-content\/uploads\/2024\/09\/ecoferia-4-e1726192655217.jpg\",\"contentUrl\":\"https:\/\/nuevodigitaldeescobar.com.ar\/wp-content\/uploads\/2024\/09\/ecoferia-4-e1726192655217.jpg\",\"width\":720,\"height\":480},{\"@type\":\"BreadcrumbList\",\"@id\":\"https:\/\/nuevodigitaldeescobar.com.ar\/?p=8033#breadcrumb\",\"itemListElement\":[{\"@type\":\"ListItem\",\"position\":1,\"name\":\"Portada\",\"item\":\"https:\/\/nuevodigitaldeescobar.com.ar\/\"},{\"@type\":\"ListItem\",\"position\":2,\"name\":\"Las celebraciones por el aniversario de Ingeniero Maschwitz comienzan con el lanzamiento de una \u201cDespensa Agroecol\u00f3gica\u201d\"}]},{\"@type\":\"WebSite\",\"@id\":\"https:\/\/nuevodigitaldeescobar.com.ar\/#website\",\"url\":\"https:\/\/nuevodigitaldeescobar.com.ar\/\",\"name\":\"Nuevo Digital de Escobar\",\"description\":\"La vida escobarense. Directora: Rosana Brunner\",\"publisher\":{\"@id\":\"https:\/\/nuevodigitaldeescobar.com.ar\/#organization\"},\"potentialAction\":[{\"@type\":\"SearchAction\",\"target\":{\"@type\":\"EntryPoint\",\"urlTemplate\":\"https:\/\/nuevodigitaldeescobar.com.ar\/?s={search_term_string}\"},\"query-input\":{\"@type\":\"PropertyValueSpecification\",\"valueRequired\":true,\"valueName\":\"search_term_string\"}}],\"inLanguage\":\"es\"},{\"@type\":\"Organization\",\"@id\":\"https:\/\/nuevodigitaldeescobar.com.ar\/#organization\",\"name\":\"Nuevo Digital de Escobar\",\"url\":\"https:\/\/nuevodigitaldeescobar.com.ar\/\",\"logo\":{\"@type\":\"ImageObject\",\"inLanguage\":\"es\",\"@id\":\"https:\/\/nuevodigitaldeescobar.com.ar\/#\/schema\/logo\/image\/\",\"url\":\"https:\/\/nuevodigitaldeescobar.com.ar\/wp-content\/uploads\/2025\/05\/cropped-logo-nuevo2.jpg\",\"contentUrl\":\"https:\/\/nuevodigitaldeescobar.com.ar\/wp-content\/uploads\/2025\/05\/cropped-logo-nuevo2.jpg\",\"width\":305,\"height\":305,\"caption\":\"Nuevo Digital de Escobar\"},\"image\":{\"@id\":\"https:\/\/nuevodigitaldeescobar.com.ar\/#\/schema\/logo\/image\/\"},\"sameAs\":[\"https:\/\/www.facebook.com\/NUEVODigitalDeEscobar\",\"https:\/\/x.com\/nuevodigescobar\",\"https:\/\/www.instagram.com\/nuevodigitaldeescobar\"]},{\"@type\":\"Person\",\"@id\":\"https:\/\/nuevodigitaldeescobar.com.ar\/#\/schema\/person\/035e90a8efe9a80e6eec22656ad6ea4c\",\"name\":\"Redacci\u00f3n\",\"image\":{\"@type\":\"ImageObject\",\"inLanguage\":\"es\",\"@id\":\"https:\/\/nuevodigitaldeescobar.com.ar\/#\/schema\/person\/image\/\",\"url\":\"https:\/\/secure.gravatar.com\/avatar\/8af8f40000c24e9eef3034f2be5998a372bb1389e64b1a4a36b3a7979142220d?s=96&d=mm&r=g\",\"contentUrl\":\"https:\/\/secure.gravatar.com\/avatar\/8af8f40000c24e9eef3034f2be5998a372bb1389e64b1a4a36b3a7979142220d?s=96&d=mm&r=g\",\"caption\":\"Redacci\u00f3n\"},\"sameAs\":[\"http:\/\/nuevodigitaldeescobar.com.ar\"],\"url\":\"https:\/\/nuevodigitaldeescobar.com.ar\/?author=1\"}]}<\/script>\n<!-- \/ Yoast SEO plugin. -->","yoast_head_json":{"title":"Las celebraciones por el aniversario de Ingeniero Maschwitz comienzan con el lanzamiento de una \u201cDespensa Agroecol\u00f3gica\u201d - Nuevo Digital de Escobar","robots":{"index":"index","follow":"follow","max-snippet":"max-snippet:-1","max-image-preview":"max-image-preview:large","max-video-preview":"max-video-preview:-1"},"canonical":"https:\/\/nuevodigitaldeescobar.com.ar\/?p=8033","og_locale":"es_ES","og_type":"article","og_title":"Las celebraciones por el aniversario de Ingeniero Maschwitz comienzan con el lanzamiento de una \u201cDespensa Agroecol\u00f3gica\u201d - Nuevo Digital de Escobar","og_description":"Este domingo, 15 de septiembre, de 10 a 17, en avenida El Dorado 2185, Ingeniero Maschwitz, ser\u00e1 una excelente oportunidad para disfrutar de un lindo [&hellip;]","og_url":"https:\/\/nuevodigitaldeescobar.com.ar\/?p=8033","og_site_name":"Nuevo Digital de Escobar","article_publisher":"https:\/\/www.facebook.com\/NUEVODigitalDeEscobar","article_published_time":"2024-09-14T10:01:00+00:00","og_image":[{"width":720,"height":480,"url":"https:\/\/nuevodigitaldeescobar.com.ar\/wp-content\/uploads\/2024\/09\/ecoferia-4-e1726192655217.jpg","type":"image\/jpeg"}],"author":"Redacci\u00f3n","twitter_card":"summary_large_image","twitter_creator":"@nuevodigescobar","twitter_site":"@nuevodigescobar","twitter_misc":{"Escrito por":"Redacci\u00f3n","Tiempo de lectura":"2 minutos"},"schema":{"@context":"https:\/\/schema.org","@graph":[{"@type":"Article","@id":"https:\/\/nuevodigitaldeescobar.com.ar\/?p=8033#article","isPartOf":{"@id":"https:\/\/nuevodigitaldeescobar.com.ar\/?p=8033"},"author":{"name":"Redacci\u00f3n","@id":"https:\/\/nuevodigitaldeescobar.com.ar\/#\/schema\/person\/035e90a8efe9a80e6eec22656ad6ea4c"},"headline":"Las celebraciones por el aniversario de Ingeniero Maschwitz comienzan con el lanzamiento de una \u201cDespensa Agroecol\u00f3gica\u201d","datePublished":"2024-09-14T10:01:00+00:00","mainEntityOfPage":{"@id":"https:\/\/nuevodigitaldeescobar.com.ar\/?p=8033"},"wordCount":408,"commentCount":0,"publisher":{"@id":"https:\/\/nuevodigitaldeescobar.com.ar\/#organization"},"image":{"@id":"https:\/\/nuevodigitaldeescobar.com.ar\/?p=8033#primaryimage"},"thumbnailUrl":"https:\/\/nuevodigitaldeescobar.com.ar\/wp-content\/uploads\/2024\/09\/ecoferia-4-e1726192655217.jpg","articleSection":["Clima, Medioambiente y Sostenibilidad","Econom\u00eda","Inter\u00e9s general"],"inLanguage":"es","potentialAction":[{"@type":"CommentAction","name":"Comment","target":["https:\/\/nuevodigitaldeescobar.com.ar\/?p=8033#respond"]}]},{"@type":"WebPage","@id":"https:\/\/nuevodigitaldeescobar.com.ar\/?p=8033","url":"https:\/\/nuevodigitaldeescobar.com.ar\/?p=8033","name":"Las celebraciones por el aniversario de Ingeniero Maschwitz comienzan con el lanzamiento de una \u201cDespensa Agroecol\u00f3gica\u201d - Nuevo Digital de Escobar","isPartOf":{"@id":"https:\/\/nuevodigitaldeescobar.com.ar\/#website"},"primaryImageOfPage":{"@id":"https:\/\/nuevodigitaldeescobar.com.ar\/?p=8033#primaryimage"},"image":{"@id":"https:\/\/nuevodigitaldeescobar.com.ar\/?p=8033#primaryimage"},"thumbnailUrl":"https:\/\/nuevodigitaldeescobar.com.ar\/wp-content\/uploads\/2024\/09\/ecoferia-4-e1726192655217.jpg","datePublished":"2024-09-14T10:01:00+00:00","breadcrumb":{"@id":"https:\/\/nuevodigitaldeescobar.com.ar\/?p=8033#breadcrumb"},"inLanguage":"es","potentialAction":[{"@type":"ReadAction","target":["https:\/\/nuevodigitaldeescobar.com.ar\/?p=8033"]}]},{"@type":"ImageObject","inLanguage":"es","@id":"https:\/\/nuevodigitaldeescobar.com.ar\/?p=8033#primaryimage","url":"https:\/\/nuevodigitaldeescobar.com.ar\/wp-content\/uploads\/2024\/09\/ecoferia-4-e1726192655217.jpg","contentUrl":"https:\/\/nuevodigitaldeescobar.com.ar\/wp-content\/uploads\/2024\/09\/ecoferia-4-e1726192655217.jpg","width":720,"height":480},{"@type":"BreadcrumbList","@id":"https:\/\/nuevodigitaldeescobar.com.ar\/?p=8033#breadcrumb","itemListElement":[{"@type":"ListItem","position":1,"name":"Portada","item":"https:\/\/nuevodigitaldeescobar.com.ar\/"},{"@type":"ListItem","position":2,"name":"Las celebraciones por el aniversario de Ingeniero Maschwitz comienzan con el lanzamiento de una \u201cDespensa Agroecol\u00f3gica\u201d"}]},{"@type":"WebSite","@id":"https:\/\/nuevodigitaldeescobar.com.ar\/#website","url":"https:\/\/nuevodigitaldeescobar.com.ar\/","name":"Nuevo Digital de Escobar","description":"La vida escobarense. Directora: Rosana Brunner","publisher":{"@id":"https:\/\/nuevodigitaldeescobar.com.ar\/#organization"},"potentialAction":[{"@type":"SearchAction","target":{"@type":"EntryPoint","urlTemplate":"https:\/\/nuevodigitaldeescobar.com.ar\/?s={search_term_string}"},"query-input":{"@type":"PropertyValueSpecification","valueRequired":true,"valueName":"search_term_string"}}],"inLanguage":"es"},{"@type":"Organization","@id":"https:\/\/nuevodigitaldeescobar.com.ar\/#organization","name":"Nuevo Digital de Escobar","url":"https:\/\/nuevodigitaldeescobar.com.ar\/","logo":{"@type":"ImageObject","inLanguage":"es","@id":"https:\/\/nuevodigitaldeescobar.com.ar\/#\/schema\/logo\/image\/","url":"https:\/\/nuevodigitaldeescobar.com.ar\/wp-content\/uploads\/2025\/05\/cropped-logo-nuevo2.jpg","contentUrl":"https:\/\/nuevodigitaldeescobar.com.ar\/wp-content\/uploads\/2025\/05\/cropped-logo-nuevo2.jpg","width":305,"height":305,"caption":"Nuevo Digital de Escobar"},"image":{"@id":"https:\/\/nuevodigitaldeescobar.com.ar\/#\/schema\/logo\/image\/"},"sameAs":["https:\/\/www.facebook.com\/NUEVODigitalDeEscobar","https:\/\/x.com\/nuevodigescobar","https:\/\/www.instagram.com\/nuevodigitaldeescobar"]},{"@type":"Person","@id":"https:\/\/nuevodigitaldeescobar.com.ar\/#\/schema\/person\/035e90a8efe9a80e6eec22656ad6ea4c","name":"Redacci\u00f3n","image":{"@type":"ImageObject","inLanguage":"es","@id":"https:\/\/nuevodigitaldeescobar.com.ar\/#\/schema\/person\/image\/","url":"https:\/\/secure.gravatar.com\/avatar\/8af8f40000c24e9eef3034f2be5998a372bb1389e64b1a4a36b3a7979142220d?s=96&d=mm&r=g","contentUrl":"https:\/\/secure.gravatar.com\/avatar\/8af8f40000c24e9eef3034f2be5998a372bb1389e64b1a4a36b3a7979142220d?s=96&d=mm&r=g","caption":"Redacci\u00f3n"},"sameAs":["http:\/\/nuevodigitaldeescobar.com.ar"],"url":"https:\/\/nuevodigitaldeescobar.com.ar\/?author=1"}]}},"featured_image_urls":{"full":["https:\/\/nuevodigitaldeescobar.com.ar\/wp-content\/uploads\/2024\/09\/ecoferia-4-e1726192655217.jpg",720,480,false],"thumbnail":["https:\/\/nuevodigitaldeescobar.com.ar\/wp-content\/uploads\/2024\/09\/ecoferia-4-150x150.jpg",150,150,true],"medium":["https:\/\/nuevodigitaldeescobar.com.ar\/wp-content\/uploads\/2024\/09\/ecoferia-4-300x200.jpg",300,200,true],"medium_large":["https:\/\/nuevodigitaldeescobar.com.ar\/wp-content\/uploads\/2024\/09\/ecoferia-4-768x512.jpg",640,427,true],"large":["https:\/\/nuevodigitaldeescobar.com.ar\/wp-content\/uploads\/2024\/09\/ecoferia-4-1024x682.jpg",640,426,true],"1536x1536":["https:\/\/nuevodigitaldeescobar.com.ar\/wp-content\/uploads\/2024\/09\/ecoferia-4-1536x1023.jpg",1536,1023,true],"2048x2048":["https:\/\/nuevodigitaldeescobar.com.ar\/wp-content\/uploads\/2024\/09\/ecoferia-4-e1726192655217.jpg",720,480,false]},"author_info":{"display_name":"Redacci\u00f3n","author_link":"https:\/\/nuevodigitaldeescobar.com.ar\/?author=1"},"category_info":"<a href=\"https:\/\/nuevodigitaldeescobar.com.ar\/?cat=14\" rel=\"category\">Clima, Medioambiente y Sostenibilidad<\/a> <a href=\"https:\/\/nuevodigitaldeescobar.com.ar\/?cat=10\" rel=\"category\">Econom\u00eda<\/a> <a href=\"https:\/\/nuevodigitaldeescobar.com.ar\/?cat=7\" rel=\"category\">Inter\u00e9s general<\/a>","tag_info":"Inter\u00e9s general","comment_count":"0","_links":{"self":[{"href":"https:\/\/nuevodigitaldeescobar.com.ar\/index.php?rest_route=\/wp\/v2\/posts\/8033","targetHints":{"allow":["GET"]}}],"collection":[{"href":"https:\/\/nuevodigitaldeescobar.com.ar\/index.php?rest_route=\/wp\/v2\/posts"}],"about":[{"href":"https:\/\/nuevodigitaldeescobar.com.ar\/index.php?rest_route=\/wp\/v2\/types\/post"}],"author":[{"embeddable":true,"href":"https:\/\/nuevodigitaldeescobar.com.ar\/index.php?rest_route=\/wp\/v2\/users\/1"}],"replies":[{"embeddable":true,"href":"https:\/\/nuevodigitaldeescobar.com.ar\/index.php?rest_route=%2Fwp%2Fv2%2Fcomments&post=8033"}],"version-history":[{"count":1,"href":"https:\/\/nuevodigitaldeescobar.com.ar\/index.php?rest_route=\/wp\/v2\/posts\/8033\/revisions"}],"predecessor-version":[{"id":8038,"href":"https:\/\/nuevodigitaldeescobar.com.ar\/index.php?rest_route=\/wp\/v2\/posts\/8033\/revisions\/8038"}],"wp:featuredmedia":[{"embeddable":true,"href":"https:\/\/nuevodigitaldeescobar.com.ar\/index.php?rest_route=\/wp\/v2\/media\/8037"}],"wp:attachment":[{"href":"https:\/\/nuevodigitaldeescobar.com.ar\/index.php?rest_route=%2Fwp%2Fv2%2Fmedia&parent=8033"}],"wp:term":[{"taxonomy":"category","embeddable":true,"href":"https:\/\/nuevodigitaldeescobar.com.ar\/index.php?rest_route=%2Fwp%2Fv2%2Fcategories&post=8033"},{"taxonomy":"post_tag","embeddable":true,"href":"https:\/\/nuevodigitaldeescobar.com.ar\/index.php?rest_route=%2Fwp%2Fv2%2Ftags&post=8033"}],"curies":[{"name":"wp","href":"https:\/\/api.w.org\/{rel}","templated":true}]}}