{"id":8042,"date":"2024-09-13T07:00:00","date_gmt":"2024-09-13T10:00:00","guid":{"rendered":"https:\/\/nuevodigitaldeescobar.com.ar\/?p=8042"},"modified":"2024-09-13T11:45:19","modified_gmt":"2024-09-13T14:45:19","slug":"brutal-choque-en-cordoba-el-conductor-que-atropello-a-mas-de-30-personas-tiene-68-anos-y-no-recuerda-lo-sucedido","status":"publish","type":"post","link":"https:\/\/nuevodigitaldeescobar.com.ar\/?p=8042","title":{"rendered":"Brutal choque en C\u00f3rdoba: el conductor que atropell\u00f3 a m\u00e1s de 30 personas tiene 68 a\u00f1os y no recuerda lo sucedido"},"content":{"rendered":"<p><span style=\"color: #003366;\"><strong><em>El hombre recibe atenci\u00f3n en un hospital y permanece con custodia. Podr\u00eda ser imputado por lesiones culposas grav\u00edsimas.<\/em><\/strong><\/span><\/p>\n<p><!--more--><\/p>\n<hr \/>\n<p>C\u00f3rdoba sigue movilizada luego del impresionante choque que protagoniz\u00f3 un conductor al perder el control de su auto y atropellar a m\u00e1s de 30 personas en pleno centro.<\/p>\n<p>El automovilista es un hombre de 68 a\u00f1os, identificado como Cristian Pacha. Tras el incidente, fue derivado a un hospital y permanece con custodia. Luego fue trasladado a la Unidad Judicial para iniciar las pericias de rigor, entre ellas el test de alcoholemia.<\/p>\n<p>Desde el centro de salud comunicaron que el conductor no recuerda el episodio: <em>\u201cLleg\u00f3 consciente, orientado y sin recordar lo sucedido. No presenta heridas visibles y sus signos vitales est\u00e1n estables. Se le realizaron estudios radiol\u00f3gicos, neurol\u00f3gicos y cardiol\u00f3gicos, y permanecer\u00e1 en cuidados cr\u00edticos para un seguimiento m\u00e1s cercano\u201d<\/em>, informaron en un parte de prensa.<\/p>\n<p>La causa estuvo a cargo del fiscal, Jos\u00e9 Bringas, y luego pas\u00f3 a manos del fiscal Ernesto de Arag\u00f3n. En tanto, la secretaria Silvana Scarpino explic\u00f3 que esperaba el procedimiento policial para avanzar con las pesquisas.<\/p>\n<p><em>\u201cPor el momento no est\u00e1 caratulada la causa, aunque podr\u00eda corresponder responsabilidad por Lesiones Culposas Grav\u00edsimas\u201d<\/em>, indicaron desde la fiscal\u00eda.<\/p>\n<figure id=\"attachment_8043\" aria-describedby=\"caption-attachment-8043\" style=\"width: 720px\" class=\"wp-caption alignnone\"><a href=\"https:\/\/nuevodigitaldeescobar.com.ar\/?attachment_id=8043\" rel=\"attachment wp-att-8043\"><img fetchpriority=\"high\" decoding=\"async\" class=\"size-full wp-image-8043\" src=\"http:\/\/nuevodigitaldeescobar.com.ar\/wp-content\/uploads\/2024\/09\/choque-cordoba-epi-e1726238610260.jpg\" alt=\"\" width=\"720\" height=\"406\" \/><\/a><figcaption id=\"caption-attachment-8043\" class=\"wp-caption-text\">El Toyota Corolla que atropell\u00f3 a peatones en el centro de C\u00f3rdoba. (Foto: captura ElDoce)<\/figcaption><\/figure>\n<p>Seg\u00fan los informes preliminares de la Polic\u00eda y declaraciones de testigos, el conductor viajaba solo y se habr\u00eda descompuesto mientras descend\u00eda por la avenida Chacabuco, lo que provoc\u00f3 que el auto pasara por arriba a todo lo que se encontraba a su paso.<\/p>\n<h3><span style=\"color: #003366;\">C\u00f3mo fue el impactante choque en C\u00f3rdoba<\/span><\/h3>\n<p>El choque ocurri\u00f3 el mediod\u00eda del jueves, en la intersecci\u00f3n de los bulevares Chacabuco e Illia, y se extendi\u00f3 hasta la esquina de San Jer\u00f3nimo, en un tramo de alta congesti\u00f3n vehicular y peatonal.<\/p>\n<p>El veh\u00edculo pas\u00f3 un sem\u00e1foro en rojo y termin\u00f3 impactando frente a un local de farmacia en la calle San Jer\u00f3nimo, despu\u00e9s de haber golpeado a varios peatones, motociclistas y ciclistas. Seg\u00fan el testimonio de un testigo, el conductor manejaba a m\u00e1s de 100 kil\u00f3metros por hora.<\/p>\n<p>Personal de emergencias m\u00e9dicas, bomberos y la Polic\u00eda de la provincia se desplazaron al lugar de los hechos para atender a las v\u00edctimas y asegurar la zona.<\/p>\n<p>Seg\u00fan inform\u00f3 el comisario Cristian Massa a medios locales, 35 personas se vieron involucradas en el accidente. Entre los heridos, dos presentan lesiones de gravedad: una mujer de entre 20 y 30 a\u00f1os que sufri\u00f3 la amputaci\u00f3n de su pierna derecha y una fractura de cr\u00e1neo, y otra persona que fue trasladada a un hospital con p\u00e9rdida de conocimiento.<\/p>\n<p><em>(TN)<\/em><\/p>\n","protected":false},"excerpt":{"rendered":"<p>El hombre recibe atenci\u00f3n en un hospital y permanece con custodia. Podr\u00eda ser imputado por lesiones culposas grav\u00edsimas.<\/p>\n","protected":false},"author":1,"featured_media":8044,"comment_status":"open","ping_status":"open","sticky":false,"template":"","format":"standard","meta":{"footnotes":""},"categories":[61,13],"tags":[],"class_list":["post-8042","post","type-post","status-publish","format-standard","has-post-thumbnail","hentry","category-nacionales","category-policiales"],"better_featured_image":{"id":8044,"alt_text":"","caption":"","description":"","media_type":"image","media_details":{"width":720,"height":403,"file":"2024\/09\/choque-cordoba-e1726238683660.jpg","filesize":186990,"sizes":{"medium":{"file":"choque-cordoba-300x168.jpg","width":300,"height":168,"mime-type":"image\/jpeg","filesize":12087,"source_url":"https:\/\/nuevodigitaldeescobar.com.ar\/wp-content\/uploads\/2024\/09\/choque-cordoba-300x168.jpg"},"large":{"file":"choque-cordoba-1024x573.jpg","width":1024,"height":573,"mime-type":"image\/jpeg","filesize":84396,"source_url":"https:\/\/nuevodigitaldeescobar.com.ar\/wp-content\/uploads\/2024\/09\/choque-cordoba-1024x573.jpg"},"thumbnail":{"file":"choque-cordoba-150x150.jpg","width":150,"height":150,"mime-type":"image\/jpeg","filesize":5748,"source_url":"https:\/\/nuevodigitaldeescobar.com.ar\/wp-content\/uploads\/2024\/09\/choque-cordoba-150x150.jpg"},"medium_large":{"file":"choque-cordoba-768x430.jpg","width":768,"height":430,"mime-type":"image\/jpeg","filesize":54382,"source_url":"https:\/\/nuevodigitaldeescobar.com.ar\/wp-content\/uploads\/2024\/09\/choque-cordoba-768x430.jpg"}},"image_meta":{"aperture":"0","credit":"","camera":"","caption":"","created_timestamp":"0","copyright":"","focal_length":"0","iso":"0","shutter_speed":"0","title":"","orientation":"0","keywords":[]}},"post":8042,"source_url":"https:\/\/nuevodigitaldeescobar.com.ar\/wp-content\/uploads\/2024\/09\/choque-cordoba-e1726238683660.jpg"},"yoast_head":"<!-- This site is optimized with the Yoast SEO plugin v26.1.1 - https:\/\/yoast.com\/wordpress\/plugins\/seo\/ -->\n<title>Brutal choque en C\u00f3rdoba: el conductor que atropell\u00f3 a m\u00e1s de 30 personas tiene 68 a\u00f1os y no recuerda lo sucedido - Nuevo Digital de Escobar<\/title>\n<meta name=\"robots\" content=\"index, follow, max-snippet:-1, max-image-preview:large, max-video-preview:-1\" \/>\n<link rel=\"canonical\" href=\"https:\/\/nuevodigitaldeescobar.com.ar\/?p=8042\" \/>\n<meta property=\"og:locale\" content=\"es_ES\" \/>\n<meta property=\"og:type\" content=\"article\" \/>\n<meta property=\"og:title\" content=\"Brutal choque en C\u00f3rdoba: el conductor que atropell\u00f3 a m\u00e1s de 30 personas tiene 68 a\u00f1os y no recuerda lo sucedido - Nuevo Digital de Escobar\" \/>\n<meta property=\"og:description\" content=\"El hombre recibe atenci\u00f3n en un hospital y permanece con custodia. Podr\u00eda ser imputado por lesiones culposas grav\u00edsimas.\" \/>\n<meta property=\"og:url\" content=\"https:\/\/nuevodigitaldeescobar.com.ar\/?p=8042\" \/>\n<meta property=\"og:site_name\" content=\"Nuevo Digital de Escobar\" \/>\n<meta property=\"article:publisher\" content=\"https:\/\/www.facebook.com\/NUEVODigitalDeEscobar\" \/>\n<meta property=\"article:published_time\" content=\"2024-09-13T10:00:00+00:00\" \/>\n<meta property=\"article:modified_time\" content=\"2024-09-13T14:45:19+00:00\" \/>\n<meta property=\"og:image\" content=\"https:\/\/nuevodigitaldeescobar.com.ar\/wp-content\/uploads\/2024\/09\/choque-cordoba-e1726238683660.jpg\" \/>\n\t<meta property=\"og:image:width\" content=\"720\" \/>\n\t<meta property=\"og:image:height\" content=\"403\" \/>\n\t<meta property=\"og:image:type\" content=\"image\/jpeg\" \/>\n<meta name=\"author\" content=\"Redacci\u00f3n\" \/>\n<meta name=\"twitter:card\" content=\"summary_large_image\" \/>\n<meta name=\"twitter:creator\" content=\"@nuevodigescobar\" \/>\n<meta name=\"twitter:site\" content=\"@nuevodigescobar\" \/>\n<meta name=\"twitter:label1\" content=\"Escrito por\" \/>\n\t<meta name=\"twitter:data1\" content=\"Redacci\u00f3n\" \/>\n\t<meta name=\"twitter:label2\" content=\"Tiempo de lectura\" \/>\n\t<meta name=\"twitter:data2\" content=\"2 minutos\" \/>\n<script type=\"application\/ld+json\" class=\"yoast-schema-graph\">{\"@context\":\"https:\/\/schema.org\",\"@graph\":[{\"@type\":\"Article\",\"@id\":\"https:\/\/nuevodigitaldeescobar.com.ar\/?p=8042#article\",\"isPartOf\":{\"@id\":\"https:\/\/nuevodigitaldeescobar.com.ar\/?p=8042\"},\"author\":{\"name\":\"Redacci\u00f3n\",\"@id\":\"https:\/\/nuevodigitaldeescobar.com.ar\/#\/schema\/person\/035e90a8efe9a80e6eec22656ad6ea4c\"},\"headline\":\"Brutal choque en C\u00f3rdoba: el conductor que atropell\u00f3 a m\u00e1s de 30 personas tiene 68 a\u00f1os y no recuerda lo sucedido\",\"datePublished\":\"2024-09-13T10:00:00+00:00\",\"dateModified\":\"2024-09-13T14:45:19+00:00\",\"mainEntityOfPage\":{\"@id\":\"https:\/\/nuevodigitaldeescobar.com.ar\/?p=8042\"},\"wordCount\":498,\"commentCount\":0,\"publisher\":{\"@id\":\"https:\/\/nuevodigitaldeescobar.com.ar\/#organization\"},\"image\":{\"@id\":\"https:\/\/nuevodigitaldeescobar.com.ar\/?p=8042#primaryimage\"},\"thumbnailUrl\":\"https:\/\/nuevodigitaldeescobar.com.ar\/wp-content\/uploads\/2024\/09\/choque-cordoba-e1726238683660.jpg\",\"articleSection\":[\"Nacionales\",\"Policiales\"],\"inLanguage\":\"es\",\"potentialAction\":[{\"@type\":\"CommentAction\",\"name\":\"Comment\",\"target\":[\"https:\/\/nuevodigitaldeescobar.com.ar\/?p=8042#respond\"]}]},{\"@type\":\"WebPage\",\"@id\":\"https:\/\/nuevodigitaldeescobar.com.ar\/?p=8042\",\"url\":\"https:\/\/nuevodigitaldeescobar.com.ar\/?p=8042\",\"name\":\"Brutal choque en C\u00f3rdoba: el conductor que atropell\u00f3 a m\u00e1s de 30 personas tiene 68 a\u00f1os y no recuerda lo sucedido - Nuevo Digital de Escobar\",\"isPartOf\":{\"@id\":\"https:\/\/nuevodigitaldeescobar.com.ar\/#website\"},\"primaryImageOfPage\":{\"@id\":\"https:\/\/nuevodigitaldeescobar.com.ar\/?p=8042#primaryimage\"},\"image\":{\"@id\":\"https:\/\/nuevodigitaldeescobar.com.ar\/?p=8042#primaryimage\"},\"thumbnailUrl\":\"https:\/\/nuevodigitaldeescobar.com.ar\/wp-content\/uploads\/2024\/09\/choque-cordoba-e1726238683660.jpg\",\"datePublished\":\"2024-09-13T10:00:00+00:00\",\"dateModified\":\"2024-09-13T14:45:19+00:00\",\"breadcrumb\":{\"@id\":\"https:\/\/nuevodigitaldeescobar.com.ar\/?p=8042#breadcrumb\"},\"inLanguage\":\"es\",\"potentialAction\":[{\"@type\":\"ReadAction\",\"target\":[\"https:\/\/nuevodigitaldeescobar.com.ar\/?p=8042\"]}]},{\"@type\":\"ImageObject\",\"inLanguage\":\"es\",\"@id\":\"https:\/\/nuevodigitaldeescobar.com.ar\/?p=8042#primaryimage\",\"url\":\"https:\/\/nuevodigitaldeescobar.com.ar\/wp-content\/uploads\/2024\/09\/choque-cordoba-e1726238683660.jpg\",\"contentUrl\":\"https:\/\/nuevodigitaldeescobar.com.ar\/wp-content\/uploads\/2024\/09\/choque-cordoba-e1726238683660.jpg\",\"width\":720,\"height\":403},{\"@type\":\"BreadcrumbList\",\"@id\":\"https:\/\/nuevodigitaldeescobar.com.ar\/?p=8042#breadcrumb\",\"itemListElement\":[{\"@type\":\"ListItem\",\"position\":1,\"name\":\"Portada\",\"item\":\"https:\/\/nuevodigitaldeescobar.com.ar\/\"},{\"@type\":\"ListItem\",\"position\":2,\"name\":\"Brutal choque en C\u00f3rdoba: el conductor que atropell\u00f3 a m\u00e1s de 30 personas tiene 68 a\u00f1os y no recuerda lo sucedido\"}]},{\"@type\":\"WebSite\",\"@id\":\"https:\/\/nuevodigitaldeescobar.com.ar\/#website\",\"url\":\"https:\/\/nuevodigitaldeescobar.com.ar\/\",\"name\":\"Nuevo Digital de Escobar\",\"description\":\"La vida escobarense. Directora: Rosana Brunner\",\"publisher\":{\"@id\":\"https:\/\/nuevodigitaldeescobar.com.ar\/#organization\"},\"potentialAction\":[{\"@type\":\"SearchAction\",\"target\":{\"@type\":\"EntryPoint\",\"urlTemplate\":\"https:\/\/nuevodigitaldeescobar.com.ar\/?s={search_term_string}\"},\"query-input\":{\"@type\":\"PropertyValueSpecification\",\"valueRequired\":true,\"valueName\":\"search_term_string\"}}],\"inLanguage\":\"es\"},{\"@type\":\"Organization\",\"@id\":\"https:\/\/nuevodigitaldeescobar.com.ar\/#organization\",\"name\":\"Nuevo Digital de Escobar\",\"url\":\"https:\/\/nuevodigitaldeescobar.com.ar\/\",\"logo\":{\"@type\":\"ImageObject\",\"inLanguage\":\"es\",\"@id\":\"https:\/\/nuevodigitaldeescobar.com.ar\/#\/schema\/logo\/image\/\",\"url\":\"https:\/\/nuevodigitaldeescobar.com.ar\/wp-content\/uploads\/2025\/05\/cropped-logo-nuevo2.jpg\",\"contentUrl\":\"https:\/\/nuevodigitaldeescobar.com.ar\/wp-content\/uploads\/2025\/05\/cropped-logo-nuevo2.jpg\",\"width\":305,\"height\":305,\"caption\":\"Nuevo Digital de Escobar\"},\"image\":{\"@id\":\"https:\/\/nuevodigitaldeescobar.com.ar\/#\/schema\/logo\/image\/\"},\"sameAs\":[\"https:\/\/www.facebook.com\/NUEVODigitalDeEscobar\",\"https:\/\/x.com\/nuevodigescobar\",\"https:\/\/www.instagram.com\/nuevodigitaldeescobar\"]},{\"@type\":\"Person\",\"@id\":\"https:\/\/nuevodigitaldeescobar.com.ar\/#\/schema\/person\/035e90a8efe9a80e6eec22656ad6ea4c\",\"name\":\"Redacci\u00f3n\",\"image\":{\"@type\":\"ImageObject\",\"inLanguage\":\"es\",\"@id\":\"https:\/\/nuevodigitaldeescobar.com.ar\/#\/schema\/person\/image\/\",\"url\":\"https:\/\/secure.gravatar.com\/avatar\/8af8f40000c24e9eef3034f2be5998a372bb1389e64b1a4a36b3a7979142220d?s=96&d=mm&r=g\",\"contentUrl\":\"https:\/\/secure.gravatar.com\/avatar\/8af8f40000c24e9eef3034f2be5998a372bb1389e64b1a4a36b3a7979142220d?s=96&d=mm&r=g\",\"caption\":\"Redacci\u00f3n\"},\"sameAs\":[\"http:\/\/nuevodigitaldeescobar.com.ar\"],\"url\":\"https:\/\/nuevodigitaldeescobar.com.ar\/?author=1\"}]}<\/script>\n<!-- \/ Yoast SEO plugin. -->","yoast_head_json":{"title":"Brutal choque en C\u00f3rdoba: el conductor que atropell\u00f3 a m\u00e1s de 30 personas tiene 68 a\u00f1os y no recuerda lo sucedido - Nuevo Digital de Escobar","robots":{"index":"index","follow":"follow","max-snippet":"max-snippet:-1","max-image-preview":"max-image-preview:large","max-video-preview":"max-video-preview:-1"},"canonical":"https:\/\/nuevodigitaldeescobar.com.ar\/?p=8042","og_locale":"es_ES","og_type":"article","og_title":"Brutal choque en C\u00f3rdoba: el conductor que atropell\u00f3 a m\u00e1s de 30 personas tiene 68 a\u00f1os y no recuerda lo sucedido - Nuevo Digital de Escobar","og_description":"El hombre recibe atenci\u00f3n en un hospital y permanece con custodia. Podr\u00eda ser imputado por lesiones culposas grav\u00edsimas.","og_url":"https:\/\/nuevodigitaldeescobar.com.ar\/?p=8042","og_site_name":"Nuevo Digital de Escobar","article_publisher":"https:\/\/www.facebook.com\/NUEVODigitalDeEscobar","article_published_time":"2024-09-13T10:00:00+00:00","article_modified_time":"2024-09-13T14:45:19+00:00","og_image":[{"width":720,"height":403,"url":"https:\/\/nuevodigitaldeescobar.com.ar\/wp-content\/uploads\/2024\/09\/choque-cordoba-e1726238683660.jpg","type":"image\/jpeg"}],"author":"Redacci\u00f3n","twitter_card":"summary_large_image","twitter_creator":"@nuevodigescobar","twitter_site":"@nuevodigescobar","twitter_misc":{"Escrito por":"Redacci\u00f3n","Tiempo de lectura":"2 minutos"},"schema":{"@context":"https:\/\/schema.org","@graph":[{"@type":"Article","@id":"https:\/\/nuevodigitaldeescobar.com.ar\/?p=8042#article","isPartOf":{"@id":"https:\/\/nuevodigitaldeescobar.com.ar\/?p=8042"},"author":{"name":"Redacci\u00f3n","@id":"https:\/\/nuevodigitaldeescobar.com.ar\/#\/schema\/person\/035e90a8efe9a80e6eec22656ad6ea4c"},"headline":"Brutal choque en C\u00f3rdoba: el conductor que atropell\u00f3 a m\u00e1s de 30 personas tiene 68 a\u00f1os y no recuerda lo sucedido","datePublished":"2024-09-13T10:00:00+00:00","dateModified":"2024-09-13T14:45:19+00:00","mainEntityOfPage":{"@id":"https:\/\/nuevodigitaldeescobar.com.ar\/?p=8042"},"wordCount":498,"commentCount":0,"publisher":{"@id":"https:\/\/nuevodigitaldeescobar.com.ar\/#organization"},"image":{"@id":"https:\/\/nuevodigitaldeescobar.com.ar\/?p=8042#primaryimage"},"thumbnailUrl":"https:\/\/nuevodigitaldeescobar.com.ar\/wp-content\/uploads\/2024\/09\/choque-cordoba-e1726238683660.jpg","articleSection":["Nacionales","Policiales"],"inLanguage":"es","potentialAction":[{"@type":"CommentAction","name":"Comment","target":["https:\/\/nuevodigitaldeescobar.com.ar\/?p=8042#respond"]}]},{"@type":"WebPage","@id":"https:\/\/nuevodigitaldeescobar.com.ar\/?p=8042","url":"https:\/\/nuevodigitaldeescobar.com.ar\/?p=8042","name":"Brutal choque en C\u00f3rdoba: el conductor que atropell\u00f3 a m\u00e1s de 30 personas tiene 68 a\u00f1os y no recuerda lo sucedido - Nuevo Digital de Escobar","isPartOf":{"@id":"https:\/\/nuevodigitaldeescobar.com.ar\/#website"},"primaryImageOfPage":{"@id":"https:\/\/nuevodigitaldeescobar.com.ar\/?p=8042#primaryimage"},"image":{"@id":"https:\/\/nuevodigitaldeescobar.com.ar\/?p=8042#primaryimage"},"thumbnailUrl":"https:\/\/nuevodigitaldeescobar.com.ar\/wp-content\/uploads\/2024\/09\/choque-cordoba-e1726238683660.jpg","datePublished":"2024-09-13T10:00:00+00:00","dateModified":"2024-09-13T14:45:19+00:00","breadcrumb":{"@id":"https:\/\/nuevodigitaldeescobar.com.ar\/?p=8042#breadcrumb"},"inLanguage":"es","potentialAction":[{"@type":"ReadAction","target":["https:\/\/nuevodigitaldeescobar.com.ar\/?p=8042"]}]},{"@type":"ImageObject","inLanguage":"es","@id":"https:\/\/nuevodigitaldeescobar.com.ar\/?p=8042#primaryimage","url":"https:\/\/nuevodigitaldeescobar.com.ar\/wp-content\/uploads\/2024\/09\/choque-cordoba-e1726238683660.jpg","contentUrl":"https:\/\/nuevodigitaldeescobar.com.ar\/wp-content\/uploads\/2024\/09\/choque-cordoba-e1726238683660.jpg","width":720,"height":403},{"@type":"BreadcrumbList","@id":"https:\/\/nuevodigitaldeescobar.com.ar\/?p=8042#breadcrumb","itemListElement":[{"@type":"ListItem","position":1,"name":"Portada","item":"https:\/\/nuevodigitaldeescobar.com.ar\/"},{"@type":"ListItem","position":2,"name":"Brutal choque en C\u00f3rdoba: el conductor que atropell\u00f3 a m\u00e1s de 30 personas tiene 68 a\u00f1os y no recuerda lo sucedido"}]},{"@type":"WebSite","@id":"https:\/\/nuevodigitaldeescobar.com.ar\/#website","url":"https:\/\/nuevodigitaldeescobar.com.ar\/","name":"Nuevo Digital de Escobar","description":"La vida escobarense. Directora: Rosana Brunner","publisher":{"@id":"https:\/\/nuevodigitaldeescobar.com.ar\/#organization"},"potentialAction":[{"@type":"SearchAction","target":{"@type":"EntryPoint","urlTemplate":"https:\/\/nuevodigitaldeescobar.com.ar\/?s={search_term_string}"},"query-input":{"@type":"PropertyValueSpecification","valueRequired":true,"valueName":"search_term_string"}}],"inLanguage":"es"},{"@type":"Organization","@id":"https:\/\/nuevodigitaldeescobar.com.ar\/#organization","name":"Nuevo Digital de Escobar","url":"https:\/\/nuevodigitaldeescobar.com.ar\/","logo":{"@type":"ImageObject","inLanguage":"es","@id":"https:\/\/nuevodigitaldeescobar.com.ar\/#\/schema\/logo\/image\/","url":"https:\/\/nuevodigitaldeescobar.com.ar\/wp-content\/uploads\/2025\/05\/cropped-logo-nuevo2.jpg","contentUrl":"https:\/\/nuevodigitaldeescobar.com.ar\/wp-content\/uploads\/2025\/05\/cropped-logo-nuevo2.jpg","width":305,"height":305,"caption":"Nuevo Digital de Escobar"},"image":{"@id":"https:\/\/nuevodigitaldeescobar.com.ar\/#\/schema\/logo\/image\/"},"sameAs":["https:\/\/www.facebook.com\/NUEVODigitalDeEscobar","https:\/\/x.com\/nuevodigescobar","https:\/\/www.instagram.com\/nuevodigitaldeescobar"]},{"@type":"Person","@id":"https:\/\/nuevodigitaldeescobar.com.ar\/#\/schema\/person\/035e90a8efe9a80e6eec22656ad6ea4c","name":"Redacci\u00f3n","image":{"@type":"ImageObject","inLanguage":"es","@id":"https:\/\/nuevodigitaldeescobar.com.ar\/#\/schema\/person\/image\/","url":"https:\/\/secure.gravatar.com\/avatar\/8af8f40000c24e9eef3034f2be5998a372bb1389e64b1a4a36b3a7979142220d?s=96&d=mm&r=g","contentUrl":"https:\/\/secure.gravatar.com\/avatar\/8af8f40000c24e9eef3034f2be5998a372bb1389e64b1a4a36b3a7979142220d?s=96&d=mm&r=g","caption":"Redacci\u00f3n"},"sameAs":["http:\/\/nuevodigitaldeescobar.com.ar"],"url":"https:\/\/nuevodigitaldeescobar.com.ar\/?author=1"}]}},"featured_image_urls":{"full":["https:\/\/nuevodigitaldeescobar.com.ar\/wp-content\/uploads\/2024\/09\/choque-cordoba-e1726238683660.jpg",720,403,false],"thumbnail":["https:\/\/nuevodigitaldeescobar.com.ar\/wp-content\/uploads\/2024\/09\/choque-cordoba-150x150.jpg",150,150,true],"medium":["https:\/\/nuevodigitaldeescobar.com.ar\/wp-content\/uploads\/2024\/09\/choque-cordoba-300x168.jpg",300,168,true],"medium_large":["https:\/\/nuevodigitaldeescobar.com.ar\/wp-content\/uploads\/2024\/09\/choque-cordoba-768x430.jpg",640,358,true],"large":["https:\/\/nuevodigitaldeescobar.com.ar\/wp-content\/uploads\/2024\/09\/choque-cordoba-1024x573.jpg",640,358,true],"1536x1536":["https:\/\/nuevodigitaldeescobar.com.ar\/wp-content\/uploads\/2024\/09\/choque-cordoba-e1726238683660.jpg",720,403,false],"2048x2048":["https:\/\/nuevodigitaldeescobar.com.ar\/wp-content\/uploads\/2024\/09\/choque-cordoba-e1726238683660.jpg",720,403,false]},"author_info":{"display_name":"Redacci\u00f3n","author_link":"https:\/\/nuevodigitaldeescobar.com.ar\/?author=1"},"category_info":"<a href=\"https:\/\/nuevodigitaldeescobar.com.ar\/?cat=61\" rel=\"category\">Nacionales<\/a> <a href=\"https:\/\/nuevodigitaldeescobar.com.ar\/?cat=13\" rel=\"category\">Policiales<\/a>","tag_info":"Policiales","comment_count":"0","_links":{"self":[{"href":"https:\/\/nuevodigitaldeescobar.com.ar\/index.php?rest_route=\/wp\/v2\/posts\/8042","targetHints":{"allow":["GET"]}}],"collection":[{"href":"https:\/\/nuevodigitaldeescobar.com.ar\/index.php?rest_route=\/wp\/v2\/posts"}],"about":[{"href":"https:\/\/nuevodigitaldeescobar.com.ar\/index.php?rest_route=\/wp\/v2\/types\/post"}],"author":[{"embeddable":true,"href":"https:\/\/nuevodigitaldeescobar.com.ar\/index.php?rest_route=\/wp\/v2\/users\/1"}],"replies":[{"embeddable":true,"href":"https:\/\/nuevodigitaldeescobar.com.ar\/index.php?rest_route=%2Fwp%2Fv2%2Fcomments&post=8042"}],"version-history":[{"count":1,"href":"https:\/\/nuevodigitaldeescobar.com.ar\/index.php?rest_route=\/wp\/v2\/posts\/8042\/revisions"}],"predecessor-version":[{"id":8045,"href":"https:\/\/nuevodigitaldeescobar.com.ar\/index.php?rest_route=\/wp\/v2\/posts\/8042\/revisions\/8045"}],"wp:featuredmedia":[{"embeddable":true,"href":"https:\/\/nuevodigitaldeescobar.com.ar\/index.php?rest_route=\/wp\/v2\/media\/8044"}],"wp:attachment":[{"href":"https:\/\/nuevodigitaldeescobar.com.ar\/index.php?rest_route=%2Fwp%2Fv2%2Fmedia&parent=8042"}],"wp:term":[{"taxonomy":"category","embeddable":true,"href":"https:\/\/nuevodigitaldeescobar.com.ar\/index.php?rest_route=%2Fwp%2Fv2%2Fcategories&post=8042"},{"taxonomy":"post_tag","embeddable":true,"href":"https:\/\/nuevodigitaldeescobar.com.ar\/index.php?rest_route=%2Fwp%2Fv2%2Ftags&post=8042"}],"curies":[{"name":"wp","href":"https:\/\/api.w.org\/{rel}","templated":true}]}}