{"id":8257,"date":"2024-09-23T10:10:00","date_gmt":"2024-09-23T13:10:00","guid":{"rendered":"https:\/\/nuevodigitaldeescobar.com.ar\/?p=8257"},"modified":"2024-09-23T13:00:41","modified_gmt":"2024-09-23T16:00:41","slug":"escandalo-de-grabois-en-ezeiza","status":"publish","type":"post","link":"https:\/\/nuevodigitaldeescobar.com.ar\/?p=8257","title":{"rendered":"Esc\u00e1ndalo de Grabois en Ezeiza"},"content":{"rendered":"<p><span style=\"color: #003366;\"><strong><em>El dirigente social fue insultado por varias personas en el aeropuerto de Ezeiza al regresar de su visita al Papa Francisco.<\/em><\/strong><\/span><\/p>\n<p><!--more--><\/p>\n<hr \/>\n<p>El dirigente social Juan Grabois protagoniz\u00f3 un escandaloso momento en el aeropuerto Internacional de Ezeiza, donde fue insultado y abucheado por un grupo de personas. Grabois regresaba de su viaje a Roma, Italia, donde particip\u00f3 de un evento junto al Papa Francisco. El momento fue viralizado en redes sociales, donde se ve c\u00f3mo la gente comenz\u00f3 a lanzarle cuestionamientos a Grabois tild\u00e1ndolo de <em>\u201cchorro\u201d<\/em>, a lo que el abogado y militante popular respond\u00eda, a los gritos, <em>\u201c\u00bfA qui\u00e9n le rob\u00e9 se\u00f1ora, a qui\u00e9n?\u201d<\/em>. De fondo se escucharon otras voces que replicaban <em>\u201ca los pobres\u201d<\/em>.<\/p>\n<p>La tensi\u00f3n comenz\u00f3 en la terminal de arribos y se traslad\u00f3 luego al estacionamiento, donde algunas preguntas increparon a Grabois grit\u00e1ndole <em>\u201cAnd\u00e1 a trabajar\u201d<\/em>: <em>\u201cAnd\u00e1 a trabajar vos, yo verg\u00fcenza no tengo\u201d<\/em>, replic\u00f3 el ex candidato a presidente. <em>\u201cA vos no te vot\u00f3 nadie, le fuiste a mentir al Papa, no le contaste la verdad de nada\u201d<\/em>, le recriminaron al dirigente social.<\/p>\n<div style=\"width: 607px;\" class=\"wp-video\"><!--[if lt IE 9]><script>document.createElement('video');<\/script><![endif]-->\n<video class=\"wp-video-shortcode\" id=\"video-8257-1\" width=\"607\" height=\"1080\" preload=\"metadata\" controls=\"controls\"><source type=\"video\/mp4\" src=\"http:\/\/nuevodigitaldeescobar.com.ar\/wp-content\/uploads\/2024\/09\/grabois1.mp4?_=1\" \/><a href=\"http:\/\/nuevodigitaldeescobar.com.ar\/wp-content\/uploads\/2024\/09\/grabois1.mp4\">http:\/\/nuevodigitaldeescobar.com.ar\/wp-content\/uploads\/2024\/09\/grabois1.mp4<\/a><\/video><\/div>\n<p>El Personal de la Polic\u00eda Aeroportuaria de Seguridad (PSA) intervino y se interpuso entre Grabois y las personas que lo agred\u00edan, intentando contener la situaci\u00f3n para que no pasara a la violencia f\u00edsica. M\u00e1s tarde, Grabois se manifest\u00f3 a trav\u00e9s de sus redes sociales, donde declar\u00f3: <em>\u201cSigan intentando, nunca me van a correr de ning\u00fan aeropuerto, nunca me van a callar, nosotros no nos rendimos nunca\u201d<\/em>.<\/p>\n\n\n<figure class=\"wp-block-embed is-type-rich is-provider-twitter wp-block-embed-twitter\"><div class=\"wp-block-embed__wrapper\">\n<blockquote class=\"twitter-tweet\" data-width=\"550\" data-dnt=\"true\"><p lang=\"es\" dir=\"ltr\">Sigan intentando. Nunca me van a correr de ning\u00fan aeropuerto. Nunca me van a callar. Nosotros no nos rendimos nunca.<\/p>&mdash; Juan Grabois (@JuanGrabois) <a href=\"https:\/\/twitter.com\/JuanGrabois\/status\/1838187397906833621?ref_src=twsrc%5Etfw\">September 23, 2024<\/a><\/blockquote><script async src=\"https:\/\/platform.twitter.com\/widgets.js\" charset=\"utf-8\"><\/script>\n<\/div><\/figure>\n\n\n<p>Grabois hab\u00eda ido a participar de una actividad convocada por el Papa Francisco en el Vaticano. En dicho evento, la semana pasada, el Sumo Pont\u00edfice hab\u00eda lanzado duras declaraciones sobre la situaci\u00f3n argentina, donde cuestion\u00f3 al gobierno de Javier Milei por la situaci\u00f3n social y, concretamente, por la aplicaci\u00f3n del protocolo antipiquetes y el uso del gas pimienta en una manifestaci\u00f3n realizada en contra del veto presidencial a la ley de movilidad jubilatoria.<\/p>\n<p><em>\u201cMe hicieron ver un filmado de una represi\u00f3n de hace una semana, menos quiz\u00e1s. Obreros, gente que ped\u00eda por sus derechos en la calle y la Polic\u00eda la rechazaba con una cosa que es lo m\u00e1s caro que hay, ese gas pimienta de primera calidad. No ten\u00edan derecho a reclamar lo suyo porque eran revoltosos, comunistas\u2026 y el Gobierno se puso firme: en vez de pagar justicia social, pag\u00f3 el gas pimienta. Les conven\u00eda. T\u00e9nganlo en cuenta\u201d<\/em>, hab\u00eda dicho el jefe de la Iglesia Cat\u00f3lica.<\/p>\n<h3><span style=\"color: #003366;\">La defensa<\/span><\/h3>\n<p>M\u00e1s tarde, el abogado adelant\u00f3 un descargo m\u00e1s extenso que publicar\u00e1 para responder las acusaciones de <em>\u201cchorro\u201d<\/em> y ladr\u00f3n: <em>\u201cLos fascistas siempre tuvieron la misma estrategia. Agreden a uno entre muchos para atemorizar a todos. Los gorilas son iguales. Es un triste y cobarde estilo de vida\u201d<\/em>.<\/p>\n<p><a href=\"https:\/\/nuevodigitaldeescobar.com.ar\/?attachment_id=8259\" rel=\"attachment wp-att-8259\"><img fetchpriority=\"high\" decoding=\"async\" class=\"alignnone size-full wp-image-8259\" src=\"http:\/\/nuevodigitaldeescobar.com.ar\/wp-content\/uploads\/2024\/09\/grabois-e1727107202263.jpg\" alt=\"\" width=\"720\" height=\"524\" srcset=\"https:\/\/nuevodigitaldeescobar.com.ar\/wp-content\/uploads\/2024\/09\/grabois-e1727107202263.jpg 720w, https:\/\/nuevodigitaldeescobar.com.ar\/wp-content\/uploads\/2024\/09\/grabois-e1727107202263-300x218.jpg 300w\" sizes=\"(max-width: 720px) 100vw, 720px\" \/><\/a><\/p>\n<p><em>\u201cEsta es la versi\u00f3n civil de polic\u00eda gaseando a una ni\u00f1a o garroteando a un jubilado. El problema es cuando nos dejamos amedrentar, nos callamos, no defendemos al compa\u00f1ero. As\u00ed se envalentonan y creen que pueden hacer cualquier cosa. Gasear, garrotear, linchar\u2026 Creen que, porque tienen plata o poder pueden agredir a los dem\u00e1s, insultarlos, lastimarlos\u201d<\/em>, ampli\u00f3 en declaraciones.<\/p>\n<p><em>\u201cYo no rob\u00e9, no abus\u00e9 de ning\u00fan privilegio, no le pegu\u00e9 a un jubilado, no le saqu\u00e9 el pan a un ni\u00f1o, no traicion\u00e9 mis convicciones ni a mis compatriotas \u00bfMe tengo que dejar correr? \u00bfTengo que bajar la cabeza e irme? \u00bfTengo que dejar de ir al supermercado o a tomar un caf\u00e9? De ninguna manera\u2026 Est\u00e1n buscando eso\u201d<\/em>, <em>\u201ctengo sangre, me enojo, es cierto\u2026 pero no es s\u00f3lo calentura\u201d<\/em>.<\/p>\n<p>Luego agreg\u00f3: <em>\u201cEstoy convencido de que la peor estrategia es dejarse amedrentar. No hay que dejar que amedrenten a otros. Hay que bancar los trapos, siempre\u201d<\/em>, agreg\u00f3 el dirigente social, molesto por el hecho que debi\u00f3 vivir. <em>\u201cEs lo que pienso. No s\u00e9 si \u201cgarpa\u201d, pero soy as\u00ed. Perd\u00f3n si ofend\u00ed a alguien injustamente. Gracias a todos los que me transmitieron su apoyo. Nos vemos en la lucha\u201d<\/em>, finaliz\u00f3.<\/p>\n<p><em>(BorderPeriodismo)<\/em><\/p>","protected":false},"excerpt":{"rendered":"<p>El dirigente social fue insultado por varias personas en el aeropuerto de Ezeiza al regresar de su visita al Papa Francisco.<\/p>\n","protected":false},"author":1,"featured_media":8258,"comment_status":"open","ping_status":"open","sticky":false,"template":"","format":"standard","meta":{"footnotes":""},"categories":[7,6],"tags":[],"class_list":["post-8257","post","type-post","status-publish","format-standard","has-post-thumbnail","hentry","category-interes-general","category-politica"],"better_featured_image":{"id":8258,"alt_text":"","caption":"","description":"","media_type":"image","media_details":{"width":720,"height":540,"file":"2024\/09\/grabois-psa-e1727106012346.jpg","filesize":42263,"sizes":{"medium":{"file":"grabois-psa-300x225.jpg","width":300,"height":225,"mime-type":"image\/jpeg","filesize":8919,"source_url":"https:\/\/nuevodigitaldeescobar.com.ar\/wp-content\/uploads\/2024\/09\/grabois-psa-300x225.jpg"},"thumbnail":{"file":"grabois-psa-150x150.jpg","width":150,"height":150,"mime-type":"image\/jpeg","filesize":4116,"source_url":"https:\/\/nuevodigitaldeescobar.com.ar\/wp-content\/uploads\/2024\/09\/grabois-psa-150x150.jpg"},"medium_large":{"file":"grabois-psa-768x576.jpg","width":768,"height":576,"mime-type":"image\/jpeg","filesize":30602,"source_url":"https:\/\/nuevodigitaldeescobar.com.ar\/wp-content\/uploads\/2024\/09\/grabois-psa-768x576.jpg"}},"image_meta":{"aperture":"0","credit":"","camera":"","caption":"","created_timestamp":"0","copyright":"","focal_length":"0","iso":"0","shutter_speed":"0","title":"","orientation":"0","keywords":[]}},"post":8257,"source_url":"https:\/\/nuevodigitaldeescobar.com.ar\/wp-content\/uploads\/2024\/09\/grabois-psa-e1727106012346.jpg"},"yoast_head":"<!-- This site is optimized with the Yoast SEO plugin v26.1.1 - https:\/\/yoast.com\/wordpress\/plugins\/seo\/ -->\n<title>Esc\u00e1ndalo de Grabois en Ezeiza - Nuevo Digital de Escobar<\/title>\n<meta name=\"robots\" content=\"index, follow, max-snippet:-1, max-image-preview:large, max-video-preview:-1\" \/>\n<link rel=\"canonical\" href=\"https:\/\/nuevodigitaldeescobar.com.ar\/?p=8257\" \/>\n<meta property=\"og:locale\" content=\"es_ES\" \/>\n<meta property=\"og:type\" content=\"article\" \/>\n<meta property=\"og:title\" content=\"Esc\u00e1ndalo de Grabois en Ezeiza - Nuevo Digital de Escobar\" \/>\n<meta property=\"og:description\" content=\"El dirigente social fue insultado por varias personas en el aeropuerto de Ezeiza al regresar de su visita al Papa Francisco.\" \/>\n<meta property=\"og:url\" content=\"https:\/\/nuevodigitaldeescobar.com.ar\/?p=8257\" \/>\n<meta property=\"og:site_name\" content=\"Nuevo Digital de Escobar\" \/>\n<meta property=\"article:publisher\" content=\"https:\/\/www.facebook.com\/NUEVODigitalDeEscobar\" \/>\n<meta property=\"article:published_time\" content=\"2024-09-23T13:10:00+00:00\" \/>\n<meta property=\"article:modified_time\" content=\"2024-09-23T16:00:41+00:00\" \/>\n<meta property=\"og:image\" content=\"https:\/\/nuevodigitaldeescobar.com.ar\/wp-content\/uploads\/2024\/09\/grabois-psa-e1727106012346.jpg\" \/>\n\t<meta property=\"og:image:width\" content=\"720\" \/>\n\t<meta property=\"og:image:height\" content=\"540\" \/>\n\t<meta property=\"og:image:type\" content=\"image\/jpeg\" \/>\n<meta name=\"author\" content=\"Redacci\u00f3n\" \/>\n<meta name=\"twitter:card\" content=\"summary_large_image\" \/>\n<meta name=\"twitter:creator\" content=\"@nuevodigescobar\" \/>\n<meta name=\"twitter:site\" content=\"@nuevodigescobar\" \/>\n<meta name=\"twitter:label1\" content=\"Escrito por\" \/>\n\t<meta name=\"twitter:data1\" content=\"Redacci\u00f3n\" \/>\n\t<meta name=\"twitter:label2\" content=\"Tiempo de lectura\" \/>\n\t<meta name=\"twitter:data2\" content=\"4 minutos\" \/>\n<script type=\"application\/ld+json\" class=\"yoast-schema-graph\">{\"@context\":\"https:\/\/schema.org\",\"@graph\":[{\"@type\":\"Article\",\"@id\":\"https:\/\/nuevodigitaldeescobar.com.ar\/?p=8257#article\",\"isPartOf\":{\"@id\":\"https:\/\/nuevodigitaldeescobar.com.ar\/?p=8257\"},\"author\":{\"name\":\"Redacci\u00f3n\",\"@id\":\"https:\/\/nuevodigitaldeescobar.com.ar\/#\/schema\/person\/035e90a8efe9a80e6eec22656ad6ea4c\"},\"headline\":\"Esc\u00e1ndalo de Grabois en Ezeiza\",\"datePublished\":\"2024-09-23T13:10:00+00:00\",\"dateModified\":\"2024-09-23T16:00:41+00:00\",\"mainEntityOfPage\":{\"@id\":\"https:\/\/nuevodigitaldeescobar.com.ar\/?p=8257\"},\"wordCount\":720,\"commentCount\":0,\"publisher\":{\"@id\":\"https:\/\/nuevodigitaldeescobar.com.ar\/#organization\"},\"image\":{\"@id\":\"https:\/\/nuevodigitaldeescobar.com.ar\/?p=8257#primaryimage\"},\"thumbnailUrl\":\"https:\/\/nuevodigitaldeescobar.com.ar\/wp-content\/uploads\/2024\/09\/grabois-psa-e1727106012346.jpg\",\"articleSection\":[\"Inter\u00e9s general\",\"Pol\u00edtica\"],\"inLanguage\":\"es\",\"potentialAction\":[{\"@type\":\"CommentAction\",\"name\":\"Comment\",\"target\":[\"https:\/\/nuevodigitaldeescobar.com.ar\/?p=8257#respond\"]}]},{\"@type\":\"WebPage\",\"@id\":\"https:\/\/nuevodigitaldeescobar.com.ar\/?p=8257\",\"url\":\"https:\/\/nuevodigitaldeescobar.com.ar\/?p=8257\",\"name\":\"Esc\u00e1ndalo de Grabois en Ezeiza - Nuevo Digital de Escobar\",\"isPartOf\":{\"@id\":\"https:\/\/nuevodigitaldeescobar.com.ar\/#website\"},\"primaryImageOfPage\":{\"@id\":\"https:\/\/nuevodigitaldeescobar.com.ar\/?p=8257#primaryimage\"},\"image\":{\"@id\":\"https:\/\/nuevodigitaldeescobar.com.ar\/?p=8257#primaryimage\"},\"thumbnailUrl\":\"https:\/\/nuevodigitaldeescobar.com.ar\/wp-content\/uploads\/2024\/09\/grabois-psa-e1727106012346.jpg\",\"datePublished\":\"2024-09-23T13:10:00+00:00\",\"dateModified\":\"2024-09-23T16:00:41+00:00\",\"breadcrumb\":{\"@id\":\"https:\/\/nuevodigitaldeescobar.com.ar\/?p=8257#breadcrumb\"},\"inLanguage\":\"es\",\"potentialAction\":[{\"@type\":\"ReadAction\",\"target\":[\"https:\/\/nuevodigitaldeescobar.com.ar\/?p=8257\"]}]},{\"@type\":\"ImageObject\",\"inLanguage\":\"es\",\"@id\":\"https:\/\/nuevodigitaldeescobar.com.ar\/?p=8257#primaryimage\",\"url\":\"https:\/\/nuevodigitaldeescobar.com.ar\/wp-content\/uploads\/2024\/09\/grabois-psa-e1727106012346.jpg\",\"contentUrl\":\"https:\/\/nuevodigitaldeescobar.com.ar\/wp-content\/uploads\/2024\/09\/grabois-psa-e1727106012346.jpg\",\"width\":720,\"height\":540},{\"@type\":\"BreadcrumbList\",\"@id\":\"https:\/\/nuevodigitaldeescobar.com.ar\/?p=8257#breadcrumb\",\"itemListElement\":[{\"@type\":\"ListItem\",\"position\":1,\"name\":\"Portada\",\"item\":\"https:\/\/nuevodigitaldeescobar.com.ar\/\"},{\"@type\":\"ListItem\",\"position\":2,\"name\":\"Esc\u00e1ndalo de Grabois en Ezeiza\"}]},{\"@type\":\"WebSite\",\"@id\":\"https:\/\/nuevodigitaldeescobar.com.ar\/#website\",\"url\":\"https:\/\/nuevodigitaldeescobar.com.ar\/\",\"name\":\"Nuevo Digital de Escobar\",\"description\":\"La vida escobarense. Directora: Rosana Brunner\",\"publisher\":{\"@id\":\"https:\/\/nuevodigitaldeescobar.com.ar\/#organization\"},\"potentialAction\":[{\"@type\":\"SearchAction\",\"target\":{\"@type\":\"EntryPoint\",\"urlTemplate\":\"https:\/\/nuevodigitaldeescobar.com.ar\/?s={search_term_string}\"},\"query-input\":{\"@type\":\"PropertyValueSpecification\",\"valueRequired\":true,\"valueName\":\"search_term_string\"}}],\"inLanguage\":\"es\"},{\"@type\":\"Organization\",\"@id\":\"https:\/\/nuevodigitaldeescobar.com.ar\/#organization\",\"name\":\"Nuevo Digital de Escobar\",\"url\":\"https:\/\/nuevodigitaldeescobar.com.ar\/\",\"logo\":{\"@type\":\"ImageObject\",\"inLanguage\":\"es\",\"@id\":\"https:\/\/nuevodigitaldeescobar.com.ar\/#\/schema\/logo\/image\/\",\"url\":\"https:\/\/nuevodigitaldeescobar.com.ar\/wp-content\/uploads\/2025\/05\/cropped-logo-nuevo2.jpg\",\"contentUrl\":\"https:\/\/nuevodigitaldeescobar.com.ar\/wp-content\/uploads\/2025\/05\/cropped-logo-nuevo2.jpg\",\"width\":305,\"height\":305,\"caption\":\"Nuevo Digital de Escobar\"},\"image\":{\"@id\":\"https:\/\/nuevodigitaldeescobar.com.ar\/#\/schema\/logo\/image\/\"},\"sameAs\":[\"https:\/\/www.facebook.com\/NUEVODigitalDeEscobar\",\"https:\/\/x.com\/nuevodigescobar\",\"https:\/\/www.instagram.com\/nuevodigitaldeescobar\"]},{\"@type\":\"Person\",\"@id\":\"https:\/\/nuevodigitaldeescobar.com.ar\/#\/schema\/person\/035e90a8efe9a80e6eec22656ad6ea4c\",\"name\":\"Redacci\u00f3n\",\"image\":{\"@type\":\"ImageObject\",\"inLanguage\":\"es\",\"@id\":\"https:\/\/nuevodigitaldeescobar.com.ar\/#\/schema\/person\/image\/\",\"url\":\"https:\/\/secure.gravatar.com\/avatar\/8af8f40000c24e9eef3034f2be5998a372bb1389e64b1a4a36b3a7979142220d?s=96&d=mm&r=g\",\"contentUrl\":\"https:\/\/secure.gravatar.com\/avatar\/8af8f40000c24e9eef3034f2be5998a372bb1389e64b1a4a36b3a7979142220d?s=96&d=mm&r=g\",\"caption\":\"Redacci\u00f3n\"},\"sameAs\":[\"http:\/\/nuevodigitaldeescobar.com.ar\"],\"url\":\"https:\/\/nuevodigitaldeescobar.com.ar\/?author=1\"}]}<\/script>\n<!-- \/ Yoast SEO plugin. -->","yoast_head_json":{"title":"Esc\u00e1ndalo de Grabois en Ezeiza - Nuevo Digital de Escobar","robots":{"index":"index","follow":"follow","max-snippet":"max-snippet:-1","max-image-preview":"max-image-preview:large","max-video-preview":"max-video-preview:-1"},"canonical":"https:\/\/nuevodigitaldeescobar.com.ar\/?p=8257","og_locale":"es_ES","og_type":"article","og_title":"Esc\u00e1ndalo de Grabois en Ezeiza - Nuevo Digital de Escobar","og_description":"El dirigente social fue insultado por varias personas en el aeropuerto de Ezeiza al regresar de su visita al Papa Francisco.","og_url":"https:\/\/nuevodigitaldeescobar.com.ar\/?p=8257","og_site_name":"Nuevo Digital de Escobar","article_publisher":"https:\/\/www.facebook.com\/NUEVODigitalDeEscobar","article_published_time":"2024-09-23T13:10:00+00:00","article_modified_time":"2024-09-23T16:00:41+00:00","og_image":[{"width":720,"height":540,"url":"https:\/\/nuevodigitaldeescobar.com.ar\/wp-content\/uploads\/2024\/09\/grabois-psa-e1727106012346.jpg","type":"image\/jpeg"}],"author":"Redacci\u00f3n","twitter_card":"summary_large_image","twitter_creator":"@nuevodigescobar","twitter_site":"@nuevodigescobar","twitter_misc":{"Escrito por":"Redacci\u00f3n","Tiempo de lectura":"4 minutos"},"schema":{"@context":"https:\/\/schema.org","@graph":[{"@type":"Article","@id":"https:\/\/nuevodigitaldeescobar.com.ar\/?p=8257#article","isPartOf":{"@id":"https:\/\/nuevodigitaldeescobar.com.ar\/?p=8257"},"author":{"name":"Redacci\u00f3n","@id":"https:\/\/nuevodigitaldeescobar.com.ar\/#\/schema\/person\/035e90a8efe9a80e6eec22656ad6ea4c"},"headline":"Esc\u00e1ndalo de Grabois en Ezeiza","datePublished":"2024-09-23T13:10:00+00:00","dateModified":"2024-09-23T16:00:41+00:00","mainEntityOfPage":{"@id":"https:\/\/nuevodigitaldeescobar.com.ar\/?p=8257"},"wordCount":720,"commentCount":0,"publisher":{"@id":"https:\/\/nuevodigitaldeescobar.com.ar\/#organization"},"image":{"@id":"https:\/\/nuevodigitaldeescobar.com.ar\/?p=8257#primaryimage"},"thumbnailUrl":"https:\/\/nuevodigitaldeescobar.com.ar\/wp-content\/uploads\/2024\/09\/grabois-psa-e1727106012346.jpg","articleSection":["Inter\u00e9s general","Pol\u00edtica"],"inLanguage":"es","potentialAction":[{"@type":"CommentAction","name":"Comment","target":["https:\/\/nuevodigitaldeescobar.com.ar\/?p=8257#respond"]}]},{"@type":"WebPage","@id":"https:\/\/nuevodigitaldeescobar.com.ar\/?p=8257","url":"https:\/\/nuevodigitaldeescobar.com.ar\/?p=8257","name":"Esc\u00e1ndalo de Grabois en Ezeiza - Nuevo Digital de Escobar","isPartOf":{"@id":"https:\/\/nuevodigitaldeescobar.com.ar\/#website"},"primaryImageOfPage":{"@id":"https:\/\/nuevodigitaldeescobar.com.ar\/?p=8257#primaryimage"},"image":{"@id":"https:\/\/nuevodigitaldeescobar.com.ar\/?p=8257#primaryimage"},"thumbnailUrl":"https:\/\/nuevodigitaldeescobar.com.ar\/wp-content\/uploads\/2024\/09\/grabois-psa-e1727106012346.jpg","datePublished":"2024-09-23T13:10:00+00:00","dateModified":"2024-09-23T16:00:41+00:00","breadcrumb":{"@id":"https:\/\/nuevodigitaldeescobar.com.ar\/?p=8257#breadcrumb"},"inLanguage":"es","potentialAction":[{"@type":"ReadAction","target":["https:\/\/nuevodigitaldeescobar.com.ar\/?p=8257"]}]},{"@type":"ImageObject","inLanguage":"es","@id":"https:\/\/nuevodigitaldeescobar.com.ar\/?p=8257#primaryimage","url":"https:\/\/nuevodigitaldeescobar.com.ar\/wp-content\/uploads\/2024\/09\/grabois-psa-e1727106012346.jpg","contentUrl":"https:\/\/nuevodigitaldeescobar.com.ar\/wp-content\/uploads\/2024\/09\/grabois-psa-e1727106012346.jpg","width":720,"height":540},{"@type":"BreadcrumbList","@id":"https:\/\/nuevodigitaldeescobar.com.ar\/?p=8257#breadcrumb","itemListElement":[{"@type":"ListItem","position":1,"name":"Portada","item":"https:\/\/nuevodigitaldeescobar.com.ar\/"},{"@type":"ListItem","position":2,"name":"Esc\u00e1ndalo de Grabois en Ezeiza"}]},{"@type":"WebSite","@id":"https:\/\/nuevodigitaldeescobar.com.ar\/#website","url":"https:\/\/nuevodigitaldeescobar.com.ar\/","name":"Nuevo Digital de Escobar","description":"La vida escobarense. Directora: Rosana Brunner","publisher":{"@id":"https:\/\/nuevodigitaldeescobar.com.ar\/#organization"},"potentialAction":[{"@type":"SearchAction","target":{"@type":"EntryPoint","urlTemplate":"https:\/\/nuevodigitaldeescobar.com.ar\/?s={search_term_string}"},"query-input":{"@type":"PropertyValueSpecification","valueRequired":true,"valueName":"search_term_string"}}],"inLanguage":"es"},{"@type":"Organization","@id":"https:\/\/nuevodigitaldeescobar.com.ar\/#organization","name":"Nuevo Digital de Escobar","url":"https:\/\/nuevodigitaldeescobar.com.ar\/","logo":{"@type":"ImageObject","inLanguage":"es","@id":"https:\/\/nuevodigitaldeescobar.com.ar\/#\/schema\/logo\/image\/","url":"https:\/\/nuevodigitaldeescobar.com.ar\/wp-content\/uploads\/2025\/05\/cropped-logo-nuevo2.jpg","contentUrl":"https:\/\/nuevodigitaldeescobar.com.ar\/wp-content\/uploads\/2025\/05\/cropped-logo-nuevo2.jpg","width":305,"height":305,"caption":"Nuevo Digital de Escobar"},"image":{"@id":"https:\/\/nuevodigitaldeescobar.com.ar\/#\/schema\/logo\/image\/"},"sameAs":["https:\/\/www.facebook.com\/NUEVODigitalDeEscobar","https:\/\/x.com\/nuevodigescobar","https:\/\/www.instagram.com\/nuevodigitaldeescobar"]},{"@type":"Person","@id":"https:\/\/nuevodigitaldeescobar.com.ar\/#\/schema\/person\/035e90a8efe9a80e6eec22656ad6ea4c","name":"Redacci\u00f3n","image":{"@type":"ImageObject","inLanguage":"es","@id":"https:\/\/nuevodigitaldeescobar.com.ar\/#\/schema\/person\/image\/","url":"https:\/\/secure.gravatar.com\/avatar\/8af8f40000c24e9eef3034f2be5998a372bb1389e64b1a4a36b3a7979142220d?s=96&d=mm&r=g","contentUrl":"https:\/\/secure.gravatar.com\/avatar\/8af8f40000c24e9eef3034f2be5998a372bb1389e64b1a4a36b3a7979142220d?s=96&d=mm&r=g","caption":"Redacci\u00f3n"},"sameAs":["http:\/\/nuevodigitaldeescobar.com.ar"],"url":"https:\/\/nuevodigitaldeescobar.com.ar\/?author=1"}]}},"featured_image_urls":{"full":["https:\/\/nuevodigitaldeescobar.com.ar\/wp-content\/uploads\/2024\/09\/grabois-psa-e1727106012346.jpg",720,540,false],"thumbnail":["https:\/\/nuevodigitaldeescobar.com.ar\/wp-content\/uploads\/2024\/09\/grabois-psa-150x150.jpg",150,150,true],"medium":["https:\/\/nuevodigitaldeescobar.com.ar\/wp-content\/uploads\/2024\/09\/grabois-psa-300x225.jpg",300,225,true],"medium_large":["https:\/\/nuevodigitaldeescobar.com.ar\/wp-content\/uploads\/2024\/09\/grabois-psa-768x576.jpg",640,480,true],"large":["https:\/\/nuevodigitaldeescobar.com.ar\/wp-content\/uploads\/2024\/09\/grabois-psa-e1727106012346.jpg",640,480,false],"1536x1536":["https:\/\/nuevodigitaldeescobar.com.ar\/wp-content\/uploads\/2024\/09\/grabois-psa-e1727106012346.jpg",720,540,false],"2048x2048":["https:\/\/nuevodigitaldeescobar.com.ar\/wp-content\/uploads\/2024\/09\/grabois-psa-e1727106012346.jpg",720,540,false]},"author_info":{"display_name":"Redacci\u00f3n","author_link":"https:\/\/nuevodigitaldeescobar.com.ar\/?author=1"},"category_info":"<a href=\"https:\/\/nuevodigitaldeescobar.com.ar\/?cat=7\" rel=\"category\">Inter\u00e9s general<\/a> <a href=\"https:\/\/nuevodigitaldeescobar.com.ar\/?cat=6\" rel=\"category\">Pol\u00edtica<\/a>","tag_info":"Pol\u00edtica","comment_count":"0","_links":{"self":[{"href":"https:\/\/nuevodigitaldeescobar.com.ar\/index.php?rest_route=\/wp\/v2\/posts\/8257","targetHints":{"allow":["GET"]}}],"collection":[{"href":"https:\/\/nuevodigitaldeescobar.com.ar\/index.php?rest_route=\/wp\/v2\/posts"}],"about":[{"href":"https:\/\/nuevodigitaldeescobar.com.ar\/index.php?rest_route=\/wp\/v2\/types\/post"}],"author":[{"embeddable":true,"href":"https:\/\/nuevodigitaldeescobar.com.ar\/index.php?rest_route=\/wp\/v2\/users\/1"}],"replies":[{"embeddable":true,"href":"https:\/\/nuevodigitaldeescobar.com.ar\/index.php?rest_route=%2Fwp%2Fv2%2Fcomments&post=8257"}],"version-history":[{"count":1,"href":"https:\/\/nuevodigitaldeescobar.com.ar\/index.php?rest_route=\/wp\/v2\/posts\/8257\/revisions"}],"predecessor-version":[{"id":8262,"href":"https:\/\/nuevodigitaldeescobar.com.ar\/index.php?rest_route=\/wp\/v2\/posts\/8257\/revisions\/8262"}],"wp:featuredmedia":[{"embeddable":true,"href":"https:\/\/nuevodigitaldeescobar.com.ar\/index.php?rest_route=\/wp\/v2\/media\/8258"}],"wp:attachment":[{"href":"https:\/\/nuevodigitaldeescobar.com.ar\/index.php?rest_route=%2Fwp%2Fv2%2Fmedia&parent=8257"}],"wp:term":[{"taxonomy":"category","embeddable":true,"href":"https:\/\/nuevodigitaldeescobar.com.ar\/index.php?rest_route=%2Fwp%2Fv2%2Fcategories&post=8257"},{"taxonomy":"post_tag","embeddable":true,"href":"https:\/\/nuevodigitaldeescobar.com.ar\/index.php?rest_route=%2Fwp%2Fv2%2Ftags&post=8257"}],"curies":[{"name":"wp","href":"https:\/\/api.w.org\/{rel}","templated":true}]}}