{"id":8276,"date":"2024-09-24T07:00:00","date_gmt":"2024-09-24T10:00:00","guid":{"rendered":"https:\/\/nuevodigitaldeescobar.com.ar\/?p=8276"},"modified":"2024-09-24T10:27:07","modified_gmt":"2024-09-24T13:27:07","slug":"auditoria-sobre-pensiones-por-invalidez-el-descontrol-durante-el-gobierno-de-alberto-fernandez","status":"publish","type":"post","link":"https:\/\/nuevodigitaldeescobar.com.ar\/?p=8276","title":{"rendered":"La auditor\u00eda sobre pensiones por invalidez evidenci\u00f3 el descontrol durante el Gobierno de Alberto Fern\u00e1ndez"},"content":{"rendered":"<p><span style=\"color: #003366;\"><strong><em>Entre las numerosas irregularidades, se detectaron individuos que cobraban pensi\u00f3n por discapacidad mientras cumpl\u00edan condena en la c\u00e1rcel.<\/em><\/strong><\/span><\/p>\n<p><!--more--><\/p>\n<hr \/>\n<p>El gobierno de Javier Milei revel\u00f3 un preocupante desfalco en el sistema de pensiones por invalidez laboral tras auditar la Agencia Nacional de Discapacidad (ANDIS) que comandaban los funcionarios de Alberto Fern\u00e1ndez.<\/p>\n<p>La auditor\u00eda, realizada en agosto de 2024, expuso graves irregularidades en la asignaci\u00f3n de estas pensiones por discapacidad en varios distritos del pa\u00eds, lo que podr\u00eda haber generado p\u00e9rdidas de entre 1.200 y 2.000 millones de d\u00f3lares anuales.<\/p>\n<p>Seg\u00fan el informe, las auditor\u00edas iniciales descubrieron <em>\u201cinconsistencias alarmantes\u201d<\/em> en las pensiones otorgadas durante gestiones anteriores.<\/p>\n<p>Estas irregularidades incluyen la imposibilidad de localizar a un gran porcentaje de beneficiarios y la detecci\u00f3n de numerosas incompatibilidades que sugieren un desv\u00edo masivo de fondos.<\/p>\n<p>La investigaci\u00f3n cubri\u00f3 tanto la Ciudad Aut\u00f3noma de Buenos Aires (CABA) como las provincias de Buenos Aires, Chaco, Jujuy y Salta, donde se auditaron m\u00e1s de 500 mil beneficiarios. En CABA, de los 10.000 pensionados contactados, el 67% no pudo ser encontrado en los domicilios registrados, lo que plantea serias dudas sobre la autenticidad de los beneficiarios.<\/p>\n<p>En Buenos Aires, de los 900 citados, un 21% no pudo ser localizado y solo el 20% de los que asistieron cumpl\u00edan con los requisitos legales.<\/p>\n<p>Entre los casos m\u00e1s ins\u00f3litos encontrados, se destaca un beneficiario con cuatro diagn\u00f3sticos diferentes que se present\u00f3 con un abogado, personas respaldadas por organizaciones sociales como el <em>\u201cMovimiento Evita\u201d<\/em> y hasta una mujer que intent\u00f3 suplantar a su esposo fallecido, aunque este a\u00fan segu\u00eda vivo. Adem\u00e1s, se detectaron dos individuos que cobraban la pensi\u00f3n por invalidez mientras cumpl\u00edan condena en prisi\u00f3n.<\/p>\n<h3><span style=\"color: #003366;\">M\u00e1s de 300.000 pensiones otorgadas antes de la finalizaci\u00f3n del mandato presidencial de Alberto Fern\u00e1ndez<\/span><\/h3>\n<p>Uno de los nombres clave en esta trama es Paula Mart\u00ednez, exdirectora de la Agencia Nacional de Discapacidad durante la gesti\u00f3n de Alberto Fern\u00e1ndez.<\/p>\n<p>Mart\u00ednez, quien hab\u00eda manejado recursos por 3.400 millones de d\u00f3lares para la asignaci\u00f3n de pensiones, est\u00e1 siendo investigada por la justicia debido al descontrol en la entrega de beneficios durante su mandato. Bajo su gesti\u00f3n se otorgaron 300.000 nuevas pensiones, muchas de ellas en los \u00faltimos d\u00edas del gobierno anterior.<\/p>\n<p>La fiscal\u00eda encabezada por Guillermo Mariju\u00e1n investiga c\u00f3mo Mart\u00ednez flexibiliz\u00f3 los controles sobre la asignaci\u00f3n de pensiones, permitiendo que personas con altos ingresos, due\u00f1os de bienes de lujo como yates y autos, e incluso fallecidos, accedieran al beneficio.<\/p>\n<p>Se sospecha que este descontrol se intensific\u00f3 a medida que se acercaba el final del mandato de Fern\u00e1ndez.<\/p>\n<p>La actual gesti\u00f3n de la ANDIS sostiene que Mart\u00ednez dirig\u00eda una serie de <em>\u201cabordajes territoriales\u201d<\/em>, en los que equipos se desplazaban por el pa\u00eds buscando nuevos beneficiarios. Este mecanismo, seg\u00fan Spagnuolo, contribuy\u00f3 a la masiva expansi\u00f3n del sistema de pensiones por invalidez, pero tambi\u00e9n sembr\u00f3 el caos administrativo que hoy enfrenta la justicia.<\/p>\n<p><em>(BorderPeriodismo)<\/em><\/p>\n","protected":false},"excerpt":{"rendered":"<p>Entre las numerosas irregularidades, se detectaron individuos que cobraban pensi\u00f3n por discapacidad mientras cumpl\u00edan condena en la c\u00e1rcel.<\/p>\n","protected":false},"author":1,"featured_media":8277,"comment_status":"open","ping_status":"open","sticky":false,"template":"","format":"standard","meta":{"footnotes":""},"categories":[235,61,6],"tags":[],"class_list":["post-8276","post","type-post","status-publish","format-standard","has-post-thumbnail","hentry","category-judiciales","category-nacionales","category-politica"],"better_featured_image":{"id":8277,"alt_text":"","caption":"","description":"","media_type":"image","media_details":{"width":720,"height":435,"file":"2024\/09\/andis-e1727134195813.jpg","filesize":44223,"sizes":{"medium":{"file":"andis-e1727134195813-300x181.jpg","width":300,"height":181,"mime-type":"image\/jpeg","filesize":7271,"source_url":"https:\/\/nuevodigitaldeescobar.com.ar\/wp-content\/uploads\/2024\/09\/andis-e1727134195813-300x181.jpg"},"thumbnail":{"file":"andis-e1727134195813-150x150.jpg","width":150,"height":150,"mime-type":"image\/jpeg","filesize":3822,"source_url":"https:\/\/nuevodigitaldeescobar.com.ar\/wp-content\/uploads\/2024\/09\/andis-e1727134195813-150x150.jpg"},"medium_large":{"file":"andis-768x576.jpg","width":768,"height":576,"mime-type":"image\/jpeg","filesize":29293,"source_url":"https:\/\/nuevodigitaldeescobar.com.ar\/wp-content\/uploads\/2024\/09\/andis-768x576.jpg"}},"image_meta":{"aperture":"0","credit":"","camera":"","caption":"","created_timestamp":"0","copyright":"","focal_length":"0","iso":"0","shutter_speed":"0","title":"","orientation":"0","keywords":[]}},"post":8276,"source_url":"https:\/\/nuevodigitaldeescobar.com.ar\/wp-content\/uploads\/2024\/09\/andis-e1727134195813.jpg"},"yoast_head":"<!-- This site is optimized with the Yoast SEO plugin v26.1.1 - https:\/\/yoast.com\/wordpress\/plugins\/seo\/ -->\n<title>La auditor\u00eda sobre pensiones por invalidez evidenci\u00f3 el descontrol durante el Gobierno de Alberto Fern\u00e1ndez - Nuevo Digital de Escobar<\/title>\n<meta name=\"robots\" content=\"index, follow, max-snippet:-1, max-image-preview:large, max-video-preview:-1\" \/>\n<link rel=\"canonical\" href=\"https:\/\/nuevodigitaldeescobar.com.ar\/?p=8276\" \/>\n<meta property=\"og:locale\" content=\"es_ES\" \/>\n<meta property=\"og:type\" content=\"article\" \/>\n<meta property=\"og:title\" content=\"La auditor\u00eda sobre pensiones por invalidez evidenci\u00f3 el descontrol durante el Gobierno de Alberto Fern\u00e1ndez - Nuevo Digital de Escobar\" \/>\n<meta property=\"og:description\" content=\"Entre las numerosas irregularidades, se detectaron individuos que cobraban pensi\u00f3n por discapacidad mientras cumpl\u00edan condena en la c\u00e1rcel.\" \/>\n<meta property=\"og:url\" content=\"https:\/\/nuevodigitaldeescobar.com.ar\/?p=8276\" \/>\n<meta property=\"og:site_name\" content=\"Nuevo Digital de Escobar\" \/>\n<meta property=\"article:publisher\" content=\"https:\/\/www.facebook.com\/NUEVODigitalDeEscobar\" \/>\n<meta property=\"article:published_time\" content=\"2024-09-24T10:00:00+00:00\" \/>\n<meta property=\"article:modified_time\" content=\"2024-09-24T13:27:07+00:00\" \/>\n<meta property=\"og:image\" content=\"https:\/\/nuevodigitaldeescobar.com.ar\/wp-content\/uploads\/2024\/09\/andis-e1727134195813.jpg\" \/>\n\t<meta property=\"og:image:width\" content=\"720\" \/>\n\t<meta property=\"og:image:height\" content=\"435\" \/>\n\t<meta property=\"og:image:type\" content=\"image\/jpeg\" \/>\n<meta name=\"author\" content=\"Redacci\u00f3n\" \/>\n<meta name=\"twitter:card\" content=\"summary_large_image\" \/>\n<meta name=\"twitter:creator\" content=\"@nuevodigescobar\" \/>\n<meta name=\"twitter:site\" content=\"@nuevodigescobar\" \/>\n<meta name=\"twitter:label1\" content=\"Escrito por\" \/>\n\t<meta name=\"twitter:data1\" content=\"Redacci\u00f3n\" \/>\n\t<meta name=\"twitter:label2\" content=\"Tiempo de lectura\" \/>\n\t<meta name=\"twitter:data2\" content=\"3 minutos\" \/>\n<script type=\"application\/ld+json\" class=\"yoast-schema-graph\">{\"@context\":\"https:\/\/schema.org\",\"@graph\":[{\"@type\":\"Article\",\"@id\":\"https:\/\/nuevodigitaldeescobar.com.ar\/?p=8276#article\",\"isPartOf\":{\"@id\":\"https:\/\/nuevodigitaldeescobar.com.ar\/?p=8276\"},\"author\":{\"name\":\"Redacci\u00f3n\",\"@id\":\"https:\/\/nuevodigitaldeescobar.com.ar\/#\/schema\/person\/035e90a8efe9a80e6eec22656ad6ea4c\"},\"headline\":\"La auditor\u00eda sobre pensiones por invalidez evidenci\u00f3 el descontrol durante el Gobierno de Alberto Fern\u00e1ndez\",\"datePublished\":\"2024-09-24T10:00:00+00:00\",\"dateModified\":\"2024-09-24T13:27:07+00:00\",\"mainEntityOfPage\":{\"@id\":\"https:\/\/nuevodigitaldeescobar.com.ar\/?p=8276\"},\"wordCount\":531,\"commentCount\":0,\"publisher\":{\"@id\":\"https:\/\/nuevodigitaldeescobar.com.ar\/#organization\"},\"image\":{\"@id\":\"https:\/\/nuevodigitaldeescobar.com.ar\/?p=8276#primaryimage\"},\"thumbnailUrl\":\"https:\/\/nuevodigitaldeescobar.com.ar\/wp-content\/uploads\/2024\/09\/andis-e1727134195813.jpg\",\"articleSection\":[\"Judiciales\",\"Nacionales\",\"Pol\u00edtica\"],\"inLanguage\":\"es\",\"potentialAction\":[{\"@type\":\"CommentAction\",\"name\":\"Comment\",\"target\":[\"https:\/\/nuevodigitaldeescobar.com.ar\/?p=8276#respond\"]}]},{\"@type\":\"WebPage\",\"@id\":\"https:\/\/nuevodigitaldeescobar.com.ar\/?p=8276\",\"url\":\"https:\/\/nuevodigitaldeescobar.com.ar\/?p=8276\",\"name\":\"La auditor\u00eda sobre pensiones por invalidez evidenci\u00f3 el descontrol durante el Gobierno de Alberto Fern\u00e1ndez - Nuevo Digital de Escobar\",\"isPartOf\":{\"@id\":\"https:\/\/nuevodigitaldeescobar.com.ar\/#website\"},\"primaryImageOfPage\":{\"@id\":\"https:\/\/nuevodigitaldeescobar.com.ar\/?p=8276#primaryimage\"},\"image\":{\"@id\":\"https:\/\/nuevodigitaldeescobar.com.ar\/?p=8276#primaryimage\"},\"thumbnailUrl\":\"https:\/\/nuevodigitaldeescobar.com.ar\/wp-content\/uploads\/2024\/09\/andis-e1727134195813.jpg\",\"datePublished\":\"2024-09-24T10:00:00+00:00\",\"dateModified\":\"2024-09-24T13:27:07+00:00\",\"breadcrumb\":{\"@id\":\"https:\/\/nuevodigitaldeescobar.com.ar\/?p=8276#breadcrumb\"},\"inLanguage\":\"es\",\"potentialAction\":[{\"@type\":\"ReadAction\",\"target\":[\"https:\/\/nuevodigitaldeescobar.com.ar\/?p=8276\"]}]},{\"@type\":\"ImageObject\",\"inLanguage\":\"es\",\"@id\":\"https:\/\/nuevodigitaldeescobar.com.ar\/?p=8276#primaryimage\",\"url\":\"https:\/\/nuevodigitaldeescobar.com.ar\/wp-content\/uploads\/2024\/09\/andis-e1727134195813.jpg\",\"contentUrl\":\"https:\/\/nuevodigitaldeescobar.com.ar\/wp-content\/uploads\/2024\/09\/andis-e1727134195813.jpg\",\"width\":720,\"height\":435},{\"@type\":\"BreadcrumbList\",\"@id\":\"https:\/\/nuevodigitaldeescobar.com.ar\/?p=8276#breadcrumb\",\"itemListElement\":[{\"@type\":\"ListItem\",\"position\":1,\"name\":\"Portada\",\"item\":\"https:\/\/nuevodigitaldeescobar.com.ar\/\"},{\"@type\":\"ListItem\",\"position\":2,\"name\":\"La auditor\u00eda sobre pensiones por invalidez evidenci\u00f3 el descontrol durante el Gobierno de Alberto Fern\u00e1ndez\"}]},{\"@type\":\"WebSite\",\"@id\":\"https:\/\/nuevodigitaldeescobar.com.ar\/#website\",\"url\":\"https:\/\/nuevodigitaldeescobar.com.ar\/\",\"name\":\"Nuevo Digital de Escobar\",\"description\":\"La vida escobarense. Directora: Rosana Brunner\",\"publisher\":{\"@id\":\"https:\/\/nuevodigitaldeescobar.com.ar\/#organization\"},\"potentialAction\":[{\"@type\":\"SearchAction\",\"target\":{\"@type\":\"EntryPoint\",\"urlTemplate\":\"https:\/\/nuevodigitaldeescobar.com.ar\/?s={search_term_string}\"},\"query-input\":{\"@type\":\"PropertyValueSpecification\",\"valueRequired\":true,\"valueName\":\"search_term_string\"}}],\"inLanguage\":\"es\"},{\"@type\":\"Organization\",\"@id\":\"https:\/\/nuevodigitaldeescobar.com.ar\/#organization\",\"name\":\"Nuevo Digital de Escobar\",\"url\":\"https:\/\/nuevodigitaldeescobar.com.ar\/\",\"logo\":{\"@type\":\"ImageObject\",\"inLanguage\":\"es\",\"@id\":\"https:\/\/nuevodigitaldeescobar.com.ar\/#\/schema\/logo\/image\/\",\"url\":\"https:\/\/nuevodigitaldeescobar.com.ar\/wp-content\/uploads\/2025\/05\/cropped-logo-nuevo2.jpg\",\"contentUrl\":\"https:\/\/nuevodigitaldeescobar.com.ar\/wp-content\/uploads\/2025\/05\/cropped-logo-nuevo2.jpg\",\"width\":305,\"height\":305,\"caption\":\"Nuevo Digital de Escobar\"},\"image\":{\"@id\":\"https:\/\/nuevodigitaldeescobar.com.ar\/#\/schema\/logo\/image\/\"},\"sameAs\":[\"https:\/\/www.facebook.com\/NUEVODigitalDeEscobar\",\"https:\/\/x.com\/nuevodigescobar\",\"https:\/\/www.instagram.com\/nuevodigitaldeescobar\"]},{\"@type\":\"Person\",\"@id\":\"https:\/\/nuevodigitaldeescobar.com.ar\/#\/schema\/person\/035e90a8efe9a80e6eec22656ad6ea4c\",\"name\":\"Redacci\u00f3n\",\"image\":{\"@type\":\"ImageObject\",\"inLanguage\":\"es\",\"@id\":\"https:\/\/nuevodigitaldeescobar.com.ar\/#\/schema\/person\/image\/\",\"url\":\"https:\/\/secure.gravatar.com\/avatar\/8af8f40000c24e9eef3034f2be5998a372bb1389e64b1a4a36b3a7979142220d?s=96&d=mm&r=g\",\"contentUrl\":\"https:\/\/secure.gravatar.com\/avatar\/8af8f40000c24e9eef3034f2be5998a372bb1389e64b1a4a36b3a7979142220d?s=96&d=mm&r=g\",\"caption\":\"Redacci\u00f3n\"},\"sameAs\":[\"http:\/\/nuevodigitaldeescobar.com.ar\"],\"url\":\"https:\/\/nuevodigitaldeescobar.com.ar\/?author=1\"}]}<\/script>\n<!-- \/ Yoast SEO plugin. -->","yoast_head_json":{"title":"La auditor\u00eda sobre pensiones por invalidez evidenci\u00f3 el descontrol durante el Gobierno de Alberto Fern\u00e1ndez - Nuevo Digital de Escobar","robots":{"index":"index","follow":"follow","max-snippet":"max-snippet:-1","max-image-preview":"max-image-preview:large","max-video-preview":"max-video-preview:-1"},"canonical":"https:\/\/nuevodigitaldeescobar.com.ar\/?p=8276","og_locale":"es_ES","og_type":"article","og_title":"La auditor\u00eda sobre pensiones por invalidez evidenci\u00f3 el descontrol durante el Gobierno de Alberto Fern\u00e1ndez - Nuevo Digital de Escobar","og_description":"Entre las numerosas irregularidades, se detectaron individuos que cobraban pensi\u00f3n por discapacidad mientras cumpl\u00edan condena en la c\u00e1rcel.","og_url":"https:\/\/nuevodigitaldeescobar.com.ar\/?p=8276","og_site_name":"Nuevo Digital de Escobar","article_publisher":"https:\/\/www.facebook.com\/NUEVODigitalDeEscobar","article_published_time":"2024-09-24T10:00:00+00:00","article_modified_time":"2024-09-24T13:27:07+00:00","og_image":[{"width":720,"height":435,"url":"https:\/\/nuevodigitaldeescobar.com.ar\/wp-content\/uploads\/2024\/09\/andis-e1727134195813.jpg","type":"image\/jpeg"}],"author":"Redacci\u00f3n","twitter_card":"summary_large_image","twitter_creator":"@nuevodigescobar","twitter_site":"@nuevodigescobar","twitter_misc":{"Escrito por":"Redacci\u00f3n","Tiempo de lectura":"3 minutos"},"schema":{"@context":"https:\/\/schema.org","@graph":[{"@type":"Article","@id":"https:\/\/nuevodigitaldeescobar.com.ar\/?p=8276#article","isPartOf":{"@id":"https:\/\/nuevodigitaldeescobar.com.ar\/?p=8276"},"author":{"name":"Redacci\u00f3n","@id":"https:\/\/nuevodigitaldeescobar.com.ar\/#\/schema\/person\/035e90a8efe9a80e6eec22656ad6ea4c"},"headline":"La auditor\u00eda sobre pensiones por invalidez evidenci\u00f3 el descontrol durante el Gobierno de Alberto Fern\u00e1ndez","datePublished":"2024-09-24T10:00:00+00:00","dateModified":"2024-09-24T13:27:07+00:00","mainEntityOfPage":{"@id":"https:\/\/nuevodigitaldeescobar.com.ar\/?p=8276"},"wordCount":531,"commentCount":0,"publisher":{"@id":"https:\/\/nuevodigitaldeescobar.com.ar\/#organization"},"image":{"@id":"https:\/\/nuevodigitaldeescobar.com.ar\/?p=8276#primaryimage"},"thumbnailUrl":"https:\/\/nuevodigitaldeescobar.com.ar\/wp-content\/uploads\/2024\/09\/andis-e1727134195813.jpg","articleSection":["Judiciales","Nacionales","Pol\u00edtica"],"inLanguage":"es","potentialAction":[{"@type":"CommentAction","name":"Comment","target":["https:\/\/nuevodigitaldeescobar.com.ar\/?p=8276#respond"]}]},{"@type":"WebPage","@id":"https:\/\/nuevodigitaldeescobar.com.ar\/?p=8276","url":"https:\/\/nuevodigitaldeescobar.com.ar\/?p=8276","name":"La auditor\u00eda sobre pensiones por invalidez evidenci\u00f3 el descontrol durante el Gobierno de Alberto Fern\u00e1ndez - Nuevo Digital de Escobar","isPartOf":{"@id":"https:\/\/nuevodigitaldeescobar.com.ar\/#website"},"primaryImageOfPage":{"@id":"https:\/\/nuevodigitaldeescobar.com.ar\/?p=8276#primaryimage"},"image":{"@id":"https:\/\/nuevodigitaldeescobar.com.ar\/?p=8276#primaryimage"},"thumbnailUrl":"https:\/\/nuevodigitaldeescobar.com.ar\/wp-content\/uploads\/2024\/09\/andis-e1727134195813.jpg","datePublished":"2024-09-24T10:00:00+00:00","dateModified":"2024-09-24T13:27:07+00:00","breadcrumb":{"@id":"https:\/\/nuevodigitaldeescobar.com.ar\/?p=8276#breadcrumb"},"inLanguage":"es","potentialAction":[{"@type":"ReadAction","target":["https:\/\/nuevodigitaldeescobar.com.ar\/?p=8276"]}]},{"@type":"ImageObject","inLanguage":"es","@id":"https:\/\/nuevodigitaldeescobar.com.ar\/?p=8276#primaryimage","url":"https:\/\/nuevodigitaldeescobar.com.ar\/wp-content\/uploads\/2024\/09\/andis-e1727134195813.jpg","contentUrl":"https:\/\/nuevodigitaldeescobar.com.ar\/wp-content\/uploads\/2024\/09\/andis-e1727134195813.jpg","width":720,"height":435},{"@type":"BreadcrumbList","@id":"https:\/\/nuevodigitaldeescobar.com.ar\/?p=8276#breadcrumb","itemListElement":[{"@type":"ListItem","position":1,"name":"Portada","item":"https:\/\/nuevodigitaldeescobar.com.ar\/"},{"@type":"ListItem","position":2,"name":"La auditor\u00eda sobre pensiones por invalidez evidenci\u00f3 el descontrol durante el Gobierno de Alberto Fern\u00e1ndez"}]},{"@type":"WebSite","@id":"https:\/\/nuevodigitaldeescobar.com.ar\/#website","url":"https:\/\/nuevodigitaldeescobar.com.ar\/","name":"Nuevo Digital de Escobar","description":"La vida escobarense. Directora: Rosana Brunner","publisher":{"@id":"https:\/\/nuevodigitaldeescobar.com.ar\/#organization"},"potentialAction":[{"@type":"SearchAction","target":{"@type":"EntryPoint","urlTemplate":"https:\/\/nuevodigitaldeescobar.com.ar\/?s={search_term_string}"},"query-input":{"@type":"PropertyValueSpecification","valueRequired":true,"valueName":"search_term_string"}}],"inLanguage":"es"},{"@type":"Organization","@id":"https:\/\/nuevodigitaldeescobar.com.ar\/#organization","name":"Nuevo Digital de Escobar","url":"https:\/\/nuevodigitaldeescobar.com.ar\/","logo":{"@type":"ImageObject","inLanguage":"es","@id":"https:\/\/nuevodigitaldeescobar.com.ar\/#\/schema\/logo\/image\/","url":"https:\/\/nuevodigitaldeescobar.com.ar\/wp-content\/uploads\/2025\/05\/cropped-logo-nuevo2.jpg","contentUrl":"https:\/\/nuevodigitaldeescobar.com.ar\/wp-content\/uploads\/2025\/05\/cropped-logo-nuevo2.jpg","width":305,"height":305,"caption":"Nuevo Digital de Escobar"},"image":{"@id":"https:\/\/nuevodigitaldeescobar.com.ar\/#\/schema\/logo\/image\/"},"sameAs":["https:\/\/www.facebook.com\/NUEVODigitalDeEscobar","https:\/\/x.com\/nuevodigescobar","https:\/\/www.instagram.com\/nuevodigitaldeescobar"]},{"@type":"Person","@id":"https:\/\/nuevodigitaldeescobar.com.ar\/#\/schema\/person\/035e90a8efe9a80e6eec22656ad6ea4c","name":"Redacci\u00f3n","image":{"@type":"ImageObject","inLanguage":"es","@id":"https:\/\/nuevodigitaldeescobar.com.ar\/#\/schema\/person\/image\/","url":"https:\/\/secure.gravatar.com\/avatar\/8af8f40000c24e9eef3034f2be5998a372bb1389e64b1a4a36b3a7979142220d?s=96&d=mm&r=g","contentUrl":"https:\/\/secure.gravatar.com\/avatar\/8af8f40000c24e9eef3034f2be5998a372bb1389e64b1a4a36b3a7979142220d?s=96&d=mm&r=g","caption":"Redacci\u00f3n"},"sameAs":["http:\/\/nuevodigitaldeescobar.com.ar"],"url":"https:\/\/nuevodigitaldeescobar.com.ar\/?author=1"}]}},"featured_image_urls":{"full":["https:\/\/nuevodigitaldeescobar.com.ar\/wp-content\/uploads\/2024\/09\/andis-e1727134195813.jpg",720,435,false],"thumbnail":["https:\/\/nuevodigitaldeescobar.com.ar\/wp-content\/uploads\/2024\/09\/andis-e1727134195813-150x150.jpg",150,150,true],"medium":["https:\/\/nuevodigitaldeescobar.com.ar\/wp-content\/uploads\/2024\/09\/andis-e1727134195813-300x181.jpg",300,181,true],"medium_large":["https:\/\/nuevodigitaldeescobar.com.ar\/wp-content\/uploads\/2024\/09\/andis-768x576.jpg",640,480,true],"large":["https:\/\/nuevodigitaldeescobar.com.ar\/wp-content\/uploads\/2024\/09\/andis-e1727134195813.jpg",640,387,false],"1536x1536":["https:\/\/nuevodigitaldeescobar.com.ar\/wp-content\/uploads\/2024\/09\/andis-e1727134195813.jpg",720,435,false],"2048x2048":["https:\/\/nuevodigitaldeescobar.com.ar\/wp-content\/uploads\/2024\/09\/andis-e1727134195813.jpg",720,435,false]},"author_info":{"display_name":"Redacci\u00f3n","author_link":"https:\/\/nuevodigitaldeescobar.com.ar\/?author=1"},"category_info":"<a href=\"https:\/\/nuevodigitaldeescobar.com.ar\/?cat=235\" rel=\"category\">Judiciales<\/a> <a href=\"https:\/\/nuevodigitaldeescobar.com.ar\/?cat=61\" rel=\"category\">Nacionales<\/a> <a href=\"https:\/\/nuevodigitaldeescobar.com.ar\/?cat=6\" rel=\"category\">Pol\u00edtica<\/a>","tag_info":"Pol\u00edtica","comment_count":"0","_links":{"self":[{"href":"https:\/\/nuevodigitaldeescobar.com.ar\/index.php?rest_route=\/wp\/v2\/posts\/8276","targetHints":{"allow":["GET"]}}],"collection":[{"href":"https:\/\/nuevodigitaldeescobar.com.ar\/index.php?rest_route=\/wp\/v2\/posts"}],"about":[{"href":"https:\/\/nuevodigitaldeescobar.com.ar\/index.php?rest_route=\/wp\/v2\/types\/post"}],"author":[{"embeddable":true,"href":"https:\/\/nuevodigitaldeescobar.com.ar\/index.php?rest_route=\/wp\/v2\/users\/1"}],"replies":[{"embeddable":true,"href":"https:\/\/nuevodigitaldeescobar.com.ar\/index.php?rest_route=%2Fwp%2Fv2%2Fcomments&post=8276"}],"version-history":[{"count":2,"href":"https:\/\/nuevodigitaldeescobar.com.ar\/index.php?rest_route=\/wp\/v2\/posts\/8276\/revisions"}],"predecessor-version":[{"id":8279,"href":"https:\/\/nuevodigitaldeescobar.com.ar\/index.php?rest_route=\/wp\/v2\/posts\/8276\/revisions\/8279"}],"wp:featuredmedia":[{"embeddable":true,"href":"https:\/\/nuevodigitaldeescobar.com.ar\/index.php?rest_route=\/wp\/v2\/media\/8277"}],"wp:attachment":[{"href":"https:\/\/nuevodigitaldeescobar.com.ar\/index.php?rest_route=%2Fwp%2Fv2%2Fmedia&parent=8276"}],"wp:term":[{"taxonomy":"category","embeddable":true,"href":"https:\/\/nuevodigitaldeescobar.com.ar\/index.php?rest_route=%2Fwp%2Fv2%2Fcategories&post=8276"},{"taxonomy":"post_tag","embeddable":true,"href":"https:\/\/nuevodigitaldeescobar.com.ar\/index.php?rest_route=%2Fwp%2Fv2%2Ftags&post=8276"}],"curies":[{"name":"wp","href":"https:\/\/api.w.org\/{rel}","templated":true}]}}